{"id":9030,"date":"2021-06-15T14:07:59","date_gmt":"2021-06-15T14:07:59","guid":{"rendered":"https:\/\/www.africa-press.net\/cotedivoire\/?p=9030"},"modified":"2021-06-15T13:58:05","modified_gmt":"2021-06-15T13:58:05","slug":"la-cote-divoire-soutient-linitiative-marocaine-dautonomie-dans-la-question-du-sahara","status":"publish","type":"post","link":"https:\/\/www.africa-press.net\/cotedivoire\/politique\/la-cote-divoire-soutient-linitiative-marocaine-dautonomie-dans-la-question-du-sahara","title":{"rendered":"La C\u00f4te d\u2019Ivoire soutient l\u2019initiative marocaine d\u2019autonomie dans la question du Sahara"},"content":{"rendered":"<p><span style=\"color: #ff6600\"><strong><a href=\"https:\/\/www.africa-press.net\/\">Africa-Press<\/a> &#8211; <a href=\"https:\/\/www.africa-press.net\/cotedivoire\">C\u00f4te d&rsquo;Ivoire<\/a>. <\/strong><\/span>Devant le Comit\u00e9 des 24 de l\u2019Assembl\u00e9e g\u00e9n\u00e9rale de l\u2019Onu, la C\u00f4te d\u2019Ivoire a affirm\u00e9 lundi que l\u2019initiative marocaine d\u2019autonomie, en tant que solution \u00e0 la question du Sahara, est conforme au droit international, aux r\u00e9solutions du Conseil de s\u00e9curit\u00e9 et de l\u2019Assembl\u00e9e g\u00e9n\u00e9rale des Nations unies.<\/p>\n<p>\u00abLa C\u00f4te d\u2019Ivoire salue les efforts du Maroc, notamment son initiative d\u2019autonomie au Sahara visant \u00e0 parvenir \u00e0 une solution politique n\u00e9goci\u00e9e et mutuellement acceptable, bas\u00e9e sur le r\u00e9alisme, comme recommand\u00e9 par les r\u00e9solutions pertinentes du Conseil de s\u00e9curit\u00e9\u00bb, a soulign\u00e9 devant le Comit\u00e9, l\u2019ambassadeur Repr\u00e9sentant permanent adjoint de la C\u00f4te d\u2019Ivoire \u00e0 l\u2019Onu, Ibrahima Toure.<\/p>\n<p>Il a \u00e9galement affirm\u00e9 que son pays \u00abappr\u00e9cie\u00bb le nouveau mod\u00e8le de d\u00e9veloppement au Sahara lanc\u00e9 en 2015 et devant conduire \u00e0 \u00abl\u2019autonomisation politique, \u00e9conomique, sociale et culturelle\u00bb des habitants de cette r\u00e9gion, tout en saluant les efforts du Maroc visant \u00e0 promouvoir les droits de l\u2019homme au Sahara, ainsi que ses actions en faveur d\u2019un large acc\u00e8s des populations locales au vaccin contre la Covid-19.<\/p>\n<p>\u00abToutes ces actions t\u00e9moignent de la cr\u00e9dibilit\u00e9 de l\u2019initiative de large autonomie au Sahara pr\u00e9sent\u00e9e par le Maroc, et \u00e0 laquelle la C\u00f4te d\u2019Ivoire r\u00e9it\u00e8re son ferme soutien\u00bb, a d\u00e9clar\u00e9 le diplomate.<\/p>\n<p>Il a de m\u00eame renouvel\u00e9 le plein soutien de son pays au processus politique exclusivement onusien men\u00e9 sous les auspices du Secr\u00e9taire g\u00e9n\u00e9ral, tout en se f\u00e9licitant des \u00abavanc\u00e9es notables\u00bb enregistr\u00e9es par l\u2019ancien Envoy\u00e9 personnel du Secr\u00e9taire g\u00e9n\u00e9ral pour le Sahara, Horst Kholer, dont les bons offices ont permis notamment, la tenue de deux tables rondes, en d\u00e9cembre 2018 et mars 2019 en Suisse, avec la participation de l\u2019Alg\u00e9rie, du Maroc, de la Mauritanie et du \u00ab polisario \u00bb.<\/p>\n<p>\u00abMon pays reste par cons\u00e9quent optimiste quant \u00e0 l\u2019engagement exprim\u00e9 lors des deux premi\u00e8res rencontres en Suisse par les parties prenantes \u00e0 participer \u00e0 une troisi\u00e8me, dans le m\u00eame format, en vue d\u2019approfondir le d\u00e9bat sur les \u00e9l\u00e9ments de convergence\u00bb, a dit le repr\u00e9sentant ivoirien.<\/p>\n<p>Et de noter que dans cette perspective, la nomination d\u2019un envoy\u00e9 personnel du Secr\u00e9taire g\u00e9n\u00e9ral est vivement souhait\u00e9e afin de poursuivre et de consolider la dynamique positive enclench\u00e9e par son pr\u00e9d\u00e9cesseur.<\/p>\n<p>\u00abMa d\u00e9l\u00e9gation estime en effet qu\u2019il est n\u00e9cessaire, dans l\u2019int\u00e9r\u00eat des parties et des \u00c9tats de la r\u00e9gion, que les n\u00e9gociations sur le diff\u00e9rend du Sahara se poursuivent et aboutissent \u00e0 une solution juste et durable, qui tire sa l\u00e9gitimit\u00e9 internationale des r\u00e9solutions pertinentes du Conseil de s\u00e9curit\u00e9 des Nations unies\u00a0\u00bb, a-t-il poursuivi.<\/p>\n<p>\u00abCette solution politique que nous appelons de tous nos v\u0153ux constitue le chemin vertueux qui devrait conduire au r\u00e8glement pacifique de ce diff\u00e9rend r\u00e9gional de longue date. Elle devrait contribuer au renforcement de la coop\u00e9ration entre les \u00c9tats membres de l\u2019Union du Maghreb arabe, \u00e0 la stabilit\u00e9 et \u00e0 la s\u00e9curit\u00e9 de la r\u00e9gion du Sahel, sans compter ses retomb\u00e9es en mati\u00e8re de d\u00e9veloppement socio-\u00e9conomique de cette zone et de bien-\u00eatre de ses populations\u00bb, a-t-il pr\u00e9cis\u00e9.<\/p>\n<p>Le diplomate ivoirien a ainsi soutenu les appels pressants du Secr\u00e9taire g\u00e9n\u00e9ral de l&rsquo;Onu \u00e0 toutes les parties, afin qu\u2019elles s\u2019abstiennent de toutes actions de nature \u00e0 entraver le trafic commercial et civil, et a salu\u00e9 \u00e0 cet effet l\u2019action pacifique men\u00e9e par le Maroc le 13 novembre 2020, en vue d\u2019assurer la libre circulation dans le passage de Guerguerate.<\/p>\n","protected":false},"excerpt":{"rendered":"<p>Africa-Press &#8211; C\u00f4te d&rsquo;Ivoire. Devant le Comit\u00e9 des 24 de l\u2019Assembl\u00e9e g\u00e9n\u00e9rale de l\u2019Onu, la C\u00f4te d\u2019Ivoire a affirm\u00e9 lundi que l\u2019initiative marocaine d\u2019autonomie, en tant que solution \u00e0 la question du Sahara, est conforme au droit international, aux r\u00e9solutions du Conseil de s\u00e9curit\u00e9 et de l\u2019Assembl\u00e9e g\u00e9n\u00e9rale des Nations unies. \u00abLa C\u00f4te d\u2019Ivoire salue [&hellip;]<\/p>\n","protected":false},"author":82,"featured_media":9029,"comment_status":"open","ping_status":"closed","sticky":false,"template":"","format":"standard","meta":{"footnotes":""},"categories":[11,2,20,10],"tags":[56,63,29],"class_list":["post-9030","post","type-post","status-publish","format-standard","has-post-thumbnail","hentry","category-homepage-french","category-politique","category-top-nouvelles","category-toutes-les-actualites","tag-africa-press","tag-africa-press-cote-divoire","tag-cote-divoire"],"yoast_head":"<!-- This site is optimized with the Yoast SEO Premium plugin v26.1 (Yoast SEO v27.0) - https:\/\/yoast.com\/product\/yoast-seo-premium-wordpress\/ -->\n<title>La C\u00f4te d\u2019Ivoire soutient l\u2019initiative marocaine d\u2019autonomie dans la question du Sahara - C\u00f4te d&#039;Ivoire<\/title>\n<meta name=\"description\" content=\"Devant le Comit\u00e9 des 24 de l\u2019Assembl\u00e9e g\u00e9n\u00e9rale de l\u2019Onu, la C\u00f4te d\u2019Ivoire a affirm\u00e9 lundi que l\u2019initiative marocaine d\u2019 ...\" \/>\n<meta name=\"robots\" content=\"index, follow, max-snippet:-1, max-image-preview:large, max-video-preview:-1\" \/>\n<link rel=\"canonical\" href=\"https:\/\/www.africa-press.net\/cotedivoire\/politique\/la-cote-divoire-soutient-linitiative-marocaine-dautonomie-dans-la-question-du-sahara\" \/>\n<meta property=\"og:locale\" content=\"fr_FR\" \/>\n<meta property=\"og:type\" content=\"article\" \/>\n<meta property=\"og:title\" content=\"La C\u00f4te d\u2019Ivoire soutient l\u2019initiative marocaine d\u2019autonomie dans la question du Sahara\" \/>\n<meta property=\"og:description\" content=\"Devant le Comit\u00e9 des 24 de l\u2019Assembl\u00e9e g\u00e9n\u00e9rale de l\u2019Onu, la C\u00f4te d\u2019Ivoire a affirm\u00e9 lundi que l\u2019initiative marocaine d\u2019 ...\" \/>\n<meta property=\"og:url\" content=\"https:\/\/www.africa-press.net\/cotedivoire\/politique\/la-cote-divoire-soutient-linitiative-marocaine-dautonomie-dans-la-question-du-sahara\" \/>\n<meta property=\"og:site_name\" content=\"C\u00f4te d&#039;Ivoire\" \/>\n<meta property=\"article:published_time\" content=\"2021-06-15T14:07:59+00:00\" \/>\n<meta property=\"og:image\" content=\"https:\/\/static.africa-press.net\/cote\/sites\/43\/2021\/06\/img-60c8a29e4ca96.jpg\" \/>\n\t<meta property=\"og:image:width\" content=\"720\" \/>\n\t<meta property=\"og:image:height\" content=\"382\" \/>\n\t<meta property=\"og:image:type\" content=\"image\/jpeg\" \/>\n<meta name=\"author\" content=\"cfeditorfr\" \/>\n<meta name=\"twitter:card\" content=\"summary_large_image\" \/>\n<meta name=\"twitter:label1\" content=\"\u00c9crit par\" \/>\n\t<meta name=\"twitter:data1\" content=\"cfeditorfr\" \/>\n\t<meta name=\"twitter:label2\" content=\"Dur\u00e9e de lecture estim\u00e9e\" \/>\n\t<meta name=\"twitter:data2\" content=\"3 minutes\" \/>\n<script type=\"application\/ld+json\" class=\"yoast-schema-graph\">{\"@context\":\"https:\/\/schema.org\",\"@graph\":[{\"@type\":\"Article\",\"@id\":\"https:\/\/www.africa-press.net\/cotedivoire\/politique\/la-cote-divoire-soutient-linitiative-marocaine-dautonomie-dans-la-question-du-sahara#article\",\"isPartOf\":{\"@id\":\"https:\/\/www.africa-press.net\/cotedivoire\/politique\/la-cote-divoire-soutient-linitiative-marocaine-dautonomie-dans-la-question-du-sahara\"},\"author\":{\"name\":\"cfeditorfr\",\"@id\":\"https:\/\/www.africa-press.net\/cotedivoire\/#\/schema\/person\/2b1cf3cd81a31e3cd26889ca66d677f1\"},\"headline\":\"La C\u00f4te d\u2019Ivoire soutient l\u2019initiative marocaine d\u2019autonomie dans la question du Sahara\",\"datePublished\":\"2021-06-15T14:07:59+00:00\",\"mainEntityOfPage\":{\"@id\":\"https:\/\/www.africa-press.net\/cotedivoire\/politique\/la-cote-divoire-soutient-linitiative-marocaine-dautonomie-dans-la-question-du-sahara\"},\"wordCount\":657,\"commentCount\":0,\"image\":{\"@id\":\"https:\/\/www.africa-press.net\/cotedivoire\/politique\/la-cote-divoire-soutient-linitiative-marocaine-dautonomie-dans-la-question-du-sahara#primaryimage\"},\"thumbnailUrl\":\"https:\/\/static.africa-press.net\/cote\/sites\/43\/2021\/06\/img-60c8a29e4ca96.jpg\",\"keywords\":[\"Africa Press\",\"Africa Press-C\u00f4te d'Ivoire\",\"C\u00d4TE D'IVOIRE\"],\"articleSection\":[\"homepage-french\",\"Politique\",\"Top Nouvelles\",\"Toutes les actualit\u00e9s\"],\"inLanguage\":\"fr-FR\",\"potentialAction\":[{\"@type\":\"CommentAction\",\"name\":\"Comment\",\"target\":[\"https:\/\/www.africa-press.net\/cotedivoire\/politique\/la-cote-divoire-soutient-linitiative-marocaine-dautonomie-dans-la-question-du-sahara#respond\"]}]},{\"@type\":\"WebPage\",\"@id\":\"https:\/\/www.africa-press.net\/cotedivoire\/politique\/la-cote-divoire-soutient-linitiative-marocaine-dautonomie-dans-la-question-du-sahara\",\"url\":\"https:\/\/www.africa-press.net\/cotedivoire\/politique\/la-cote-divoire-soutient-linitiative-marocaine-dautonomie-dans-la-question-du-sahara\",\"name\":\"La C\u00f4te d\u2019Ivoire soutient l\u2019initiative marocaine d\u2019autonomie dans la question du Sahara - C\u00f4te d&#039;Ivoire\",\"isPartOf\":{\"@id\":\"https:\/\/www.africa-press.net\/cotedivoire\/#website\"},\"primaryImageOfPage\":{\"@id\":\"https:\/\/www.africa-press.net\/cotedivoire\/politique\/la-cote-divoire-soutient-linitiative-marocaine-dautonomie-dans-la-question-du-sahara#primaryimage\"},\"image\":{\"@id\":\"https:\/\/www.africa-press.net\/cotedivoire\/politique\/la-cote-divoire-soutient-linitiative-marocaine-dautonomie-dans-la-question-du-sahara#primaryimage\"},\"thumbnailUrl\":\"https:\/\/static.africa-press.net\/cote\/sites\/43\/2021\/06\/img-60c8a29e4ca96.jpg\",\"datePublished\":\"2021-06-15T14:07:59+00:00\",\"author\":{\"@id\":\"https:\/\/www.africa-press.net\/cotedivoire\/#\/schema\/person\/2b1cf3cd81a31e3cd26889ca66d677f1\"},\"description\":\"Devant le Comit\u00e9 des 24 de l\u2019Assembl\u00e9e g\u00e9n\u00e9rale de l\u2019Onu, la C\u00f4te d\u2019Ivoire a affirm\u00e9 lundi que l\u2019initiative marocaine d\u2019 ...\",\"breadcrumb\":{\"@id\":\"https:\/\/www.africa-press.net\/cotedivoire\/politique\/la-cote-divoire-soutient-linitiative-marocaine-dautonomie-dans-la-question-du-sahara#breadcrumb\"},\"inLanguage\":\"fr-FR\",\"potentialAction\":[{\"@type\":\"ReadAction\",\"target\":[\"https:\/\/www.africa-press.net\/cotedivoire\/politique\/la-cote-divoire-soutient-linitiative-marocaine-dautonomie-dans-la-question-du-sahara\"]}]},{\"@type\":\"ImageObject\",\"inLanguage\":\"fr-FR\",\"@id\":\"https:\/\/www.africa-press.net\/cotedivoire\/politique\/la-cote-divoire-soutient-linitiative-marocaine-dautonomie-dans-la-question-du-sahara#primaryimage\",\"url\":\"https:\/\/static.africa-press.net\/cote\/sites\/43\/2021\/06\/img-60c8a29e4ca96.jpg\",\"contentUrl\":\"https:\/\/static.africa-press.net\/cote\/sites\/43\/2021\/06\/img-60c8a29e4ca96.jpg\",\"width\":720,\"height\":382,\"caption\":\"La C\u00f4te d\u2019Ivoire soutient l\u2019initiative marocaine d\u2019autonomie dans la question du Sahara\"},{\"@type\":\"BreadcrumbList\",\"@id\":\"https:\/\/www.africa-press.net\/cotedivoire\/politique\/la-cote-divoire-soutient-linitiative-marocaine-dautonomie-dans-la-question-du-sahara#breadcrumb\",\"itemListElement\":[{\"@type\":\"ListItem\",\"position\":1,\"name\":\"Accueil\",\"item\":\"https:\/\/www.africa-press.net\/cotedivoire\/\"},{\"@type\":\"ListItem\",\"position\":2,\"name\":\"La C\u00f4te d\u2019Ivoire soutient l\u2019initiative marocaine d\u2019autonomie dans la question du Sahara\"}]},{\"@type\":\"WebSite\",\"@id\":\"https:\/\/www.africa-press.net\/cotedivoire\/#website\",\"url\":\"https:\/\/www.africa-press.net\/cotedivoire\/\",\"name\":\"C\u00f4te d&#039;Ivoire\",\"description\":\"Just another Africa News Agency Sites site\",\"potentialAction\":[{\"@type\":\"SearchAction\",\"target\":{\"@type\":\"EntryPoint\",\"urlTemplate\":\"https:\/\/www.africa-press.net\/cotedivoire\/?s={search_term_string}\"},\"query-input\":{\"@type\":\"PropertyValueSpecification\",\"valueRequired\":true,\"valueName\":\"search_term_string\"}}],\"inLanguage\":\"fr-FR\"},{\"@type\":\"Person\",\"@id\":\"https:\/\/www.africa-press.net\/cotedivoire\/#\/schema\/person\/2b1cf3cd81a31e3cd26889ca66d677f1\",\"name\":\"cfeditorfr\"}]}<\/script>\n<!-- \/ Yoast SEO Premium plugin. -->","yoast_head_json":{"title":"La C\u00f4te d\u2019Ivoire soutient l\u2019initiative marocaine d\u2019autonomie dans la question du Sahara - C\u00f4te d&#039;Ivoire","description":"Devant le Comit\u00e9 des 24 de l\u2019Assembl\u00e9e g\u00e9n\u00e9rale de l\u2019Onu, la C\u00f4te d\u2019Ivoire a affirm\u00e9 lundi que l\u2019initiative marocaine d\u2019 ...","robots":{"index":"index","follow":"follow","max-snippet":"max-snippet:-1","max-image-preview":"max-image-preview:large","max-video-preview":"max-video-preview:-1"},"canonical":"https:\/\/www.africa-press.net\/cotedivoire\/politique\/la-cote-divoire-soutient-linitiative-marocaine-dautonomie-dans-la-question-du-sahara","og_locale":"fr_FR","og_type":"article","og_title":"La C\u00f4te d\u2019Ivoire soutient l\u2019initiative marocaine d\u2019autonomie dans la question du Sahara","og_description":"Devant le Comit\u00e9 des 24 de l\u2019Assembl\u00e9e g\u00e9n\u00e9rale de l\u2019Onu, la C\u00f4te d\u2019Ivoire a affirm\u00e9 lundi que l\u2019initiative marocaine d\u2019 ...","og_url":"https:\/\/www.africa-press.net\/cotedivoire\/politique\/la-cote-divoire-soutient-linitiative-marocaine-dautonomie-dans-la-question-du-sahara","og_site_name":"C\u00f4te d&#039;Ivoire","article_published_time":"2021-06-15T14:07:59+00:00","og_image":[{"width":720,"height":382,"url":"https:\/\/static.africa-press.net\/cote\/sites\/43\/2021\/06\/img-60c8a29e4ca96.jpg","type":"image\/jpeg"}],"author":"cfeditorfr","twitter_card":"summary_large_image","twitter_misc":{"\u00c9crit par":"cfeditorfr","Dur\u00e9e de lecture estim\u00e9e":"3 minutes"},"schema":{"@context":"https:\/\/schema.org","@graph":[{"@type":"Article","@id":"https:\/\/www.africa-press.net\/cotedivoire\/politique\/la-cote-divoire-soutient-linitiative-marocaine-dautonomie-dans-la-question-du-sahara#article","isPartOf":{"@id":"https:\/\/www.africa-press.net\/cotedivoire\/politique\/la-cote-divoire-soutient-linitiative-marocaine-dautonomie-dans-la-question-du-sahara"},"author":{"name":"cfeditorfr","@id":"https:\/\/www.africa-press.net\/cotedivoire\/#\/schema\/person\/2b1cf3cd81a31e3cd26889ca66d677f1"},"headline":"La C\u00f4te d\u2019Ivoire soutient l\u2019initiative marocaine d\u2019autonomie dans la question du Sahara","datePublished":"2021-06-15T14:07:59+00:00","mainEntityOfPage":{"@id":"https:\/\/www.africa-press.net\/cotedivoire\/politique\/la-cote-divoire-soutient-linitiative-marocaine-dautonomie-dans-la-question-du-sahara"},"wordCount":657,"commentCount":0,"image":{"@id":"https:\/\/www.africa-press.net\/cotedivoire\/politique\/la-cote-divoire-soutient-linitiative-marocaine-dautonomie-dans-la-question-du-sahara#primaryimage"},"thumbnailUrl":"https:\/\/static.africa-press.net\/cote\/sites\/43\/2021\/06\/img-60c8a29e4ca96.jpg","keywords":["Africa Press","Africa Press-C\u00f4te d'Ivoire","C\u00d4TE D'IVOIRE"],"articleSection":["homepage-french","Politique","Top Nouvelles","Toutes les actualit\u00e9s"],"inLanguage":"fr-FR","potentialAction":[{"@type":"CommentAction","name":"Comment","target":["https:\/\/www.africa-press.net\/cotedivoire\/politique\/la-cote-divoire-soutient-linitiative-marocaine-dautonomie-dans-la-question-du-sahara#respond"]}]},{"@type":"WebPage","@id":"https:\/\/www.africa-press.net\/cotedivoire\/politique\/la-cote-divoire-soutient-linitiative-marocaine-dautonomie-dans-la-question-du-sahara","url":"https:\/\/www.africa-press.net\/cotedivoire\/politique\/la-cote-divoire-soutient-linitiative-marocaine-dautonomie-dans-la-question-du-sahara","name":"La C\u00f4te d\u2019Ivoire soutient l\u2019initiative marocaine d\u2019autonomie dans la question du Sahara - C\u00f4te d&#039;Ivoire","isPartOf":{"@id":"https:\/\/www.africa-press.net\/cotedivoire\/#website"},"primaryImageOfPage":{"@id":"https:\/\/www.africa-press.net\/cotedivoire\/politique\/la-cote-divoire-soutient-linitiative-marocaine-dautonomie-dans-la-question-du-sahara#primaryimage"},"image":{"@id":"https:\/\/www.africa-press.net\/cotedivoire\/politique\/la-cote-divoire-soutient-linitiative-marocaine-dautonomie-dans-la-question-du-sahara#primaryimage"},"thumbnailUrl":"https:\/\/static.africa-press.net\/cote\/sites\/43\/2021\/06\/img-60c8a29e4ca96.jpg","datePublished":"2021-06-15T14:07:59+00:00","author":{"@id":"https:\/\/www.africa-press.net\/cotedivoire\/#\/schema\/person\/2b1cf3cd81a31e3cd26889ca66d677f1"},"description":"Devant le Comit\u00e9 des 24 de l\u2019Assembl\u00e9e g\u00e9n\u00e9rale de l\u2019Onu, la C\u00f4te d\u2019Ivoire a affirm\u00e9 lundi que l\u2019initiative marocaine d\u2019 ...","breadcrumb":{"@id":"https:\/\/www.africa-press.net\/cotedivoire\/politique\/la-cote-divoire-soutient-linitiative-marocaine-dautonomie-dans-la-question-du-sahara#breadcrumb"},"inLanguage":"fr-FR","potentialAction":[{"@type":"ReadAction","target":["https:\/\/www.africa-press.net\/cotedivoire\/politique\/la-cote-divoire-soutient-linitiative-marocaine-dautonomie-dans-la-question-du-sahara"]}]},{"@type":"ImageObject","inLanguage":"fr-FR","@id":"https:\/\/www.africa-press.net\/cotedivoire\/politique\/la-cote-divoire-soutient-linitiative-marocaine-dautonomie-dans-la-question-du-sahara#primaryimage","url":"https:\/\/static.africa-press.net\/cote\/sites\/43\/2021\/06\/img-60c8a29e4ca96.jpg","contentUrl":"https:\/\/static.africa-press.net\/cote\/sites\/43\/2021\/06\/img-60c8a29e4ca96.jpg","width":720,"height":382,"caption":"La C\u00f4te d\u2019Ivoire soutient l\u2019initiative marocaine d\u2019autonomie dans la question du Sahara"},{"@type":"BreadcrumbList","@id":"https:\/\/www.africa-press.net\/cotedivoire\/politique\/la-cote-divoire-soutient-linitiative-marocaine-dautonomie-dans-la-question-du-sahara#breadcrumb","itemListElement":[{"@type":"ListItem","position":1,"name":"Accueil","item":"https:\/\/www.africa-press.net\/cotedivoire\/"},{"@type":"ListItem","position":2,"name":"La C\u00f4te d\u2019Ivoire soutient l\u2019initiative marocaine d\u2019autonomie dans la question du Sahara"}]},{"@type":"WebSite","@id":"https:\/\/www.africa-press.net\/cotedivoire\/#website","url":"https:\/\/www.africa-press.net\/cotedivoire\/","name":"C\u00f4te d&#039;Ivoire","description":"Just another Africa News Agency Sites site","potentialAction":[{"@type":"SearchAction","target":{"@type":"EntryPoint","urlTemplate":"https:\/\/www.africa-press.net\/cotedivoire\/?s={search_term_string}"},"query-input":{"@type":"PropertyValueSpecification","valueRequired":true,"valueName":"search_term_string"}}],"inLanguage":"fr-FR"},{"@type":"Person","@id":"https:\/\/www.africa-press.net\/cotedivoire\/#\/schema\/person\/2b1cf3cd81a31e3cd26889ca66d677f1","name":"cfeditorfr"}]}},"_links":{"self":[{"href":"https:\/\/www.africa-press.net\/cotedivoire\/wp-json\/wp\/v2\/posts\/9030","targetHints":{"allow":["GET"]}}],"collection":[{"href":"https:\/\/www.africa-press.net\/cotedivoire\/wp-json\/wp\/v2\/posts"}],"about":[{"href":"https:\/\/www.africa-press.net\/cotedivoire\/wp-json\/wp\/v2\/types\/post"}],"author":[{"embeddable":true,"href":"https:\/\/www.africa-press.net\/cotedivoire\/wp-json\/wp\/v2\/users\/82"}],"replies":[{"embeddable":true,"href":"https:\/\/www.africa-press.net\/cotedivoire\/wp-json\/wp\/v2\/comments?post=9030"}],"version-history":[{"count":0,"href":"https:\/\/www.africa-press.net\/cotedivoire\/wp-json\/wp\/v2\/posts\/9030\/revisions"}],"wp:featuredmedia":[{"embeddable":true,"href":"https:\/\/www.africa-press.net\/cotedivoire\/wp-json\/wp\/v2\/media\/9029"}],"wp:attachment":[{"href":"https:\/\/www.africa-press.net\/cotedivoire\/wp-json\/wp\/v2\/media?parent=9030"}],"wp:term":[{"taxonomy":"category","embeddable":true,"href":"https:\/\/www.africa-press.net\/cotedivoire\/wp-json\/wp\/v2\/categories?post=9030"},{"taxonomy":"post_tag","embeddable":true,"href":"https:\/\/www.africa-press.net\/cotedivoire\/wp-json\/wp\/v2\/tags?post=9030"}],"curies":[{"name":"wp","href":"https:\/\/api.w.org\/{rel}","templated":true}]}}