{"id":90322,"date":"2024-11-08T19:04:04","date_gmt":"2024-11-08T19:04:04","guid":{"rendered":"https:\/\/www.africa-press.net\/cotedivoire\/politique\/un-nouvel-avocat-general-et-02-nouveaux-magistrats-integrent-la-cour-dappel-de-bouake"},"modified":"2024-11-08T20:16:31","modified_gmt":"2024-11-08T20:16:31","slug":"un-nouvel-avocat-general-et-02-nouveaux-magistrats-integrent-la-cour-dappel-de-bouake","status":"publish","type":"post","link":"https:\/\/www.africa-press.net\/cotedivoire\/politique\/un-nouvel-avocat-general-et-02-nouveaux-magistrats-integrent-la-cour-dappel-de-bouake","title":{"rendered":"Un nouvel Avocat G\u00e9n\u00e9ral et 02 nouveaux magistrats int\u00e8grent la Cour d&rsquo;Appel de Bouak\u00e9"},"content":{"rendered":"<p><span style=\"color: #ff6600\"><strong>Africa-Press &#8211; C\u00f4te d&rsquo;Ivoire. <\/strong><\/span>La salle d\u2019audience de la Cour d\u2019Appel de Bouake\u0301, a servi de cadre a\u0300 la Cour d&rsquo;Appel pour l&rsquo;organisation d&rsquo;une ce\u0301re\u0301monie de\u0301die\u0301e a\u0300 son audience solennelle de rentre\u0301e judiciaire 2024-2025, ce mercredi, 06 Novembre 2024. De\u0300s l\u2019entame de l\u2019audience un nouvel Avocat Ge\u0301ne\u0301ral a e\u0301te\u0301 pre\u0301sente\u0301 et 02 nouveaux magistrats ont pre\u0302te\u0301 serment. Plusieurs autorite\u0301s judiciaires, administratives et politiques e\u0301taient pre\u0301sentes dont le ministre gouverneur du District de la Valle\u0301e du Bandama, Jean Claude Kouassi.<\/p>\n<p>Pre\u0301ce\u0301demment juge d\u2019instruction, Ouattara Gadio Ben Yahia, en poste a\u0300 la cour d\u2019appel de Daloa, a e\u0301te\u0301 nomme\u0301 Avocat Ge\u0301ne\u0301ral avec prise de fonction a\u0300 la cour d\u2019Appel de Bouake\u0301, a e\u0301te\u0301 pre\u0301sente\u0301. 02 autres nouveaux magistrats, apre\u0300s leur prestation de serment, ont e\u0301te\u0301 installe\u0301s dans leur fonction. Il s\u2019agit de M. Zahore\u0301 Zagol Armand Serge et Mme Tchimou Chiadon Yasmine Delyra issus de l\u2019Institut National de Formation Judiciaire (INFJ).<\/p>\n<p>Pour ce qui est de l\u2019ensemble des activite\u0301s effectue\u0301es par la cour d\u2019appel de Bouake\u0301 sur l\u2019anne\u0301e 2023-2024, il a permis aux magistrats de dresser un bilan \u00ab ge\u0301ne\u0301reux et satisfaisant \u00bb. Sur un total de 1195 affaires dont elle a e\u0301te\u0301 saisie, la cours d\u2019appel de Bouake\u0301 a rendu 956 de\u0301cisions, soit un taux de traitement 80 % au cours de cette pe\u0301riode.<\/p>\n<p>La majorite\u0301 des dossiers rec\u0327us dans chacun des services du parquet ge\u0301ne\u0301ral ont e\u0301te\u0301 traite\u0301 dans la totalite\u0301. Au niveau de la section civile, commerciale, administrative et sociale, ce sont 185 dossiers qui ont e\u0301te\u0301 rec\u0327us et entie\u0300rement traite\u0301s a\u0300 bonne date. La section criminelle a quant a\u0300 elle, traite\u0301 229 dossiers. En ce qui concerne la section criminelle et mineur, elle a rec\u0327u 433 dossiers, e\u0301galement traite\u0301s dans entie\u0300rete\u0301, a-t-on fait savoir.<\/p>\n<p>\u00ab Nous ne pouvons que nous satisfaire d\u2019une telle performance et rechercher inlassablement les voies a\u0300 l\u2019ame\u0301liorer&#8230;\u00bb, s\u2019est re\u0301joui le premier pre\u0301sident de la cour d\u2019appel de Bouake\u0301 au cours de cette audience de rentre\u0301e solennelle, De\u0301sire\u0301 Kpli.<\/p>\n<p>Malgre\u0301 cette satisfaction, le premier pre\u0301sident de la cour d\u2019appel n\u2019a pas manque\u0301 de souligner qu\u2019il y\u2019a de nombreux de\u0301fi a\u0300 relever cette anne\u0301e, pour un meilleur traitement des affaires dans les de\u0301lais. Pour cette anne\u0301e 2024-2025, \u00ab l\u2019accent devra e\u0302tre mis aussi sur l\u2019ame\u0301lioration de l\u2019\u0153uvre de justice par la re\u0301duction significative des de\u0301lais de traitement des affaires dont la Cour est saisie et la qualite\u0301 de l\u2019accueil des usagers qui restent des de\u0301fis constant. Ces informations vous sont destine\u0301es car l\u2019office du juge, au-dela\u0300 de la personne qu\u2019il incarne, me\u0301rite d\u2019e\u0302tre appre\u0301hende\u0301 dans son exercice et dans les re\u0301sultats qu\u2019il produit par ceux qui constituent sa raison d\u2019exister \u00bb, a de\u0301clare\u0301 De\u0301sire\u0301 Kpli.<\/p>\n<p>Pour finir, De\u0301sire\u0301 Kpli, premier pre\u0301sident de la cour d\u2019appel de Bouake\u0301 a dit sa joie d\u2019accueillir M. Ouattara Gadio Ben Yahia en tant que nouvel Avocat Ge\u0301ne\u0301ral \u00ab dont les e\u0301tats de service, au demeurant flatteurs, permettront d\u2019envisager, avec son apport et ses compe\u0301tences, un meilleur rendement a\u0300 la juridiction \u00bb.<\/p>\n<p>Il a par la suite prodigue\u0301 des conseils aux 02 nouveaux magistrats qui ont pre\u0302te\u0301 serment, ce jour, a\u0300 se consacrer entie\u0300rement a\u0300 leur fonction. \u00ab Je vous engage a\u0300 respecter la formule de votre serment en toutes circonstances. Souvenez-vous qu\u2019il s\u2019agit d\u2019un engagement solennel que l\u2019on peut conside\u0301rer comme sacre\u0301, prononce\u0301 devant une autorite\u0301 divine que constituerait en l\u2019occurrence le peuple. Pour exercer vos fonctions conforme\u0301ment a\u0300 votre serment, je ne peux que vous conseiller d\u2019avoir toujours a\u0300 l\u2019esprit ces 04 mots, renfermant des vertus, qui devront toujours guider votre conduite: Inde\u0301pendance, Probite\u0301, Impartialite\u0301 et Compe\u0301tence \u00bb, a-t-il conclu.<\/p>\n<p><strong>Pour plus d&rsquo;informations et d&rsquo;analyses sur la C\u00f4te d&rsquo;Ivoire, suivez Africa-Press<\/strong><\/p>\n","protected":false},"excerpt":{"rendered":"<p>Africa-Press &#8211; C\u00f4te d&rsquo;Ivoire. La salle d\u2019audience de la Cour d\u2019Appel de Bouake\u0301, a servi de cadre a\u0300 la Cour d&rsquo;Appel pour l&rsquo;organisation d&rsquo;une ce\u0301re\u0301monie de\u0301die\u0301e a\u0300 son audience solennelle de rentre\u0301e judiciaire 2024-2025, ce mercredi, 06 Novembre 2024. De\u0300s l\u2019entame de l\u2019audience un nouvel Avocat Ge\u0301ne\u0301ral a e\u0301te\u0301 pre\u0301sente\u0301 et 02 nouveaux magistrats ont [&hellip;]<\/p>\n","protected":false},"author":82,"featured_media":90321,"comment_status":"open","ping_status":"closed","sticky":false,"template":"","format":"standard","meta":{"footnotes":""},"categories":[2,10],"tags":[366,29,3215,15509],"class_list":["post-90322","post","type-post","status-publish","format-standard","has-post-thumbnail","hentry","category-politique","category-toutes-les-actualites","tag-bouake","tag-cote-divoire","tag-cour-dappel","tag-desire-kpli"],"yoast_head":"<!-- This site is optimized with the Yoast SEO Premium plugin v26.1 (Yoast SEO v27.0) - https:\/\/yoast.com\/product\/yoast-seo-premium-wordpress\/ -->\n<title>Un nouvel Avocat G\u00e9n\u00e9ral et 02 nouveaux magistrats int\u00e8grent la Cour d&#039;Appel de Bouak\u00e9 - C\u00f4te d&#039;Ivoire<\/title>\n<meta name=\"description\" content=\"La salle d\u2019audience de la Cour d\u2019Appel de Bouake\u0301, a servi de cadre a\u0300 la Cour d&#039;Appel pour l&#039;organisation d&#039;une ce\u0301re\u0301m ...\" \/>\n<meta name=\"robots\" content=\"index, follow, max-snippet:-1, max-image-preview:large, max-video-preview:-1\" \/>\n<link rel=\"canonical\" href=\"https:\/\/www.africa-press.net\/cotedivoire\/politique\/un-nouvel-avocat-general-et-02-nouveaux-magistrats-integrent-la-cour-dappel-de-bouake\" \/>\n<meta property=\"og:locale\" content=\"fr_FR\" \/>\n<meta property=\"og:type\" content=\"article\" \/>\n<meta property=\"og:title\" content=\"Un nouvel Avocat G\u00e9n\u00e9ral et 02 nouveaux magistrats int\u00e8grent la Cour d&#039;Appel de Bouak\u00e9\" \/>\n<meta property=\"og:description\" content=\"La salle d\u2019audience de la Cour d\u2019Appel de Bouake\u0301, a servi de cadre a\u0300 la Cour d&#039;Appel pour l&#039;organisation d&#039;une ce\u0301re\u0301m ...\" \/>\n<meta property=\"og:url\" content=\"https:\/\/www.africa-press.net\/cotedivoire\/politique\/un-nouvel-avocat-general-et-02-nouveaux-magistrats-integrent-la-cour-dappel-de-bouake\" \/>\n<meta property=\"og:site_name\" content=\"C\u00f4te d&#039;Ivoire\" \/>\n<meta property=\"article:published_time\" content=\"2024-11-08T19:04:04+00:00\" \/>\n<meta property=\"article:modified_time\" content=\"2024-11-08T20:16:31+00:00\" \/>\n<meta property=\"og:image\" content=\"https:\/\/static.africa-press.net\/cote\/sites\/43\/2024\/11\/sm_1731084320.013182.jpg\" \/>\n\t<meta property=\"og:image:width\" content=\"720\" \/>\n\t<meta property=\"og:image:height\" content=\"448\" \/>\n\t<meta property=\"og:image:type\" content=\"image\/jpeg\" \/>\n<meta name=\"author\" content=\"cfeditorfr\" \/>\n<meta name=\"twitter:card\" content=\"summary_large_image\" \/>\n<meta name=\"twitter:label1\" content=\"\u00c9crit par\" \/>\n\t<meta name=\"twitter:data1\" content=\"cfeditorfr\" \/>\n\t<meta name=\"twitter:label2\" content=\"Dur\u00e9e de lecture estim\u00e9e\" \/>\n\t<meta name=\"twitter:data2\" content=\"4 minutes\" \/>\n<script type=\"application\/ld+json\" class=\"yoast-schema-graph\">{\"@context\":\"https:\/\/schema.org\",\"@graph\":[{\"@type\":\"Article\",\"@id\":\"https:\/\/www.africa-press.net\/cotedivoire\/politique\/un-nouvel-avocat-general-et-02-nouveaux-magistrats-integrent-la-cour-dappel-de-bouake#article\",\"isPartOf\":{\"@id\":\"https:\/\/www.africa-press.net\/cotedivoire\/politique\/un-nouvel-avocat-general-et-02-nouveaux-magistrats-integrent-la-cour-dappel-de-bouake\"},\"author\":{\"name\":\"cfeditorfr\",\"@id\":\"https:\/\/www.africa-press.net\/cotedivoire\/#\/schema\/person\/2b1cf3cd81a31e3cd26889ca66d677f1\"},\"headline\":\"Un nouvel Avocat G\u00e9n\u00e9ral et 02 nouveaux magistrats int\u00e8grent la Cour d&rsquo;Appel de Bouak\u00e9\",\"datePublished\":\"2024-11-08T19:04:04+00:00\",\"dateModified\":\"2024-11-08T20:16:31+00:00\",\"mainEntityOfPage\":{\"@id\":\"https:\/\/www.africa-press.net\/cotedivoire\/politique\/un-nouvel-avocat-general-et-02-nouveaux-magistrats-integrent-la-cour-dappel-de-bouake\"},\"wordCount\":725,\"commentCount\":0,\"image\":{\"@id\":\"https:\/\/www.africa-press.net\/cotedivoire\/politique\/un-nouvel-avocat-general-et-02-nouveaux-magistrats-integrent-la-cour-dappel-de-bouake#primaryimage\"},\"thumbnailUrl\":\"https:\/\/static.africa-press.net\/cote\/sites\/43\/2024\/11\/sm_1731084320.013182.jpg\",\"keywords\":[\"Bouak\u00e9\",\"C\u00d4TE D'IVOIRE\",\"cour d'appel\",\"D\u00e9sir\u00e9 Kpli\"],\"articleSection\":[\"Politique\",\"Toutes les actualit\u00e9s\"],\"inLanguage\":\"fr-FR\",\"potentialAction\":[{\"@type\":\"CommentAction\",\"name\":\"Comment\",\"target\":[\"https:\/\/www.africa-press.net\/cotedivoire\/politique\/un-nouvel-avocat-general-et-02-nouveaux-magistrats-integrent-la-cour-dappel-de-bouake#respond\"]}]},{\"@type\":\"WebPage\",\"@id\":\"https:\/\/www.africa-press.net\/cotedivoire\/politique\/un-nouvel-avocat-general-et-02-nouveaux-magistrats-integrent-la-cour-dappel-de-bouake\",\"url\":\"https:\/\/www.africa-press.net\/cotedivoire\/politique\/un-nouvel-avocat-general-et-02-nouveaux-magistrats-integrent-la-cour-dappel-de-bouake\",\"name\":\"Un nouvel Avocat G\u00e9n\u00e9ral et 02 nouveaux magistrats int\u00e8grent la Cour d'Appel de Bouak\u00e9 - C\u00f4te d&#039;Ivoire\",\"isPartOf\":{\"@id\":\"https:\/\/www.africa-press.net\/cotedivoire\/#website\"},\"primaryImageOfPage\":{\"@id\":\"https:\/\/www.africa-press.net\/cotedivoire\/politique\/un-nouvel-avocat-general-et-02-nouveaux-magistrats-integrent-la-cour-dappel-de-bouake#primaryimage\"},\"image\":{\"@id\":\"https:\/\/www.africa-press.net\/cotedivoire\/politique\/un-nouvel-avocat-general-et-02-nouveaux-magistrats-integrent-la-cour-dappel-de-bouake#primaryimage\"},\"thumbnailUrl\":\"https:\/\/static.africa-press.net\/cote\/sites\/43\/2024\/11\/sm_1731084320.013182.jpg\",\"datePublished\":\"2024-11-08T19:04:04+00:00\",\"dateModified\":\"2024-11-08T20:16:31+00:00\",\"author\":{\"@id\":\"https:\/\/www.africa-press.net\/cotedivoire\/#\/schema\/person\/2b1cf3cd81a31e3cd26889ca66d677f1\"},\"description\":\"La salle d\u2019audience de la Cour d\u2019Appel de Bouake\u0301, a servi de cadre a\u0300 la Cour d'Appel pour l'organisation d'une ce\u0301re\u0301m ...\",\"breadcrumb\":{\"@id\":\"https:\/\/www.africa-press.net\/cotedivoire\/politique\/un-nouvel-avocat-general-et-02-nouveaux-magistrats-integrent-la-cour-dappel-de-bouake#breadcrumb\"},\"inLanguage\":\"fr-FR\",\"potentialAction\":[{\"@type\":\"ReadAction\",\"target\":[\"https:\/\/www.africa-press.net\/cotedivoire\/politique\/un-nouvel-avocat-general-et-02-nouveaux-magistrats-integrent-la-cour-dappel-de-bouake\"]}]},{\"@type\":\"ImageObject\",\"inLanguage\":\"fr-FR\",\"@id\":\"https:\/\/www.africa-press.net\/cotedivoire\/politique\/un-nouvel-avocat-general-et-02-nouveaux-magistrats-integrent-la-cour-dappel-de-bouake#primaryimage\",\"url\":\"https:\/\/static.africa-press.net\/cote\/sites\/43\/2024\/11\/sm_1731084320.013182.jpg\",\"contentUrl\":\"https:\/\/static.africa-press.net\/cote\/sites\/43\/2024\/11\/sm_1731084320.013182.jpg\",\"width\":720,\"height\":448,\"caption\":\"Un nouvel Avocat G\u00e9n\u00e9ral et 02 nouveaux magistrats int\u00e8grent la Cour d'Appel de Bouak\u00e9\"},{\"@type\":\"BreadcrumbList\",\"@id\":\"https:\/\/www.africa-press.net\/cotedivoire\/politique\/un-nouvel-avocat-general-et-02-nouveaux-magistrats-integrent-la-cour-dappel-de-bouake#breadcrumb\",\"itemListElement\":[{\"@type\":\"ListItem\",\"position\":1,\"name\":\"Accueil\",\"item\":\"https:\/\/www.africa-press.net\/cotedivoire\/\"},{\"@type\":\"ListItem\",\"position\":2,\"name\":\"Un nouvel Avocat G\u00e9n\u00e9ral et 02 nouveaux magistrats int\u00e8grent la Cour d&#8217;Appel de Bouak\u00e9\"}]},{\"@type\":\"WebSite\",\"@id\":\"https:\/\/www.africa-press.net\/cotedivoire\/#website\",\"url\":\"https:\/\/www.africa-press.net\/cotedivoire\/\",\"name\":\"C\u00f4te d&#039;Ivoire\",\"description\":\"Just another Africa News Agency Sites site\",\"potentialAction\":[{\"@type\":\"SearchAction\",\"target\":{\"@type\":\"EntryPoint\",\"urlTemplate\":\"https:\/\/www.africa-press.net\/cotedivoire\/?s={search_term_string}\"},\"query-input\":{\"@type\":\"PropertyValueSpecification\",\"valueRequired\":true,\"valueName\":\"search_term_string\"}}],\"inLanguage\":\"fr-FR\"},{\"@type\":\"Person\",\"@id\":\"https:\/\/www.africa-press.net\/cotedivoire\/#\/schema\/person\/2b1cf3cd81a31e3cd26889ca66d677f1\",\"name\":\"cfeditorfr\"}]}<\/script>\n<!-- \/ Yoast SEO Premium plugin. -->","yoast_head_json":{"title":"Un nouvel Avocat G\u00e9n\u00e9ral et 02 nouveaux magistrats int\u00e8grent la Cour d'Appel de Bouak\u00e9 - C\u00f4te d&#039;Ivoire","description":"La salle d\u2019audience de la Cour d\u2019Appel de Bouake\u0301, a servi de cadre a\u0300 la Cour d'Appel pour l'organisation d'une ce\u0301re\u0301m ...","robots":{"index":"index","follow":"follow","max-snippet":"max-snippet:-1","max-image-preview":"max-image-preview:large","max-video-preview":"max-video-preview:-1"},"canonical":"https:\/\/www.africa-press.net\/cotedivoire\/politique\/un-nouvel-avocat-general-et-02-nouveaux-magistrats-integrent-la-cour-dappel-de-bouake","og_locale":"fr_FR","og_type":"article","og_title":"Un nouvel Avocat G\u00e9n\u00e9ral et 02 nouveaux magistrats int\u00e8grent la Cour d'Appel de Bouak\u00e9","og_description":"La salle d\u2019audience de la Cour d\u2019Appel de Bouake\u0301, a servi de cadre a\u0300 la Cour d'Appel pour l'organisation d'une ce\u0301re\u0301m ...","og_url":"https:\/\/www.africa-press.net\/cotedivoire\/politique\/un-nouvel-avocat-general-et-02-nouveaux-magistrats-integrent-la-cour-dappel-de-bouake","og_site_name":"C\u00f4te d&#039;Ivoire","article_published_time":"2024-11-08T19:04:04+00:00","article_modified_time":"2024-11-08T20:16:31+00:00","og_image":[{"width":720,"height":448,"url":"https:\/\/static.africa-press.net\/cote\/sites\/43\/2024\/11\/sm_1731084320.013182.jpg","type":"image\/jpeg"}],"author":"cfeditorfr","twitter_card":"summary_large_image","twitter_misc":{"\u00c9crit par":"cfeditorfr","Dur\u00e9e de lecture estim\u00e9e":"4 minutes"},"schema":{"@context":"https:\/\/schema.org","@graph":[{"@type":"Article","@id":"https:\/\/www.africa-press.net\/cotedivoire\/politique\/un-nouvel-avocat-general-et-02-nouveaux-magistrats-integrent-la-cour-dappel-de-bouake#article","isPartOf":{"@id":"https:\/\/www.africa-press.net\/cotedivoire\/politique\/un-nouvel-avocat-general-et-02-nouveaux-magistrats-integrent-la-cour-dappel-de-bouake"},"author":{"name":"cfeditorfr","@id":"https:\/\/www.africa-press.net\/cotedivoire\/#\/schema\/person\/2b1cf3cd81a31e3cd26889ca66d677f1"},"headline":"Un nouvel Avocat G\u00e9n\u00e9ral et 02 nouveaux magistrats int\u00e8grent la Cour d&rsquo;Appel de Bouak\u00e9","datePublished":"2024-11-08T19:04:04+00:00","dateModified":"2024-11-08T20:16:31+00:00","mainEntityOfPage":{"@id":"https:\/\/www.africa-press.net\/cotedivoire\/politique\/un-nouvel-avocat-general-et-02-nouveaux-magistrats-integrent-la-cour-dappel-de-bouake"},"wordCount":725,"commentCount":0,"image":{"@id":"https:\/\/www.africa-press.net\/cotedivoire\/politique\/un-nouvel-avocat-general-et-02-nouveaux-magistrats-integrent-la-cour-dappel-de-bouake#primaryimage"},"thumbnailUrl":"https:\/\/static.africa-press.net\/cote\/sites\/43\/2024\/11\/sm_1731084320.013182.jpg","keywords":["Bouak\u00e9","C\u00d4TE D'IVOIRE","cour d'appel","D\u00e9sir\u00e9 Kpli"],"articleSection":["Politique","Toutes les actualit\u00e9s"],"inLanguage":"fr-FR","potentialAction":[{"@type":"CommentAction","name":"Comment","target":["https:\/\/www.africa-press.net\/cotedivoire\/politique\/un-nouvel-avocat-general-et-02-nouveaux-magistrats-integrent-la-cour-dappel-de-bouake#respond"]}]},{"@type":"WebPage","@id":"https:\/\/www.africa-press.net\/cotedivoire\/politique\/un-nouvel-avocat-general-et-02-nouveaux-magistrats-integrent-la-cour-dappel-de-bouake","url":"https:\/\/www.africa-press.net\/cotedivoire\/politique\/un-nouvel-avocat-general-et-02-nouveaux-magistrats-integrent-la-cour-dappel-de-bouake","name":"Un nouvel Avocat G\u00e9n\u00e9ral et 02 nouveaux magistrats int\u00e8grent la Cour d'Appel de Bouak\u00e9 - C\u00f4te d&#039;Ivoire","isPartOf":{"@id":"https:\/\/www.africa-press.net\/cotedivoire\/#website"},"primaryImageOfPage":{"@id":"https:\/\/www.africa-press.net\/cotedivoire\/politique\/un-nouvel-avocat-general-et-02-nouveaux-magistrats-integrent-la-cour-dappel-de-bouake#primaryimage"},"image":{"@id":"https:\/\/www.africa-press.net\/cotedivoire\/politique\/un-nouvel-avocat-general-et-02-nouveaux-magistrats-integrent-la-cour-dappel-de-bouake#primaryimage"},"thumbnailUrl":"https:\/\/static.africa-press.net\/cote\/sites\/43\/2024\/11\/sm_1731084320.013182.jpg","datePublished":"2024-11-08T19:04:04+00:00","dateModified":"2024-11-08T20:16:31+00:00","author":{"@id":"https:\/\/www.africa-press.net\/cotedivoire\/#\/schema\/person\/2b1cf3cd81a31e3cd26889ca66d677f1"},"description":"La salle d\u2019audience de la Cour d\u2019Appel de Bouake\u0301, a servi de cadre a\u0300 la Cour d'Appel pour l'organisation d'une ce\u0301re\u0301m ...","breadcrumb":{"@id":"https:\/\/www.africa-press.net\/cotedivoire\/politique\/un-nouvel-avocat-general-et-02-nouveaux-magistrats-integrent-la-cour-dappel-de-bouake#breadcrumb"},"inLanguage":"fr-FR","potentialAction":[{"@type":"ReadAction","target":["https:\/\/www.africa-press.net\/cotedivoire\/politique\/un-nouvel-avocat-general-et-02-nouveaux-magistrats-integrent-la-cour-dappel-de-bouake"]}]},{"@type":"ImageObject","inLanguage":"fr-FR","@id":"https:\/\/www.africa-press.net\/cotedivoire\/politique\/un-nouvel-avocat-general-et-02-nouveaux-magistrats-integrent-la-cour-dappel-de-bouake#primaryimage","url":"https:\/\/static.africa-press.net\/cote\/sites\/43\/2024\/11\/sm_1731084320.013182.jpg","contentUrl":"https:\/\/static.africa-press.net\/cote\/sites\/43\/2024\/11\/sm_1731084320.013182.jpg","width":720,"height":448,"caption":"Un nouvel Avocat G\u00e9n\u00e9ral et 02 nouveaux magistrats int\u00e8grent la Cour d'Appel de Bouak\u00e9"},{"@type":"BreadcrumbList","@id":"https:\/\/www.africa-press.net\/cotedivoire\/politique\/un-nouvel-avocat-general-et-02-nouveaux-magistrats-integrent-la-cour-dappel-de-bouake#breadcrumb","itemListElement":[{"@type":"ListItem","position":1,"name":"Accueil","item":"https:\/\/www.africa-press.net\/cotedivoire\/"},{"@type":"ListItem","position":2,"name":"Un nouvel Avocat G\u00e9n\u00e9ral et 02 nouveaux magistrats int\u00e8grent la Cour d&#8217;Appel de Bouak\u00e9"}]},{"@type":"WebSite","@id":"https:\/\/www.africa-press.net\/cotedivoire\/#website","url":"https:\/\/www.africa-press.net\/cotedivoire\/","name":"C\u00f4te d&#039;Ivoire","description":"Just another Africa News Agency Sites site","potentialAction":[{"@type":"SearchAction","target":{"@type":"EntryPoint","urlTemplate":"https:\/\/www.africa-press.net\/cotedivoire\/?s={search_term_string}"},"query-input":{"@type":"PropertyValueSpecification","valueRequired":true,"valueName":"search_term_string"}}],"inLanguage":"fr-FR"},{"@type":"Person","@id":"https:\/\/www.africa-press.net\/cotedivoire\/#\/schema\/person\/2b1cf3cd81a31e3cd26889ca66d677f1","name":"cfeditorfr"}]}},"_links":{"self":[{"href":"https:\/\/www.africa-press.net\/cotedivoire\/wp-json\/wp\/v2\/posts\/90322","targetHints":{"allow":["GET"]}}],"collection":[{"href":"https:\/\/www.africa-press.net\/cotedivoire\/wp-json\/wp\/v2\/posts"}],"about":[{"href":"https:\/\/www.africa-press.net\/cotedivoire\/wp-json\/wp\/v2\/types\/post"}],"author":[{"embeddable":true,"href":"https:\/\/www.africa-press.net\/cotedivoire\/wp-json\/wp\/v2\/users\/82"}],"replies":[{"embeddable":true,"href":"https:\/\/www.africa-press.net\/cotedivoire\/wp-json\/wp\/v2\/comments?post=90322"}],"version-history":[{"count":0,"href":"https:\/\/www.africa-press.net\/cotedivoire\/wp-json\/wp\/v2\/posts\/90322\/revisions"}],"wp:featuredmedia":[{"embeddable":true,"href":"https:\/\/www.africa-press.net\/cotedivoire\/wp-json\/wp\/v2\/media\/90321"}],"wp:attachment":[{"href":"https:\/\/www.africa-press.net\/cotedivoire\/wp-json\/wp\/v2\/media?parent=90322"}],"wp:term":[{"taxonomy":"category","embeddable":true,"href":"https:\/\/www.africa-press.net\/cotedivoire\/wp-json\/wp\/v2\/categories?post=90322"},{"taxonomy":"post_tag","embeddable":true,"href":"https:\/\/www.africa-press.net\/cotedivoire\/wp-json\/wp\/v2\/tags?post=90322"}],"curies":[{"name":"wp","href":"https:\/\/api.w.org\/{rel}","templated":true}]}}