{"id":90360,"date":"2024-11-09T17:21:20","date_gmt":"2024-11-09T17:21:20","guid":{"rendered":"https:\/\/www.africa-press.net\/cotedivoire\/politique\/sansan-kambile-a-propos-du-dernier-rapport-de-lepu-cette-recommandation-de-lonu-nimplique-aucune-obligation-formelle-pour-le-gouvernement-ivoirien"},"modified":"2024-11-09T17:55:01","modified_gmt":"2024-11-09T17:55:01","slug":"sansan-kambile-a-propos-du-dernier-rapport-de-lepu-cette-recommandation-de-lonu-nimplique-aucune-obligation-formelle-pour-le-gouvernement-ivoirien","status":"publish","type":"post","link":"https:\/\/www.africa-press.net\/cotedivoire\/politique\/sansan-kambile-a-propos-du-dernier-rapport-de-lepu-cette-recommandation-de-lonu-nimplique-aucune-obligation-formelle-pour-le-gouvernement-ivoirien","title":{"rendered":"Sansan Kambil\u00e9 \u00e0 propos du dernier rapport de l&rsquo;EPU: \u00ab\u00a0cette recommandation de l&rsquo;ONU, n&rsquo;implique aucune obligation formelle pour le gouvernement ivoirien\u00a0\u00bb"},"content":{"rendered":"<p><span style=\"color: #ff6600\"><strong>Africa-Press &#8211; C\u00f4te d&rsquo;Ivoire. <\/strong><\/span>Dans un communique\u0301 publie\u0301 le vendredi 8 novembre 2024, le Garde des Sceaux, Ministre de la Justice et des Droits de l&rsquo;Homme, Jean Sansan Kambile\u0301, a re\u0301agi a\u0300 la publication d\u2019un rapport sur l\u2019Examen Pe\u0301riodique Universel (EPU) de la Co\u0302te d&rsquo;Ivoire, qui mentionne la ne\u0301cessite\u0301 d\u2019un dialogue renforce\u0301 entre le gouvernement et l\u2019opposition avant l\u2019e\u0301lection pre\u0301sidentielle de 2025.<\/p>\n<p>\u00ab\u00a0Cette recommandation, qui s\u2019inscrit dans un cadre d\u2019e\u0301valuation des droits de l\u2019homme, ne constitue cependant pas une exigence contraignante\u00a0\u00bb, a pre\u0301cise\u0301 le ministre.<\/p>\n<p>L&rsquo;Examen Pe\u0301riodique Universel est un me\u0301canisme de l&rsquo;ONU permettant aux E\u0301tats membres d&rsquo;e\u0301valuer la situation des droits de l\u2019homme dans d\u2019autres pays. Au cours de ce processus, les E\u0301tats examinateurs peuvent formuler des recommandations, sans qu\u2019elles n\u2019aient de caracte\u0300re obligatoire. En effet, ces recommandations sont laisse\u0301es a\u0300 la discre\u0301tion de l&rsquo;E\u0301tat concerne\u0301, qui peut les accepter ou les rejeter en toute souverainete\u0301.<\/p>\n<p>Jean Sansan Kambile\u0301 a souligne\u0301 que les de\u0301clarations selon lesquelles l\u2019ONU aurait impose\u0301 une exigence a\u0300 la Co\u0302te d&rsquo;Ivoire e\u0301taient inexactes. Le ministre a pre\u0301cise\u0301 que les recommandations formule\u0301es par les pays examinant la situation de la Co\u0302te d\u2019Ivoire n\u2019engagent pas l&rsquo;Organisation des Nations Unies elle-me\u0302me, et qu\u2019il revient a\u0300 l\u2019E\u0301tat ivoirien de de\u0301cider de la suite a\u0300 y donner.<\/p>\n<p>Il a e\u0301galement indique\u0301 que la Co\u0302te d&rsquo;Ivoire a pris la de\u0301cision de diffe\u0301rer sa re\u0301ponse officielle concernant l&rsquo;acceptation ou le rejet des recommandations, afin de mener une consultation approfondie avec toutes les parties prenantes nationales. Selon lui, cette de\u0301marche vise a\u0300 garantir un consensus inclusif, notamment en pre\u0301vision de l\u2019e\u0301lection pre\u0301sidentielle de 2025, qui constitue un enjeu majeur pour la stabilite\u0301 politique du pays.<\/p>\n<p>Ainsi, si la communaute\u0301 internationale invite la Co\u0302te d&rsquo;Ivoire a\u0300 renforcer le dialogue avec l\u2019opposition, il reste clair que cette recommandation, bien qu&rsquo;importante, n\u2019implique aucune obligation formelle pour le gouvernement ivoirien.<\/p>\n<p><strong>Pour plus d&rsquo;informations et d&rsquo;analyses sur la C\u00f4te d&rsquo;Ivoire, suivez Africa-Press<\/strong><\/p>\n","protected":false},"excerpt":{"rendered":"<p>Africa-Press &#8211; C\u00f4te d&rsquo;Ivoire. Dans un communique\u0301 publie\u0301 le vendredi 8 novembre 2024, le Garde des Sceaux, Ministre de la Justice et des Droits de l&rsquo;Homme, Jean Sansan Kambile\u0301, a re\u0301agi a\u0300 la publication d\u2019un rapport sur l\u2019Examen Pe\u0301riodique Universel (EPU) de la Co\u0302te d&rsquo;Ivoire, qui mentionne la ne\u0301cessite\u0301 d\u2019un dialogue renforce\u0301 entre le gouvernement [&hellip;]<\/p>\n","protected":false},"author":82,"featured_media":90358,"comment_status":"open","ping_status":"closed","sticky":false,"template":"","format":"standard","meta":{"footnotes":""},"categories":[2,10],"tags":[29,15525,7277,15523,15399,15524,4085,3500,5521,15522,14714,15521],"class_list":["post-90360","post","type-post","status-publish","format-standard","has-post-thumbnail","hentry","category-politique","category-toutes-les-actualites","tag-cote-divoire","tag-demandant","tag-discussion","tag-formelle","tag-implique","tag-obligation","tag-onu","tag-opposition","tag-polemique","tag-rapport-epu","tag-recommandation","tag-sansan-kambile-reagit"],"yoast_head":"<!-- This site is optimized with the Yoast SEO Premium plugin v26.1 (Yoast SEO v27.0) - https:\/\/yoast.com\/product\/yoast-seo-premium-wordpress\/ -->\n<title>Sansan Kambil\u00e9 \u00e0 propos du dernier rapport de l&#039;EPU: &quot;cette recommandation de l&#039;ONU, n&#039;implique aucune obligation formelle pour le gouvernement ivoirien&quot; - C\u00f4te d&#039;Ivoire<\/title>\n<meta name=\"description\" content=\"Dans un communique\u0301 publie\u0301 le vendredi 8 novembre 2024, le Garde des Sceaux, Ministre de la Justice et des Droits de l&#039; ...\" \/>\n<meta name=\"robots\" content=\"index, follow, max-snippet:-1, max-image-preview:large, max-video-preview:-1\" \/>\n<link rel=\"canonical\" href=\"https:\/\/www.africa-press.net\/cotedivoire\/politique\/sansan-kambile-a-propos-du-dernier-rapport-de-lepu-cette-recommandation-de-lonu-nimplique-aucune-obligation-formelle-pour-le-gouvernement-ivoirien\" \/>\n<meta property=\"og:locale\" content=\"fr_FR\" \/>\n<meta property=\"og:type\" content=\"article\" \/>\n<meta property=\"og:title\" content=\"Sansan Kambil\u00e9 \u00e0 propos du dernier rapport de l&#039;EPU: &quot;cette recommandation de l&#039;ONU, n&#039;implique aucune obligation formelle pour le gouvernement ivoirien&quot;\" \/>\n<meta property=\"og:description\" content=\"Dans un communique\u0301 publie\u0301 le vendredi 8 novembre 2024, le Garde des Sceaux, Ministre de la Justice et des Droits de l&#039; ...\" \/>\n<meta property=\"og:url\" content=\"https:\/\/www.africa-press.net\/cotedivoire\/politique\/sansan-kambile-a-propos-du-dernier-rapport-de-lepu-cette-recommandation-de-lonu-nimplique-aucune-obligation-formelle-pour-le-gouvernement-ivoirien\" \/>\n<meta property=\"og:site_name\" content=\"C\u00f4te d&#039;Ivoire\" \/>\n<meta property=\"article:published_time\" content=\"2024-11-09T17:21:20+00:00\" \/>\n<meta property=\"article:modified_time\" content=\"2024-11-09T17:55:01+00:00\" \/>\n<meta property=\"og:image\" content=\"https:\/\/static.africa-press.net\/cote\/sites\/43\/2024\/11\/sm_1731162270.084828.jpg\" \/>\n\t<meta property=\"og:image:width\" content=\"720\" \/>\n\t<meta property=\"og:image:height\" content=\"480\" \/>\n\t<meta property=\"og:image:type\" content=\"image\/jpeg\" \/>\n<meta name=\"author\" content=\"cfeditorfr\" \/>\n<meta name=\"twitter:card\" content=\"summary_large_image\" \/>\n<meta name=\"twitter:label1\" content=\"\u00c9crit par\" \/>\n\t<meta name=\"twitter:data1\" content=\"cfeditorfr\" \/>\n\t<meta name=\"twitter:label2\" content=\"Dur\u00e9e de lecture estim\u00e9e\" \/>\n\t<meta name=\"twitter:data2\" content=\"2 minutes\" \/>\n<script type=\"application\/ld+json\" class=\"yoast-schema-graph\">{\"@context\":\"https:\/\/schema.org\",\"@graph\":[{\"@type\":\"Article\",\"@id\":\"https:\/\/www.africa-press.net\/cotedivoire\/politique\/sansan-kambile-a-propos-du-dernier-rapport-de-lepu-cette-recommandation-de-lonu-nimplique-aucune-obligation-formelle-pour-le-gouvernement-ivoirien#article\",\"isPartOf\":{\"@id\":\"https:\/\/www.africa-press.net\/cotedivoire\/politique\/sansan-kambile-a-propos-du-dernier-rapport-de-lepu-cette-recommandation-de-lonu-nimplique-aucune-obligation-formelle-pour-le-gouvernement-ivoirien\"},\"author\":{\"name\":\"cfeditorfr\",\"@id\":\"https:\/\/www.africa-press.net\/cotedivoire\/#\/schema\/person\/2b1cf3cd81a31e3cd26889ca66d677f1\"},\"headline\":\"Sansan Kambil\u00e9 \u00e0 propos du dernier rapport de l&rsquo;EPU: \u00ab\u00a0cette recommandation de l&rsquo;ONU, n&rsquo;implique aucune obligation formelle pour le gouvernement ivoirien\u00a0\u00bb\",\"datePublished\":\"2024-11-09T17:21:20+00:00\",\"dateModified\":\"2024-11-09T17:55:01+00:00\",\"mainEntityOfPage\":{\"@id\":\"https:\/\/www.africa-press.net\/cotedivoire\/politique\/sansan-kambile-a-propos-du-dernier-rapport-de-lepu-cette-recommandation-de-lonu-nimplique-aucune-obligation-formelle-pour-le-gouvernement-ivoirien\"},\"wordCount\":407,\"commentCount\":0,\"image\":{\"@id\":\"https:\/\/www.africa-press.net\/cotedivoire\/politique\/sansan-kambile-a-propos-du-dernier-rapport-de-lepu-cette-recommandation-de-lonu-nimplique-aucune-obligation-formelle-pour-le-gouvernement-ivoirien#primaryimage\"},\"thumbnailUrl\":\"https:\/\/static.africa-press.net\/cote\/sites\/43\/2024\/11\/sm_1731162270.084828.jpg\",\"keywords\":[\"C\u00d4TE D'IVOIRE\",\"demandant\",\"discussion\",\"formelle\",\"implique\",\"obligation\",\"ONU\",\"opposition\",\"Pol\u00e9mique\",\"rapport EPU\",\"recommandation\",\"Sansan Kambil\u00e9 r\u00e9agit\"],\"articleSection\":[\"Politique\",\"Toutes les actualit\u00e9s\"],\"inLanguage\":\"fr-FR\",\"potentialAction\":[{\"@type\":\"CommentAction\",\"name\":\"Comment\",\"target\":[\"https:\/\/www.africa-press.net\/cotedivoire\/politique\/sansan-kambile-a-propos-du-dernier-rapport-de-lepu-cette-recommandation-de-lonu-nimplique-aucune-obligation-formelle-pour-le-gouvernement-ivoirien#respond\"]}]},{\"@type\":\"WebPage\",\"@id\":\"https:\/\/www.africa-press.net\/cotedivoire\/politique\/sansan-kambile-a-propos-du-dernier-rapport-de-lepu-cette-recommandation-de-lonu-nimplique-aucune-obligation-formelle-pour-le-gouvernement-ivoirien\",\"url\":\"https:\/\/www.africa-press.net\/cotedivoire\/politique\/sansan-kambile-a-propos-du-dernier-rapport-de-lepu-cette-recommandation-de-lonu-nimplique-aucune-obligation-formelle-pour-le-gouvernement-ivoirien\",\"name\":\"Sansan Kambil\u00e9 \u00e0 propos du dernier rapport de l'EPU: \\\"cette recommandation de l'ONU, n'implique aucune obligation formelle pour le gouvernement ivoirien\\\" - C\u00f4te d&#039;Ivoire\",\"isPartOf\":{\"@id\":\"https:\/\/www.africa-press.net\/cotedivoire\/#website\"},\"primaryImageOfPage\":{\"@id\":\"https:\/\/www.africa-press.net\/cotedivoire\/politique\/sansan-kambile-a-propos-du-dernier-rapport-de-lepu-cette-recommandation-de-lonu-nimplique-aucune-obligation-formelle-pour-le-gouvernement-ivoirien#primaryimage\"},\"image\":{\"@id\":\"https:\/\/www.africa-press.net\/cotedivoire\/politique\/sansan-kambile-a-propos-du-dernier-rapport-de-lepu-cette-recommandation-de-lonu-nimplique-aucune-obligation-formelle-pour-le-gouvernement-ivoirien#primaryimage\"},\"thumbnailUrl\":\"https:\/\/static.africa-press.net\/cote\/sites\/43\/2024\/11\/sm_1731162270.084828.jpg\",\"datePublished\":\"2024-11-09T17:21:20+00:00\",\"dateModified\":\"2024-11-09T17:55:01+00:00\",\"author\":{\"@id\":\"https:\/\/www.africa-press.net\/cotedivoire\/#\/schema\/person\/2b1cf3cd81a31e3cd26889ca66d677f1\"},\"description\":\"Dans un communique\u0301 publie\u0301 le vendredi 8 novembre 2024, le Garde des Sceaux, Ministre de la Justice et des Droits de l' ...\",\"breadcrumb\":{\"@id\":\"https:\/\/www.africa-press.net\/cotedivoire\/politique\/sansan-kambile-a-propos-du-dernier-rapport-de-lepu-cette-recommandation-de-lonu-nimplique-aucune-obligation-formelle-pour-le-gouvernement-ivoirien#breadcrumb\"},\"inLanguage\":\"fr-FR\",\"potentialAction\":[{\"@type\":\"ReadAction\",\"target\":[\"https:\/\/www.africa-press.net\/cotedivoire\/politique\/sansan-kambile-a-propos-du-dernier-rapport-de-lepu-cette-recommandation-de-lonu-nimplique-aucune-obligation-formelle-pour-le-gouvernement-ivoirien\"]}]},{\"@type\":\"ImageObject\",\"inLanguage\":\"fr-FR\",\"@id\":\"https:\/\/www.africa-press.net\/cotedivoire\/politique\/sansan-kambile-a-propos-du-dernier-rapport-de-lepu-cette-recommandation-de-lonu-nimplique-aucune-obligation-formelle-pour-le-gouvernement-ivoirien#primaryimage\",\"url\":\"https:\/\/static.africa-press.net\/cote\/sites\/43\/2024\/11\/sm_1731162270.084828.jpg\",\"contentUrl\":\"https:\/\/static.africa-press.net\/cote\/sites\/43\/2024\/11\/sm_1731162270.084828.jpg\",\"width\":720,\"height\":480,\"caption\":\"Sansan Kambil\u00e9 \u00e0 propos du dernier rapport de l'EPU: \\\"cette recommandation de l'ONU, n'implique aucune obligation formelle pour le gouvernement ivoirien\\\"\"},{\"@type\":\"BreadcrumbList\",\"@id\":\"https:\/\/www.africa-press.net\/cotedivoire\/politique\/sansan-kambile-a-propos-du-dernier-rapport-de-lepu-cette-recommandation-de-lonu-nimplique-aucune-obligation-formelle-pour-le-gouvernement-ivoirien#breadcrumb\",\"itemListElement\":[{\"@type\":\"ListItem\",\"position\":1,\"name\":\"Accueil\",\"item\":\"https:\/\/www.africa-press.net\/cotedivoire\/\"},{\"@type\":\"ListItem\",\"position\":2,\"name\":\"Sansan Kambil\u00e9 \u00e0 propos du dernier rapport de l&#8217;EPU: &#8220;cette recommandation de l&#8217;ONU, n&#8217;implique aucune obligation formelle pour le gouvernement ivoirien&#8221;\"}]},{\"@type\":\"WebSite\",\"@id\":\"https:\/\/www.africa-press.net\/cotedivoire\/#website\",\"url\":\"https:\/\/www.africa-press.net\/cotedivoire\/\",\"name\":\"C\u00f4te d&#039;Ivoire\",\"description\":\"Just another Africa News Agency Sites site\",\"potentialAction\":[{\"@type\":\"SearchAction\",\"target\":{\"@type\":\"EntryPoint\",\"urlTemplate\":\"https:\/\/www.africa-press.net\/cotedivoire\/?s={search_term_string}\"},\"query-input\":{\"@type\":\"PropertyValueSpecification\",\"valueRequired\":true,\"valueName\":\"search_term_string\"}}],\"inLanguage\":\"fr-FR\"},{\"@type\":\"Person\",\"@id\":\"https:\/\/www.africa-press.net\/cotedivoire\/#\/schema\/person\/2b1cf3cd81a31e3cd26889ca66d677f1\",\"name\":\"cfeditorfr\"}]}<\/script>\n<!-- \/ Yoast SEO Premium plugin. -->","yoast_head_json":{"title":"Sansan Kambil\u00e9 \u00e0 propos du dernier rapport de l'EPU: \"cette recommandation de l'ONU, n'implique aucune obligation formelle pour le gouvernement ivoirien\" - C\u00f4te d&#039;Ivoire","description":"Dans un communique\u0301 publie\u0301 le vendredi 8 novembre 2024, le Garde des Sceaux, Ministre de la Justice et des Droits de l' ...","robots":{"index":"index","follow":"follow","max-snippet":"max-snippet:-1","max-image-preview":"max-image-preview:large","max-video-preview":"max-video-preview:-1"},"canonical":"https:\/\/www.africa-press.net\/cotedivoire\/politique\/sansan-kambile-a-propos-du-dernier-rapport-de-lepu-cette-recommandation-de-lonu-nimplique-aucune-obligation-formelle-pour-le-gouvernement-ivoirien","og_locale":"fr_FR","og_type":"article","og_title":"Sansan Kambil\u00e9 \u00e0 propos du dernier rapport de l'EPU: \"cette recommandation de l'ONU, n'implique aucune obligation formelle pour le gouvernement ivoirien\"","og_description":"Dans un communique\u0301 publie\u0301 le vendredi 8 novembre 2024, le Garde des Sceaux, Ministre de la Justice et des Droits de l' ...","og_url":"https:\/\/www.africa-press.net\/cotedivoire\/politique\/sansan-kambile-a-propos-du-dernier-rapport-de-lepu-cette-recommandation-de-lonu-nimplique-aucune-obligation-formelle-pour-le-gouvernement-ivoirien","og_site_name":"C\u00f4te d&#039;Ivoire","article_published_time":"2024-11-09T17:21:20+00:00","article_modified_time":"2024-11-09T17:55:01+00:00","og_image":[{"width":720,"height":480,"url":"https:\/\/static.africa-press.net\/cote\/sites\/43\/2024\/11\/sm_1731162270.084828.jpg","type":"image\/jpeg"}],"author":"cfeditorfr","twitter_card":"summary_large_image","twitter_misc":{"\u00c9crit par":"cfeditorfr","Dur\u00e9e de lecture estim\u00e9e":"2 minutes"},"schema":{"@context":"https:\/\/schema.org","@graph":[{"@type":"Article","@id":"https:\/\/www.africa-press.net\/cotedivoire\/politique\/sansan-kambile-a-propos-du-dernier-rapport-de-lepu-cette-recommandation-de-lonu-nimplique-aucune-obligation-formelle-pour-le-gouvernement-ivoirien#article","isPartOf":{"@id":"https:\/\/www.africa-press.net\/cotedivoire\/politique\/sansan-kambile-a-propos-du-dernier-rapport-de-lepu-cette-recommandation-de-lonu-nimplique-aucune-obligation-formelle-pour-le-gouvernement-ivoirien"},"author":{"name":"cfeditorfr","@id":"https:\/\/www.africa-press.net\/cotedivoire\/#\/schema\/person\/2b1cf3cd81a31e3cd26889ca66d677f1"},"headline":"Sansan Kambil\u00e9 \u00e0 propos du dernier rapport de l&rsquo;EPU: \u00ab\u00a0cette recommandation de l&rsquo;ONU, n&rsquo;implique aucune obligation formelle pour le gouvernement ivoirien\u00a0\u00bb","datePublished":"2024-11-09T17:21:20+00:00","dateModified":"2024-11-09T17:55:01+00:00","mainEntityOfPage":{"@id":"https:\/\/www.africa-press.net\/cotedivoire\/politique\/sansan-kambile-a-propos-du-dernier-rapport-de-lepu-cette-recommandation-de-lonu-nimplique-aucune-obligation-formelle-pour-le-gouvernement-ivoirien"},"wordCount":407,"commentCount":0,"image":{"@id":"https:\/\/www.africa-press.net\/cotedivoire\/politique\/sansan-kambile-a-propos-du-dernier-rapport-de-lepu-cette-recommandation-de-lonu-nimplique-aucune-obligation-formelle-pour-le-gouvernement-ivoirien#primaryimage"},"thumbnailUrl":"https:\/\/static.africa-press.net\/cote\/sites\/43\/2024\/11\/sm_1731162270.084828.jpg","keywords":["C\u00d4TE D'IVOIRE","demandant","discussion","formelle","implique","obligation","ONU","opposition","Pol\u00e9mique","rapport EPU","recommandation","Sansan Kambil\u00e9 r\u00e9agit"],"articleSection":["Politique","Toutes les actualit\u00e9s"],"inLanguage":"fr-FR","potentialAction":[{"@type":"CommentAction","name":"Comment","target":["https:\/\/www.africa-press.net\/cotedivoire\/politique\/sansan-kambile-a-propos-du-dernier-rapport-de-lepu-cette-recommandation-de-lonu-nimplique-aucune-obligation-formelle-pour-le-gouvernement-ivoirien#respond"]}]},{"@type":"WebPage","@id":"https:\/\/www.africa-press.net\/cotedivoire\/politique\/sansan-kambile-a-propos-du-dernier-rapport-de-lepu-cette-recommandation-de-lonu-nimplique-aucune-obligation-formelle-pour-le-gouvernement-ivoirien","url":"https:\/\/www.africa-press.net\/cotedivoire\/politique\/sansan-kambile-a-propos-du-dernier-rapport-de-lepu-cette-recommandation-de-lonu-nimplique-aucune-obligation-formelle-pour-le-gouvernement-ivoirien","name":"Sansan Kambil\u00e9 \u00e0 propos du dernier rapport de l'EPU: \"cette recommandation de l'ONU, n'implique aucune obligation formelle pour le gouvernement ivoirien\" - C\u00f4te d&#039;Ivoire","isPartOf":{"@id":"https:\/\/www.africa-press.net\/cotedivoire\/#website"},"primaryImageOfPage":{"@id":"https:\/\/www.africa-press.net\/cotedivoire\/politique\/sansan-kambile-a-propos-du-dernier-rapport-de-lepu-cette-recommandation-de-lonu-nimplique-aucune-obligation-formelle-pour-le-gouvernement-ivoirien#primaryimage"},"image":{"@id":"https:\/\/www.africa-press.net\/cotedivoire\/politique\/sansan-kambile-a-propos-du-dernier-rapport-de-lepu-cette-recommandation-de-lonu-nimplique-aucune-obligation-formelle-pour-le-gouvernement-ivoirien#primaryimage"},"thumbnailUrl":"https:\/\/static.africa-press.net\/cote\/sites\/43\/2024\/11\/sm_1731162270.084828.jpg","datePublished":"2024-11-09T17:21:20+00:00","dateModified":"2024-11-09T17:55:01+00:00","author":{"@id":"https:\/\/www.africa-press.net\/cotedivoire\/#\/schema\/person\/2b1cf3cd81a31e3cd26889ca66d677f1"},"description":"Dans un communique\u0301 publie\u0301 le vendredi 8 novembre 2024, le Garde des Sceaux, Ministre de la Justice et des Droits de l' ...","breadcrumb":{"@id":"https:\/\/www.africa-press.net\/cotedivoire\/politique\/sansan-kambile-a-propos-du-dernier-rapport-de-lepu-cette-recommandation-de-lonu-nimplique-aucune-obligation-formelle-pour-le-gouvernement-ivoirien#breadcrumb"},"inLanguage":"fr-FR","potentialAction":[{"@type":"ReadAction","target":["https:\/\/www.africa-press.net\/cotedivoire\/politique\/sansan-kambile-a-propos-du-dernier-rapport-de-lepu-cette-recommandation-de-lonu-nimplique-aucune-obligation-formelle-pour-le-gouvernement-ivoirien"]}]},{"@type":"ImageObject","inLanguage":"fr-FR","@id":"https:\/\/www.africa-press.net\/cotedivoire\/politique\/sansan-kambile-a-propos-du-dernier-rapport-de-lepu-cette-recommandation-de-lonu-nimplique-aucune-obligation-formelle-pour-le-gouvernement-ivoirien#primaryimage","url":"https:\/\/static.africa-press.net\/cote\/sites\/43\/2024\/11\/sm_1731162270.084828.jpg","contentUrl":"https:\/\/static.africa-press.net\/cote\/sites\/43\/2024\/11\/sm_1731162270.084828.jpg","width":720,"height":480,"caption":"Sansan Kambil\u00e9 \u00e0 propos du dernier rapport de l'EPU: \"cette recommandation de l'ONU, n'implique aucune obligation formelle pour le gouvernement ivoirien\""},{"@type":"BreadcrumbList","@id":"https:\/\/www.africa-press.net\/cotedivoire\/politique\/sansan-kambile-a-propos-du-dernier-rapport-de-lepu-cette-recommandation-de-lonu-nimplique-aucune-obligation-formelle-pour-le-gouvernement-ivoirien#breadcrumb","itemListElement":[{"@type":"ListItem","position":1,"name":"Accueil","item":"https:\/\/www.africa-press.net\/cotedivoire\/"},{"@type":"ListItem","position":2,"name":"Sansan Kambil\u00e9 \u00e0 propos du dernier rapport de l&#8217;EPU: &#8220;cette recommandation de l&#8217;ONU, n&#8217;implique aucune obligation formelle pour le gouvernement ivoirien&#8221;"}]},{"@type":"WebSite","@id":"https:\/\/www.africa-press.net\/cotedivoire\/#website","url":"https:\/\/www.africa-press.net\/cotedivoire\/","name":"C\u00f4te d&#039;Ivoire","description":"Just another Africa News Agency Sites site","potentialAction":[{"@type":"SearchAction","target":{"@type":"EntryPoint","urlTemplate":"https:\/\/www.africa-press.net\/cotedivoire\/?s={search_term_string}"},"query-input":{"@type":"PropertyValueSpecification","valueRequired":true,"valueName":"search_term_string"}}],"inLanguage":"fr-FR"},{"@type":"Person","@id":"https:\/\/www.africa-press.net\/cotedivoire\/#\/schema\/person\/2b1cf3cd81a31e3cd26889ca66d677f1","name":"cfeditorfr"}]}},"_links":{"self":[{"href":"https:\/\/www.africa-press.net\/cotedivoire\/wp-json\/wp\/v2\/posts\/90360","targetHints":{"allow":["GET"]}}],"collection":[{"href":"https:\/\/www.africa-press.net\/cotedivoire\/wp-json\/wp\/v2\/posts"}],"about":[{"href":"https:\/\/www.africa-press.net\/cotedivoire\/wp-json\/wp\/v2\/types\/post"}],"author":[{"embeddable":true,"href":"https:\/\/www.africa-press.net\/cotedivoire\/wp-json\/wp\/v2\/users\/82"}],"replies":[{"embeddable":true,"href":"https:\/\/www.africa-press.net\/cotedivoire\/wp-json\/wp\/v2\/comments?post=90360"}],"version-history":[{"count":0,"href":"https:\/\/www.africa-press.net\/cotedivoire\/wp-json\/wp\/v2\/posts\/90360\/revisions"}],"wp:featuredmedia":[{"embeddable":true,"href":"https:\/\/www.africa-press.net\/cotedivoire\/wp-json\/wp\/v2\/media\/90358"}],"wp:attachment":[{"href":"https:\/\/www.africa-press.net\/cotedivoire\/wp-json\/wp\/v2\/media?parent=90360"}],"wp:term":[{"taxonomy":"category","embeddable":true,"href":"https:\/\/www.africa-press.net\/cotedivoire\/wp-json\/wp\/v2\/categories?post=90360"},{"taxonomy":"post_tag","embeddable":true,"href":"https:\/\/www.africa-press.net\/cotedivoire\/wp-json\/wp\/v2\/tags?post=90360"}],"curies":[{"name":"wp","href":"https:\/\/api.w.org\/{rel}","templated":true}]}}