{"id":9046,"date":"2021-06-16T17:13:40","date_gmt":"2021-06-16T17:13:40","guid":{"rendered":"https:\/\/www.africa-press.net\/cotedivoire\/politique\/laurent-gbagbo-rentre-dans-son-pays-pour-contribuer-a-la-reconciliation-dans-la-verite-et-la-justice"},"modified":"2021-06-16T18:30:28","modified_gmt":"2021-06-16T18:30:28","slug":"laurent-gbagbo-rentre-dans-son-pays-pour-contribuer-a-la-reconciliation-dans-la-verite-et-la-justice","status":"publish","type":"post","link":"https:\/\/www.africa-press.net\/cotedivoire\/economie\/laurent-gbagbo-rentre-dans-son-pays-pour-contribuer-a-la-reconciliation-dans-la-verite-et-la-justice","title":{"rendered":"Laurent Gbagbo rentre dans son pays pour contribuer \u00e0 la r\u00e9conciliation dans la v\u00e9rit\u00e9 et la justice"},"content":{"rendered":"<p><span style=\"color: #ff6600\"><strong><a href=\"https:\/\/www.africa-press.net\/\">Africa-Press<\/a> &#8211; <a href=\"https:\/\/www.africa-press.net\/cotedivoire\">C\u00f4te d&rsquo;Ivoire<\/a>. <\/strong><\/span>Bis repetita placent (les choses r\u00e9p\u00e9t\u00e9es plaisent), disait Horace, le po\u00e8te latin de l\u2019Antiquit\u00e9. La nouvelle manifestation que s\u2019appr\u00eate \u00e0 organiser le sieur Issiaka Diaby pour protester contre le retour de Laurent Gbagbo dans son pays, il n\u2019est pas certain qu\u2019elle r\u00e9jouisse la majorit\u00e9 des Ivoiriens. Mais cela a-t-il quelqu\u2019importance pour celui qui, dans un pass\u00e9 r\u00e9cent, aurait s\u00e9journ\u00e9 \u00e0 la Maison d\u2019arr\u00eat et de correction d\u2019Abidjan (MACA) pour escroquerie et qui serait originaire du Mali ? Non ! Tout ce qui semble le pr\u00e9occuper, c\u2019est de plaire aux responsables du Rassemblement des R\u00e9publicains (RDR), de faire le sale boulot que ce parti lui a confi\u00e9, \u00e0 savoir perturber l\u2019arriv\u00e9e de Laurent Gbagbo \u00e0 d\u00e9faut de pouvoir l\u2019emp\u00eacher. C\u2019est \u00e0 dessein que j\u2019utilise ici le verbe \u201cconfier\u201d car il faut \u00eatre na\u00eff pour croire que ce t\u00e9n\u00e9breux personnage, dont les pitreries commencent \u00e0 agacer s\u00e9rieusement, agit de son propre chef. Non, Diaby est en mission pour un roi d\u00e9sormais nu, il a le soutien de Ouattara qui, non content d\u2019\u00eatre un adepte de la duplicit\u00e9 (dire une chose le jour et faire le contraire la nuit), n\u2019a pas encore dig\u00e9r\u00e9 (et ne dig\u00e9rera peut-\u00eatre jamais) l\u2019acquittement d\u00e9finitif de Laurent Gbagbo par la Cour p\u00e9nale internationale (CPI), le 31mars 2021, cet acquittement \u00e9tant v\u00e9cu par lui comme un cinglant d\u00e9saveu.<\/p>\n<p>N\u2019ayant pas le courage de s\u2019opposer \u00e0 la d\u00e9cision de la CPI et donc aux Occidentaux, les seules personnes qu\u2019il respecte et redoute ici-bas, Ouattara pr\u00e9f\u00e8re actionner des associations fantoches qui, chose bizarre, ne s\u2019occupent que des victimes d\u2019une religion, d\u2019une r\u00e9gion et d\u2019un parti politique. Dans un pays qui honore le Droit et la Justice, le Procureur de la R\u00e9publique se serait aussit\u00f4t saisi de la question pour faire ce que la loi lui permet de faire en pareille circonstance, les guides religieux et les chefs traditionnels auraient d\u00e9nonc\u00e9 ce non-sens qui consiste \u00e0 faire porter co\u00fbte que co\u00fbte le chapeau des 3000 morts de la crise post-\u00e9lectorale \u00e0 une personne que la CPI a d\u00e9clar\u00e9e non-coupable au terme d\u2019un proc\u00e8s o\u00f9, aussi paradoxal que cela paraisse, plusieurs t\u00e9moins comme Sam l\u2019Africain eurent \u00e0 pointer un doigt accusateur sur la France. Ailleurs, on aurait demand\u00e9 que la CPI, apr\u00e8s avoir jug\u00e9 et innocent\u00e9 Laurent Gbagbo, s\u2019int\u00e9resse aussi au camp de Ouattara car il y eut quand m\u00eame 900 personnes massacr\u00e9es par ses troupes \u00e0 Du\u00e9kou\u00e9, au nez et \u00e0 la barbe des Nations unies, le 28 mars 2011, des hommes et femmes tu\u00e9s par les soldats et chasseurs dozos fid\u00e8les \u00e0 Ouattara \u00e0 Nahibly, Anonkoua-Kout\u00e9, Ad\u00e9bem, Gitrozon, Monokozohi, etc. Ailleurs, on se serait battu pour que justice soit rendue \u00e0 ces morts et \u00e0 ceux du 19 septembre 2002. Ailleurs, on aurait rappel\u00e9 les atrocit\u00e9s commises \u00e0 Abobo par le Commando invisible d\u2019Ibrahim Coulibaly, un proche de Ouattara, et on aurait interpell\u00e9 publiquement ceux qui esp\u00e8rent effacer l\u2019humiliation de l\u2019acquittement en poussant Issiaka Diaby \u00e0 tenir un discours guerrier et incendiaire. Chez nous, par contre, c\u2019est silence radio, soit parce qu\u2019un ministre de Ouattara est loin d\u2019avoir les coud\u00e9es franches, soit parce qu\u2019on a choisi le camp de ceux qui ont attaqu\u00e9 le pays et l\u2019ont pris en otage depuis le 19 septembre 2002, soit parce que la r\u00e9conciliation est le cadet des soucis de ceux qui mangent et boivent avec le r\u00e9gime d\u2019Abidjan.<\/p>\n<p>Alors que l\u2019arrestation et l\u2019emprisonnement de l\u2019opposant russe Alexei Navalny avaient fait sortir Emmanuel Macron de ses gonds, les menaces de Diaby et sa contestation de la d\u00e9cision de la CPI ne posent aucun probl\u00e8me au pr\u00e9sident fran\u00e7ais. Celui-ci doit probablement se dire que \u00e7a ne fait rien si un Noir se sert d\u2019une arme fabriqu\u00e9e par la France pour trucider un autre Noir. Apr\u00e8s le coup d\u2019\u00c9tat militaire valid\u00e9 au Tchad mais condamn\u00e9 au Mali, nous avons ici une autre preuve que les dirigeants fran\u00e7ais aiment bien faire deux poids, deux mesures et que, pour eux, les Noirs n\u2019ont pas droit \u00e0 la d\u00e9mocratie, ni ne sont concern\u00e9s par la D\u00e9claration universelle des droits de l\u2019homme adopt\u00e9e \u00e0 Paris le 10 d\u00e9cembre 1948.<\/p>\n<p>Pour le retour annonc\u00e9 de Laurent Gbagbo sur la terre de ses anc\u00eatres, il faut certes ne rien n\u00e9gliger, demeurer vigilant et se m\u00e9fier d\u2019un individu qui, en plus d\u2019avoir demand\u00e9 un embargo sur les m\u00e9dicaments et la fermeture des banques en 2010-2011, dit des choses auxquelles il ne croit point mais je suis de ceux qui pensent que, si l\u2019ancien pr\u00e9sident a surv\u00e9cu au bombardement de la r\u00e9sidence pr\u00e9sidentielle, \u00e0 la prison de Korhogo et \u00e0 celle de La Haye, cela veut dire que sa mission sur terre n\u2019est pas encore termin\u00e9e et que ceux qui prof\u00e8rent des menaces contre lui ou conseillent qu\u2019il rentre en catimini alors qu\u2019il fut bombard\u00e9, humili\u00e9, jug\u00e9 et acquitt\u00e9 publiquement, le font en vain car c\u2019est une nouvelle page de la mission qui s\u2019ouvre pour Laurent Gbagbo, le 17 juin 2021. Cet homme, qui semble rebondir ou se relever au moment o\u00f9 ses adversaires le croient fini ou vaincu, feu Abou Drahamane Sangar\u00e9 avait pr\u00e9dit \u00e0 la cl\u00f4ture de la 19\u00e8 \u00e9dition de la f\u00eate de la libert\u00e9 \u00e0 Gagnoa qu\u2019il sortirait de la prison de La Haye parce qu\u2019il n\u2019a rien \u00e0 voir avec les crimes que certains esprits tordus veulent lui imputer, \u201cparce qu\u2019aucune volont\u00e9 ou force humaine ne peut arr\u00eater la destin\u00e9e proph\u00e9tique d\u2019un homme\u201d. Il avait ajout\u00e9, dans ce vibrant hommage, que Gbagbo reviendrait parmi les siens \u201cavec un rameau de paix pour la r\u00e9conciliation nationale\u201d. Avant Gagnoa, la f\u00eate de la libert\u00e9 eut lieu \u00e0 Akour\u00e9, chez les Aky\u00e9, et voici comment Sangar\u00e9 y d\u00e9crivait son compagnon de lutte et camarade: \u201cLaurent Gbagbo ne tient jamais de propos malveillants. Il a des id\u00e9es positives pour autrui. Il a le pardon facile et ne sait pas ce qu\u2019est la rancune. Son c\u0153ur n\u2019est habit\u00e9 ni par la ranc\u0153ur, ni par un quelconque sentiment de haine et de vengeance. Tout semble simple et facile avec lui. Une simplicit\u00e9 et un naturel dont seuls sont capables ceux qui savent qu\u2019ils sont n\u00e9s pour accomplir un grand destin.\u201d<\/p>\n<p>Le RDR, ses dirigeants, militants et sympathisants ne devraient donc pas craindre le retour de Laurent Gbagbo. Il n\u2019est pas n\u00e9cessaire qu\u2019ils se fassent peur et mettent inutilement le pays sous tension car celui qui toujours combattit pour la v\u00e9rit\u00e9 et la justice sans haine ni violence ne vient \u00e9gorger personne. La chasse aux sorci\u00e8res ne fait nullement partie de son programme. Il arrive pour apaiser les c\u0153urs meurtris et contribuer \u00e0 la r\u00e9conciliation des filles et fils de la C\u00f4te d\u2019Ivoire dans la v\u00e9rit\u00e9 et la justice, conditions d\u2019une paix vraie et durable.<\/p>\n<p>Il est possible, malgr\u00e9 tout, que certains non-Ivoiriens, qui n\u2019auraient jamais d\u00fb se m\u00ealer activement de notre politique, soient d\u00e9rang\u00e9s par son retour, qu\u2019ils ne d\u00e9sirent pas revoir son visage. Ceux-l\u00e0, personne ne les oblige \u00e0 demeurer en C\u00f4te d\u2019Ivoire. Ils peuvent, s\u2019ils ont un peu de dignit\u00e9 et d\u2019honneur, quitter notre pays et ne plus y remettre les pieds. Non seulement nous ne regretterons pas leur d\u00e9part mais notre pays ne s\u2019en portera que beaucoup mieux.<\/p>\n<p>&nbsp;<\/p>\n","protected":false},"excerpt":{"rendered":"<p>Africa-Press &#8211; C\u00f4te d&rsquo;Ivoire. Bis repetita placent (les choses r\u00e9p\u00e9t\u00e9es plaisent), disait Horace, le po\u00e8te latin de l\u2019Antiquit\u00e9. La nouvelle manifestation que s\u2019appr\u00eate \u00e0 organiser le sieur Issiaka Diaby pour protester contre le retour de Laurent Gbagbo dans son pays, il n\u2019est pas certain qu\u2019elle r\u00e9jouisse la majorit\u00e9 des Ivoiriens. Mais cela a-t-il quelqu\u2019importance pour [&hellip;]<\/p>\n","protected":false},"author":82,"featured_media":9045,"comment_status":"open","ping_status":"closed","sticky":false,"template":"","format":"standard","meta":{"footnotes":""},"categories":[3,11,10],"tags":[56,63,29],"class_list":["post-9046","post","type-post","status-publish","format-standard","has-post-thumbnail","hentry","category-economie","category-homepage-french","category-toutes-les-actualites","tag-africa-press","tag-africa-press-cote-divoire","tag-cote-divoire"],"yoast_head":"<!-- This site is optimized with the Yoast SEO Premium plugin v26.1 (Yoast SEO v27.0) - https:\/\/yoast.com\/product\/yoast-seo-premium-wordpress\/ -->\n<title>Laurent Gbagbo rentre dans son pays pour contribuer \u00e0 la r\u00e9conciliation dans la v\u00e9rit\u00e9 et la justice - C\u00f4te d&#039;Ivoire<\/title>\n<meta name=\"description\" content=\"Bis repetita placent (les choses r\u00e9p\u00e9t\u00e9es plaisent), disait Horace, le po\u00e8te latin de l\u2019Antiquit\u00e9. La nouvelle manifesta ...\" \/>\n<meta name=\"robots\" content=\"index, follow, max-snippet:-1, max-image-preview:large, max-video-preview:-1\" \/>\n<link rel=\"canonical\" href=\"https:\/\/www.africa-press.net\/cotedivoire\/economie\/laurent-gbagbo-rentre-dans-son-pays-pour-contribuer-a-la-reconciliation-dans-la-verite-et-la-justice\" \/>\n<meta property=\"og:locale\" content=\"fr_FR\" \/>\n<meta property=\"og:type\" content=\"article\" \/>\n<meta property=\"og:title\" content=\"Laurent Gbagbo rentre dans son pays pour contribuer \u00e0 la r\u00e9conciliation dans la v\u00e9rit\u00e9 et la justice\" \/>\n<meta property=\"og:description\" content=\"Bis repetita placent (les choses r\u00e9p\u00e9t\u00e9es plaisent), disait Horace, le po\u00e8te latin de l\u2019Antiquit\u00e9. La nouvelle manifesta ...\" \/>\n<meta property=\"og:url\" content=\"https:\/\/www.africa-press.net\/cotedivoire\/economie\/laurent-gbagbo-rentre-dans-son-pays-pour-contribuer-a-la-reconciliation-dans-la-verite-et-la-justice\" \/>\n<meta property=\"og:site_name\" content=\"C\u00f4te d&#039;Ivoire\" \/>\n<meta property=\"article:published_time\" content=\"2021-06-16T17:13:40+00:00\" \/>\n<meta property=\"article:modified_time\" content=\"2021-06-16T18:30:28+00:00\" \/>\n<meta property=\"og:image\" content=\"https:\/\/static.africa-press.net\/cote\/sites\/43\/2021\/06\/img-60ca30f8d4707.jpg\" \/>\n\t<meta property=\"og:image:width\" content=\"1000\" \/>\n\t<meta property=\"og:image:height\" content=\"681\" \/>\n\t<meta property=\"og:image:type\" content=\"image\/jpeg\" \/>\n<meta name=\"author\" content=\"cfeditorfr\" \/>\n<meta name=\"twitter:card\" content=\"summary_large_image\" \/>\n<meta name=\"twitter:label1\" content=\"\u00c9crit par\" \/>\n\t<meta name=\"twitter:data1\" content=\"cfeditorfr\" \/>\n\t<meta name=\"twitter:label2\" content=\"Dur\u00e9e de lecture estim\u00e9e\" \/>\n\t<meta name=\"twitter:data2\" content=\"7 minutes\" \/>\n<script type=\"application\/ld+json\" class=\"yoast-schema-graph\">{\"@context\":\"https:\/\/schema.org\",\"@graph\":[{\"@type\":\"Article\",\"@id\":\"https:\/\/www.africa-press.net\/cotedivoire\/economie\/laurent-gbagbo-rentre-dans-son-pays-pour-contribuer-a-la-reconciliation-dans-la-verite-et-la-justice#article\",\"isPartOf\":{\"@id\":\"https:\/\/www.africa-press.net\/cotedivoire\/economie\/laurent-gbagbo-rentre-dans-son-pays-pour-contribuer-a-la-reconciliation-dans-la-verite-et-la-justice\"},\"author\":{\"name\":\"cfeditorfr\",\"@id\":\"https:\/\/www.africa-press.net\/cotedivoire\/#\/schema\/person\/2b1cf3cd81a31e3cd26889ca66d677f1\"},\"headline\":\"Laurent Gbagbo rentre dans son pays pour contribuer \u00e0 la r\u00e9conciliation dans la v\u00e9rit\u00e9 et la justice\",\"datePublished\":\"2021-06-16T17:13:40+00:00\",\"dateModified\":\"2021-06-16T18:30:28+00:00\",\"mainEntityOfPage\":{\"@id\":\"https:\/\/www.africa-press.net\/cotedivoire\/economie\/laurent-gbagbo-rentre-dans-son-pays-pour-contribuer-a-la-reconciliation-dans-la-verite-et-la-justice\"},\"wordCount\":1334,\"commentCount\":0,\"image\":{\"@id\":\"https:\/\/www.africa-press.net\/cotedivoire\/economie\/laurent-gbagbo-rentre-dans-son-pays-pour-contribuer-a-la-reconciliation-dans-la-verite-et-la-justice#primaryimage\"},\"thumbnailUrl\":\"https:\/\/static.africa-press.net\/cote\/sites\/43\/2021\/06\/img-60ca30f8d4707.jpg\",\"keywords\":[\"Africa Press\",\"Africa Press-C\u00f4te d'Ivoire\",\"C\u00d4TE D'IVOIRE\"],\"articleSection\":[\"\u00c9conomie\",\"homepage-french\",\"Toutes les actualit\u00e9s\"],\"inLanguage\":\"fr-FR\",\"potentialAction\":[{\"@type\":\"CommentAction\",\"name\":\"Comment\",\"target\":[\"https:\/\/www.africa-press.net\/cotedivoire\/economie\/laurent-gbagbo-rentre-dans-son-pays-pour-contribuer-a-la-reconciliation-dans-la-verite-et-la-justice#respond\"]}]},{\"@type\":\"WebPage\",\"@id\":\"https:\/\/www.africa-press.net\/cotedivoire\/economie\/laurent-gbagbo-rentre-dans-son-pays-pour-contribuer-a-la-reconciliation-dans-la-verite-et-la-justice\",\"url\":\"https:\/\/www.africa-press.net\/cotedivoire\/economie\/laurent-gbagbo-rentre-dans-son-pays-pour-contribuer-a-la-reconciliation-dans-la-verite-et-la-justice\",\"name\":\"Laurent Gbagbo rentre dans son pays pour contribuer \u00e0 la r\u00e9conciliation dans la v\u00e9rit\u00e9 et la justice - C\u00f4te d&#039;Ivoire\",\"isPartOf\":{\"@id\":\"https:\/\/www.africa-press.net\/cotedivoire\/#website\"},\"primaryImageOfPage\":{\"@id\":\"https:\/\/www.africa-press.net\/cotedivoire\/economie\/laurent-gbagbo-rentre-dans-son-pays-pour-contribuer-a-la-reconciliation-dans-la-verite-et-la-justice#primaryimage\"},\"image\":{\"@id\":\"https:\/\/www.africa-press.net\/cotedivoire\/economie\/laurent-gbagbo-rentre-dans-son-pays-pour-contribuer-a-la-reconciliation-dans-la-verite-et-la-justice#primaryimage\"},\"thumbnailUrl\":\"https:\/\/static.africa-press.net\/cote\/sites\/43\/2021\/06\/img-60ca30f8d4707.jpg\",\"datePublished\":\"2021-06-16T17:13:40+00:00\",\"dateModified\":\"2021-06-16T18:30:28+00:00\",\"author\":{\"@id\":\"https:\/\/www.africa-press.net\/cotedivoire\/#\/schema\/person\/2b1cf3cd81a31e3cd26889ca66d677f1\"},\"description\":\"Bis repetita placent (les choses r\u00e9p\u00e9t\u00e9es plaisent), disait Horace, le po\u00e8te latin de l\u2019Antiquit\u00e9. La nouvelle manifesta ...\",\"breadcrumb\":{\"@id\":\"https:\/\/www.africa-press.net\/cotedivoire\/economie\/laurent-gbagbo-rentre-dans-son-pays-pour-contribuer-a-la-reconciliation-dans-la-verite-et-la-justice#breadcrumb\"},\"inLanguage\":\"fr-FR\",\"potentialAction\":[{\"@type\":\"ReadAction\",\"target\":[\"https:\/\/www.africa-press.net\/cotedivoire\/economie\/laurent-gbagbo-rentre-dans-son-pays-pour-contribuer-a-la-reconciliation-dans-la-verite-et-la-justice\"]}]},{\"@type\":\"ImageObject\",\"inLanguage\":\"fr-FR\",\"@id\":\"https:\/\/www.africa-press.net\/cotedivoire\/economie\/laurent-gbagbo-rentre-dans-son-pays-pour-contribuer-a-la-reconciliation-dans-la-verite-et-la-justice#primaryimage\",\"url\":\"https:\/\/static.africa-press.net\/cote\/sites\/43\/2021\/06\/img-60ca30f8d4707.jpg\",\"contentUrl\":\"https:\/\/static.africa-press.net\/cote\/sites\/43\/2021\/06\/img-60ca30f8d4707.jpg\",\"width\":1000,\"height\":681,\"caption\":\"Laurent Gbagbo rentre dans son pays pour contribuer \u00e0 la r\u00e9conciliation dans la v\u00e9rit\u00e9 et la justice\"},{\"@type\":\"BreadcrumbList\",\"@id\":\"https:\/\/www.africa-press.net\/cotedivoire\/economie\/laurent-gbagbo-rentre-dans-son-pays-pour-contribuer-a-la-reconciliation-dans-la-verite-et-la-justice#breadcrumb\",\"itemListElement\":[{\"@type\":\"ListItem\",\"position\":1,\"name\":\"Accueil\",\"item\":\"https:\/\/www.africa-press.net\/cotedivoire\/\"},{\"@type\":\"ListItem\",\"position\":2,\"name\":\"Laurent Gbagbo rentre dans son pays pour contribuer \u00e0 la r\u00e9conciliation dans la v\u00e9rit\u00e9 et la justice\"}]},{\"@type\":\"WebSite\",\"@id\":\"https:\/\/www.africa-press.net\/cotedivoire\/#website\",\"url\":\"https:\/\/www.africa-press.net\/cotedivoire\/\",\"name\":\"C\u00f4te d&#039;Ivoire\",\"description\":\"Just another Africa News Agency Sites site\",\"potentialAction\":[{\"@type\":\"SearchAction\",\"target\":{\"@type\":\"EntryPoint\",\"urlTemplate\":\"https:\/\/www.africa-press.net\/cotedivoire\/?s={search_term_string}\"},\"query-input\":{\"@type\":\"PropertyValueSpecification\",\"valueRequired\":true,\"valueName\":\"search_term_string\"}}],\"inLanguage\":\"fr-FR\"},{\"@type\":\"Person\",\"@id\":\"https:\/\/www.africa-press.net\/cotedivoire\/#\/schema\/person\/2b1cf3cd81a31e3cd26889ca66d677f1\",\"name\":\"cfeditorfr\"}]}<\/script>\n<!-- \/ Yoast SEO Premium plugin. -->","yoast_head_json":{"title":"Laurent Gbagbo rentre dans son pays pour contribuer \u00e0 la r\u00e9conciliation dans la v\u00e9rit\u00e9 et la justice - C\u00f4te d&#039;Ivoire","description":"Bis repetita placent (les choses r\u00e9p\u00e9t\u00e9es plaisent), disait Horace, le po\u00e8te latin de l\u2019Antiquit\u00e9. La nouvelle manifesta ...","robots":{"index":"index","follow":"follow","max-snippet":"max-snippet:-1","max-image-preview":"max-image-preview:large","max-video-preview":"max-video-preview:-1"},"canonical":"https:\/\/www.africa-press.net\/cotedivoire\/economie\/laurent-gbagbo-rentre-dans-son-pays-pour-contribuer-a-la-reconciliation-dans-la-verite-et-la-justice","og_locale":"fr_FR","og_type":"article","og_title":"Laurent Gbagbo rentre dans son pays pour contribuer \u00e0 la r\u00e9conciliation dans la v\u00e9rit\u00e9 et la justice","og_description":"Bis repetita placent (les choses r\u00e9p\u00e9t\u00e9es plaisent), disait Horace, le po\u00e8te latin de l\u2019Antiquit\u00e9. La nouvelle manifesta ...","og_url":"https:\/\/www.africa-press.net\/cotedivoire\/economie\/laurent-gbagbo-rentre-dans-son-pays-pour-contribuer-a-la-reconciliation-dans-la-verite-et-la-justice","og_site_name":"C\u00f4te d&#039;Ivoire","article_published_time":"2021-06-16T17:13:40+00:00","article_modified_time":"2021-06-16T18:30:28+00:00","og_image":[{"width":1000,"height":681,"url":"https:\/\/static.africa-press.net\/cote\/sites\/43\/2021\/06\/img-60ca30f8d4707.jpg","type":"image\/jpeg"}],"author":"cfeditorfr","twitter_card":"summary_large_image","twitter_misc":{"\u00c9crit par":"cfeditorfr","Dur\u00e9e de lecture estim\u00e9e":"7 minutes"},"schema":{"@context":"https:\/\/schema.org","@graph":[{"@type":"Article","@id":"https:\/\/www.africa-press.net\/cotedivoire\/economie\/laurent-gbagbo-rentre-dans-son-pays-pour-contribuer-a-la-reconciliation-dans-la-verite-et-la-justice#article","isPartOf":{"@id":"https:\/\/www.africa-press.net\/cotedivoire\/economie\/laurent-gbagbo-rentre-dans-son-pays-pour-contribuer-a-la-reconciliation-dans-la-verite-et-la-justice"},"author":{"name":"cfeditorfr","@id":"https:\/\/www.africa-press.net\/cotedivoire\/#\/schema\/person\/2b1cf3cd81a31e3cd26889ca66d677f1"},"headline":"Laurent Gbagbo rentre dans son pays pour contribuer \u00e0 la r\u00e9conciliation dans la v\u00e9rit\u00e9 et la justice","datePublished":"2021-06-16T17:13:40+00:00","dateModified":"2021-06-16T18:30:28+00:00","mainEntityOfPage":{"@id":"https:\/\/www.africa-press.net\/cotedivoire\/economie\/laurent-gbagbo-rentre-dans-son-pays-pour-contribuer-a-la-reconciliation-dans-la-verite-et-la-justice"},"wordCount":1334,"commentCount":0,"image":{"@id":"https:\/\/www.africa-press.net\/cotedivoire\/economie\/laurent-gbagbo-rentre-dans-son-pays-pour-contribuer-a-la-reconciliation-dans-la-verite-et-la-justice#primaryimage"},"thumbnailUrl":"https:\/\/static.africa-press.net\/cote\/sites\/43\/2021\/06\/img-60ca30f8d4707.jpg","keywords":["Africa Press","Africa Press-C\u00f4te d'Ivoire","C\u00d4TE D'IVOIRE"],"articleSection":["\u00c9conomie","homepage-french","Toutes les actualit\u00e9s"],"inLanguage":"fr-FR","potentialAction":[{"@type":"CommentAction","name":"Comment","target":["https:\/\/www.africa-press.net\/cotedivoire\/economie\/laurent-gbagbo-rentre-dans-son-pays-pour-contribuer-a-la-reconciliation-dans-la-verite-et-la-justice#respond"]}]},{"@type":"WebPage","@id":"https:\/\/www.africa-press.net\/cotedivoire\/economie\/laurent-gbagbo-rentre-dans-son-pays-pour-contribuer-a-la-reconciliation-dans-la-verite-et-la-justice","url":"https:\/\/www.africa-press.net\/cotedivoire\/economie\/laurent-gbagbo-rentre-dans-son-pays-pour-contribuer-a-la-reconciliation-dans-la-verite-et-la-justice","name":"Laurent Gbagbo rentre dans son pays pour contribuer \u00e0 la r\u00e9conciliation dans la v\u00e9rit\u00e9 et la justice - C\u00f4te d&#039;Ivoire","isPartOf":{"@id":"https:\/\/www.africa-press.net\/cotedivoire\/#website"},"primaryImageOfPage":{"@id":"https:\/\/www.africa-press.net\/cotedivoire\/economie\/laurent-gbagbo-rentre-dans-son-pays-pour-contribuer-a-la-reconciliation-dans-la-verite-et-la-justice#primaryimage"},"image":{"@id":"https:\/\/www.africa-press.net\/cotedivoire\/economie\/laurent-gbagbo-rentre-dans-son-pays-pour-contribuer-a-la-reconciliation-dans-la-verite-et-la-justice#primaryimage"},"thumbnailUrl":"https:\/\/static.africa-press.net\/cote\/sites\/43\/2021\/06\/img-60ca30f8d4707.jpg","datePublished":"2021-06-16T17:13:40+00:00","dateModified":"2021-06-16T18:30:28+00:00","author":{"@id":"https:\/\/www.africa-press.net\/cotedivoire\/#\/schema\/person\/2b1cf3cd81a31e3cd26889ca66d677f1"},"description":"Bis repetita placent (les choses r\u00e9p\u00e9t\u00e9es plaisent), disait Horace, le po\u00e8te latin de l\u2019Antiquit\u00e9. La nouvelle manifesta ...","breadcrumb":{"@id":"https:\/\/www.africa-press.net\/cotedivoire\/economie\/laurent-gbagbo-rentre-dans-son-pays-pour-contribuer-a-la-reconciliation-dans-la-verite-et-la-justice#breadcrumb"},"inLanguage":"fr-FR","potentialAction":[{"@type":"ReadAction","target":["https:\/\/www.africa-press.net\/cotedivoire\/economie\/laurent-gbagbo-rentre-dans-son-pays-pour-contribuer-a-la-reconciliation-dans-la-verite-et-la-justice"]}]},{"@type":"ImageObject","inLanguage":"fr-FR","@id":"https:\/\/www.africa-press.net\/cotedivoire\/economie\/laurent-gbagbo-rentre-dans-son-pays-pour-contribuer-a-la-reconciliation-dans-la-verite-et-la-justice#primaryimage","url":"https:\/\/static.africa-press.net\/cote\/sites\/43\/2021\/06\/img-60ca30f8d4707.jpg","contentUrl":"https:\/\/static.africa-press.net\/cote\/sites\/43\/2021\/06\/img-60ca30f8d4707.jpg","width":1000,"height":681,"caption":"Laurent Gbagbo rentre dans son pays pour contribuer \u00e0 la r\u00e9conciliation dans la v\u00e9rit\u00e9 et la justice"},{"@type":"BreadcrumbList","@id":"https:\/\/www.africa-press.net\/cotedivoire\/economie\/laurent-gbagbo-rentre-dans-son-pays-pour-contribuer-a-la-reconciliation-dans-la-verite-et-la-justice#breadcrumb","itemListElement":[{"@type":"ListItem","position":1,"name":"Accueil","item":"https:\/\/www.africa-press.net\/cotedivoire\/"},{"@type":"ListItem","position":2,"name":"Laurent Gbagbo rentre dans son pays pour contribuer \u00e0 la r\u00e9conciliation dans la v\u00e9rit\u00e9 et la justice"}]},{"@type":"WebSite","@id":"https:\/\/www.africa-press.net\/cotedivoire\/#website","url":"https:\/\/www.africa-press.net\/cotedivoire\/","name":"C\u00f4te d&#039;Ivoire","description":"Just another Africa News Agency Sites site","potentialAction":[{"@type":"SearchAction","target":{"@type":"EntryPoint","urlTemplate":"https:\/\/www.africa-press.net\/cotedivoire\/?s={search_term_string}"},"query-input":{"@type":"PropertyValueSpecification","valueRequired":true,"valueName":"search_term_string"}}],"inLanguage":"fr-FR"},{"@type":"Person","@id":"https:\/\/www.africa-press.net\/cotedivoire\/#\/schema\/person\/2b1cf3cd81a31e3cd26889ca66d677f1","name":"cfeditorfr"}]}},"_links":{"self":[{"href":"https:\/\/www.africa-press.net\/cotedivoire\/wp-json\/wp\/v2\/posts\/9046","targetHints":{"allow":["GET"]}}],"collection":[{"href":"https:\/\/www.africa-press.net\/cotedivoire\/wp-json\/wp\/v2\/posts"}],"about":[{"href":"https:\/\/www.africa-press.net\/cotedivoire\/wp-json\/wp\/v2\/types\/post"}],"author":[{"embeddable":true,"href":"https:\/\/www.africa-press.net\/cotedivoire\/wp-json\/wp\/v2\/users\/82"}],"replies":[{"embeddable":true,"href":"https:\/\/www.africa-press.net\/cotedivoire\/wp-json\/wp\/v2\/comments?post=9046"}],"version-history":[{"count":0,"href":"https:\/\/www.africa-press.net\/cotedivoire\/wp-json\/wp\/v2\/posts\/9046\/revisions"}],"wp:featuredmedia":[{"embeddable":true,"href":"https:\/\/www.africa-press.net\/cotedivoire\/wp-json\/wp\/v2\/media\/9045"}],"wp:attachment":[{"href":"https:\/\/www.africa-press.net\/cotedivoire\/wp-json\/wp\/v2\/media?parent=9046"}],"wp:term":[{"taxonomy":"category","embeddable":true,"href":"https:\/\/www.africa-press.net\/cotedivoire\/wp-json\/wp\/v2\/categories?post=9046"},{"taxonomy":"post_tag","embeddable":true,"href":"https:\/\/www.africa-press.net\/cotedivoire\/wp-json\/wp\/v2\/tags?post=9046"}],"curies":[{"name":"wp","href":"https:\/\/api.w.org\/{rel}","templated":true}]}}