{"id":90463,"date":"2024-11-11T16:04:11","date_gmt":"2024-11-11T16:04:11","guid":{"rendered":"https:\/\/www.africa-press.net\/cotedivoire\/politique\/decouverte-macabre-a-lancienne-decharge-dakouedo-village-le-procureur-de-la-republique-dresse-le-bilan"},"modified":"2024-11-11T16:15:38","modified_gmt":"2024-11-11T16:15:38","slug":"decouverte-macabre-a-lancienne-decharge-dakouedo-village-le-procureur-de-la-republique-dresse-le-bilan","status":"publish","type":"post","link":"https:\/\/www.africa-press.net\/cotedivoire\/politique\/decouverte-macabre-a-lancienne-decharge-dakouedo-village-le-procureur-de-la-republique-dresse-le-bilan","title":{"rendered":"D\u00e9couverte macabre \u00e0 l&rsquo;ancienne d\u00e9charge d&rsquo;Akouedo village, le Procureur de la R\u00e9publique dresse le bilan"},"content":{"rendered":"<p><span style=\"color: #ff6600\"><strong>Africa-Press &#8211; C\u00f4te d&rsquo;Ivoire. <\/strong><\/span>Comme annonce\u0301 plus to\u0302t sur KOACI, a e\u0301te\u0301 de\u0301couvert ce dimanche 10 novembre 2024, vers 11 heures, a\u0300 l&rsquo;ancienne de\u0301charge d&rsquo;Akouedo village, des de\u0301chets me\u0301dicaux de\u0301verse\u0301s par des individus ou entite\u0301s non encore identifie\u0301s.<\/p>\n<p>A\u0300 travers un communique\u0301 transmis, le Procureur de la Re\u0301publique dresse le bilan et met en garde contre les fausses informations diffuse\u0301es sur le sujet.<\/p>\n<p>Kone\u0301 Braman Oumar annonce que \u00ab\u00a0\u00a0\u00bbes services compe\u0301tents de\u0301pe\u0302che\u0301s sur les lieux y ont retrouve\u0301 un (01) mort-ne\u0301, un (01) avorton (fausse couche), dix (10) fibromes, trois (03) hernies e\u0301trangle\u0301es, un 01) sac contenant plusieurs types de pre\u0301le\u0300vements biologiques de me\u0302me que plusieurs fiches estampille\u0301es \u00a0\u00bb CHU DE TREICHVILLE\u00a0\u00bb et \u00ab\u00a0CHU DE YOPOUGON\u00a0\u00bb. Une enque\u0302te a e\u0301te\u0301 imme\u0301diatement ouverte au commissariat de police du 18e Arrondissement.\u00a0\u00bb<\/p>\n<p>Le Procureur de la Re\u0301publique tient a\u0300 indiquer qu&rsquo;il ne s&rsquo;agit pas de la de\u0301couverte de vingt (20) be\u0301be\u0301s morts encore moins de deux-cents (200) comme certaines personnes le laissent croire dans des publications sur les re\u0301seaux sociaux.<\/p>\n<p>Enfin, Kone\u0301 Braman Oumar \u00ab\u00a0met en garde tous les auteurs et relais de ces publications sans fondement et informe qu&rsquo;ils sont passibles de poursuites judiciaires.\u00a0\u00bb, comme releve\u0301.<\/p>\n\r\n                <style type=\"text\/css\">\r\n                    \r\n                    #td_uid_1_69f3254ca51c0  .td-doubleSlider-2 .td-item1 {\r\n                        background: url(https:\/\/static.africa-press.net\/cote\/sites\/43\/2024\/11\/sm_1731329095.848594-80x60.jpg) 0 0 no-repeat;\r\n                    }\r\n                <\/style>\r\n\r\n                <div id=\"td_uid_1_69f3254ca51c0\" class=\"td-gallery td-slide-on-2-columns\">\r\n                    <div class=\"post_td_gallery\">\r\n                        <div class=\"td-gallery-slide-top\">\r\n                           <div class=\"td-gallery-title\"><\/div>\r\n\r\n                            <div class=\"td-gallery-controls-wrapper\">\r\n                                <div class=\"td-gallery-slide-count\"><span class=\"td-gallery-slide-item-focus\">1<\/span> de 1<\/div>\r\n                                <div class=\"td-gallery-slide-prev-next-but\">\r\n                                    <i class = \"td-icon-left doubleSliderPrevButton\"><\/i>\r\n                                    <i class = \"td-icon-right doubleSliderNextButton\"><\/i>\r\n                                <\/div>\r\n                            <\/div>\r\n                        <\/div>\r\n\r\n                        <div class = \"td-doubleSlider-1 \">\r\n                            <div class = \"td-slider\">\r\n                                \r\n                    <div class = \"td-slide-item td-item1\">\r\n                        <figure class=\"td-slide-galery-figure td-slide-popup-gallery\">\r\n                            <a class=\"slide-gallery-image-link\" href=\"https:\/\/static.africa-press.net\/cote\/sites\/43\/2024\/11\/sm_1731329095.848594.jpg\" title=\"sm_1731329095.848594\"  data-caption=\"\"  data-description=\"\">\r\n                                <img decoding=\"async\" src=\"https:\/\/static.africa-press.net\/cote\/sites\/43\/2024\/11\/sm_1731329095.848594.jpg\" srcset=\"https:\/\/static.africa-press.net\/cote\/sites\/43\/2024\/11\/sm_1731329095.848594.jpg 1000w, https:\/\/static.africa-press.net\/cote\/sites\/43\/2024\/11\/sm_1731329095.848594-300x178.jpg 300w, https:\/\/static.africa-press.net\/cote\/sites\/43\/2024\/11\/sm_1731329095.848594-768x455.jpg 768w\" sizes=\"(max-width: 1000px) 100vw, 1000px\" alt=\"\">\r\n                            <\/a>\r\n                            \r\n                        <\/figure>\r\n                    <\/div>\r\n                            <\/div>\r\n                        <\/div>\r\n\r\n                        <div class = \"td-doubleSlider-2\">\r\n                            <div class = \"td-slider\">\r\n                                \r\n                    <div class = \"td-button td-item1\">\r\n                        <div class = \"td-border\"><\/div>\r\n                    <\/div>\r\n                            <\/div>\r\n                        <\/div>\r\n\r\n                    <\/div>\r\n\r\n                <\/div>\r\n                \n<p><strong>Pour plus d&rsquo;informations et d&rsquo;analyses sur la C\u00f4te d&rsquo;Ivoire, suivez Africa-Press<\/strong><\/p>\n","protected":false},"excerpt":{"rendered":"<p>Africa-Press &#8211; C\u00f4te d&rsquo;Ivoire. Comme annonce\u0301 plus to\u0302t sur KOACI, a e\u0301te\u0301 de\u0301couvert ce dimanche 10 novembre 2024, vers 11 heures, a\u0300 l&rsquo;ancienne de\u0301charge d&rsquo;Akouedo village, des de\u0301chets me\u0301dicaux de\u0301verse\u0301s par des individus ou entite\u0301s non encore identifie\u0301s. A\u0300 travers un communique\u0301 transmis, le Procureur de la Re\u0301publique dresse le bilan et met en garde [&hellip;]<\/p>\n","protected":false},"author":82,"featured_media":90462,"comment_status":"open","ping_status":"closed","sticky":false,"template":"","format":"standard","meta":{"footnotes":""},"categories":[2,10],"tags":[4096,3326,29,10821],"class_list":["post-90463","post","type-post","status-publish","format-standard","has-post-thumbnail","hentry","category-politique","category-toutes-les-actualites","tag-akouedo","tag-chu","tag-cote-divoire","tag-kone-braman-oumar"],"yoast_head":"<!-- This site is optimized with the Yoast SEO Premium plugin v26.1 (Yoast SEO v27.0) - https:\/\/yoast.com\/product\/yoast-seo-premium-wordpress\/ -->\n<title>D\u00e9couverte macabre \u00e0 l&#039;ancienne d\u00e9charge d&#039;Akouedo village, le Procureur de la R\u00e9publique dresse le bilan - C\u00f4te d&#039;Ivoire<\/title>\n<meta name=\"description\" content=\"Comme annonce\u0301 plus to\u0302t sur KOACI, a e\u0301te\u0301 de\u0301couvert ce dimanche 10 novembre 2024, vers 11 heures, a\u0300 l&#039;ancienne de\u0301ch ...\" \/>\n<meta name=\"robots\" content=\"index, follow, max-snippet:-1, max-image-preview:large, max-video-preview:-1\" \/>\n<link rel=\"canonical\" href=\"https:\/\/www.africa-press.net\/cotedivoire\/politique\/decouverte-macabre-a-lancienne-decharge-dakouedo-village-le-procureur-de-la-republique-dresse-le-bilan\" \/>\n<meta property=\"og:locale\" content=\"fr_FR\" \/>\n<meta property=\"og:type\" content=\"article\" \/>\n<meta property=\"og:title\" content=\"D\u00e9couverte macabre \u00e0 l&#039;ancienne d\u00e9charge d&#039;Akouedo village, le Procureur de la R\u00e9publique dresse le bilan\" \/>\n<meta property=\"og:description\" content=\"Comme annonce\u0301 plus to\u0302t sur KOACI, a e\u0301te\u0301 de\u0301couvert ce dimanche 10 novembre 2024, vers 11 heures, a\u0300 l&#039;ancienne de\u0301ch ...\" \/>\n<meta property=\"og:url\" content=\"https:\/\/www.africa-press.net\/cotedivoire\/politique\/decouverte-macabre-a-lancienne-decharge-dakouedo-village-le-procureur-de-la-republique-dresse-le-bilan\" \/>\n<meta property=\"og:site_name\" content=\"C\u00f4te d&#039;Ivoire\" \/>\n<meta property=\"article:published_time\" content=\"2024-11-11T16:04:11+00:00\" \/>\n<meta property=\"article:modified_time\" content=\"2024-11-11T16:15:38+00:00\" \/>\n<meta property=\"og:image\" content=\"https:\/\/static.africa-press.net\/cote\/sites\/43\/2024\/11\/sm_1731329100.47015.jpg\" \/>\n\t<meta property=\"og:image:width\" content=\"720\" \/>\n\t<meta property=\"og:image:height\" content=\"337\" \/>\n\t<meta property=\"og:image:type\" content=\"image\/jpeg\" \/>\n<meta name=\"author\" content=\"cfeditorfr\" \/>\n<meta name=\"twitter:card\" content=\"summary_large_image\" \/>\n<meta name=\"twitter:label1\" content=\"\u00c9crit par\" \/>\n\t<meta name=\"twitter:data1\" content=\"cfeditorfr\" \/>\n\t<meta name=\"twitter:label2\" content=\"Dur\u00e9e de lecture estim\u00e9e\" \/>\n\t<meta name=\"twitter:data2\" content=\"1 minute\" \/>\n<script type=\"application\/ld+json\" class=\"yoast-schema-graph\">{\"@context\":\"https:\/\/schema.org\",\"@graph\":[{\"@type\":\"Article\",\"@id\":\"https:\/\/www.africa-press.net\/cotedivoire\/politique\/decouverte-macabre-a-lancienne-decharge-dakouedo-village-le-procureur-de-la-republique-dresse-le-bilan#article\",\"isPartOf\":{\"@id\":\"https:\/\/www.africa-press.net\/cotedivoire\/politique\/decouverte-macabre-a-lancienne-decharge-dakouedo-village-le-procureur-de-la-republique-dresse-le-bilan\"},\"author\":{\"name\":\"cfeditorfr\",\"@id\":\"https:\/\/www.africa-press.net\/cotedivoire\/#\/schema\/person\/2b1cf3cd81a31e3cd26889ca66d677f1\"},\"headline\":\"D\u00e9couverte macabre \u00e0 l&rsquo;ancienne d\u00e9charge d&rsquo;Akouedo village, le Procureur de la R\u00e9publique dresse le bilan\",\"datePublished\":\"2024-11-11T16:04:11+00:00\",\"dateModified\":\"2024-11-11T16:15:38+00:00\",\"mainEntityOfPage\":{\"@id\":\"https:\/\/www.africa-press.net\/cotedivoire\/politique\/decouverte-macabre-a-lancienne-decharge-dakouedo-village-le-procureur-de-la-republique-dresse-le-bilan\"},\"wordCount\":264,\"commentCount\":0,\"image\":{\"@id\":\"https:\/\/www.africa-press.net\/cotedivoire\/politique\/decouverte-macabre-a-lancienne-decharge-dakouedo-village-le-procureur-de-la-republique-dresse-le-bilan#primaryimage\"},\"thumbnailUrl\":\"https:\/\/static.africa-press.net\/cote\/sites\/43\/2024\/11\/sm_1731329100.47015.jpg\",\"keywords\":[\"Akouedo\",\"CHU\",\"C\u00d4TE D'IVOIRE\",\"Kon\u00e9 Braman Oumar\"],\"articleSection\":[\"Politique\",\"Toutes les actualit\u00e9s\"],\"inLanguage\":\"fr-FR\",\"potentialAction\":[{\"@type\":\"CommentAction\",\"name\":\"Comment\",\"target\":[\"https:\/\/www.africa-press.net\/cotedivoire\/politique\/decouverte-macabre-a-lancienne-decharge-dakouedo-village-le-procureur-de-la-republique-dresse-le-bilan#respond\"]}]},{\"@type\":\"WebPage\",\"@id\":\"https:\/\/www.africa-press.net\/cotedivoire\/politique\/decouverte-macabre-a-lancienne-decharge-dakouedo-village-le-procureur-de-la-republique-dresse-le-bilan\",\"url\":\"https:\/\/www.africa-press.net\/cotedivoire\/politique\/decouverte-macabre-a-lancienne-decharge-dakouedo-village-le-procureur-de-la-republique-dresse-le-bilan\",\"name\":\"D\u00e9couverte macabre \u00e0 l'ancienne d\u00e9charge d'Akouedo village, le Procureur de la R\u00e9publique dresse le bilan - C\u00f4te d&#039;Ivoire\",\"isPartOf\":{\"@id\":\"https:\/\/www.africa-press.net\/cotedivoire\/#website\"},\"primaryImageOfPage\":{\"@id\":\"https:\/\/www.africa-press.net\/cotedivoire\/politique\/decouverte-macabre-a-lancienne-decharge-dakouedo-village-le-procureur-de-la-republique-dresse-le-bilan#primaryimage\"},\"image\":{\"@id\":\"https:\/\/www.africa-press.net\/cotedivoire\/politique\/decouverte-macabre-a-lancienne-decharge-dakouedo-village-le-procureur-de-la-republique-dresse-le-bilan#primaryimage\"},\"thumbnailUrl\":\"https:\/\/static.africa-press.net\/cote\/sites\/43\/2024\/11\/sm_1731329100.47015.jpg\",\"datePublished\":\"2024-11-11T16:04:11+00:00\",\"dateModified\":\"2024-11-11T16:15:38+00:00\",\"author\":{\"@id\":\"https:\/\/www.africa-press.net\/cotedivoire\/#\/schema\/person\/2b1cf3cd81a31e3cd26889ca66d677f1\"},\"description\":\"Comme annonce\u0301 plus to\u0302t sur KOACI, a e\u0301te\u0301 de\u0301couvert ce dimanche 10 novembre 2024, vers 11 heures, a\u0300 l'ancienne de\u0301ch ...\",\"breadcrumb\":{\"@id\":\"https:\/\/www.africa-press.net\/cotedivoire\/politique\/decouverte-macabre-a-lancienne-decharge-dakouedo-village-le-procureur-de-la-republique-dresse-le-bilan#breadcrumb\"},\"inLanguage\":\"fr-FR\",\"potentialAction\":[{\"@type\":\"ReadAction\",\"target\":[\"https:\/\/www.africa-press.net\/cotedivoire\/politique\/decouverte-macabre-a-lancienne-decharge-dakouedo-village-le-procureur-de-la-republique-dresse-le-bilan\"]}]},{\"@type\":\"ImageObject\",\"inLanguage\":\"fr-FR\",\"@id\":\"https:\/\/www.africa-press.net\/cotedivoire\/politique\/decouverte-macabre-a-lancienne-decharge-dakouedo-village-le-procureur-de-la-republique-dresse-le-bilan#primaryimage\",\"url\":\"https:\/\/static.africa-press.net\/cote\/sites\/43\/2024\/11\/sm_1731329100.47015.jpg\",\"contentUrl\":\"https:\/\/static.africa-press.net\/cote\/sites\/43\/2024\/11\/sm_1731329100.47015.jpg\",\"width\":720,\"height\":337,\"caption\":\"D\u00e9couverte macabre \u00e0 l'ancienne d\u00e9charge d'Akouedo village, le Procureur de la R\u00e9publique dresse le bilan\"},{\"@type\":\"BreadcrumbList\",\"@id\":\"https:\/\/www.africa-press.net\/cotedivoire\/politique\/decouverte-macabre-a-lancienne-decharge-dakouedo-village-le-procureur-de-la-republique-dresse-le-bilan#breadcrumb\",\"itemListElement\":[{\"@type\":\"ListItem\",\"position\":1,\"name\":\"Accueil\",\"item\":\"https:\/\/www.africa-press.net\/cotedivoire\/\"},{\"@type\":\"ListItem\",\"position\":2,\"name\":\"D\u00e9couverte macabre \u00e0 l&#8217;ancienne d\u00e9charge d&#8217;Akouedo village, le Procureur de la R\u00e9publique dresse le bilan\"}]},{\"@type\":\"WebSite\",\"@id\":\"https:\/\/www.africa-press.net\/cotedivoire\/#website\",\"url\":\"https:\/\/www.africa-press.net\/cotedivoire\/\",\"name\":\"C\u00f4te d&#039;Ivoire\",\"description\":\"Just another Africa News Agency Sites site\",\"potentialAction\":[{\"@type\":\"SearchAction\",\"target\":{\"@type\":\"EntryPoint\",\"urlTemplate\":\"https:\/\/www.africa-press.net\/cotedivoire\/?s={search_term_string}\"},\"query-input\":{\"@type\":\"PropertyValueSpecification\",\"valueRequired\":true,\"valueName\":\"search_term_string\"}}],\"inLanguage\":\"fr-FR\"},{\"@type\":\"Person\",\"@id\":\"https:\/\/www.africa-press.net\/cotedivoire\/#\/schema\/person\/2b1cf3cd81a31e3cd26889ca66d677f1\",\"name\":\"cfeditorfr\"}]}<\/script>\n<!-- \/ Yoast SEO Premium plugin. -->","yoast_head_json":{"title":"D\u00e9couverte macabre \u00e0 l'ancienne d\u00e9charge d'Akouedo village, le Procureur de la R\u00e9publique dresse le bilan - C\u00f4te d&#039;Ivoire","description":"Comme annonce\u0301 plus to\u0302t sur KOACI, a e\u0301te\u0301 de\u0301couvert ce dimanche 10 novembre 2024, vers 11 heures, a\u0300 l'ancienne de\u0301ch ...","robots":{"index":"index","follow":"follow","max-snippet":"max-snippet:-1","max-image-preview":"max-image-preview:large","max-video-preview":"max-video-preview:-1"},"canonical":"https:\/\/www.africa-press.net\/cotedivoire\/politique\/decouverte-macabre-a-lancienne-decharge-dakouedo-village-le-procureur-de-la-republique-dresse-le-bilan","og_locale":"fr_FR","og_type":"article","og_title":"D\u00e9couverte macabre \u00e0 l'ancienne d\u00e9charge d'Akouedo village, le Procureur de la R\u00e9publique dresse le bilan","og_description":"Comme annonce\u0301 plus to\u0302t sur KOACI, a e\u0301te\u0301 de\u0301couvert ce dimanche 10 novembre 2024, vers 11 heures, a\u0300 l'ancienne de\u0301ch ...","og_url":"https:\/\/www.africa-press.net\/cotedivoire\/politique\/decouverte-macabre-a-lancienne-decharge-dakouedo-village-le-procureur-de-la-republique-dresse-le-bilan","og_site_name":"C\u00f4te d&#039;Ivoire","article_published_time":"2024-11-11T16:04:11+00:00","article_modified_time":"2024-11-11T16:15:38+00:00","og_image":[{"width":720,"height":337,"url":"https:\/\/static.africa-press.net\/cote\/sites\/43\/2024\/11\/sm_1731329100.47015.jpg","type":"image\/jpeg"}],"author":"cfeditorfr","twitter_card":"summary_large_image","twitter_misc":{"\u00c9crit par":"cfeditorfr","Dur\u00e9e de lecture estim\u00e9e":"1 minute"},"schema":{"@context":"https:\/\/schema.org","@graph":[{"@type":"Article","@id":"https:\/\/www.africa-press.net\/cotedivoire\/politique\/decouverte-macabre-a-lancienne-decharge-dakouedo-village-le-procureur-de-la-republique-dresse-le-bilan#article","isPartOf":{"@id":"https:\/\/www.africa-press.net\/cotedivoire\/politique\/decouverte-macabre-a-lancienne-decharge-dakouedo-village-le-procureur-de-la-republique-dresse-le-bilan"},"author":{"name":"cfeditorfr","@id":"https:\/\/www.africa-press.net\/cotedivoire\/#\/schema\/person\/2b1cf3cd81a31e3cd26889ca66d677f1"},"headline":"D\u00e9couverte macabre \u00e0 l&rsquo;ancienne d\u00e9charge d&rsquo;Akouedo village, le Procureur de la R\u00e9publique dresse le bilan","datePublished":"2024-11-11T16:04:11+00:00","dateModified":"2024-11-11T16:15:38+00:00","mainEntityOfPage":{"@id":"https:\/\/www.africa-press.net\/cotedivoire\/politique\/decouverte-macabre-a-lancienne-decharge-dakouedo-village-le-procureur-de-la-republique-dresse-le-bilan"},"wordCount":264,"commentCount":0,"image":{"@id":"https:\/\/www.africa-press.net\/cotedivoire\/politique\/decouverte-macabre-a-lancienne-decharge-dakouedo-village-le-procureur-de-la-republique-dresse-le-bilan#primaryimage"},"thumbnailUrl":"https:\/\/static.africa-press.net\/cote\/sites\/43\/2024\/11\/sm_1731329100.47015.jpg","keywords":["Akouedo","CHU","C\u00d4TE D'IVOIRE","Kon\u00e9 Braman Oumar"],"articleSection":["Politique","Toutes les actualit\u00e9s"],"inLanguage":"fr-FR","potentialAction":[{"@type":"CommentAction","name":"Comment","target":["https:\/\/www.africa-press.net\/cotedivoire\/politique\/decouverte-macabre-a-lancienne-decharge-dakouedo-village-le-procureur-de-la-republique-dresse-le-bilan#respond"]}]},{"@type":"WebPage","@id":"https:\/\/www.africa-press.net\/cotedivoire\/politique\/decouverte-macabre-a-lancienne-decharge-dakouedo-village-le-procureur-de-la-republique-dresse-le-bilan","url":"https:\/\/www.africa-press.net\/cotedivoire\/politique\/decouverte-macabre-a-lancienne-decharge-dakouedo-village-le-procureur-de-la-republique-dresse-le-bilan","name":"D\u00e9couverte macabre \u00e0 l'ancienne d\u00e9charge d'Akouedo village, le Procureur de la R\u00e9publique dresse le bilan - C\u00f4te d&#039;Ivoire","isPartOf":{"@id":"https:\/\/www.africa-press.net\/cotedivoire\/#website"},"primaryImageOfPage":{"@id":"https:\/\/www.africa-press.net\/cotedivoire\/politique\/decouverte-macabre-a-lancienne-decharge-dakouedo-village-le-procureur-de-la-republique-dresse-le-bilan#primaryimage"},"image":{"@id":"https:\/\/www.africa-press.net\/cotedivoire\/politique\/decouverte-macabre-a-lancienne-decharge-dakouedo-village-le-procureur-de-la-republique-dresse-le-bilan#primaryimage"},"thumbnailUrl":"https:\/\/static.africa-press.net\/cote\/sites\/43\/2024\/11\/sm_1731329100.47015.jpg","datePublished":"2024-11-11T16:04:11+00:00","dateModified":"2024-11-11T16:15:38+00:00","author":{"@id":"https:\/\/www.africa-press.net\/cotedivoire\/#\/schema\/person\/2b1cf3cd81a31e3cd26889ca66d677f1"},"description":"Comme annonce\u0301 plus to\u0302t sur KOACI, a e\u0301te\u0301 de\u0301couvert ce dimanche 10 novembre 2024, vers 11 heures, a\u0300 l'ancienne de\u0301ch ...","breadcrumb":{"@id":"https:\/\/www.africa-press.net\/cotedivoire\/politique\/decouverte-macabre-a-lancienne-decharge-dakouedo-village-le-procureur-de-la-republique-dresse-le-bilan#breadcrumb"},"inLanguage":"fr-FR","potentialAction":[{"@type":"ReadAction","target":["https:\/\/www.africa-press.net\/cotedivoire\/politique\/decouverte-macabre-a-lancienne-decharge-dakouedo-village-le-procureur-de-la-republique-dresse-le-bilan"]}]},{"@type":"ImageObject","inLanguage":"fr-FR","@id":"https:\/\/www.africa-press.net\/cotedivoire\/politique\/decouverte-macabre-a-lancienne-decharge-dakouedo-village-le-procureur-de-la-republique-dresse-le-bilan#primaryimage","url":"https:\/\/static.africa-press.net\/cote\/sites\/43\/2024\/11\/sm_1731329100.47015.jpg","contentUrl":"https:\/\/static.africa-press.net\/cote\/sites\/43\/2024\/11\/sm_1731329100.47015.jpg","width":720,"height":337,"caption":"D\u00e9couverte macabre \u00e0 l'ancienne d\u00e9charge d'Akouedo village, le Procureur de la R\u00e9publique dresse le bilan"},{"@type":"BreadcrumbList","@id":"https:\/\/www.africa-press.net\/cotedivoire\/politique\/decouverte-macabre-a-lancienne-decharge-dakouedo-village-le-procureur-de-la-republique-dresse-le-bilan#breadcrumb","itemListElement":[{"@type":"ListItem","position":1,"name":"Accueil","item":"https:\/\/www.africa-press.net\/cotedivoire\/"},{"@type":"ListItem","position":2,"name":"D\u00e9couverte macabre \u00e0 l&#8217;ancienne d\u00e9charge d&#8217;Akouedo village, le Procureur de la R\u00e9publique dresse le bilan"}]},{"@type":"WebSite","@id":"https:\/\/www.africa-press.net\/cotedivoire\/#website","url":"https:\/\/www.africa-press.net\/cotedivoire\/","name":"C\u00f4te d&#039;Ivoire","description":"Just another Africa News Agency Sites site","potentialAction":[{"@type":"SearchAction","target":{"@type":"EntryPoint","urlTemplate":"https:\/\/www.africa-press.net\/cotedivoire\/?s={search_term_string}"},"query-input":{"@type":"PropertyValueSpecification","valueRequired":true,"valueName":"search_term_string"}}],"inLanguage":"fr-FR"},{"@type":"Person","@id":"https:\/\/www.africa-press.net\/cotedivoire\/#\/schema\/person\/2b1cf3cd81a31e3cd26889ca66d677f1","name":"cfeditorfr"}]}},"_links":{"self":[{"href":"https:\/\/www.africa-press.net\/cotedivoire\/wp-json\/wp\/v2\/posts\/90463","targetHints":{"allow":["GET"]}}],"collection":[{"href":"https:\/\/www.africa-press.net\/cotedivoire\/wp-json\/wp\/v2\/posts"}],"about":[{"href":"https:\/\/www.africa-press.net\/cotedivoire\/wp-json\/wp\/v2\/types\/post"}],"author":[{"embeddable":true,"href":"https:\/\/www.africa-press.net\/cotedivoire\/wp-json\/wp\/v2\/users\/82"}],"replies":[{"embeddable":true,"href":"https:\/\/www.africa-press.net\/cotedivoire\/wp-json\/wp\/v2\/comments?post=90463"}],"version-history":[{"count":0,"href":"https:\/\/www.africa-press.net\/cotedivoire\/wp-json\/wp\/v2\/posts\/90463\/revisions"}],"wp:featuredmedia":[{"embeddable":true,"href":"https:\/\/www.africa-press.net\/cotedivoire\/wp-json\/wp\/v2\/media\/90462"}],"wp:attachment":[{"href":"https:\/\/www.africa-press.net\/cotedivoire\/wp-json\/wp\/v2\/media?parent=90463"}],"wp:term":[{"taxonomy":"category","embeddable":true,"href":"https:\/\/www.africa-press.net\/cotedivoire\/wp-json\/wp\/v2\/categories?post=90463"},{"taxonomy":"post_tag","embeddable":true,"href":"https:\/\/www.africa-press.net\/cotedivoire\/wp-json\/wp\/v2\/tags?post=90463"}],"curies":[{"name":"wp","href":"https:\/\/api.w.org\/{rel}","templated":true}]}}