{"id":9055,"date":"2021-06-16T17:40:09","date_gmt":"2021-06-16T17:40:09","guid":{"rendered":"https:\/\/www.africa-press.net\/cotedivoire\/?p=9055"},"modified":"2021-06-16T18:31:00","modified_gmt":"2021-06-16T18:31:00","slug":"la-haye-cpi-bensouda-termine-son-mandat-de-procureur-ahmad-khan-sinstalle","status":"publish","type":"post","link":"https:\/\/www.africa-press.net\/cotedivoire\/politique\/la-haye-cpi-bensouda-termine-son-mandat-de-procureur-ahmad-khan-sinstalle","title":{"rendered":"La Haye\/CPI: Bensouda termine son mandat de procureur, Ahmad Khan s\u2019installe"},"content":{"rendered":"<p><span style=\"color: #ff6600\"><strong><a href=\"https:\/\/www.africa-press.net\/\">Africa-Press<\/a> &#8211; <a href=\"https:\/\/www.africa-press.net\/cotedivoire\">C\u00f4te d&rsquo;Ivoire<\/a>. <\/strong><\/span>La Gambienne Fatou Bensouda a termin\u00e9 son mandat en tant que procureur de la CPI : \u00ab Pour \u00eatre efficace, juste et \u00eatre une v\u00e9ritable force de dissuasion, les activit\u00e9s et d\u00e9cisions du Bureau du Procureur doivent toujours \u00eatre fond\u00e9es uniquement sur la loi, sans crainte ni faveur. \u00bbLes habitants de la C\u00f4te-d\u2019Ivoire retiendront d\u2019elle, qu\u2019elle a perdu son proc\u00e8s contre leur ancien pr\u00e9sident Laurent Gbagbo et son ancien ministre Charles Bl\u00e9 Goud\u00e9.<\/p>\n<p>Les Ivoiriens et Africains n\u2019oublieront pas aussi que madame Bensouda a \u00e9t\u00e9 incapable malgr\u00e9 ses nombreuses promesses, de lancer des poursuites contre les \u00e9l\u00e9ments du camp Soro\/Ouattara.<\/p>\n<p>Ce dossier est laiss\u00e9 \u00e0 son successeur de nationalit\u00e9 anglaise Karim Asad Ahmad Khan.<\/p>\n<p>Mrs Fatou Bensouda finishes her mandate as ICC Prosecutor: \u201cTo be effective, to be just and to be a real deterrent, the Office of the Prosecutor\u2019s activities and decisions must always be based solely on the law, without fear or favour.\u201d<\/p>\n<p>In the past week, a number of farewell events were held in honour of the outgoing Prosecutor of the International Criminal Court (\u201cICC\u201d or the \u201cCourt\u201d), Mrs Fatou Bensouda, whose nine year mandate at the head of the ICC Office of the Prosecutor (\u201cOffice\u201d or \u201cOTP\u201d) comes to an end today, on 15 June 2021. She has served the Court since 2004, first as Deputy Prosecutor. Mr Karim Asad Ahmad Khan will be sworn in as Prosecutor of the ICC as of tomorrow, 16 June 2021.<\/p>\n<p>At the different events, the Principals and staff of the Court, State representatives and a range of other distinguished attendees thanked Prosecutor Bensouda for her dedicated service to the ICC for close to two decades. Interventions, through live remarks or video contributions, noted the accomplishments of Prosecutor Bensouda and her lasting legacy, as well as the significant challenges, which have marked her term and which she has overcome with grace, resilience and professional integrity.<\/p>\n<p>Speakers included, inter alia, UN Deputy Secretary-General, H.E. Ms Amina J. Mohammed; ICC President, Judge Piotr Hofma\u0144ski; ICC Registrar, Mr Peter Lewis; ICC Deputy Prosecutor, Mr James Stewart, President of the Assembly of States Parties (ASP), Ms Silvia Fernandez de Gurmendi; former President of the ASP, Judge O-Gon Kwon; Minister of Foreign Affairs of The Netherlands, H.E. Ms Sigrid Kaag; Minister of Foreign Affairs of The Gambia, H.E. Dr Mamadou Tangara; Minister of Justice (Attorney General) of The Gambia, The Honourable Mr Dawda A. Jallow; UN Under-Secretary-General for Legal Affairs &amp; Legal Counsel, H.E. Mr Miguel de Serpa Soares; Ambassador of Senegal, H.E. Mr Momar Gueye; Ambassador of The Gambia, H.E. Ms Teneng Mba Jaiteh; Acting Convenor of the Coalition for the International Criminal Court, Ms Melinda Reed, and former US Prosecutor at the Nuremberg trials, Mr Benjamin Ferencz.<\/p>\n<p>\u201cTo be effective, to be just and to be a real deterrent, the Office of the Prosecutor\u2019s activities and decisions must be based solely on the law and the evidence. During my tenure, I have done my utmost to live by these convictions in the service of the Rome Statute, without fear or favour\u201d, stated Prosecutor Bensouda reflecting on her mandate.<\/p>\n","protected":false},"excerpt":{"rendered":"<p>Africa-Press &#8211; C\u00f4te d&rsquo;Ivoire. La Gambienne Fatou Bensouda a termin\u00e9 son mandat en tant que procureur de la CPI : \u00ab Pour \u00eatre efficace, juste et \u00eatre une v\u00e9ritable force de dissuasion, les activit\u00e9s et d\u00e9cisions du Bureau du Procureur doivent toujours \u00eatre fond\u00e9es uniquement sur la loi, sans crainte ni faveur. \u00bbLes habitants de [&hellip;]<\/p>\n","protected":false},"author":82,"featured_media":9054,"comment_status":"open","ping_status":"closed","sticky":false,"template":"","format":"standard","meta":{"footnotes":""},"categories":[11,2,10],"tags":[56,63,29],"class_list":["post-9055","post","type-post","status-publish","format-standard","has-post-thumbnail","hentry","category-homepage-french","category-politique","category-toutes-les-actualites","tag-africa-press","tag-africa-press-cote-divoire","tag-cote-divoire"],"yoast_head":"<!-- This site is optimized with the Yoast SEO Premium plugin v26.1 (Yoast SEO v27.0) - https:\/\/yoast.com\/product\/yoast-seo-premium-wordpress\/ -->\n<title>La Haye\/CPI: Bensouda termine son mandat de procureur, Ahmad Khan s\u2019installe - C\u00f4te d&#039;Ivoire<\/title>\n<meta name=\"description\" content=\"La Gambienne Fatou Bensouda a termin\u00e9 son mandat en tant que procureur de la CPI : \u00ab Pour \u00eatre efficace, juste et \u00eatre u ...\" \/>\n<meta name=\"robots\" content=\"index, follow, max-snippet:-1, max-image-preview:large, max-video-preview:-1\" \/>\n<link rel=\"canonical\" href=\"https:\/\/www.africa-press.net\/cotedivoire\/politique\/la-haye-cpi-bensouda-termine-son-mandat-de-procureur-ahmad-khan-sinstalle\" \/>\n<meta property=\"og:locale\" content=\"fr_FR\" \/>\n<meta property=\"og:type\" content=\"article\" \/>\n<meta property=\"og:title\" content=\"La Haye\/CPI: Bensouda termine son mandat de procureur, Ahmad Khan s\u2019installe\" \/>\n<meta property=\"og:description\" content=\"La Gambienne Fatou Bensouda a termin\u00e9 son mandat en tant que procureur de la CPI : \u00ab Pour \u00eatre efficace, juste et \u00eatre u ...\" \/>\n<meta property=\"og:url\" content=\"https:\/\/www.africa-press.net\/cotedivoire\/politique\/la-haye-cpi-bensouda-termine-son-mandat-de-procureur-ahmad-khan-sinstalle\" \/>\n<meta property=\"og:site_name\" content=\"C\u00f4te d&#039;Ivoire\" \/>\n<meta property=\"article:published_time\" content=\"2021-06-16T17:40:09+00:00\" \/>\n<meta property=\"article:modified_time\" content=\"2021-06-16T18:31:00+00:00\" \/>\n<meta property=\"og:image\" content=\"https:\/\/static.africa-press.net\/cote\/sites\/43\/2021\/06\/img-60ca318d111c8.jpg\" \/>\n\t<meta property=\"og:image:width\" content=\"720\" \/>\n\t<meta property=\"og:image:height\" content=\"479\" \/>\n\t<meta property=\"og:image:type\" content=\"image\/jpeg\" \/>\n<meta name=\"author\" content=\"cfeditorfr\" \/>\n<meta name=\"twitter:card\" content=\"summary_large_image\" \/>\n<meta name=\"twitter:label1\" content=\"\u00c9crit par\" \/>\n\t<meta name=\"twitter:data1\" content=\"cfeditorfr\" \/>\n\t<meta name=\"twitter:label2\" content=\"Dur\u00e9e de lecture estim\u00e9e\" \/>\n\t<meta name=\"twitter:data2\" content=\"3 minutes\" \/>\n<script type=\"application\/ld+json\" class=\"yoast-schema-graph\">{\"@context\":\"https:\/\/schema.org\",\"@graph\":[{\"@type\":\"Article\",\"@id\":\"https:\/\/www.africa-press.net\/cotedivoire\/politique\/la-haye-cpi-bensouda-termine-son-mandat-de-procureur-ahmad-khan-sinstalle#article\",\"isPartOf\":{\"@id\":\"https:\/\/www.africa-press.net\/cotedivoire\/politique\/la-haye-cpi-bensouda-termine-son-mandat-de-procureur-ahmad-khan-sinstalle\"},\"author\":{\"name\":\"cfeditorfr\",\"@id\":\"https:\/\/www.africa-press.net\/cotedivoire\/#\/schema\/person\/2b1cf3cd81a31e3cd26889ca66d677f1\"},\"headline\":\"La Haye\/CPI: Bensouda termine son mandat de procureur, Ahmad Khan s\u2019installe\",\"datePublished\":\"2021-06-16T17:40:09+00:00\",\"dateModified\":\"2021-06-16T18:31:00+00:00\",\"mainEntityOfPage\":{\"@id\":\"https:\/\/www.africa-press.net\/cotedivoire\/politique\/la-haye-cpi-bensouda-termine-son-mandat-de-procureur-ahmad-khan-sinstalle\"},\"wordCount\":548,\"commentCount\":0,\"image\":{\"@id\":\"https:\/\/www.africa-press.net\/cotedivoire\/politique\/la-haye-cpi-bensouda-termine-son-mandat-de-procureur-ahmad-khan-sinstalle#primaryimage\"},\"thumbnailUrl\":\"https:\/\/static.africa-press.net\/cote\/sites\/43\/2021\/06\/img-60ca318d111c8.jpg\",\"keywords\":[\"Africa Press\",\"Africa Press-C\u00f4te d'Ivoire\",\"C\u00d4TE D'IVOIRE\"],\"articleSection\":[\"homepage-french\",\"Politique\",\"Toutes les actualit\u00e9s\"],\"inLanguage\":\"fr-FR\",\"potentialAction\":[{\"@type\":\"CommentAction\",\"name\":\"Comment\",\"target\":[\"https:\/\/www.africa-press.net\/cotedivoire\/politique\/la-haye-cpi-bensouda-termine-son-mandat-de-procureur-ahmad-khan-sinstalle#respond\"]}]},{\"@type\":\"WebPage\",\"@id\":\"https:\/\/www.africa-press.net\/cotedivoire\/politique\/la-haye-cpi-bensouda-termine-son-mandat-de-procureur-ahmad-khan-sinstalle\",\"url\":\"https:\/\/www.africa-press.net\/cotedivoire\/politique\/la-haye-cpi-bensouda-termine-son-mandat-de-procureur-ahmad-khan-sinstalle\",\"name\":\"La Haye\/CPI: Bensouda termine son mandat de procureur, Ahmad Khan s\u2019installe - C\u00f4te d&#039;Ivoire\",\"isPartOf\":{\"@id\":\"https:\/\/www.africa-press.net\/cotedivoire\/#website\"},\"primaryImageOfPage\":{\"@id\":\"https:\/\/www.africa-press.net\/cotedivoire\/politique\/la-haye-cpi-bensouda-termine-son-mandat-de-procureur-ahmad-khan-sinstalle#primaryimage\"},\"image\":{\"@id\":\"https:\/\/www.africa-press.net\/cotedivoire\/politique\/la-haye-cpi-bensouda-termine-son-mandat-de-procureur-ahmad-khan-sinstalle#primaryimage\"},\"thumbnailUrl\":\"https:\/\/static.africa-press.net\/cote\/sites\/43\/2021\/06\/img-60ca318d111c8.jpg\",\"datePublished\":\"2021-06-16T17:40:09+00:00\",\"dateModified\":\"2021-06-16T18:31:00+00:00\",\"author\":{\"@id\":\"https:\/\/www.africa-press.net\/cotedivoire\/#\/schema\/person\/2b1cf3cd81a31e3cd26889ca66d677f1\"},\"description\":\"La Gambienne Fatou Bensouda a termin\u00e9 son mandat en tant que procureur de la CPI : \u00ab Pour \u00eatre efficace, juste et \u00eatre u ...\",\"breadcrumb\":{\"@id\":\"https:\/\/www.africa-press.net\/cotedivoire\/politique\/la-haye-cpi-bensouda-termine-son-mandat-de-procureur-ahmad-khan-sinstalle#breadcrumb\"},\"inLanguage\":\"fr-FR\",\"potentialAction\":[{\"@type\":\"ReadAction\",\"target\":[\"https:\/\/www.africa-press.net\/cotedivoire\/politique\/la-haye-cpi-bensouda-termine-son-mandat-de-procureur-ahmad-khan-sinstalle\"]}]},{\"@type\":\"ImageObject\",\"inLanguage\":\"fr-FR\",\"@id\":\"https:\/\/www.africa-press.net\/cotedivoire\/politique\/la-haye-cpi-bensouda-termine-son-mandat-de-procureur-ahmad-khan-sinstalle#primaryimage\",\"url\":\"https:\/\/static.africa-press.net\/cote\/sites\/43\/2021\/06\/img-60ca318d111c8.jpg\",\"contentUrl\":\"https:\/\/static.africa-press.net\/cote\/sites\/43\/2021\/06\/img-60ca318d111c8.jpg\",\"width\":720,\"height\":479,\"caption\":\"La Haye\/CPI: Bensouda termine son mandat de procureur, Ahmad Khan s\u2019installe\"},{\"@type\":\"BreadcrumbList\",\"@id\":\"https:\/\/www.africa-press.net\/cotedivoire\/politique\/la-haye-cpi-bensouda-termine-son-mandat-de-procureur-ahmad-khan-sinstalle#breadcrumb\",\"itemListElement\":[{\"@type\":\"ListItem\",\"position\":1,\"name\":\"Accueil\",\"item\":\"https:\/\/www.africa-press.net\/cotedivoire\/\"},{\"@type\":\"ListItem\",\"position\":2,\"name\":\"La Haye\/CPI: Bensouda termine son mandat de procureur, Ahmad Khan s\u2019installe\"}]},{\"@type\":\"WebSite\",\"@id\":\"https:\/\/www.africa-press.net\/cotedivoire\/#website\",\"url\":\"https:\/\/www.africa-press.net\/cotedivoire\/\",\"name\":\"C\u00f4te d&#039;Ivoire\",\"description\":\"Just another Africa News Agency Sites site\",\"potentialAction\":[{\"@type\":\"SearchAction\",\"target\":{\"@type\":\"EntryPoint\",\"urlTemplate\":\"https:\/\/www.africa-press.net\/cotedivoire\/?s={search_term_string}\"},\"query-input\":{\"@type\":\"PropertyValueSpecification\",\"valueRequired\":true,\"valueName\":\"search_term_string\"}}],\"inLanguage\":\"fr-FR\"},{\"@type\":\"Person\",\"@id\":\"https:\/\/www.africa-press.net\/cotedivoire\/#\/schema\/person\/2b1cf3cd81a31e3cd26889ca66d677f1\",\"name\":\"cfeditorfr\"}]}<\/script>\n<!-- \/ Yoast SEO Premium plugin. -->","yoast_head_json":{"title":"La Haye\/CPI: Bensouda termine son mandat de procureur, Ahmad Khan s\u2019installe - C\u00f4te d&#039;Ivoire","description":"La Gambienne Fatou Bensouda a termin\u00e9 son mandat en tant que procureur de la CPI : \u00ab Pour \u00eatre efficace, juste et \u00eatre u ...","robots":{"index":"index","follow":"follow","max-snippet":"max-snippet:-1","max-image-preview":"max-image-preview:large","max-video-preview":"max-video-preview:-1"},"canonical":"https:\/\/www.africa-press.net\/cotedivoire\/politique\/la-haye-cpi-bensouda-termine-son-mandat-de-procureur-ahmad-khan-sinstalle","og_locale":"fr_FR","og_type":"article","og_title":"La Haye\/CPI: Bensouda termine son mandat de procureur, Ahmad Khan s\u2019installe","og_description":"La Gambienne Fatou Bensouda a termin\u00e9 son mandat en tant que procureur de la CPI : \u00ab Pour \u00eatre efficace, juste et \u00eatre u ...","og_url":"https:\/\/www.africa-press.net\/cotedivoire\/politique\/la-haye-cpi-bensouda-termine-son-mandat-de-procureur-ahmad-khan-sinstalle","og_site_name":"C\u00f4te d&#039;Ivoire","article_published_time":"2021-06-16T17:40:09+00:00","article_modified_time":"2021-06-16T18:31:00+00:00","og_image":[{"width":720,"height":479,"url":"https:\/\/static.africa-press.net\/cote\/sites\/43\/2021\/06\/img-60ca318d111c8.jpg","type":"image\/jpeg"}],"author":"cfeditorfr","twitter_card":"summary_large_image","twitter_misc":{"\u00c9crit par":"cfeditorfr","Dur\u00e9e de lecture estim\u00e9e":"3 minutes"},"schema":{"@context":"https:\/\/schema.org","@graph":[{"@type":"Article","@id":"https:\/\/www.africa-press.net\/cotedivoire\/politique\/la-haye-cpi-bensouda-termine-son-mandat-de-procureur-ahmad-khan-sinstalle#article","isPartOf":{"@id":"https:\/\/www.africa-press.net\/cotedivoire\/politique\/la-haye-cpi-bensouda-termine-son-mandat-de-procureur-ahmad-khan-sinstalle"},"author":{"name":"cfeditorfr","@id":"https:\/\/www.africa-press.net\/cotedivoire\/#\/schema\/person\/2b1cf3cd81a31e3cd26889ca66d677f1"},"headline":"La Haye\/CPI: Bensouda termine son mandat de procureur, Ahmad Khan s\u2019installe","datePublished":"2021-06-16T17:40:09+00:00","dateModified":"2021-06-16T18:31:00+00:00","mainEntityOfPage":{"@id":"https:\/\/www.africa-press.net\/cotedivoire\/politique\/la-haye-cpi-bensouda-termine-son-mandat-de-procureur-ahmad-khan-sinstalle"},"wordCount":548,"commentCount":0,"image":{"@id":"https:\/\/www.africa-press.net\/cotedivoire\/politique\/la-haye-cpi-bensouda-termine-son-mandat-de-procureur-ahmad-khan-sinstalle#primaryimage"},"thumbnailUrl":"https:\/\/static.africa-press.net\/cote\/sites\/43\/2021\/06\/img-60ca318d111c8.jpg","keywords":["Africa Press","Africa Press-C\u00f4te d'Ivoire","C\u00d4TE D'IVOIRE"],"articleSection":["homepage-french","Politique","Toutes les actualit\u00e9s"],"inLanguage":"fr-FR","potentialAction":[{"@type":"CommentAction","name":"Comment","target":["https:\/\/www.africa-press.net\/cotedivoire\/politique\/la-haye-cpi-bensouda-termine-son-mandat-de-procureur-ahmad-khan-sinstalle#respond"]}]},{"@type":"WebPage","@id":"https:\/\/www.africa-press.net\/cotedivoire\/politique\/la-haye-cpi-bensouda-termine-son-mandat-de-procureur-ahmad-khan-sinstalle","url":"https:\/\/www.africa-press.net\/cotedivoire\/politique\/la-haye-cpi-bensouda-termine-son-mandat-de-procureur-ahmad-khan-sinstalle","name":"La Haye\/CPI: Bensouda termine son mandat de procureur, Ahmad Khan s\u2019installe - C\u00f4te d&#039;Ivoire","isPartOf":{"@id":"https:\/\/www.africa-press.net\/cotedivoire\/#website"},"primaryImageOfPage":{"@id":"https:\/\/www.africa-press.net\/cotedivoire\/politique\/la-haye-cpi-bensouda-termine-son-mandat-de-procureur-ahmad-khan-sinstalle#primaryimage"},"image":{"@id":"https:\/\/www.africa-press.net\/cotedivoire\/politique\/la-haye-cpi-bensouda-termine-son-mandat-de-procureur-ahmad-khan-sinstalle#primaryimage"},"thumbnailUrl":"https:\/\/static.africa-press.net\/cote\/sites\/43\/2021\/06\/img-60ca318d111c8.jpg","datePublished":"2021-06-16T17:40:09+00:00","dateModified":"2021-06-16T18:31:00+00:00","author":{"@id":"https:\/\/www.africa-press.net\/cotedivoire\/#\/schema\/person\/2b1cf3cd81a31e3cd26889ca66d677f1"},"description":"La Gambienne Fatou Bensouda a termin\u00e9 son mandat en tant que procureur de la CPI : \u00ab Pour \u00eatre efficace, juste et \u00eatre u ...","breadcrumb":{"@id":"https:\/\/www.africa-press.net\/cotedivoire\/politique\/la-haye-cpi-bensouda-termine-son-mandat-de-procureur-ahmad-khan-sinstalle#breadcrumb"},"inLanguage":"fr-FR","potentialAction":[{"@type":"ReadAction","target":["https:\/\/www.africa-press.net\/cotedivoire\/politique\/la-haye-cpi-bensouda-termine-son-mandat-de-procureur-ahmad-khan-sinstalle"]}]},{"@type":"ImageObject","inLanguage":"fr-FR","@id":"https:\/\/www.africa-press.net\/cotedivoire\/politique\/la-haye-cpi-bensouda-termine-son-mandat-de-procureur-ahmad-khan-sinstalle#primaryimage","url":"https:\/\/static.africa-press.net\/cote\/sites\/43\/2021\/06\/img-60ca318d111c8.jpg","contentUrl":"https:\/\/static.africa-press.net\/cote\/sites\/43\/2021\/06\/img-60ca318d111c8.jpg","width":720,"height":479,"caption":"La Haye\/CPI: Bensouda termine son mandat de procureur, Ahmad Khan s\u2019installe"},{"@type":"BreadcrumbList","@id":"https:\/\/www.africa-press.net\/cotedivoire\/politique\/la-haye-cpi-bensouda-termine-son-mandat-de-procureur-ahmad-khan-sinstalle#breadcrumb","itemListElement":[{"@type":"ListItem","position":1,"name":"Accueil","item":"https:\/\/www.africa-press.net\/cotedivoire\/"},{"@type":"ListItem","position":2,"name":"La Haye\/CPI: Bensouda termine son mandat de procureur, Ahmad Khan s\u2019installe"}]},{"@type":"WebSite","@id":"https:\/\/www.africa-press.net\/cotedivoire\/#website","url":"https:\/\/www.africa-press.net\/cotedivoire\/","name":"C\u00f4te d&#039;Ivoire","description":"Just another Africa News Agency Sites site","potentialAction":[{"@type":"SearchAction","target":{"@type":"EntryPoint","urlTemplate":"https:\/\/www.africa-press.net\/cotedivoire\/?s={search_term_string}"},"query-input":{"@type":"PropertyValueSpecification","valueRequired":true,"valueName":"search_term_string"}}],"inLanguage":"fr-FR"},{"@type":"Person","@id":"https:\/\/www.africa-press.net\/cotedivoire\/#\/schema\/person\/2b1cf3cd81a31e3cd26889ca66d677f1","name":"cfeditorfr"}]}},"_links":{"self":[{"href":"https:\/\/www.africa-press.net\/cotedivoire\/wp-json\/wp\/v2\/posts\/9055","targetHints":{"allow":["GET"]}}],"collection":[{"href":"https:\/\/www.africa-press.net\/cotedivoire\/wp-json\/wp\/v2\/posts"}],"about":[{"href":"https:\/\/www.africa-press.net\/cotedivoire\/wp-json\/wp\/v2\/types\/post"}],"author":[{"embeddable":true,"href":"https:\/\/www.africa-press.net\/cotedivoire\/wp-json\/wp\/v2\/users\/82"}],"replies":[{"embeddable":true,"href":"https:\/\/www.africa-press.net\/cotedivoire\/wp-json\/wp\/v2\/comments?post=9055"}],"version-history":[{"count":0,"href":"https:\/\/www.africa-press.net\/cotedivoire\/wp-json\/wp\/v2\/posts\/9055\/revisions"}],"wp:featuredmedia":[{"embeddable":true,"href":"https:\/\/www.africa-press.net\/cotedivoire\/wp-json\/wp\/v2\/media\/9054"}],"wp:attachment":[{"href":"https:\/\/www.africa-press.net\/cotedivoire\/wp-json\/wp\/v2\/media?parent=9055"}],"wp:term":[{"taxonomy":"category","embeddable":true,"href":"https:\/\/www.africa-press.net\/cotedivoire\/wp-json\/wp\/v2\/categories?post=9055"},{"taxonomy":"post_tag","embeddable":true,"href":"https:\/\/www.africa-press.net\/cotedivoire\/wp-json\/wp\/v2\/tags?post=9055"}],"curies":[{"name":"wp","href":"https:\/\/api.w.org\/{rel}","templated":true}]}}