{"id":9058,"date":"2021-06-16T17:48:01","date_gmt":"2021-06-16T17:48:01","guid":{"rendered":"https:\/\/www.africa-press.net\/cotedivoire\/?p=9058"},"modified":"2021-06-16T18:31:08","modified_gmt":"2021-06-16T18:31:08","slug":"sil-y-a-quelquun-a-feter-pour-le-retour-de-gbagbo-cest-bien-ouattara-affirme-bictogo","status":"publish","type":"post","link":"https:\/\/www.africa-press.net\/cotedivoire\/politique\/sil-y-a-quelquun-a-feter-pour-le-retour-de-gbagbo-cest-bien-ouattara-affirme-bictogo","title":{"rendered":"\u00ab\u00a0S\u2019il y a quelqu\u2019un \u00e0 f\u00eater pour le retour de Gbagbo, c\u2019est bien Ouattara\u00a0\u00bb, affirme Bictogo"},"content":{"rendered":"<p><span style=\"color: #ff6600\"><strong><a href=\"https:\/\/www.africa-press.net\/\">Africa-Press<\/a> &#8211; <a href=\"https:\/\/www.africa-press.net\/cotedivoire\">C\u00f4te d&rsquo;Ivoire<\/a>.\u00a0 <\/strong><\/span>Le directeur ex\u00e9cutif du Rassemblement des houphou\u00ebtistes pour la d\u00e9mocratie et la paix (RHDP, pouvoir) Adama Bictogo, a estim\u00e9 mardi \u00e0 Abidjan que \u00ab s\u2019il y a quelqu\u2019un \u00e0 f\u00eater \u00bb \u00e0 l\u2019occasion du retour en C\u00f4te d\u2019Ivoire de l\u2019ancien chef de l\u2019Etat Laurent Gbagbo, \u00ab c\u2019est bien le pr\u00e9sident Alassane Ouattara \u00bb pour l\u2019avoir \u00ab permis \u00bb, \u00e0 l\u2019issue d\u2019une r\u00e9union du parti.<\/p>\n<p>\u00ab Je crois qu\u2019aujourd\u2019hui s\u2019il y a quelqu\u2019un \u00e0 f\u00eater, c\u2019est bien le pr\u00e9sident Alassane Ouattara qui par sa grande g\u00e9n\u00e9rosit\u00e9, sa vision de cette C\u00f4te d\u2019Ivoire rassembl\u00e9e, est en train de b\u00e2tir une nation \u00bb, a dit M. Bictogo, apr\u00e8s avoir \u00ab f\u00e9licit\u00e9 \u00bb le chef de l\u2019Etat parce qu\u2019il a \u00ab permis le retour de certaines personnalit\u00e9s politiques \u00bb dont M. Gbagbo.<\/p>\n<p>Estimant que \u00ab le plus important \u00bb pour les Ivoiriens, c\u2019est d\u2019\u00eatre \u00ab ensemble \u00bb, il a invit\u00e9 les partisans de l\u2019ancien pr\u00e9sident \u00e0 \u00ab \u00e9viter le spectacle, le triomphalisme \u00bb.<\/p>\n<p>Assoa Adou, proche collaborateur de Laurent Gbagbo, a confirm\u00e9 lundi son retour \u00e0 Abidjan \u00ab le 17 juin par vol r\u00e9gulier venant de Bruxelles \u00e0 15H47 \u00e0 l\u2019a\u00e9roport F\u00e9lix Houphou\u00ebt-Boigny \u00bb et annonc\u00e9 par la m\u00eame occasion que le pavillon pr\u00e9sidentiel a \u00e9t\u00e9 accord\u00e9 au comit\u00e9 d\u2019organisation par Alassane Ouattara en vue de l\u2019accueillir \u00ab dignement \u00bb.<\/p>\n<p>Ces derniers jours, la date et le format du retour de M. Gbagbo \u00e0 Abidjan ont \u00e9t\u00e9 au c\u0153ur du d\u00e9bat politique.<\/p>\n<p>Alors que ses partisans se pr\u00e9paraient \u00e0 un accueil triomphal jeudi prochain, le gouvernement regrettait de n\u2019avoir pas \u00e9t\u00e9 associ\u00e9 au choix de cette date et semblait plut\u00f4t favorable \u00e0 un retour plut\u00f4t discret.<\/p>\n<p>&nbsp;<\/p>\n","protected":false},"excerpt":{"rendered":"<p>Africa-Press &#8211; C\u00f4te d&rsquo;Ivoire.\u00a0 Le directeur ex\u00e9cutif du Rassemblement des houphou\u00ebtistes pour la d\u00e9mocratie et la paix (RHDP, pouvoir) Adama Bictogo, a estim\u00e9 mardi \u00e0 Abidjan que \u00ab s\u2019il y a quelqu\u2019un \u00e0 f\u00eater \u00bb \u00e0 l\u2019occasion du retour en C\u00f4te d\u2019Ivoire de l\u2019ancien chef de l\u2019Etat Laurent Gbagbo, \u00ab c\u2019est bien le pr\u00e9sident Alassane [&hellip;]<\/p>\n","protected":false},"author":82,"featured_media":9057,"comment_status":"open","ping_status":"closed","sticky":false,"template":"","format":"standard","meta":{"footnotes":""},"categories":[11,2,20,10],"tags":[56,63,29],"class_list":["post-9058","post","type-post","status-publish","format-standard","has-post-thumbnail","hentry","category-homepage-french","category-politique","category-top-nouvelles","category-toutes-les-actualites","tag-africa-press","tag-africa-press-cote-divoire","tag-cote-divoire"],"yoast_head":"<!-- This site is optimized with the Yoast SEO Premium plugin v26.1 (Yoast SEO v27.0) - https:\/\/yoast.com\/product\/yoast-seo-premium-wordpress\/ -->\n<title>\u00ab\u00a0S\u2019il y a quelqu\u2019un \u00e0 f\u00eater pour le retour de Gbagbo, c\u2019est bien Ouattara\u00a0\u00bb, affirme Bictogo - C\u00f4te d&#039;Ivoire<\/title>\n<meta name=\"description\" content=\"Manuella YAPI Le directeur ex\u00e9cutif du Rassemblement des houphou\u00ebtistes pour la d\u00e9mocratie et la paix (RHDP, pouvoir) A ...\" \/>\n<meta name=\"robots\" content=\"index, follow, max-snippet:-1, max-image-preview:large, max-video-preview:-1\" \/>\n<link rel=\"canonical\" href=\"https:\/\/www.africa-press.net\/cotedivoire\/politique\/sil-y-a-quelquun-a-feter-pour-le-retour-de-gbagbo-cest-bien-ouattara-affirme-bictogo\" \/>\n<meta property=\"og:locale\" content=\"fr_FR\" \/>\n<meta property=\"og:type\" content=\"article\" \/>\n<meta property=\"og:title\" content=\"\u00ab\u00a0S\u2019il y a quelqu\u2019un \u00e0 f\u00eater pour le retour de Gbagbo, c\u2019est bien Ouattara\u00a0\u00bb, affirme Bictogo\" \/>\n<meta property=\"og:description\" content=\"Manuella YAPI Le directeur ex\u00e9cutif du Rassemblement des houphou\u00ebtistes pour la d\u00e9mocratie et la paix (RHDP, pouvoir) A ...\" \/>\n<meta property=\"og:url\" content=\"https:\/\/www.africa-press.net\/cotedivoire\/politique\/sil-y-a-quelquun-a-feter-pour-le-retour-de-gbagbo-cest-bien-ouattara-affirme-bictogo\" \/>\n<meta property=\"og:site_name\" content=\"C\u00f4te d&#039;Ivoire\" \/>\n<meta property=\"article:published_time\" content=\"2021-06-16T17:48:01+00:00\" \/>\n<meta property=\"article:modified_time\" content=\"2021-06-16T18:31:08+00:00\" \/>\n<meta property=\"og:image\" content=\"https:\/\/static.africa-press.net\/cote\/sites\/43\/2021\/06\/img-60ca31ba0e5d1.jpg\" \/>\n\t<meta property=\"og:image:width\" content=\"720\" \/>\n\t<meta property=\"og:image:height\" content=\"479\" \/>\n\t<meta property=\"og:image:type\" content=\"image\/jpeg\" \/>\n<meta name=\"author\" content=\"cfeditorfr\" \/>\n<meta name=\"twitter:card\" content=\"summary_large_image\" \/>\n<meta name=\"twitter:label1\" content=\"\u00c9crit par\" \/>\n\t<meta name=\"twitter:data1\" content=\"cfeditorfr\" \/>\n\t<meta name=\"twitter:label2\" content=\"Dur\u00e9e de lecture estim\u00e9e\" \/>\n\t<meta name=\"twitter:data2\" content=\"2 minutes\" \/>\n<script type=\"application\/ld+json\" class=\"yoast-schema-graph\">{\"@context\":\"https:\/\/schema.org\",\"@graph\":[{\"@type\":\"Article\",\"@id\":\"https:\/\/www.africa-press.net\/cotedivoire\/politique\/sil-y-a-quelquun-a-feter-pour-le-retour-de-gbagbo-cest-bien-ouattara-affirme-bictogo#article\",\"isPartOf\":{\"@id\":\"https:\/\/www.africa-press.net\/cotedivoire\/politique\/sil-y-a-quelquun-a-feter-pour-le-retour-de-gbagbo-cest-bien-ouattara-affirme-bictogo\"},\"author\":{\"name\":\"cfeditorfr\",\"@id\":\"https:\/\/www.africa-press.net\/cotedivoire\/#\/schema\/person\/2b1cf3cd81a31e3cd26889ca66d677f1\"},\"headline\":\"\u00ab\u00a0S\u2019il y a quelqu\u2019un \u00e0 f\u00eater pour le retour de Gbagbo, c\u2019est bien Ouattara\u00a0\u00bb, affirme Bictogo\",\"datePublished\":\"2021-06-16T17:48:01+00:00\",\"dateModified\":\"2021-06-16T18:31:08+00:00\",\"mainEntityOfPage\":{\"@id\":\"https:\/\/www.africa-press.net\/cotedivoire\/politique\/sil-y-a-quelquun-a-feter-pour-le-retour-de-gbagbo-cest-bien-ouattara-affirme-bictogo\"},\"wordCount\":317,\"commentCount\":0,\"image\":{\"@id\":\"https:\/\/www.africa-press.net\/cotedivoire\/politique\/sil-y-a-quelquun-a-feter-pour-le-retour-de-gbagbo-cest-bien-ouattara-affirme-bictogo#primaryimage\"},\"thumbnailUrl\":\"https:\/\/static.africa-press.net\/cote\/sites\/43\/2021\/06\/img-60ca31ba0e5d1.jpg\",\"keywords\":[\"Africa Press\",\"Africa Press-C\u00f4te d'Ivoire\",\"C\u00d4TE D'IVOIRE\"],\"articleSection\":[\"homepage-french\",\"Politique\",\"Top Nouvelles\",\"Toutes les actualit\u00e9s\"],\"inLanguage\":\"fr-FR\",\"potentialAction\":[{\"@type\":\"CommentAction\",\"name\":\"Comment\",\"target\":[\"https:\/\/www.africa-press.net\/cotedivoire\/politique\/sil-y-a-quelquun-a-feter-pour-le-retour-de-gbagbo-cest-bien-ouattara-affirme-bictogo#respond\"]}]},{\"@type\":\"WebPage\",\"@id\":\"https:\/\/www.africa-press.net\/cotedivoire\/politique\/sil-y-a-quelquun-a-feter-pour-le-retour-de-gbagbo-cest-bien-ouattara-affirme-bictogo\",\"url\":\"https:\/\/www.africa-press.net\/cotedivoire\/politique\/sil-y-a-quelquun-a-feter-pour-le-retour-de-gbagbo-cest-bien-ouattara-affirme-bictogo\",\"name\":\"\u00ab\u00a0S\u2019il y a quelqu\u2019un \u00e0 f\u00eater pour le retour de Gbagbo, c\u2019est bien Ouattara\u00a0\u00bb, affirme Bictogo - C\u00f4te d&#039;Ivoire\",\"isPartOf\":{\"@id\":\"https:\/\/www.africa-press.net\/cotedivoire\/#website\"},\"primaryImageOfPage\":{\"@id\":\"https:\/\/www.africa-press.net\/cotedivoire\/politique\/sil-y-a-quelquun-a-feter-pour-le-retour-de-gbagbo-cest-bien-ouattara-affirme-bictogo#primaryimage\"},\"image\":{\"@id\":\"https:\/\/www.africa-press.net\/cotedivoire\/politique\/sil-y-a-quelquun-a-feter-pour-le-retour-de-gbagbo-cest-bien-ouattara-affirme-bictogo#primaryimage\"},\"thumbnailUrl\":\"https:\/\/static.africa-press.net\/cote\/sites\/43\/2021\/06\/img-60ca31ba0e5d1.jpg\",\"datePublished\":\"2021-06-16T17:48:01+00:00\",\"dateModified\":\"2021-06-16T18:31:08+00:00\",\"author\":{\"@id\":\"https:\/\/www.africa-press.net\/cotedivoire\/#\/schema\/person\/2b1cf3cd81a31e3cd26889ca66d677f1\"},\"description\":\"Manuella YAPI Le directeur ex\u00e9cutif du Rassemblement des houphou\u00ebtistes pour la d\u00e9mocratie et la paix (RHDP, pouvoir) A ...\",\"breadcrumb\":{\"@id\":\"https:\/\/www.africa-press.net\/cotedivoire\/politique\/sil-y-a-quelquun-a-feter-pour-le-retour-de-gbagbo-cest-bien-ouattara-affirme-bictogo#breadcrumb\"},\"inLanguage\":\"fr-FR\",\"potentialAction\":[{\"@type\":\"ReadAction\",\"target\":[\"https:\/\/www.africa-press.net\/cotedivoire\/politique\/sil-y-a-quelquun-a-feter-pour-le-retour-de-gbagbo-cest-bien-ouattara-affirme-bictogo\"]}]},{\"@type\":\"ImageObject\",\"inLanguage\":\"fr-FR\",\"@id\":\"https:\/\/www.africa-press.net\/cotedivoire\/politique\/sil-y-a-quelquun-a-feter-pour-le-retour-de-gbagbo-cest-bien-ouattara-affirme-bictogo#primaryimage\",\"url\":\"https:\/\/static.africa-press.net\/cote\/sites\/43\/2021\/06\/img-60ca31ba0e5d1.jpg\",\"contentUrl\":\"https:\/\/static.africa-press.net\/cote\/sites\/43\/2021\/06\/img-60ca31ba0e5d1.jpg\",\"width\":720,\"height\":479,\"caption\":\"\u00ab\u00a0S\u2019il y a quelqu\u2019un \u00e0 f\u00eater pour le retour de Gbagbo, c\u2019est bien Ouattara\u00a0\u00bb, affirme Bictogo\"},{\"@type\":\"BreadcrumbList\",\"@id\":\"https:\/\/www.africa-press.net\/cotedivoire\/politique\/sil-y-a-quelquun-a-feter-pour-le-retour-de-gbagbo-cest-bien-ouattara-affirme-bictogo#breadcrumb\",\"itemListElement\":[{\"@type\":\"ListItem\",\"position\":1,\"name\":\"Accueil\",\"item\":\"https:\/\/www.africa-press.net\/cotedivoire\/\"},{\"@type\":\"ListItem\",\"position\":2,\"name\":\"\u00ab\u00a0S\u2019il y a quelqu\u2019un \u00e0 f\u00eater pour le retour de Gbagbo, c\u2019est bien Ouattara\u00a0\u00bb, affirme Bictogo\"}]},{\"@type\":\"WebSite\",\"@id\":\"https:\/\/www.africa-press.net\/cotedivoire\/#website\",\"url\":\"https:\/\/www.africa-press.net\/cotedivoire\/\",\"name\":\"C\u00f4te d&#039;Ivoire\",\"description\":\"Just another Africa News Agency Sites site\",\"potentialAction\":[{\"@type\":\"SearchAction\",\"target\":{\"@type\":\"EntryPoint\",\"urlTemplate\":\"https:\/\/www.africa-press.net\/cotedivoire\/?s={search_term_string}\"},\"query-input\":{\"@type\":\"PropertyValueSpecification\",\"valueRequired\":true,\"valueName\":\"search_term_string\"}}],\"inLanguage\":\"fr-FR\"},{\"@type\":\"Person\",\"@id\":\"https:\/\/www.africa-press.net\/cotedivoire\/#\/schema\/person\/2b1cf3cd81a31e3cd26889ca66d677f1\",\"name\":\"cfeditorfr\"}]}<\/script>\n<!-- \/ Yoast SEO Premium plugin. -->","yoast_head_json":{"title":"\u00ab\u00a0S\u2019il y a quelqu\u2019un \u00e0 f\u00eater pour le retour de Gbagbo, c\u2019est bien Ouattara\u00a0\u00bb, affirme Bictogo - C\u00f4te d&#039;Ivoire","description":"Manuella YAPI Le directeur ex\u00e9cutif du Rassemblement des houphou\u00ebtistes pour la d\u00e9mocratie et la paix (RHDP, pouvoir) A ...","robots":{"index":"index","follow":"follow","max-snippet":"max-snippet:-1","max-image-preview":"max-image-preview:large","max-video-preview":"max-video-preview:-1"},"canonical":"https:\/\/www.africa-press.net\/cotedivoire\/politique\/sil-y-a-quelquun-a-feter-pour-le-retour-de-gbagbo-cest-bien-ouattara-affirme-bictogo","og_locale":"fr_FR","og_type":"article","og_title":"\u00ab\u00a0S\u2019il y a quelqu\u2019un \u00e0 f\u00eater pour le retour de Gbagbo, c\u2019est bien Ouattara\u00a0\u00bb, affirme Bictogo","og_description":"Manuella YAPI Le directeur ex\u00e9cutif du Rassemblement des houphou\u00ebtistes pour la d\u00e9mocratie et la paix (RHDP, pouvoir) A ...","og_url":"https:\/\/www.africa-press.net\/cotedivoire\/politique\/sil-y-a-quelquun-a-feter-pour-le-retour-de-gbagbo-cest-bien-ouattara-affirme-bictogo","og_site_name":"C\u00f4te d&#039;Ivoire","article_published_time":"2021-06-16T17:48:01+00:00","article_modified_time":"2021-06-16T18:31:08+00:00","og_image":[{"width":720,"height":479,"url":"https:\/\/static.africa-press.net\/cote\/sites\/43\/2021\/06\/img-60ca31ba0e5d1.jpg","type":"image\/jpeg"}],"author":"cfeditorfr","twitter_card":"summary_large_image","twitter_misc":{"\u00c9crit par":"cfeditorfr","Dur\u00e9e de lecture estim\u00e9e":"2 minutes"},"schema":{"@context":"https:\/\/schema.org","@graph":[{"@type":"Article","@id":"https:\/\/www.africa-press.net\/cotedivoire\/politique\/sil-y-a-quelquun-a-feter-pour-le-retour-de-gbagbo-cest-bien-ouattara-affirme-bictogo#article","isPartOf":{"@id":"https:\/\/www.africa-press.net\/cotedivoire\/politique\/sil-y-a-quelquun-a-feter-pour-le-retour-de-gbagbo-cest-bien-ouattara-affirme-bictogo"},"author":{"name":"cfeditorfr","@id":"https:\/\/www.africa-press.net\/cotedivoire\/#\/schema\/person\/2b1cf3cd81a31e3cd26889ca66d677f1"},"headline":"\u00ab\u00a0S\u2019il y a quelqu\u2019un \u00e0 f\u00eater pour le retour de Gbagbo, c\u2019est bien Ouattara\u00a0\u00bb, affirme Bictogo","datePublished":"2021-06-16T17:48:01+00:00","dateModified":"2021-06-16T18:31:08+00:00","mainEntityOfPage":{"@id":"https:\/\/www.africa-press.net\/cotedivoire\/politique\/sil-y-a-quelquun-a-feter-pour-le-retour-de-gbagbo-cest-bien-ouattara-affirme-bictogo"},"wordCount":317,"commentCount":0,"image":{"@id":"https:\/\/www.africa-press.net\/cotedivoire\/politique\/sil-y-a-quelquun-a-feter-pour-le-retour-de-gbagbo-cest-bien-ouattara-affirme-bictogo#primaryimage"},"thumbnailUrl":"https:\/\/static.africa-press.net\/cote\/sites\/43\/2021\/06\/img-60ca31ba0e5d1.jpg","keywords":["Africa Press","Africa Press-C\u00f4te d'Ivoire","C\u00d4TE D'IVOIRE"],"articleSection":["homepage-french","Politique","Top Nouvelles","Toutes les actualit\u00e9s"],"inLanguage":"fr-FR","potentialAction":[{"@type":"CommentAction","name":"Comment","target":["https:\/\/www.africa-press.net\/cotedivoire\/politique\/sil-y-a-quelquun-a-feter-pour-le-retour-de-gbagbo-cest-bien-ouattara-affirme-bictogo#respond"]}]},{"@type":"WebPage","@id":"https:\/\/www.africa-press.net\/cotedivoire\/politique\/sil-y-a-quelquun-a-feter-pour-le-retour-de-gbagbo-cest-bien-ouattara-affirme-bictogo","url":"https:\/\/www.africa-press.net\/cotedivoire\/politique\/sil-y-a-quelquun-a-feter-pour-le-retour-de-gbagbo-cest-bien-ouattara-affirme-bictogo","name":"\u00ab\u00a0S\u2019il y a quelqu\u2019un \u00e0 f\u00eater pour le retour de Gbagbo, c\u2019est bien Ouattara\u00a0\u00bb, affirme Bictogo - C\u00f4te d&#039;Ivoire","isPartOf":{"@id":"https:\/\/www.africa-press.net\/cotedivoire\/#website"},"primaryImageOfPage":{"@id":"https:\/\/www.africa-press.net\/cotedivoire\/politique\/sil-y-a-quelquun-a-feter-pour-le-retour-de-gbagbo-cest-bien-ouattara-affirme-bictogo#primaryimage"},"image":{"@id":"https:\/\/www.africa-press.net\/cotedivoire\/politique\/sil-y-a-quelquun-a-feter-pour-le-retour-de-gbagbo-cest-bien-ouattara-affirme-bictogo#primaryimage"},"thumbnailUrl":"https:\/\/static.africa-press.net\/cote\/sites\/43\/2021\/06\/img-60ca31ba0e5d1.jpg","datePublished":"2021-06-16T17:48:01+00:00","dateModified":"2021-06-16T18:31:08+00:00","author":{"@id":"https:\/\/www.africa-press.net\/cotedivoire\/#\/schema\/person\/2b1cf3cd81a31e3cd26889ca66d677f1"},"description":"Manuella YAPI Le directeur ex\u00e9cutif du Rassemblement des houphou\u00ebtistes pour la d\u00e9mocratie et la paix (RHDP, pouvoir) A ...","breadcrumb":{"@id":"https:\/\/www.africa-press.net\/cotedivoire\/politique\/sil-y-a-quelquun-a-feter-pour-le-retour-de-gbagbo-cest-bien-ouattara-affirme-bictogo#breadcrumb"},"inLanguage":"fr-FR","potentialAction":[{"@type":"ReadAction","target":["https:\/\/www.africa-press.net\/cotedivoire\/politique\/sil-y-a-quelquun-a-feter-pour-le-retour-de-gbagbo-cest-bien-ouattara-affirme-bictogo"]}]},{"@type":"ImageObject","inLanguage":"fr-FR","@id":"https:\/\/www.africa-press.net\/cotedivoire\/politique\/sil-y-a-quelquun-a-feter-pour-le-retour-de-gbagbo-cest-bien-ouattara-affirme-bictogo#primaryimage","url":"https:\/\/static.africa-press.net\/cote\/sites\/43\/2021\/06\/img-60ca31ba0e5d1.jpg","contentUrl":"https:\/\/static.africa-press.net\/cote\/sites\/43\/2021\/06\/img-60ca31ba0e5d1.jpg","width":720,"height":479,"caption":"\u00ab\u00a0S\u2019il y a quelqu\u2019un \u00e0 f\u00eater pour le retour de Gbagbo, c\u2019est bien Ouattara\u00a0\u00bb, affirme Bictogo"},{"@type":"BreadcrumbList","@id":"https:\/\/www.africa-press.net\/cotedivoire\/politique\/sil-y-a-quelquun-a-feter-pour-le-retour-de-gbagbo-cest-bien-ouattara-affirme-bictogo#breadcrumb","itemListElement":[{"@type":"ListItem","position":1,"name":"Accueil","item":"https:\/\/www.africa-press.net\/cotedivoire\/"},{"@type":"ListItem","position":2,"name":"\u00ab\u00a0S\u2019il y a quelqu\u2019un \u00e0 f\u00eater pour le retour de Gbagbo, c\u2019est bien Ouattara\u00a0\u00bb, affirme Bictogo"}]},{"@type":"WebSite","@id":"https:\/\/www.africa-press.net\/cotedivoire\/#website","url":"https:\/\/www.africa-press.net\/cotedivoire\/","name":"C\u00f4te d&#039;Ivoire","description":"Just another Africa News Agency Sites site","potentialAction":[{"@type":"SearchAction","target":{"@type":"EntryPoint","urlTemplate":"https:\/\/www.africa-press.net\/cotedivoire\/?s={search_term_string}"},"query-input":{"@type":"PropertyValueSpecification","valueRequired":true,"valueName":"search_term_string"}}],"inLanguage":"fr-FR"},{"@type":"Person","@id":"https:\/\/www.africa-press.net\/cotedivoire\/#\/schema\/person\/2b1cf3cd81a31e3cd26889ca66d677f1","name":"cfeditorfr"}]}},"_links":{"self":[{"href":"https:\/\/www.africa-press.net\/cotedivoire\/wp-json\/wp\/v2\/posts\/9058","targetHints":{"allow":["GET"]}}],"collection":[{"href":"https:\/\/www.africa-press.net\/cotedivoire\/wp-json\/wp\/v2\/posts"}],"about":[{"href":"https:\/\/www.africa-press.net\/cotedivoire\/wp-json\/wp\/v2\/types\/post"}],"author":[{"embeddable":true,"href":"https:\/\/www.africa-press.net\/cotedivoire\/wp-json\/wp\/v2\/users\/82"}],"replies":[{"embeddable":true,"href":"https:\/\/www.africa-press.net\/cotedivoire\/wp-json\/wp\/v2\/comments?post=9058"}],"version-history":[{"count":0,"href":"https:\/\/www.africa-press.net\/cotedivoire\/wp-json\/wp\/v2\/posts\/9058\/revisions"}],"wp:featuredmedia":[{"embeddable":true,"href":"https:\/\/www.africa-press.net\/cotedivoire\/wp-json\/wp\/v2\/media\/9057"}],"wp:attachment":[{"href":"https:\/\/www.africa-press.net\/cotedivoire\/wp-json\/wp\/v2\/media?parent=9058"}],"wp:term":[{"taxonomy":"category","embeddable":true,"href":"https:\/\/www.africa-press.net\/cotedivoire\/wp-json\/wp\/v2\/categories?post=9058"},{"taxonomy":"post_tag","embeddable":true,"href":"https:\/\/www.africa-press.net\/cotedivoire\/wp-json\/wp\/v2\/tags?post=9058"}],"curies":[{"name":"wp","href":"https:\/\/api.w.org\/{rel}","templated":true}]}}