{"id":9061,"date":"2021-06-16T17:56:48","date_gmt":"2021-06-16T17:56:48","guid":{"rendered":"https:\/\/www.africa-press.net\/cotedivoire\/?p=9061"},"modified":"2021-06-16T18:31:18","modified_gmt":"2021-06-16T18:31:18","slug":"la-production-de-cafe-chute-de-48-en-cote-divoire","status":"publish","type":"post","link":"https:\/\/www.africa-press.net\/cotedivoire\/economie\/la-production-de-cafe-chute-de-48-en-cote-divoire","title":{"rendered":"La production de caf\u00e9 chute de 48% en C\u00f4te-d\u2019Ivoire"},"content":{"rendered":"<p><span style=\"color: #ff6600\"><strong><a href=\"https:\/\/www.africa-press.net\/\">Africa-Press<\/a> &#8211; <a href=\"https:\/\/www.africa-press.net\/cotedivoire\">C\u00f4te d&rsquo;Ivoire<\/a>.\u00a0 <\/strong><\/span>En C\u00f4te d\u2019Ivoire, la production de caf\u00e9 dont le pays est le 3e plus gros producteur africain, a chut\u00e9 de 48,6% en mars 2021 pour s\u2019\u00e9tablir \u00e0 39.487 tonnes, contre 76.769 tonnes en mars 2021, selon un rapport du minist\u00e8re de l\u2019Economie et des Finances obtenu par ALERTE INFO.<\/p>\n<p>\u00ab Au niveau du caf\u00e9, la baisse de la production observ\u00e9e depuis 2019 se poursuit. La production chute de 48,6% et atteint 39487 tonnes \u00bb, fait savoir le document.<\/p>\n<p>A en croire le rapport, \u00ab la fili\u00e8re souffre du vieillissement progressif du verger et de l\u2019attrait d\u2019autres sp\u00e9culations, malgr\u00e9 les efforts du Conseil Caf\u00e9 Cacao pour inverser la tendance \u00bb.<\/p>\n<p>Les exportations de caf\u00e9 vert et de caf\u00e9 transform\u00e9 ont aussi baiss\u00e9es. Quelques 10.171 tonnes vendues ont permis d\u2019obtenir 17,841 milliards FCFA de recettes.<\/p>\n<p>&nbsp;<\/p>\n","protected":false},"excerpt":{"rendered":"<p>Africa-Press &#8211; C\u00f4te d&rsquo;Ivoire.\u00a0 En C\u00f4te d\u2019Ivoire, la production de caf\u00e9 dont le pays est le 3e plus gros producteur africain, a chut\u00e9 de 48,6% en mars 2021 pour s\u2019\u00e9tablir \u00e0 39.487 tonnes, contre 76.769 tonnes en mars 2021, selon un rapport du minist\u00e8re de l\u2019Economie et des Finances obtenu par ALERTE INFO. \u00ab Au [&hellip;]<\/p>\n","protected":false},"author":82,"featured_media":9060,"comment_status":"open","ping_status":"closed","sticky":false,"template":"","format":"standard","meta":{"footnotes":""},"categories":[3,11,10],"tags":[56,63,29],"class_list":["post-9061","post","type-post","status-publish","format-standard","has-post-thumbnail","hentry","category-economie","category-homepage-french","category-toutes-les-actualites","tag-africa-press","tag-africa-press-cote-divoire","tag-cote-divoire"],"yoast_head":"<!-- This site is optimized with the Yoast SEO Premium plugin v26.1 (Yoast SEO v27.0) - https:\/\/yoast.com\/product\/yoast-seo-premium-wordpress\/ -->\n<title>La production de caf\u00e9 chute de 48% en C\u00f4te-d\u2019Ivoire - C\u00f4te d&#039;Ivoire<\/title>\n<meta name=\"description\" content=\"Jocelyne LIADE En C\u00f4te d\u2019Ivoire, la production de caf\u00e9 dont le pays est le 3e plus gros producteur africain, a chut\u00e9 de ...\" \/>\n<meta name=\"robots\" content=\"index, follow, max-snippet:-1, max-image-preview:large, max-video-preview:-1\" \/>\n<link rel=\"canonical\" href=\"https:\/\/www.africa-press.net\/cotedivoire\/economie\/la-production-de-cafe-chute-de-48-en-cote-divoire\" \/>\n<meta property=\"og:locale\" content=\"fr_FR\" \/>\n<meta property=\"og:type\" content=\"article\" \/>\n<meta property=\"og:title\" content=\"La production de caf\u00e9 chute de 48% en C\u00f4te-d\u2019Ivoire\" \/>\n<meta property=\"og:description\" content=\"Jocelyne LIADE En C\u00f4te d\u2019Ivoire, la production de caf\u00e9 dont le pays est le 3e plus gros producteur africain, a chut\u00e9 de ...\" \/>\n<meta property=\"og:url\" content=\"https:\/\/www.africa-press.net\/cotedivoire\/economie\/la-production-de-cafe-chute-de-48-en-cote-divoire\" \/>\n<meta property=\"og:site_name\" content=\"C\u00f4te d&#039;Ivoire\" \/>\n<meta property=\"article:published_time\" content=\"2021-06-16T17:56:48+00:00\" \/>\n<meta property=\"article:modified_time\" content=\"2021-06-16T18:31:18+00:00\" \/>\n<meta property=\"og:image\" content=\"https:\/\/static.africa-press.net\/cote\/sites\/43\/2021\/06\/img-60ca31ede986f.jpg\" \/>\n\t<meta property=\"og:image:width\" content=\"720\" \/>\n\t<meta property=\"og:image:height\" content=\"505\" \/>\n\t<meta property=\"og:image:type\" content=\"image\/jpeg\" \/>\n<meta name=\"author\" content=\"cfeditorfr\" \/>\n<meta name=\"twitter:card\" content=\"summary_large_image\" \/>\n<meta name=\"twitter:label1\" content=\"\u00c9crit par\" \/>\n\t<meta name=\"twitter:data1\" content=\"cfeditorfr\" \/>\n\t<meta name=\"twitter:label2\" content=\"Dur\u00e9e de lecture estim\u00e9e\" \/>\n\t<meta name=\"twitter:data2\" content=\"1 minute\" \/>\n<script type=\"application\/ld+json\" class=\"yoast-schema-graph\">{\"@context\":\"https:\/\/schema.org\",\"@graph\":[{\"@type\":\"Article\",\"@id\":\"https:\/\/www.africa-press.net\/cotedivoire\/economie\/la-production-de-cafe-chute-de-48-en-cote-divoire#article\",\"isPartOf\":{\"@id\":\"https:\/\/www.africa-press.net\/cotedivoire\/economie\/la-production-de-cafe-chute-de-48-en-cote-divoire\"},\"author\":{\"name\":\"cfeditorfr\",\"@id\":\"https:\/\/www.africa-press.net\/cotedivoire\/#\/schema\/person\/2b1cf3cd81a31e3cd26889ca66d677f1\"},\"headline\":\"La production de caf\u00e9 chute de 48% en C\u00f4te-d\u2019Ivoire\",\"datePublished\":\"2021-06-16T17:56:48+00:00\",\"dateModified\":\"2021-06-16T18:31:18+00:00\",\"mainEntityOfPage\":{\"@id\":\"https:\/\/www.africa-press.net\/cotedivoire\/economie\/la-production-de-cafe-chute-de-48-en-cote-divoire\"},\"wordCount\":147,\"commentCount\":0,\"image\":{\"@id\":\"https:\/\/www.africa-press.net\/cotedivoire\/economie\/la-production-de-cafe-chute-de-48-en-cote-divoire#primaryimage\"},\"thumbnailUrl\":\"https:\/\/static.africa-press.net\/cote\/sites\/43\/2021\/06\/img-60ca31ede986f.jpg\",\"keywords\":[\"Africa Press\",\"Africa Press-C\u00f4te d'Ivoire\",\"C\u00d4TE D'IVOIRE\"],\"articleSection\":[\"\u00c9conomie\",\"homepage-french\",\"Toutes les actualit\u00e9s\"],\"inLanguage\":\"fr-FR\",\"potentialAction\":[{\"@type\":\"CommentAction\",\"name\":\"Comment\",\"target\":[\"https:\/\/www.africa-press.net\/cotedivoire\/economie\/la-production-de-cafe-chute-de-48-en-cote-divoire#respond\"]}]},{\"@type\":\"WebPage\",\"@id\":\"https:\/\/www.africa-press.net\/cotedivoire\/economie\/la-production-de-cafe-chute-de-48-en-cote-divoire\",\"url\":\"https:\/\/www.africa-press.net\/cotedivoire\/economie\/la-production-de-cafe-chute-de-48-en-cote-divoire\",\"name\":\"La production de caf\u00e9 chute de 48% en C\u00f4te-d\u2019Ivoire - C\u00f4te d&#039;Ivoire\",\"isPartOf\":{\"@id\":\"https:\/\/www.africa-press.net\/cotedivoire\/#website\"},\"primaryImageOfPage\":{\"@id\":\"https:\/\/www.africa-press.net\/cotedivoire\/economie\/la-production-de-cafe-chute-de-48-en-cote-divoire#primaryimage\"},\"image\":{\"@id\":\"https:\/\/www.africa-press.net\/cotedivoire\/economie\/la-production-de-cafe-chute-de-48-en-cote-divoire#primaryimage\"},\"thumbnailUrl\":\"https:\/\/static.africa-press.net\/cote\/sites\/43\/2021\/06\/img-60ca31ede986f.jpg\",\"datePublished\":\"2021-06-16T17:56:48+00:00\",\"dateModified\":\"2021-06-16T18:31:18+00:00\",\"author\":{\"@id\":\"https:\/\/www.africa-press.net\/cotedivoire\/#\/schema\/person\/2b1cf3cd81a31e3cd26889ca66d677f1\"},\"description\":\"Jocelyne LIADE En C\u00f4te d\u2019Ivoire, la production de caf\u00e9 dont le pays est le 3e plus gros producteur africain, a chut\u00e9 de ...\",\"breadcrumb\":{\"@id\":\"https:\/\/www.africa-press.net\/cotedivoire\/economie\/la-production-de-cafe-chute-de-48-en-cote-divoire#breadcrumb\"},\"inLanguage\":\"fr-FR\",\"potentialAction\":[{\"@type\":\"ReadAction\",\"target\":[\"https:\/\/www.africa-press.net\/cotedivoire\/economie\/la-production-de-cafe-chute-de-48-en-cote-divoire\"]}]},{\"@type\":\"ImageObject\",\"inLanguage\":\"fr-FR\",\"@id\":\"https:\/\/www.africa-press.net\/cotedivoire\/economie\/la-production-de-cafe-chute-de-48-en-cote-divoire#primaryimage\",\"url\":\"https:\/\/static.africa-press.net\/cote\/sites\/43\/2021\/06\/img-60ca31ede986f.jpg\",\"contentUrl\":\"https:\/\/static.africa-press.net\/cote\/sites\/43\/2021\/06\/img-60ca31ede986f.jpg\",\"width\":720,\"height\":505,\"caption\":\"La production de caf\u00e9 chute de 48% en C\u00f4te-d\u2019Ivoire\"},{\"@type\":\"BreadcrumbList\",\"@id\":\"https:\/\/www.africa-press.net\/cotedivoire\/economie\/la-production-de-cafe-chute-de-48-en-cote-divoire#breadcrumb\",\"itemListElement\":[{\"@type\":\"ListItem\",\"position\":1,\"name\":\"Accueil\",\"item\":\"https:\/\/www.africa-press.net\/cotedivoire\/\"},{\"@type\":\"ListItem\",\"position\":2,\"name\":\"La production de caf\u00e9 chute de 48% en C\u00f4te-d\u2019Ivoire\"}]},{\"@type\":\"WebSite\",\"@id\":\"https:\/\/www.africa-press.net\/cotedivoire\/#website\",\"url\":\"https:\/\/www.africa-press.net\/cotedivoire\/\",\"name\":\"C\u00f4te d&#039;Ivoire\",\"description\":\"Just another Africa News Agency Sites site\",\"potentialAction\":[{\"@type\":\"SearchAction\",\"target\":{\"@type\":\"EntryPoint\",\"urlTemplate\":\"https:\/\/www.africa-press.net\/cotedivoire\/?s={search_term_string}\"},\"query-input\":{\"@type\":\"PropertyValueSpecification\",\"valueRequired\":true,\"valueName\":\"search_term_string\"}}],\"inLanguage\":\"fr-FR\"},{\"@type\":\"Person\",\"@id\":\"https:\/\/www.africa-press.net\/cotedivoire\/#\/schema\/person\/2b1cf3cd81a31e3cd26889ca66d677f1\",\"name\":\"cfeditorfr\"}]}<\/script>\n<!-- \/ Yoast SEO Premium plugin. -->","yoast_head_json":{"title":"La production de caf\u00e9 chute de 48% en C\u00f4te-d\u2019Ivoire - C\u00f4te d&#039;Ivoire","description":"Jocelyne LIADE En C\u00f4te d\u2019Ivoire, la production de caf\u00e9 dont le pays est le 3e plus gros producteur africain, a chut\u00e9 de ...","robots":{"index":"index","follow":"follow","max-snippet":"max-snippet:-1","max-image-preview":"max-image-preview:large","max-video-preview":"max-video-preview:-1"},"canonical":"https:\/\/www.africa-press.net\/cotedivoire\/economie\/la-production-de-cafe-chute-de-48-en-cote-divoire","og_locale":"fr_FR","og_type":"article","og_title":"La production de caf\u00e9 chute de 48% en C\u00f4te-d\u2019Ivoire","og_description":"Jocelyne LIADE En C\u00f4te d\u2019Ivoire, la production de caf\u00e9 dont le pays est le 3e plus gros producteur africain, a chut\u00e9 de ...","og_url":"https:\/\/www.africa-press.net\/cotedivoire\/economie\/la-production-de-cafe-chute-de-48-en-cote-divoire","og_site_name":"C\u00f4te d&#039;Ivoire","article_published_time":"2021-06-16T17:56:48+00:00","article_modified_time":"2021-06-16T18:31:18+00:00","og_image":[{"width":720,"height":505,"url":"https:\/\/static.africa-press.net\/cote\/sites\/43\/2021\/06\/img-60ca31ede986f.jpg","type":"image\/jpeg"}],"author":"cfeditorfr","twitter_card":"summary_large_image","twitter_misc":{"\u00c9crit par":"cfeditorfr","Dur\u00e9e de lecture estim\u00e9e":"1 minute"},"schema":{"@context":"https:\/\/schema.org","@graph":[{"@type":"Article","@id":"https:\/\/www.africa-press.net\/cotedivoire\/economie\/la-production-de-cafe-chute-de-48-en-cote-divoire#article","isPartOf":{"@id":"https:\/\/www.africa-press.net\/cotedivoire\/economie\/la-production-de-cafe-chute-de-48-en-cote-divoire"},"author":{"name":"cfeditorfr","@id":"https:\/\/www.africa-press.net\/cotedivoire\/#\/schema\/person\/2b1cf3cd81a31e3cd26889ca66d677f1"},"headline":"La production de caf\u00e9 chute de 48% en C\u00f4te-d\u2019Ivoire","datePublished":"2021-06-16T17:56:48+00:00","dateModified":"2021-06-16T18:31:18+00:00","mainEntityOfPage":{"@id":"https:\/\/www.africa-press.net\/cotedivoire\/economie\/la-production-de-cafe-chute-de-48-en-cote-divoire"},"wordCount":147,"commentCount":0,"image":{"@id":"https:\/\/www.africa-press.net\/cotedivoire\/economie\/la-production-de-cafe-chute-de-48-en-cote-divoire#primaryimage"},"thumbnailUrl":"https:\/\/static.africa-press.net\/cote\/sites\/43\/2021\/06\/img-60ca31ede986f.jpg","keywords":["Africa Press","Africa Press-C\u00f4te d'Ivoire","C\u00d4TE D'IVOIRE"],"articleSection":["\u00c9conomie","homepage-french","Toutes les actualit\u00e9s"],"inLanguage":"fr-FR","potentialAction":[{"@type":"CommentAction","name":"Comment","target":["https:\/\/www.africa-press.net\/cotedivoire\/economie\/la-production-de-cafe-chute-de-48-en-cote-divoire#respond"]}]},{"@type":"WebPage","@id":"https:\/\/www.africa-press.net\/cotedivoire\/economie\/la-production-de-cafe-chute-de-48-en-cote-divoire","url":"https:\/\/www.africa-press.net\/cotedivoire\/economie\/la-production-de-cafe-chute-de-48-en-cote-divoire","name":"La production de caf\u00e9 chute de 48% en C\u00f4te-d\u2019Ivoire - C\u00f4te d&#039;Ivoire","isPartOf":{"@id":"https:\/\/www.africa-press.net\/cotedivoire\/#website"},"primaryImageOfPage":{"@id":"https:\/\/www.africa-press.net\/cotedivoire\/economie\/la-production-de-cafe-chute-de-48-en-cote-divoire#primaryimage"},"image":{"@id":"https:\/\/www.africa-press.net\/cotedivoire\/economie\/la-production-de-cafe-chute-de-48-en-cote-divoire#primaryimage"},"thumbnailUrl":"https:\/\/static.africa-press.net\/cote\/sites\/43\/2021\/06\/img-60ca31ede986f.jpg","datePublished":"2021-06-16T17:56:48+00:00","dateModified":"2021-06-16T18:31:18+00:00","author":{"@id":"https:\/\/www.africa-press.net\/cotedivoire\/#\/schema\/person\/2b1cf3cd81a31e3cd26889ca66d677f1"},"description":"Jocelyne LIADE En C\u00f4te d\u2019Ivoire, la production de caf\u00e9 dont le pays est le 3e plus gros producteur africain, a chut\u00e9 de ...","breadcrumb":{"@id":"https:\/\/www.africa-press.net\/cotedivoire\/economie\/la-production-de-cafe-chute-de-48-en-cote-divoire#breadcrumb"},"inLanguage":"fr-FR","potentialAction":[{"@type":"ReadAction","target":["https:\/\/www.africa-press.net\/cotedivoire\/economie\/la-production-de-cafe-chute-de-48-en-cote-divoire"]}]},{"@type":"ImageObject","inLanguage":"fr-FR","@id":"https:\/\/www.africa-press.net\/cotedivoire\/economie\/la-production-de-cafe-chute-de-48-en-cote-divoire#primaryimage","url":"https:\/\/static.africa-press.net\/cote\/sites\/43\/2021\/06\/img-60ca31ede986f.jpg","contentUrl":"https:\/\/static.africa-press.net\/cote\/sites\/43\/2021\/06\/img-60ca31ede986f.jpg","width":720,"height":505,"caption":"La production de caf\u00e9 chute de 48% en C\u00f4te-d\u2019Ivoire"},{"@type":"BreadcrumbList","@id":"https:\/\/www.africa-press.net\/cotedivoire\/economie\/la-production-de-cafe-chute-de-48-en-cote-divoire#breadcrumb","itemListElement":[{"@type":"ListItem","position":1,"name":"Accueil","item":"https:\/\/www.africa-press.net\/cotedivoire\/"},{"@type":"ListItem","position":2,"name":"La production de caf\u00e9 chute de 48% en C\u00f4te-d\u2019Ivoire"}]},{"@type":"WebSite","@id":"https:\/\/www.africa-press.net\/cotedivoire\/#website","url":"https:\/\/www.africa-press.net\/cotedivoire\/","name":"C\u00f4te d&#039;Ivoire","description":"Just another Africa News Agency Sites site","potentialAction":[{"@type":"SearchAction","target":{"@type":"EntryPoint","urlTemplate":"https:\/\/www.africa-press.net\/cotedivoire\/?s={search_term_string}"},"query-input":{"@type":"PropertyValueSpecification","valueRequired":true,"valueName":"search_term_string"}}],"inLanguage":"fr-FR"},{"@type":"Person","@id":"https:\/\/www.africa-press.net\/cotedivoire\/#\/schema\/person\/2b1cf3cd81a31e3cd26889ca66d677f1","name":"cfeditorfr"}]}},"_links":{"self":[{"href":"https:\/\/www.africa-press.net\/cotedivoire\/wp-json\/wp\/v2\/posts\/9061","targetHints":{"allow":["GET"]}}],"collection":[{"href":"https:\/\/www.africa-press.net\/cotedivoire\/wp-json\/wp\/v2\/posts"}],"about":[{"href":"https:\/\/www.africa-press.net\/cotedivoire\/wp-json\/wp\/v2\/types\/post"}],"author":[{"embeddable":true,"href":"https:\/\/www.africa-press.net\/cotedivoire\/wp-json\/wp\/v2\/users\/82"}],"replies":[{"embeddable":true,"href":"https:\/\/www.africa-press.net\/cotedivoire\/wp-json\/wp\/v2\/comments?post=9061"}],"version-history":[{"count":0,"href":"https:\/\/www.africa-press.net\/cotedivoire\/wp-json\/wp\/v2\/posts\/9061\/revisions"}],"wp:featuredmedia":[{"embeddable":true,"href":"https:\/\/www.africa-press.net\/cotedivoire\/wp-json\/wp\/v2\/media\/9060"}],"wp:attachment":[{"href":"https:\/\/www.africa-press.net\/cotedivoire\/wp-json\/wp\/v2\/media?parent=9061"}],"wp:term":[{"taxonomy":"category","embeddable":true,"href":"https:\/\/www.africa-press.net\/cotedivoire\/wp-json\/wp\/v2\/categories?post=9061"},{"taxonomy":"post_tag","embeddable":true,"href":"https:\/\/www.africa-press.net\/cotedivoire\/wp-json\/wp\/v2\/tags?post=9061"}],"curies":[{"name":"wp","href":"https:\/\/api.w.org\/{rel}","templated":true}]}}