{"id":9067,"date":"2021-06-16T18:08:50","date_gmt":"2021-06-16T18:08:50","guid":{"rendered":"https:\/\/www.africa-press.net\/cotedivoire\/?p=9067"},"modified":"2021-06-16T18:31:35","modified_gmt":"2021-06-16T18:31:35","slug":"laurent-gbagbo-le-retour-en-cote-divoire-apres-dix-ans-dabsence","status":"publish","type":"post","link":"https:\/\/www.africa-press.net\/cotedivoire\/politique\/laurent-gbagbo-le-retour-en-cote-divoire-apres-dix-ans-dabsence","title":{"rendered":"Laurent Gbagbo : le retour en C\u00f4te d&rsquo;Ivoire apr\u00e8s dix ans d&rsquo;absence"},"content":{"rendered":"<p><span style=\"color: #ff6600\"><strong><a href=\"https:\/\/www.africa-press.net\/\">Africa-Press<\/a> &#8211; <a href=\"https:\/\/www.africa-press.net\/cotedivoire\">C\u00f4te d&rsquo;Ivoire<\/a>. <\/strong><\/span><b>Ev\u00e9nement &#8211; Laurent Gbagbo sera de retour en C\u00f4te d&rsquo;Ivoire ce jeudi 17 juin, une d\u00e9cennie apr\u00e8s avoir quitt\u00e9 le pays et avoir \u00e9t\u00e9 incarc\u00e9r\u00e9 aux Pays-Bas, \u00e0 la Cour p\u00e9nale internationale. Trois mois apr\u00e8s son acquittement d\u00e9finitif par la Cour d&rsquo;appel de la CPI, il foulera ce jeudi soir le sol d&rsquo;Abidjan. Un retour \u00ab\u00a0au nom de la r\u00e9conciliation nationale\u00a0\u00bb.<\/b><\/p>\n<p>Laurent Gbagbo, qui a dirig\u00e9 le pays pendant dix ans jusqu&rsquo;en 2011, sera accueilli au pavillon pr\u00e9sidentiel \u00e0 l&rsquo;a\u00e9roport, comme l&rsquo;a propos\u00e9 le pr\u00e9sident Alassane Ouattara. C&rsquo;est un \u00ab\u00a0message fort\u00a0\u00bb d&rsquo;Alassane Ouattara, un geste en faveur de la r\u00e9conciliation, a salu\u00e9 le parti de Laurent Gbagbo, le Front populaire ivoirien (FPI).<\/p>\n<p>L&rsquo;avion en provenance de Bruxelles doit atterrir \u00e0 l&rsquo;a\u00e9roport d&rsquo;Abidjan \u00e0 15H45 (heure locale et GMT). Une journ\u00e9e d\u00e9j\u00e0 qualifi\u00e9e d'\u00a0\u00bbhistorique\u00a0\u00bb: elle marque le retour d&rsquo;un homme de 76 ans, qui domine la politique ivoirienne depuis des d\u00e9cennies, comme opposant, pr\u00e9sident, prisonnier. Il revient, selon ses proches, sans esprit de vengeance, mais au contraire pour oeuvrer \u00e0 la politique de \u00ab\u00a0r\u00e9conciliation nationale\u00a0\u00bb.<\/p>\n<p>Son absence n&rsquo;a pas \u00e9rod\u00e9 sa popularit\u00e9 dans son camp. Les habitants de Mama (centre-ouest), son village natal, ont commenc\u00e9 d\u00e8s dimanche \u00e0 f\u00eater son retour. \u00ab\u00a0Je suis Gbagbo ou rien. Sans Gbagbo pas de r\u00e9conciliation. On a pri\u00e9 pour qu&rsquo;il revienne. Dieu merci il revient vivant. On est pr\u00eat pour l&rsquo;accueillir\u00a0\u00bb, a d\u00e9clar\u00e9 \u00e0 l&rsquo;AFP B\u00e9atrice Kragba.<\/p>\n<p>Chargement du lecteur&#8230; A Abidjan, des habitants commen\u00e7aient \u00e0 manifester leur joie lundi, comme un homme qui avait plac\u00e9 sur son scooter une pancarte \u00ab\u00a0Dignes fils d&rsquo;Afrique, honneur et gloire \u00e0 vous. Gbagbo arrive!\u00a0\u00bb.<\/p>\n<p>A l&rsquo;oppos\u00e9, ses adversaires estiment toujours qu&rsquo;il a pr\u00e9cipit\u00e9 son pays dans le chaos en refusant sa d\u00e9faite face \u00e0 Alassane Ouattara \u00e0 la pr\u00e9sidentielle de 2010. Ce refus avait provoqu\u00e9 une grave crise post-\u00e9lectorale, pendant laquelle quelque 3.000 personnes ont \u00e9t\u00e9 tu\u00e9es.<\/p>\n<p><b>La col\u00e8re des victimes<\/b><\/p>\n<p>C&rsquo;est pour ces violences que M. Gbagbo avait \u00e9t\u00e9 arr\u00eat\u00e9 en avril 2011, d&rsquo;abord d\u00e9tenu dans le nord de la C\u00f4te d&rsquo;Ivoire, puis transf\u00e9r\u00e9 fin 2011 \u00e0 la Cour p\u00e9nale internationale (CPI) \u00e0 La Haye. La CPI l&rsquo;a d\u00e9finitivement acquitt\u00e9 de crimes contre l&rsquo;humanit\u00e9 le 31 mars. Il vit depuis \u00e0 Bruxelles.<\/p>\n<p>Dans la foul\u00e9e de son acquittement et au nom de la \u00ab\u00a0r\u00e9conciliation nationale\u00a0\u00bb dans un pays meurtri par les violences politiques et ethniques depuis plus de 20 ans, Alassane Ouattara avait donn\u00e9 son feu vert au retour de Laurent Gbagbo, assurant qu&rsquo;il b\u00e9n\u00e9ficierait des avantages dus aux anciens pr\u00e9sidents.<\/p>\n<p>Des victimes de la crise de 2010-2011 s&rsquo;inqui\u00e8tent cependant de son retour et d\u00e9noncent une r\u00e9conciliation qui se fait au prix de l&rsquo;impunit\u00e9. Laurent Gbagbo reste sous le coup d&rsquo;une condamnation en C\u00f4te d&rsquo;Ivoire \u00e0 20 ans de prison pour le \u00ab\u00a0braquage\u00a0\u00bb de la Banque centrale des Etats d&rsquo;Afrique de l&rsquo;Ouest (BCEAO) commis \u00e0 cette \u00e9poque. Pour le Collectif des victimes de C\u00f4te d&rsquo;Ivoire (CVCI), cette peine doit \u00eatre ex\u00e9cut\u00e9e.<\/p>\n<p>En annon\u00e7ant d\u00e9but avril qu&rsquo;il \u00e9tait libre de rentrer quand il le souhaitait en C\u00f4te d&rsquo;Ivoire, le pr\u00e9sident Ouattara n&rsquo;avait pas mentionn\u00e9 cette condamnation, mais Amadou Coulibaly, ministre de la Communication et porte-parole du gouvernement, a laiss\u00e9 entendre qu&rsquo;elle serait lev\u00e9e. Le CVCI a annonc\u00e9 qu&rsquo;il manifesterait \u00e0 l&rsquo;arriv\u00e9e de Laurent Gbagbo.<\/p>\n<p><b>Eviter tout d\u00e9bordement<\/b><\/p>\n<p>Mais \u00e0 deux jours de l&rsquo;arriv\u00e9e de l&rsquo;ancien pr\u00e9sident, son parti et le gouvernement ont donn\u00e9 peu de d\u00e9tails sur l&rsquo;organisation de cette journ\u00e9e, qui pourrait voir les supporters de l&rsquo;ex-pr\u00e9sident affluer massivement vers l&rsquo;a\u00e9roport pour accueillir leur chef. Les discussions sur la s\u00e9curit\u00e9 sont toujours en cours.<\/p>\n<p>Le souci des deux parties est cependant d&rsquo;\u00e9viter tout d\u00e9bordement. \u00ab\u00a0Mon souhait est qu&rsquo;il n&rsquo;y ait pas de triomphalisme qui pourrait engendrer des ranc\u0153urs et r\u00e9veiller les vieux d\u00e9mons de la division au lieu d&rsquo;apporter la paix en C\u00f4te d&rsquo;Ivoire\u00a0\u00bb, a d\u00e9clar\u00e9 \u00e0 l&rsquo;AFP Jo\u00ebl N&rsquo;Guessan, du Rassemblement des Houphou\u00ebtistes pour la d\u00e9mocratie et la paix (RHDP), le parti au pouvoir.<\/p>\n<p>\u00ab\u00a0La C\u00f4te d&rsquo;Ivoire doit se retrouver. (&#8230;) Elle est aujourd&rsquo;hui en danger de d\u00e9stabilisation par des jihadistes\u00a0\u00bb, a d\u00e9clar\u00e9 Assoa Adou, le secr\u00e9taire g\u00e9n\u00e9ral du FPI, \u00e9voquant les r\u00e9centes attaques meurtri\u00e8res dans le nord du pays.<\/p>\n<p>Il a appel\u00e9 \u00ab\u00a0tous les sympathisants\u00a0\u00bb de Laurent Gbagbo \u00e0 \u00ab\u00a0ne pas r\u00e9pondre aux provocations, parce qu&rsquo;ils vont nous provoquer (&#8230;) mais de dire \u00e0 tous ceux qui manifestent: l&rsquo;essentiel, c&rsquo;est de se retrouver pour reconstruire un pays en paix, de fraternit\u00e9\u00a0\u00bb.<\/p>\n<p><b>\u00a0<\/b><\/p>\n","protected":false},"excerpt":{"rendered":"<p>Africa-Press &#8211; C\u00f4te d&rsquo;Ivoire. Ev\u00e9nement &#8211; Laurent Gbagbo sera de retour en C\u00f4te d&rsquo;Ivoire ce jeudi 17 juin, une d\u00e9cennie apr\u00e8s avoir quitt\u00e9 le pays et avoir \u00e9t\u00e9 incarc\u00e9r\u00e9 aux Pays-Bas, \u00e0 la Cour p\u00e9nale internationale. Trois mois apr\u00e8s son acquittement d\u00e9finitif par la Cour d&rsquo;appel de la CPI, il foulera ce jeudi soir le [&hellip;]<\/p>\n","protected":false},"author":82,"featured_media":9066,"comment_status":"open","ping_status":"closed","sticky":false,"template":"","format":"standard","meta":{"footnotes":""},"categories":[11,2,20,10],"tags":[56,63,29],"class_list":["post-9067","post","type-post","status-publish","format-standard","has-post-thumbnail","hentry","category-homepage-french","category-politique","category-top-nouvelles","category-toutes-les-actualites","tag-africa-press","tag-africa-press-cote-divoire","tag-cote-divoire"],"yoast_head":"<!-- This site is optimized with the Yoast SEO Premium plugin v26.1 (Yoast SEO v27.0) - https:\/\/yoast.com\/product\/yoast-seo-premium-wordpress\/ -->\n<title>Laurent Gbagbo : le retour en C\u00f4te d&#039;Ivoire apr\u00e8s dix ans d&#039;absence - C\u00f4te d&#039;Ivoire<\/title>\n<meta name=\"description\" content=\"Ev\u00e9nement - Laurent Gbagbo sera de retour en C\u00f4te d&#039;Ivoire ce jeudi 17 juin, une d\u00e9cennie apr\u00e8s avoir quitt\u00e9 le pays ...\" \/>\n<meta name=\"robots\" content=\"index, follow, max-snippet:-1, max-image-preview:large, max-video-preview:-1\" \/>\n<link rel=\"canonical\" href=\"https:\/\/www.africa-press.net\/cotedivoire\/politique\/laurent-gbagbo-le-retour-en-cote-divoire-apres-dix-ans-dabsence\" \/>\n<meta property=\"og:locale\" content=\"fr_FR\" \/>\n<meta property=\"og:type\" content=\"article\" \/>\n<meta property=\"og:title\" content=\"Laurent Gbagbo : le retour en C\u00f4te d&#039;Ivoire apr\u00e8s dix ans d&#039;absence\" \/>\n<meta property=\"og:description\" content=\"Ev\u00e9nement - Laurent Gbagbo sera de retour en C\u00f4te d&#039;Ivoire ce jeudi 17 juin, une d\u00e9cennie apr\u00e8s avoir quitt\u00e9 le pays ...\" \/>\n<meta property=\"og:url\" content=\"https:\/\/www.africa-press.net\/cotedivoire\/politique\/laurent-gbagbo-le-retour-en-cote-divoire-apres-dix-ans-dabsence\" \/>\n<meta property=\"og:site_name\" content=\"C\u00f4te d&#039;Ivoire\" \/>\n<meta property=\"article:published_time\" content=\"2021-06-16T18:08:50+00:00\" \/>\n<meta property=\"article:modified_time\" content=\"2021-06-16T18:31:35+00:00\" \/>\n<meta property=\"og:image\" content=\"https:\/\/static.africa-press.net\/cote\/sites\/43\/2021\/06\/img-60ca326756278.jpg\" \/>\n\t<meta property=\"og:image:width\" content=\"770\" \/>\n\t<meta property=\"og:image:height\" content=\"474\" \/>\n\t<meta property=\"og:image:type\" content=\"image\/jpeg\" \/>\n<meta name=\"author\" content=\"cfeditorfr\" \/>\n<meta name=\"twitter:card\" content=\"summary_large_image\" \/>\n<meta name=\"twitter:label1\" content=\"\u00c9crit par\" \/>\n\t<meta name=\"twitter:data1\" content=\"cfeditorfr\" \/>\n\t<meta name=\"twitter:label2\" content=\"Dur\u00e9e de lecture estim\u00e9e\" \/>\n\t<meta name=\"twitter:data2\" content=\"4 minutes\" \/>\n<script type=\"application\/ld+json\" class=\"yoast-schema-graph\">{\"@context\":\"https:\/\/schema.org\",\"@graph\":[{\"@type\":\"Article\",\"@id\":\"https:\/\/www.africa-press.net\/cotedivoire\/politique\/laurent-gbagbo-le-retour-en-cote-divoire-apres-dix-ans-dabsence#article\",\"isPartOf\":{\"@id\":\"https:\/\/www.africa-press.net\/cotedivoire\/politique\/laurent-gbagbo-le-retour-en-cote-divoire-apres-dix-ans-dabsence\"},\"author\":{\"name\":\"cfeditorfr\",\"@id\":\"https:\/\/www.africa-press.net\/cotedivoire\/#\/schema\/person\/2b1cf3cd81a31e3cd26889ca66d677f1\"},\"headline\":\"Laurent Gbagbo : le retour en C\u00f4te d&rsquo;Ivoire apr\u00e8s dix ans d&rsquo;absence\",\"datePublished\":\"2021-06-16T18:08:50+00:00\",\"dateModified\":\"2021-06-16T18:31:35+00:00\",\"mainEntityOfPage\":{\"@id\":\"https:\/\/www.africa-press.net\/cotedivoire\/politique\/laurent-gbagbo-le-retour-en-cote-divoire-apres-dix-ans-dabsence\"},\"wordCount\":853,\"commentCount\":0,\"image\":{\"@id\":\"https:\/\/www.africa-press.net\/cotedivoire\/politique\/laurent-gbagbo-le-retour-en-cote-divoire-apres-dix-ans-dabsence#primaryimage\"},\"thumbnailUrl\":\"https:\/\/static.africa-press.net\/cote\/sites\/43\/2021\/06\/img-60ca326756278.jpg\",\"keywords\":[\"Africa Press\",\"Africa Press-C\u00f4te d'Ivoire\",\"C\u00d4TE D'IVOIRE\"],\"articleSection\":[\"homepage-french\",\"Politique\",\"Top Nouvelles\",\"Toutes les actualit\u00e9s\"],\"inLanguage\":\"fr-FR\",\"potentialAction\":[{\"@type\":\"CommentAction\",\"name\":\"Comment\",\"target\":[\"https:\/\/www.africa-press.net\/cotedivoire\/politique\/laurent-gbagbo-le-retour-en-cote-divoire-apres-dix-ans-dabsence#respond\"]}]},{\"@type\":\"WebPage\",\"@id\":\"https:\/\/www.africa-press.net\/cotedivoire\/politique\/laurent-gbagbo-le-retour-en-cote-divoire-apres-dix-ans-dabsence\",\"url\":\"https:\/\/www.africa-press.net\/cotedivoire\/politique\/laurent-gbagbo-le-retour-en-cote-divoire-apres-dix-ans-dabsence\",\"name\":\"Laurent Gbagbo : le retour en C\u00f4te d'Ivoire apr\u00e8s dix ans d'absence - C\u00f4te d&#039;Ivoire\",\"isPartOf\":{\"@id\":\"https:\/\/www.africa-press.net\/cotedivoire\/#website\"},\"primaryImageOfPage\":{\"@id\":\"https:\/\/www.africa-press.net\/cotedivoire\/politique\/laurent-gbagbo-le-retour-en-cote-divoire-apres-dix-ans-dabsence#primaryimage\"},\"image\":{\"@id\":\"https:\/\/www.africa-press.net\/cotedivoire\/politique\/laurent-gbagbo-le-retour-en-cote-divoire-apres-dix-ans-dabsence#primaryimage\"},\"thumbnailUrl\":\"https:\/\/static.africa-press.net\/cote\/sites\/43\/2021\/06\/img-60ca326756278.jpg\",\"datePublished\":\"2021-06-16T18:08:50+00:00\",\"dateModified\":\"2021-06-16T18:31:35+00:00\",\"author\":{\"@id\":\"https:\/\/www.africa-press.net\/cotedivoire\/#\/schema\/person\/2b1cf3cd81a31e3cd26889ca66d677f1\"},\"description\":\"Ev\u00e9nement - Laurent Gbagbo sera de retour en C\u00f4te d'Ivoire ce jeudi 17 juin, une d\u00e9cennie apr\u00e8s avoir quitt\u00e9 le pays ...\",\"breadcrumb\":{\"@id\":\"https:\/\/www.africa-press.net\/cotedivoire\/politique\/laurent-gbagbo-le-retour-en-cote-divoire-apres-dix-ans-dabsence#breadcrumb\"},\"inLanguage\":\"fr-FR\",\"potentialAction\":[{\"@type\":\"ReadAction\",\"target\":[\"https:\/\/www.africa-press.net\/cotedivoire\/politique\/laurent-gbagbo-le-retour-en-cote-divoire-apres-dix-ans-dabsence\"]}]},{\"@type\":\"ImageObject\",\"inLanguage\":\"fr-FR\",\"@id\":\"https:\/\/www.africa-press.net\/cotedivoire\/politique\/laurent-gbagbo-le-retour-en-cote-divoire-apres-dix-ans-dabsence#primaryimage\",\"url\":\"https:\/\/static.africa-press.net\/cote\/sites\/43\/2021\/06\/img-60ca326756278.jpg\",\"contentUrl\":\"https:\/\/static.africa-press.net\/cote\/sites\/43\/2021\/06\/img-60ca326756278.jpg\",\"width\":770,\"height\":474,\"caption\":\"Laurent Gbagbo : le retour en C\u00f4te d'Ivoire apr\u00e8s dix ans d'absence\"},{\"@type\":\"BreadcrumbList\",\"@id\":\"https:\/\/www.africa-press.net\/cotedivoire\/politique\/laurent-gbagbo-le-retour-en-cote-divoire-apres-dix-ans-dabsence#breadcrumb\",\"itemListElement\":[{\"@type\":\"ListItem\",\"position\":1,\"name\":\"Accueil\",\"item\":\"https:\/\/www.africa-press.net\/cotedivoire\/\"},{\"@type\":\"ListItem\",\"position\":2,\"name\":\"Laurent Gbagbo : le retour en C\u00f4te d&#8217;Ivoire apr\u00e8s dix ans d&#8217;absence\"}]},{\"@type\":\"WebSite\",\"@id\":\"https:\/\/www.africa-press.net\/cotedivoire\/#website\",\"url\":\"https:\/\/www.africa-press.net\/cotedivoire\/\",\"name\":\"C\u00f4te d&#039;Ivoire\",\"description\":\"Just another Africa News Agency Sites site\",\"potentialAction\":[{\"@type\":\"SearchAction\",\"target\":{\"@type\":\"EntryPoint\",\"urlTemplate\":\"https:\/\/www.africa-press.net\/cotedivoire\/?s={search_term_string}\"},\"query-input\":{\"@type\":\"PropertyValueSpecification\",\"valueRequired\":true,\"valueName\":\"search_term_string\"}}],\"inLanguage\":\"fr-FR\"},{\"@type\":\"Person\",\"@id\":\"https:\/\/www.africa-press.net\/cotedivoire\/#\/schema\/person\/2b1cf3cd81a31e3cd26889ca66d677f1\",\"name\":\"cfeditorfr\"}]}<\/script>\n<!-- \/ Yoast SEO Premium plugin. -->","yoast_head_json":{"title":"Laurent Gbagbo : le retour en C\u00f4te d'Ivoire apr\u00e8s dix ans d'absence - C\u00f4te d&#039;Ivoire","description":"Ev\u00e9nement - Laurent Gbagbo sera de retour en C\u00f4te d'Ivoire ce jeudi 17 juin, une d\u00e9cennie apr\u00e8s avoir quitt\u00e9 le pays ...","robots":{"index":"index","follow":"follow","max-snippet":"max-snippet:-1","max-image-preview":"max-image-preview:large","max-video-preview":"max-video-preview:-1"},"canonical":"https:\/\/www.africa-press.net\/cotedivoire\/politique\/laurent-gbagbo-le-retour-en-cote-divoire-apres-dix-ans-dabsence","og_locale":"fr_FR","og_type":"article","og_title":"Laurent Gbagbo : le retour en C\u00f4te d'Ivoire apr\u00e8s dix ans d'absence","og_description":"Ev\u00e9nement - Laurent Gbagbo sera de retour en C\u00f4te d'Ivoire ce jeudi 17 juin, une d\u00e9cennie apr\u00e8s avoir quitt\u00e9 le pays ...","og_url":"https:\/\/www.africa-press.net\/cotedivoire\/politique\/laurent-gbagbo-le-retour-en-cote-divoire-apres-dix-ans-dabsence","og_site_name":"C\u00f4te d&#039;Ivoire","article_published_time":"2021-06-16T18:08:50+00:00","article_modified_time":"2021-06-16T18:31:35+00:00","og_image":[{"width":770,"height":474,"url":"https:\/\/static.africa-press.net\/cote\/sites\/43\/2021\/06\/img-60ca326756278.jpg","type":"image\/jpeg"}],"author":"cfeditorfr","twitter_card":"summary_large_image","twitter_misc":{"\u00c9crit par":"cfeditorfr","Dur\u00e9e de lecture estim\u00e9e":"4 minutes"},"schema":{"@context":"https:\/\/schema.org","@graph":[{"@type":"Article","@id":"https:\/\/www.africa-press.net\/cotedivoire\/politique\/laurent-gbagbo-le-retour-en-cote-divoire-apres-dix-ans-dabsence#article","isPartOf":{"@id":"https:\/\/www.africa-press.net\/cotedivoire\/politique\/laurent-gbagbo-le-retour-en-cote-divoire-apres-dix-ans-dabsence"},"author":{"name":"cfeditorfr","@id":"https:\/\/www.africa-press.net\/cotedivoire\/#\/schema\/person\/2b1cf3cd81a31e3cd26889ca66d677f1"},"headline":"Laurent Gbagbo : le retour en C\u00f4te d&rsquo;Ivoire apr\u00e8s dix ans d&rsquo;absence","datePublished":"2021-06-16T18:08:50+00:00","dateModified":"2021-06-16T18:31:35+00:00","mainEntityOfPage":{"@id":"https:\/\/www.africa-press.net\/cotedivoire\/politique\/laurent-gbagbo-le-retour-en-cote-divoire-apres-dix-ans-dabsence"},"wordCount":853,"commentCount":0,"image":{"@id":"https:\/\/www.africa-press.net\/cotedivoire\/politique\/laurent-gbagbo-le-retour-en-cote-divoire-apres-dix-ans-dabsence#primaryimage"},"thumbnailUrl":"https:\/\/static.africa-press.net\/cote\/sites\/43\/2021\/06\/img-60ca326756278.jpg","keywords":["Africa Press","Africa Press-C\u00f4te d'Ivoire","C\u00d4TE D'IVOIRE"],"articleSection":["homepage-french","Politique","Top Nouvelles","Toutes les actualit\u00e9s"],"inLanguage":"fr-FR","potentialAction":[{"@type":"CommentAction","name":"Comment","target":["https:\/\/www.africa-press.net\/cotedivoire\/politique\/laurent-gbagbo-le-retour-en-cote-divoire-apres-dix-ans-dabsence#respond"]}]},{"@type":"WebPage","@id":"https:\/\/www.africa-press.net\/cotedivoire\/politique\/laurent-gbagbo-le-retour-en-cote-divoire-apres-dix-ans-dabsence","url":"https:\/\/www.africa-press.net\/cotedivoire\/politique\/laurent-gbagbo-le-retour-en-cote-divoire-apres-dix-ans-dabsence","name":"Laurent Gbagbo : le retour en C\u00f4te d'Ivoire apr\u00e8s dix ans d'absence - C\u00f4te d&#039;Ivoire","isPartOf":{"@id":"https:\/\/www.africa-press.net\/cotedivoire\/#website"},"primaryImageOfPage":{"@id":"https:\/\/www.africa-press.net\/cotedivoire\/politique\/laurent-gbagbo-le-retour-en-cote-divoire-apres-dix-ans-dabsence#primaryimage"},"image":{"@id":"https:\/\/www.africa-press.net\/cotedivoire\/politique\/laurent-gbagbo-le-retour-en-cote-divoire-apres-dix-ans-dabsence#primaryimage"},"thumbnailUrl":"https:\/\/static.africa-press.net\/cote\/sites\/43\/2021\/06\/img-60ca326756278.jpg","datePublished":"2021-06-16T18:08:50+00:00","dateModified":"2021-06-16T18:31:35+00:00","author":{"@id":"https:\/\/www.africa-press.net\/cotedivoire\/#\/schema\/person\/2b1cf3cd81a31e3cd26889ca66d677f1"},"description":"Ev\u00e9nement - Laurent Gbagbo sera de retour en C\u00f4te d'Ivoire ce jeudi 17 juin, une d\u00e9cennie apr\u00e8s avoir quitt\u00e9 le pays ...","breadcrumb":{"@id":"https:\/\/www.africa-press.net\/cotedivoire\/politique\/laurent-gbagbo-le-retour-en-cote-divoire-apres-dix-ans-dabsence#breadcrumb"},"inLanguage":"fr-FR","potentialAction":[{"@type":"ReadAction","target":["https:\/\/www.africa-press.net\/cotedivoire\/politique\/laurent-gbagbo-le-retour-en-cote-divoire-apres-dix-ans-dabsence"]}]},{"@type":"ImageObject","inLanguage":"fr-FR","@id":"https:\/\/www.africa-press.net\/cotedivoire\/politique\/laurent-gbagbo-le-retour-en-cote-divoire-apres-dix-ans-dabsence#primaryimage","url":"https:\/\/static.africa-press.net\/cote\/sites\/43\/2021\/06\/img-60ca326756278.jpg","contentUrl":"https:\/\/static.africa-press.net\/cote\/sites\/43\/2021\/06\/img-60ca326756278.jpg","width":770,"height":474,"caption":"Laurent Gbagbo : le retour en C\u00f4te d'Ivoire apr\u00e8s dix ans d'absence"},{"@type":"BreadcrumbList","@id":"https:\/\/www.africa-press.net\/cotedivoire\/politique\/laurent-gbagbo-le-retour-en-cote-divoire-apres-dix-ans-dabsence#breadcrumb","itemListElement":[{"@type":"ListItem","position":1,"name":"Accueil","item":"https:\/\/www.africa-press.net\/cotedivoire\/"},{"@type":"ListItem","position":2,"name":"Laurent Gbagbo : le retour en C\u00f4te d&#8217;Ivoire apr\u00e8s dix ans d&#8217;absence"}]},{"@type":"WebSite","@id":"https:\/\/www.africa-press.net\/cotedivoire\/#website","url":"https:\/\/www.africa-press.net\/cotedivoire\/","name":"C\u00f4te d&#039;Ivoire","description":"Just another Africa News Agency Sites site","potentialAction":[{"@type":"SearchAction","target":{"@type":"EntryPoint","urlTemplate":"https:\/\/www.africa-press.net\/cotedivoire\/?s={search_term_string}"},"query-input":{"@type":"PropertyValueSpecification","valueRequired":true,"valueName":"search_term_string"}}],"inLanguage":"fr-FR"},{"@type":"Person","@id":"https:\/\/www.africa-press.net\/cotedivoire\/#\/schema\/person\/2b1cf3cd81a31e3cd26889ca66d677f1","name":"cfeditorfr"}]}},"_links":{"self":[{"href":"https:\/\/www.africa-press.net\/cotedivoire\/wp-json\/wp\/v2\/posts\/9067","targetHints":{"allow":["GET"]}}],"collection":[{"href":"https:\/\/www.africa-press.net\/cotedivoire\/wp-json\/wp\/v2\/posts"}],"about":[{"href":"https:\/\/www.africa-press.net\/cotedivoire\/wp-json\/wp\/v2\/types\/post"}],"author":[{"embeddable":true,"href":"https:\/\/www.africa-press.net\/cotedivoire\/wp-json\/wp\/v2\/users\/82"}],"replies":[{"embeddable":true,"href":"https:\/\/www.africa-press.net\/cotedivoire\/wp-json\/wp\/v2\/comments?post=9067"}],"version-history":[{"count":0,"href":"https:\/\/www.africa-press.net\/cotedivoire\/wp-json\/wp\/v2\/posts\/9067\/revisions"}],"wp:featuredmedia":[{"embeddable":true,"href":"https:\/\/www.africa-press.net\/cotedivoire\/wp-json\/wp\/v2\/media\/9066"}],"wp:attachment":[{"href":"https:\/\/www.africa-press.net\/cotedivoire\/wp-json\/wp\/v2\/media?parent=9067"}],"wp:term":[{"taxonomy":"category","embeddable":true,"href":"https:\/\/www.africa-press.net\/cotedivoire\/wp-json\/wp\/v2\/categories?post=9067"},{"taxonomy":"post_tag","embeddable":true,"href":"https:\/\/www.africa-press.net\/cotedivoire\/wp-json\/wp\/v2\/tags?post=9067"}],"curies":[{"name":"wp","href":"https:\/\/api.w.org\/{rel}","templated":true}]}}