{"id":9070,"date":"2021-06-16T18:16:25","date_gmt":"2021-06-16T18:16:25","guid":{"rendered":"https:\/\/www.africa-press.net\/cotedivoire\/?p=9070"},"modified":"2021-06-16T18:31:50","modified_gmt":"2021-06-16T18:31:50","slug":"cote-divoire-qui-est-issiaka-diaby-lhomme-qui-ne-veut-pas-de-laurent-gbagbo-a-abidjan","status":"publish","type":"post","link":"https:\/\/www.africa-press.net\/cotedivoire\/politique\/cote-divoire-qui-est-issiaka-diaby-lhomme-qui-ne-veut-pas-de-laurent-gbagbo-a-abidjan","title":{"rendered":"Qui est Issiaka Diaby, l\u2019homme qui ne veut pas de Laurent Gbagbo \u00e0 Abidjan ?"},"content":{"rendered":"<p><span style=\"color: #ff6600\"><strong><a href=\"https:\/\/www.africa-press.net\/\">Africa-Press<\/a> &#8211; <a href=\"https:\/\/www.africa-press.net\/cotedivoire\">C\u00f4te d&rsquo;Ivoire<\/a>. <\/strong><\/span>Issiaka Diaby est le Pre\u0301sident du Collectif des Victimes en Co\u0302te d\u2019Ivoire (CVCI). A la faveur de l\u2019actualit\u00e9 touchant au retour de Laurent Gbagbo en C\u00f4te d\u2019Ivoire, dix (10) ans apr\u00e8s la crise post-\u00e9lectorale ivoirienne 2010-2011, il est l\u2019homme qui d\u00e9fraie la chronique et pour cause : il remue ciel et terre pour que les autorit\u00e9s d\u2019Abidjan refusent le sol ivoirien \u00e0 l\u2019ex-chef de l\u2019Etat ou \u00e0 la limite le faire compara\u00eetre devant les tribunaux nationaux pour ses suppos\u00e9s crimes contre les populations civiles pendant cette p\u00e9riode. Il promet avec les membres de son collectif, un accueil qui tranche avec le caract\u00e8re triomphal de celui que les partisans de Laurent Gbagbo se sont jur\u00e9s de lui r\u00e9server.<\/p>\n<p>L\u2019ex-Pr\u00e9sident ivoirien, Laurent Gbagbo arrive \u00e0 Abidjan ce Jeudi 17 Juin 2021 en d\u00e9but d\u2019apr\u00e8s-midi par un vol r\u00e9gulier de la compagnie Bruxelles Airlines. Cette information est la chose la mieux partag\u00e9e ce jour en C\u00f4te d\u2019Ivoire et principalement dans le camp de ses partisans qui est d\u00e9lest\u00e9 de leur leader apr\u00e8s 08 ann\u00e9es de d\u00e9tention \u00e0 la Haye en Hollande par la Cour P\u00e9nale Internationale.<\/p>\n<p>Et alors que \u00ab la f\u00eate \u00bb se pr\u00e9pare chez les Gor \u00ab Gbagbo Ou Rien \u00bb, un homme fait parler de lui. Son nom : Issiaka Diaby, le Pre\u0301sident du Collectif des Victimes en Co\u0302te d\u2019Ivoire (CVCI). Ce dernier apr\u00e8s avoir perdu la bataille de la CPI o\u00f9 les victimes n\u2019ont pu convaincre les juges de la responsabilit\u00e9 de Laurent Gbagbo, joue sa derni\u00e8re carte avec la justice nationale pour voir le fondateur du Front Populaire Ivoirien (FPI) derri\u00e8re les barreaux \u00e0 la Maison d\u2019arr\u00eat et de Correction d\u2019Abidjan (MACA).<\/p>\n<p>\u00ab (\u2026) Il ne s\u2019agit pas de s\u00e9curiser Laurent Gbagbo mais qu\u2019il doit \u00eatre arr\u00eat\u00e9 et d\u00e9poser \u00e0 la MACA en ex\u00e9cution d\u2019une d\u00e9cision de justice. Dans un pays, on ne peut pas vouloir l\u2019\u00e9mergence des institutions fortes en les fragilisant. Pour nous, pour qu\u2019il y ait des institutions fortes, il faut que les actes rendus par la justice soient respect\u00e9s\u00bb. Le Pr\u00e9sident du Collectif des Victimes en C\u00f4te d\u2019Ivoire (CVCI) r\u00e9agissait ainsi \u00e0 l\u2019ordre du jour d\u2019une r\u00e9union entre les responsables du parti de Laurent Gbagbo et le minist\u00e8re ivoirien de l\u2019Int\u00e9rieur portant sur la question relative \u00e0 la s\u00e9curit\u00e9 de Laurent Gbagbo.<\/p>\n<p>\u00ab Nous allons organiser des sit-in par exemple devant la justice, pour demander l\u2019ex\u00e9cution de la d\u00e9cision de justice. Je vous informe que la CDVR a identifi\u00e9 73 mille victimes de la crise, 16 mille sont membres du Collectif des victimes en C\u00f4te d\u2019Ivoire (CVCI). Les autorit\u00e9s polici\u00e8res nous ont re\u00e7us. Le message est pass\u00e9. Le ministre de l\u2019Int\u00e9rieur ne doit pas s\u00e9curiser l\u2019arriv\u00e9e de Laurent Gbagbo \u00bb, s\u2019est voulu tr\u00e8s formel le porte-voix des victimes de la crise ivoirienne.<\/p>\n<p>Avant de poursuivre : \u00ab On ne doit pas le prot\u00e9ger parce qu\u2019il a caus\u00e9 du mal \u00e0 la population. Nous avons charg\u00e9 le ministre de l\u2019Int\u00e9rieur d\u2019aller dire au Pr\u00e9sident de la R\u00e9publique que la d\u00e9cision de justice condamnant Laurent Gbagbo \u00e0 20 ans dans l\u2019affaire de la casse de la BCEAO sera ex\u00e9cut\u00e9e\u2026 Si rien n\u2019est fait nous allons nous rendre \u00e0 l\u2019a\u00e9roport pour manifester\u00bb, a-t-il promis. Toutefois, sur ce point des inqui\u00e9tudes surgissent quant \u00e0 des craintes d\u2019affrontement qui pourraient donner droit \u00e0 de regrettables d\u00e9bordements.<\/p>\n<p>Des observateurs font remarquer, par ailleurs, des craintes de violences x\u00e9nophobes au regard d\u2019une certaine rumeur qui pr\u00e9sente Issiaka Diaby comme originaire malien et ayant \u00e9t\u00e9 quelques ann\u00e9es plus t\u00f4t \u00e0 la t\u00eate de l\u2019association des Maliens de la commune d\u2019Abobo (Est d\u2019Abidjan). Ils l\u2019invitent donc \u00e0 la pond\u00e9ration vu que l\u2019actualit\u00e9 r\u00e9cente de la C\u00f4te d\u2019Ivoire est encore marqu\u00e9e par les violences x\u00e9nophobes pr\u00e9judiciables \u00e0 la communaut\u00e9 nig\u00e9riane sur la base d\u2019une fake news. Kouam\u00e9 L.-Ph. Arnaud KOUAKOU Correspondant de en C\u00f4te d\u2019Ivoire<\/p>\n","protected":false},"excerpt":{"rendered":"<p>Africa-Press &#8211; C\u00f4te d&rsquo;Ivoire. Issiaka Diaby est le Pre\u0301sident du Collectif des Victimes en Co\u0302te d\u2019Ivoire (CVCI). A la faveur de l\u2019actualit\u00e9 touchant au retour de Laurent Gbagbo en C\u00f4te d\u2019Ivoire, dix (10) ans apr\u00e8s la crise post-\u00e9lectorale ivoirienne 2010-2011, il est l\u2019homme qui d\u00e9fraie la chronique et pour cause : il remue ciel et [&hellip;]<\/p>\n","protected":false},"author":82,"featured_media":9069,"comment_status":"open","ping_status":"closed","sticky":false,"template":"","format":"standard","meta":{"footnotes":""},"categories":[11,2,10],"tags":[56,63,29],"class_list":["post-9070","post","type-post","status-publish","format-standard","has-post-thumbnail","hentry","category-homepage-french","category-politique","category-toutes-les-actualites","tag-africa-press","tag-africa-press-cote-divoire","tag-cote-divoire"],"yoast_head":"<!-- This site is optimized with the Yoast SEO Premium plugin v26.1 (Yoast SEO v27.0) - https:\/\/yoast.com\/product\/yoast-seo-premium-wordpress\/ -->\n<title>Qui est Issiaka Diaby, l\u2019homme qui ne veut pas de Laurent Gbagbo \u00e0 Abidjan ? - C\u00f4te d&#039;Ivoire<\/title>\n<meta name=\"description\" content=\"Issiaka Diaby est le Pre\u0301sident du Collectif des Victimes en Co\u0302te d\u2019Ivoire (CVCI). A la faveur de l\u2019actualit\u00e9 touchant ...\" \/>\n<meta name=\"robots\" content=\"index, follow, max-snippet:-1, max-image-preview:large, max-video-preview:-1\" \/>\n<link rel=\"canonical\" href=\"https:\/\/www.africa-press.net\/cotedivoire\/politique\/cote-divoire-qui-est-issiaka-diaby-lhomme-qui-ne-veut-pas-de-laurent-gbagbo-a-abidjan\" \/>\n<meta property=\"og:locale\" content=\"fr_FR\" \/>\n<meta property=\"og:type\" content=\"article\" \/>\n<meta property=\"og:title\" content=\"Qui est Issiaka Diaby, l\u2019homme qui ne veut pas de Laurent Gbagbo \u00e0 Abidjan ?\" \/>\n<meta property=\"og:description\" content=\"Issiaka Diaby est le Pre\u0301sident du Collectif des Victimes en Co\u0302te d\u2019Ivoire (CVCI). A la faveur de l\u2019actualit\u00e9 touchant ...\" \/>\n<meta property=\"og:url\" content=\"https:\/\/www.africa-press.net\/cotedivoire\/politique\/cote-divoire-qui-est-issiaka-diaby-lhomme-qui-ne-veut-pas-de-laurent-gbagbo-a-abidjan\" \/>\n<meta property=\"og:site_name\" content=\"C\u00f4te d&#039;Ivoire\" \/>\n<meta property=\"article:published_time\" content=\"2021-06-16T18:16:25+00:00\" \/>\n<meta property=\"article:modified_time\" content=\"2021-06-16T18:31:50+00:00\" \/>\n<meta property=\"og:image\" content=\"https:\/\/static.africa-press.net\/cote\/sites\/43\/2021\/06\/img-60ca328f56ed1.jpg\" \/>\n\t<meta property=\"og:image:width\" content=\"720\" \/>\n\t<meta property=\"og:image:height\" content=\"405\" \/>\n\t<meta property=\"og:image:type\" content=\"image\/jpeg\" \/>\n<meta name=\"author\" content=\"cfeditorfr\" \/>\n<meta name=\"twitter:card\" content=\"summary_large_image\" \/>\n<meta name=\"twitter:label1\" content=\"\u00c9crit par\" \/>\n\t<meta name=\"twitter:data1\" content=\"cfeditorfr\" \/>\n\t<meta name=\"twitter:label2\" content=\"Dur\u00e9e de lecture estim\u00e9e\" \/>\n\t<meta name=\"twitter:data2\" content=\"4 minutes\" \/>\n<script type=\"application\/ld+json\" class=\"yoast-schema-graph\">{\"@context\":\"https:\/\/schema.org\",\"@graph\":[{\"@type\":\"Article\",\"@id\":\"https:\/\/www.africa-press.net\/cotedivoire\/politique\/cote-divoire-qui-est-issiaka-diaby-lhomme-qui-ne-veut-pas-de-laurent-gbagbo-a-abidjan#article\",\"isPartOf\":{\"@id\":\"https:\/\/www.africa-press.net\/cotedivoire\/politique\/cote-divoire-qui-est-issiaka-diaby-lhomme-qui-ne-veut-pas-de-laurent-gbagbo-a-abidjan\"},\"author\":{\"name\":\"cfeditorfr\",\"@id\":\"https:\/\/www.africa-press.net\/cotedivoire\/#\/schema\/person\/2b1cf3cd81a31e3cd26889ca66d677f1\"},\"headline\":\"Qui est Issiaka Diaby, l\u2019homme qui ne veut pas de Laurent Gbagbo \u00e0 Abidjan ?\",\"datePublished\":\"2021-06-16T18:16:25+00:00\",\"dateModified\":\"2021-06-16T18:31:50+00:00\",\"mainEntityOfPage\":{\"@id\":\"https:\/\/www.africa-press.net\/cotedivoire\/politique\/cote-divoire-qui-est-issiaka-diaby-lhomme-qui-ne-veut-pas-de-laurent-gbagbo-a-abidjan\"},\"wordCount\":739,\"commentCount\":0,\"image\":{\"@id\":\"https:\/\/www.africa-press.net\/cotedivoire\/politique\/cote-divoire-qui-est-issiaka-diaby-lhomme-qui-ne-veut-pas-de-laurent-gbagbo-a-abidjan#primaryimage\"},\"thumbnailUrl\":\"https:\/\/static.africa-press.net\/cote\/sites\/43\/2021\/06\/img-60ca328f56ed1.jpg\",\"keywords\":[\"Africa Press\",\"Africa Press-C\u00f4te d'Ivoire\",\"C\u00d4TE D'IVOIRE\"],\"articleSection\":[\"homepage-french\",\"Politique\",\"Toutes les actualit\u00e9s\"],\"inLanguage\":\"fr-FR\",\"potentialAction\":[{\"@type\":\"CommentAction\",\"name\":\"Comment\",\"target\":[\"https:\/\/www.africa-press.net\/cotedivoire\/politique\/cote-divoire-qui-est-issiaka-diaby-lhomme-qui-ne-veut-pas-de-laurent-gbagbo-a-abidjan#respond\"]}]},{\"@type\":\"WebPage\",\"@id\":\"https:\/\/www.africa-press.net\/cotedivoire\/politique\/cote-divoire-qui-est-issiaka-diaby-lhomme-qui-ne-veut-pas-de-laurent-gbagbo-a-abidjan\",\"url\":\"https:\/\/www.africa-press.net\/cotedivoire\/politique\/cote-divoire-qui-est-issiaka-diaby-lhomme-qui-ne-veut-pas-de-laurent-gbagbo-a-abidjan\",\"name\":\"Qui est Issiaka Diaby, l\u2019homme qui ne veut pas de Laurent Gbagbo \u00e0 Abidjan ? - C\u00f4te d&#039;Ivoire\",\"isPartOf\":{\"@id\":\"https:\/\/www.africa-press.net\/cotedivoire\/#website\"},\"primaryImageOfPage\":{\"@id\":\"https:\/\/www.africa-press.net\/cotedivoire\/politique\/cote-divoire-qui-est-issiaka-diaby-lhomme-qui-ne-veut-pas-de-laurent-gbagbo-a-abidjan#primaryimage\"},\"image\":{\"@id\":\"https:\/\/www.africa-press.net\/cotedivoire\/politique\/cote-divoire-qui-est-issiaka-diaby-lhomme-qui-ne-veut-pas-de-laurent-gbagbo-a-abidjan#primaryimage\"},\"thumbnailUrl\":\"https:\/\/static.africa-press.net\/cote\/sites\/43\/2021\/06\/img-60ca328f56ed1.jpg\",\"datePublished\":\"2021-06-16T18:16:25+00:00\",\"dateModified\":\"2021-06-16T18:31:50+00:00\",\"author\":{\"@id\":\"https:\/\/www.africa-press.net\/cotedivoire\/#\/schema\/person\/2b1cf3cd81a31e3cd26889ca66d677f1\"},\"description\":\"Issiaka Diaby est le Pre\u0301sident du Collectif des Victimes en Co\u0302te d\u2019Ivoire (CVCI). A la faveur de l\u2019actualit\u00e9 touchant ...\",\"breadcrumb\":{\"@id\":\"https:\/\/www.africa-press.net\/cotedivoire\/politique\/cote-divoire-qui-est-issiaka-diaby-lhomme-qui-ne-veut-pas-de-laurent-gbagbo-a-abidjan#breadcrumb\"},\"inLanguage\":\"fr-FR\",\"potentialAction\":[{\"@type\":\"ReadAction\",\"target\":[\"https:\/\/www.africa-press.net\/cotedivoire\/politique\/cote-divoire-qui-est-issiaka-diaby-lhomme-qui-ne-veut-pas-de-laurent-gbagbo-a-abidjan\"]}]},{\"@type\":\"ImageObject\",\"inLanguage\":\"fr-FR\",\"@id\":\"https:\/\/www.africa-press.net\/cotedivoire\/politique\/cote-divoire-qui-est-issiaka-diaby-lhomme-qui-ne-veut-pas-de-laurent-gbagbo-a-abidjan#primaryimage\",\"url\":\"https:\/\/static.africa-press.net\/cote\/sites\/43\/2021\/06\/img-60ca328f56ed1.jpg\",\"contentUrl\":\"https:\/\/static.africa-press.net\/cote\/sites\/43\/2021\/06\/img-60ca328f56ed1.jpg\",\"width\":720,\"height\":405,\"caption\":\"C\u00f4te d\u2019Ivoire : Qui est Issiaka Diaby, l\u2019homme qui ne veut pas de Laurent Gbagbo \u00e0 Abidjan ?\"},{\"@type\":\"BreadcrumbList\",\"@id\":\"https:\/\/www.africa-press.net\/cotedivoire\/politique\/cote-divoire-qui-est-issiaka-diaby-lhomme-qui-ne-veut-pas-de-laurent-gbagbo-a-abidjan#breadcrumb\",\"itemListElement\":[{\"@type\":\"ListItem\",\"position\":1,\"name\":\"Accueil\",\"item\":\"https:\/\/www.africa-press.net\/cotedivoire\/\"},{\"@type\":\"ListItem\",\"position\":2,\"name\":\"Qui est Issiaka Diaby, l\u2019homme qui ne veut pas de Laurent Gbagbo \u00e0 Abidjan ?\"}]},{\"@type\":\"WebSite\",\"@id\":\"https:\/\/www.africa-press.net\/cotedivoire\/#website\",\"url\":\"https:\/\/www.africa-press.net\/cotedivoire\/\",\"name\":\"C\u00f4te d&#039;Ivoire\",\"description\":\"Just another Africa News Agency Sites site\",\"potentialAction\":[{\"@type\":\"SearchAction\",\"target\":{\"@type\":\"EntryPoint\",\"urlTemplate\":\"https:\/\/www.africa-press.net\/cotedivoire\/?s={search_term_string}\"},\"query-input\":{\"@type\":\"PropertyValueSpecification\",\"valueRequired\":true,\"valueName\":\"search_term_string\"}}],\"inLanguage\":\"fr-FR\"},{\"@type\":\"Person\",\"@id\":\"https:\/\/www.africa-press.net\/cotedivoire\/#\/schema\/person\/2b1cf3cd81a31e3cd26889ca66d677f1\",\"name\":\"cfeditorfr\"}]}<\/script>\n<!-- \/ Yoast SEO Premium plugin. -->","yoast_head_json":{"title":"Qui est Issiaka Diaby, l\u2019homme qui ne veut pas de Laurent Gbagbo \u00e0 Abidjan ? - C\u00f4te d&#039;Ivoire","description":"Issiaka Diaby est le Pre\u0301sident du Collectif des Victimes en Co\u0302te d\u2019Ivoire (CVCI). A la faveur de l\u2019actualit\u00e9 touchant ...","robots":{"index":"index","follow":"follow","max-snippet":"max-snippet:-1","max-image-preview":"max-image-preview:large","max-video-preview":"max-video-preview:-1"},"canonical":"https:\/\/www.africa-press.net\/cotedivoire\/politique\/cote-divoire-qui-est-issiaka-diaby-lhomme-qui-ne-veut-pas-de-laurent-gbagbo-a-abidjan","og_locale":"fr_FR","og_type":"article","og_title":"Qui est Issiaka Diaby, l\u2019homme qui ne veut pas de Laurent Gbagbo \u00e0 Abidjan ?","og_description":"Issiaka Diaby est le Pre\u0301sident du Collectif des Victimes en Co\u0302te d\u2019Ivoire (CVCI). A la faveur de l\u2019actualit\u00e9 touchant ...","og_url":"https:\/\/www.africa-press.net\/cotedivoire\/politique\/cote-divoire-qui-est-issiaka-diaby-lhomme-qui-ne-veut-pas-de-laurent-gbagbo-a-abidjan","og_site_name":"C\u00f4te d&#039;Ivoire","article_published_time":"2021-06-16T18:16:25+00:00","article_modified_time":"2021-06-16T18:31:50+00:00","og_image":[{"width":720,"height":405,"url":"https:\/\/static.africa-press.net\/cote\/sites\/43\/2021\/06\/img-60ca328f56ed1.jpg","type":"image\/jpeg"}],"author":"cfeditorfr","twitter_card":"summary_large_image","twitter_misc":{"\u00c9crit par":"cfeditorfr","Dur\u00e9e de lecture estim\u00e9e":"4 minutes"},"schema":{"@context":"https:\/\/schema.org","@graph":[{"@type":"Article","@id":"https:\/\/www.africa-press.net\/cotedivoire\/politique\/cote-divoire-qui-est-issiaka-diaby-lhomme-qui-ne-veut-pas-de-laurent-gbagbo-a-abidjan#article","isPartOf":{"@id":"https:\/\/www.africa-press.net\/cotedivoire\/politique\/cote-divoire-qui-est-issiaka-diaby-lhomme-qui-ne-veut-pas-de-laurent-gbagbo-a-abidjan"},"author":{"name":"cfeditorfr","@id":"https:\/\/www.africa-press.net\/cotedivoire\/#\/schema\/person\/2b1cf3cd81a31e3cd26889ca66d677f1"},"headline":"Qui est Issiaka Diaby, l\u2019homme qui ne veut pas de Laurent Gbagbo \u00e0 Abidjan ?","datePublished":"2021-06-16T18:16:25+00:00","dateModified":"2021-06-16T18:31:50+00:00","mainEntityOfPage":{"@id":"https:\/\/www.africa-press.net\/cotedivoire\/politique\/cote-divoire-qui-est-issiaka-diaby-lhomme-qui-ne-veut-pas-de-laurent-gbagbo-a-abidjan"},"wordCount":739,"commentCount":0,"image":{"@id":"https:\/\/www.africa-press.net\/cotedivoire\/politique\/cote-divoire-qui-est-issiaka-diaby-lhomme-qui-ne-veut-pas-de-laurent-gbagbo-a-abidjan#primaryimage"},"thumbnailUrl":"https:\/\/static.africa-press.net\/cote\/sites\/43\/2021\/06\/img-60ca328f56ed1.jpg","keywords":["Africa Press","Africa Press-C\u00f4te d'Ivoire","C\u00d4TE D'IVOIRE"],"articleSection":["homepage-french","Politique","Toutes les actualit\u00e9s"],"inLanguage":"fr-FR","potentialAction":[{"@type":"CommentAction","name":"Comment","target":["https:\/\/www.africa-press.net\/cotedivoire\/politique\/cote-divoire-qui-est-issiaka-diaby-lhomme-qui-ne-veut-pas-de-laurent-gbagbo-a-abidjan#respond"]}]},{"@type":"WebPage","@id":"https:\/\/www.africa-press.net\/cotedivoire\/politique\/cote-divoire-qui-est-issiaka-diaby-lhomme-qui-ne-veut-pas-de-laurent-gbagbo-a-abidjan","url":"https:\/\/www.africa-press.net\/cotedivoire\/politique\/cote-divoire-qui-est-issiaka-diaby-lhomme-qui-ne-veut-pas-de-laurent-gbagbo-a-abidjan","name":"Qui est Issiaka Diaby, l\u2019homme qui ne veut pas de Laurent Gbagbo \u00e0 Abidjan ? - C\u00f4te d&#039;Ivoire","isPartOf":{"@id":"https:\/\/www.africa-press.net\/cotedivoire\/#website"},"primaryImageOfPage":{"@id":"https:\/\/www.africa-press.net\/cotedivoire\/politique\/cote-divoire-qui-est-issiaka-diaby-lhomme-qui-ne-veut-pas-de-laurent-gbagbo-a-abidjan#primaryimage"},"image":{"@id":"https:\/\/www.africa-press.net\/cotedivoire\/politique\/cote-divoire-qui-est-issiaka-diaby-lhomme-qui-ne-veut-pas-de-laurent-gbagbo-a-abidjan#primaryimage"},"thumbnailUrl":"https:\/\/static.africa-press.net\/cote\/sites\/43\/2021\/06\/img-60ca328f56ed1.jpg","datePublished":"2021-06-16T18:16:25+00:00","dateModified":"2021-06-16T18:31:50+00:00","author":{"@id":"https:\/\/www.africa-press.net\/cotedivoire\/#\/schema\/person\/2b1cf3cd81a31e3cd26889ca66d677f1"},"description":"Issiaka Diaby est le Pre\u0301sident du Collectif des Victimes en Co\u0302te d\u2019Ivoire (CVCI). A la faveur de l\u2019actualit\u00e9 touchant ...","breadcrumb":{"@id":"https:\/\/www.africa-press.net\/cotedivoire\/politique\/cote-divoire-qui-est-issiaka-diaby-lhomme-qui-ne-veut-pas-de-laurent-gbagbo-a-abidjan#breadcrumb"},"inLanguage":"fr-FR","potentialAction":[{"@type":"ReadAction","target":["https:\/\/www.africa-press.net\/cotedivoire\/politique\/cote-divoire-qui-est-issiaka-diaby-lhomme-qui-ne-veut-pas-de-laurent-gbagbo-a-abidjan"]}]},{"@type":"ImageObject","inLanguage":"fr-FR","@id":"https:\/\/www.africa-press.net\/cotedivoire\/politique\/cote-divoire-qui-est-issiaka-diaby-lhomme-qui-ne-veut-pas-de-laurent-gbagbo-a-abidjan#primaryimage","url":"https:\/\/static.africa-press.net\/cote\/sites\/43\/2021\/06\/img-60ca328f56ed1.jpg","contentUrl":"https:\/\/static.africa-press.net\/cote\/sites\/43\/2021\/06\/img-60ca328f56ed1.jpg","width":720,"height":405,"caption":"C\u00f4te d\u2019Ivoire : Qui est Issiaka Diaby, l\u2019homme qui ne veut pas de Laurent Gbagbo \u00e0 Abidjan ?"},{"@type":"BreadcrumbList","@id":"https:\/\/www.africa-press.net\/cotedivoire\/politique\/cote-divoire-qui-est-issiaka-diaby-lhomme-qui-ne-veut-pas-de-laurent-gbagbo-a-abidjan#breadcrumb","itemListElement":[{"@type":"ListItem","position":1,"name":"Accueil","item":"https:\/\/www.africa-press.net\/cotedivoire\/"},{"@type":"ListItem","position":2,"name":"Qui est Issiaka Diaby, l\u2019homme qui ne veut pas de Laurent Gbagbo \u00e0 Abidjan ?"}]},{"@type":"WebSite","@id":"https:\/\/www.africa-press.net\/cotedivoire\/#website","url":"https:\/\/www.africa-press.net\/cotedivoire\/","name":"C\u00f4te d&#039;Ivoire","description":"Just another Africa News Agency Sites site","potentialAction":[{"@type":"SearchAction","target":{"@type":"EntryPoint","urlTemplate":"https:\/\/www.africa-press.net\/cotedivoire\/?s={search_term_string}"},"query-input":{"@type":"PropertyValueSpecification","valueRequired":true,"valueName":"search_term_string"}}],"inLanguage":"fr-FR"},{"@type":"Person","@id":"https:\/\/www.africa-press.net\/cotedivoire\/#\/schema\/person\/2b1cf3cd81a31e3cd26889ca66d677f1","name":"cfeditorfr"}]}},"_links":{"self":[{"href":"https:\/\/www.africa-press.net\/cotedivoire\/wp-json\/wp\/v2\/posts\/9070","targetHints":{"allow":["GET"]}}],"collection":[{"href":"https:\/\/www.africa-press.net\/cotedivoire\/wp-json\/wp\/v2\/posts"}],"about":[{"href":"https:\/\/www.africa-press.net\/cotedivoire\/wp-json\/wp\/v2\/types\/post"}],"author":[{"embeddable":true,"href":"https:\/\/www.africa-press.net\/cotedivoire\/wp-json\/wp\/v2\/users\/82"}],"replies":[{"embeddable":true,"href":"https:\/\/www.africa-press.net\/cotedivoire\/wp-json\/wp\/v2\/comments?post=9070"}],"version-history":[{"count":0,"href":"https:\/\/www.africa-press.net\/cotedivoire\/wp-json\/wp\/v2\/posts\/9070\/revisions"}],"wp:featuredmedia":[{"embeddable":true,"href":"https:\/\/www.africa-press.net\/cotedivoire\/wp-json\/wp\/v2\/media\/9069"}],"wp:attachment":[{"href":"https:\/\/www.africa-press.net\/cotedivoire\/wp-json\/wp\/v2\/media?parent=9070"}],"wp:term":[{"taxonomy":"category","embeddable":true,"href":"https:\/\/www.africa-press.net\/cotedivoire\/wp-json\/wp\/v2\/categories?post=9070"},{"taxonomy":"post_tag","embeddable":true,"href":"https:\/\/www.africa-press.net\/cotedivoire\/wp-json\/wp\/v2\/tags?post=9070"}],"curies":[{"name":"wp","href":"https:\/\/api.w.org\/{rel}","templated":true}]}}