{"id":9076,"date":"2021-06-16T18:32:52","date_gmt":"2021-06-16T18:32:52","guid":{"rendered":"https:\/\/www.africa-press.net\/cotedivoire\/?p=9076"},"modified":"2021-06-16T18:32:02","modified_gmt":"2021-06-16T18:32:02","slug":"cote-divoire-laurent-gbagbo-ces-victimes-qui-reclament-larrestation-de-lancien-president","status":"publish","type":"post","link":"https:\/\/www.africa-press.net\/cotedivoire\/dossiers\/cote-divoire-laurent-gbagbo-ces-victimes-qui-reclament-larrestation-de-lancien-president","title":{"rendered":"Laurent Gbagbo\u00a0: ces victimes qui r\u00e9clament l\u2019arrestation de l\u2019ancien pr\u00e9sident"},"content":{"rendered":"<p><span style=\"color: #ff6600\"><strong><a href=\"https:\/\/www.africa-press.net\/\">Africa-Press<\/a> &#8211; <a href=\"https:\/\/www.africa-press.net\/cotedivoire\">C\u00f4te d&rsquo;Ivoire<\/a>. <\/strong><\/span>Laurent Gbagbo est attendu le 17 juin 2021 \u00e0 Abidjan. Tandis que ses partisans pr\u00e9parent son retour, les victimes de la crise post\u00e9lectorale de 2010-2011 r\u00e9clament son arrestation \u00e0 sa descente d\u2019avion.<\/p>\n<p>\u00ab J\u2019\u00e9tais sorti pour aller au travail, mais face \u00e0 l\u2019escalade de la violence entre les forces de l\u2019ordre et des jeunes, j\u2019ai d\u00e9cid\u00e9 de rentrer \u00e0 la maison. C\u2019est sur le chemin du retour que j\u2019ai \u00e9t\u00e9 touch\u00e9 au pied par des tirs de militaires. Depuis, je suis handicap\u00e9 et je ne peux plus exercer ma profession \u00bb. Ancien chauffeur de camions citernes et de remorques, Karim Coulibaly a en effet d\u00fb \u00eatre amput\u00e9. Depuis, il n\u2019a plus de revenu. Comme lui, pr\u00e8s d\u2019un millier de personnes ont \u00e9t\u00e9 bless\u00e9es pendant la crise post\u00e9lectorale de 2010-2011 et environ 3 000 autres ont \u00e9t\u00e9 tu\u00e9es. Pour ces victimes et leurs proches, le retour annonc\u00e9 de l\u2019ancien pr\u00e9sident Laurent Gbagbo, le 17 juin 2021, ravive les douleurs anciennes.<\/p>\n","protected":false},"excerpt":{"rendered":"<p>Africa-Press &#8211; C\u00f4te d&rsquo;Ivoire. Laurent Gbagbo est attendu le 17 juin 2021 \u00e0 Abidjan. Tandis que ses partisans pr\u00e9parent son retour, les victimes de la crise post\u00e9lectorale de 2010-2011 r\u00e9clament son arrestation \u00e0 sa descente d\u2019avion. \u00ab J\u2019\u00e9tais sorti pour aller au travail, mais face \u00e0 l\u2019escalade de la violence entre les forces de l\u2019ordre [&hellip;]<\/p>\n","protected":false},"author":82,"featured_media":9075,"comment_status":"open","ping_status":"closed","sticky":false,"template":"","format":"standard","meta":{"footnotes":""},"categories":[7,11,20,10],"tags":[56,63,29],"class_list":["post-9076","post","type-post","status-publish","format-standard","has-post-thumbnail","hentry","category-dossiers","category-homepage-french","category-top-nouvelles","category-toutes-les-actualites","tag-africa-press","tag-africa-press-cote-divoire","tag-cote-divoire"],"yoast_head":"<!-- This site is optimized with the Yoast SEO Premium plugin v26.1 (Yoast SEO v27.0) - https:\/\/yoast.com\/product\/yoast-seo-premium-wordpress\/ -->\n<title>Laurent Gbagbo\u00a0: ces victimes qui r\u00e9clament l\u2019arrestation de l\u2019ancien pr\u00e9sident - C\u00f4te d&#039;Ivoire<\/title>\n<meta name=\"description\" content=\"Laurent Gbagbo est attendu le 17 juin 2021 \u00e0 Abidjan. Tandis que ses partisans pr\u00e9parent son retour, les victimes de la ...\" \/>\n<meta name=\"robots\" content=\"index, follow, max-snippet:-1, max-image-preview:large, max-video-preview:-1\" \/>\n<link rel=\"canonical\" href=\"https:\/\/www.africa-press.net\/cotedivoire\/dossiers\/cote-divoire-laurent-gbagbo-ces-victimes-qui-reclament-larrestation-de-lancien-president\" \/>\n<meta property=\"og:locale\" content=\"fr_FR\" \/>\n<meta property=\"og:type\" content=\"article\" \/>\n<meta property=\"og:title\" content=\"Laurent Gbagbo\u00a0: ces victimes qui r\u00e9clament l\u2019arrestation de l\u2019ancien pr\u00e9sident\" \/>\n<meta property=\"og:description\" content=\"Laurent Gbagbo est attendu le 17 juin 2021 \u00e0 Abidjan. Tandis que ses partisans pr\u00e9parent son retour, les victimes de la ...\" \/>\n<meta property=\"og:url\" content=\"https:\/\/www.africa-press.net\/cotedivoire\/dossiers\/cote-divoire-laurent-gbagbo-ces-victimes-qui-reclament-larrestation-de-lancien-president\" \/>\n<meta property=\"og:site_name\" content=\"C\u00f4te d&#039;Ivoire\" \/>\n<meta property=\"article:published_time\" content=\"2021-06-16T18:32:52+00:00\" \/>\n<meta property=\"og:image\" content=\"https:\/\/static.africa-press.net\/cote\/sites\/43\/2021\/06\/img-60ca32e5ab57a.jpg\" \/>\n\t<meta property=\"og:image:width\" content=\"720\" \/>\n\t<meta property=\"og:image:height\" content=\"360\" \/>\n\t<meta property=\"og:image:type\" content=\"image\/jpeg\" \/>\n<meta name=\"author\" content=\"cfeditorfr\" \/>\n<meta name=\"twitter:card\" content=\"summary_large_image\" \/>\n<meta name=\"twitter:label1\" content=\"\u00c9crit par\" \/>\n\t<meta name=\"twitter:data1\" content=\"cfeditorfr\" \/>\n\t<meta name=\"twitter:label2\" content=\"Dur\u00e9e de lecture estim\u00e9e\" \/>\n\t<meta name=\"twitter:data2\" content=\"1 minute\" \/>\n<script type=\"application\/ld+json\" class=\"yoast-schema-graph\">{\"@context\":\"https:\/\/schema.org\",\"@graph\":[{\"@type\":\"Article\",\"@id\":\"https:\/\/www.africa-press.net\/cotedivoire\/dossiers\/cote-divoire-laurent-gbagbo-ces-victimes-qui-reclament-larrestation-de-lancien-president#article\",\"isPartOf\":{\"@id\":\"https:\/\/www.africa-press.net\/cotedivoire\/dossiers\/cote-divoire-laurent-gbagbo-ces-victimes-qui-reclament-larrestation-de-lancien-president\"},\"author\":{\"name\":\"cfeditorfr\",\"@id\":\"https:\/\/www.africa-press.net\/cotedivoire\/#\/schema\/person\/2b1cf3cd81a31e3cd26889ca66d677f1\"},\"headline\":\"Laurent Gbagbo\u00a0: ces victimes qui r\u00e9clament l\u2019arrestation de l\u2019ancien pr\u00e9sident\",\"datePublished\":\"2021-06-16T18:32:52+00:00\",\"mainEntityOfPage\":{\"@id\":\"https:\/\/www.africa-press.net\/cotedivoire\/dossiers\/cote-divoire-laurent-gbagbo-ces-victimes-qui-reclament-larrestation-de-lancien-president\"},\"wordCount\":186,\"commentCount\":0,\"image\":{\"@id\":\"https:\/\/www.africa-press.net\/cotedivoire\/dossiers\/cote-divoire-laurent-gbagbo-ces-victimes-qui-reclament-larrestation-de-lancien-president#primaryimage\"},\"thumbnailUrl\":\"https:\/\/static.africa-press.net\/cote\/sites\/43\/2021\/06\/img-60ca32e5ab57a.jpg\",\"keywords\":[\"Africa Press\",\"Africa Press-C\u00f4te d'Ivoire\",\"C\u00d4TE D'IVOIRE\"],\"articleSection\":[\"Dossiers\",\"homepage-french\",\"Top Nouvelles\",\"Toutes les actualit\u00e9s\"],\"inLanguage\":\"fr-FR\",\"potentialAction\":[{\"@type\":\"CommentAction\",\"name\":\"Comment\",\"target\":[\"https:\/\/www.africa-press.net\/cotedivoire\/dossiers\/cote-divoire-laurent-gbagbo-ces-victimes-qui-reclament-larrestation-de-lancien-president#respond\"]}]},{\"@type\":\"WebPage\",\"@id\":\"https:\/\/www.africa-press.net\/cotedivoire\/dossiers\/cote-divoire-laurent-gbagbo-ces-victimes-qui-reclament-larrestation-de-lancien-president\",\"url\":\"https:\/\/www.africa-press.net\/cotedivoire\/dossiers\/cote-divoire-laurent-gbagbo-ces-victimes-qui-reclament-larrestation-de-lancien-president\",\"name\":\"Laurent Gbagbo\u00a0: ces victimes qui r\u00e9clament l\u2019arrestation de l\u2019ancien pr\u00e9sident - C\u00f4te d&#039;Ivoire\",\"isPartOf\":{\"@id\":\"https:\/\/www.africa-press.net\/cotedivoire\/#website\"},\"primaryImageOfPage\":{\"@id\":\"https:\/\/www.africa-press.net\/cotedivoire\/dossiers\/cote-divoire-laurent-gbagbo-ces-victimes-qui-reclament-larrestation-de-lancien-president#primaryimage\"},\"image\":{\"@id\":\"https:\/\/www.africa-press.net\/cotedivoire\/dossiers\/cote-divoire-laurent-gbagbo-ces-victimes-qui-reclament-larrestation-de-lancien-president#primaryimage\"},\"thumbnailUrl\":\"https:\/\/static.africa-press.net\/cote\/sites\/43\/2021\/06\/img-60ca32e5ab57a.jpg\",\"datePublished\":\"2021-06-16T18:32:52+00:00\",\"author\":{\"@id\":\"https:\/\/www.africa-press.net\/cotedivoire\/#\/schema\/person\/2b1cf3cd81a31e3cd26889ca66d677f1\"},\"description\":\"Laurent Gbagbo est attendu le 17 juin 2021 \u00e0 Abidjan. Tandis que ses partisans pr\u00e9parent son retour, les victimes de la ...\",\"breadcrumb\":{\"@id\":\"https:\/\/www.africa-press.net\/cotedivoire\/dossiers\/cote-divoire-laurent-gbagbo-ces-victimes-qui-reclament-larrestation-de-lancien-president#breadcrumb\"},\"inLanguage\":\"fr-FR\",\"potentialAction\":[{\"@type\":\"ReadAction\",\"target\":[\"https:\/\/www.africa-press.net\/cotedivoire\/dossiers\/cote-divoire-laurent-gbagbo-ces-victimes-qui-reclament-larrestation-de-lancien-president\"]}]},{\"@type\":\"ImageObject\",\"inLanguage\":\"fr-FR\",\"@id\":\"https:\/\/www.africa-press.net\/cotedivoire\/dossiers\/cote-divoire-laurent-gbagbo-ces-victimes-qui-reclament-larrestation-de-lancien-president#primaryimage\",\"url\":\"https:\/\/static.africa-press.net\/cote\/sites\/43\/2021\/06\/img-60ca32e5ab57a.jpg\",\"contentUrl\":\"https:\/\/static.africa-press.net\/cote\/sites\/43\/2021\/06\/img-60ca32e5ab57a.jpg\",\"width\":720,\"height\":360,\"caption\":\"C\u00f4te d\u2019Ivoire \u2013\u00a0Laurent Gbagbo\u00a0: ces victimes qui r\u00e9clament l\u2019arrestation de l\u2019ancien pr\u00e9sident\"},{\"@type\":\"BreadcrumbList\",\"@id\":\"https:\/\/www.africa-press.net\/cotedivoire\/dossiers\/cote-divoire-laurent-gbagbo-ces-victimes-qui-reclament-larrestation-de-lancien-president#breadcrumb\",\"itemListElement\":[{\"@type\":\"ListItem\",\"position\":1,\"name\":\"Accueil\",\"item\":\"https:\/\/www.africa-press.net\/cotedivoire\/\"},{\"@type\":\"ListItem\",\"position\":2,\"name\":\"Laurent Gbagbo\u00a0: ces victimes qui r\u00e9clament l\u2019arrestation de l\u2019ancien pr\u00e9sident\"}]},{\"@type\":\"WebSite\",\"@id\":\"https:\/\/www.africa-press.net\/cotedivoire\/#website\",\"url\":\"https:\/\/www.africa-press.net\/cotedivoire\/\",\"name\":\"C\u00f4te d&#039;Ivoire\",\"description\":\"Just another Africa News Agency Sites site\",\"potentialAction\":[{\"@type\":\"SearchAction\",\"target\":{\"@type\":\"EntryPoint\",\"urlTemplate\":\"https:\/\/www.africa-press.net\/cotedivoire\/?s={search_term_string}\"},\"query-input\":{\"@type\":\"PropertyValueSpecification\",\"valueRequired\":true,\"valueName\":\"search_term_string\"}}],\"inLanguage\":\"fr-FR\"},{\"@type\":\"Person\",\"@id\":\"https:\/\/www.africa-press.net\/cotedivoire\/#\/schema\/person\/2b1cf3cd81a31e3cd26889ca66d677f1\",\"name\":\"cfeditorfr\"}]}<\/script>\n<!-- \/ Yoast SEO Premium plugin. -->","yoast_head_json":{"title":"Laurent Gbagbo\u00a0: ces victimes qui r\u00e9clament l\u2019arrestation de l\u2019ancien pr\u00e9sident - C\u00f4te d&#039;Ivoire","description":"Laurent Gbagbo est attendu le 17 juin 2021 \u00e0 Abidjan. Tandis que ses partisans pr\u00e9parent son retour, les victimes de la ...","robots":{"index":"index","follow":"follow","max-snippet":"max-snippet:-1","max-image-preview":"max-image-preview:large","max-video-preview":"max-video-preview:-1"},"canonical":"https:\/\/www.africa-press.net\/cotedivoire\/dossiers\/cote-divoire-laurent-gbagbo-ces-victimes-qui-reclament-larrestation-de-lancien-president","og_locale":"fr_FR","og_type":"article","og_title":"Laurent Gbagbo\u00a0: ces victimes qui r\u00e9clament l\u2019arrestation de l\u2019ancien pr\u00e9sident","og_description":"Laurent Gbagbo est attendu le 17 juin 2021 \u00e0 Abidjan. Tandis que ses partisans pr\u00e9parent son retour, les victimes de la ...","og_url":"https:\/\/www.africa-press.net\/cotedivoire\/dossiers\/cote-divoire-laurent-gbagbo-ces-victimes-qui-reclament-larrestation-de-lancien-president","og_site_name":"C\u00f4te d&#039;Ivoire","article_published_time":"2021-06-16T18:32:52+00:00","og_image":[{"width":720,"height":360,"url":"https:\/\/static.africa-press.net\/cote\/sites\/43\/2021\/06\/img-60ca32e5ab57a.jpg","type":"image\/jpeg"}],"author":"cfeditorfr","twitter_card":"summary_large_image","twitter_misc":{"\u00c9crit par":"cfeditorfr","Dur\u00e9e de lecture estim\u00e9e":"1 minute"},"schema":{"@context":"https:\/\/schema.org","@graph":[{"@type":"Article","@id":"https:\/\/www.africa-press.net\/cotedivoire\/dossiers\/cote-divoire-laurent-gbagbo-ces-victimes-qui-reclament-larrestation-de-lancien-president#article","isPartOf":{"@id":"https:\/\/www.africa-press.net\/cotedivoire\/dossiers\/cote-divoire-laurent-gbagbo-ces-victimes-qui-reclament-larrestation-de-lancien-president"},"author":{"name":"cfeditorfr","@id":"https:\/\/www.africa-press.net\/cotedivoire\/#\/schema\/person\/2b1cf3cd81a31e3cd26889ca66d677f1"},"headline":"Laurent Gbagbo\u00a0: ces victimes qui r\u00e9clament l\u2019arrestation de l\u2019ancien pr\u00e9sident","datePublished":"2021-06-16T18:32:52+00:00","mainEntityOfPage":{"@id":"https:\/\/www.africa-press.net\/cotedivoire\/dossiers\/cote-divoire-laurent-gbagbo-ces-victimes-qui-reclament-larrestation-de-lancien-president"},"wordCount":186,"commentCount":0,"image":{"@id":"https:\/\/www.africa-press.net\/cotedivoire\/dossiers\/cote-divoire-laurent-gbagbo-ces-victimes-qui-reclament-larrestation-de-lancien-president#primaryimage"},"thumbnailUrl":"https:\/\/static.africa-press.net\/cote\/sites\/43\/2021\/06\/img-60ca32e5ab57a.jpg","keywords":["Africa Press","Africa Press-C\u00f4te d'Ivoire","C\u00d4TE D'IVOIRE"],"articleSection":["Dossiers","homepage-french","Top Nouvelles","Toutes les actualit\u00e9s"],"inLanguage":"fr-FR","potentialAction":[{"@type":"CommentAction","name":"Comment","target":["https:\/\/www.africa-press.net\/cotedivoire\/dossiers\/cote-divoire-laurent-gbagbo-ces-victimes-qui-reclament-larrestation-de-lancien-president#respond"]}]},{"@type":"WebPage","@id":"https:\/\/www.africa-press.net\/cotedivoire\/dossiers\/cote-divoire-laurent-gbagbo-ces-victimes-qui-reclament-larrestation-de-lancien-president","url":"https:\/\/www.africa-press.net\/cotedivoire\/dossiers\/cote-divoire-laurent-gbagbo-ces-victimes-qui-reclament-larrestation-de-lancien-president","name":"Laurent Gbagbo\u00a0: ces victimes qui r\u00e9clament l\u2019arrestation de l\u2019ancien pr\u00e9sident - C\u00f4te d&#039;Ivoire","isPartOf":{"@id":"https:\/\/www.africa-press.net\/cotedivoire\/#website"},"primaryImageOfPage":{"@id":"https:\/\/www.africa-press.net\/cotedivoire\/dossiers\/cote-divoire-laurent-gbagbo-ces-victimes-qui-reclament-larrestation-de-lancien-president#primaryimage"},"image":{"@id":"https:\/\/www.africa-press.net\/cotedivoire\/dossiers\/cote-divoire-laurent-gbagbo-ces-victimes-qui-reclament-larrestation-de-lancien-president#primaryimage"},"thumbnailUrl":"https:\/\/static.africa-press.net\/cote\/sites\/43\/2021\/06\/img-60ca32e5ab57a.jpg","datePublished":"2021-06-16T18:32:52+00:00","author":{"@id":"https:\/\/www.africa-press.net\/cotedivoire\/#\/schema\/person\/2b1cf3cd81a31e3cd26889ca66d677f1"},"description":"Laurent Gbagbo est attendu le 17 juin 2021 \u00e0 Abidjan. Tandis que ses partisans pr\u00e9parent son retour, les victimes de la ...","breadcrumb":{"@id":"https:\/\/www.africa-press.net\/cotedivoire\/dossiers\/cote-divoire-laurent-gbagbo-ces-victimes-qui-reclament-larrestation-de-lancien-president#breadcrumb"},"inLanguage":"fr-FR","potentialAction":[{"@type":"ReadAction","target":["https:\/\/www.africa-press.net\/cotedivoire\/dossiers\/cote-divoire-laurent-gbagbo-ces-victimes-qui-reclament-larrestation-de-lancien-president"]}]},{"@type":"ImageObject","inLanguage":"fr-FR","@id":"https:\/\/www.africa-press.net\/cotedivoire\/dossiers\/cote-divoire-laurent-gbagbo-ces-victimes-qui-reclament-larrestation-de-lancien-president#primaryimage","url":"https:\/\/static.africa-press.net\/cote\/sites\/43\/2021\/06\/img-60ca32e5ab57a.jpg","contentUrl":"https:\/\/static.africa-press.net\/cote\/sites\/43\/2021\/06\/img-60ca32e5ab57a.jpg","width":720,"height":360,"caption":"C\u00f4te d\u2019Ivoire \u2013\u00a0Laurent Gbagbo\u00a0: ces victimes qui r\u00e9clament l\u2019arrestation de l\u2019ancien pr\u00e9sident"},{"@type":"BreadcrumbList","@id":"https:\/\/www.africa-press.net\/cotedivoire\/dossiers\/cote-divoire-laurent-gbagbo-ces-victimes-qui-reclament-larrestation-de-lancien-president#breadcrumb","itemListElement":[{"@type":"ListItem","position":1,"name":"Accueil","item":"https:\/\/www.africa-press.net\/cotedivoire\/"},{"@type":"ListItem","position":2,"name":"Laurent Gbagbo\u00a0: ces victimes qui r\u00e9clament l\u2019arrestation de l\u2019ancien pr\u00e9sident"}]},{"@type":"WebSite","@id":"https:\/\/www.africa-press.net\/cotedivoire\/#website","url":"https:\/\/www.africa-press.net\/cotedivoire\/","name":"C\u00f4te d&#039;Ivoire","description":"Just another Africa News Agency Sites site","potentialAction":[{"@type":"SearchAction","target":{"@type":"EntryPoint","urlTemplate":"https:\/\/www.africa-press.net\/cotedivoire\/?s={search_term_string}"},"query-input":{"@type":"PropertyValueSpecification","valueRequired":true,"valueName":"search_term_string"}}],"inLanguage":"fr-FR"},{"@type":"Person","@id":"https:\/\/www.africa-press.net\/cotedivoire\/#\/schema\/person\/2b1cf3cd81a31e3cd26889ca66d677f1","name":"cfeditorfr"}]}},"_links":{"self":[{"href":"https:\/\/www.africa-press.net\/cotedivoire\/wp-json\/wp\/v2\/posts\/9076","targetHints":{"allow":["GET"]}}],"collection":[{"href":"https:\/\/www.africa-press.net\/cotedivoire\/wp-json\/wp\/v2\/posts"}],"about":[{"href":"https:\/\/www.africa-press.net\/cotedivoire\/wp-json\/wp\/v2\/types\/post"}],"author":[{"embeddable":true,"href":"https:\/\/www.africa-press.net\/cotedivoire\/wp-json\/wp\/v2\/users\/82"}],"replies":[{"embeddable":true,"href":"https:\/\/www.africa-press.net\/cotedivoire\/wp-json\/wp\/v2\/comments?post=9076"}],"version-history":[{"count":0,"href":"https:\/\/www.africa-press.net\/cotedivoire\/wp-json\/wp\/v2\/posts\/9076\/revisions"}],"wp:featuredmedia":[{"embeddable":true,"href":"https:\/\/www.africa-press.net\/cotedivoire\/wp-json\/wp\/v2\/media\/9075"}],"wp:attachment":[{"href":"https:\/\/www.africa-press.net\/cotedivoire\/wp-json\/wp\/v2\/media?parent=9076"}],"wp:term":[{"taxonomy":"category","embeddable":true,"href":"https:\/\/www.africa-press.net\/cotedivoire\/wp-json\/wp\/v2\/categories?post=9076"},{"taxonomy":"post_tag","embeddable":true,"href":"https:\/\/www.africa-press.net\/cotedivoire\/wp-json\/wp\/v2\/tags?post=9076"}],"curies":[{"name":"wp","href":"https:\/\/api.w.org\/{rel}","templated":true}]}}