{"id":90885,"date":"2024-11-19T19:19:53","date_gmt":"2024-11-19T19:19:53","guid":{"rendered":"https:\/\/www.africa-press.net\/cotedivoire\/politique\/cote-divoire-france-accord-entre-paris-et-abidjan-pour-le-lancement-du-processus-de-restitution-du-tambour-parleur-djidji-ayokwe"},"modified":"2024-11-19T19:35:08","modified_gmt":"2024-11-19T19:35:08","slug":"cote-divoire-france-accord-entre-paris-et-abidjan-pour-le-lancement-du-processus-de-restitution-du-tambour-parleur-djidji-ayokwe","status":"publish","type":"post","link":"https:\/\/www.africa-press.net\/cotedivoire\/culture-et-art\/cote-divoire-france-accord-entre-paris-et-abidjan-pour-le-lancement-du-processus-de-restitution-du-tambour-parleur-djidji-ayokwe","title":{"rendered":"C\u00f4te d&rsquo;Ivoire-France : Accord entre Paris et Abidjan pour le lancement du processus de restitution du tambour parleur \u00ab Djidji Ayokw\u00ea \u00bb"},"content":{"rendered":"<p><span style=\"color: #ff6600\"><strong>Africa-Press &#8211; C\u00f4te d&rsquo;Ivoire. <\/strong><\/span>La Co\u0302te d\u2019Ivoire et la France ont trouve\u0301 un accord pour le lancement du processus de restitution du tambour parleur \u00ab Djidji Ayokwe\u0302 \u00bb.<\/p>\n<p>Selon une note transmise a\u0300 KOACI, dans le cadre de la coope\u0301ration culturelle entre la Re\u0301publique franc\u0327aise et la Re\u0301publique de Co\u0302te d&rsquo;Ivoire: les ministres franc\u0327ais et ivoiriens se fe\u0301licitent du lancement du processus de restitution du tambour \u00ab Djidji Ayokwe\u0302 \u00bb dit \u00ab tambour parleur. \u00bb<\/p>\n<p>\u00ab Mme Rachida DATI, Ministre de la Culture de la Re\u0301publique franc\u0327aise, M. Thani MOHAMED- SOILIHI, Secre\u0301taire d\u2019 Etat a\u0300 la Francophonie et aux Partenariats internationaux, et Mme Franc\u0327oise REMARCK, Ministre de la Culture et de la Francophonie de la Re\u0301publique de Co\u0302te d\u2019 Ivoire, s\u2019est entretenus le 18 novembre 2024, dans le cadre d&rsquo;une re\u0301union de travail. Cet entretien a eu lieu en pre\u0301sence de M. Laurent LAFON, Pre\u0301sident de la Commission de la Culture du Se\u0301nat, Mme Fatiha KELOUA-HACHI, Pre\u0301sidente de la Commission de la Culture de l&rsquo;Assemble\u0301e nationale et de M. Yapi Raymond N&rsquo;DOHI, Vice-Pre\u0301sident du Se\u0301nat Ivoirien \u00bb, rele\u0300ve le document.<\/p>\n<p>Nous apprenons que, les Ministres ont rappele\u0301 la force des liens qui unissent la France a\u0300 la Co\u0302te d&rsquo;Ivoire et le ro\u0302le majeur que joue la culture dans le partenariat bilate\u0301ral.<\/p>\n<p>Ils ont e\u0301galement aborde\u0301 les enjeux prioritaires de la coope\u0301ration culturelle entre les deux pays et e\u0301voque\u0301 sa densite\u0301, notamment dans le domaine du patrimoine et des muse\u0301es, des industries culturelles et cre\u0301atives et de la cre\u0301ation contemporaine. Ils ont re\u0301affirme\u0301 leur volonte\u0301 d&rsquo;approfondir les liens existants entre les artistes et professionnels franc\u0327ais et ivoiriens du secteur de la culture.<\/p>\n<p>\u00ab Mme Rachida DATI, M. Thani MOHAMED-SOILIHI et Mme Franc\u0327oise REMARCK ont aborde\u0301 l&rsquo;enjeu de la restitution du tambour \u00ab Djidji Ayokwe\u0302 \u00bb, actuellement conserve\u0301 au muse\u0301e du Quai Branly &#8211; Jacques Chirac. A\u0300 la suite de la demande officielle de restitution de ce bien culturel par le Pre\u0301sident de la Re\u0301publique de Co\u0302te d&rsquo;Ivoire Alassane OUATTARA et des engagements pris par le Pre\u0301sident de la Re\u0301publique Emmanuel MACRON a\u0300 l&rsquo;occasion du nouveau Sommet Afrique-France d&rsquo;octobre 2021, et a\u0300 l&rsquo;issue d&rsquo;un travail conjoint re\u0301unissant scientifiques franc\u0327ais, ivoiriens et les communaute\u0301s Atchans be\u0301ne\u0301ficiaires de ce bien culturel, les Ministres des deux pays ont de\u0301cide\u0301 de franchir une e\u0301tape importante vers la concre\u0301tisation de son retour en Co\u0302te d&rsquo;Ivoire \u00bb, poursuit ladite note.<\/p>\n<p>Notons que, cet engagement mutuel s&rsquo;est formalise\u0301, le lundi 18 novembre 2024, par la signature par les Ministres de la Culture d&rsquo;une convention de de\u0301po\u0302t permettant de pre\u0301parer le transfert du tambour \u00ab Djidji Ayokwe\u0302 \u00bb dans les prochains mois.<\/p>\n<p>L\u2019on rele\u0300ve que cette restitution s&rsquo;inscrit dans un engagement commun a\u0300 associer e\u0301troitement restitution et coope\u0301ration dans le domaine du patrimoine et des muse\u0301es.<\/p>\n<p>Les ministres franc\u0327ais ont notamment souligne\u0301 l&rsquo;engagement de la France pour favoriser le projet de modernisation du Muse\u0301e des civilisations de Co\u0302te d&rsquo;Ivoire qui sera le lieu de conservation et d&rsquo;exposition du tambour \u00ab Djidji Ayokwe\u0302 \u00bb.<\/p>\n<p>Enfin, les Ministres se sont re\u0301jouis de son ouverture prochaine. Conforme\u0301ment a\u0300 ces objectifs, les Ministres ont e\u0301galement signe\u0301 un programme de travail commun qui fixe les priorite\u0301s des Ministe\u0300res de la Culture et des Affaires E\u0301trange\u0300res pour la coope\u0301ration muse\u0301ale et patrimoniale.<\/p>\n<p><strong>Pour plus d&rsquo;informations et d&rsquo;analyses sur la C\u00f4te d&rsquo;Ivoire, suivez Africa-Press<\/strong><\/p>\n","protected":false},"excerpt":{"rendered":"<p>Africa-Press &#8211; C\u00f4te d&rsquo;Ivoire. La Co\u0302te d\u2019Ivoire et la France ont trouve\u0301 un accord pour le lancement du processus de restitution du tambour parleur \u00ab Djidji Ayokwe\u0302 \u00bb. Selon une note transmise a\u0300 KOACI, dans le cadre de la coope\u0301ration culturelle entre la Re\u0301publique franc\u0327aise et la Re\u0301publique de Co\u0302te d&rsquo;Ivoire: les ministres franc\u0327ais et [&hellip;]<\/p>\n","protected":false},"author":82,"featured_media":90884,"comment_status":"open","ping_status":"closed","sticky":false,"template":"","format":"standard","meta":{"footnotes":""},"categories":[5,10],"tags":[29,14791,7826,14790,15646,3182,15647],"class_list":["post-90885","post","type-post","status-publish","format-standard","has-post-thumbnail","hentry","category-culture-et-art","category-toutes-les-actualites","tag-cote-divoire","tag-djidji-ayokwe","tag-francoise-remarck","tag-parleur","tag-rachida-dati","tag-restitution","tag-tambour"],"yoast_head":"<!-- This site is optimized with the Yoast SEO Premium plugin v26.1 (Yoast SEO v27.0) - https:\/\/yoast.com\/product\/yoast-seo-premium-wordpress\/ -->\n<title>C\u00f4te d&#039;Ivoire-France : Accord entre Paris et Abidjan pour le lancement du processus de restitution du tambour parleur \u00ab Djidji Ayokw\u00ea \u00bb - C\u00f4te d&#039;Ivoire<\/title>\n<meta name=\"description\" content=\"La Co\u0302te d\u2019Ivoire et la France ont trouve\u0301 un accord pour le lancement du processus de restitution du tambour parleur \u00ab ...\" \/>\n<meta name=\"robots\" content=\"index, follow, max-snippet:-1, max-image-preview:large, max-video-preview:-1\" \/>\n<link rel=\"canonical\" href=\"https:\/\/www.africa-press.net\/cotedivoire\/culture-et-art\/cote-divoire-france-accord-entre-paris-et-abidjan-pour-le-lancement-du-processus-de-restitution-du-tambour-parleur-djidji-ayokwe\" \/>\n<meta property=\"og:locale\" content=\"fr_FR\" \/>\n<meta property=\"og:type\" content=\"article\" \/>\n<meta property=\"og:title\" content=\"C\u00f4te d&#039;Ivoire-France : Accord entre Paris et Abidjan pour le lancement du processus de restitution du tambour parleur \u00ab Djidji Ayokw\u00ea \u00bb\" \/>\n<meta property=\"og:description\" content=\"La Co\u0302te d\u2019Ivoire et la France ont trouve\u0301 un accord pour le lancement du processus de restitution du tambour parleur \u00ab ...\" \/>\n<meta property=\"og:url\" content=\"https:\/\/www.africa-press.net\/cotedivoire\/culture-et-art\/cote-divoire-france-accord-entre-paris-et-abidjan-pour-le-lancement-du-processus-de-restitution-du-tambour-parleur-djidji-ayokwe\" \/>\n<meta property=\"og:site_name\" content=\"C\u00f4te d&#039;Ivoire\" \/>\n<meta property=\"article:published_time\" content=\"2024-11-19T19:19:53+00:00\" \/>\n<meta property=\"article:modified_time\" content=\"2024-11-19T19:35:08+00:00\" \/>\n<meta property=\"og:image\" content=\"https:\/\/static.africa-press.net\/cote\/sites\/43\/2024\/11\/sm_1732032287.132632.jpg\" \/>\n\t<meta property=\"og:image:width\" content=\"720\" \/>\n\t<meta property=\"og:image:height\" content=\"405\" \/>\n\t<meta property=\"og:image:type\" content=\"image\/jpeg\" \/>\n<meta name=\"author\" content=\"cfeditorfr\" \/>\n<meta name=\"twitter:card\" content=\"summary_large_image\" \/>\n<meta name=\"twitter:label1\" content=\"\u00c9crit par\" \/>\n\t<meta name=\"twitter:data1\" content=\"cfeditorfr\" \/>\n\t<meta name=\"twitter:label2\" content=\"Dur\u00e9e de lecture estim\u00e9e\" \/>\n\t<meta name=\"twitter:data2\" content=\"3 minutes\" \/>\n<script type=\"application\/ld+json\" class=\"yoast-schema-graph\">{\"@context\":\"https:\/\/schema.org\",\"@graph\":[{\"@type\":\"Article\",\"@id\":\"https:\/\/www.africa-press.net\/cotedivoire\/culture-et-art\/cote-divoire-france-accord-entre-paris-et-abidjan-pour-le-lancement-du-processus-de-restitution-du-tambour-parleur-djidji-ayokwe#article\",\"isPartOf\":{\"@id\":\"https:\/\/www.africa-press.net\/cotedivoire\/culture-et-art\/cote-divoire-france-accord-entre-paris-et-abidjan-pour-le-lancement-du-processus-de-restitution-du-tambour-parleur-djidji-ayokwe\"},\"author\":{\"name\":\"cfeditorfr\",\"@id\":\"https:\/\/www.africa-press.net\/cotedivoire\/#\/schema\/person\/2b1cf3cd81a31e3cd26889ca66d677f1\"},\"headline\":\"C\u00f4te d&rsquo;Ivoire-France : Accord entre Paris et Abidjan pour le lancement du processus de restitution du tambour parleur \u00ab Djidji Ayokw\u00ea \u00bb\",\"datePublished\":\"2024-11-19T19:19:53+00:00\",\"dateModified\":\"2024-11-19T19:35:08+00:00\",\"mainEntityOfPage\":{\"@id\":\"https:\/\/www.africa-press.net\/cotedivoire\/culture-et-art\/cote-divoire-france-accord-entre-paris-et-abidjan-pour-le-lancement-du-processus-de-restitution-du-tambour-parleur-djidji-ayokwe\"},\"wordCount\":644,\"commentCount\":0,\"image\":{\"@id\":\"https:\/\/www.africa-press.net\/cotedivoire\/culture-et-art\/cote-divoire-france-accord-entre-paris-et-abidjan-pour-le-lancement-du-processus-de-restitution-du-tambour-parleur-djidji-ayokwe#primaryimage\"},\"thumbnailUrl\":\"https:\/\/static.africa-press.net\/cote\/sites\/43\/2024\/11\/sm_1732032287.132632.jpg\",\"keywords\":[\"C\u00d4TE D'IVOIRE\",\"Djidji Ay\u00f4kw\u00ea\",\"Fran\u00e7oise Remarck\",\"parleur\",\"Rachida DATI\",\"restitution\",\"tambour\"],\"articleSection\":[\"Culture et Art\",\"Toutes les actualit\u00e9s\"],\"inLanguage\":\"fr-FR\",\"potentialAction\":[{\"@type\":\"CommentAction\",\"name\":\"Comment\",\"target\":[\"https:\/\/www.africa-press.net\/cotedivoire\/culture-et-art\/cote-divoire-france-accord-entre-paris-et-abidjan-pour-le-lancement-du-processus-de-restitution-du-tambour-parleur-djidji-ayokwe#respond\"]}]},{\"@type\":\"WebPage\",\"@id\":\"https:\/\/www.africa-press.net\/cotedivoire\/culture-et-art\/cote-divoire-france-accord-entre-paris-et-abidjan-pour-le-lancement-du-processus-de-restitution-du-tambour-parleur-djidji-ayokwe\",\"url\":\"https:\/\/www.africa-press.net\/cotedivoire\/culture-et-art\/cote-divoire-france-accord-entre-paris-et-abidjan-pour-le-lancement-du-processus-de-restitution-du-tambour-parleur-djidji-ayokwe\",\"name\":\"C\u00f4te d'Ivoire-France : Accord entre Paris et Abidjan pour le lancement du processus de restitution du tambour parleur \u00ab Djidji Ayokw\u00ea \u00bb - C\u00f4te d&#039;Ivoire\",\"isPartOf\":{\"@id\":\"https:\/\/www.africa-press.net\/cotedivoire\/#website\"},\"primaryImageOfPage\":{\"@id\":\"https:\/\/www.africa-press.net\/cotedivoire\/culture-et-art\/cote-divoire-france-accord-entre-paris-et-abidjan-pour-le-lancement-du-processus-de-restitution-du-tambour-parleur-djidji-ayokwe#primaryimage\"},\"image\":{\"@id\":\"https:\/\/www.africa-press.net\/cotedivoire\/culture-et-art\/cote-divoire-france-accord-entre-paris-et-abidjan-pour-le-lancement-du-processus-de-restitution-du-tambour-parleur-djidji-ayokwe#primaryimage\"},\"thumbnailUrl\":\"https:\/\/static.africa-press.net\/cote\/sites\/43\/2024\/11\/sm_1732032287.132632.jpg\",\"datePublished\":\"2024-11-19T19:19:53+00:00\",\"dateModified\":\"2024-11-19T19:35:08+00:00\",\"author\":{\"@id\":\"https:\/\/www.africa-press.net\/cotedivoire\/#\/schema\/person\/2b1cf3cd81a31e3cd26889ca66d677f1\"},\"description\":\"La Co\u0302te d\u2019Ivoire et la France ont trouve\u0301 un accord pour le lancement du processus de restitution du tambour parleur \u00ab ...\",\"breadcrumb\":{\"@id\":\"https:\/\/www.africa-press.net\/cotedivoire\/culture-et-art\/cote-divoire-france-accord-entre-paris-et-abidjan-pour-le-lancement-du-processus-de-restitution-du-tambour-parleur-djidji-ayokwe#breadcrumb\"},\"inLanguage\":\"fr-FR\",\"potentialAction\":[{\"@type\":\"ReadAction\",\"target\":[\"https:\/\/www.africa-press.net\/cotedivoire\/culture-et-art\/cote-divoire-france-accord-entre-paris-et-abidjan-pour-le-lancement-du-processus-de-restitution-du-tambour-parleur-djidji-ayokwe\"]}]},{\"@type\":\"ImageObject\",\"inLanguage\":\"fr-FR\",\"@id\":\"https:\/\/www.africa-press.net\/cotedivoire\/culture-et-art\/cote-divoire-france-accord-entre-paris-et-abidjan-pour-le-lancement-du-processus-de-restitution-du-tambour-parleur-djidji-ayokwe#primaryimage\",\"url\":\"https:\/\/static.africa-press.net\/cote\/sites\/43\/2024\/11\/sm_1732032287.132632.jpg\",\"contentUrl\":\"https:\/\/static.africa-press.net\/cote\/sites\/43\/2024\/11\/sm_1732032287.132632.jpg\",\"width\":720,\"height\":405,\"caption\":\"C\u00f4te d'Ivoire-France : Accord entre Paris et Abidjan pour le lancement du processus de restitution du tambour parleur \u00ab Djidji Ayokw\u00ea \u00bb\"},{\"@type\":\"BreadcrumbList\",\"@id\":\"https:\/\/www.africa-press.net\/cotedivoire\/culture-et-art\/cote-divoire-france-accord-entre-paris-et-abidjan-pour-le-lancement-du-processus-de-restitution-du-tambour-parleur-djidji-ayokwe#breadcrumb\",\"itemListElement\":[{\"@type\":\"ListItem\",\"position\":1,\"name\":\"Accueil\",\"item\":\"https:\/\/www.africa-press.net\/cotedivoire\/\"},{\"@type\":\"ListItem\",\"position\":2,\"name\":\"C\u00f4te d&#8217;Ivoire-France : Accord entre Paris et Abidjan pour le lancement du processus de restitution du tambour parleur \u00ab Djidji Ayokw\u00ea \u00bb\"}]},{\"@type\":\"WebSite\",\"@id\":\"https:\/\/www.africa-press.net\/cotedivoire\/#website\",\"url\":\"https:\/\/www.africa-press.net\/cotedivoire\/\",\"name\":\"C\u00f4te d&#039;Ivoire\",\"description\":\"Just another Africa News Agency Sites site\",\"potentialAction\":[{\"@type\":\"SearchAction\",\"target\":{\"@type\":\"EntryPoint\",\"urlTemplate\":\"https:\/\/www.africa-press.net\/cotedivoire\/?s={search_term_string}\"},\"query-input\":{\"@type\":\"PropertyValueSpecification\",\"valueRequired\":true,\"valueName\":\"search_term_string\"}}],\"inLanguage\":\"fr-FR\"},{\"@type\":\"Person\",\"@id\":\"https:\/\/www.africa-press.net\/cotedivoire\/#\/schema\/person\/2b1cf3cd81a31e3cd26889ca66d677f1\",\"name\":\"cfeditorfr\"}]}<\/script>\n<!-- \/ Yoast SEO Premium plugin. -->","yoast_head_json":{"title":"C\u00f4te d'Ivoire-France : Accord entre Paris et Abidjan pour le lancement du processus de restitution du tambour parleur \u00ab Djidji Ayokw\u00ea \u00bb - C\u00f4te d&#039;Ivoire","description":"La Co\u0302te d\u2019Ivoire et la France ont trouve\u0301 un accord pour le lancement du processus de restitution du tambour parleur \u00ab ...","robots":{"index":"index","follow":"follow","max-snippet":"max-snippet:-1","max-image-preview":"max-image-preview:large","max-video-preview":"max-video-preview:-1"},"canonical":"https:\/\/www.africa-press.net\/cotedivoire\/culture-et-art\/cote-divoire-france-accord-entre-paris-et-abidjan-pour-le-lancement-du-processus-de-restitution-du-tambour-parleur-djidji-ayokwe","og_locale":"fr_FR","og_type":"article","og_title":"C\u00f4te d'Ivoire-France : Accord entre Paris et Abidjan pour le lancement du processus de restitution du tambour parleur \u00ab Djidji Ayokw\u00ea \u00bb","og_description":"La Co\u0302te d\u2019Ivoire et la France ont trouve\u0301 un accord pour le lancement du processus de restitution du tambour parleur \u00ab ...","og_url":"https:\/\/www.africa-press.net\/cotedivoire\/culture-et-art\/cote-divoire-france-accord-entre-paris-et-abidjan-pour-le-lancement-du-processus-de-restitution-du-tambour-parleur-djidji-ayokwe","og_site_name":"C\u00f4te d&#039;Ivoire","article_published_time":"2024-11-19T19:19:53+00:00","article_modified_time":"2024-11-19T19:35:08+00:00","og_image":[{"width":720,"height":405,"url":"https:\/\/static.africa-press.net\/cote\/sites\/43\/2024\/11\/sm_1732032287.132632.jpg","type":"image\/jpeg"}],"author":"cfeditorfr","twitter_card":"summary_large_image","twitter_misc":{"\u00c9crit par":"cfeditorfr","Dur\u00e9e de lecture estim\u00e9e":"3 minutes"},"schema":{"@context":"https:\/\/schema.org","@graph":[{"@type":"Article","@id":"https:\/\/www.africa-press.net\/cotedivoire\/culture-et-art\/cote-divoire-france-accord-entre-paris-et-abidjan-pour-le-lancement-du-processus-de-restitution-du-tambour-parleur-djidji-ayokwe#article","isPartOf":{"@id":"https:\/\/www.africa-press.net\/cotedivoire\/culture-et-art\/cote-divoire-france-accord-entre-paris-et-abidjan-pour-le-lancement-du-processus-de-restitution-du-tambour-parleur-djidji-ayokwe"},"author":{"name":"cfeditorfr","@id":"https:\/\/www.africa-press.net\/cotedivoire\/#\/schema\/person\/2b1cf3cd81a31e3cd26889ca66d677f1"},"headline":"C\u00f4te d&rsquo;Ivoire-France : Accord entre Paris et Abidjan pour le lancement du processus de restitution du tambour parleur \u00ab Djidji Ayokw\u00ea \u00bb","datePublished":"2024-11-19T19:19:53+00:00","dateModified":"2024-11-19T19:35:08+00:00","mainEntityOfPage":{"@id":"https:\/\/www.africa-press.net\/cotedivoire\/culture-et-art\/cote-divoire-france-accord-entre-paris-et-abidjan-pour-le-lancement-du-processus-de-restitution-du-tambour-parleur-djidji-ayokwe"},"wordCount":644,"commentCount":0,"image":{"@id":"https:\/\/www.africa-press.net\/cotedivoire\/culture-et-art\/cote-divoire-france-accord-entre-paris-et-abidjan-pour-le-lancement-du-processus-de-restitution-du-tambour-parleur-djidji-ayokwe#primaryimage"},"thumbnailUrl":"https:\/\/static.africa-press.net\/cote\/sites\/43\/2024\/11\/sm_1732032287.132632.jpg","keywords":["C\u00d4TE D'IVOIRE","Djidji Ay\u00f4kw\u00ea","Fran\u00e7oise Remarck","parleur","Rachida DATI","restitution","tambour"],"articleSection":["Culture et Art","Toutes les actualit\u00e9s"],"inLanguage":"fr-FR","potentialAction":[{"@type":"CommentAction","name":"Comment","target":["https:\/\/www.africa-press.net\/cotedivoire\/culture-et-art\/cote-divoire-france-accord-entre-paris-et-abidjan-pour-le-lancement-du-processus-de-restitution-du-tambour-parleur-djidji-ayokwe#respond"]}]},{"@type":"WebPage","@id":"https:\/\/www.africa-press.net\/cotedivoire\/culture-et-art\/cote-divoire-france-accord-entre-paris-et-abidjan-pour-le-lancement-du-processus-de-restitution-du-tambour-parleur-djidji-ayokwe","url":"https:\/\/www.africa-press.net\/cotedivoire\/culture-et-art\/cote-divoire-france-accord-entre-paris-et-abidjan-pour-le-lancement-du-processus-de-restitution-du-tambour-parleur-djidji-ayokwe","name":"C\u00f4te d'Ivoire-France : Accord entre Paris et Abidjan pour le lancement du processus de restitution du tambour parleur \u00ab Djidji Ayokw\u00ea \u00bb - C\u00f4te d&#039;Ivoire","isPartOf":{"@id":"https:\/\/www.africa-press.net\/cotedivoire\/#website"},"primaryImageOfPage":{"@id":"https:\/\/www.africa-press.net\/cotedivoire\/culture-et-art\/cote-divoire-france-accord-entre-paris-et-abidjan-pour-le-lancement-du-processus-de-restitution-du-tambour-parleur-djidji-ayokwe#primaryimage"},"image":{"@id":"https:\/\/www.africa-press.net\/cotedivoire\/culture-et-art\/cote-divoire-france-accord-entre-paris-et-abidjan-pour-le-lancement-du-processus-de-restitution-du-tambour-parleur-djidji-ayokwe#primaryimage"},"thumbnailUrl":"https:\/\/static.africa-press.net\/cote\/sites\/43\/2024\/11\/sm_1732032287.132632.jpg","datePublished":"2024-11-19T19:19:53+00:00","dateModified":"2024-11-19T19:35:08+00:00","author":{"@id":"https:\/\/www.africa-press.net\/cotedivoire\/#\/schema\/person\/2b1cf3cd81a31e3cd26889ca66d677f1"},"description":"La Co\u0302te d\u2019Ivoire et la France ont trouve\u0301 un accord pour le lancement du processus de restitution du tambour parleur \u00ab ...","breadcrumb":{"@id":"https:\/\/www.africa-press.net\/cotedivoire\/culture-et-art\/cote-divoire-france-accord-entre-paris-et-abidjan-pour-le-lancement-du-processus-de-restitution-du-tambour-parleur-djidji-ayokwe#breadcrumb"},"inLanguage":"fr-FR","potentialAction":[{"@type":"ReadAction","target":["https:\/\/www.africa-press.net\/cotedivoire\/culture-et-art\/cote-divoire-france-accord-entre-paris-et-abidjan-pour-le-lancement-du-processus-de-restitution-du-tambour-parleur-djidji-ayokwe"]}]},{"@type":"ImageObject","inLanguage":"fr-FR","@id":"https:\/\/www.africa-press.net\/cotedivoire\/culture-et-art\/cote-divoire-france-accord-entre-paris-et-abidjan-pour-le-lancement-du-processus-de-restitution-du-tambour-parleur-djidji-ayokwe#primaryimage","url":"https:\/\/static.africa-press.net\/cote\/sites\/43\/2024\/11\/sm_1732032287.132632.jpg","contentUrl":"https:\/\/static.africa-press.net\/cote\/sites\/43\/2024\/11\/sm_1732032287.132632.jpg","width":720,"height":405,"caption":"C\u00f4te d'Ivoire-France : Accord entre Paris et Abidjan pour le lancement du processus de restitution du tambour parleur \u00ab Djidji Ayokw\u00ea \u00bb"},{"@type":"BreadcrumbList","@id":"https:\/\/www.africa-press.net\/cotedivoire\/culture-et-art\/cote-divoire-france-accord-entre-paris-et-abidjan-pour-le-lancement-du-processus-de-restitution-du-tambour-parleur-djidji-ayokwe#breadcrumb","itemListElement":[{"@type":"ListItem","position":1,"name":"Accueil","item":"https:\/\/www.africa-press.net\/cotedivoire\/"},{"@type":"ListItem","position":2,"name":"C\u00f4te d&#8217;Ivoire-France : Accord entre Paris et Abidjan pour le lancement du processus de restitution du tambour parleur \u00ab Djidji Ayokw\u00ea \u00bb"}]},{"@type":"WebSite","@id":"https:\/\/www.africa-press.net\/cotedivoire\/#website","url":"https:\/\/www.africa-press.net\/cotedivoire\/","name":"C\u00f4te d&#039;Ivoire","description":"Just another Africa News Agency Sites site","potentialAction":[{"@type":"SearchAction","target":{"@type":"EntryPoint","urlTemplate":"https:\/\/www.africa-press.net\/cotedivoire\/?s={search_term_string}"},"query-input":{"@type":"PropertyValueSpecification","valueRequired":true,"valueName":"search_term_string"}}],"inLanguage":"fr-FR"},{"@type":"Person","@id":"https:\/\/www.africa-press.net\/cotedivoire\/#\/schema\/person\/2b1cf3cd81a31e3cd26889ca66d677f1","name":"cfeditorfr"}]}},"_links":{"self":[{"href":"https:\/\/www.africa-press.net\/cotedivoire\/wp-json\/wp\/v2\/posts\/90885","targetHints":{"allow":["GET"]}}],"collection":[{"href":"https:\/\/www.africa-press.net\/cotedivoire\/wp-json\/wp\/v2\/posts"}],"about":[{"href":"https:\/\/www.africa-press.net\/cotedivoire\/wp-json\/wp\/v2\/types\/post"}],"author":[{"embeddable":true,"href":"https:\/\/www.africa-press.net\/cotedivoire\/wp-json\/wp\/v2\/users\/82"}],"replies":[{"embeddable":true,"href":"https:\/\/www.africa-press.net\/cotedivoire\/wp-json\/wp\/v2\/comments?post=90885"}],"version-history":[{"count":0,"href":"https:\/\/www.africa-press.net\/cotedivoire\/wp-json\/wp\/v2\/posts\/90885\/revisions"}],"wp:featuredmedia":[{"embeddable":true,"href":"https:\/\/www.africa-press.net\/cotedivoire\/wp-json\/wp\/v2\/media\/90884"}],"wp:attachment":[{"href":"https:\/\/www.africa-press.net\/cotedivoire\/wp-json\/wp\/v2\/media?parent=90885"}],"wp:term":[{"taxonomy":"category","embeddable":true,"href":"https:\/\/www.africa-press.net\/cotedivoire\/wp-json\/wp\/v2\/categories?post=90885"},{"taxonomy":"post_tag","embeddable":true,"href":"https:\/\/www.africa-press.net\/cotedivoire\/wp-json\/wp\/v2\/tags?post=90885"}],"curies":[{"name":"wp","href":"https:\/\/api.w.org\/{rel}","templated":true}]}}