{"id":9106,"date":"2021-06-17T14:25:09","date_gmt":"2021-06-17T14:25:09","guid":{"rendered":"https:\/\/www.africa-press.net\/cotedivoire\/?p=9106"},"modified":"2021-06-17T19:13:48","modified_gmt":"2021-06-17T19:13:48","slug":"la-prison-a-vie-pour-soro-en-cote-divoire","status":"publish","type":"post","link":"https:\/\/www.africa-press.net\/cotedivoire\/politique\/la-prison-a-vie-pour-soro-en-cote-divoire","title":{"rendered":"La prison \u00e0 vie pour Soro en C\u00f4te-d\u2019Ivoire ?"},"content":{"rendered":"<p><span style=\"color: #ff6600\"><strong><a href=\"https:\/\/www.africa-press.net\/\">Africa-Press<\/a> &#8211; <a href=\"https:\/\/www.africa-press.net\/cotedivoire\">C\u00f4te d&rsquo;Ivoire<\/a>.\u00a0 <\/strong><\/span>Le Procureur de la R\u00e9publique, Richard Adou a requis mercredi, la prison \u00e0 vie contre l\u2019ex-pr\u00e9sident de l\u2019Assembl\u00e9e nationale ivoirienne, Guillaume Soro en raison de la \u00ab dangerosit\u00e9 du mis en cause et \u00e0 la gravit\u00e9 des faits \u00bb pour atteinte et complot contre l\u2019autorit\u00e9 de l\u2019Etat, dans son r\u00e9quisitoire lors d\u2019un proc\u00e8s.<\/p>\n<p>Le proc\u00e8s de Guillaume Soro et de ses proches a repris au Tribunal d\u2019Abidjan avec le requisitoire du Procureur.<\/p>\n<p>Richard Adou a requis l\u2019emprisonnement \u00e0 vie de l\u2019ancien pr\u00e9sident de l\u2019Assembl\u00e9e nationale en raison de la \u00ab dangerosit\u00e9 du mis en cause et \u00e0 la gravit\u00e9 des faits \u00bb.<\/p>\n<p>Le proc\u00e8s de Guillaume Soro et 19 de ses proches \u201c\u201cpour complot et atteinte \u00e0 l\u2019autorit\u00e9 de l\u2019Etat\u2019\u2019 s\u2019est ouvert le 19 mai.<\/p>\n<p>Treize des 20 accus\u00e9s \u00e9taient pr\u00e9sents dans le box. Parmi eux, l\u2019ancien ministre Alain Lobognon, Soul To Soul, F\u00e9licien Sekongo, les deux fr\u00e8res cadets de Guillaume Soro, Simon et Rigobert Soro. Traor\u00e9 Babou, un autre proche de l\u2019ancien Pr\u00e9sident de l\u2019Assembl\u00e9e nationale, comparaissait, quant \u00e0 lui, libre.<\/p>\n<p>En exil ou en fuite, six autres accus\u00e9s dont Guillaume Soro lui-m\u00eame, son responsable de la Communication Tour\u00e9 Moussa, l\u2019ancienne ministre Affoussy Bamba, l\u2019ex-Directeur g\u00e9n\u00e9ral de la Loterie nationale de C\u00f4te d\u2019Ivoire (LONACI) Issiaka Fofana \u00e9taient absents.<\/p>\n<p>Contre Affoussiata Bamba Lamine, Kamagat\u00e9 Souleymane (Soul To Soul), Cess et autres, Richard Adou a requis une peine d\u2019emprisonnement de 20 ans pour complot, atteinte contre l\u2019autorit\u00e9 de l\u2019\u00c9tat, trouble \u00e0 l\u2019ordre public et diffusion de fausses informations.<\/p>\n<p>Par contre, il demande la relaxe de Soro Simon, Alain Lobognon pour les infractions de complot ou atteinte \u00e0 l\u2019int\u00e9grit\u00e9 du territoire, mais demande une peine d\u2019emprisonnement ferme de 17 mois et 500.000 FCFA d\u2019amende pour trouble \u00e0 l\u2019ordre public et diffusion de nouvelles fausses.<\/p>\n<p>Ces faits leur sont \u00ab enti\u00e8rement imputables \u00bb et ont port\u00e9 \u00ab atteinte au moral de la population \u00bb, a-t-il fait savoir.<\/p>\n<p>Pour Rigobert Soro l\u2019un des fr\u00e8res de Guillaume Soro, il a demand\u00e9 une peine d\u2019emprisonnement ferme de 17 mois et 500.000 FCFA d\u2019amende pour des man\u0153uvres de nature \u00e0 occasionner des troubles \u00e0 l\u2019ordre public, de m\u00eame que Sekongo F\u00e9licien pour trouble \u00e0 l\u2019ordre public et diffusion de fausses informations.<\/p>\n<p>Poursuivant, il a souhait\u00e9 la \u00ab dissolution du mouvement G\u00e9n\u00e9rations et Peuples Solidaires (GPS, opposition) \u00bb, le parti de Guillaume Soro.<\/p>\n<p>Selon Richard Adou, \u00ab toutes les infractions poursuivies ont \u00e9t\u00e9 commises dans le cadre du mouvement des activit\u00e9s politiques de GPS \u00bb<\/p>\n<p>\u00ab Le mouvement se livre \u00e0 des activit\u00e9s subversives qui menacent la d\u00e9mocratie et les libert\u00e9s fondamentales \u00bb, a-t-il affirm\u00e9 avant de demander \u00ab la confiscation des armes saisies et v\u00e9hicules et autres biens saisis \u00bb.<\/p>\n<p>&nbsp;<\/p>\n","protected":false},"excerpt":{"rendered":"<p>Africa-Press &#8211; C\u00f4te d&rsquo;Ivoire.\u00a0 Le Procureur de la R\u00e9publique, Richard Adou a requis mercredi, la prison \u00e0 vie contre l\u2019ex-pr\u00e9sident de l\u2019Assembl\u00e9e nationale ivoirienne, Guillaume Soro en raison de la \u00ab dangerosit\u00e9 du mis en cause et \u00e0 la gravit\u00e9 des faits \u00bb pour atteinte et complot contre l\u2019autorit\u00e9 de l\u2019Etat, dans son r\u00e9quisitoire lors [&hellip;]<\/p>\n","protected":false},"author":82,"featured_media":9105,"comment_status":"open","ping_status":"closed","sticky":false,"template":"","format":"standard","meta":{"footnotes":""},"categories":[11,2,10],"tags":[56,63,29],"class_list":["post-9106","post","type-post","status-publish","format-standard","has-post-thumbnail","hentry","category-homepage-french","category-politique","category-toutes-les-actualites","tag-africa-press","tag-africa-press-cote-divoire","tag-cote-divoire"],"yoast_head":"<!-- This site is optimized with the Yoast SEO Premium plugin v26.1 (Yoast SEO v27.0) - https:\/\/yoast.com\/product\/yoast-seo-premium-wordpress\/ -->\n<title>La prison \u00e0 vie pour Soro en C\u00f4te-d\u2019Ivoire ? - C\u00f4te d&#039;Ivoire<\/title>\n<meta name=\"description\" content=\"Djamal AKINBOLA Le Procureur de la R\u00e9publique, Richard Adou a requis mercredi, la prison \u00e0 vie contre l\u2019ex-pr\u00e9sident de ...\" \/>\n<meta name=\"robots\" content=\"index, follow, max-snippet:-1, max-image-preview:large, max-video-preview:-1\" \/>\n<link rel=\"canonical\" href=\"https:\/\/www.africa-press.net\/cotedivoire\/politique\/la-prison-a-vie-pour-soro-en-cote-divoire\" \/>\n<meta property=\"og:locale\" content=\"fr_FR\" \/>\n<meta property=\"og:type\" content=\"article\" \/>\n<meta property=\"og:title\" content=\"La prison \u00e0 vie pour Soro en C\u00f4te-d\u2019Ivoire ?\" \/>\n<meta property=\"og:description\" content=\"Djamal AKINBOLA Le Procureur de la R\u00e9publique, Richard Adou a requis mercredi, la prison \u00e0 vie contre l\u2019ex-pr\u00e9sident de ...\" \/>\n<meta property=\"og:url\" content=\"https:\/\/www.africa-press.net\/cotedivoire\/politique\/la-prison-a-vie-pour-soro-en-cote-divoire\" \/>\n<meta property=\"og:site_name\" content=\"C\u00f4te d&#039;Ivoire\" \/>\n<meta property=\"article:published_time\" content=\"2021-06-17T14:25:09+00:00\" \/>\n<meta property=\"article:modified_time\" content=\"2021-06-17T19:13:48+00:00\" \/>\n<meta property=\"og:image\" content=\"https:\/\/static.africa-press.net\/cote\/sites\/43\/2021\/06\/img-60cb56fccafbf.jpg\" \/>\n\t<meta property=\"og:image:width\" content=\"1600\" \/>\n\t<meta property=\"og:image:height\" content=\"1066\" \/>\n\t<meta property=\"og:image:type\" content=\"image\/jpeg\" \/>\n<meta name=\"author\" content=\"cfeditorfr\" \/>\n<meta name=\"twitter:card\" content=\"summary_large_image\" \/>\n<meta name=\"twitter:label1\" content=\"\u00c9crit par\" \/>\n\t<meta name=\"twitter:data1\" content=\"cfeditorfr\" \/>\n\t<meta name=\"twitter:label2\" content=\"Dur\u00e9e de lecture estim\u00e9e\" \/>\n\t<meta name=\"twitter:data2\" content=\"2 minutes\" \/>\n<script type=\"application\/ld+json\" class=\"yoast-schema-graph\">{\"@context\":\"https:\/\/schema.org\",\"@graph\":[{\"@type\":\"Article\",\"@id\":\"https:\/\/www.africa-press.net\/cotedivoire\/politique\/la-prison-a-vie-pour-soro-en-cote-divoire#article\",\"isPartOf\":{\"@id\":\"https:\/\/www.africa-press.net\/cotedivoire\/politique\/la-prison-a-vie-pour-soro-en-cote-divoire\"},\"author\":{\"name\":\"cfeditorfr\",\"@id\":\"https:\/\/www.africa-press.net\/cotedivoire\/#\/schema\/person\/2b1cf3cd81a31e3cd26889ca66d677f1\"},\"headline\":\"La prison \u00e0 vie pour Soro en C\u00f4te-d\u2019Ivoire ?\",\"datePublished\":\"2021-06-17T14:25:09+00:00\",\"dateModified\":\"2021-06-17T19:13:48+00:00\",\"mainEntityOfPage\":{\"@id\":\"https:\/\/www.africa-press.net\/cotedivoire\/politique\/la-prison-a-vie-pour-soro-en-cote-divoire\"},\"wordCount\":486,\"commentCount\":0,\"image\":{\"@id\":\"https:\/\/www.africa-press.net\/cotedivoire\/politique\/la-prison-a-vie-pour-soro-en-cote-divoire#primaryimage\"},\"thumbnailUrl\":\"https:\/\/static.africa-press.net\/cote\/sites\/43\/2021\/06\/img-60cb56fccafbf.jpg\",\"keywords\":[\"Africa Press\",\"Africa Press-C\u00f4te d'Ivoire\",\"C\u00d4TE D'IVOIRE\"],\"articleSection\":[\"homepage-french\",\"Politique\",\"Toutes les actualit\u00e9s\"],\"inLanguage\":\"fr-FR\",\"potentialAction\":[{\"@type\":\"CommentAction\",\"name\":\"Comment\",\"target\":[\"https:\/\/www.africa-press.net\/cotedivoire\/politique\/la-prison-a-vie-pour-soro-en-cote-divoire#respond\"]}]},{\"@type\":\"WebPage\",\"@id\":\"https:\/\/www.africa-press.net\/cotedivoire\/politique\/la-prison-a-vie-pour-soro-en-cote-divoire\",\"url\":\"https:\/\/www.africa-press.net\/cotedivoire\/politique\/la-prison-a-vie-pour-soro-en-cote-divoire\",\"name\":\"La prison \u00e0 vie pour Soro en C\u00f4te-d\u2019Ivoire ? - C\u00f4te d&#039;Ivoire\",\"isPartOf\":{\"@id\":\"https:\/\/www.africa-press.net\/cotedivoire\/#website\"},\"primaryImageOfPage\":{\"@id\":\"https:\/\/www.africa-press.net\/cotedivoire\/politique\/la-prison-a-vie-pour-soro-en-cote-divoire#primaryimage\"},\"image\":{\"@id\":\"https:\/\/www.africa-press.net\/cotedivoire\/politique\/la-prison-a-vie-pour-soro-en-cote-divoire#primaryimage\"},\"thumbnailUrl\":\"https:\/\/static.africa-press.net\/cote\/sites\/43\/2021\/06\/img-60cb56fccafbf.jpg\",\"datePublished\":\"2021-06-17T14:25:09+00:00\",\"dateModified\":\"2021-06-17T19:13:48+00:00\",\"author\":{\"@id\":\"https:\/\/www.africa-press.net\/cotedivoire\/#\/schema\/person\/2b1cf3cd81a31e3cd26889ca66d677f1\"},\"description\":\"Djamal AKINBOLA Le Procureur de la R\u00e9publique, Richard Adou a requis mercredi, la prison \u00e0 vie contre l\u2019ex-pr\u00e9sident de ...\",\"breadcrumb\":{\"@id\":\"https:\/\/www.africa-press.net\/cotedivoire\/politique\/la-prison-a-vie-pour-soro-en-cote-divoire#breadcrumb\"},\"inLanguage\":\"fr-FR\",\"potentialAction\":[{\"@type\":\"ReadAction\",\"target\":[\"https:\/\/www.africa-press.net\/cotedivoire\/politique\/la-prison-a-vie-pour-soro-en-cote-divoire\"]}]},{\"@type\":\"ImageObject\",\"inLanguage\":\"fr-FR\",\"@id\":\"https:\/\/www.africa-press.net\/cotedivoire\/politique\/la-prison-a-vie-pour-soro-en-cote-divoire#primaryimage\",\"url\":\"https:\/\/static.africa-press.net\/cote\/sites\/43\/2021\/06\/img-60cb56fccafbf.jpg\",\"contentUrl\":\"https:\/\/static.africa-press.net\/cote\/sites\/43\/2021\/06\/img-60cb56fccafbf.jpg\",\"width\":1600,\"height\":1066,\"caption\":\"La prison \u00e0 vie pour Soro en C\u00f4te-d\u2019Ivoire ?\"},{\"@type\":\"BreadcrumbList\",\"@id\":\"https:\/\/www.africa-press.net\/cotedivoire\/politique\/la-prison-a-vie-pour-soro-en-cote-divoire#breadcrumb\",\"itemListElement\":[{\"@type\":\"ListItem\",\"position\":1,\"name\":\"Accueil\",\"item\":\"https:\/\/www.africa-press.net\/cotedivoire\/\"},{\"@type\":\"ListItem\",\"position\":2,\"name\":\"La prison \u00e0 vie pour Soro en C\u00f4te-d\u2019Ivoire ?\"}]},{\"@type\":\"WebSite\",\"@id\":\"https:\/\/www.africa-press.net\/cotedivoire\/#website\",\"url\":\"https:\/\/www.africa-press.net\/cotedivoire\/\",\"name\":\"C\u00f4te d&#039;Ivoire\",\"description\":\"Just another Africa News Agency Sites site\",\"potentialAction\":[{\"@type\":\"SearchAction\",\"target\":{\"@type\":\"EntryPoint\",\"urlTemplate\":\"https:\/\/www.africa-press.net\/cotedivoire\/?s={search_term_string}\"},\"query-input\":{\"@type\":\"PropertyValueSpecification\",\"valueRequired\":true,\"valueName\":\"search_term_string\"}}],\"inLanguage\":\"fr-FR\"},{\"@type\":\"Person\",\"@id\":\"https:\/\/www.africa-press.net\/cotedivoire\/#\/schema\/person\/2b1cf3cd81a31e3cd26889ca66d677f1\",\"name\":\"cfeditorfr\"}]}<\/script>\n<!-- \/ Yoast SEO Premium plugin. -->","yoast_head_json":{"title":"La prison \u00e0 vie pour Soro en C\u00f4te-d\u2019Ivoire ? - C\u00f4te d&#039;Ivoire","description":"Djamal AKINBOLA Le Procureur de la R\u00e9publique, Richard Adou a requis mercredi, la prison \u00e0 vie contre l\u2019ex-pr\u00e9sident de ...","robots":{"index":"index","follow":"follow","max-snippet":"max-snippet:-1","max-image-preview":"max-image-preview:large","max-video-preview":"max-video-preview:-1"},"canonical":"https:\/\/www.africa-press.net\/cotedivoire\/politique\/la-prison-a-vie-pour-soro-en-cote-divoire","og_locale":"fr_FR","og_type":"article","og_title":"La prison \u00e0 vie pour Soro en C\u00f4te-d\u2019Ivoire ?","og_description":"Djamal AKINBOLA Le Procureur de la R\u00e9publique, Richard Adou a requis mercredi, la prison \u00e0 vie contre l\u2019ex-pr\u00e9sident de ...","og_url":"https:\/\/www.africa-press.net\/cotedivoire\/politique\/la-prison-a-vie-pour-soro-en-cote-divoire","og_site_name":"C\u00f4te d&#039;Ivoire","article_published_time":"2021-06-17T14:25:09+00:00","article_modified_time":"2021-06-17T19:13:48+00:00","og_image":[{"width":1600,"height":1066,"url":"https:\/\/static.africa-press.net\/cote\/sites\/43\/2021\/06\/img-60cb56fccafbf.jpg","type":"image\/jpeg"}],"author":"cfeditorfr","twitter_card":"summary_large_image","twitter_misc":{"\u00c9crit par":"cfeditorfr","Dur\u00e9e de lecture estim\u00e9e":"2 minutes"},"schema":{"@context":"https:\/\/schema.org","@graph":[{"@type":"Article","@id":"https:\/\/www.africa-press.net\/cotedivoire\/politique\/la-prison-a-vie-pour-soro-en-cote-divoire#article","isPartOf":{"@id":"https:\/\/www.africa-press.net\/cotedivoire\/politique\/la-prison-a-vie-pour-soro-en-cote-divoire"},"author":{"name":"cfeditorfr","@id":"https:\/\/www.africa-press.net\/cotedivoire\/#\/schema\/person\/2b1cf3cd81a31e3cd26889ca66d677f1"},"headline":"La prison \u00e0 vie pour Soro en C\u00f4te-d\u2019Ivoire ?","datePublished":"2021-06-17T14:25:09+00:00","dateModified":"2021-06-17T19:13:48+00:00","mainEntityOfPage":{"@id":"https:\/\/www.africa-press.net\/cotedivoire\/politique\/la-prison-a-vie-pour-soro-en-cote-divoire"},"wordCount":486,"commentCount":0,"image":{"@id":"https:\/\/www.africa-press.net\/cotedivoire\/politique\/la-prison-a-vie-pour-soro-en-cote-divoire#primaryimage"},"thumbnailUrl":"https:\/\/static.africa-press.net\/cote\/sites\/43\/2021\/06\/img-60cb56fccafbf.jpg","keywords":["Africa Press","Africa Press-C\u00f4te d'Ivoire","C\u00d4TE D'IVOIRE"],"articleSection":["homepage-french","Politique","Toutes les actualit\u00e9s"],"inLanguage":"fr-FR","potentialAction":[{"@type":"CommentAction","name":"Comment","target":["https:\/\/www.africa-press.net\/cotedivoire\/politique\/la-prison-a-vie-pour-soro-en-cote-divoire#respond"]}]},{"@type":"WebPage","@id":"https:\/\/www.africa-press.net\/cotedivoire\/politique\/la-prison-a-vie-pour-soro-en-cote-divoire","url":"https:\/\/www.africa-press.net\/cotedivoire\/politique\/la-prison-a-vie-pour-soro-en-cote-divoire","name":"La prison \u00e0 vie pour Soro en C\u00f4te-d\u2019Ivoire ? - C\u00f4te d&#039;Ivoire","isPartOf":{"@id":"https:\/\/www.africa-press.net\/cotedivoire\/#website"},"primaryImageOfPage":{"@id":"https:\/\/www.africa-press.net\/cotedivoire\/politique\/la-prison-a-vie-pour-soro-en-cote-divoire#primaryimage"},"image":{"@id":"https:\/\/www.africa-press.net\/cotedivoire\/politique\/la-prison-a-vie-pour-soro-en-cote-divoire#primaryimage"},"thumbnailUrl":"https:\/\/static.africa-press.net\/cote\/sites\/43\/2021\/06\/img-60cb56fccafbf.jpg","datePublished":"2021-06-17T14:25:09+00:00","dateModified":"2021-06-17T19:13:48+00:00","author":{"@id":"https:\/\/www.africa-press.net\/cotedivoire\/#\/schema\/person\/2b1cf3cd81a31e3cd26889ca66d677f1"},"description":"Djamal AKINBOLA Le Procureur de la R\u00e9publique, Richard Adou a requis mercredi, la prison \u00e0 vie contre l\u2019ex-pr\u00e9sident de ...","breadcrumb":{"@id":"https:\/\/www.africa-press.net\/cotedivoire\/politique\/la-prison-a-vie-pour-soro-en-cote-divoire#breadcrumb"},"inLanguage":"fr-FR","potentialAction":[{"@type":"ReadAction","target":["https:\/\/www.africa-press.net\/cotedivoire\/politique\/la-prison-a-vie-pour-soro-en-cote-divoire"]}]},{"@type":"ImageObject","inLanguage":"fr-FR","@id":"https:\/\/www.africa-press.net\/cotedivoire\/politique\/la-prison-a-vie-pour-soro-en-cote-divoire#primaryimage","url":"https:\/\/static.africa-press.net\/cote\/sites\/43\/2021\/06\/img-60cb56fccafbf.jpg","contentUrl":"https:\/\/static.africa-press.net\/cote\/sites\/43\/2021\/06\/img-60cb56fccafbf.jpg","width":1600,"height":1066,"caption":"La prison \u00e0 vie pour Soro en C\u00f4te-d\u2019Ivoire ?"},{"@type":"BreadcrumbList","@id":"https:\/\/www.africa-press.net\/cotedivoire\/politique\/la-prison-a-vie-pour-soro-en-cote-divoire#breadcrumb","itemListElement":[{"@type":"ListItem","position":1,"name":"Accueil","item":"https:\/\/www.africa-press.net\/cotedivoire\/"},{"@type":"ListItem","position":2,"name":"La prison \u00e0 vie pour Soro en C\u00f4te-d\u2019Ivoire ?"}]},{"@type":"WebSite","@id":"https:\/\/www.africa-press.net\/cotedivoire\/#website","url":"https:\/\/www.africa-press.net\/cotedivoire\/","name":"C\u00f4te d&#039;Ivoire","description":"Just another Africa News Agency Sites site","potentialAction":[{"@type":"SearchAction","target":{"@type":"EntryPoint","urlTemplate":"https:\/\/www.africa-press.net\/cotedivoire\/?s={search_term_string}"},"query-input":{"@type":"PropertyValueSpecification","valueRequired":true,"valueName":"search_term_string"}}],"inLanguage":"fr-FR"},{"@type":"Person","@id":"https:\/\/www.africa-press.net\/cotedivoire\/#\/schema\/person\/2b1cf3cd81a31e3cd26889ca66d677f1","name":"cfeditorfr"}]}},"_links":{"self":[{"href":"https:\/\/www.africa-press.net\/cotedivoire\/wp-json\/wp\/v2\/posts\/9106","targetHints":{"allow":["GET"]}}],"collection":[{"href":"https:\/\/www.africa-press.net\/cotedivoire\/wp-json\/wp\/v2\/posts"}],"about":[{"href":"https:\/\/www.africa-press.net\/cotedivoire\/wp-json\/wp\/v2\/types\/post"}],"author":[{"embeddable":true,"href":"https:\/\/www.africa-press.net\/cotedivoire\/wp-json\/wp\/v2\/users\/82"}],"replies":[{"embeddable":true,"href":"https:\/\/www.africa-press.net\/cotedivoire\/wp-json\/wp\/v2\/comments?post=9106"}],"version-history":[{"count":0,"href":"https:\/\/www.africa-press.net\/cotedivoire\/wp-json\/wp\/v2\/posts\/9106\/revisions"}],"wp:featuredmedia":[{"embeddable":true,"href":"https:\/\/www.africa-press.net\/cotedivoire\/wp-json\/wp\/v2\/media\/9105"}],"wp:attachment":[{"href":"https:\/\/www.africa-press.net\/cotedivoire\/wp-json\/wp\/v2\/media?parent=9106"}],"wp:term":[{"taxonomy":"category","embeddable":true,"href":"https:\/\/www.africa-press.net\/cotedivoire\/wp-json\/wp\/v2\/categories?post=9106"},{"taxonomy":"post_tag","embeddable":true,"href":"https:\/\/www.africa-press.net\/cotedivoire\/wp-json\/wp\/v2\/tags?post=9106"}],"curies":[{"name":"wp","href":"https:\/\/api.w.org\/{rel}","templated":true}]}}