{"id":9109,"date":"2021-06-17T14:32:55","date_gmt":"2021-06-17T14:32:55","guid":{"rendered":"https:\/\/www.africa-press.net\/cotedivoire\/?p=9109"},"modified":"2021-06-17T19:13:59","modified_gmt":"2021-06-17T19:13:59","slug":"en-cote-divoire-partisans-et-adversaires-de-gbagbo-sappretent-a-vivre-le-jour-le-plus-long","status":"publish","type":"post","link":"https:\/\/www.africa-press.net\/cotedivoire\/politique\/en-cote-divoire-partisans-et-adversaires-de-gbagbo-sappretent-a-vivre-le-jour-le-plus-long","title":{"rendered":"Partisans et adversaires de Gbagbo s\u2019appr\u00eatent \u00e0 vivre \u00able jour le plus long\u00bb"},"content":{"rendered":"<p><span style=\"color: #ff6600\"><strong><a href=\"https:\/\/www.africa-press.net\/\">Africa-Press<\/a> &#8211; <a href=\"https:\/\/www.africa-press.net\/cotedivoire\">C\u00f4te d&rsquo;Ivoire<\/a>. <\/strong><\/span>Apr\u00e8s dix longues ann\u00e9es d\u2019absence pour cause de proc\u00e8s \u00e0 La Haye, Laurent Gbagbo va rentrer en C\u00f4te d\u2019Ivoire. Ce qui apparaissait comme une vue de l\u2019esprit dans le contexte de 2011 au moment de son transf\u00e8rement, (d\u00e9portation pour ses partisans) \u00e0 la Cpi, devient une r\u00e9alit\u00e9 fort surprenante.<\/p>\n<p>Certains croyaient Laurent Gbagbo banni \u00e0 jamais des terres \u00e9burn\u00e9ennes. Il aura pass\u00e9 par l\u2019\u00e9preuve de force et par l\u2019\u00e9preuve de la justice p\u00e9nale. Laurent Gbagbo a finalement triomph\u00e9. Et ce que, sans rel\u00e2che, ses partisans ont clam\u00e9 \u00bbil nous faut Gbagbo \u00bb, \u00bbsans Gbagbo pas de r\u00e9conciliation \u00bb, se r\u00e9alise. Voici leur Gbagbo. Qui l\u2019eut cru ?<\/p>\n<p>Cette nuit du 16 au 17 juin sera donc longue et va c\u00e9der la place au jour le plus long du jeudi 17 juin 2021. Jour qui sera grav\u00e9 dans les annales du Fpi mais surtout dans l\u2019histoire de la C\u00f4te d\u2019Ivoire. Il sera dit que ce jour-l\u00e0, Laurent Gbagbo avait regagn\u00e9 son pays apr\u00e8s qu\u2019il eut gagn\u00e9 sa bataille judiciaire contre la Cour p\u00e9nale internationale qui l\u2019a lav\u00e9 de toute souillure face aux lourdes charges qui pesaient sur ses \u00e9paules.<\/p>\n<p>A Abidjan, apr\u00e8s plusieurs supputations sur le format de l\u2019accueil, populaire ou sans bruit, les pro-Gbagbo peuvent se permettre de r\u00eaver et de r\u00e9server l\u2019accueil qu\u2019ils souhaitent \u00e0 leur champion. L\u2019un apr\u00e8s l\u2019autre, le gouvernement d\u2019Alassane Ouattara semble lever tous les verrous qui crispaient un peu cet accueil. Comme par enchantement, le salon Vip du pavillon pr\u00e9sidentiel est c\u00e9d\u00e9, des tentes vont \u00eatre dress\u00e9es sur l\u2019esplanade de ce pavillon pour recevoir des d\u00e9l\u00e9gations de chefs coutumiers et de personnalit\u00e9s. Des membres du gouvernement et Henri Konan B\u00e9di\u00e9 sont annonc\u00e9s. Un plan de s\u00e9curisation \u00e9chafaud\u00e9 par les hauts s\u00e9curocrates de l\u2019Etat en liaison avec les proches de Gbagbo. Un itin\u00e9raire est officiellement d\u00e9fini et aucun obstacle ne devrait \u00eatre dress\u00e9 sur le chemin qui doit amener l\u2019ancien pr\u00e9sident jusqu\u2019au quartier Attoban dans la commune de Cocody, l\u00e0 o\u00f9 il avait lanc\u00e9 en octobre 2010, sa campagne pr\u00e9sidentielle. Une r\u00e9sidence de Nadiani Bamba, la rivale de Simone Gbagbo.<\/p>\n<p>Tout cela n\u2019est que pr\u00e9vision. Les abidjanais et les Ivoiriens de tout bord semblent vivre un r\u00eave. Ils veulent voir comment tout cela va se passer au cours de cette journ\u00e9e fatidique. Comment l\u2019avion de Brussels Airlines va se poser sur le tarmac. Comment les porti\u00e8res vont s\u2019ouvrir et quel va \u00eatre le premier geste de Laurent Gbagbo d\u00e8s qu\u2019il mettra le nez dehors ? Il y a dix ans que sa voix volubile a manqu\u00e9 aux Ivoiriens, dix ans qu\u2019ils ne l\u2019ont pas entendu car Gbagbo a observ\u00e9 un mutisme inhabituel. L\u2019homme \u00e9tait pourtant prolixe et soulevait des foules.<\/p>\n<p>Les Ivoiriens voudraient voir comment va \u00eatre vaincu le p\u00e9ril s\u00e9curitaire que certains font planer encore sur l\u2019arriv\u00e9e de Gbagbo en d\u00e9pit des bonnes intentions du gouvernement et du pr\u00e9sident Ouattara en particulier. C\u2019est l\u00e0, l\u2019une des curiosit\u00e9s de cet \u00e9v\u00e9nement. Les anti-retours du Rhdp qui ont encore donn\u00e9 de la voix ce mercredi en poussant leur d\u00e9termination jusqu\u2019aux abords de la r\u00e9sidence des Gbagbo sise \u00e0 la Riviera Golf, seront-ils habit\u00e9s par la sagesse ou mettront-ils leur menace \u00e0 ex\u00e9cution ? Comment cela va se passer et quelle r\u00e9action auront-ils en face ? Bien malin qui r\u00e9pondra \u00e0 ces questions tant la rumeur d\u2019un sabotage de l\u2019\u00e9v\u00e9nement court, confort\u00e9 par un r\u00e9cit sur les r\u00e9seaux sociaux qui met en lumi\u00e8re des plans concoct\u00e9s dans l\u2019ombre pour contraindre Gbagbo \u00e0 retourner devant les juridictions ivoiriennes. Pour les pro-Gbagbo cela rel\u00e8ve du mirage et ils sont tout aussi pr\u00eats et d\u00e9termin\u00e9s \u00e0 opposer la r\u00e9sistance si ceci devait s\u2019imposer \u00e0 eux.<\/p>\n<p>Ce jeudi est donc attendu. Un jeudi de tous les dangers mais \u00e9galement un jeudi de tous les espoirs pour les Gors et les d\u00e9mocrates de tout bord, les farouches afficionados de l\u2019ancien pr\u00e9sident qui, selon le programme dira ses premiers mots \u00e0 partir du Qg de campagne d\u2019Attoban au cours d\u2019une conf\u00e9rence sur la r\u00e9conciliation.<\/p>\n<p>&nbsp;<\/p>\n","protected":false},"excerpt":{"rendered":"<p>Africa-Press &#8211; C\u00f4te d&rsquo;Ivoire. Apr\u00e8s dix longues ann\u00e9es d\u2019absence pour cause de proc\u00e8s \u00e0 La Haye, Laurent Gbagbo va rentrer en C\u00f4te d\u2019Ivoire. Ce qui apparaissait comme une vue de l\u2019esprit dans le contexte de 2011 au moment de son transf\u00e8rement, (d\u00e9portation pour ses partisans) \u00e0 la Cpi, devient une r\u00e9alit\u00e9 fort surprenante. Certains croyaient [&hellip;]<\/p>\n","protected":false},"author":82,"featured_media":9108,"comment_status":"open","ping_status":"closed","sticky":false,"template":"","format":"standard","meta":{"footnotes":""},"categories":[11,2,20,10],"tags":[56,63,29],"class_list":["post-9109","post","type-post","status-publish","format-standard","has-post-thumbnail","hentry","category-homepage-french","category-politique","category-top-nouvelles","category-toutes-les-actualites","tag-africa-press","tag-africa-press-cote-divoire","tag-cote-divoire"],"yoast_head":"<!-- This site is optimized with the Yoast SEO Premium plugin v26.1 (Yoast SEO v27.0) - https:\/\/yoast.com\/product\/yoast-seo-premium-wordpress\/ -->\n<title>Partisans et adversaires de Gbagbo s\u2019appr\u00eatent \u00e0 vivre \u00able jour le plus long\u00bb - C\u00f4te d&#039;Ivoire<\/title>\n<meta name=\"description\" content=\"Apr\u00e8s dix longues ann\u00e9es d\u2019absence pour cause de proc\u00e8s \u00e0 La Haye, Laurent Gbagbo va rentrer en C\u00f4te d\u2019Ivoire. Ce qui ap ...\" \/>\n<meta name=\"robots\" content=\"index, follow, max-snippet:-1, max-image-preview:large, max-video-preview:-1\" \/>\n<link rel=\"canonical\" href=\"https:\/\/www.africa-press.net\/cotedivoire\/politique\/en-cote-divoire-partisans-et-adversaires-de-gbagbo-sappretent-a-vivre-le-jour-le-plus-long\" \/>\n<meta property=\"og:locale\" content=\"fr_FR\" \/>\n<meta property=\"og:type\" content=\"article\" \/>\n<meta property=\"og:title\" content=\"Partisans et adversaires de Gbagbo s\u2019appr\u00eatent \u00e0 vivre \u00able jour le plus long\u00bb\" \/>\n<meta property=\"og:description\" content=\"Apr\u00e8s dix longues ann\u00e9es d\u2019absence pour cause de proc\u00e8s \u00e0 La Haye, Laurent Gbagbo va rentrer en C\u00f4te d\u2019Ivoire. Ce qui ap ...\" \/>\n<meta property=\"og:url\" content=\"https:\/\/www.africa-press.net\/cotedivoire\/politique\/en-cote-divoire-partisans-et-adversaires-de-gbagbo-sappretent-a-vivre-le-jour-le-plus-long\" \/>\n<meta property=\"og:site_name\" content=\"C\u00f4te d&#039;Ivoire\" \/>\n<meta property=\"article:published_time\" content=\"2021-06-17T14:32:55+00:00\" \/>\n<meta property=\"article:modified_time\" content=\"2021-06-17T19:13:59+00:00\" \/>\n<meta property=\"og:image\" content=\"https:\/\/static.africa-press.net\/cote\/sites\/43\/2021\/06\/img-60cb572da8f47.jpg\" \/>\n\t<meta property=\"og:image:width\" content=\"720\" \/>\n\t<meta property=\"og:image:height\" content=\"480\" \/>\n\t<meta property=\"og:image:type\" content=\"image\/jpeg\" \/>\n<meta name=\"author\" content=\"cfeditorfr\" \/>\n<meta name=\"twitter:card\" content=\"summary_large_image\" \/>\n<meta name=\"twitter:label1\" content=\"\u00c9crit par\" \/>\n\t<meta name=\"twitter:data1\" content=\"cfeditorfr\" \/>\n\t<meta name=\"twitter:label2\" content=\"Dur\u00e9e de lecture estim\u00e9e\" \/>\n\t<meta name=\"twitter:data2\" content=\"4 minutes\" \/>\n<script type=\"application\/ld+json\" class=\"yoast-schema-graph\">{\"@context\":\"https:\/\/schema.org\",\"@graph\":[{\"@type\":\"Article\",\"@id\":\"https:\/\/www.africa-press.net\/cotedivoire\/politique\/en-cote-divoire-partisans-et-adversaires-de-gbagbo-sappretent-a-vivre-le-jour-le-plus-long#article\",\"isPartOf\":{\"@id\":\"https:\/\/www.africa-press.net\/cotedivoire\/politique\/en-cote-divoire-partisans-et-adversaires-de-gbagbo-sappretent-a-vivre-le-jour-le-plus-long\"},\"author\":{\"name\":\"cfeditorfr\",\"@id\":\"https:\/\/www.africa-press.net\/cotedivoire\/#\/schema\/person\/2b1cf3cd81a31e3cd26889ca66d677f1\"},\"headline\":\"Partisans et adversaires de Gbagbo s\u2019appr\u00eatent \u00e0 vivre \u00able jour le plus long\u00bb\",\"datePublished\":\"2021-06-17T14:32:55+00:00\",\"dateModified\":\"2021-06-17T19:13:59+00:00\",\"mainEntityOfPage\":{\"@id\":\"https:\/\/www.africa-press.net\/cotedivoire\/politique\/en-cote-divoire-partisans-et-adversaires-de-gbagbo-sappretent-a-vivre-le-jour-le-plus-long\"},\"wordCount\":763,\"commentCount\":0,\"image\":{\"@id\":\"https:\/\/www.africa-press.net\/cotedivoire\/politique\/en-cote-divoire-partisans-et-adversaires-de-gbagbo-sappretent-a-vivre-le-jour-le-plus-long#primaryimage\"},\"thumbnailUrl\":\"https:\/\/static.africa-press.net\/cote\/sites\/43\/2021\/06\/img-60cb572da8f47.jpg\",\"keywords\":[\"Africa Press\",\"Africa Press-C\u00f4te d'Ivoire\",\"C\u00d4TE D'IVOIRE\"],\"articleSection\":[\"homepage-french\",\"Politique\",\"Top Nouvelles\",\"Toutes les actualit\u00e9s\"],\"inLanguage\":\"fr-FR\",\"potentialAction\":[{\"@type\":\"CommentAction\",\"name\":\"Comment\",\"target\":[\"https:\/\/www.africa-press.net\/cotedivoire\/politique\/en-cote-divoire-partisans-et-adversaires-de-gbagbo-sappretent-a-vivre-le-jour-le-plus-long#respond\"]}]},{\"@type\":\"WebPage\",\"@id\":\"https:\/\/www.africa-press.net\/cotedivoire\/politique\/en-cote-divoire-partisans-et-adversaires-de-gbagbo-sappretent-a-vivre-le-jour-le-plus-long\",\"url\":\"https:\/\/www.africa-press.net\/cotedivoire\/politique\/en-cote-divoire-partisans-et-adversaires-de-gbagbo-sappretent-a-vivre-le-jour-le-plus-long\",\"name\":\"Partisans et adversaires de Gbagbo s\u2019appr\u00eatent \u00e0 vivre \u00able jour le plus long\u00bb - C\u00f4te d&#039;Ivoire\",\"isPartOf\":{\"@id\":\"https:\/\/www.africa-press.net\/cotedivoire\/#website\"},\"primaryImageOfPage\":{\"@id\":\"https:\/\/www.africa-press.net\/cotedivoire\/politique\/en-cote-divoire-partisans-et-adversaires-de-gbagbo-sappretent-a-vivre-le-jour-le-plus-long#primaryimage\"},\"image\":{\"@id\":\"https:\/\/www.africa-press.net\/cotedivoire\/politique\/en-cote-divoire-partisans-et-adversaires-de-gbagbo-sappretent-a-vivre-le-jour-le-plus-long#primaryimage\"},\"thumbnailUrl\":\"https:\/\/static.africa-press.net\/cote\/sites\/43\/2021\/06\/img-60cb572da8f47.jpg\",\"datePublished\":\"2021-06-17T14:32:55+00:00\",\"dateModified\":\"2021-06-17T19:13:59+00:00\",\"author\":{\"@id\":\"https:\/\/www.africa-press.net\/cotedivoire\/#\/schema\/person\/2b1cf3cd81a31e3cd26889ca66d677f1\"},\"description\":\"Apr\u00e8s dix longues ann\u00e9es d\u2019absence pour cause de proc\u00e8s \u00e0 La Haye, Laurent Gbagbo va rentrer en C\u00f4te d\u2019Ivoire. Ce qui ap ...\",\"breadcrumb\":{\"@id\":\"https:\/\/www.africa-press.net\/cotedivoire\/politique\/en-cote-divoire-partisans-et-adversaires-de-gbagbo-sappretent-a-vivre-le-jour-le-plus-long#breadcrumb\"},\"inLanguage\":\"fr-FR\",\"potentialAction\":[{\"@type\":\"ReadAction\",\"target\":[\"https:\/\/www.africa-press.net\/cotedivoire\/politique\/en-cote-divoire-partisans-et-adversaires-de-gbagbo-sappretent-a-vivre-le-jour-le-plus-long\"]}]},{\"@type\":\"ImageObject\",\"inLanguage\":\"fr-FR\",\"@id\":\"https:\/\/www.africa-press.net\/cotedivoire\/politique\/en-cote-divoire-partisans-et-adversaires-de-gbagbo-sappretent-a-vivre-le-jour-le-plus-long#primaryimage\",\"url\":\"https:\/\/static.africa-press.net\/cote\/sites\/43\/2021\/06\/img-60cb572da8f47.jpg\",\"contentUrl\":\"https:\/\/static.africa-press.net\/cote\/sites\/43\/2021\/06\/img-60cb572da8f47.jpg\",\"width\":720,\"height\":480,\"caption\":\"En C\u00f4te-d\u2019Ivoire: Partisans et adversaires de Gbagbo s\u2019appr\u00eatent \u00e0 vivre \u00able jour le plus long\u00bb\"},{\"@type\":\"BreadcrumbList\",\"@id\":\"https:\/\/www.africa-press.net\/cotedivoire\/politique\/en-cote-divoire-partisans-et-adversaires-de-gbagbo-sappretent-a-vivre-le-jour-le-plus-long#breadcrumb\",\"itemListElement\":[{\"@type\":\"ListItem\",\"position\":1,\"name\":\"Accueil\",\"item\":\"https:\/\/www.africa-press.net\/cotedivoire\/\"},{\"@type\":\"ListItem\",\"position\":2,\"name\":\"Partisans et adversaires de Gbagbo s\u2019appr\u00eatent \u00e0 vivre \u00able jour le plus long\u00bb\"}]},{\"@type\":\"WebSite\",\"@id\":\"https:\/\/www.africa-press.net\/cotedivoire\/#website\",\"url\":\"https:\/\/www.africa-press.net\/cotedivoire\/\",\"name\":\"C\u00f4te d&#039;Ivoire\",\"description\":\"Just another Africa News Agency Sites site\",\"potentialAction\":[{\"@type\":\"SearchAction\",\"target\":{\"@type\":\"EntryPoint\",\"urlTemplate\":\"https:\/\/www.africa-press.net\/cotedivoire\/?s={search_term_string}\"},\"query-input\":{\"@type\":\"PropertyValueSpecification\",\"valueRequired\":true,\"valueName\":\"search_term_string\"}}],\"inLanguage\":\"fr-FR\"},{\"@type\":\"Person\",\"@id\":\"https:\/\/www.africa-press.net\/cotedivoire\/#\/schema\/person\/2b1cf3cd81a31e3cd26889ca66d677f1\",\"name\":\"cfeditorfr\"}]}<\/script>\n<!-- \/ Yoast SEO Premium plugin. -->","yoast_head_json":{"title":"Partisans et adversaires de Gbagbo s\u2019appr\u00eatent \u00e0 vivre \u00able jour le plus long\u00bb - C\u00f4te d&#039;Ivoire","description":"Apr\u00e8s dix longues ann\u00e9es d\u2019absence pour cause de proc\u00e8s \u00e0 La Haye, Laurent Gbagbo va rentrer en C\u00f4te d\u2019Ivoire. Ce qui ap ...","robots":{"index":"index","follow":"follow","max-snippet":"max-snippet:-1","max-image-preview":"max-image-preview:large","max-video-preview":"max-video-preview:-1"},"canonical":"https:\/\/www.africa-press.net\/cotedivoire\/politique\/en-cote-divoire-partisans-et-adversaires-de-gbagbo-sappretent-a-vivre-le-jour-le-plus-long","og_locale":"fr_FR","og_type":"article","og_title":"Partisans et adversaires de Gbagbo s\u2019appr\u00eatent \u00e0 vivre \u00able jour le plus long\u00bb","og_description":"Apr\u00e8s dix longues ann\u00e9es d\u2019absence pour cause de proc\u00e8s \u00e0 La Haye, Laurent Gbagbo va rentrer en C\u00f4te d\u2019Ivoire. Ce qui ap ...","og_url":"https:\/\/www.africa-press.net\/cotedivoire\/politique\/en-cote-divoire-partisans-et-adversaires-de-gbagbo-sappretent-a-vivre-le-jour-le-plus-long","og_site_name":"C\u00f4te d&#039;Ivoire","article_published_time":"2021-06-17T14:32:55+00:00","article_modified_time":"2021-06-17T19:13:59+00:00","og_image":[{"width":720,"height":480,"url":"https:\/\/static.africa-press.net\/cote\/sites\/43\/2021\/06\/img-60cb572da8f47.jpg","type":"image\/jpeg"}],"author":"cfeditorfr","twitter_card":"summary_large_image","twitter_misc":{"\u00c9crit par":"cfeditorfr","Dur\u00e9e de lecture estim\u00e9e":"4 minutes"},"schema":{"@context":"https:\/\/schema.org","@graph":[{"@type":"Article","@id":"https:\/\/www.africa-press.net\/cotedivoire\/politique\/en-cote-divoire-partisans-et-adversaires-de-gbagbo-sappretent-a-vivre-le-jour-le-plus-long#article","isPartOf":{"@id":"https:\/\/www.africa-press.net\/cotedivoire\/politique\/en-cote-divoire-partisans-et-adversaires-de-gbagbo-sappretent-a-vivre-le-jour-le-plus-long"},"author":{"name":"cfeditorfr","@id":"https:\/\/www.africa-press.net\/cotedivoire\/#\/schema\/person\/2b1cf3cd81a31e3cd26889ca66d677f1"},"headline":"Partisans et adversaires de Gbagbo s\u2019appr\u00eatent \u00e0 vivre \u00able jour le plus long\u00bb","datePublished":"2021-06-17T14:32:55+00:00","dateModified":"2021-06-17T19:13:59+00:00","mainEntityOfPage":{"@id":"https:\/\/www.africa-press.net\/cotedivoire\/politique\/en-cote-divoire-partisans-et-adversaires-de-gbagbo-sappretent-a-vivre-le-jour-le-plus-long"},"wordCount":763,"commentCount":0,"image":{"@id":"https:\/\/www.africa-press.net\/cotedivoire\/politique\/en-cote-divoire-partisans-et-adversaires-de-gbagbo-sappretent-a-vivre-le-jour-le-plus-long#primaryimage"},"thumbnailUrl":"https:\/\/static.africa-press.net\/cote\/sites\/43\/2021\/06\/img-60cb572da8f47.jpg","keywords":["Africa Press","Africa Press-C\u00f4te d'Ivoire","C\u00d4TE D'IVOIRE"],"articleSection":["homepage-french","Politique","Top Nouvelles","Toutes les actualit\u00e9s"],"inLanguage":"fr-FR","potentialAction":[{"@type":"CommentAction","name":"Comment","target":["https:\/\/www.africa-press.net\/cotedivoire\/politique\/en-cote-divoire-partisans-et-adversaires-de-gbagbo-sappretent-a-vivre-le-jour-le-plus-long#respond"]}]},{"@type":"WebPage","@id":"https:\/\/www.africa-press.net\/cotedivoire\/politique\/en-cote-divoire-partisans-et-adversaires-de-gbagbo-sappretent-a-vivre-le-jour-le-plus-long","url":"https:\/\/www.africa-press.net\/cotedivoire\/politique\/en-cote-divoire-partisans-et-adversaires-de-gbagbo-sappretent-a-vivre-le-jour-le-plus-long","name":"Partisans et adversaires de Gbagbo s\u2019appr\u00eatent \u00e0 vivre \u00able jour le plus long\u00bb - C\u00f4te d&#039;Ivoire","isPartOf":{"@id":"https:\/\/www.africa-press.net\/cotedivoire\/#website"},"primaryImageOfPage":{"@id":"https:\/\/www.africa-press.net\/cotedivoire\/politique\/en-cote-divoire-partisans-et-adversaires-de-gbagbo-sappretent-a-vivre-le-jour-le-plus-long#primaryimage"},"image":{"@id":"https:\/\/www.africa-press.net\/cotedivoire\/politique\/en-cote-divoire-partisans-et-adversaires-de-gbagbo-sappretent-a-vivre-le-jour-le-plus-long#primaryimage"},"thumbnailUrl":"https:\/\/static.africa-press.net\/cote\/sites\/43\/2021\/06\/img-60cb572da8f47.jpg","datePublished":"2021-06-17T14:32:55+00:00","dateModified":"2021-06-17T19:13:59+00:00","author":{"@id":"https:\/\/www.africa-press.net\/cotedivoire\/#\/schema\/person\/2b1cf3cd81a31e3cd26889ca66d677f1"},"description":"Apr\u00e8s dix longues ann\u00e9es d\u2019absence pour cause de proc\u00e8s \u00e0 La Haye, Laurent Gbagbo va rentrer en C\u00f4te d\u2019Ivoire. Ce qui ap ...","breadcrumb":{"@id":"https:\/\/www.africa-press.net\/cotedivoire\/politique\/en-cote-divoire-partisans-et-adversaires-de-gbagbo-sappretent-a-vivre-le-jour-le-plus-long#breadcrumb"},"inLanguage":"fr-FR","potentialAction":[{"@type":"ReadAction","target":["https:\/\/www.africa-press.net\/cotedivoire\/politique\/en-cote-divoire-partisans-et-adversaires-de-gbagbo-sappretent-a-vivre-le-jour-le-plus-long"]}]},{"@type":"ImageObject","inLanguage":"fr-FR","@id":"https:\/\/www.africa-press.net\/cotedivoire\/politique\/en-cote-divoire-partisans-et-adversaires-de-gbagbo-sappretent-a-vivre-le-jour-le-plus-long#primaryimage","url":"https:\/\/static.africa-press.net\/cote\/sites\/43\/2021\/06\/img-60cb572da8f47.jpg","contentUrl":"https:\/\/static.africa-press.net\/cote\/sites\/43\/2021\/06\/img-60cb572da8f47.jpg","width":720,"height":480,"caption":"En C\u00f4te-d\u2019Ivoire: Partisans et adversaires de Gbagbo s\u2019appr\u00eatent \u00e0 vivre \u00able jour le plus long\u00bb"},{"@type":"BreadcrumbList","@id":"https:\/\/www.africa-press.net\/cotedivoire\/politique\/en-cote-divoire-partisans-et-adversaires-de-gbagbo-sappretent-a-vivre-le-jour-le-plus-long#breadcrumb","itemListElement":[{"@type":"ListItem","position":1,"name":"Accueil","item":"https:\/\/www.africa-press.net\/cotedivoire\/"},{"@type":"ListItem","position":2,"name":"Partisans et adversaires de Gbagbo s\u2019appr\u00eatent \u00e0 vivre \u00able jour le plus long\u00bb"}]},{"@type":"WebSite","@id":"https:\/\/www.africa-press.net\/cotedivoire\/#website","url":"https:\/\/www.africa-press.net\/cotedivoire\/","name":"C\u00f4te d&#039;Ivoire","description":"Just another Africa News Agency Sites site","potentialAction":[{"@type":"SearchAction","target":{"@type":"EntryPoint","urlTemplate":"https:\/\/www.africa-press.net\/cotedivoire\/?s={search_term_string}"},"query-input":{"@type":"PropertyValueSpecification","valueRequired":true,"valueName":"search_term_string"}}],"inLanguage":"fr-FR"},{"@type":"Person","@id":"https:\/\/www.africa-press.net\/cotedivoire\/#\/schema\/person\/2b1cf3cd81a31e3cd26889ca66d677f1","name":"cfeditorfr"}]}},"_links":{"self":[{"href":"https:\/\/www.africa-press.net\/cotedivoire\/wp-json\/wp\/v2\/posts\/9109","targetHints":{"allow":["GET"]}}],"collection":[{"href":"https:\/\/www.africa-press.net\/cotedivoire\/wp-json\/wp\/v2\/posts"}],"about":[{"href":"https:\/\/www.africa-press.net\/cotedivoire\/wp-json\/wp\/v2\/types\/post"}],"author":[{"embeddable":true,"href":"https:\/\/www.africa-press.net\/cotedivoire\/wp-json\/wp\/v2\/users\/82"}],"replies":[{"embeddable":true,"href":"https:\/\/www.africa-press.net\/cotedivoire\/wp-json\/wp\/v2\/comments?post=9109"}],"version-history":[{"count":0,"href":"https:\/\/www.africa-press.net\/cotedivoire\/wp-json\/wp\/v2\/posts\/9109\/revisions"}],"wp:featuredmedia":[{"embeddable":true,"href":"https:\/\/www.africa-press.net\/cotedivoire\/wp-json\/wp\/v2\/media\/9108"}],"wp:attachment":[{"href":"https:\/\/www.africa-press.net\/cotedivoire\/wp-json\/wp\/v2\/media?parent=9109"}],"wp:term":[{"taxonomy":"category","embeddable":true,"href":"https:\/\/www.africa-press.net\/cotedivoire\/wp-json\/wp\/v2\/categories?post=9109"},{"taxonomy":"post_tag","embeddable":true,"href":"https:\/\/www.africa-press.net\/cotedivoire\/wp-json\/wp\/v2\/tags?post=9109"}],"curies":[{"name":"wp","href":"https:\/\/api.w.org\/{rel}","templated":true}]}}