{"id":9115,"date":"2021-06-17T14:49:15","date_gmt":"2021-06-17T14:49:15","guid":{"rendered":"https:\/\/www.africa-press.net\/cotedivoire\/?p=9115"},"modified":"2021-06-17T19:14:15","modified_gmt":"2021-06-17T19:14:15","slug":"cote-divoire-accuse-de-terrorisme-et-blanchiment-lamine-coulibaly-dg-de-lagence-de-gestion-fonciere-agef-ecroue-a-la-maca","status":"publish","type":"post","link":"https:\/\/www.africa-press.net\/cotedivoire\/economie\/cote-divoire-accuse-de-terrorisme-et-blanchiment-lamine-coulibaly-dg-de-lagence-de-gestion-fonciere-agef-ecroue-a-la-maca","title":{"rendered":"Accus\u00e9 de terrorisme et blanchiment, Lamine Coulibaly, Dg de l\u2019Agence de gestion fonci\u00e8re Agef \u00e9crou\u00e9 \u00e0 la Maca"},"content":{"rendered":"<p><span style=\"color: #ff6600\"><strong><a href=\"https:\/\/www.africa-press.net\/\">Africa-Press<\/a> &#8211; <a href=\"https:\/\/www.africa-press.net\/cotedivoire\">C\u00f4te d&rsquo;Ivoire<\/a>. <\/strong><\/span>Accus\u00e9 de terrorisme et de blanchiment d\u2019argent, Lamine Coulibaly, directeur de l\u2019Agence de gestion fonci\u00e8re (Agef), est \u00e9crou\u00e9 \u00e0 la Maca, depuis lundi 14 juin 2021, alors que ses proches et des collaborateurs disent qu\u2019il est une victime et non un coupable. Selon ces proches et collaborateurs, Lamine Coulibaly est un innocent qui croupit en prison , parce qu\u2019il n\u2019a \u00e9t\u00e9 \u00e9tabli aucune malversation \u00e0 son encontre, sur sa gestion, dans le cadre d\u2019un audit ou d\u2019une inspection.<\/p>\n<p>Les faits \u00e9tablissent qu\u2019une entreprise a port\u00e9 plainte pour litiges sur deux terrains pay\u00e9s \u00e0 hauteur de 950 millions Fcfa. Les ch\u00e8ques qui ont servi \u00e0 payer les terrains ont \u00e9t\u00e9 \u00e9tablis \u00e0 l\u2019ordre de l\u2019Agef (Agence de gestion fonci\u00e8re ), et non \u00e0 l\u2019ordre personnel de Lamine Coulibaly.<\/p>\n<p>La transaction s\u2019est faite entre la structure et l\u2019Agef. Aucun montant n\u2019a \u00e9t\u00e9 vers\u00e9 dans les mains du Directeur g\u00e9n\u00e9ral.La transaction est normale, r\u00e9guli\u00e8re et commerciale.Elle n\u2019engage aucunement une action p\u00e9nale ou la mise en d\u00e9tention d un \u00eatre humain, ni la personne physique du DG.Les 2 soci\u00e9t\u00e9s engag\u00e9es sont des personnes morales.<\/p>\n<p>Ne s\u2019agit-il pas d\u2019une mascarade et d\u2019une violation des droits de l\u2019homme ? D\u2019ailleurs \u00e0 juste titre , interrog\u00e9 le porte-parole du gouvernement, s\u2019est refus\u00e9 \u00e0 tout commentaire, en notant que le mis en cause est pr\u00e9sum\u00e9 innocent jusqu\u2019\u00e0 ce qu\u2019il soit jug\u00e9. C\u2019est parce qu\u2019il ne se reproche rien, que Lamine Coulibaly n\u2019a pas voulu alerter son ministre , ni aucune autorit\u00e9 car il a des garanties de repr\u00e9sentations, d\u2019autant que les plaignants ne veulent que le remboursement de leur argent vers\u00e9 sur le compte de l\u2019Agef.<\/p>\n<p>\u00ab Alors comment se fait-il qu\u2019il y\u2019a une proc\u00e9dure p\u00e9nale personnelle contre Lamine Coulibaly, sans avoir \u00e9tabli que les paiements effectu\u00e9s sur le compte de l\u2019Agef , auraient servi \u00e0 d\u2019autres fins , \u00e0 un usage personnel au profit de Lamine Coulibaly ? \u00bb, a comment\u00e9 une source proche du dossier sur la question.<\/p>\n<p>Selon cette source, 545 millions Fcfa ont \u00e9t\u00e9 d\u00e9j\u00e0 rembours\u00e9s \u00e0 cette entreprise sur le montant de 950 millions Fcfa pay\u00e9s \u00e0 l\u2019Agef et non \u00e0 Lamine Coulibaly. La source ajoute que les remboursements ont \u00e9t\u00e9 effectu\u00e9s \u00e0 partir du compte de l\u2019Agef, et non \u00e0 partir du compte personnel de Lamine Coulibaly, et s\u2019interroge : \u00ab Pourquoi donc un tel acharnement sur le DG Lamine Coulibaly que l\u2019on traite comme un vulgaire voyou ? Comment peut-on le soup\u00e7onner de terrorisme, de blanchiment d\u2019argent, sans d\u2019ailleurs inqui\u00e9ter ceux dont il aurait blanchi l\u2019argent ? \u00bb.<\/p>\n<p>\u00ab Le DG avait lui-m\u00eame pay\u00e9 \u00e0 son arriv\u00e9e les dettes laiss\u00e9es par l\u2019\u00e9quipe pr\u00e9c\u00e9dente sans mettre quiconque en prison. De plus sur les terrains \u00e0 litiges, l\u2019Agef a pay\u00e9 3 milliards Fcfa \u00e0 des tiers et propri\u00e9taires terriens et ces gens doivent de l\u2019argent \u00e0 la structure. L\u2019Agef a plus de 1 milliards Fcfa dehors dur des d\u00e9tenteurs de droits coutumiers qui s\u2019efforcent de tenir leurs engagements. Ce n\u2019est pas une affaire du DG , ni de Lamine Coulibaly. \u00bb, a dit en col\u00e8re un agent de l\u2019Agef qui esp\u00e8re que le DG sera mis en libert\u00e9 rapidement. Qui vivra verra\u2026<\/p>\n<p>&nbsp;<\/p>\n","protected":false},"excerpt":{"rendered":"<p>Africa-Press &#8211; C\u00f4te d&rsquo;Ivoire. Accus\u00e9 de terrorisme et de blanchiment d\u2019argent, Lamine Coulibaly, directeur de l\u2019Agence de gestion fonci\u00e8re (Agef), est \u00e9crou\u00e9 \u00e0 la Maca, depuis lundi 14 juin 2021, alors que ses proches et des collaborateurs disent qu\u2019il est une victime et non un coupable. Selon ces proches et collaborateurs, Lamine Coulibaly est un [&hellip;]<\/p>\n","protected":false},"author":82,"featured_media":9114,"comment_status":"open","ping_status":"closed","sticky":false,"template":"","format":"standard","meta":{"footnotes":""},"categories":[3,11,10],"tags":[56,63,29],"class_list":["post-9115","post","type-post","status-publish","format-standard","has-post-thumbnail","hentry","category-economie","category-homepage-french","category-toutes-les-actualites","tag-africa-press","tag-africa-press-cote-divoire","tag-cote-divoire"],"yoast_head":"<!-- This site is optimized with the Yoast SEO Premium plugin v26.1 (Yoast SEO v27.0) - https:\/\/yoast.com\/product\/yoast-seo-premium-wordpress\/ -->\n<title>Accus\u00e9 de terrorisme et blanchiment, Lamine Coulibaly, Dg de l\u2019Agence de gestion fonci\u00e8re Agef \u00e9crou\u00e9 \u00e0 la Maca - C\u00f4te d&#039;Ivoire<\/title>\n<meta name=\"description\" content=\"Accus\u00e9 de terrorisme et de blanchiment d\u2019argent, Lamine Coulibaly, directeur de l\u2019Agence de gestion fonci\u00e8re (Agef), est ...\" \/>\n<meta name=\"robots\" content=\"index, follow, max-snippet:-1, max-image-preview:large, max-video-preview:-1\" \/>\n<link rel=\"canonical\" href=\"https:\/\/www.africa-press.net\/cotedivoire\/economie\/cote-divoire-accuse-de-terrorisme-et-blanchiment-lamine-coulibaly-dg-de-lagence-de-gestion-fonciere-agef-ecroue-a-la-maca\" \/>\n<meta property=\"og:locale\" content=\"fr_FR\" \/>\n<meta property=\"og:type\" content=\"article\" \/>\n<meta property=\"og:title\" content=\"Accus\u00e9 de terrorisme et blanchiment, Lamine Coulibaly, Dg de l\u2019Agence de gestion fonci\u00e8re Agef \u00e9crou\u00e9 \u00e0 la Maca\" \/>\n<meta property=\"og:description\" content=\"Accus\u00e9 de terrorisme et de blanchiment d\u2019argent, Lamine Coulibaly, directeur de l\u2019Agence de gestion fonci\u00e8re (Agef), est ...\" \/>\n<meta property=\"og:url\" content=\"https:\/\/www.africa-press.net\/cotedivoire\/economie\/cote-divoire-accuse-de-terrorisme-et-blanchiment-lamine-coulibaly-dg-de-lagence-de-gestion-fonciere-agef-ecroue-a-la-maca\" \/>\n<meta property=\"og:site_name\" content=\"C\u00f4te d&#039;Ivoire\" \/>\n<meta property=\"article:published_time\" content=\"2021-06-17T14:49:15+00:00\" \/>\n<meta property=\"article:modified_time\" content=\"2021-06-17T19:14:15+00:00\" \/>\n<meta property=\"og:image\" content=\"https:\/\/static.africa-press.net\/cote\/sites\/43\/2021\/06\/img-60cb577da4813.jpg\" \/>\n\t<meta property=\"og:image:width\" content=\"720\" \/>\n\t<meta property=\"og:image:height\" content=\"447\" \/>\n\t<meta property=\"og:image:type\" content=\"image\/jpeg\" \/>\n<meta name=\"author\" content=\"cfeditorfr\" \/>\n<meta name=\"twitter:card\" content=\"summary_large_image\" \/>\n<meta name=\"twitter:label1\" content=\"\u00c9crit par\" \/>\n\t<meta name=\"twitter:data1\" content=\"cfeditorfr\" \/>\n\t<meta name=\"twitter:label2\" content=\"Dur\u00e9e de lecture estim\u00e9e\" \/>\n\t<meta name=\"twitter:data2\" content=\"3 minutes\" \/>\n<script type=\"application\/ld+json\" class=\"yoast-schema-graph\">{\"@context\":\"https:\/\/schema.org\",\"@graph\":[{\"@type\":\"Article\",\"@id\":\"https:\/\/www.africa-press.net\/cotedivoire\/economie\/cote-divoire-accuse-de-terrorisme-et-blanchiment-lamine-coulibaly-dg-de-lagence-de-gestion-fonciere-agef-ecroue-a-la-maca#article\",\"isPartOf\":{\"@id\":\"https:\/\/www.africa-press.net\/cotedivoire\/economie\/cote-divoire-accuse-de-terrorisme-et-blanchiment-lamine-coulibaly-dg-de-lagence-de-gestion-fonciere-agef-ecroue-a-la-maca\"},\"author\":{\"name\":\"cfeditorfr\",\"@id\":\"https:\/\/www.africa-press.net\/cotedivoire\/#\/schema\/person\/2b1cf3cd81a31e3cd26889ca66d677f1\"},\"headline\":\"Accus\u00e9 de terrorisme et blanchiment, Lamine Coulibaly, Dg de l\u2019Agence de gestion fonci\u00e8re Agef \u00e9crou\u00e9 \u00e0 la Maca\",\"datePublished\":\"2021-06-17T14:49:15+00:00\",\"dateModified\":\"2021-06-17T19:14:15+00:00\",\"mainEntityOfPage\":{\"@id\":\"https:\/\/www.africa-press.net\/cotedivoire\/economie\/cote-divoire-accuse-de-terrorisme-et-blanchiment-lamine-coulibaly-dg-de-lagence-de-gestion-fonciere-agef-ecroue-a-la-maca\"},\"wordCount\":581,\"commentCount\":0,\"image\":{\"@id\":\"https:\/\/www.africa-press.net\/cotedivoire\/economie\/cote-divoire-accuse-de-terrorisme-et-blanchiment-lamine-coulibaly-dg-de-lagence-de-gestion-fonciere-agef-ecroue-a-la-maca#primaryimage\"},\"thumbnailUrl\":\"https:\/\/static.africa-press.net\/cote\/sites\/43\/2021\/06\/img-60cb577da4813.jpg\",\"keywords\":[\"Africa Press\",\"Africa Press-C\u00f4te d'Ivoire\",\"C\u00d4TE D'IVOIRE\"],\"articleSection\":[\"\u00c9conomie\",\"homepage-french\",\"Toutes les actualit\u00e9s\"],\"inLanguage\":\"fr-FR\",\"potentialAction\":[{\"@type\":\"CommentAction\",\"name\":\"Comment\",\"target\":[\"https:\/\/www.africa-press.net\/cotedivoire\/economie\/cote-divoire-accuse-de-terrorisme-et-blanchiment-lamine-coulibaly-dg-de-lagence-de-gestion-fonciere-agef-ecroue-a-la-maca#respond\"]}]},{\"@type\":\"WebPage\",\"@id\":\"https:\/\/www.africa-press.net\/cotedivoire\/economie\/cote-divoire-accuse-de-terrorisme-et-blanchiment-lamine-coulibaly-dg-de-lagence-de-gestion-fonciere-agef-ecroue-a-la-maca\",\"url\":\"https:\/\/www.africa-press.net\/cotedivoire\/economie\/cote-divoire-accuse-de-terrorisme-et-blanchiment-lamine-coulibaly-dg-de-lagence-de-gestion-fonciere-agef-ecroue-a-la-maca\",\"name\":\"Accus\u00e9 de terrorisme et blanchiment, Lamine Coulibaly, Dg de l\u2019Agence de gestion fonci\u00e8re Agef \u00e9crou\u00e9 \u00e0 la Maca - C\u00f4te d&#039;Ivoire\",\"isPartOf\":{\"@id\":\"https:\/\/www.africa-press.net\/cotedivoire\/#website\"},\"primaryImageOfPage\":{\"@id\":\"https:\/\/www.africa-press.net\/cotedivoire\/economie\/cote-divoire-accuse-de-terrorisme-et-blanchiment-lamine-coulibaly-dg-de-lagence-de-gestion-fonciere-agef-ecroue-a-la-maca#primaryimage\"},\"image\":{\"@id\":\"https:\/\/www.africa-press.net\/cotedivoire\/economie\/cote-divoire-accuse-de-terrorisme-et-blanchiment-lamine-coulibaly-dg-de-lagence-de-gestion-fonciere-agef-ecroue-a-la-maca#primaryimage\"},\"thumbnailUrl\":\"https:\/\/static.africa-press.net\/cote\/sites\/43\/2021\/06\/img-60cb577da4813.jpg\",\"datePublished\":\"2021-06-17T14:49:15+00:00\",\"dateModified\":\"2021-06-17T19:14:15+00:00\",\"author\":{\"@id\":\"https:\/\/www.africa-press.net\/cotedivoire\/#\/schema\/person\/2b1cf3cd81a31e3cd26889ca66d677f1\"},\"description\":\"Accus\u00e9 de terrorisme et de blanchiment d\u2019argent, Lamine Coulibaly, directeur de l\u2019Agence de gestion fonci\u00e8re (Agef), est ...\",\"breadcrumb\":{\"@id\":\"https:\/\/www.africa-press.net\/cotedivoire\/economie\/cote-divoire-accuse-de-terrorisme-et-blanchiment-lamine-coulibaly-dg-de-lagence-de-gestion-fonciere-agef-ecroue-a-la-maca#breadcrumb\"},\"inLanguage\":\"fr-FR\",\"potentialAction\":[{\"@type\":\"ReadAction\",\"target\":[\"https:\/\/www.africa-press.net\/cotedivoire\/economie\/cote-divoire-accuse-de-terrorisme-et-blanchiment-lamine-coulibaly-dg-de-lagence-de-gestion-fonciere-agef-ecroue-a-la-maca\"]}]},{\"@type\":\"ImageObject\",\"inLanguage\":\"fr-FR\",\"@id\":\"https:\/\/www.africa-press.net\/cotedivoire\/economie\/cote-divoire-accuse-de-terrorisme-et-blanchiment-lamine-coulibaly-dg-de-lagence-de-gestion-fonciere-agef-ecroue-a-la-maca#primaryimage\",\"url\":\"https:\/\/static.africa-press.net\/cote\/sites\/43\/2021\/06\/img-60cb577da4813.jpg\",\"contentUrl\":\"https:\/\/static.africa-press.net\/cote\/sites\/43\/2021\/06\/img-60cb577da4813.jpg\",\"width\":720,\"height\":447,\"caption\":\"C\u00f4te-d\u2019Ivoire: Accus\u00e9 de terrorisme et blanchiment, Lamine Coulibaly, Dg de l\u2019Agence de gestion fonci\u00e8re Agef \u00e9crou\u00e9 \u00e0 la Maca\"},{\"@type\":\"BreadcrumbList\",\"@id\":\"https:\/\/www.africa-press.net\/cotedivoire\/economie\/cote-divoire-accuse-de-terrorisme-et-blanchiment-lamine-coulibaly-dg-de-lagence-de-gestion-fonciere-agef-ecroue-a-la-maca#breadcrumb\",\"itemListElement\":[{\"@type\":\"ListItem\",\"position\":1,\"name\":\"Accueil\",\"item\":\"https:\/\/www.africa-press.net\/cotedivoire\/\"},{\"@type\":\"ListItem\",\"position\":2,\"name\":\"Accus\u00e9 de terrorisme et blanchiment, Lamine Coulibaly, Dg de l\u2019Agence de gestion fonci\u00e8re Agef \u00e9crou\u00e9 \u00e0 la Maca\"}]},{\"@type\":\"WebSite\",\"@id\":\"https:\/\/www.africa-press.net\/cotedivoire\/#website\",\"url\":\"https:\/\/www.africa-press.net\/cotedivoire\/\",\"name\":\"C\u00f4te d&#039;Ivoire\",\"description\":\"Just another Africa News Agency Sites site\",\"potentialAction\":[{\"@type\":\"SearchAction\",\"target\":{\"@type\":\"EntryPoint\",\"urlTemplate\":\"https:\/\/www.africa-press.net\/cotedivoire\/?s={search_term_string}\"},\"query-input\":{\"@type\":\"PropertyValueSpecification\",\"valueRequired\":true,\"valueName\":\"search_term_string\"}}],\"inLanguage\":\"fr-FR\"},{\"@type\":\"Person\",\"@id\":\"https:\/\/www.africa-press.net\/cotedivoire\/#\/schema\/person\/2b1cf3cd81a31e3cd26889ca66d677f1\",\"name\":\"cfeditorfr\"}]}<\/script>\n<!-- \/ Yoast SEO Premium plugin. -->","yoast_head_json":{"title":"Accus\u00e9 de terrorisme et blanchiment, Lamine Coulibaly, Dg de l\u2019Agence de gestion fonci\u00e8re Agef \u00e9crou\u00e9 \u00e0 la Maca - C\u00f4te d&#039;Ivoire","description":"Accus\u00e9 de terrorisme et de blanchiment d\u2019argent, Lamine Coulibaly, directeur de l\u2019Agence de gestion fonci\u00e8re (Agef), est ...","robots":{"index":"index","follow":"follow","max-snippet":"max-snippet:-1","max-image-preview":"max-image-preview:large","max-video-preview":"max-video-preview:-1"},"canonical":"https:\/\/www.africa-press.net\/cotedivoire\/economie\/cote-divoire-accuse-de-terrorisme-et-blanchiment-lamine-coulibaly-dg-de-lagence-de-gestion-fonciere-agef-ecroue-a-la-maca","og_locale":"fr_FR","og_type":"article","og_title":"Accus\u00e9 de terrorisme et blanchiment, Lamine Coulibaly, Dg de l\u2019Agence de gestion fonci\u00e8re Agef \u00e9crou\u00e9 \u00e0 la Maca","og_description":"Accus\u00e9 de terrorisme et de blanchiment d\u2019argent, Lamine Coulibaly, directeur de l\u2019Agence de gestion fonci\u00e8re (Agef), est ...","og_url":"https:\/\/www.africa-press.net\/cotedivoire\/economie\/cote-divoire-accuse-de-terrorisme-et-blanchiment-lamine-coulibaly-dg-de-lagence-de-gestion-fonciere-agef-ecroue-a-la-maca","og_site_name":"C\u00f4te d&#039;Ivoire","article_published_time":"2021-06-17T14:49:15+00:00","article_modified_time":"2021-06-17T19:14:15+00:00","og_image":[{"width":720,"height":447,"url":"https:\/\/static.africa-press.net\/cote\/sites\/43\/2021\/06\/img-60cb577da4813.jpg","type":"image\/jpeg"}],"author":"cfeditorfr","twitter_card":"summary_large_image","twitter_misc":{"\u00c9crit par":"cfeditorfr","Dur\u00e9e de lecture estim\u00e9e":"3 minutes"},"schema":{"@context":"https:\/\/schema.org","@graph":[{"@type":"Article","@id":"https:\/\/www.africa-press.net\/cotedivoire\/economie\/cote-divoire-accuse-de-terrorisme-et-blanchiment-lamine-coulibaly-dg-de-lagence-de-gestion-fonciere-agef-ecroue-a-la-maca#article","isPartOf":{"@id":"https:\/\/www.africa-press.net\/cotedivoire\/economie\/cote-divoire-accuse-de-terrorisme-et-blanchiment-lamine-coulibaly-dg-de-lagence-de-gestion-fonciere-agef-ecroue-a-la-maca"},"author":{"name":"cfeditorfr","@id":"https:\/\/www.africa-press.net\/cotedivoire\/#\/schema\/person\/2b1cf3cd81a31e3cd26889ca66d677f1"},"headline":"Accus\u00e9 de terrorisme et blanchiment, Lamine Coulibaly, Dg de l\u2019Agence de gestion fonci\u00e8re Agef \u00e9crou\u00e9 \u00e0 la Maca","datePublished":"2021-06-17T14:49:15+00:00","dateModified":"2021-06-17T19:14:15+00:00","mainEntityOfPage":{"@id":"https:\/\/www.africa-press.net\/cotedivoire\/economie\/cote-divoire-accuse-de-terrorisme-et-blanchiment-lamine-coulibaly-dg-de-lagence-de-gestion-fonciere-agef-ecroue-a-la-maca"},"wordCount":581,"commentCount":0,"image":{"@id":"https:\/\/www.africa-press.net\/cotedivoire\/economie\/cote-divoire-accuse-de-terrorisme-et-blanchiment-lamine-coulibaly-dg-de-lagence-de-gestion-fonciere-agef-ecroue-a-la-maca#primaryimage"},"thumbnailUrl":"https:\/\/static.africa-press.net\/cote\/sites\/43\/2021\/06\/img-60cb577da4813.jpg","keywords":["Africa Press","Africa Press-C\u00f4te d'Ivoire","C\u00d4TE D'IVOIRE"],"articleSection":["\u00c9conomie","homepage-french","Toutes les actualit\u00e9s"],"inLanguage":"fr-FR","potentialAction":[{"@type":"CommentAction","name":"Comment","target":["https:\/\/www.africa-press.net\/cotedivoire\/economie\/cote-divoire-accuse-de-terrorisme-et-blanchiment-lamine-coulibaly-dg-de-lagence-de-gestion-fonciere-agef-ecroue-a-la-maca#respond"]}]},{"@type":"WebPage","@id":"https:\/\/www.africa-press.net\/cotedivoire\/economie\/cote-divoire-accuse-de-terrorisme-et-blanchiment-lamine-coulibaly-dg-de-lagence-de-gestion-fonciere-agef-ecroue-a-la-maca","url":"https:\/\/www.africa-press.net\/cotedivoire\/economie\/cote-divoire-accuse-de-terrorisme-et-blanchiment-lamine-coulibaly-dg-de-lagence-de-gestion-fonciere-agef-ecroue-a-la-maca","name":"Accus\u00e9 de terrorisme et blanchiment, Lamine Coulibaly, Dg de l\u2019Agence de gestion fonci\u00e8re Agef \u00e9crou\u00e9 \u00e0 la Maca - C\u00f4te d&#039;Ivoire","isPartOf":{"@id":"https:\/\/www.africa-press.net\/cotedivoire\/#website"},"primaryImageOfPage":{"@id":"https:\/\/www.africa-press.net\/cotedivoire\/economie\/cote-divoire-accuse-de-terrorisme-et-blanchiment-lamine-coulibaly-dg-de-lagence-de-gestion-fonciere-agef-ecroue-a-la-maca#primaryimage"},"image":{"@id":"https:\/\/www.africa-press.net\/cotedivoire\/economie\/cote-divoire-accuse-de-terrorisme-et-blanchiment-lamine-coulibaly-dg-de-lagence-de-gestion-fonciere-agef-ecroue-a-la-maca#primaryimage"},"thumbnailUrl":"https:\/\/static.africa-press.net\/cote\/sites\/43\/2021\/06\/img-60cb577da4813.jpg","datePublished":"2021-06-17T14:49:15+00:00","dateModified":"2021-06-17T19:14:15+00:00","author":{"@id":"https:\/\/www.africa-press.net\/cotedivoire\/#\/schema\/person\/2b1cf3cd81a31e3cd26889ca66d677f1"},"description":"Accus\u00e9 de terrorisme et de blanchiment d\u2019argent, Lamine Coulibaly, directeur de l\u2019Agence de gestion fonci\u00e8re (Agef), est ...","breadcrumb":{"@id":"https:\/\/www.africa-press.net\/cotedivoire\/economie\/cote-divoire-accuse-de-terrorisme-et-blanchiment-lamine-coulibaly-dg-de-lagence-de-gestion-fonciere-agef-ecroue-a-la-maca#breadcrumb"},"inLanguage":"fr-FR","potentialAction":[{"@type":"ReadAction","target":["https:\/\/www.africa-press.net\/cotedivoire\/economie\/cote-divoire-accuse-de-terrorisme-et-blanchiment-lamine-coulibaly-dg-de-lagence-de-gestion-fonciere-agef-ecroue-a-la-maca"]}]},{"@type":"ImageObject","inLanguage":"fr-FR","@id":"https:\/\/www.africa-press.net\/cotedivoire\/economie\/cote-divoire-accuse-de-terrorisme-et-blanchiment-lamine-coulibaly-dg-de-lagence-de-gestion-fonciere-agef-ecroue-a-la-maca#primaryimage","url":"https:\/\/static.africa-press.net\/cote\/sites\/43\/2021\/06\/img-60cb577da4813.jpg","contentUrl":"https:\/\/static.africa-press.net\/cote\/sites\/43\/2021\/06\/img-60cb577da4813.jpg","width":720,"height":447,"caption":"C\u00f4te-d\u2019Ivoire: Accus\u00e9 de terrorisme et blanchiment, Lamine Coulibaly, Dg de l\u2019Agence de gestion fonci\u00e8re Agef \u00e9crou\u00e9 \u00e0 la Maca"},{"@type":"BreadcrumbList","@id":"https:\/\/www.africa-press.net\/cotedivoire\/economie\/cote-divoire-accuse-de-terrorisme-et-blanchiment-lamine-coulibaly-dg-de-lagence-de-gestion-fonciere-agef-ecroue-a-la-maca#breadcrumb","itemListElement":[{"@type":"ListItem","position":1,"name":"Accueil","item":"https:\/\/www.africa-press.net\/cotedivoire\/"},{"@type":"ListItem","position":2,"name":"Accus\u00e9 de terrorisme et blanchiment, Lamine Coulibaly, Dg de l\u2019Agence de gestion fonci\u00e8re Agef \u00e9crou\u00e9 \u00e0 la Maca"}]},{"@type":"WebSite","@id":"https:\/\/www.africa-press.net\/cotedivoire\/#website","url":"https:\/\/www.africa-press.net\/cotedivoire\/","name":"C\u00f4te d&#039;Ivoire","description":"Just another Africa News Agency Sites site","potentialAction":[{"@type":"SearchAction","target":{"@type":"EntryPoint","urlTemplate":"https:\/\/www.africa-press.net\/cotedivoire\/?s={search_term_string}"},"query-input":{"@type":"PropertyValueSpecification","valueRequired":true,"valueName":"search_term_string"}}],"inLanguage":"fr-FR"},{"@type":"Person","@id":"https:\/\/www.africa-press.net\/cotedivoire\/#\/schema\/person\/2b1cf3cd81a31e3cd26889ca66d677f1","name":"cfeditorfr"}]}},"_links":{"self":[{"href":"https:\/\/www.africa-press.net\/cotedivoire\/wp-json\/wp\/v2\/posts\/9115","targetHints":{"allow":["GET"]}}],"collection":[{"href":"https:\/\/www.africa-press.net\/cotedivoire\/wp-json\/wp\/v2\/posts"}],"about":[{"href":"https:\/\/www.africa-press.net\/cotedivoire\/wp-json\/wp\/v2\/types\/post"}],"author":[{"embeddable":true,"href":"https:\/\/www.africa-press.net\/cotedivoire\/wp-json\/wp\/v2\/users\/82"}],"replies":[{"embeddable":true,"href":"https:\/\/www.africa-press.net\/cotedivoire\/wp-json\/wp\/v2\/comments?post=9115"}],"version-history":[{"count":0,"href":"https:\/\/www.africa-press.net\/cotedivoire\/wp-json\/wp\/v2\/posts\/9115\/revisions"}],"wp:featuredmedia":[{"embeddable":true,"href":"https:\/\/www.africa-press.net\/cotedivoire\/wp-json\/wp\/v2\/media\/9114"}],"wp:attachment":[{"href":"https:\/\/www.africa-press.net\/cotedivoire\/wp-json\/wp\/v2\/media?parent=9115"}],"wp:term":[{"taxonomy":"category","embeddable":true,"href":"https:\/\/www.africa-press.net\/cotedivoire\/wp-json\/wp\/v2\/categories?post=9115"},{"taxonomy":"post_tag","embeddable":true,"href":"https:\/\/www.africa-press.net\/cotedivoire\/wp-json\/wp\/v2\/tags?post=9115"}],"curies":[{"name":"wp","href":"https:\/\/api.w.org\/{rel}","templated":true}]}}