{"id":91175,"date":"2024-11-24T16:52:47","date_gmt":"2024-11-24T16:52:47","guid":{"rendered":"https:\/\/www.africa-press.net\/cotedivoire\/politique\/presidentielle-2025-un-mouvement-de-jeunesse-appelle-ouattara-a-se-porter-candidat-pour-achever-loeuvre-de-developpement-entamee"},"modified":"2024-11-24T17:18:32","modified_gmt":"2024-11-24T17:18:32","slug":"presidentielle-2025-un-mouvement-de-jeunesse-appelle-ouattara-a-se-porter-candidat-pour-achever-loeuvre-de-developpement-entamee","status":"publish","type":"post","link":"https:\/\/www.africa-press.net\/cotedivoire\/politique\/presidentielle-2025-un-mouvement-de-jeunesse-appelle-ouattara-a-se-porter-candidat-pour-achever-loeuvre-de-developpement-entamee","title":{"rendered":"Pr\u00e9sidentielle 2025, un mouvement de jeunesse appelle Ouattara \u00e0 se porter candidat pour achever l&rsquo;oeuvre de d\u00e9veloppement entam\u00e9e"},"content":{"rendered":"<p><span style=\"color: #ff6600\"><strong>Africa-Press &#8211; C\u00f4te d&rsquo;Ivoire. <\/strong><\/span>Alors que des interrogations persistent quant a\u0300 la candidature d&rsquo;Alassane Ouattara lors de la pre\u0301sidentielle d&rsquo;octobre 2025, l&rsquo;Alliance de la Jeunesse Unie de Co\u0302te d&rsquo;Ivoire (AJUCI) se positionne clairement en faveur d&rsquo;un quatrie\u0300me mandat pour l&rsquo;actuel pre\u0301sident. Ce mouvement a profite\u0301 de sa pre\u0301sentation officielle, lors d&rsquo;une confe\u0301rence de presse tenue le samedi 23 octobre a\u0300 Anyama, pour exprimer sa position.<\/p>\n<p>\u00ab Chaque parti politique s&rsquo;active pour e\u0301laborer des strate\u0301gies qui seront les vecteurs de leur victoire. L&rsquo;anne\u0301e 2025 s&rsquo;annonce comme une anne\u0301e d&rsquo;espoir. Tous les regards sont tourne\u0301s vers cet horizon, car il repre\u0301sente un carrefour crucial pour notre parti, le RHDP. Dans ce contexte marque\u0301 par une forte concentration des acteurs politiques sur la finalisation de leurs diffe\u0301rents plans, le RHDP demande a\u0300 son pre\u0301sident de briguer un mandat pour la 3e\u0300me Re\u0301publique. Le travail accompli par le Pre\u0301sident depuis 2011 est extraordinaire \u00bb, a de\u0301clare\u0301 Adama Bakayoko, secre\u0301taire ge\u0301ne\u0301ral de l&rsquo;AJUCI.<\/p>\n<p>Il a souligne\u0301 que, sous la direction de l&rsquo;actuel Chef de l&rsquo;E\u0301tat, \u00ab la Co\u0302te dIvoire sest totalement me\u0301tamorphose\u0301e \u00bb. Selon lui, l&rsquo;enjeu de la pre\u0301sidentielle de 2025 est \u00ab la continuite\u0301 du pouvoir \u00bb pour permettre a\u0300 Alassane Ouattara d&rsquo;achever le de\u0301veloppement qu&rsquo;il a initie\u0301. C&rsquo;est l&rsquo;une des raisons qui justifient la cre\u0301ation de ce mouvement.<\/p>\n<p>\u00ab En tant que jeunes soucieux du de\u0301veloppement de notre patrie, qui figure aujourd&rsquo;hui parmi les grandes nations, nous avons su maintenir une trajectoire re\u0301siliente malgre\u0301 les perturbations mondiales et re\u0301gionales. Nous avons juge\u0301 opportun de prendre toute notre place avant et pendant cette e\u0301lection pre\u0301sidentielle de 2025 qui approche a\u0300 grands pas. C&rsquo;est pourquoi nous annonc\u0327ons la cre\u0301ation dun mouvement national de soutien au RHDP, de\u0301nomme\u0301 AJUCI (Alliance de la Jeunesse Unie de Co\u0302te dIvoire), afin de relever le de\u0301fi de 2025 \u00bb, a ajoute\u0301 Adama Bakayoko.<\/p>\n<p>Ce nouveau mouvement de soutien a\u0300 Alassane Ouattara et au Rassemblement des Houphoue\u0308tistes pour la De\u0301mocratie et la Paix (RHDP), largement favori s&rsquo;il se repre\u0301sentait au regard du poids e\u0301le\u0301ctoral du RHDP et d&rsquo;absence d&rsquo;opposants de taille, sera dirige\u0301 par un secre\u0301tariat ge\u0301ne\u0301ral, e\u0301galement sous la responsabilite\u0301 d&rsquo;Adama Bakayoko, qui se chargera de l&rsquo;implantation des diffe\u0301rentes coordinations.<\/p>\n<p>Lors des e\u0301changes avec les journalistes, Bakayoko a pre\u0301cise\u0301 que l&rsquo;AJUCI \u00ab n&rsquo;est pas un mouvement de plus ni de trop \u00bb, mais un mouvement qui, fort de l&rsquo;expe\u0301rience de ses membres, vient occuper le terrain pour permettre a\u0300 Alassane Ouattara de rempiler. Il a e\u0301galement indique\u0301 que la jeunesse sera le bras se\u0301culier de cet objectif et a promis de revenir sur la strate\u0301gie de l&rsquo;AJUCI lors du lancement de ses activite\u0301s.<\/p>\n<p><strong>Pour plus d&rsquo;informations et d&rsquo;analyses sur la <span style=\"color: #ff6600\">C\u00f4te d&rsquo;Ivoire<\/span>, suivez <span style=\"color: #ff6600\">Africa-Press<\/span><\/strong><\/p>\n","protected":false},"excerpt":{"rendered":"<p>Africa-Press &#8211; C\u00f4te d&rsquo;Ivoire. Alors que des interrogations persistent quant a\u0300 la candidature d&rsquo;Alassane Ouattara lors de la pre\u0301sidentielle d&rsquo;octobre 2025, l&rsquo;Alliance de la Jeunesse Unie de Co\u0302te d&rsquo;Ivoire (AJUCI) se positionne clairement en faveur d&rsquo;un quatrie\u0300me mandat pour l&rsquo;actuel pre\u0301sident. Ce mouvement a profite\u0301 de sa pre\u0301sentation officielle, lors d&rsquo;une confe\u0301rence de presse tenue [&hellip;]<\/p>\n","protected":false},"author":82,"featured_media":91174,"comment_status":"open","ping_status":"closed","sticky":false,"template":"","format":"standard","meta":{"footnotes":""},"categories":[2,10],"tags":[15746,15747,38,29,1965,371],"class_list":["post-91175","post","type-post","status-publish","format-standard","has-post-thumbnail","hentry","category-politique","category-toutes-les-actualites","tag-adama-bakayoko","tag-ajuci","tag-alassane-ouattara","tag-cote-divoire","tag-presidentielle-cote-divoire-2025","tag-rhdp"],"yoast_head":"<!-- This site is optimized with the Yoast SEO Premium plugin v26.1 (Yoast SEO v27.0) - https:\/\/yoast.com\/product\/yoast-seo-premium-wordpress\/ -->\n<title>Pr\u00e9sidentielle 2025, un mouvement de jeunesse appelle Ouattara \u00e0 se porter candidat pour achever l&#039;oeuvre de d\u00e9veloppement entam\u00e9e - C\u00f4te d&#039;Ivoire<\/title>\n<meta name=\"description\" content=\"Alors que des interrogations persistent quant a\u0300 la candidature d&#039;Alassane Ouattara lors de la pre\u0301sidentielle d&#039;octobre ...\" \/>\n<meta name=\"robots\" content=\"index, follow, max-snippet:-1, max-image-preview:large, max-video-preview:-1\" \/>\n<link rel=\"canonical\" href=\"https:\/\/www.africa-press.net\/cotedivoire\/politique\/presidentielle-2025-un-mouvement-de-jeunesse-appelle-ouattara-a-se-porter-candidat-pour-achever-loeuvre-de-developpement-entamee\" \/>\n<meta property=\"og:locale\" content=\"fr_FR\" \/>\n<meta property=\"og:type\" content=\"article\" \/>\n<meta property=\"og:title\" content=\"Pr\u00e9sidentielle 2025, un mouvement de jeunesse appelle Ouattara \u00e0 se porter candidat pour achever l&#039;oeuvre de d\u00e9veloppement entam\u00e9e\" \/>\n<meta property=\"og:description\" content=\"Alors que des interrogations persistent quant a\u0300 la candidature d&#039;Alassane Ouattara lors de la pre\u0301sidentielle d&#039;octobre ...\" \/>\n<meta property=\"og:url\" content=\"https:\/\/www.africa-press.net\/cotedivoire\/politique\/presidentielle-2025-un-mouvement-de-jeunesse-appelle-ouattara-a-se-porter-candidat-pour-achever-loeuvre-de-developpement-entamee\" \/>\n<meta property=\"og:site_name\" content=\"C\u00f4te d&#039;Ivoire\" \/>\n<meta property=\"article:published_time\" content=\"2024-11-24T16:52:47+00:00\" \/>\n<meta property=\"article:modified_time\" content=\"2024-11-24T17:18:32+00:00\" \/>\n<meta property=\"og:image\" content=\"https:\/\/static.africa-press.net\/cote\/sites\/43\/2024\/11\/sm_1732456087.099925.jpg\" \/>\n\t<meta property=\"og:image:width\" content=\"720\" \/>\n\t<meta property=\"og:image:height\" content=\"343\" \/>\n\t<meta property=\"og:image:type\" content=\"image\/jpeg\" \/>\n<meta name=\"author\" content=\"cfeditorfr\" \/>\n<meta name=\"twitter:card\" content=\"summary_large_image\" \/>\n<meta name=\"twitter:label1\" content=\"\u00c9crit par\" \/>\n\t<meta name=\"twitter:data1\" content=\"cfeditorfr\" \/>\n\t<meta name=\"twitter:label2\" content=\"Dur\u00e9e de lecture estim\u00e9e\" \/>\n\t<meta name=\"twitter:data2\" content=\"3 minutes\" \/>\n<script type=\"application\/ld+json\" class=\"yoast-schema-graph\">{\"@context\":\"https:\/\/schema.org\",\"@graph\":[{\"@type\":\"Article\",\"@id\":\"https:\/\/www.africa-press.net\/cotedivoire\/politique\/presidentielle-2025-un-mouvement-de-jeunesse-appelle-ouattara-a-se-porter-candidat-pour-achever-loeuvre-de-developpement-entamee#article\",\"isPartOf\":{\"@id\":\"https:\/\/www.africa-press.net\/cotedivoire\/politique\/presidentielle-2025-un-mouvement-de-jeunesse-appelle-ouattara-a-se-porter-candidat-pour-achever-loeuvre-de-developpement-entamee\"},\"author\":{\"name\":\"cfeditorfr\",\"@id\":\"https:\/\/www.africa-press.net\/cotedivoire\/#\/schema\/person\/2b1cf3cd81a31e3cd26889ca66d677f1\"},\"headline\":\"Pr\u00e9sidentielle 2025, un mouvement de jeunesse appelle Ouattara \u00e0 se porter candidat pour achever l&rsquo;oeuvre de d\u00e9veloppement entam\u00e9e\",\"datePublished\":\"2024-11-24T16:52:47+00:00\",\"dateModified\":\"2024-11-24T17:18:32+00:00\",\"mainEntityOfPage\":{\"@id\":\"https:\/\/www.africa-press.net\/cotedivoire\/politique\/presidentielle-2025-un-mouvement-de-jeunesse-appelle-ouattara-a-se-porter-candidat-pour-achever-loeuvre-de-developpement-entamee\"},\"wordCount\":538,\"commentCount\":0,\"image\":{\"@id\":\"https:\/\/www.africa-press.net\/cotedivoire\/politique\/presidentielle-2025-un-mouvement-de-jeunesse-appelle-ouattara-a-se-porter-candidat-pour-achever-loeuvre-de-developpement-entamee#primaryimage\"},\"thumbnailUrl\":\"https:\/\/static.africa-press.net\/cote\/sites\/43\/2024\/11\/sm_1732456087.099925.jpg\",\"keywords\":[\"Adama Bakayoko\",\"AJUCI\",\"Alassane Ouattara\",\"C\u00d4TE D'IVOIRE\",\"Pr\u00e9sidentielle C\u00f4te d'Ivoire 2025\",\"RHDP\"],\"articleSection\":[\"Politique\",\"Toutes les actualit\u00e9s\"],\"inLanguage\":\"fr-FR\",\"potentialAction\":[{\"@type\":\"CommentAction\",\"name\":\"Comment\",\"target\":[\"https:\/\/www.africa-press.net\/cotedivoire\/politique\/presidentielle-2025-un-mouvement-de-jeunesse-appelle-ouattara-a-se-porter-candidat-pour-achever-loeuvre-de-developpement-entamee#respond\"]}]},{\"@type\":\"WebPage\",\"@id\":\"https:\/\/www.africa-press.net\/cotedivoire\/politique\/presidentielle-2025-un-mouvement-de-jeunesse-appelle-ouattara-a-se-porter-candidat-pour-achever-loeuvre-de-developpement-entamee\",\"url\":\"https:\/\/www.africa-press.net\/cotedivoire\/politique\/presidentielle-2025-un-mouvement-de-jeunesse-appelle-ouattara-a-se-porter-candidat-pour-achever-loeuvre-de-developpement-entamee\",\"name\":\"Pr\u00e9sidentielle 2025, un mouvement de jeunesse appelle Ouattara \u00e0 se porter candidat pour achever l'oeuvre de d\u00e9veloppement entam\u00e9e - C\u00f4te d&#039;Ivoire\",\"isPartOf\":{\"@id\":\"https:\/\/www.africa-press.net\/cotedivoire\/#website\"},\"primaryImageOfPage\":{\"@id\":\"https:\/\/www.africa-press.net\/cotedivoire\/politique\/presidentielle-2025-un-mouvement-de-jeunesse-appelle-ouattara-a-se-porter-candidat-pour-achever-loeuvre-de-developpement-entamee#primaryimage\"},\"image\":{\"@id\":\"https:\/\/www.africa-press.net\/cotedivoire\/politique\/presidentielle-2025-un-mouvement-de-jeunesse-appelle-ouattara-a-se-porter-candidat-pour-achever-loeuvre-de-developpement-entamee#primaryimage\"},\"thumbnailUrl\":\"https:\/\/static.africa-press.net\/cote\/sites\/43\/2024\/11\/sm_1732456087.099925.jpg\",\"datePublished\":\"2024-11-24T16:52:47+00:00\",\"dateModified\":\"2024-11-24T17:18:32+00:00\",\"author\":{\"@id\":\"https:\/\/www.africa-press.net\/cotedivoire\/#\/schema\/person\/2b1cf3cd81a31e3cd26889ca66d677f1\"},\"description\":\"Alors que des interrogations persistent quant a\u0300 la candidature d'Alassane Ouattara lors de la pre\u0301sidentielle d'octobre ...\",\"breadcrumb\":{\"@id\":\"https:\/\/www.africa-press.net\/cotedivoire\/politique\/presidentielle-2025-un-mouvement-de-jeunesse-appelle-ouattara-a-se-porter-candidat-pour-achever-loeuvre-de-developpement-entamee#breadcrumb\"},\"inLanguage\":\"fr-FR\",\"potentialAction\":[{\"@type\":\"ReadAction\",\"target\":[\"https:\/\/www.africa-press.net\/cotedivoire\/politique\/presidentielle-2025-un-mouvement-de-jeunesse-appelle-ouattara-a-se-porter-candidat-pour-achever-loeuvre-de-developpement-entamee\"]}]},{\"@type\":\"ImageObject\",\"inLanguage\":\"fr-FR\",\"@id\":\"https:\/\/www.africa-press.net\/cotedivoire\/politique\/presidentielle-2025-un-mouvement-de-jeunesse-appelle-ouattara-a-se-porter-candidat-pour-achever-loeuvre-de-developpement-entamee#primaryimage\",\"url\":\"https:\/\/static.africa-press.net\/cote\/sites\/43\/2024\/11\/sm_1732456087.099925.jpg\",\"contentUrl\":\"https:\/\/static.africa-press.net\/cote\/sites\/43\/2024\/11\/sm_1732456087.099925.jpg\",\"width\":720,\"height\":343,\"caption\":\"Pr\u00e9sidentielle 2025, un mouvement de jeunesse appelle Ouattara \u00e0 se porter candidat pour achever l'oeuvre de d\u00e9veloppement entam\u00e9e\"},{\"@type\":\"BreadcrumbList\",\"@id\":\"https:\/\/www.africa-press.net\/cotedivoire\/politique\/presidentielle-2025-un-mouvement-de-jeunesse-appelle-ouattara-a-se-porter-candidat-pour-achever-loeuvre-de-developpement-entamee#breadcrumb\",\"itemListElement\":[{\"@type\":\"ListItem\",\"position\":1,\"name\":\"Accueil\",\"item\":\"https:\/\/www.africa-press.net\/cotedivoire\/\"},{\"@type\":\"ListItem\",\"position\":2,\"name\":\"Pr\u00e9sidentielle 2025, un mouvement de jeunesse appelle Ouattara \u00e0 se porter candidat pour achever l&#8217;oeuvre de d\u00e9veloppement entam\u00e9e\"}]},{\"@type\":\"WebSite\",\"@id\":\"https:\/\/www.africa-press.net\/cotedivoire\/#website\",\"url\":\"https:\/\/www.africa-press.net\/cotedivoire\/\",\"name\":\"C\u00f4te d&#039;Ivoire\",\"description\":\"Just another Africa News Agency Sites site\",\"potentialAction\":[{\"@type\":\"SearchAction\",\"target\":{\"@type\":\"EntryPoint\",\"urlTemplate\":\"https:\/\/www.africa-press.net\/cotedivoire\/?s={search_term_string}\"},\"query-input\":{\"@type\":\"PropertyValueSpecification\",\"valueRequired\":true,\"valueName\":\"search_term_string\"}}],\"inLanguage\":\"fr-FR\"},{\"@type\":\"Person\",\"@id\":\"https:\/\/www.africa-press.net\/cotedivoire\/#\/schema\/person\/2b1cf3cd81a31e3cd26889ca66d677f1\",\"name\":\"cfeditorfr\"}]}<\/script>\n<!-- \/ Yoast SEO Premium plugin. -->","yoast_head_json":{"title":"Pr\u00e9sidentielle 2025, un mouvement de jeunesse appelle Ouattara \u00e0 se porter candidat pour achever l'oeuvre de d\u00e9veloppement entam\u00e9e - C\u00f4te d&#039;Ivoire","description":"Alors que des interrogations persistent quant a\u0300 la candidature d'Alassane Ouattara lors de la pre\u0301sidentielle d'octobre ...","robots":{"index":"index","follow":"follow","max-snippet":"max-snippet:-1","max-image-preview":"max-image-preview:large","max-video-preview":"max-video-preview:-1"},"canonical":"https:\/\/www.africa-press.net\/cotedivoire\/politique\/presidentielle-2025-un-mouvement-de-jeunesse-appelle-ouattara-a-se-porter-candidat-pour-achever-loeuvre-de-developpement-entamee","og_locale":"fr_FR","og_type":"article","og_title":"Pr\u00e9sidentielle 2025, un mouvement de jeunesse appelle Ouattara \u00e0 se porter candidat pour achever l'oeuvre de d\u00e9veloppement entam\u00e9e","og_description":"Alors que des interrogations persistent quant a\u0300 la candidature d'Alassane Ouattara lors de la pre\u0301sidentielle d'octobre ...","og_url":"https:\/\/www.africa-press.net\/cotedivoire\/politique\/presidentielle-2025-un-mouvement-de-jeunesse-appelle-ouattara-a-se-porter-candidat-pour-achever-loeuvre-de-developpement-entamee","og_site_name":"C\u00f4te d&#039;Ivoire","article_published_time":"2024-11-24T16:52:47+00:00","article_modified_time":"2024-11-24T17:18:32+00:00","og_image":[{"width":720,"height":343,"url":"https:\/\/static.africa-press.net\/cote\/sites\/43\/2024\/11\/sm_1732456087.099925.jpg","type":"image\/jpeg"}],"author":"cfeditorfr","twitter_card":"summary_large_image","twitter_misc":{"\u00c9crit par":"cfeditorfr","Dur\u00e9e de lecture estim\u00e9e":"3 minutes"},"schema":{"@context":"https:\/\/schema.org","@graph":[{"@type":"Article","@id":"https:\/\/www.africa-press.net\/cotedivoire\/politique\/presidentielle-2025-un-mouvement-de-jeunesse-appelle-ouattara-a-se-porter-candidat-pour-achever-loeuvre-de-developpement-entamee#article","isPartOf":{"@id":"https:\/\/www.africa-press.net\/cotedivoire\/politique\/presidentielle-2025-un-mouvement-de-jeunesse-appelle-ouattara-a-se-porter-candidat-pour-achever-loeuvre-de-developpement-entamee"},"author":{"name":"cfeditorfr","@id":"https:\/\/www.africa-press.net\/cotedivoire\/#\/schema\/person\/2b1cf3cd81a31e3cd26889ca66d677f1"},"headline":"Pr\u00e9sidentielle 2025, un mouvement de jeunesse appelle Ouattara \u00e0 se porter candidat pour achever l&rsquo;oeuvre de d\u00e9veloppement entam\u00e9e","datePublished":"2024-11-24T16:52:47+00:00","dateModified":"2024-11-24T17:18:32+00:00","mainEntityOfPage":{"@id":"https:\/\/www.africa-press.net\/cotedivoire\/politique\/presidentielle-2025-un-mouvement-de-jeunesse-appelle-ouattara-a-se-porter-candidat-pour-achever-loeuvre-de-developpement-entamee"},"wordCount":538,"commentCount":0,"image":{"@id":"https:\/\/www.africa-press.net\/cotedivoire\/politique\/presidentielle-2025-un-mouvement-de-jeunesse-appelle-ouattara-a-se-porter-candidat-pour-achever-loeuvre-de-developpement-entamee#primaryimage"},"thumbnailUrl":"https:\/\/static.africa-press.net\/cote\/sites\/43\/2024\/11\/sm_1732456087.099925.jpg","keywords":["Adama Bakayoko","AJUCI","Alassane Ouattara","C\u00d4TE D'IVOIRE","Pr\u00e9sidentielle C\u00f4te d'Ivoire 2025","RHDP"],"articleSection":["Politique","Toutes les actualit\u00e9s"],"inLanguage":"fr-FR","potentialAction":[{"@type":"CommentAction","name":"Comment","target":["https:\/\/www.africa-press.net\/cotedivoire\/politique\/presidentielle-2025-un-mouvement-de-jeunesse-appelle-ouattara-a-se-porter-candidat-pour-achever-loeuvre-de-developpement-entamee#respond"]}]},{"@type":"WebPage","@id":"https:\/\/www.africa-press.net\/cotedivoire\/politique\/presidentielle-2025-un-mouvement-de-jeunesse-appelle-ouattara-a-se-porter-candidat-pour-achever-loeuvre-de-developpement-entamee","url":"https:\/\/www.africa-press.net\/cotedivoire\/politique\/presidentielle-2025-un-mouvement-de-jeunesse-appelle-ouattara-a-se-porter-candidat-pour-achever-loeuvre-de-developpement-entamee","name":"Pr\u00e9sidentielle 2025, un mouvement de jeunesse appelle Ouattara \u00e0 se porter candidat pour achever l'oeuvre de d\u00e9veloppement entam\u00e9e - C\u00f4te d&#039;Ivoire","isPartOf":{"@id":"https:\/\/www.africa-press.net\/cotedivoire\/#website"},"primaryImageOfPage":{"@id":"https:\/\/www.africa-press.net\/cotedivoire\/politique\/presidentielle-2025-un-mouvement-de-jeunesse-appelle-ouattara-a-se-porter-candidat-pour-achever-loeuvre-de-developpement-entamee#primaryimage"},"image":{"@id":"https:\/\/www.africa-press.net\/cotedivoire\/politique\/presidentielle-2025-un-mouvement-de-jeunesse-appelle-ouattara-a-se-porter-candidat-pour-achever-loeuvre-de-developpement-entamee#primaryimage"},"thumbnailUrl":"https:\/\/static.africa-press.net\/cote\/sites\/43\/2024\/11\/sm_1732456087.099925.jpg","datePublished":"2024-11-24T16:52:47+00:00","dateModified":"2024-11-24T17:18:32+00:00","author":{"@id":"https:\/\/www.africa-press.net\/cotedivoire\/#\/schema\/person\/2b1cf3cd81a31e3cd26889ca66d677f1"},"description":"Alors que des interrogations persistent quant a\u0300 la candidature d'Alassane Ouattara lors de la pre\u0301sidentielle d'octobre ...","breadcrumb":{"@id":"https:\/\/www.africa-press.net\/cotedivoire\/politique\/presidentielle-2025-un-mouvement-de-jeunesse-appelle-ouattara-a-se-porter-candidat-pour-achever-loeuvre-de-developpement-entamee#breadcrumb"},"inLanguage":"fr-FR","potentialAction":[{"@type":"ReadAction","target":["https:\/\/www.africa-press.net\/cotedivoire\/politique\/presidentielle-2025-un-mouvement-de-jeunesse-appelle-ouattara-a-se-porter-candidat-pour-achever-loeuvre-de-developpement-entamee"]}]},{"@type":"ImageObject","inLanguage":"fr-FR","@id":"https:\/\/www.africa-press.net\/cotedivoire\/politique\/presidentielle-2025-un-mouvement-de-jeunesse-appelle-ouattara-a-se-porter-candidat-pour-achever-loeuvre-de-developpement-entamee#primaryimage","url":"https:\/\/static.africa-press.net\/cote\/sites\/43\/2024\/11\/sm_1732456087.099925.jpg","contentUrl":"https:\/\/static.africa-press.net\/cote\/sites\/43\/2024\/11\/sm_1732456087.099925.jpg","width":720,"height":343,"caption":"Pr\u00e9sidentielle 2025, un mouvement de jeunesse appelle Ouattara \u00e0 se porter candidat pour achever l'oeuvre de d\u00e9veloppement entam\u00e9e"},{"@type":"BreadcrumbList","@id":"https:\/\/www.africa-press.net\/cotedivoire\/politique\/presidentielle-2025-un-mouvement-de-jeunesse-appelle-ouattara-a-se-porter-candidat-pour-achever-loeuvre-de-developpement-entamee#breadcrumb","itemListElement":[{"@type":"ListItem","position":1,"name":"Accueil","item":"https:\/\/www.africa-press.net\/cotedivoire\/"},{"@type":"ListItem","position":2,"name":"Pr\u00e9sidentielle 2025, un mouvement de jeunesse appelle Ouattara \u00e0 se porter candidat pour achever l&#8217;oeuvre de d\u00e9veloppement entam\u00e9e"}]},{"@type":"WebSite","@id":"https:\/\/www.africa-press.net\/cotedivoire\/#website","url":"https:\/\/www.africa-press.net\/cotedivoire\/","name":"C\u00f4te d&#039;Ivoire","description":"Just another Africa News Agency Sites site","potentialAction":[{"@type":"SearchAction","target":{"@type":"EntryPoint","urlTemplate":"https:\/\/www.africa-press.net\/cotedivoire\/?s={search_term_string}"},"query-input":{"@type":"PropertyValueSpecification","valueRequired":true,"valueName":"search_term_string"}}],"inLanguage":"fr-FR"},{"@type":"Person","@id":"https:\/\/www.africa-press.net\/cotedivoire\/#\/schema\/person\/2b1cf3cd81a31e3cd26889ca66d677f1","name":"cfeditorfr"}]}},"_links":{"self":[{"href":"https:\/\/www.africa-press.net\/cotedivoire\/wp-json\/wp\/v2\/posts\/91175","targetHints":{"allow":["GET"]}}],"collection":[{"href":"https:\/\/www.africa-press.net\/cotedivoire\/wp-json\/wp\/v2\/posts"}],"about":[{"href":"https:\/\/www.africa-press.net\/cotedivoire\/wp-json\/wp\/v2\/types\/post"}],"author":[{"embeddable":true,"href":"https:\/\/www.africa-press.net\/cotedivoire\/wp-json\/wp\/v2\/users\/82"}],"replies":[{"embeddable":true,"href":"https:\/\/www.africa-press.net\/cotedivoire\/wp-json\/wp\/v2\/comments?post=91175"}],"version-history":[{"count":0,"href":"https:\/\/www.africa-press.net\/cotedivoire\/wp-json\/wp\/v2\/posts\/91175\/revisions"}],"wp:featuredmedia":[{"embeddable":true,"href":"https:\/\/www.africa-press.net\/cotedivoire\/wp-json\/wp\/v2\/media\/91174"}],"wp:attachment":[{"href":"https:\/\/www.africa-press.net\/cotedivoire\/wp-json\/wp\/v2\/media?parent=91175"}],"wp:term":[{"taxonomy":"category","embeddable":true,"href":"https:\/\/www.africa-press.net\/cotedivoire\/wp-json\/wp\/v2\/categories?post=91175"},{"taxonomy":"post_tag","embeddable":true,"href":"https:\/\/www.africa-press.net\/cotedivoire\/wp-json\/wp\/v2\/tags?post=91175"}],"curies":[{"name":"wp","href":"https:\/\/api.w.org\/{rel}","templated":true}]}}