{"id":9121,"date":"2021-06-17T15:01:44","date_gmt":"2021-06-17T15:01:44","guid":{"rendered":"https:\/\/www.africa-press.net\/cotedivoire\/?p=9121"},"modified":"2021-06-17T19:14:39","modified_gmt":"2021-06-17T19:14:39","slug":"cote-divoire-de-la-rebellion-armee-au-retour-de-laurent-gbagbo-chronologie-de-vingt-ans-de-crises","status":"publish","type":"post","link":"https:\/\/www.africa-press.net\/cotedivoire\/politique\/cote-divoire-de-la-rebellion-armee-au-retour-de-laurent-gbagbo-chronologie-de-vingt-ans-de-crises","title":{"rendered":"de la r\u00e9bellion arm\u00e9e au retour de Laurent Gbagbo, chronologie de vingt ans de crises"},"content":{"rendered":"<p><span style=\"color: #ff6600\"><strong><a href=\"https:\/\/www.africa-press.net\/\">Africa-Press<\/a> &#8211; <a href=\"https:\/\/www.africa-press.net\/cotedivoire\">C\u00f4te d&rsquo;Ivoire<\/a>.\u00a0 <\/strong><\/span>\u00a0apr\u00e8s dix ans d\u2019absence, l\u2019ancien pr\u00e9sident Laurent Gbagbo, acquitt\u00e9 de crimes contre l\u2019humanit\u00e9 par la justice internationale, est attendu par la foule de ses partisans pour son retour \u00e0 Abidjan. Focus sur les dates cl\u00e9s de vingt ans de crises en C\u00f4te d\u2019Ivoire.<\/p>\n<p>Les ferments de la crise Le 19 septembre 2002, une r\u00e9bellion arm\u00e9e tente de renverser le r\u00e9gime de Laurent Gbagbo, \u00e9lu \u00e0 la pr\u00e9sidence de la R\u00e9publique en 2000, avant de s\u2019emparer du nord du pays. La C\u00f4te d\u2019Ivoire est coup\u00e9e en deux entre un Nord rebelle et un Sud loyaliste.<\/p>\n<p>Malgr\u00e9 la fin de son mandat en 2005, M. Gbagbo se maintient au pouvoir et parvient \u00e0 faire reporter six fois l\u2019\u00e9lection pr\u00e9sidentielle, jusqu\u2019en 2010.<\/p>\n<p>A l\u2019issue du scrutin pr\u00e9sidentiel, le pays se retrouve, le 3 d\u00e9cembre 2010, avec deux pr\u00e9sidents : le Conseil constitutionnel a proclam\u00e9 la victoire du pr\u00e9sident sortant Laurent Gbagbo et la Commission \u00e9lectorale, celle de son rival, Alassane Ouattara, \u00e9lection reconnue par les Nations unies.<\/p>\n<p>Le lendemain, Laurent Gbagbo, qui refuse de reconna\u00eetre sa d\u00e9faite, est investi chef de l\u2019Etat tandis que son rival pr\u00eate serment \u00ab en qualit\u00e9 de pr\u00e9sident \u00bb.<\/p>\n<p>Pendant que M. Gbagbo s\u2019installe au palais pr\u00e9sidentiel, les partisans de M. Ouattara et des membres de son gouvernement se retranchent dans l\u2019H\u00f4tel du Golf \u00e0 Abidjan, soumis \u00e0 un blocus. Gbagbo arr\u00eat\u00e9, Ouattara investi<\/p>\n<p>Le 28 mars 2011, apr\u00e8s quatre mois de tensions, violences et m\u00e9diations infructueuses, les Forces r\u00e9publicaines pro-Ouattara (FRCI, anciens rebelles qui contr\u00f4laient le nord du pays) lancent une offensive, prenant en quatre jours le contr\u00f4le de quasiment tout le pays.<\/p>\n<p>Le 11 avril, Laurent Gbagbo est arr\u00eat\u00e9 par les FRCI, apr\u00e8s une bataille de dix jours dans la capitale et plusieurs jours de bombardements par la force fran\u00e7aise Licorne et l\u2019ONU.<\/p>\n<p>Plus de 3 000 personnes sont tu\u00e9es lors de cette crise. Le 21 mai, Alassane Ouattara est officiellement investi. Il sera r\u00e9\u00e9lu en 2015, puis en 2020. Un ancien pr\u00e9sident devant la CPI<\/p>\n<p>Le 30 novembre 2011, Laurent Gbagbo est incarc\u00e9r\u00e9 au centre de d\u00e9tention de la Cour p\u00e9nale internationale (CPI) \u00e0 La Haye, rejoint le 22 mars 2014 par l\u2019un de ses proches, Charles Bl\u00e9 Goud\u00e9, ex-chef du mouvement des Jeunes patriotes.<\/p>\n<p>Leur proc\u00e8s d\u00e9bute en janvier 2016. M. Gbagbo est le premier ex-chef d\u2019Etat poursuivi par la CPI. Ils sont vis\u00e9s par quatre chefs d\u2019accusation de \u00ab crimes contre l\u2019humanit\u00e9 \u00bb, \u00ab meurtres \u00bb, \u00ab viols \u00bb, \u00ab pers\u00e9cutions et autres actes inhumains \u00bb. Ils plaident tous deux non coupable.<\/p>\n<p>Simone Gbagbo condamn\u00e9e, acquitt\u00e9e, amnisti\u00e9e A Abidjan, l\u2019\u00e9pouse de Laurent Gbagbo, Simone, contre laquelle la CPI a \u00e9galement \u00e9mis un mandat d\u2019arr\u00eat en 2012, est condamn\u00e9e en mars 2015 \u00e0 vingt ans de prison pour atteinte \u00e0 la s\u00fbret\u00e9 de l\u2019Etat.<\/p>\n<p>Accus\u00e9e de \u00ab crime contre l\u2019humanit\u00e9 \u00bb, \u00ab crime contre les prisonniers de guerre \u00bb et \u00ab crimes contre les populations civiles \u00bb, elle est acquitt\u00e9e le 28 mars 2017 lors d\u2019un nouveau proc\u00e8s, une d\u00e9cision cass\u00e9e par la Cour supr\u00eame.<\/p>\n<p>Elle est lib\u00e9r\u00e9e en ao\u00fbt 2018, apr\u00e8s une amnistie pr\u00e9sidentielle pour favoriser la r\u00e9conciliation nationale. Acquittements par la CPI Le 15 janvier 2019, Laurent Gbagbo et Charles Bl\u00e9 Goud\u00e9 sont acquitt\u00e9s par la CPI. En f\u00e9vrier, ils sont lib\u00e9r\u00e9s sous conditions, avant un \u00e9ventuel proc\u00e8s en appel.<\/p>\n<p>En novembre, la justice ivoirienne condamne en appel par contumace M. Gbagbo \u00e0 vingt ans de prison pour le \u00ab braquage \u00bb de la Banque centrale des Etats de l\u2019Afrique de l\u2019Ouest (B\u00e9c\u00e9ao) pendant la crise post-\u00e9lectorale de 2010-2011.<\/p>\n<p>Charles Bl\u00e9 Goud\u00e9 est condamn\u00e9 le mois suivant \u00e0 vingt ans de prison pour des crimes commis pendant cette crise. Le parti de Gbagbo \u00e0 nouveau dans la course En mai 2020, la CPI autorise sous conditions Laurent Gbagbo \u00e0 quitter la Belgique, o\u00f9 il est assign\u00e9 \u00e0 r\u00e9sidence depuis son acquittement.<\/p>\n<p>Le 14 septembre, le Conseil constitutionnel ivoirien rejette une quarantaine de candidatures \u00e0 la pr\u00e9sidentielle d\u2019octobre, dont celle de Laurent Gbagbo. Le scrutin est remport\u00e9 par Alassane Ouattara, dont la candidature controvers\u00e9e \u00e0 un troisi\u00e8me mandat entra\u00eene des violences faisant pr\u00e8s de cent morts.<\/p>\n<p>En mars 2021, les l\u00e9gislatives sont marqu\u00e9es par le grand retour dans le jeu \u00e9lectoral du Front populaire ivoirien (FPI) de Laurent Gbagbo, qui boycottait tous les scrutins depuis l\u2019arrestation de son chef.<\/p>\n<p>Le parti au pouvoir remporte les l\u00e9gislatives, mais perd la majorit\u00e9 qualifi\u00e9e au Parlement. Retour au pays Le 31 mars 2021, la CPI confirme d\u00e9finitivement les acquittements de MM. Gbagbo et Bl\u00e9 Goud\u00e9 et l\u00e8ve les restrictions \u00e0 leur lib\u00e9ration.<\/p>\n<p>Le 7 avril, le pr\u00e9sident Ouattara donne son feu vert au retour de son rival en C\u00f4te d\u2019Ivoire. Le 17 juin, Laurent Gbagbo est attendu \u00e0 Abidjan apr\u00e8s dix ans d\u2019absence.<\/p>\n","protected":false},"excerpt":{"rendered":"<p>Africa-Press &#8211; C\u00f4te d&rsquo;Ivoire.\u00a0 \u00a0apr\u00e8s dix ans d\u2019absence, l\u2019ancien pr\u00e9sident Laurent Gbagbo, acquitt\u00e9 de crimes contre l\u2019humanit\u00e9 par la justice internationale, est attendu par la foule de ses partisans pour son retour \u00e0 Abidjan. Focus sur les dates cl\u00e9s de vingt ans de crises en C\u00f4te d\u2019Ivoire. Les ferments de la crise Le 19 septembre [&hellip;]<\/p>\n","protected":false},"author":82,"featured_media":9120,"comment_status":"open","ping_status":"closed","sticky":false,"template":"","format":"standard","meta":{"footnotes":""},"categories":[11,2,10],"tags":[56,63,29],"class_list":["post-9121","post","type-post","status-publish","format-standard","has-post-thumbnail","hentry","category-homepage-french","category-politique","category-toutes-les-actualites","tag-africa-press","tag-africa-press-cote-divoire","tag-cote-divoire"],"yoast_head":"<!-- This site is optimized with the Yoast SEO Premium plugin v26.1 (Yoast SEO v27.0) - https:\/\/yoast.com\/product\/yoast-seo-premium-wordpress\/ -->\n<title>de la r\u00e9bellion arm\u00e9e au retour de Laurent Gbagbo, chronologie de vingt ans de crises - C\u00f4te d&#039;Ivoire<\/title>\n<meta name=\"description\" content=\"Jeudi 17 juin, apr\u00e8s dix ans d\u2019absence, l\u2019ancien pr\u00e9sident Laurent Gbagbo, acquitt\u00e9 de crimes contre l\u2019humanit\u00e9 par la j ...\" \/>\n<meta name=\"robots\" content=\"index, follow, max-snippet:-1, max-image-preview:large, max-video-preview:-1\" \/>\n<link rel=\"canonical\" href=\"https:\/\/www.africa-press.net\/cotedivoire\/politique\/cote-divoire-de-la-rebellion-armee-au-retour-de-laurent-gbagbo-chronologie-de-vingt-ans-de-crises\" \/>\n<meta property=\"og:locale\" content=\"fr_FR\" \/>\n<meta property=\"og:type\" content=\"article\" \/>\n<meta property=\"og:title\" content=\"de la r\u00e9bellion arm\u00e9e au retour de Laurent Gbagbo, chronologie de vingt ans de crises\" \/>\n<meta property=\"og:description\" content=\"Jeudi 17 juin, apr\u00e8s dix ans d\u2019absence, l\u2019ancien pr\u00e9sident Laurent Gbagbo, acquitt\u00e9 de crimes contre l\u2019humanit\u00e9 par la j ...\" \/>\n<meta property=\"og:url\" content=\"https:\/\/www.africa-press.net\/cotedivoire\/politique\/cote-divoire-de-la-rebellion-armee-au-retour-de-laurent-gbagbo-chronologie-de-vingt-ans-de-crises\" \/>\n<meta property=\"og:site_name\" content=\"C\u00f4te d&#039;Ivoire\" \/>\n<meta property=\"article:published_time\" content=\"2021-06-17T15:01:44+00:00\" \/>\n<meta property=\"article:modified_time\" content=\"2021-06-17T19:14:39+00:00\" \/>\n<meta property=\"og:image\" content=\"https:\/\/static.africa-press.net\/cote\/sites\/43\/2021\/06\/img-60cb57d429e97.jpg\" \/>\n\t<meta property=\"og:image:width\" content=\"1440\" \/>\n\t<meta property=\"og:image:height\" content=\"720\" \/>\n\t<meta property=\"og:image:type\" content=\"image\/jpeg\" \/>\n<meta name=\"author\" content=\"cfeditorfr\" \/>\n<meta name=\"twitter:card\" content=\"summary_large_image\" \/>\n<meta name=\"twitter:label1\" content=\"\u00c9crit par\" \/>\n\t<meta name=\"twitter:data1\" content=\"cfeditorfr\" \/>\n\t<meta name=\"twitter:label2\" content=\"Dur\u00e9e de lecture estim\u00e9e\" \/>\n\t<meta name=\"twitter:data2\" content=\"4 minutes\" \/>\n<script type=\"application\/ld+json\" class=\"yoast-schema-graph\">{\"@context\":\"https:\/\/schema.org\",\"@graph\":[{\"@type\":\"Article\",\"@id\":\"https:\/\/www.africa-press.net\/cotedivoire\/politique\/cote-divoire-de-la-rebellion-armee-au-retour-de-laurent-gbagbo-chronologie-de-vingt-ans-de-crises#article\",\"isPartOf\":{\"@id\":\"https:\/\/www.africa-press.net\/cotedivoire\/politique\/cote-divoire-de-la-rebellion-armee-au-retour-de-laurent-gbagbo-chronologie-de-vingt-ans-de-crises\"},\"author\":{\"name\":\"cfeditorfr\",\"@id\":\"https:\/\/www.africa-press.net\/cotedivoire\/#\/schema\/person\/2b1cf3cd81a31e3cd26889ca66d677f1\"},\"headline\":\"de la r\u00e9bellion arm\u00e9e au retour de Laurent Gbagbo, chronologie de vingt ans de crises\",\"datePublished\":\"2021-06-17T15:01:44+00:00\",\"dateModified\":\"2021-06-17T19:14:39+00:00\",\"mainEntityOfPage\":{\"@id\":\"https:\/\/www.africa-press.net\/cotedivoire\/politique\/cote-divoire-de-la-rebellion-armee-au-retour-de-laurent-gbagbo-chronologie-de-vingt-ans-de-crises\"},\"wordCount\":851,\"commentCount\":0,\"image\":{\"@id\":\"https:\/\/www.africa-press.net\/cotedivoire\/politique\/cote-divoire-de-la-rebellion-armee-au-retour-de-laurent-gbagbo-chronologie-de-vingt-ans-de-crises#primaryimage\"},\"thumbnailUrl\":\"https:\/\/static.africa-press.net\/cote\/sites\/43\/2021\/06\/img-60cb57d429e97.jpg\",\"keywords\":[\"Africa Press\",\"Africa Press-C\u00f4te d'Ivoire\",\"C\u00d4TE D'IVOIRE\"],\"articleSection\":[\"homepage-french\",\"Politique\",\"Toutes les actualit\u00e9s\"],\"inLanguage\":\"fr-FR\",\"potentialAction\":[{\"@type\":\"CommentAction\",\"name\":\"Comment\",\"target\":[\"https:\/\/www.africa-press.net\/cotedivoire\/politique\/cote-divoire-de-la-rebellion-armee-au-retour-de-laurent-gbagbo-chronologie-de-vingt-ans-de-crises#respond\"]}]},{\"@type\":\"WebPage\",\"@id\":\"https:\/\/www.africa-press.net\/cotedivoire\/politique\/cote-divoire-de-la-rebellion-armee-au-retour-de-laurent-gbagbo-chronologie-de-vingt-ans-de-crises\",\"url\":\"https:\/\/www.africa-press.net\/cotedivoire\/politique\/cote-divoire-de-la-rebellion-armee-au-retour-de-laurent-gbagbo-chronologie-de-vingt-ans-de-crises\",\"name\":\"de la r\u00e9bellion arm\u00e9e au retour de Laurent Gbagbo, chronologie de vingt ans de crises - C\u00f4te d&#039;Ivoire\",\"isPartOf\":{\"@id\":\"https:\/\/www.africa-press.net\/cotedivoire\/#website\"},\"primaryImageOfPage\":{\"@id\":\"https:\/\/www.africa-press.net\/cotedivoire\/politique\/cote-divoire-de-la-rebellion-armee-au-retour-de-laurent-gbagbo-chronologie-de-vingt-ans-de-crises#primaryimage\"},\"image\":{\"@id\":\"https:\/\/www.africa-press.net\/cotedivoire\/politique\/cote-divoire-de-la-rebellion-armee-au-retour-de-laurent-gbagbo-chronologie-de-vingt-ans-de-crises#primaryimage\"},\"thumbnailUrl\":\"https:\/\/static.africa-press.net\/cote\/sites\/43\/2021\/06\/img-60cb57d429e97.jpg\",\"datePublished\":\"2021-06-17T15:01:44+00:00\",\"dateModified\":\"2021-06-17T19:14:39+00:00\",\"author\":{\"@id\":\"https:\/\/www.africa-press.net\/cotedivoire\/#\/schema\/person\/2b1cf3cd81a31e3cd26889ca66d677f1\"},\"description\":\"Jeudi 17 juin, apr\u00e8s dix ans d\u2019absence, l\u2019ancien pr\u00e9sident Laurent Gbagbo, acquitt\u00e9 de crimes contre l\u2019humanit\u00e9 par la j ...\",\"breadcrumb\":{\"@id\":\"https:\/\/www.africa-press.net\/cotedivoire\/politique\/cote-divoire-de-la-rebellion-armee-au-retour-de-laurent-gbagbo-chronologie-de-vingt-ans-de-crises#breadcrumb\"},\"inLanguage\":\"fr-FR\",\"potentialAction\":[{\"@type\":\"ReadAction\",\"target\":[\"https:\/\/www.africa-press.net\/cotedivoire\/politique\/cote-divoire-de-la-rebellion-armee-au-retour-de-laurent-gbagbo-chronologie-de-vingt-ans-de-crises\"]}]},{\"@type\":\"ImageObject\",\"inLanguage\":\"fr-FR\",\"@id\":\"https:\/\/www.africa-press.net\/cotedivoire\/politique\/cote-divoire-de-la-rebellion-armee-au-retour-de-laurent-gbagbo-chronologie-de-vingt-ans-de-crises#primaryimage\",\"url\":\"https:\/\/static.africa-press.net\/cote\/sites\/43\/2021\/06\/img-60cb57d429e97.jpg\",\"contentUrl\":\"https:\/\/static.africa-press.net\/cote\/sites\/43\/2021\/06\/img-60cb57d429e97.jpg\",\"width\":1440,\"height\":720,\"caption\":\"C\u00f4te d\u2019Ivoire\u00a0: de la r\u00e9bellion arm\u00e9e au retour de Laurent Gbagbo, chronologie de vingt ans de crises\"},{\"@type\":\"BreadcrumbList\",\"@id\":\"https:\/\/www.africa-press.net\/cotedivoire\/politique\/cote-divoire-de-la-rebellion-armee-au-retour-de-laurent-gbagbo-chronologie-de-vingt-ans-de-crises#breadcrumb\",\"itemListElement\":[{\"@type\":\"ListItem\",\"position\":1,\"name\":\"Accueil\",\"item\":\"https:\/\/www.africa-press.net\/cotedivoire\/\"},{\"@type\":\"ListItem\",\"position\":2,\"name\":\"de la r\u00e9bellion arm\u00e9e au retour de Laurent Gbagbo, chronologie de vingt ans de crises\"}]},{\"@type\":\"WebSite\",\"@id\":\"https:\/\/www.africa-press.net\/cotedivoire\/#website\",\"url\":\"https:\/\/www.africa-press.net\/cotedivoire\/\",\"name\":\"C\u00f4te d&#039;Ivoire\",\"description\":\"Just another Africa News Agency Sites site\",\"potentialAction\":[{\"@type\":\"SearchAction\",\"target\":{\"@type\":\"EntryPoint\",\"urlTemplate\":\"https:\/\/www.africa-press.net\/cotedivoire\/?s={search_term_string}\"},\"query-input\":{\"@type\":\"PropertyValueSpecification\",\"valueRequired\":true,\"valueName\":\"search_term_string\"}}],\"inLanguage\":\"fr-FR\"},{\"@type\":\"Person\",\"@id\":\"https:\/\/www.africa-press.net\/cotedivoire\/#\/schema\/person\/2b1cf3cd81a31e3cd26889ca66d677f1\",\"name\":\"cfeditorfr\"}]}<\/script>\n<!-- \/ Yoast SEO Premium plugin. -->","yoast_head_json":{"title":"de la r\u00e9bellion arm\u00e9e au retour de Laurent Gbagbo, chronologie de vingt ans de crises - C\u00f4te d&#039;Ivoire","description":"Jeudi 17 juin, apr\u00e8s dix ans d\u2019absence, l\u2019ancien pr\u00e9sident Laurent Gbagbo, acquitt\u00e9 de crimes contre l\u2019humanit\u00e9 par la j ...","robots":{"index":"index","follow":"follow","max-snippet":"max-snippet:-1","max-image-preview":"max-image-preview:large","max-video-preview":"max-video-preview:-1"},"canonical":"https:\/\/www.africa-press.net\/cotedivoire\/politique\/cote-divoire-de-la-rebellion-armee-au-retour-de-laurent-gbagbo-chronologie-de-vingt-ans-de-crises","og_locale":"fr_FR","og_type":"article","og_title":"de la r\u00e9bellion arm\u00e9e au retour de Laurent Gbagbo, chronologie de vingt ans de crises","og_description":"Jeudi 17 juin, apr\u00e8s dix ans d\u2019absence, l\u2019ancien pr\u00e9sident Laurent Gbagbo, acquitt\u00e9 de crimes contre l\u2019humanit\u00e9 par la j ...","og_url":"https:\/\/www.africa-press.net\/cotedivoire\/politique\/cote-divoire-de-la-rebellion-armee-au-retour-de-laurent-gbagbo-chronologie-de-vingt-ans-de-crises","og_site_name":"C\u00f4te d&#039;Ivoire","article_published_time":"2021-06-17T15:01:44+00:00","article_modified_time":"2021-06-17T19:14:39+00:00","og_image":[{"width":1440,"height":720,"url":"https:\/\/static.africa-press.net\/cote\/sites\/43\/2021\/06\/img-60cb57d429e97.jpg","type":"image\/jpeg"}],"author":"cfeditorfr","twitter_card":"summary_large_image","twitter_misc":{"\u00c9crit par":"cfeditorfr","Dur\u00e9e de lecture estim\u00e9e":"4 minutes"},"schema":{"@context":"https:\/\/schema.org","@graph":[{"@type":"Article","@id":"https:\/\/www.africa-press.net\/cotedivoire\/politique\/cote-divoire-de-la-rebellion-armee-au-retour-de-laurent-gbagbo-chronologie-de-vingt-ans-de-crises#article","isPartOf":{"@id":"https:\/\/www.africa-press.net\/cotedivoire\/politique\/cote-divoire-de-la-rebellion-armee-au-retour-de-laurent-gbagbo-chronologie-de-vingt-ans-de-crises"},"author":{"name":"cfeditorfr","@id":"https:\/\/www.africa-press.net\/cotedivoire\/#\/schema\/person\/2b1cf3cd81a31e3cd26889ca66d677f1"},"headline":"de la r\u00e9bellion arm\u00e9e au retour de Laurent Gbagbo, chronologie de vingt ans de crises","datePublished":"2021-06-17T15:01:44+00:00","dateModified":"2021-06-17T19:14:39+00:00","mainEntityOfPage":{"@id":"https:\/\/www.africa-press.net\/cotedivoire\/politique\/cote-divoire-de-la-rebellion-armee-au-retour-de-laurent-gbagbo-chronologie-de-vingt-ans-de-crises"},"wordCount":851,"commentCount":0,"image":{"@id":"https:\/\/www.africa-press.net\/cotedivoire\/politique\/cote-divoire-de-la-rebellion-armee-au-retour-de-laurent-gbagbo-chronologie-de-vingt-ans-de-crises#primaryimage"},"thumbnailUrl":"https:\/\/static.africa-press.net\/cote\/sites\/43\/2021\/06\/img-60cb57d429e97.jpg","keywords":["Africa Press","Africa Press-C\u00f4te d'Ivoire","C\u00d4TE D'IVOIRE"],"articleSection":["homepage-french","Politique","Toutes les actualit\u00e9s"],"inLanguage":"fr-FR","potentialAction":[{"@type":"CommentAction","name":"Comment","target":["https:\/\/www.africa-press.net\/cotedivoire\/politique\/cote-divoire-de-la-rebellion-armee-au-retour-de-laurent-gbagbo-chronologie-de-vingt-ans-de-crises#respond"]}]},{"@type":"WebPage","@id":"https:\/\/www.africa-press.net\/cotedivoire\/politique\/cote-divoire-de-la-rebellion-armee-au-retour-de-laurent-gbagbo-chronologie-de-vingt-ans-de-crises","url":"https:\/\/www.africa-press.net\/cotedivoire\/politique\/cote-divoire-de-la-rebellion-armee-au-retour-de-laurent-gbagbo-chronologie-de-vingt-ans-de-crises","name":"de la r\u00e9bellion arm\u00e9e au retour de Laurent Gbagbo, chronologie de vingt ans de crises - C\u00f4te d&#039;Ivoire","isPartOf":{"@id":"https:\/\/www.africa-press.net\/cotedivoire\/#website"},"primaryImageOfPage":{"@id":"https:\/\/www.africa-press.net\/cotedivoire\/politique\/cote-divoire-de-la-rebellion-armee-au-retour-de-laurent-gbagbo-chronologie-de-vingt-ans-de-crises#primaryimage"},"image":{"@id":"https:\/\/www.africa-press.net\/cotedivoire\/politique\/cote-divoire-de-la-rebellion-armee-au-retour-de-laurent-gbagbo-chronologie-de-vingt-ans-de-crises#primaryimage"},"thumbnailUrl":"https:\/\/static.africa-press.net\/cote\/sites\/43\/2021\/06\/img-60cb57d429e97.jpg","datePublished":"2021-06-17T15:01:44+00:00","dateModified":"2021-06-17T19:14:39+00:00","author":{"@id":"https:\/\/www.africa-press.net\/cotedivoire\/#\/schema\/person\/2b1cf3cd81a31e3cd26889ca66d677f1"},"description":"Jeudi 17 juin, apr\u00e8s dix ans d\u2019absence, l\u2019ancien pr\u00e9sident Laurent Gbagbo, acquitt\u00e9 de crimes contre l\u2019humanit\u00e9 par la j ...","breadcrumb":{"@id":"https:\/\/www.africa-press.net\/cotedivoire\/politique\/cote-divoire-de-la-rebellion-armee-au-retour-de-laurent-gbagbo-chronologie-de-vingt-ans-de-crises#breadcrumb"},"inLanguage":"fr-FR","potentialAction":[{"@type":"ReadAction","target":["https:\/\/www.africa-press.net\/cotedivoire\/politique\/cote-divoire-de-la-rebellion-armee-au-retour-de-laurent-gbagbo-chronologie-de-vingt-ans-de-crises"]}]},{"@type":"ImageObject","inLanguage":"fr-FR","@id":"https:\/\/www.africa-press.net\/cotedivoire\/politique\/cote-divoire-de-la-rebellion-armee-au-retour-de-laurent-gbagbo-chronologie-de-vingt-ans-de-crises#primaryimage","url":"https:\/\/static.africa-press.net\/cote\/sites\/43\/2021\/06\/img-60cb57d429e97.jpg","contentUrl":"https:\/\/static.africa-press.net\/cote\/sites\/43\/2021\/06\/img-60cb57d429e97.jpg","width":1440,"height":720,"caption":"C\u00f4te d\u2019Ivoire\u00a0: de la r\u00e9bellion arm\u00e9e au retour de Laurent Gbagbo, chronologie de vingt ans de crises"},{"@type":"BreadcrumbList","@id":"https:\/\/www.africa-press.net\/cotedivoire\/politique\/cote-divoire-de-la-rebellion-armee-au-retour-de-laurent-gbagbo-chronologie-de-vingt-ans-de-crises#breadcrumb","itemListElement":[{"@type":"ListItem","position":1,"name":"Accueil","item":"https:\/\/www.africa-press.net\/cotedivoire\/"},{"@type":"ListItem","position":2,"name":"de la r\u00e9bellion arm\u00e9e au retour de Laurent Gbagbo, chronologie de vingt ans de crises"}]},{"@type":"WebSite","@id":"https:\/\/www.africa-press.net\/cotedivoire\/#website","url":"https:\/\/www.africa-press.net\/cotedivoire\/","name":"C\u00f4te d&#039;Ivoire","description":"Just another Africa News Agency Sites site","potentialAction":[{"@type":"SearchAction","target":{"@type":"EntryPoint","urlTemplate":"https:\/\/www.africa-press.net\/cotedivoire\/?s={search_term_string}"},"query-input":{"@type":"PropertyValueSpecification","valueRequired":true,"valueName":"search_term_string"}}],"inLanguage":"fr-FR"},{"@type":"Person","@id":"https:\/\/www.africa-press.net\/cotedivoire\/#\/schema\/person\/2b1cf3cd81a31e3cd26889ca66d677f1","name":"cfeditorfr"}]}},"_links":{"self":[{"href":"https:\/\/www.africa-press.net\/cotedivoire\/wp-json\/wp\/v2\/posts\/9121","targetHints":{"allow":["GET"]}}],"collection":[{"href":"https:\/\/www.africa-press.net\/cotedivoire\/wp-json\/wp\/v2\/posts"}],"about":[{"href":"https:\/\/www.africa-press.net\/cotedivoire\/wp-json\/wp\/v2\/types\/post"}],"author":[{"embeddable":true,"href":"https:\/\/www.africa-press.net\/cotedivoire\/wp-json\/wp\/v2\/users\/82"}],"replies":[{"embeddable":true,"href":"https:\/\/www.africa-press.net\/cotedivoire\/wp-json\/wp\/v2\/comments?post=9121"}],"version-history":[{"count":0,"href":"https:\/\/www.africa-press.net\/cotedivoire\/wp-json\/wp\/v2\/posts\/9121\/revisions"}],"wp:featuredmedia":[{"embeddable":true,"href":"https:\/\/www.africa-press.net\/cotedivoire\/wp-json\/wp\/v2\/media\/9120"}],"wp:attachment":[{"href":"https:\/\/www.africa-press.net\/cotedivoire\/wp-json\/wp\/v2\/media?parent=9121"}],"wp:term":[{"taxonomy":"category","embeddable":true,"href":"https:\/\/www.africa-press.net\/cotedivoire\/wp-json\/wp\/v2\/categories?post=9121"},{"taxonomy":"post_tag","embeddable":true,"href":"https:\/\/www.africa-press.net\/cotedivoire\/wp-json\/wp\/v2\/tags?post=9121"}],"curies":[{"name":"wp","href":"https:\/\/api.w.org\/{rel}","templated":true}]}}