{"id":9124,"date":"2021-06-17T15:11:24","date_gmt":"2021-06-17T15:11:24","guid":{"rendered":"https:\/\/www.africa-press.net\/cotedivoire\/?p=9124"},"modified":"2021-06-17T19:14:47","modified_gmt":"2021-06-17T19:14:47","slug":"retour-de-laurent-gbagbo-nous-ne-comprenons-pas-que-son-retour-soit-traite-comme-un-evenement-en-cote-divoire","status":"publish","type":"post","link":"https:\/\/www.africa-press.net\/cotedivoire\/politique\/retour-de-laurent-gbagbo-nous-ne-comprenons-pas-que-son-retour-soit-traite-comme-un-evenement-en-cote-divoire","title":{"rendered":"Retour de Laurent Gbagbo : \u00ab\u00a0Nous ne comprenons pas que son retour soit trait\u00e9 comme un \u00e9v\u00e9nement en C\u00f4te d\u2019Ivoire !\u00a0\u00bb"},"content":{"rendered":"<p><span style=\"color: #ff6600\"><strong><a href=\"https:\/\/www.africa-press.net\/\">Africa-Press<\/a> &#8211; <a href=\"https:\/\/www.africa-press.net\/cotedivoire\">C\u00f4te d&rsquo;Ivoire<\/a>. <\/strong><\/span><b>Entretien &#8211; Dix ans apr\u00e8s son d\u00e9part de C\u00f4te d&rsquo;Ivoire, Laurent Gbagbo est de retour \u00e0 Abidjan ce jeudi 17 juin 2021. L&rsquo;ancien pr\u00e9sident ivoirien avait \u00e9t\u00e9 d\u00e9finitivement acquitt\u00e9 par la Cour p\u00e9nale internationale fin mars. Dans son pays, ce retour prend une dimension politique que d\u00e9plore l&rsquo;Observatoire ivoirien des droits de l&rsquo;Homme (OIDH), pour qui il ne s&rsquo;agit pas d&rsquo;un \u00e9v\u00e9nement mais d&rsquo;un \u00e9pisode normal et logique.<\/b><\/p>\n<p><b>TV5MONDE : La C\u00f4te d&rsquo;Ivoire vit aujourd&rsquo;hui un moment important. Quelle en est votre lecture ?<\/b><\/p>\n<p><b>L&rsquo;Observatoire ivoirien des droits de l&rsquo;Homme :<\/b><\/p>\n<p>La r\u00e9ponse se situe sur deux points de vue. Nous avons observ\u00e9 le proc\u00e8s de Laurent Gbagbo et Charles Bl\u00e9 Goud\u00e9 \u00e0 La Haye pendant cinq ans. Ce retour s\u2019inscrit dans le fait que l\u2019un et l\u2019autre ont \u00e9t\u00e9 acquitt\u00e9s de toutes les charges par la Cour p\u00e9nale internationale. Et lorsque l\u2019on lit l\u2019arr\u00eat rendu en appel, il ressort clairement que le greffe de la CPI, en collaboration avec les autorit\u00e9s ivoiriennes doit tout mettre en oeuvre pour le retour de Laurent Gbagbo en C\u00f4te d\u2019Ivoire. Ce n\u2019est pas un service qui lui est rendu. Il n\u2019y a plus de charge, il rentre chez lui, il s\u2019agit donc de la chose la plus normale qui soit.<\/p>\n<p>J\u2019ajoute qu\u2019il fallait bien qu\u2019il rentre un jour en C\u00f4te d\u2019Ivoire, m\u00eame s\u2019il avait \u00e9t\u00e9 condamn\u00e9 et qu\u2019il avait purg\u00e9 sa peine. Nous ne comprenons pas que son retour soit trait\u00e9 comme un \u00e9v\u00e9nement en C\u00f4te d\u2019Ivoire car il \u00e9tait pr\u00e9destin\u00e9 \u00e0 rentrer ! Il ne faudrait pas que les Ivoiriens fassent des amalgames. Il n\u2019est pas un \u00e9tranger, il est Ivoirien. L\u2019id\u00e9al aurait m\u00eame \u00e9t\u00e9 qu\u2019il soit jug\u00e9 en C\u00f4te d\u2019Ivoire et, le cas \u00e9ch\u00e9ant, condamn\u00e9 en C\u00f4te d\u2019Ivoire. Ce qui est certain c\u2019est que nous n\u2019accr\u00e9ditons pas la th\u00e8se de certains selon laquelle il aurait fallu qu\u2019il reste pour toujours \u00e0 l\u2019ext\u00e9rieur de la C\u00f4te d\u2019Ivoire.<\/p>\n<p><b>On ne peut toutefois pas d\u00e9nier une utilisation politique qui est faite de ce retour&#8230;<\/b><\/p>\n<p>C\u2019est de bonne guerre ! Je comprends que, du c\u00f4t\u00e9 des partisans de Laurent Gbagbo, ce retour soit trait\u00e9 comme une f\u00eate. N\u00e9anmoins, du c\u00f4t\u00e9 des autorit\u00e9s, il doit \u00eatre abord\u00e9 comme le fait le plus naturel. Un Ivoirien rentre chez lui ! Il est ancien Chef d\u2019Etat et tous les attributs li\u00e9s \u00e0 cette fonction pass\u00e9e doivent lui \u00eatre garantis ! C\u2019est tout !<\/p>\n<p><b>A l&rsquo;occasion de ce retour, on a pu \u00e0 nouveau entendre les protestations de certains collectifs de victimes de la crise post-\u00e9lectorale de 2010-2011&#8230;<\/b><\/p>\n<p>Une fois encore, pas d\u2019amalgame ! La question du retour de Laurent Gbagbo est \u00e0 dissocier de toutes les poursuites et condamnations qui le visent en C\u00f4te d\u2019Ivoire. Dans un premier temps, et cons\u00e9cutivement \u00e0 la d\u00e9cision de la CPI, que l\u2019on laisse M. Gbagbo rentrer chez lui. Ensuite, la justice pourra, si elle le souhaite, d\u00e9rouler tout son rouleau compresseur c\u2019est \u00e0 dire mandats d\u2019arr\u00eat, poursuites, qui pourront faire l\u2019objet soit d\u2019ex\u00e9cution, soit de discussions, d\u2019amnistie ou de gr\u00e2ce mais c\u2019est une question juridique qui ne se pose pas maintenant. Les associations de victimes, nous les connaissons bien et nous les respectons, mais elles devraient comprendre que l\u2019obligation de r\u00e9paration incombe dans un premier temps \u00e0 l\u2019Etat. Si ces associations ne sont pas satisfaites de la fa\u00e7on dont le processus de justice ou d\u2019indemnisation ont \u00e9t\u00e9 conduits en C\u00f4te d\u2019Ivoire, leur cible ne doit pas \u00eatre Laurent Gbagbo mais le gouvernement. Elles doivent s\u2019en prendre aux autorit\u00e9s ivoiriennes pour demander plus de poursuites, plus d\u2019enqu\u00eates ou davantage de r\u00e9parations pour les victimes mais Laurent Gbagbo ne peut rien faire en l\u2019\u00e9tat !<\/p>\n<p><b>Dans quel climat politique Laurent Gbagbo rentre-t-il ?<\/b><\/p>\n<p>C\u2019est un retour sensible, il ne faut pas se voiler la face ! La C\u00f4te d\u2019Ivoire n\u2019a pas beaucoup avanc\u00e9 ces derni\u00e8res ann\u00e9es en mati\u00e8re de r\u00e9conciliation et nous pensons qu\u2019au lieu de s\u2019arcbouter sur la question de son accueil triomphal ou pas, il faut plut\u00f4t penser \u00e0 ce que sera sa contribution lorsqu\u2019il sera l\u00e0.<\/p>\n<p>En tant qu\u2019observateurs de la vie politique, on esp\u00e8re que celle-ci sera beaucoup plus anim\u00e9e ! Nous attendons des d\u00e9bats plus contradictoires dans le strict respect des libert\u00e9s publiques. Quoiqu\u2019on dise, messieurs Gbagbo et Bl\u00e9 Goud\u00e9 sont demeur\u00e9s populaires aupr\u00e8s d\u2019une certaine opinion en C\u00f4te d\u2019Ivoire et je pense que leur retour contribue \u00e0 la r\u00e9conciliation et permettra \u00e0 ceux qui n\u2019ont pas pu s\u2019exprimer jusque l\u00e0 de le faire. C\u2019est tout cela la d\u00e9mocratie.<\/p>\n<p>Le retour de Laurent Gbagbo \u00e0 lui seul n\u2019\u00e9puise pas la question de la r\u00e9conciliation qui reste enti\u00e8re avec \u00e9norm\u00e9ment de facteurs en ligne de compte, comme la lib\u00e9ration des d\u00e9tenus, l\u2019ouverture de l\u2019espace d\u00e9mocratique, une plus grande participation du public et des citoyens \u00e0 l\u2019\u0153uvre de gouvernance, l\u2019assainissement des finances publiques, etc.. et tout cela entre en ligne de compte pour la r\u00e9conciliation.<\/p>\n","protected":false},"excerpt":{"rendered":"<p>Africa-Press &#8211; C\u00f4te d&rsquo;Ivoire. Entretien &#8211; Dix ans apr\u00e8s son d\u00e9part de C\u00f4te d&rsquo;Ivoire, Laurent Gbagbo est de retour \u00e0 Abidjan ce jeudi 17 juin 2021. L&rsquo;ancien pr\u00e9sident ivoirien avait \u00e9t\u00e9 d\u00e9finitivement acquitt\u00e9 par la Cour p\u00e9nale internationale fin mars. Dans son pays, ce retour prend une dimension politique que d\u00e9plore l&rsquo;Observatoire ivoirien des droits [&hellip;]<\/p>\n","protected":false},"author":82,"featured_media":9123,"comment_status":"open","ping_status":"closed","sticky":false,"template":"","format":"standard","meta":{"footnotes":""},"categories":[11,2,10],"tags":[56,63,29],"class_list":["post-9124","post","type-post","status-publish","format-standard","has-post-thumbnail","hentry","category-homepage-french","category-politique","category-toutes-les-actualites","tag-africa-press","tag-africa-press-cote-divoire","tag-cote-divoire"],"yoast_head":"<!-- This site is optimized with the Yoast SEO Premium plugin v26.1 (Yoast SEO v27.0) - https:\/\/yoast.com\/product\/yoast-seo-premium-wordpress\/ -->\n<title>Retour de Laurent Gbagbo : &quot;Nous ne comprenons pas que son retour soit trait\u00e9 comme un \u00e9v\u00e9nement en C\u00f4te d\u2019Ivoire !&quot; - C\u00f4te d&#039;Ivoire<\/title>\n<meta name=\"description\" content=\"Entretien - Dix ans apr\u00e8s son d\u00e9part de C\u00f4te d&#039;Ivoire, Laurent Gbagbo est de retour \u00e0 Abidjan ce jeudi 17 juin 2021. ...\" \/>\n<meta name=\"robots\" content=\"index, follow, max-snippet:-1, max-image-preview:large, max-video-preview:-1\" \/>\n<link rel=\"canonical\" href=\"https:\/\/www.africa-press.net\/cotedivoire\/politique\/retour-de-laurent-gbagbo-nous-ne-comprenons-pas-que-son-retour-soit-traite-comme-un-evenement-en-cote-divoire\" \/>\n<meta property=\"og:locale\" content=\"fr_FR\" \/>\n<meta property=\"og:type\" content=\"article\" \/>\n<meta property=\"og:title\" content=\"Retour de Laurent Gbagbo : &quot;Nous ne comprenons pas que son retour soit trait\u00e9 comme un \u00e9v\u00e9nement en C\u00f4te d\u2019Ivoire !&quot;\" \/>\n<meta property=\"og:description\" content=\"Entretien - Dix ans apr\u00e8s son d\u00e9part de C\u00f4te d&#039;Ivoire, Laurent Gbagbo est de retour \u00e0 Abidjan ce jeudi 17 juin 2021. ...\" \/>\n<meta property=\"og:url\" content=\"https:\/\/www.africa-press.net\/cotedivoire\/politique\/retour-de-laurent-gbagbo-nous-ne-comprenons-pas-que-son-retour-soit-traite-comme-un-evenement-en-cote-divoire\" \/>\n<meta property=\"og:site_name\" content=\"C\u00f4te d&#039;Ivoire\" \/>\n<meta property=\"article:published_time\" content=\"2021-06-17T15:11:24+00:00\" \/>\n<meta property=\"article:modified_time\" content=\"2021-06-17T19:14:47+00:00\" \/>\n<meta property=\"og:image\" content=\"https:\/\/static.africa-press.net\/cote\/sites\/43\/2021\/06\/img-60cb57fca70cd.jpg\" \/>\n\t<meta property=\"og:image:width\" content=\"770\" \/>\n\t<meta property=\"og:image:height\" content=\"520\" \/>\n\t<meta property=\"og:image:type\" content=\"image\/jpeg\" \/>\n<meta name=\"author\" content=\"cfeditorfr\" \/>\n<meta name=\"twitter:card\" content=\"summary_large_image\" \/>\n<meta name=\"twitter:label1\" content=\"\u00c9crit par\" \/>\n\t<meta name=\"twitter:data1\" content=\"cfeditorfr\" \/>\n\t<meta name=\"twitter:label2\" content=\"Dur\u00e9e de lecture estim\u00e9e\" \/>\n\t<meta name=\"twitter:data2\" content=\"5 minutes\" \/>\n<script type=\"application\/ld+json\" class=\"yoast-schema-graph\">{\"@context\":\"https:\/\/schema.org\",\"@graph\":[{\"@type\":\"Article\",\"@id\":\"https:\/\/www.africa-press.net\/cotedivoire\/politique\/retour-de-laurent-gbagbo-nous-ne-comprenons-pas-que-son-retour-soit-traite-comme-un-evenement-en-cote-divoire#article\",\"isPartOf\":{\"@id\":\"https:\/\/www.africa-press.net\/cotedivoire\/politique\/retour-de-laurent-gbagbo-nous-ne-comprenons-pas-que-son-retour-soit-traite-comme-un-evenement-en-cote-divoire\"},\"author\":{\"name\":\"cfeditorfr\",\"@id\":\"https:\/\/www.africa-press.net\/cotedivoire\/#\/schema\/person\/2b1cf3cd81a31e3cd26889ca66d677f1\"},\"headline\":\"Retour de Laurent Gbagbo : \u00ab\u00a0Nous ne comprenons pas que son retour soit trait\u00e9 comme un \u00e9v\u00e9nement en C\u00f4te d\u2019Ivoire !\u00a0\u00bb\",\"datePublished\":\"2021-06-17T15:11:24+00:00\",\"dateModified\":\"2021-06-17T19:14:47+00:00\",\"mainEntityOfPage\":{\"@id\":\"https:\/\/www.africa-press.net\/cotedivoire\/politique\/retour-de-laurent-gbagbo-nous-ne-comprenons-pas-que-son-retour-soit-traite-comme-un-evenement-en-cote-divoire\"},\"wordCount\":953,\"commentCount\":0,\"image\":{\"@id\":\"https:\/\/www.africa-press.net\/cotedivoire\/politique\/retour-de-laurent-gbagbo-nous-ne-comprenons-pas-que-son-retour-soit-traite-comme-un-evenement-en-cote-divoire#primaryimage\"},\"thumbnailUrl\":\"https:\/\/static.africa-press.net\/cote\/sites\/43\/2021\/06\/img-60cb57fca70cd.jpg\",\"keywords\":[\"Africa Press\",\"Africa Press-C\u00f4te d'Ivoire\",\"C\u00d4TE D'IVOIRE\"],\"articleSection\":[\"homepage-french\",\"Politique\",\"Toutes les actualit\u00e9s\"],\"inLanguage\":\"fr-FR\",\"potentialAction\":[{\"@type\":\"CommentAction\",\"name\":\"Comment\",\"target\":[\"https:\/\/www.africa-press.net\/cotedivoire\/politique\/retour-de-laurent-gbagbo-nous-ne-comprenons-pas-que-son-retour-soit-traite-comme-un-evenement-en-cote-divoire#respond\"]}]},{\"@type\":\"WebPage\",\"@id\":\"https:\/\/www.africa-press.net\/cotedivoire\/politique\/retour-de-laurent-gbagbo-nous-ne-comprenons-pas-que-son-retour-soit-traite-comme-un-evenement-en-cote-divoire\",\"url\":\"https:\/\/www.africa-press.net\/cotedivoire\/politique\/retour-de-laurent-gbagbo-nous-ne-comprenons-pas-que-son-retour-soit-traite-comme-un-evenement-en-cote-divoire\",\"name\":\"Retour de Laurent Gbagbo : \\\"Nous ne comprenons pas que son retour soit trait\u00e9 comme un \u00e9v\u00e9nement en C\u00f4te d\u2019Ivoire !\\\" - C\u00f4te d&#039;Ivoire\",\"isPartOf\":{\"@id\":\"https:\/\/www.africa-press.net\/cotedivoire\/#website\"},\"primaryImageOfPage\":{\"@id\":\"https:\/\/www.africa-press.net\/cotedivoire\/politique\/retour-de-laurent-gbagbo-nous-ne-comprenons-pas-que-son-retour-soit-traite-comme-un-evenement-en-cote-divoire#primaryimage\"},\"image\":{\"@id\":\"https:\/\/www.africa-press.net\/cotedivoire\/politique\/retour-de-laurent-gbagbo-nous-ne-comprenons-pas-que-son-retour-soit-traite-comme-un-evenement-en-cote-divoire#primaryimage\"},\"thumbnailUrl\":\"https:\/\/static.africa-press.net\/cote\/sites\/43\/2021\/06\/img-60cb57fca70cd.jpg\",\"datePublished\":\"2021-06-17T15:11:24+00:00\",\"dateModified\":\"2021-06-17T19:14:47+00:00\",\"author\":{\"@id\":\"https:\/\/www.africa-press.net\/cotedivoire\/#\/schema\/person\/2b1cf3cd81a31e3cd26889ca66d677f1\"},\"description\":\"Entretien - Dix ans apr\u00e8s son d\u00e9part de C\u00f4te d'Ivoire, Laurent Gbagbo est de retour \u00e0 Abidjan ce jeudi 17 juin 2021. ...\",\"breadcrumb\":{\"@id\":\"https:\/\/www.africa-press.net\/cotedivoire\/politique\/retour-de-laurent-gbagbo-nous-ne-comprenons-pas-que-son-retour-soit-traite-comme-un-evenement-en-cote-divoire#breadcrumb\"},\"inLanguage\":\"fr-FR\",\"potentialAction\":[{\"@type\":\"ReadAction\",\"target\":[\"https:\/\/www.africa-press.net\/cotedivoire\/politique\/retour-de-laurent-gbagbo-nous-ne-comprenons-pas-que-son-retour-soit-traite-comme-un-evenement-en-cote-divoire\"]}]},{\"@type\":\"ImageObject\",\"inLanguage\":\"fr-FR\",\"@id\":\"https:\/\/www.africa-press.net\/cotedivoire\/politique\/retour-de-laurent-gbagbo-nous-ne-comprenons-pas-que-son-retour-soit-traite-comme-un-evenement-en-cote-divoire#primaryimage\",\"url\":\"https:\/\/static.africa-press.net\/cote\/sites\/43\/2021\/06\/img-60cb57fca70cd.jpg\",\"contentUrl\":\"https:\/\/static.africa-press.net\/cote\/sites\/43\/2021\/06\/img-60cb57fca70cd.jpg\",\"width\":770,\"height\":520,\"caption\":\"Retour de Laurent Gbagbo : \\\"Nous ne comprenons pas que son retour soit trait\u00e9 comme un \u00e9v\u00e9nement en C\u00f4te d\u2019Ivoire !\\\"\"},{\"@type\":\"BreadcrumbList\",\"@id\":\"https:\/\/www.africa-press.net\/cotedivoire\/politique\/retour-de-laurent-gbagbo-nous-ne-comprenons-pas-que-son-retour-soit-traite-comme-un-evenement-en-cote-divoire#breadcrumb\",\"itemListElement\":[{\"@type\":\"ListItem\",\"position\":1,\"name\":\"Accueil\",\"item\":\"https:\/\/www.africa-press.net\/cotedivoire\/\"},{\"@type\":\"ListItem\",\"position\":2,\"name\":\"Retour de Laurent Gbagbo : &#8220;Nous ne comprenons pas que son retour soit trait\u00e9 comme un \u00e9v\u00e9nement en C\u00f4te d\u2019Ivoire !&#8221;\"}]},{\"@type\":\"WebSite\",\"@id\":\"https:\/\/www.africa-press.net\/cotedivoire\/#website\",\"url\":\"https:\/\/www.africa-press.net\/cotedivoire\/\",\"name\":\"C\u00f4te d&#039;Ivoire\",\"description\":\"Just another Africa News Agency Sites site\",\"potentialAction\":[{\"@type\":\"SearchAction\",\"target\":{\"@type\":\"EntryPoint\",\"urlTemplate\":\"https:\/\/www.africa-press.net\/cotedivoire\/?s={search_term_string}\"},\"query-input\":{\"@type\":\"PropertyValueSpecification\",\"valueRequired\":true,\"valueName\":\"search_term_string\"}}],\"inLanguage\":\"fr-FR\"},{\"@type\":\"Person\",\"@id\":\"https:\/\/www.africa-press.net\/cotedivoire\/#\/schema\/person\/2b1cf3cd81a31e3cd26889ca66d677f1\",\"name\":\"cfeditorfr\"}]}<\/script>\n<!-- \/ Yoast SEO Premium plugin. -->","yoast_head_json":{"title":"Retour de Laurent Gbagbo : \"Nous ne comprenons pas que son retour soit trait\u00e9 comme un \u00e9v\u00e9nement en C\u00f4te d\u2019Ivoire !\" - C\u00f4te d&#039;Ivoire","description":"Entretien - Dix ans apr\u00e8s son d\u00e9part de C\u00f4te d'Ivoire, Laurent Gbagbo est de retour \u00e0 Abidjan ce jeudi 17 juin 2021. ...","robots":{"index":"index","follow":"follow","max-snippet":"max-snippet:-1","max-image-preview":"max-image-preview:large","max-video-preview":"max-video-preview:-1"},"canonical":"https:\/\/www.africa-press.net\/cotedivoire\/politique\/retour-de-laurent-gbagbo-nous-ne-comprenons-pas-que-son-retour-soit-traite-comme-un-evenement-en-cote-divoire","og_locale":"fr_FR","og_type":"article","og_title":"Retour de Laurent Gbagbo : \"Nous ne comprenons pas que son retour soit trait\u00e9 comme un \u00e9v\u00e9nement en C\u00f4te d\u2019Ivoire !\"","og_description":"Entretien - Dix ans apr\u00e8s son d\u00e9part de C\u00f4te d'Ivoire, Laurent Gbagbo est de retour \u00e0 Abidjan ce jeudi 17 juin 2021. ...","og_url":"https:\/\/www.africa-press.net\/cotedivoire\/politique\/retour-de-laurent-gbagbo-nous-ne-comprenons-pas-que-son-retour-soit-traite-comme-un-evenement-en-cote-divoire","og_site_name":"C\u00f4te d&#039;Ivoire","article_published_time":"2021-06-17T15:11:24+00:00","article_modified_time":"2021-06-17T19:14:47+00:00","og_image":[{"width":770,"height":520,"url":"https:\/\/static.africa-press.net\/cote\/sites\/43\/2021\/06\/img-60cb57fca70cd.jpg","type":"image\/jpeg"}],"author":"cfeditorfr","twitter_card":"summary_large_image","twitter_misc":{"\u00c9crit par":"cfeditorfr","Dur\u00e9e de lecture estim\u00e9e":"5 minutes"},"schema":{"@context":"https:\/\/schema.org","@graph":[{"@type":"Article","@id":"https:\/\/www.africa-press.net\/cotedivoire\/politique\/retour-de-laurent-gbagbo-nous-ne-comprenons-pas-que-son-retour-soit-traite-comme-un-evenement-en-cote-divoire#article","isPartOf":{"@id":"https:\/\/www.africa-press.net\/cotedivoire\/politique\/retour-de-laurent-gbagbo-nous-ne-comprenons-pas-que-son-retour-soit-traite-comme-un-evenement-en-cote-divoire"},"author":{"name":"cfeditorfr","@id":"https:\/\/www.africa-press.net\/cotedivoire\/#\/schema\/person\/2b1cf3cd81a31e3cd26889ca66d677f1"},"headline":"Retour de Laurent Gbagbo : \u00ab\u00a0Nous ne comprenons pas que son retour soit trait\u00e9 comme un \u00e9v\u00e9nement en C\u00f4te d\u2019Ivoire !\u00a0\u00bb","datePublished":"2021-06-17T15:11:24+00:00","dateModified":"2021-06-17T19:14:47+00:00","mainEntityOfPage":{"@id":"https:\/\/www.africa-press.net\/cotedivoire\/politique\/retour-de-laurent-gbagbo-nous-ne-comprenons-pas-que-son-retour-soit-traite-comme-un-evenement-en-cote-divoire"},"wordCount":953,"commentCount":0,"image":{"@id":"https:\/\/www.africa-press.net\/cotedivoire\/politique\/retour-de-laurent-gbagbo-nous-ne-comprenons-pas-que-son-retour-soit-traite-comme-un-evenement-en-cote-divoire#primaryimage"},"thumbnailUrl":"https:\/\/static.africa-press.net\/cote\/sites\/43\/2021\/06\/img-60cb57fca70cd.jpg","keywords":["Africa Press","Africa Press-C\u00f4te d'Ivoire","C\u00d4TE D'IVOIRE"],"articleSection":["homepage-french","Politique","Toutes les actualit\u00e9s"],"inLanguage":"fr-FR","potentialAction":[{"@type":"CommentAction","name":"Comment","target":["https:\/\/www.africa-press.net\/cotedivoire\/politique\/retour-de-laurent-gbagbo-nous-ne-comprenons-pas-que-son-retour-soit-traite-comme-un-evenement-en-cote-divoire#respond"]}]},{"@type":"WebPage","@id":"https:\/\/www.africa-press.net\/cotedivoire\/politique\/retour-de-laurent-gbagbo-nous-ne-comprenons-pas-que-son-retour-soit-traite-comme-un-evenement-en-cote-divoire","url":"https:\/\/www.africa-press.net\/cotedivoire\/politique\/retour-de-laurent-gbagbo-nous-ne-comprenons-pas-que-son-retour-soit-traite-comme-un-evenement-en-cote-divoire","name":"Retour de Laurent Gbagbo : \"Nous ne comprenons pas que son retour soit trait\u00e9 comme un \u00e9v\u00e9nement en C\u00f4te d\u2019Ivoire !\" - C\u00f4te d&#039;Ivoire","isPartOf":{"@id":"https:\/\/www.africa-press.net\/cotedivoire\/#website"},"primaryImageOfPage":{"@id":"https:\/\/www.africa-press.net\/cotedivoire\/politique\/retour-de-laurent-gbagbo-nous-ne-comprenons-pas-que-son-retour-soit-traite-comme-un-evenement-en-cote-divoire#primaryimage"},"image":{"@id":"https:\/\/www.africa-press.net\/cotedivoire\/politique\/retour-de-laurent-gbagbo-nous-ne-comprenons-pas-que-son-retour-soit-traite-comme-un-evenement-en-cote-divoire#primaryimage"},"thumbnailUrl":"https:\/\/static.africa-press.net\/cote\/sites\/43\/2021\/06\/img-60cb57fca70cd.jpg","datePublished":"2021-06-17T15:11:24+00:00","dateModified":"2021-06-17T19:14:47+00:00","author":{"@id":"https:\/\/www.africa-press.net\/cotedivoire\/#\/schema\/person\/2b1cf3cd81a31e3cd26889ca66d677f1"},"description":"Entretien - Dix ans apr\u00e8s son d\u00e9part de C\u00f4te d'Ivoire, Laurent Gbagbo est de retour \u00e0 Abidjan ce jeudi 17 juin 2021. ...","breadcrumb":{"@id":"https:\/\/www.africa-press.net\/cotedivoire\/politique\/retour-de-laurent-gbagbo-nous-ne-comprenons-pas-que-son-retour-soit-traite-comme-un-evenement-en-cote-divoire#breadcrumb"},"inLanguage":"fr-FR","potentialAction":[{"@type":"ReadAction","target":["https:\/\/www.africa-press.net\/cotedivoire\/politique\/retour-de-laurent-gbagbo-nous-ne-comprenons-pas-que-son-retour-soit-traite-comme-un-evenement-en-cote-divoire"]}]},{"@type":"ImageObject","inLanguage":"fr-FR","@id":"https:\/\/www.africa-press.net\/cotedivoire\/politique\/retour-de-laurent-gbagbo-nous-ne-comprenons-pas-que-son-retour-soit-traite-comme-un-evenement-en-cote-divoire#primaryimage","url":"https:\/\/static.africa-press.net\/cote\/sites\/43\/2021\/06\/img-60cb57fca70cd.jpg","contentUrl":"https:\/\/static.africa-press.net\/cote\/sites\/43\/2021\/06\/img-60cb57fca70cd.jpg","width":770,"height":520,"caption":"Retour de Laurent Gbagbo : \"Nous ne comprenons pas que son retour soit trait\u00e9 comme un \u00e9v\u00e9nement en C\u00f4te d\u2019Ivoire !\""},{"@type":"BreadcrumbList","@id":"https:\/\/www.africa-press.net\/cotedivoire\/politique\/retour-de-laurent-gbagbo-nous-ne-comprenons-pas-que-son-retour-soit-traite-comme-un-evenement-en-cote-divoire#breadcrumb","itemListElement":[{"@type":"ListItem","position":1,"name":"Accueil","item":"https:\/\/www.africa-press.net\/cotedivoire\/"},{"@type":"ListItem","position":2,"name":"Retour de Laurent Gbagbo : &#8220;Nous ne comprenons pas que son retour soit trait\u00e9 comme un \u00e9v\u00e9nement en C\u00f4te d\u2019Ivoire !&#8221;"}]},{"@type":"WebSite","@id":"https:\/\/www.africa-press.net\/cotedivoire\/#website","url":"https:\/\/www.africa-press.net\/cotedivoire\/","name":"C\u00f4te d&#039;Ivoire","description":"Just another Africa News Agency Sites site","potentialAction":[{"@type":"SearchAction","target":{"@type":"EntryPoint","urlTemplate":"https:\/\/www.africa-press.net\/cotedivoire\/?s={search_term_string}"},"query-input":{"@type":"PropertyValueSpecification","valueRequired":true,"valueName":"search_term_string"}}],"inLanguage":"fr-FR"},{"@type":"Person","@id":"https:\/\/www.africa-press.net\/cotedivoire\/#\/schema\/person\/2b1cf3cd81a31e3cd26889ca66d677f1","name":"cfeditorfr"}]}},"_links":{"self":[{"href":"https:\/\/www.africa-press.net\/cotedivoire\/wp-json\/wp\/v2\/posts\/9124","targetHints":{"allow":["GET"]}}],"collection":[{"href":"https:\/\/www.africa-press.net\/cotedivoire\/wp-json\/wp\/v2\/posts"}],"about":[{"href":"https:\/\/www.africa-press.net\/cotedivoire\/wp-json\/wp\/v2\/types\/post"}],"author":[{"embeddable":true,"href":"https:\/\/www.africa-press.net\/cotedivoire\/wp-json\/wp\/v2\/users\/82"}],"replies":[{"embeddable":true,"href":"https:\/\/www.africa-press.net\/cotedivoire\/wp-json\/wp\/v2\/comments?post=9124"}],"version-history":[{"count":0,"href":"https:\/\/www.africa-press.net\/cotedivoire\/wp-json\/wp\/v2\/posts\/9124\/revisions"}],"wp:featuredmedia":[{"embeddable":true,"href":"https:\/\/www.africa-press.net\/cotedivoire\/wp-json\/wp\/v2\/media\/9123"}],"wp:attachment":[{"href":"https:\/\/www.africa-press.net\/cotedivoire\/wp-json\/wp\/v2\/media?parent=9124"}],"wp:term":[{"taxonomy":"category","embeddable":true,"href":"https:\/\/www.africa-press.net\/cotedivoire\/wp-json\/wp\/v2\/categories?post=9124"},{"taxonomy":"post_tag","embeddable":true,"href":"https:\/\/www.africa-press.net\/cotedivoire\/wp-json\/wp\/v2\/tags?post=9124"}],"curies":[{"name":"wp","href":"https:\/\/api.w.org\/{rel}","templated":true}]}}