{"id":9127,"date":"2021-06-17T15:19:06","date_gmt":"2021-06-17T15:19:06","guid":{"rendered":"https:\/\/www.africa-press.net\/cotedivoire\/?p=9127"},"modified":"2021-06-17T19:14:56","modified_gmt":"2021-06-17T19:14:56","slug":"pourquoi-charles-ble-goude-doit-il-attendre-encore-pour-rentrer-en-cote-divoire","status":"publish","type":"post","link":"https:\/\/www.africa-press.net\/cotedivoire\/politique\/pourquoi-charles-ble-goude-doit-il-attendre-encore-pour-rentrer-en-cote-divoire","title":{"rendered":"Pourquoi Charles Bl\u00e9 Goud\u00e9 doit-il attendre encore pour rentrer en C\u00f4te d&rsquo;Ivoire ?"},"content":{"rendered":"<p><span style=\"color: #ff6600\"><strong><a href=\"https:\/\/www.africa-press.net\/\">Africa-Press<\/a> &#8211; <a href=\"https:\/\/www.africa-press.net\/cotedivoire\">C\u00f4te d&rsquo;Ivoire<\/a>. <\/strong><\/span><b>Contrairement \u00e0 Laurent Gbagbo de retour ce jeudi 17 juin en C\u00f4te d&rsquo;Ivoire apr\u00e8s dix ans d&rsquo;absence, son ancien responsable de la jeunesse Charles Bl\u00e9 Goud\u00e9 est toujours \u00e0 La Haye (Pays-Bas) o\u00f9 si\u00e8ge la Cour p\u00e9nale internationale. S&rsquo;il a, lui aussi, \u00e9t\u00e9 d\u00e9finitivement acquitt\u00e9, l&rsquo;ancien ministre n&rsquo;a toujours pas re\u00e7u son passeport.<\/b><\/p>\n<p>\u00ab\u00a0Je n&rsquo;ai toujours pas re\u00e7u mon passeport\u00a0\u00bb, a affirm\u00e9 \u00e0 l&rsquo;Agence France-Presse Charles Bl\u00e9 Goud\u00e9, avant l&rsquo;arriv\u00e9e de M. Gbagbo \u00e0 Abidjan.<\/p>\n<p>M. Bl\u00e9 Goud\u00e9 avait affirm\u00e9 le 19 avril que la Cour p\u00e9nale internationale (CPI), qui l&rsquo;a d\u00e9finitivement acquitt\u00e9 de crimes contre l&rsquo;humanit\u00e9 le 31 mars en m\u00eame temps que Laurent Gbagbo, s&rsquo;\u00e9tait engag\u00e9e \u00e0 l&rsquo;aider \u00e0 obtenir un passeport. Mais, assure-t-il, \u00ab\u00a0la prison m&rsquo;a aussi appris la patience\u00a0\u00bb.<\/p>\n<p>De son mentor en politique, Charles Bl\u00e9 Goud\u00e9 qui a \u00e9t\u00e9 son ministre de la Jeunesse, d\u00e9clare: \u00ab\u00a0J&rsquo;ai connu trois Gbagbo, l&rsquo;opposant, le pr\u00e9sident de la R\u00e9publique et l&rsquo;homme dans toute sa simplicit\u00e9 en prison\u00a0\u00bb.<\/p>\n<p>Charles Bl\u00e9 Goud\u00e9 n&rsquo;a pas cach\u00e9 qu&rsquo;\u00e0 49 ans, il souhaitait voler de ses propres ailes et aimerait \u00ab\u00a0un jour diriger\u00a0\u00bb son pays. Il ne s&rsquo;est pas pr\u00e9sent\u00e9 \u00e0 la pr\u00e9sidentielle d&rsquo;octobre 2020, remport\u00e9e par Alassane Ouattara, mais pourrait \u00eatre candidat en 2025.<\/p>\n<p><b>Voir aussi : C\u00f4te d&rsquo;Ivoire : Laurent Gbagbo et Charles Bl\u00e9 Goud\u00e9 autoris\u00e9s \u00e0 rentrer au pays<\/b><\/p>\n<p>De La Haye o\u00f9 il vit actuellement, M. Bl\u00e9 Goud\u00e9 a n\u00e9anmoins indiqu\u00e9 avoir donn\u00e9 instruction \u00e0 son parti, le Congr\u00e8s panafricain pour la justice et l&rsquo;\u00e9galit\u00e9 des peuples (Cojep) et \u00e0 tous les mouvements qui le soutiennent, de \u00ab\u00a0se mobiliser pour se joindre \u00e0 l&rsquo;\u00e9lan d&rsquo;accueil r\u00e9serv\u00e9\u00a0\u00bb \u00e0 M. Gbagbo. \u00ab\u00a0L&rsquo;arriv\u00e9e du patron de notre patron pr\u00e9pare aussi le sien\u00a0\u00bb, s&rsquo;est r\u00e9joui aupr\u00e8s de l&rsquo;AFP le secr\u00e9taire g\u00e9n\u00e9ral du Cojep, Patrice Saraka.<\/p>\n<p>Pour le retour de Laurent Gbagbo apr\u00e8s dix ans d&rsquo;absence, le parti de M. Bl\u00e9 Goud\u00e9 a lanc\u00e9 l&rsquo;op\u00e9ration \u00ab\u00a0Akwaba-Woody\u00a0\u00bb (\u00ab\u00a0Bienvenue \u00e0 l&rsquo;homme, le vrai\u00a0\u00bb, dans la langue de l&rsquo;ethnie b\u00e9t\u00e9 de M. Gbagbo), comprenant notamment la confection de milliers de T-shirts \u00e0 effigie de l&rsquo;ex-pr\u00e9sident, frapp\u00e9s du sigle Cojep.<\/p>\n<p>Alassane Ouattara a donn\u00e9 le 7 avril, une semaine apr\u00e8s leur acquittement, son feu vert au retour de son grand rival Laurent Gbagbo et de Charles Bl\u00e9 Goud\u00e9. M. Gbagbo aura droit aux \u00e9gards dus aux anciens pr\u00e9sidents, notamment un accueil au pavillon pr\u00e9sidentiel de l&rsquo;a\u00e9roport d&rsquo;Abidjan, mais M. Ouattara n&rsquo;a pas mentionn\u00e9 de dispositions particuli\u00e8res concernant M. Bl\u00e9 Goud\u00e9, qui lui a toutefois exprim\u00e9 sa \u00ab\u00a0gratitude\u00a0\u00bb pour son geste.<\/p>\n<p><b>Voir aussi : C\u00f4te d&rsquo;Ivoire : Charles Bl\u00e9 Goud\u00e9 condamn\u00e9 \u00e0 20 ans de prison par la justice ivoirienne<\/b><\/p>\n<p><b>\u00ab\u00a0Pas une pr\u00e9occupation\u00a0\u00bb<\/b><\/p>\n<p>\u00ab\u00a0Le cas Bl\u00e9 Goud\u00e9 n&rsquo;est pas une pr\u00e9occupation au sommet de l&rsquo;Etat\u00a0\u00bb, a affirm\u00e9 un proche du pouvoir ayant requis l&rsquo;anonymat. Arr\u00eat\u00e9 en 2013 au Ghana, M. Bl\u00e9 Goud\u00e9 avait \u00e9t\u00e9 transf\u00e9r\u00e9 \u00e0 la CPI \u00e0 La Haye en 2014 pour y \u00eatre jug\u00e9 pour crimes contre l&rsquo;humanit\u00e9 aux c\u00f4t\u00e9s de Laurent Gbagbo.<\/p>\n<p>Comme Laurent Gbagbo, M. Bl\u00e9 Goud\u00e9 a \u00e9t\u00e9 condamn\u00e9 par contumace en C\u00f4te d&rsquo;Ivoire \u00e0 20 ans de prison pour des faits li\u00e9s \u00e0 cette crise. Si le gouvernement a clairement laiss\u00e9 entendre que la peine contre M. Gbagbo serait abandonn\u00e9e, il n&rsquo;a rien dit concernant celle de Charles Bl\u00e9 Goud\u00e9.<\/p>\n<p>&nbsp;<\/p>\n","protected":false},"excerpt":{"rendered":"<p>Africa-Press &#8211; C\u00f4te d&rsquo;Ivoire. Contrairement \u00e0 Laurent Gbagbo de retour ce jeudi 17 juin en C\u00f4te d&rsquo;Ivoire apr\u00e8s dix ans d&rsquo;absence, son ancien responsable de la jeunesse Charles Bl\u00e9 Goud\u00e9 est toujours \u00e0 La Haye (Pays-Bas) o\u00f9 si\u00e8ge la Cour p\u00e9nale internationale. S&rsquo;il a, lui aussi, \u00e9t\u00e9 d\u00e9finitivement acquitt\u00e9, l&rsquo;ancien ministre n&rsquo;a toujours pas re\u00e7u [&hellip;]<\/p>\n","protected":false},"author":82,"featured_media":9126,"comment_status":"open","ping_status":"closed","sticky":false,"template":"","format":"standard","meta":{"footnotes":""},"categories":[11,2,20,10],"tags":[56,63,29],"class_list":["post-9127","post","type-post","status-publish","format-standard","has-post-thumbnail","hentry","category-homepage-french","category-politique","category-top-nouvelles","category-toutes-les-actualites","tag-africa-press","tag-africa-press-cote-divoire","tag-cote-divoire"],"yoast_head":"<!-- This site is optimized with the Yoast SEO Premium plugin v26.1 (Yoast SEO v27.0) - https:\/\/yoast.com\/product\/yoast-seo-premium-wordpress\/ -->\n<title>Pourquoi Charles Bl\u00e9 Goud\u00e9 doit-il attendre encore pour rentrer en C\u00f4te d&#039;Ivoire ? - C\u00f4te d&#039;Ivoire<\/title>\n<meta name=\"description\" content=\"Contrairement \u00e0 Laurent Gbagbo de retour ce jeudi 17 juin en C\u00f4te d&#039;Ivoire apr\u00e8s dix ans d&#039;absence, son ancien respon ...\" \/>\n<meta name=\"robots\" content=\"index, follow, max-snippet:-1, max-image-preview:large, max-video-preview:-1\" \/>\n<link rel=\"canonical\" href=\"https:\/\/www.africa-press.net\/cotedivoire\/politique\/pourquoi-charles-ble-goude-doit-il-attendre-encore-pour-rentrer-en-cote-divoire\" \/>\n<meta property=\"og:locale\" content=\"fr_FR\" \/>\n<meta property=\"og:type\" content=\"article\" \/>\n<meta property=\"og:title\" content=\"Pourquoi Charles Bl\u00e9 Goud\u00e9 doit-il attendre encore pour rentrer en C\u00f4te d&#039;Ivoire ?\" \/>\n<meta property=\"og:description\" content=\"Contrairement \u00e0 Laurent Gbagbo de retour ce jeudi 17 juin en C\u00f4te d&#039;Ivoire apr\u00e8s dix ans d&#039;absence, son ancien respon ...\" \/>\n<meta property=\"og:url\" content=\"https:\/\/www.africa-press.net\/cotedivoire\/politique\/pourquoi-charles-ble-goude-doit-il-attendre-encore-pour-rentrer-en-cote-divoire\" \/>\n<meta property=\"og:site_name\" content=\"C\u00f4te d&#039;Ivoire\" \/>\n<meta property=\"article:published_time\" content=\"2021-06-17T15:19:06+00:00\" \/>\n<meta property=\"article:modified_time\" content=\"2021-06-17T19:14:56+00:00\" \/>\n<meta property=\"og:image\" content=\"https:\/\/static.africa-press.net\/cote\/sites\/43\/2021\/06\/img-60cb58277659f.jpg\" \/>\n\t<meta property=\"og:image:width\" content=\"770\" \/>\n\t<meta property=\"og:image:height\" content=\"496\" \/>\n\t<meta property=\"og:image:type\" content=\"image\/jpeg\" \/>\n<meta name=\"author\" content=\"cfeditorfr\" \/>\n<meta name=\"twitter:card\" content=\"summary_large_image\" \/>\n<meta name=\"twitter:label1\" content=\"\u00c9crit par\" \/>\n\t<meta name=\"twitter:data1\" content=\"cfeditorfr\" \/>\n\t<meta name=\"twitter:label2\" content=\"Dur\u00e9e de lecture estim\u00e9e\" \/>\n\t<meta name=\"twitter:data2\" content=\"3 minutes\" \/>\n<script type=\"application\/ld+json\" class=\"yoast-schema-graph\">{\"@context\":\"https:\/\/schema.org\",\"@graph\":[{\"@type\":\"Article\",\"@id\":\"https:\/\/www.africa-press.net\/cotedivoire\/politique\/pourquoi-charles-ble-goude-doit-il-attendre-encore-pour-rentrer-en-cote-divoire#article\",\"isPartOf\":{\"@id\":\"https:\/\/www.africa-press.net\/cotedivoire\/politique\/pourquoi-charles-ble-goude-doit-il-attendre-encore-pour-rentrer-en-cote-divoire\"},\"author\":{\"name\":\"cfeditorfr\",\"@id\":\"https:\/\/www.africa-press.net\/cotedivoire\/#\/schema\/person\/2b1cf3cd81a31e3cd26889ca66d677f1\"},\"headline\":\"Pourquoi Charles Bl\u00e9 Goud\u00e9 doit-il attendre encore pour rentrer en C\u00f4te d&rsquo;Ivoire ?\",\"datePublished\":\"2021-06-17T15:19:06+00:00\",\"dateModified\":\"2021-06-17T19:14:56+00:00\",\"mainEntityOfPage\":{\"@id\":\"https:\/\/www.africa-press.net\/cotedivoire\/politique\/pourquoi-charles-ble-goude-doit-il-attendre-encore-pour-rentrer-en-cote-divoire\"},\"wordCount\":615,\"commentCount\":0,\"image\":{\"@id\":\"https:\/\/www.africa-press.net\/cotedivoire\/politique\/pourquoi-charles-ble-goude-doit-il-attendre-encore-pour-rentrer-en-cote-divoire#primaryimage\"},\"thumbnailUrl\":\"https:\/\/static.africa-press.net\/cote\/sites\/43\/2021\/06\/img-60cb58277659f.jpg\",\"keywords\":[\"Africa Press\",\"Africa Press-C\u00f4te d'Ivoire\",\"C\u00d4TE D'IVOIRE\"],\"articleSection\":[\"homepage-french\",\"Politique\",\"Top Nouvelles\",\"Toutes les actualit\u00e9s\"],\"inLanguage\":\"fr-FR\",\"potentialAction\":[{\"@type\":\"CommentAction\",\"name\":\"Comment\",\"target\":[\"https:\/\/www.africa-press.net\/cotedivoire\/politique\/pourquoi-charles-ble-goude-doit-il-attendre-encore-pour-rentrer-en-cote-divoire#respond\"]}]},{\"@type\":\"WebPage\",\"@id\":\"https:\/\/www.africa-press.net\/cotedivoire\/politique\/pourquoi-charles-ble-goude-doit-il-attendre-encore-pour-rentrer-en-cote-divoire\",\"url\":\"https:\/\/www.africa-press.net\/cotedivoire\/politique\/pourquoi-charles-ble-goude-doit-il-attendre-encore-pour-rentrer-en-cote-divoire\",\"name\":\"Pourquoi Charles Bl\u00e9 Goud\u00e9 doit-il attendre encore pour rentrer en C\u00f4te d'Ivoire ? - C\u00f4te d&#039;Ivoire\",\"isPartOf\":{\"@id\":\"https:\/\/www.africa-press.net\/cotedivoire\/#website\"},\"primaryImageOfPage\":{\"@id\":\"https:\/\/www.africa-press.net\/cotedivoire\/politique\/pourquoi-charles-ble-goude-doit-il-attendre-encore-pour-rentrer-en-cote-divoire#primaryimage\"},\"image\":{\"@id\":\"https:\/\/www.africa-press.net\/cotedivoire\/politique\/pourquoi-charles-ble-goude-doit-il-attendre-encore-pour-rentrer-en-cote-divoire#primaryimage\"},\"thumbnailUrl\":\"https:\/\/static.africa-press.net\/cote\/sites\/43\/2021\/06\/img-60cb58277659f.jpg\",\"datePublished\":\"2021-06-17T15:19:06+00:00\",\"dateModified\":\"2021-06-17T19:14:56+00:00\",\"author\":{\"@id\":\"https:\/\/www.africa-press.net\/cotedivoire\/#\/schema\/person\/2b1cf3cd81a31e3cd26889ca66d677f1\"},\"description\":\"Contrairement \u00e0 Laurent Gbagbo de retour ce jeudi 17 juin en C\u00f4te d'Ivoire apr\u00e8s dix ans d'absence, son ancien respon ...\",\"breadcrumb\":{\"@id\":\"https:\/\/www.africa-press.net\/cotedivoire\/politique\/pourquoi-charles-ble-goude-doit-il-attendre-encore-pour-rentrer-en-cote-divoire#breadcrumb\"},\"inLanguage\":\"fr-FR\",\"potentialAction\":[{\"@type\":\"ReadAction\",\"target\":[\"https:\/\/www.africa-press.net\/cotedivoire\/politique\/pourquoi-charles-ble-goude-doit-il-attendre-encore-pour-rentrer-en-cote-divoire\"]}]},{\"@type\":\"ImageObject\",\"inLanguage\":\"fr-FR\",\"@id\":\"https:\/\/www.africa-press.net\/cotedivoire\/politique\/pourquoi-charles-ble-goude-doit-il-attendre-encore-pour-rentrer-en-cote-divoire#primaryimage\",\"url\":\"https:\/\/static.africa-press.net\/cote\/sites\/43\/2021\/06\/img-60cb58277659f.jpg\",\"contentUrl\":\"https:\/\/static.africa-press.net\/cote\/sites\/43\/2021\/06\/img-60cb58277659f.jpg\",\"width\":770,\"height\":496,\"caption\":\"Pourquoi Charles Bl\u00e9 Goud\u00e9 doit-il attendre encore pour rentrer en C\u00f4te d'Ivoire ?\"},{\"@type\":\"BreadcrumbList\",\"@id\":\"https:\/\/www.africa-press.net\/cotedivoire\/politique\/pourquoi-charles-ble-goude-doit-il-attendre-encore-pour-rentrer-en-cote-divoire#breadcrumb\",\"itemListElement\":[{\"@type\":\"ListItem\",\"position\":1,\"name\":\"Accueil\",\"item\":\"https:\/\/www.africa-press.net\/cotedivoire\/\"},{\"@type\":\"ListItem\",\"position\":2,\"name\":\"Pourquoi Charles Bl\u00e9 Goud\u00e9 doit-il attendre encore pour rentrer en C\u00f4te d&#8217;Ivoire ?\"}]},{\"@type\":\"WebSite\",\"@id\":\"https:\/\/www.africa-press.net\/cotedivoire\/#website\",\"url\":\"https:\/\/www.africa-press.net\/cotedivoire\/\",\"name\":\"C\u00f4te d&#039;Ivoire\",\"description\":\"Just another Africa News Agency Sites site\",\"potentialAction\":[{\"@type\":\"SearchAction\",\"target\":{\"@type\":\"EntryPoint\",\"urlTemplate\":\"https:\/\/www.africa-press.net\/cotedivoire\/?s={search_term_string}\"},\"query-input\":{\"@type\":\"PropertyValueSpecification\",\"valueRequired\":true,\"valueName\":\"search_term_string\"}}],\"inLanguage\":\"fr-FR\"},{\"@type\":\"Person\",\"@id\":\"https:\/\/www.africa-press.net\/cotedivoire\/#\/schema\/person\/2b1cf3cd81a31e3cd26889ca66d677f1\",\"name\":\"cfeditorfr\"}]}<\/script>\n<!-- \/ Yoast SEO Premium plugin. -->","yoast_head_json":{"title":"Pourquoi Charles Bl\u00e9 Goud\u00e9 doit-il attendre encore pour rentrer en C\u00f4te d'Ivoire ? - C\u00f4te d&#039;Ivoire","description":"Contrairement \u00e0 Laurent Gbagbo de retour ce jeudi 17 juin en C\u00f4te d'Ivoire apr\u00e8s dix ans d'absence, son ancien respon ...","robots":{"index":"index","follow":"follow","max-snippet":"max-snippet:-1","max-image-preview":"max-image-preview:large","max-video-preview":"max-video-preview:-1"},"canonical":"https:\/\/www.africa-press.net\/cotedivoire\/politique\/pourquoi-charles-ble-goude-doit-il-attendre-encore-pour-rentrer-en-cote-divoire","og_locale":"fr_FR","og_type":"article","og_title":"Pourquoi Charles Bl\u00e9 Goud\u00e9 doit-il attendre encore pour rentrer en C\u00f4te d'Ivoire ?","og_description":"Contrairement \u00e0 Laurent Gbagbo de retour ce jeudi 17 juin en C\u00f4te d'Ivoire apr\u00e8s dix ans d'absence, son ancien respon ...","og_url":"https:\/\/www.africa-press.net\/cotedivoire\/politique\/pourquoi-charles-ble-goude-doit-il-attendre-encore-pour-rentrer-en-cote-divoire","og_site_name":"C\u00f4te d&#039;Ivoire","article_published_time":"2021-06-17T15:19:06+00:00","article_modified_time":"2021-06-17T19:14:56+00:00","og_image":[{"width":770,"height":496,"url":"https:\/\/static.africa-press.net\/cote\/sites\/43\/2021\/06\/img-60cb58277659f.jpg","type":"image\/jpeg"}],"author":"cfeditorfr","twitter_card":"summary_large_image","twitter_misc":{"\u00c9crit par":"cfeditorfr","Dur\u00e9e de lecture estim\u00e9e":"3 minutes"},"schema":{"@context":"https:\/\/schema.org","@graph":[{"@type":"Article","@id":"https:\/\/www.africa-press.net\/cotedivoire\/politique\/pourquoi-charles-ble-goude-doit-il-attendre-encore-pour-rentrer-en-cote-divoire#article","isPartOf":{"@id":"https:\/\/www.africa-press.net\/cotedivoire\/politique\/pourquoi-charles-ble-goude-doit-il-attendre-encore-pour-rentrer-en-cote-divoire"},"author":{"name":"cfeditorfr","@id":"https:\/\/www.africa-press.net\/cotedivoire\/#\/schema\/person\/2b1cf3cd81a31e3cd26889ca66d677f1"},"headline":"Pourquoi Charles Bl\u00e9 Goud\u00e9 doit-il attendre encore pour rentrer en C\u00f4te d&rsquo;Ivoire ?","datePublished":"2021-06-17T15:19:06+00:00","dateModified":"2021-06-17T19:14:56+00:00","mainEntityOfPage":{"@id":"https:\/\/www.africa-press.net\/cotedivoire\/politique\/pourquoi-charles-ble-goude-doit-il-attendre-encore-pour-rentrer-en-cote-divoire"},"wordCount":615,"commentCount":0,"image":{"@id":"https:\/\/www.africa-press.net\/cotedivoire\/politique\/pourquoi-charles-ble-goude-doit-il-attendre-encore-pour-rentrer-en-cote-divoire#primaryimage"},"thumbnailUrl":"https:\/\/static.africa-press.net\/cote\/sites\/43\/2021\/06\/img-60cb58277659f.jpg","keywords":["Africa Press","Africa Press-C\u00f4te d'Ivoire","C\u00d4TE D'IVOIRE"],"articleSection":["homepage-french","Politique","Top Nouvelles","Toutes les actualit\u00e9s"],"inLanguage":"fr-FR","potentialAction":[{"@type":"CommentAction","name":"Comment","target":["https:\/\/www.africa-press.net\/cotedivoire\/politique\/pourquoi-charles-ble-goude-doit-il-attendre-encore-pour-rentrer-en-cote-divoire#respond"]}]},{"@type":"WebPage","@id":"https:\/\/www.africa-press.net\/cotedivoire\/politique\/pourquoi-charles-ble-goude-doit-il-attendre-encore-pour-rentrer-en-cote-divoire","url":"https:\/\/www.africa-press.net\/cotedivoire\/politique\/pourquoi-charles-ble-goude-doit-il-attendre-encore-pour-rentrer-en-cote-divoire","name":"Pourquoi Charles Bl\u00e9 Goud\u00e9 doit-il attendre encore pour rentrer en C\u00f4te d'Ivoire ? - C\u00f4te d&#039;Ivoire","isPartOf":{"@id":"https:\/\/www.africa-press.net\/cotedivoire\/#website"},"primaryImageOfPage":{"@id":"https:\/\/www.africa-press.net\/cotedivoire\/politique\/pourquoi-charles-ble-goude-doit-il-attendre-encore-pour-rentrer-en-cote-divoire#primaryimage"},"image":{"@id":"https:\/\/www.africa-press.net\/cotedivoire\/politique\/pourquoi-charles-ble-goude-doit-il-attendre-encore-pour-rentrer-en-cote-divoire#primaryimage"},"thumbnailUrl":"https:\/\/static.africa-press.net\/cote\/sites\/43\/2021\/06\/img-60cb58277659f.jpg","datePublished":"2021-06-17T15:19:06+00:00","dateModified":"2021-06-17T19:14:56+00:00","author":{"@id":"https:\/\/www.africa-press.net\/cotedivoire\/#\/schema\/person\/2b1cf3cd81a31e3cd26889ca66d677f1"},"description":"Contrairement \u00e0 Laurent Gbagbo de retour ce jeudi 17 juin en C\u00f4te d'Ivoire apr\u00e8s dix ans d'absence, son ancien respon ...","breadcrumb":{"@id":"https:\/\/www.africa-press.net\/cotedivoire\/politique\/pourquoi-charles-ble-goude-doit-il-attendre-encore-pour-rentrer-en-cote-divoire#breadcrumb"},"inLanguage":"fr-FR","potentialAction":[{"@type":"ReadAction","target":["https:\/\/www.africa-press.net\/cotedivoire\/politique\/pourquoi-charles-ble-goude-doit-il-attendre-encore-pour-rentrer-en-cote-divoire"]}]},{"@type":"ImageObject","inLanguage":"fr-FR","@id":"https:\/\/www.africa-press.net\/cotedivoire\/politique\/pourquoi-charles-ble-goude-doit-il-attendre-encore-pour-rentrer-en-cote-divoire#primaryimage","url":"https:\/\/static.africa-press.net\/cote\/sites\/43\/2021\/06\/img-60cb58277659f.jpg","contentUrl":"https:\/\/static.africa-press.net\/cote\/sites\/43\/2021\/06\/img-60cb58277659f.jpg","width":770,"height":496,"caption":"Pourquoi Charles Bl\u00e9 Goud\u00e9 doit-il attendre encore pour rentrer en C\u00f4te d'Ivoire ?"},{"@type":"BreadcrumbList","@id":"https:\/\/www.africa-press.net\/cotedivoire\/politique\/pourquoi-charles-ble-goude-doit-il-attendre-encore-pour-rentrer-en-cote-divoire#breadcrumb","itemListElement":[{"@type":"ListItem","position":1,"name":"Accueil","item":"https:\/\/www.africa-press.net\/cotedivoire\/"},{"@type":"ListItem","position":2,"name":"Pourquoi Charles Bl\u00e9 Goud\u00e9 doit-il attendre encore pour rentrer en C\u00f4te d&#8217;Ivoire ?"}]},{"@type":"WebSite","@id":"https:\/\/www.africa-press.net\/cotedivoire\/#website","url":"https:\/\/www.africa-press.net\/cotedivoire\/","name":"C\u00f4te d&#039;Ivoire","description":"Just another Africa News Agency Sites site","potentialAction":[{"@type":"SearchAction","target":{"@type":"EntryPoint","urlTemplate":"https:\/\/www.africa-press.net\/cotedivoire\/?s={search_term_string}"},"query-input":{"@type":"PropertyValueSpecification","valueRequired":true,"valueName":"search_term_string"}}],"inLanguage":"fr-FR"},{"@type":"Person","@id":"https:\/\/www.africa-press.net\/cotedivoire\/#\/schema\/person\/2b1cf3cd81a31e3cd26889ca66d677f1","name":"cfeditorfr"}]}},"_links":{"self":[{"href":"https:\/\/www.africa-press.net\/cotedivoire\/wp-json\/wp\/v2\/posts\/9127","targetHints":{"allow":["GET"]}}],"collection":[{"href":"https:\/\/www.africa-press.net\/cotedivoire\/wp-json\/wp\/v2\/posts"}],"about":[{"href":"https:\/\/www.africa-press.net\/cotedivoire\/wp-json\/wp\/v2\/types\/post"}],"author":[{"embeddable":true,"href":"https:\/\/www.africa-press.net\/cotedivoire\/wp-json\/wp\/v2\/users\/82"}],"replies":[{"embeddable":true,"href":"https:\/\/www.africa-press.net\/cotedivoire\/wp-json\/wp\/v2\/comments?post=9127"}],"version-history":[{"count":0,"href":"https:\/\/www.africa-press.net\/cotedivoire\/wp-json\/wp\/v2\/posts\/9127\/revisions"}],"wp:featuredmedia":[{"embeddable":true,"href":"https:\/\/www.africa-press.net\/cotedivoire\/wp-json\/wp\/v2\/media\/9126"}],"wp:attachment":[{"href":"https:\/\/www.africa-press.net\/cotedivoire\/wp-json\/wp\/v2\/media?parent=9127"}],"wp:term":[{"taxonomy":"category","embeddable":true,"href":"https:\/\/www.africa-press.net\/cotedivoire\/wp-json\/wp\/v2\/categories?post=9127"},{"taxonomy":"post_tag","embeddable":true,"href":"https:\/\/www.africa-press.net\/cotedivoire\/wp-json\/wp\/v2\/tags?post=9127"}],"curies":[{"name":"wp","href":"https:\/\/api.w.org\/{rel}","templated":true}]}}