{"id":91356,"date":"2024-11-27T19:26:32","date_gmt":"2024-11-27T19:26:32","guid":{"rendered":"https:\/\/www.africa-press.net\/cotedivoire\/politique\/depuis-paris-thiam-pour-que-la-population-se-sente-mieux-il-faut-bien-evidemment-que-les-ressources-du-pays-dont-on-dispose-soient-bien-utilisees"},"modified":"2024-11-27T19:57:54","modified_gmt":"2024-11-27T19:57:54","slug":"depuis-paris-thiam-pour-que-la-population-se-sente-mieux-il-faut-bien-evidemment-que-les-ressources-du-pays-dont-on-dispose-soient-bien-utilisees","status":"publish","type":"post","link":"https:\/\/www.africa-press.net\/cotedivoire\/politique\/depuis-paris-thiam-pour-que-la-population-se-sente-mieux-il-faut-bien-evidemment-que-les-ressources-du-pays-dont-on-dispose-soient-bien-utilisees","title":{"rendered":"Depuis Paris, Thiam : \u00ab Pour que la population se sente mieux, il faut bien \u00e9videmment que les ressources du pays dont on dispose soient bien utilis\u00e9es \u00bb"},"content":{"rendered":"<p><span style=\"color: #ff6600\"><strong>Africa-Press &#8211; C\u00f4te d&rsquo;Ivoire. <\/strong><\/span>Le pre\u0301sident du PDCI-RDA, Tidjane Thiam e\u0301tait l\u2019invite\u0301 lundi 25 novembre 2024, a\u0300 Paris en France de la Diaspora ivoirienne lors d\u2019une rencontre citoyenne.<\/p>\n<p>Lors de son intervention, le franco-ivoirien est largement revenu sur l\u2019utilisation des ressources de la Co\u0302te d\u2019Ivoire. Pour celui qui peine toujours a\u0300 trouver ve\u0301ritablement sa place depuis son retour soudain au pays apre\u0300s une longue absence et une se\u0301rie de scandales, la population se sentirait mieux si bien e\u0301videmment les ressources dont on dispose le pays sont bien utilise\u0301es.<\/p>\n<p>\u00ab Pour que la population se sente mieux il faut bien e\u0301videmment que les ressources du pays dont on dispose soient bien utilise\u0301es. J\u2019ai regarde\u0301 des chiffres absolument incroyables sur des projets en Co\u0302te d\u2019Ivoire qui font 4 fois, 5 fois le temps&#8230; Certains projets qui doivent durer 2 ans qui font 5 ans, des projets qui doivent cou\u0302ter 20 milliards qui cou\u0302tent 100 milliards. Quand on voit tout c\u0327a, ce n&rsquo;est pas possible ! Ce n&rsquo;est pas possible ! Il faut bien utiliser les ressources qu\u2019on a, me\u0302me si on n&rsquo;a pas beaucoup, il faut bien l\u2019utiliser. Et apre\u0300s, il faut la transparence \u00bb, a-t-il confie\u0301.<\/p>\n<p>M. Thiam a re\u0301ve\u0301le\u0301 qu\u2019il a e\u0301te\u0301 implique\u0301 dans la de\u0301couverte du pe\u0301trole et du gaz tout dernie\u0300rement et qu\u2019il y avait l\u2019Extractive Industries Transparency Initiative.<\/p>\n<p>\u00ab J\u2019ai e\u0301te\u0301 implique\u0301 la\u0300-dedans et il y a des standards internationaux dans la transparence sur les revenus lie\u0301s au pe\u0301trole et il faut qu\u2019on les respecte. Il faut que la population sache quelles sont les ressources extraites de notre sous-sol, ou\u0300 est-ce que tout c\u0327a va \u00bb, a indique\u0301 le pre\u0301sident du PDCI devant son auditoire.<\/p>\n<p>Pour l\u2019ex-Ministre de feu Henri Konan Be\u0301die\u0301, il y a vraiment du travail a\u0300 faire et il pense qu\u2019on peut y arriver, car c\u2019est possible.<\/p>\n<p>\u00ab Quand on est dans un syste\u0300me qui laisse a\u0300 de\u0301sirer, il faut se battre, il faut travailler pour le relever \u00bb, a conclu Tidjane Thiam.<\/p>\n<p><strong>Pour plus d&rsquo;informations et d&rsquo;analyses sur la <span style=\"color: #ff6600\">C\u00f4te d&rsquo;Ivoire<\/span>, suivez <span style=\"color: #ff6600\">Africa-Press<\/span><\/strong><\/p>\n","protected":false},"excerpt":{"rendered":"<p>Africa-Press &#8211; C\u00f4te d&rsquo;Ivoire. Le pre\u0301sident du PDCI-RDA, Tidjane Thiam e\u0301tait l\u2019invite\u0301 lundi 25 novembre 2024, a\u0300 Paris en France de la Diaspora ivoirienne lors d\u2019une rencontre citoyenne. Lors de son intervention, le franco-ivoirien est largement revenu sur l\u2019utilisation des ressources de la Co\u0302te d\u2019Ivoire. Pour celui qui peine toujours a\u0300 trouver ve\u0301ritablement sa place [&hellip;]<\/p>\n","protected":false},"author":82,"featured_media":91354,"comment_status":"open","ping_status":"closed","sticky":false,"template":"","format":"standard","meta":{"footnotes":""},"categories":[2,10],"tags":[29,1448,423,2709,6257,2442,12031],"class_list":["post-91356","post","type-post","status-publish","format-standard","has-post-thumbnail","hentry","category-politique","category-toutes-les-actualites","tag-cote-divoire","tag-paris","tag-pdci","tag-population","tag-ressources","tag-tidjane-thiam","tag-utilisation"],"yoast_head":"<!-- This site is optimized with the Yoast SEO Premium plugin v26.1 (Yoast SEO v27.0) - https:\/\/yoast.com\/product\/yoast-seo-premium-wordpress\/ -->\n<title>Depuis Paris, Thiam : \u00ab Pour que la population se sente mieux, il faut bien \u00e9videmment que les ressources du pays dont on dispose soient bien utilis\u00e9es \u00bb - C\u00f4te d&#039;Ivoire<\/title>\n<meta name=\"description\" content=\"Le pre\u0301sident du PDCI-RDA, Tidjane Thiam e\u0301tait l\u2019invite\u0301 lundi 25 novembre 2024, a\u0300 Paris en France de la Diaspora ivoi ...\" \/>\n<meta name=\"robots\" content=\"index, follow, max-snippet:-1, max-image-preview:large, max-video-preview:-1\" \/>\n<link rel=\"canonical\" href=\"https:\/\/www.africa-press.net\/cotedivoire\/politique\/depuis-paris-thiam-pour-que-la-population-se-sente-mieux-il-faut-bien-evidemment-que-les-ressources-du-pays-dont-on-dispose-soient-bien-utilisees\" \/>\n<meta property=\"og:locale\" content=\"fr_FR\" \/>\n<meta property=\"og:type\" content=\"article\" \/>\n<meta property=\"og:title\" content=\"Depuis Paris, Thiam : \u00ab Pour que la population se sente mieux, il faut bien \u00e9videmment que les ressources du pays dont on dispose soient bien utilis\u00e9es \u00bb\" \/>\n<meta property=\"og:description\" content=\"Le pre\u0301sident du PDCI-RDA, Tidjane Thiam e\u0301tait l\u2019invite\u0301 lundi 25 novembre 2024, a\u0300 Paris en France de la Diaspora ivoi ...\" \/>\n<meta property=\"og:url\" content=\"https:\/\/www.africa-press.net\/cotedivoire\/politique\/depuis-paris-thiam-pour-que-la-population-se-sente-mieux-il-faut-bien-evidemment-que-les-ressources-du-pays-dont-on-dispose-soient-bien-utilisees\" \/>\n<meta property=\"og:site_name\" content=\"C\u00f4te d&#039;Ivoire\" \/>\n<meta property=\"article:published_time\" content=\"2024-11-27T19:26:32+00:00\" \/>\n<meta property=\"article:modified_time\" content=\"2024-11-27T19:57:54+00:00\" \/>\n<meta property=\"og:image\" content=\"https:\/\/static.africa-press.net\/cote\/sites\/43\/2024\/11\/sm_1732724830.195233.jpg\" \/>\n\t<meta property=\"og:image:width\" content=\"720\" \/>\n\t<meta property=\"og:image:height\" content=\"542\" \/>\n\t<meta property=\"og:image:type\" content=\"image\/jpeg\" \/>\n<meta name=\"author\" content=\"cfeditorfr\" \/>\n<meta name=\"twitter:card\" content=\"summary_large_image\" \/>\n<meta name=\"twitter:label1\" content=\"\u00c9crit par\" \/>\n\t<meta name=\"twitter:data1\" content=\"cfeditorfr\" \/>\n\t<meta name=\"twitter:label2\" content=\"Dur\u00e9e de lecture estim\u00e9e\" \/>\n\t<meta name=\"twitter:data2\" content=\"2 minutes\" \/>\n<script type=\"application\/ld+json\" class=\"yoast-schema-graph\">{\"@context\":\"https:\/\/schema.org\",\"@graph\":[{\"@type\":\"Article\",\"@id\":\"https:\/\/www.africa-press.net\/cotedivoire\/politique\/depuis-paris-thiam-pour-que-la-population-se-sente-mieux-il-faut-bien-evidemment-que-les-ressources-du-pays-dont-on-dispose-soient-bien-utilisees#article\",\"isPartOf\":{\"@id\":\"https:\/\/www.africa-press.net\/cotedivoire\/politique\/depuis-paris-thiam-pour-que-la-population-se-sente-mieux-il-faut-bien-evidemment-que-les-ressources-du-pays-dont-on-dispose-soient-bien-utilisees\"},\"author\":{\"name\":\"cfeditorfr\",\"@id\":\"https:\/\/www.africa-press.net\/cotedivoire\/#\/schema\/person\/2b1cf3cd81a31e3cd26889ca66d677f1\"},\"headline\":\"Depuis Paris, Thiam : \u00ab Pour que la population se sente mieux, il faut bien \u00e9videmment que les ressources du pays dont on dispose soient bien utilis\u00e9es \u00bb\",\"datePublished\":\"2024-11-27T19:26:32+00:00\",\"dateModified\":\"2024-11-27T19:57:54+00:00\",\"mainEntityOfPage\":{\"@id\":\"https:\/\/www.africa-press.net\/cotedivoire\/politique\/depuis-paris-thiam-pour-que-la-population-se-sente-mieux-il-faut-bien-evidemment-que-les-ressources-du-pays-dont-on-dispose-soient-bien-utilisees\"},\"wordCount\":406,\"commentCount\":0,\"image\":{\"@id\":\"https:\/\/www.africa-press.net\/cotedivoire\/politique\/depuis-paris-thiam-pour-que-la-population-se-sente-mieux-il-faut-bien-evidemment-que-les-ressources-du-pays-dont-on-dispose-soient-bien-utilisees#primaryimage\"},\"thumbnailUrl\":\"https:\/\/static.africa-press.net\/cote\/sites\/43\/2024\/11\/sm_1732724830.195233.jpg\",\"keywords\":[\"C\u00d4TE D'IVOIRE\",\"Paris\",\"Pdci\",\"population\",\"ressources\",\"Tidjane Thiam\",\"utilisation\"],\"articleSection\":[\"Politique\",\"Toutes les actualit\u00e9s\"],\"inLanguage\":\"fr-FR\",\"potentialAction\":[{\"@type\":\"CommentAction\",\"name\":\"Comment\",\"target\":[\"https:\/\/www.africa-press.net\/cotedivoire\/politique\/depuis-paris-thiam-pour-que-la-population-se-sente-mieux-il-faut-bien-evidemment-que-les-ressources-du-pays-dont-on-dispose-soient-bien-utilisees#respond\"]}]},{\"@type\":\"WebPage\",\"@id\":\"https:\/\/www.africa-press.net\/cotedivoire\/politique\/depuis-paris-thiam-pour-que-la-population-se-sente-mieux-il-faut-bien-evidemment-que-les-ressources-du-pays-dont-on-dispose-soient-bien-utilisees\",\"url\":\"https:\/\/www.africa-press.net\/cotedivoire\/politique\/depuis-paris-thiam-pour-que-la-population-se-sente-mieux-il-faut-bien-evidemment-que-les-ressources-du-pays-dont-on-dispose-soient-bien-utilisees\",\"name\":\"Depuis Paris, Thiam : \u00ab Pour que la population se sente mieux, il faut bien \u00e9videmment que les ressources du pays dont on dispose soient bien utilis\u00e9es \u00bb - C\u00f4te d&#039;Ivoire\",\"isPartOf\":{\"@id\":\"https:\/\/www.africa-press.net\/cotedivoire\/#website\"},\"primaryImageOfPage\":{\"@id\":\"https:\/\/www.africa-press.net\/cotedivoire\/politique\/depuis-paris-thiam-pour-que-la-population-se-sente-mieux-il-faut-bien-evidemment-que-les-ressources-du-pays-dont-on-dispose-soient-bien-utilisees#primaryimage\"},\"image\":{\"@id\":\"https:\/\/www.africa-press.net\/cotedivoire\/politique\/depuis-paris-thiam-pour-que-la-population-se-sente-mieux-il-faut-bien-evidemment-que-les-ressources-du-pays-dont-on-dispose-soient-bien-utilisees#primaryimage\"},\"thumbnailUrl\":\"https:\/\/static.africa-press.net\/cote\/sites\/43\/2024\/11\/sm_1732724830.195233.jpg\",\"datePublished\":\"2024-11-27T19:26:32+00:00\",\"dateModified\":\"2024-11-27T19:57:54+00:00\",\"author\":{\"@id\":\"https:\/\/www.africa-press.net\/cotedivoire\/#\/schema\/person\/2b1cf3cd81a31e3cd26889ca66d677f1\"},\"description\":\"Le pre\u0301sident du PDCI-RDA, Tidjane Thiam e\u0301tait l\u2019invite\u0301 lundi 25 novembre 2024, a\u0300 Paris en France de la Diaspora ivoi ...\",\"breadcrumb\":{\"@id\":\"https:\/\/www.africa-press.net\/cotedivoire\/politique\/depuis-paris-thiam-pour-que-la-population-se-sente-mieux-il-faut-bien-evidemment-que-les-ressources-du-pays-dont-on-dispose-soient-bien-utilisees#breadcrumb\"},\"inLanguage\":\"fr-FR\",\"potentialAction\":[{\"@type\":\"ReadAction\",\"target\":[\"https:\/\/www.africa-press.net\/cotedivoire\/politique\/depuis-paris-thiam-pour-que-la-population-se-sente-mieux-il-faut-bien-evidemment-que-les-ressources-du-pays-dont-on-dispose-soient-bien-utilisees\"]}]},{\"@type\":\"ImageObject\",\"inLanguage\":\"fr-FR\",\"@id\":\"https:\/\/www.africa-press.net\/cotedivoire\/politique\/depuis-paris-thiam-pour-que-la-population-se-sente-mieux-il-faut-bien-evidemment-que-les-ressources-du-pays-dont-on-dispose-soient-bien-utilisees#primaryimage\",\"url\":\"https:\/\/static.africa-press.net\/cote\/sites\/43\/2024\/11\/sm_1732724830.195233.jpg\",\"contentUrl\":\"https:\/\/static.africa-press.net\/cote\/sites\/43\/2024\/11\/sm_1732724830.195233.jpg\",\"width\":720,\"height\":542,\"caption\":\"Depuis Paris, Thiam : \u00ab Pour que la population se sente mieux, il faut bien \u00e9videmment que les ressources du pays dont on dispose soient bien utilis\u00e9es \u00bb\"},{\"@type\":\"BreadcrumbList\",\"@id\":\"https:\/\/www.africa-press.net\/cotedivoire\/politique\/depuis-paris-thiam-pour-que-la-population-se-sente-mieux-il-faut-bien-evidemment-que-les-ressources-du-pays-dont-on-dispose-soient-bien-utilisees#breadcrumb\",\"itemListElement\":[{\"@type\":\"ListItem\",\"position\":1,\"name\":\"Accueil\",\"item\":\"https:\/\/www.africa-press.net\/cotedivoire\/\"},{\"@type\":\"ListItem\",\"position\":2,\"name\":\"Depuis Paris, Thiam : \u00ab Pour que la population se sente mieux, il faut bien \u00e9videmment que les ressources du pays dont on dispose soient bien utilis\u00e9es \u00bb\"}]},{\"@type\":\"WebSite\",\"@id\":\"https:\/\/www.africa-press.net\/cotedivoire\/#website\",\"url\":\"https:\/\/www.africa-press.net\/cotedivoire\/\",\"name\":\"C\u00f4te d&#039;Ivoire\",\"description\":\"Just another Africa News Agency Sites site\",\"potentialAction\":[{\"@type\":\"SearchAction\",\"target\":{\"@type\":\"EntryPoint\",\"urlTemplate\":\"https:\/\/www.africa-press.net\/cotedivoire\/?s={search_term_string}\"},\"query-input\":{\"@type\":\"PropertyValueSpecification\",\"valueRequired\":true,\"valueName\":\"search_term_string\"}}],\"inLanguage\":\"fr-FR\"},{\"@type\":\"Person\",\"@id\":\"https:\/\/www.africa-press.net\/cotedivoire\/#\/schema\/person\/2b1cf3cd81a31e3cd26889ca66d677f1\",\"name\":\"cfeditorfr\"}]}<\/script>\n<!-- \/ Yoast SEO Premium plugin. -->","yoast_head_json":{"title":"Depuis Paris, Thiam : \u00ab Pour que la population se sente mieux, il faut bien \u00e9videmment que les ressources du pays dont on dispose soient bien utilis\u00e9es \u00bb - C\u00f4te d&#039;Ivoire","description":"Le pre\u0301sident du PDCI-RDA, Tidjane Thiam e\u0301tait l\u2019invite\u0301 lundi 25 novembre 2024, a\u0300 Paris en France de la Diaspora ivoi ...","robots":{"index":"index","follow":"follow","max-snippet":"max-snippet:-1","max-image-preview":"max-image-preview:large","max-video-preview":"max-video-preview:-1"},"canonical":"https:\/\/www.africa-press.net\/cotedivoire\/politique\/depuis-paris-thiam-pour-que-la-population-se-sente-mieux-il-faut-bien-evidemment-que-les-ressources-du-pays-dont-on-dispose-soient-bien-utilisees","og_locale":"fr_FR","og_type":"article","og_title":"Depuis Paris, Thiam : \u00ab Pour que la population se sente mieux, il faut bien \u00e9videmment que les ressources du pays dont on dispose soient bien utilis\u00e9es \u00bb","og_description":"Le pre\u0301sident du PDCI-RDA, Tidjane Thiam e\u0301tait l\u2019invite\u0301 lundi 25 novembre 2024, a\u0300 Paris en France de la Diaspora ivoi ...","og_url":"https:\/\/www.africa-press.net\/cotedivoire\/politique\/depuis-paris-thiam-pour-que-la-population-se-sente-mieux-il-faut-bien-evidemment-que-les-ressources-du-pays-dont-on-dispose-soient-bien-utilisees","og_site_name":"C\u00f4te d&#039;Ivoire","article_published_time":"2024-11-27T19:26:32+00:00","article_modified_time":"2024-11-27T19:57:54+00:00","og_image":[{"width":720,"height":542,"url":"https:\/\/static.africa-press.net\/cote\/sites\/43\/2024\/11\/sm_1732724830.195233.jpg","type":"image\/jpeg"}],"author":"cfeditorfr","twitter_card":"summary_large_image","twitter_misc":{"\u00c9crit par":"cfeditorfr","Dur\u00e9e de lecture estim\u00e9e":"2 minutes"},"schema":{"@context":"https:\/\/schema.org","@graph":[{"@type":"Article","@id":"https:\/\/www.africa-press.net\/cotedivoire\/politique\/depuis-paris-thiam-pour-que-la-population-se-sente-mieux-il-faut-bien-evidemment-que-les-ressources-du-pays-dont-on-dispose-soient-bien-utilisees#article","isPartOf":{"@id":"https:\/\/www.africa-press.net\/cotedivoire\/politique\/depuis-paris-thiam-pour-que-la-population-se-sente-mieux-il-faut-bien-evidemment-que-les-ressources-du-pays-dont-on-dispose-soient-bien-utilisees"},"author":{"name":"cfeditorfr","@id":"https:\/\/www.africa-press.net\/cotedivoire\/#\/schema\/person\/2b1cf3cd81a31e3cd26889ca66d677f1"},"headline":"Depuis Paris, Thiam : \u00ab Pour que la population se sente mieux, il faut bien \u00e9videmment que les ressources du pays dont on dispose soient bien utilis\u00e9es \u00bb","datePublished":"2024-11-27T19:26:32+00:00","dateModified":"2024-11-27T19:57:54+00:00","mainEntityOfPage":{"@id":"https:\/\/www.africa-press.net\/cotedivoire\/politique\/depuis-paris-thiam-pour-que-la-population-se-sente-mieux-il-faut-bien-evidemment-que-les-ressources-du-pays-dont-on-dispose-soient-bien-utilisees"},"wordCount":406,"commentCount":0,"image":{"@id":"https:\/\/www.africa-press.net\/cotedivoire\/politique\/depuis-paris-thiam-pour-que-la-population-se-sente-mieux-il-faut-bien-evidemment-que-les-ressources-du-pays-dont-on-dispose-soient-bien-utilisees#primaryimage"},"thumbnailUrl":"https:\/\/static.africa-press.net\/cote\/sites\/43\/2024\/11\/sm_1732724830.195233.jpg","keywords":["C\u00d4TE D'IVOIRE","Paris","Pdci","population","ressources","Tidjane Thiam","utilisation"],"articleSection":["Politique","Toutes les actualit\u00e9s"],"inLanguage":"fr-FR","potentialAction":[{"@type":"CommentAction","name":"Comment","target":["https:\/\/www.africa-press.net\/cotedivoire\/politique\/depuis-paris-thiam-pour-que-la-population-se-sente-mieux-il-faut-bien-evidemment-que-les-ressources-du-pays-dont-on-dispose-soient-bien-utilisees#respond"]}]},{"@type":"WebPage","@id":"https:\/\/www.africa-press.net\/cotedivoire\/politique\/depuis-paris-thiam-pour-que-la-population-se-sente-mieux-il-faut-bien-evidemment-que-les-ressources-du-pays-dont-on-dispose-soient-bien-utilisees","url":"https:\/\/www.africa-press.net\/cotedivoire\/politique\/depuis-paris-thiam-pour-que-la-population-se-sente-mieux-il-faut-bien-evidemment-que-les-ressources-du-pays-dont-on-dispose-soient-bien-utilisees","name":"Depuis Paris, Thiam : \u00ab Pour que la population se sente mieux, il faut bien \u00e9videmment que les ressources du pays dont on dispose soient bien utilis\u00e9es \u00bb - C\u00f4te d&#039;Ivoire","isPartOf":{"@id":"https:\/\/www.africa-press.net\/cotedivoire\/#website"},"primaryImageOfPage":{"@id":"https:\/\/www.africa-press.net\/cotedivoire\/politique\/depuis-paris-thiam-pour-que-la-population-se-sente-mieux-il-faut-bien-evidemment-que-les-ressources-du-pays-dont-on-dispose-soient-bien-utilisees#primaryimage"},"image":{"@id":"https:\/\/www.africa-press.net\/cotedivoire\/politique\/depuis-paris-thiam-pour-que-la-population-se-sente-mieux-il-faut-bien-evidemment-que-les-ressources-du-pays-dont-on-dispose-soient-bien-utilisees#primaryimage"},"thumbnailUrl":"https:\/\/static.africa-press.net\/cote\/sites\/43\/2024\/11\/sm_1732724830.195233.jpg","datePublished":"2024-11-27T19:26:32+00:00","dateModified":"2024-11-27T19:57:54+00:00","author":{"@id":"https:\/\/www.africa-press.net\/cotedivoire\/#\/schema\/person\/2b1cf3cd81a31e3cd26889ca66d677f1"},"description":"Le pre\u0301sident du PDCI-RDA, Tidjane Thiam e\u0301tait l\u2019invite\u0301 lundi 25 novembre 2024, a\u0300 Paris en France de la Diaspora ivoi ...","breadcrumb":{"@id":"https:\/\/www.africa-press.net\/cotedivoire\/politique\/depuis-paris-thiam-pour-que-la-population-se-sente-mieux-il-faut-bien-evidemment-que-les-ressources-du-pays-dont-on-dispose-soient-bien-utilisees#breadcrumb"},"inLanguage":"fr-FR","potentialAction":[{"@type":"ReadAction","target":["https:\/\/www.africa-press.net\/cotedivoire\/politique\/depuis-paris-thiam-pour-que-la-population-se-sente-mieux-il-faut-bien-evidemment-que-les-ressources-du-pays-dont-on-dispose-soient-bien-utilisees"]}]},{"@type":"ImageObject","inLanguage":"fr-FR","@id":"https:\/\/www.africa-press.net\/cotedivoire\/politique\/depuis-paris-thiam-pour-que-la-population-se-sente-mieux-il-faut-bien-evidemment-que-les-ressources-du-pays-dont-on-dispose-soient-bien-utilisees#primaryimage","url":"https:\/\/static.africa-press.net\/cote\/sites\/43\/2024\/11\/sm_1732724830.195233.jpg","contentUrl":"https:\/\/static.africa-press.net\/cote\/sites\/43\/2024\/11\/sm_1732724830.195233.jpg","width":720,"height":542,"caption":"Depuis Paris, Thiam : \u00ab Pour que la population se sente mieux, il faut bien \u00e9videmment que les ressources du pays dont on dispose soient bien utilis\u00e9es \u00bb"},{"@type":"BreadcrumbList","@id":"https:\/\/www.africa-press.net\/cotedivoire\/politique\/depuis-paris-thiam-pour-que-la-population-se-sente-mieux-il-faut-bien-evidemment-que-les-ressources-du-pays-dont-on-dispose-soient-bien-utilisees#breadcrumb","itemListElement":[{"@type":"ListItem","position":1,"name":"Accueil","item":"https:\/\/www.africa-press.net\/cotedivoire\/"},{"@type":"ListItem","position":2,"name":"Depuis Paris, Thiam : \u00ab Pour que la population se sente mieux, il faut bien \u00e9videmment que les ressources du pays dont on dispose soient bien utilis\u00e9es \u00bb"}]},{"@type":"WebSite","@id":"https:\/\/www.africa-press.net\/cotedivoire\/#website","url":"https:\/\/www.africa-press.net\/cotedivoire\/","name":"C\u00f4te d&#039;Ivoire","description":"Just another Africa News Agency Sites site","potentialAction":[{"@type":"SearchAction","target":{"@type":"EntryPoint","urlTemplate":"https:\/\/www.africa-press.net\/cotedivoire\/?s={search_term_string}"},"query-input":{"@type":"PropertyValueSpecification","valueRequired":true,"valueName":"search_term_string"}}],"inLanguage":"fr-FR"},{"@type":"Person","@id":"https:\/\/www.africa-press.net\/cotedivoire\/#\/schema\/person\/2b1cf3cd81a31e3cd26889ca66d677f1","name":"cfeditorfr"}]}},"_links":{"self":[{"href":"https:\/\/www.africa-press.net\/cotedivoire\/wp-json\/wp\/v2\/posts\/91356","targetHints":{"allow":["GET"]}}],"collection":[{"href":"https:\/\/www.africa-press.net\/cotedivoire\/wp-json\/wp\/v2\/posts"}],"about":[{"href":"https:\/\/www.africa-press.net\/cotedivoire\/wp-json\/wp\/v2\/types\/post"}],"author":[{"embeddable":true,"href":"https:\/\/www.africa-press.net\/cotedivoire\/wp-json\/wp\/v2\/users\/82"}],"replies":[{"embeddable":true,"href":"https:\/\/www.africa-press.net\/cotedivoire\/wp-json\/wp\/v2\/comments?post=91356"}],"version-history":[{"count":0,"href":"https:\/\/www.africa-press.net\/cotedivoire\/wp-json\/wp\/v2\/posts\/91356\/revisions"}],"wp:featuredmedia":[{"embeddable":true,"href":"https:\/\/www.africa-press.net\/cotedivoire\/wp-json\/wp\/v2\/media\/91354"}],"wp:attachment":[{"href":"https:\/\/www.africa-press.net\/cotedivoire\/wp-json\/wp\/v2\/media?parent=91356"}],"wp:term":[{"taxonomy":"category","embeddable":true,"href":"https:\/\/www.africa-press.net\/cotedivoire\/wp-json\/wp\/v2\/categories?post=91356"},{"taxonomy":"post_tag","embeddable":true,"href":"https:\/\/www.africa-press.net\/cotedivoire\/wp-json\/wp\/v2\/tags?post=91356"}],"curies":[{"name":"wp","href":"https:\/\/api.w.org\/{rel}","templated":true}]}}