{"id":9146,"date":"2021-06-19T12:18:49","date_gmt":"2021-06-19T12:18:49","guid":{"rendered":"https:\/\/www.africa-press.net\/cotedivoire\/?p=9146"},"modified":"2021-06-19T12:52:35","modified_gmt":"2021-06-19T12:52:35","slug":"lancien-president-laurent-gbagbo-rentre-en-cote-divoire-apres-dix-ans-dexil","status":"publish","type":"post","link":"https:\/\/www.africa-press.net\/cotedivoire\/dossiers\/lancien-president-laurent-gbagbo-rentre-en-cote-divoire-apres-dix-ans-dexil","title":{"rendered":"L\u2019ancien pr\u00e9sident Laurent Gbagbo rentre en C\u00f4te d\u2019Ivoire apr\u00e8s dix ans d\u2019exil"},"content":{"rendered":"<p><span style=\"color: #ff6600\"><strong><a href=\"https:\/\/www.africa-press.net\/\">Africa-Press<\/a> &#8211; <a href=\"https:\/\/www.africa-press.net\/cotedivoire\">C\u00f4te d&rsquo;Ivoire<\/a>. <\/strong><\/span>L\u2019ancien pr\u00e9sident ivoirien Laurent Gbagbo est arriv\u00e9, jeudi 17 juin, par avion \u00e0 Abidjan en provenance de Bruxelles, marquant son retour au pays pour la premi\u00e8re fois depuis qu\u2019il a \u00e9t\u00e9 chass\u00e9 du pouvoir en 2011.<\/p>\n<p>Montant directement dans une voiture sur le tarmac de l\u2019a\u00e9roport, il a br\u00fbl\u00e9 l\u2019\u00e9tape du pavillon pr\u00e9sidentiel qui avait \u00e9t\u00e9 mis \u00e0 disposition par Alassane Ouattara, o\u00f9 l\u2019attendaient des responsables du Front populaire ivoirien (FPI), son parti.<\/p>\n<p>Son cort\u00e8ge a ensuite pris la route menant \u00e0 son ancien QG de campagne de la pr\u00e9sidentielle de 2010, situ\u00e9 dans le nord d\u2019Abidjan, o\u00f9 il devait prendre la parole et o\u00f9 l\u2019attendaient des centaines de ses partisans. \u00ab Je suis ravi de revenir en C\u00f4te d\u2019Ivoire et en Afrique \u00bb, a d\u00e9clar\u00e9 l\u2019ancien chef de l\u2019Etat, v\u00eatu d\u2019un t-shirt bleu et d\u2019un masque de protection sanitaire. \u00ab Je suis ivoirien mais j\u2019ai appris en prison que j\u2019\u00e9tais d\u2019Afrique. Toute l\u2019Afrique me soutient \u00bb, a-t-il ajout\u00e9 devant des partisans.<\/p>\n<p><b>\u00ab Essayer de r\u00e9concilier les Ivoiriens \u00bb<\/b><\/p>\n<p>Tout au long du parcours, des milliers de jeunes pro-Gbagbo enthousiastes, certains le visage recouvert de cendre, couraient, sautaient en criant \u00ab Gbagbo est l\u00e0 \u00bb, \u00ab Gbagbo revient \u00bb, \u00ab il est l\u00e0 pour lib\u00e9rer la C\u00f4te d\u2019Ivoire \u00bb ou encore \u00ab on est l\u00e0 pour Gbagbo et on est fiers \u00bb.<\/p>\n<p>L\u2019ancien pr\u00e9sident a \u00e9t\u00e9 d\u00e9finitivement acquitt\u00e9 de crimes contre l\u2019humanit\u00e9 par la Cour p\u00e9nale internationale (CPI) le 31 mars, ce qui a rendu possible ce retour. Avant son d\u00e9part de Bruxelles, son avocate, Habiba Tour\u00e9, a d\u00e9clar\u00e9 \u00e0 l\u2019Agence France-Presse que Laurent Gbagbo \u00e9tait \u00ab content, enthousiaste et veut jouer sa partition pour essayer de r\u00e9concilier les Ivoiriens. Il a besoin de parler \u00e0 son peuple \u00bb.<\/p>\n<p>Un fort contingent de policiers \u00e9tait pr\u00e9sent \u00e0 Abidjan afin d\u2019\u00e9viter toute violence, m\u00eame si le gouvernement du pr\u00e9sident Alassane Ouattara et les partisans de M. Gbagbo ont dit esp\u00e9rer que son arriv\u00e9e contribue \u00e0 la r\u00e9conciliation du pays. Mais En divers endroits d\u2019Abidjan, la police a fait usage de gaz lacrymog\u00e8ne lors de l\u00e9gers heurts avec de larges groupes de ses partisans. Dans le district de Yopougon, \u00e0 Abidjan, consid\u00e9r\u00e9 comme un fief de Gbagbo, des centaines de personnes ont manifest\u00e9 dans la rue pour saluer son retour.<\/p>\n<p><b>Pr\u00e8s de 3 000 morts en 2010<\/b><\/p>\n<p>L\u2019ampleur de l\u2019accueil de l\u2019ex-pr\u00e9sident a \u00e9t\u00e9 au c\u0153ur des r\u00e9centes n\u00e9gociations entre le pouvoir et le FPI : le premier souhaitant qu\u2019il soit sans \u00ab triomphalisme \u00bb, le second qu\u2019il soit populaire en permettant au plus grand nombre de ses partisans d\u2019\u00eatre pr\u00e9sents dans les rues d\u2019Abidjan. L\u2019enjeu \u00e9tait la s\u00e9curit\u00e9 de M. Gbagbo lui-m\u00eame mais aussi d\u2019\u00e9viter tout d\u00e9bordement ou violence.<\/p>\n<p>Arriv\u00e9 au pouvoir en 2000, Laurent Gbagbo a \u00e9t\u00e9 arr\u00eat\u00e9 au terme de la br\u00e8ve guerre civile survenue apr\u00e8s qu\u2019il eut refus\u00e9 d\u2019accepter sa d\u00e9faite \u00e9lectorale face \u00e0 son rival Alassane Ouattara en 2010. Les violences, qui se sont d\u00e9roul\u00e9es sur fond d\u2019animosit\u00e9s ethniques et r\u00e9gionales, ont fait plus de 3 000 morts. En 2019, Laurent Gbagbo a \u00e9t\u00e9 acquitt\u00e9 par la CPI des accusations de crimes de guerre et de crimes contre l\u2019humanit\u00e9 pour son r\u00f4le dans ces violences, une d\u00e9cision confirm\u00e9e en mars dernier par la chambre d\u2019appel de La Haye.<\/p>\n<p><b>Condamnation par contumace<\/b><\/p>\n<p>Le retour de Gbagbo intervient apr\u00e8s de longues n\u00e9gociations entre ses partisans et le gouvernement. Si ce dernier s\u2019est plaint de ne pas avoir \u00e9t\u00e9 consult\u00e9 sur la date de retour, il a finalement fait savoir que Laurent Gbagbo serait accueilli dans l\u2019int\u00e9r\u00eat de la r\u00e9conciliation nationale.<\/p>\n<p>L\u2019ancien pr\u00e9sident, qui conserve un soutien ferme parmi ses partisans, devra encore faire face \u00e0 une condamnation \u00e0 vingt ans de prison par contumace prononc\u00e9e en novembre 2019 par un tribunal ivoirien pour d\u00e9tournement de fonds de la banque centrale des Etats d\u2019Afrique de l\u2019Ouest. En avril, le pr\u00e9sident Alassane Ouattara avait d\u00e9clar\u00e9 que Laurent Gbagbo \u00e9tait libre de revenir, sans pr\u00e9ciser toutefois s\u2019il avait \u00e9t\u00e9 graci\u00e9.<\/p>\n<p>La C\u00f4te d\u2019Ivoire est encore meurtrie par deux d\u00e9cennies de violences politico-ethniques, les derni\u00e8res remontant \u00e0 la derni\u00e8re pr\u00e9sidentielle, en 2020, qui ont fait une centaine de morts. Alassane Ouattara a \u00e9t\u00e9 r\u00e9\u00e9lu pour un troisi\u00e8me mandat controvers\u00e9 lors d\u2019un scrutin boycott\u00e9 par l\u2019opposition, qui jugeait ce nouveau mandat anticonstitutionnel.<\/p>\n","protected":false},"excerpt":{"rendered":"<p>Africa-Press &#8211; C\u00f4te d&rsquo;Ivoire. L\u2019ancien pr\u00e9sident ivoirien Laurent Gbagbo est arriv\u00e9, jeudi 17 juin, par avion \u00e0 Abidjan en provenance de Bruxelles, marquant son retour au pays pour la premi\u00e8re fois depuis qu\u2019il a \u00e9t\u00e9 chass\u00e9 du pouvoir en 2011. Montant directement dans une voiture sur le tarmac de l\u2019a\u00e9roport, il a br\u00fbl\u00e9 l\u2019\u00e9tape du [&hellip;]<\/p>\n","protected":false},"author":82,"featured_media":9145,"comment_status":"open","ping_status":"closed","sticky":false,"template":"","format":"standard","meta":{"footnotes":""},"categories":[7,11,10],"tags":[56,63,29],"class_list":["post-9146","post","type-post","status-publish","format-standard","has-post-thumbnail","hentry","category-dossiers","category-homepage-french","category-toutes-les-actualites","tag-africa-press","tag-africa-press-cote-divoire","tag-cote-divoire"],"yoast_head":"<!-- This site is optimized with the Yoast SEO Premium plugin v26.1 (Yoast SEO v27.0) - https:\/\/yoast.com\/product\/yoast-seo-premium-wordpress\/ -->\n<title>L\u2019ancien pr\u00e9sident Laurent Gbagbo rentre en C\u00f4te d\u2019Ivoire apr\u00e8s dix ans d\u2019exil - C\u00f4te d&#039;Ivoire<\/title>\n<meta name=\"description\" content=\"L\u2019ancien pr\u00e9sident ivoirien Laurent Gbagbo est arriv\u00e9, jeudi 17 juin, par avion \u00e0 Abidjan en provenance de Bruxelles, ma ...\" \/>\n<meta name=\"robots\" content=\"index, follow, max-snippet:-1, max-image-preview:large, max-video-preview:-1\" \/>\n<link rel=\"canonical\" href=\"https:\/\/www.africa-press.net\/cotedivoire\/dossiers\/lancien-president-laurent-gbagbo-rentre-en-cote-divoire-apres-dix-ans-dexil\" \/>\n<meta property=\"og:locale\" content=\"fr_FR\" \/>\n<meta property=\"og:type\" content=\"article\" \/>\n<meta property=\"og:title\" content=\"L\u2019ancien pr\u00e9sident Laurent Gbagbo rentre en C\u00f4te d\u2019Ivoire apr\u00e8s dix ans d\u2019exil\" \/>\n<meta property=\"og:description\" content=\"L\u2019ancien pr\u00e9sident ivoirien Laurent Gbagbo est arriv\u00e9, jeudi 17 juin, par avion \u00e0 Abidjan en provenance de Bruxelles, ma ...\" \/>\n<meta property=\"og:url\" content=\"https:\/\/www.africa-press.net\/cotedivoire\/dossiers\/lancien-president-laurent-gbagbo-rentre-en-cote-divoire-apres-dix-ans-dexil\" \/>\n<meta property=\"og:site_name\" content=\"C\u00f4te d&#039;Ivoire\" \/>\n<meta property=\"article:published_time\" content=\"2021-06-19T12:18:49+00:00\" \/>\n<meta property=\"article:modified_time\" content=\"2021-06-19T12:52:35+00:00\" \/>\n<meta property=\"og:image\" content=\"https:\/\/static.africa-press.net\/cote\/sites\/43\/2021\/06\/img-60cdddcb1f828.jpg\" \/>\n\t<meta property=\"og:image:width\" content=\"1440\" \/>\n\t<meta property=\"og:image:height\" content=\"720\" \/>\n\t<meta property=\"og:image:type\" content=\"image\/jpeg\" \/>\n<meta name=\"author\" content=\"cfeditorfr\" \/>\n<meta name=\"twitter:card\" content=\"summary_large_image\" \/>\n<meta name=\"twitter:label1\" content=\"\u00c9crit par\" \/>\n\t<meta name=\"twitter:data1\" content=\"cfeditorfr\" \/>\n\t<meta name=\"twitter:label2\" content=\"Dur\u00e9e de lecture estim\u00e9e\" \/>\n\t<meta name=\"twitter:data2\" content=\"4 minutes\" \/>\n<script type=\"application\/ld+json\" class=\"yoast-schema-graph\">{\"@context\":\"https:\/\/schema.org\",\"@graph\":[{\"@type\":\"Article\",\"@id\":\"https:\/\/www.africa-press.net\/cotedivoire\/dossiers\/lancien-president-laurent-gbagbo-rentre-en-cote-divoire-apres-dix-ans-dexil#article\",\"isPartOf\":{\"@id\":\"https:\/\/www.africa-press.net\/cotedivoire\/dossiers\/lancien-president-laurent-gbagbo-rentre-en-cote-divoire-apres-dix-ans-dexil\"},\"author\":{\"name\":\"cfeditorfr\",\"@id\":\"https:\/\/www.africa-press.net\/cotedivoire\/#\/schema\/person\/2b1cf3cd81a31e3cd26889ca66d677f1\"},\"headline\":\"L\u2019ancien pr\u00e9sident Laurent Gbagbo rentre en C\u00f4te d\u2019Ivoire apr\u00e8s dix ans d\u2019exil\",\"datePublished\":\"2021-06-19T12:18:49+00:00\",\"dateModified\":\"2021-06-19T12:52:35+00:00\",\"mainEntityOfPage\":{\"@id\":\"https:\/\/www.africa-press.net\/cotedivoire\/dossiers\/lancien-president-laurent-gbagbo-rentre-en-cote-divoire-apres-dix-ans-dexil\"},\"wordCount\":798,\"commentCount\":0,\"image\":{\"@id\":\"https:\/\/www.africa-press.net\/cotedivoire\/dossiers\/lancien-president-laurent-gbagbo-rentre-en-cote-divoire-apres-dix-ans-dexil#primaryimage\"},\"thumbnailUrl\":\"https:\/\/static.africa-press.net\/cote\/sites\/43\/2021\/06\/img-60cdddcb1f828.jpg\",\"keywords\":[\"Africa Press\",\"Africa Press-C\u00f4te d'Ivoire\",\"C\u00d4TE D'IVOIRE\"],\"articleSection\":[\"Dossiers\",\"homepage-french\",\"Toutes les actualit\u00e9s\"],\"inLanguage\":\"fr-FR\",\"potentialAction\":[{\"@type\":\"CommentAction\",\"name\":\"Comment\",\"target\":[\"https:\/\/www.africa-press.net\/cotedivoire\/dossiers\/lancien-president-laurent-gbagbo-rentre-en-cote-divoire-apres-dix-ans-dexil#respond\"]}]},{\"@type\":\"WebPage\",\"@id\":\"https:\/\/www.africa-press.net\/cotedivoire\/dossiers\/lancien-president-laurent-gbagbo-rentre-en-cote-divoire-apres-dix-ans-dexil\",\"url\":\"https:\/\/www.africa-press.net\/cotedivoire\/dossiers\/lancien-president-laurent-gbagbo-rentre-en-cote-divoire-apres-dix-ans-dexil\",\"name\":\"L\u2019ancien pr\u00e9sident Laurent Gbagbo rentre en C\u00f4te d\u2019Ivoire apr\u00e8s dix ans d\u2019exil - C\u00f4te d&#039;Ivoire\",\"isPartOf\":{\"@id\":\"https:\/\/www.africa-press.net\/cotedivoire\/#website\"},\"primaryImageOfPage\":{\"@id\":\"https:\/\/www.africa-press.net\/cotedivoire\/dossiers\/lancien-president-laurent-gbagbo-rentre-en-cote-divoire-apres-dix-ans-dexil#primaryimage\"},\"image\":{\"@id\":\"https:\/\/www.africa-press.net\/cotedivoire\/dossiers\/lancien-president-laurent-gbagbo-rentre-en-cote-divoire-apres-dix-ans-dexil#primaryimage\"},\"thumbnailUrl\":\"https:\/\/static.africa-press.net\/cote\/sites\/43\/2021\/06\/img-60cdddcb1f828.jpg\",\"datePublished\":\"2021-06-19T12:18:49+00:00\",\"dateModified\":\"2021-06-19T12:52:35+00:00\",\"author\":{\"@id\":\"https:\/\/www.africa-press.net\/cotedivoire\/#\/schema\/person\/2b1cf3cd81a31e3cd26889ca66d677f1\"},\"description\":\"L\u2019ancien pr\u00e9sident ivoirien Laurent Gbagbo est arriv\u00e9, jeudi 17 juin, par avion \u00e0 Abidjan en provenance de Bruxelles, ma ...\",\"breadcrumb\":{\"@id\":\"https:\/\/www.africa-press.net\/cotedivoire\/dossiers\/lancien-president-laurent-gbagbo-rentre-en-cote-divoire-apres-dix-ans-dexil#breadcrumb\"},\"inLanguage\":\"fr-FR\",\"potentialAction\":[{\"@type\":\"ReadAction\",\"target\":[\"https:\/\/www.africa-press.net\/cotedivoire\/dossiers\/lancien-president-laurent-gbagbo-rentre-en-cote-divoire-apres-dix-ans-dexil\"]}]},{\"@type\":\"ImageObject\",\"inLanguage\":\"fr-FR\",\"@id\":\"https:\/\/www.africa-press.net\/cotedivoire\/dossiers\/lancien-president-laurent-gbagbo-rentre-en-cote-divoire-apres-dix-ans-dexil#primaryimage\",\"url\":\"https:\/\/static.africa-press.net\/cote\/sites\/43\/2021\/06\/img-60cdddcb1f828.jpg\",\"contentUrl\":\"https:\/\/static.africa-press.net\/cote\/sites\/43\/2021\/06\/img-60cdddcb1f828.jpg\",\"width\":1440,\"height\":720,\"caption\":\"L\u2019ancien pr\u00e9sident Laurent Gbagbo rentre en C\u00f4te d\u2019Ivoire apr\u00e8s dix ans d\u2019exil\"},{\"@type\":\"BreadcrumbList\",\"@id\":\"https:\/\/www.africa-press.net\/cotedivoire\/dossiers\/lancien-president-laurent-gbagbo-rentre-en-cote-divoire-apres-dix-ans-dexil#breadcrumb\",\"itemListElement\":[{\"@type\":\"ListItem\",\"position\":1,\"name\":\"Accueil\",\"item\":\"https:\/\/www.africa-press.net\/cotedivoire\/\"},{\"@type\":\"ListItem\",\"position\":2,\"name\":\"L\u2019ancien pr\u00e9sident Laurent Gbagbo rentre en C\u00f4te d\u2019Ivoire apr\u00e8s dix ans d\u2019exil\"}]},{\"@type\":\"WebSite\",\"@id\":\"https:\/\/www.africa-press.net\/cotedivoire\/#website\",\"url\":\"https:\/\/www.africa-press.net\/cotedivoire\/\",\"name\":\"C\u00f4te d&#039;Ivoire\",\"description\":\"Just another Africa News Agency Sites site\",\"potentialAction\":[{\"@type\":\"SearchAction\",\"target\":{\"@type\":\"EntryPoint\",\"urlTemplate\":\"https:\/\/www.africa-press.net\/cotedivoire\/?s={search_term_string}\"},\"query-input\":{\"@type\":\"PropertyValueSpecification\",\"valueRequired\":true,\"valueName\":\"search_term_string\"}}],\"inLanguage\":\"fr-FR\"},{\"@type\":\"Person\",\"@id\":\"https:\/\/www.africa-press.net\/cotedivoire\/#\/schema\/person\/2b1cf3cd81a31e3cd26889ca66d677f1\",\"name\":\"cfeditorfr\"}]}<\/script>\n<!-- \/ Yoast SEO Premium plugin. -->","yoast_head_json":{"title":"L\u2019ancien pr\u00e9sident Laurent Gbagbo rentre en C\u00f4te d\u2019Ivoire apr\u00e8s dix ans d\u2019exil - C\u00f4te d&#039;Ivoire","description":"L\u2019ancien pr\u00e9sident ivoirien Laurent Gbagbo est arriv\u00e9, jeudi 17 juin, par avion \u00e0 Abidjan en provenance de Bruxelles, ma ...","robots":{"index":"index","follow":"follow","max-snippet":"max-snippet:-1","max-image-preview":"max-image-preview:large","max-video-preview":"max-video-preview:-1"},"canonical":"https:\/\/www.africa-press.net\/cotedivoire\/dossiers\/lancien-president-laurent-gbagbo-rentre-en-cote-divoire-apres-dix-ans-dexil","og_locale":"fr_FR","og_type":"article","og_title":"L\u2019ancien pr\u00e9sident Laurent Gbagbo rentre en C\u00f4te d\u2019Ivoire apr\u00e8s dix ans d\u2019exil","og_description":"L\u2019ancien pr\u00e9sident ivoirien Laurent Gbagbo est arriv\u00e9, jeudi 17 juin, par avion \u00e0 Abidjan en provenance de Bruxelles, ma ...","og_url":"https:\/\/www.africa-press.net\/cotedivoire\/dossiers\/lancien-president-laurent-gbagbo-rentre-en-cote-divoire-apres-dix-ans-dexil","og_site_name":"C\u00f4te d&#039;Ivoire","article_published_time":"2021-06-19T12:18:49+00:00","article_modified_time":"2021-06-19T12:52:35+00:00","og_image":[{"width":1440,"height":720,"url":"https:\/\/static.africa-press.net\/cote\/sites\/43\/2021\/06\/img-60cdddcb1f828.jpg","type":"image\/jpeg"}],"author":"cfeditorfr","twitter_card":"summary_large_image","twitter_misc":{"\u00c9crit par":"cfeditorfr","Dur\u00e9e de lecture estim\u00e9e":"4 minutes"},"schema":{"@context":"https:\/\/schema.org","@graph":[{"@type":"Article","@id":"https:\/\/www.africa-press.net\/cotedivoire\/dossiers\/lancien-president-laurent-gbagbo-rentre-en-cote-divoire-apres-dix-ans-dexil#article","isPartOf":{"@id":"https:\/\/www.africa-press.net\/cotedivoire\/dossiers\/lancien-president-laurent-gbagbo-rentre-en-cote-divoire-apres-dix-ans-dexil"},"author":{"name":"cfeditorfr","@id":"https:\/\/www.africa-press.net\/cotedivoire\/#\/schema\/person\/2b1cf3cd81a31e3cd26889ca66d677f1"},"headline":"L\u2019ancien pr\u00e9sident Laurent Gbagbo rentre en C\u00f4te d\u2019Ivoire apr\u00e8s dix ans d\u2019exil","datePublished":"2021-06-19T12:18:49+00:00","dateModified":"2021-06-19T12:52:35+00:00","mainEntityOfPage":{"@id":"https:\/\/www.africa-press.net\/cotedivoire\/dossiers\/lancien-president-laurent-gbagbo-rentre-en-cote-divoire-apres-dix-ans-dexil"},"wordCount":798,"commentCount":0,"image":{"@id":"https:\/\/www.africa-press.net\/cotedivoire\/dossiers\/lancien-president-laurent-gbagbo-rentre-en-cote-divoire-apres-dix-ans-dexil#primaryimage"},"thumbnailUrl":"https:\/\/static.africa-press.net\/cote\/sites\/43\/2021\/06\/img-60cdddcb1f828.jpg","keywords":["Africa Press","Africa Press-C\u00f4te d'Ivoire","C\u00d4TE D'IVOIRE"],"articleSection":["Dossiers","homepage-french","Toutes les actualit\u00e9s"],"inLanguage":"fr-FR","potentialAction":[{"@type":"CommentAction","name":"Comment","target":["https:\/\/www.africa-press.net\/cotedivoire\/dossiers\/lancien-president-laurent-gbagbo-rentre-en-cote-divoire-apres-dix-ans-dexil#respond"]}]},{"@type":"WebPage","@id":"https:\/\/www.africa-press.net\/cotedivoire\/dossiers\/lancien-president-laurent-gbagbo-rentre-en-cote-divoire-apres-dix-ans-dexil","url":"https:\/\/www.africa-press.net\/cotedivoire\/dossiers\/lancien-president-laurent-gbagbo-rentre-en-cote-divoire-apres-dix-ans-dexil","name":"L\u2019ancien pr\u00e9sident Laurent Gbagbo rentre en C\u00f4te d\u2019Ivoire apr\u00e8s dix ans d\u2019exil - C\u00f4te d&#039;Ivoire","isPartOf":{"@id":"https:\/\/www.africa-press.net\/cotedivoire\/#website"},"primaryImageOfPage":{"@id":"https:\/\/www.africa-press.net\/cotedivoire\/dossiers\/lancien-president-laurent-gbagbo-rentre-en-cote-divoire-apres-dix-ans-dexil#primaryimage"},"image":{"@id":"https:\/\/www.africa-press.net\/cotedivoire\/dossiers\/lancien-president-laurent-gbagbo-rentre-en-cote-divoire-apres-dix-ans-dexil#primaryimage"},"thumbnailUrl":"https:\/\/static.africa-press.net\/cote\/sites\/43\/2021\/06\/img-60cdddcb1f828.jpg","datePublished":"2021-06-19T12:18:49+00:00","dateModified":"2021-06-19T12:52:35+00:00","author":{"@id":"https:\/\/www.africa-press.net\/cotedivoire\/#\/schema\/person\/2b1cf3cd81a31e3cd26889ca66d677f1"},"description":"L\u2019ancien pr\u00e9sident ivoirien Laurent Gbagbo est arriv\u00e9, jeudi 17 juin, par avion \u00e0 Abidjan en provenance de Bruxelles, ma ...","breadcrumb":{"@id":"https:\/\/www.africa-press.net\/cotedivoire\/dossiers\/lancien-president-laurent-gbagbo-rentre-en-cote-divoire-apres-dix-ans-dexil#breadcrumb"},"inLanguage":"fr-FR","potentialAction":[{"@type":"ReadAction","target":["https:\/\/www.africa-press.net\/cotedivoire\/dossiers\/lancien-president-laurent-gbagbo-rentre-en-cote-divoire-apres-dix-ans-dexil"]}]},{"@type":"ImageObject","inLanguage":"fr-FR","@id":"https:\/\/www.africa-press.net\/cotedivoire\/dossiers\/lancien-president-laurent-gbagbo-rentre-en-cote-divoire-apres-dix-ans-dexil#primaryimage","url":"https:\/\/static.africa-press.net\/cote\/sites\/43\/2021\/06\/img-60cdddcb1f828.jpg","contentUrl":"https:\/\/static.africa-press.net\/cote\/sites\/43\/2021\/06\/img-60cdddcb1f828.jpg","width":1440,"height":720,"caption":"L\u2019ancien pr\u00e9sident Laurent Gbagbo rentre en C\u00f4te d\u2019Ivoire apr\u00e8s dix ans d\u2019exil"},{"@type":"BreadcrumbList","@id":"https:\/\/www.africa-press.net\/cotedivoire\/dossiers\/lancien-president-laurent-gbagbo-rentre-en-cote-divoire-apres-dix-ans-dexil#breadcrumb","itemListElement":[{"@type":"ListItem","position":1,"name":"Accueil","item":"https:\/\/www.africa-press.net\/cotedivoire\/"},{"@type":"ListItem","position":2,"name":"L\u2019ancien pr\u00e9sident Laurent Gbagbo rentre en C\u00f4te d\u2019Ivoire apr\u00e8s dix ans d\u2019exil"}]},{"@type":"WebSite","@id":"https:\/\/www.africa-press.net\/cotedivoire\/#website","url":"https:\/\/www.africa-press.net\/cotedivoire\/","name":"C\u00f4te d&#039;Ivoire","description":"Just another Africa News Agency Sites site","potentialAction":[{"@type":"SearchAction","target":{"@type":"EntryPoint","urlTemplate":"https:\/\/www.africa-press.net\/cotedivoire\/?s={search_term_string}"},"query-input":{"@type":"PropertyValueSpecification","valueRequired":true,"valueName":"search_term_string"}}],"inLanguage":"fr-FR"},{"@type":"Person","@id":"https:\/\/www.africa-press.net\/cotedivoire\/#\/schema\/person\/2b1cf3cd81a31e3cd26889ca66d677f1","name":"cfeditorfr"}]}},"_links":{"self":[{"href":"https:\/\/www.africa-press.net\/cotedivoire\/wp-json\/wp\/v2\/posts\/9146","targetHints":{"allow":["GET"]}}],"collection":[{"href":"https:\/\/www.africa-press.net\/cotedivoire\/wp-json\/wp\/v2\/posts"}],"about":[{"href":"https:\/\/www.africa-press.net\/cotedivoire\/wp-json\/wp\/v2\/types\/post"}],"author":[{"embeddable":true,"href":"https:\/\/www.africa-press.net\/cotedivoire\/wp-json\/wp\/v2\/users\/82"}],"replies":[{"embeddable":true,"href":"https:\/\/www.africa-press.net\/cotedivoire\/wp-json\/wp\/v2\/comments?post=9146"}],"version-history":[{"count":0,"href":"https:\/\/www.africa-press.net\/cotedivoire\/wp-json\/wp\/v2\/posts\/9146\/revisions"}],"wp:featuredmedia":[{"embeddable":true,"href":"https:\/\/www.africa-press.net\/cotedivoire\/wp-json\/wp\/v2\/media\/9145"}],"wp:attachment":[{"href":"https:\/\/www.africa-press.net\/cotedivoire\/wp-json\/wp\/v2\/media?parent=9146"}],"wp:term":[{"taxonomy":"category","embeddable":true,"href":"https:\/\/www.africa-press.net\/cotedivoire\/wp-json\/wp\/v2\/categories?post=9146"},{"taxonomy":"post_tag","embeddable":true,"href":"https:\/\/www.africa-press.net\/cotedivoire\/wp-json\/wp\/v2\/tags?post=9146"}],"curies":[{"name":"wp","href":"https:\/\/api.w.org\/{rel}","templated":true}]}}