{"id":91463,"date":"2024-11-29T16:49:09","date_gmt":"2024-11-29T16:49:09","guid":{"rendered":"https:\/\/www.africa-press.net\/cotedivoire\/politique\/assemblee-nationale-les-projets-de-loi-sur-le-reglement-du-budget-de-letat-pour-lannee-2023-et-le-budget-de-letat-pour-2025-adoptes-a-la-majorite-par-lensemble-des-deputes"},"modified":"2024-11-29T18:15:52","modified_gmt":"2024-11-29T18:15:52","slug":"assemblee-nationale-les-projets-de-loi-sur-le-reglement-du-budget-de-letat-pour-lannee-2023-et-le-budget-de-letat-pour-2025-adoptes-a-la-majorite-par-lensemble-des-deputes","status":"publish","type":"post","link":"https:\/\/www.africa-press.net\/cotedivoire\/politique\/assemblee-nationale-les-projets-de-loi-sur-le-reglement-du-budget-de-letat-pour-lannee-2023-et-le-budget-de-letat-pour-2025-adoptes-a-la-majorite-par-lensemble-des-deputes","title":{"rendered":"Assembl\u00e9e nationale, les projets de loi sur le r\u00e8glement du budget de l&rsquo;\u00c9tat pour l&rsquo;ann\u00e9e 2023 et le budget de l&rsquo;\u00c9tat pour 2025 adopt\u00e9s \u00e0 la majorit\u00e9 par l&rsquo;ensemble des d\u00e9put\u00e9s"},"content":{"rendered":"<p><span style=\"color: #ff6600\"><strong>Africa-Press &#8211; C\u00f4te d&rsquo;Ivoire. <\/strong><\/span>Le 28 novembre 2024, les de\u0301pute\u0301s se sont re\u0301unis en se\u0301ance ple\u0301nie\u0300re a\u0300 l\u2019Assemble\u0301e nationale, sous la pre\u0301sidence d\u2019Adama Bictogo, pour de\u0301libe\u0301rer sur deux projets de loi d&rsquo;importance capitale: le re\u0300glement du budget de l\u2019E\u0301tat pour l\u2019anne\u0301e 2023 et le budget de l\u2019E\u0301tat pour l\u2019anne\u0301e 2025.<\/p>\n<p>Le premier projet de loi, relatif au re\u0300glement du budget de l\u2019E\u0301tat pour l\u2019anne\u0301e 2023, a e\u0301te\u0301 examine\u0301 par la Commission des Affaires e\u0301conomiques et financie\u0300res (CAEF) lors de sa re\u0301union du 13 novembre 2024. Apre\u0300s adoption en commission, le texte a e\u0301te\u0301 re\u0301examine\u0301 et adopte\u0301 en se\u0301ance ple\u0301nie\u0300re le 28 novembre.<\/p>\n<p>Ce projet de loi comporte six articles essentiels qui de\u0301taillent la gestion des finances publiques pour l&rsquo;anne\u0301e 2023, incluant, la ratification des cre\u0301dits supple\u0301mentaires et des modifications apporte\u0301es a\u0300 la loi de finances 2023, les montants de\u0301finitifs des recettes et des de\u0301penses budge\u0301taires de l\u2019anne\u0301e 2023, les recettes et de\u0301penses des Comptes spe\u0301ciaux du Tre\u0301sor, le re\u0301sultat budge\u0301taire de l\u2019exercice 2023, les montants de\u0301finitifs des ressources et des charges de tre\u0301sorerie et l\u2019affectation du re\u0301sultat comptable de l\u2019anne\u0301e 2023.<\/p>\n<p>Le rapport sur ce projet de loi a e\u0301te\u0301 pre\u0301sente\u0301 par l\u2019honorable Jacob-Idriss M\u2019Ba Coulibaly, membre de la commission. Apre\u0300s lecture du rapport, les de\u0301pute\u0301s ont eu l\u2019occasion de faire des remarques et de proposer des amendements sur le texte. Apre\u0300s un de\u0301bat, le projet de loi a e\u0301te\u0301 adopte\u0301 a\u0300 la majorite\u0301 avec 102 voix pour, 12 voix contre et 48 abstentions. Lors des de\u0301libe\u0301rations en commission, le projet avait rec\u0327u 24 voix pour, 3 voix contre et 11 abstentions.<\/p>\n<p>Le second texte adopte\u0301 lors de cette se\u0301ance e\u0301tait le projet de loi de finances pour l\u2019anne\u0301e 2025. Ce projet avait e\u0301te\u0301 soumis a\u0300 la CAEF du 18 au 21 novembre 2024, et lors de ces se\u0301ances, le ministre des Finances et du Budget avait pre\u0301sente\u0301 les grandes lignes du budget, au nom du pre\u0301sident de la Re\u0301publique.<\/p>\n<p>Le projet de loi de finances 2025 est structure\u0301 en 23 articles re\u0301partis en deux grandes parties. La premie\u0300re concerne les conditions ge\u0301ne\u0301rales de l\u2019e\u0301quilibre financier et la deuxie\u0300me de\u0301taille les dispositions relatives aux de\u0301penses par institution et ministe\u0300re.<\/p>\n<p>Le budget de l\u2019E\u0301tat pour 2025 inclut les cre\u0301dits de 153 programmes et 31 dotations, et il a e\u0301te\u0301 soumis a\u0300 un vote lors de cette session. Apre\u0300s lecture du rapport du de\u0301pute\u0301 Victor Konan Kouame\u0301, rapporteur ge\u0301ne\u0301ral de la CAEF, les de\u0301pute\u0301s ont de\u0301battu du texte, apportant des commentaires tant sur le fond que sur la forme.<\/p>\n<p>Finalement, apre\u0300s des discussions approfondies, le projet de loi a e\u0301te\u0301 adopte\u0301 a\u0300 l\u2019unanimite\u0301 des de\u0301pute\u0301s pre\u0301sents et repre\u0301sente\u0301s, marquant un large consensus sur la gestion budge\u0301taire pour l\u2019anne\u0301e 2025.<\/p>\n<p>Les deux projets de loi, l\u2019un relatif au re\u0300glement du budget 2023 et l\u2019autre portant sur le budget 2025, ont e\u0301te\u0301 adopte\u0301s dans un climat de dialogue et de coope\u0301ration entre les de\u0301pute\u0301s.<\/p>\n<p>Ces de\u0301libe\u0301rations marquent une e\u0301tape importante dans la gestion des finances publiques et la planification budge\u0301taire de l&rsquo;E\u0301tat pour les anne\u0301es a\u0300 venir.<\/p>\n<p>Notons que le budget 2025 est d\u2019un montant de 15 339,2 milliards de FCFA.<\/p>\n<p><strong>Pour plus d&rsquo;informations et d&rsquo;analyses sur la <span style=\"color: #ff6600\">C\u00f4te d&rsquo;Ivoire<\/span>, suivez <span style=\"color: #ff6600\">Africa-Press<\/span><\/strong><\/p>\n","protected":false},"excerpt":{"rendered":"<p>Africa-Press &#8211; C\u00f4te d&rsquo;Ivoire. Le 28 novembre 2024, les de\u0301pute\u0301s se sont re\u0301unis en se\u0301ance ple\u0301nie\u0300re a\u0300 l\u2019Assemble\u0301e nationale, sous la pre\u0301sidence d\u2019Adama Bictogo, pour de\u0301libe\u0301rer sur deux projets de loi d&rsquo;importance capitale: le re\u0300glement du budget de l\u2019E\u0301tat pour l\u2019anne\u0301e 2023 et le budget de l\u2019E\u0301tat pour l\u2019anne\u0301e 2025. Le premier projet de loi, [&hellip;]<\/p>\n","protected":false},"author":82,"featured_media":91462,"comment_status":"open","ping_status":"closed","sticky":false,"template":"","format":"standard","meta":{"footnotes":""},"categories":[2,20,10],"tags":[1265,13764,2303,2669,29,1738,4563,2617,2956,12127],"class_list":["post-91463","post","type-post","status-publish","format-standard","has-post-thumbnail","hentry","category-politique","category-top-nouvelles","category-toutes-les-actualites","tag-adama-bictogo","tag-adoption","tag-budget","tag-caef","tag-cote-divoire","tag-deputes","tag-finances","tag-gestion","tag-president","tag-reglement"],"yoast_head":"<!-- This site is optimized with the Yoast SEO Premium plugin v26.1 (Yoast SEO v27.0) - https:\/\/yoast.com\/product\/yoast-seo-premium-wordpress\/ -->\n<title>Assembl\u00e9e nationale, les projets de loi sur le r\u00e8glement du budget de l&#039;\u00c9tat pour l&#039;ann\u00e9e 2023 et le budget de l&#039;\u00c9tat pour 2025 adopt\u00e9s \u00e0 la majorit\u00e9 par l&#039;ensemble des d\u00e9put\u00e9s - C\u00f4te d&#039;Ivoire<\/title>\n<meta name=\"description\" content=\"Le 28 novembre 2024, les de\u0301pute\u0301s se sont re\u0301unis en se\u0301ance ple\u0301nie\u0300re a\u0300 l\u2019Assemble\u0301e nationale, sous la pre\u0301sidence ...\" \/>\n<meta name=\"robots\" content=\"index, follow, max-snippet:-1, max-image-preview:large, max-video-preview:-1\" \/>\n<link rel=\"canonical\" href=\"https:\/\/www.africa-press.net\/cotedivoire\/politique\/assemblee-nationale-les-projets-de-loi-sur-le-reglement-du-budget-de-letat-pour-lannee-2023-et-le-budget-de-letat-pour-2025-adoptes-a-la-majorite-par-lensemble-des-deputes\" \/>\n<meta property=\"og:locale\" content=\"fr_FR\" \/>\n<meta property=\"og:type\" content=\"article\" \/>\n<meta property=\"og:title\" content=\"Assembl\u00e9e nationale, les projets de loi sur le r\u00e8glement du budget de l&#039;\u00c9tat pour l&#039;ann\u00e9e 2023 et le budget de l&#039;\u00c9tat pour 2025 adopt\u00e9s \u00e0 la majorit\u00e9 par l&#039;ensemble des d\u00e9put\u00e9s\" \/>\n<meta property=\"og:description\" content=\"Le 28 novembre 2024, les de\u0301pute\u0301s se sont re\u0301unis en se\u0301ance ple\u0301nie\u0300re a\u0300 l\u2019Assemble\u0301e nationale, sous la pre\u0301sidence ...\" \/>\n<meta property=\"og:url\" content=\"https:\/\/www.africa-press.net\/cotedivoire\/politique\/assemblee-nationale-les-projets-de-loi-sur-le-reglement-du-budget-de-letat-pour-lannee-2023-et-le-budget-de-letat-pour-2025-adoptes-a-la-majorite-par-lensemble-des-deputes\" \/>\n<meta property=\"og:site_name\" content=\"C\u00f4te d&#039;Ivoire\" \/>\n<meta property=\"article:published_time\" content=\"2024-11-29T16:49:09+00:00\" \/>\n<meta property=\"article:modified_time\" content=\"2024-11-29T18:15:52+00:00\" \/>\n<meta property=\"og:image\" content=\"https:\/\/static.africa-press.net\/cote\/sites\/43\/2024\/11\/sm_1732891529.204065.jpg\" \/>\n\t<meta property=\"og:image:width\" content=\"720\" \/>\n\t<meta property=\"og:image:height\" content=\"439\" \/>\n\t<meta property=\"og:image:type\" content=\"image\/jpeg\" \/>\n<meta name=\"author\" content=\"cfeditorfr\" \/>\n<meta name=\"twitter:card\" content=\"summary_large_image\" \/>\n<meta name=\"twitter:label1\" content=\"\u00c9crit par\" \/>\n\t<meta name=\"twitter:data1\" content=\"cfeditorfr\" \/>\n\t<meta name=\"twitter:label2\" content=\"Dur\u00e9e de lecture estim\u00e9e\" \/>\n\t<meta name=\"twitter:data2\" content=\"3 minutes\" \/>\n<script type=\"application\/ld+json\" class=\"yoast-schema-graph\">{\"@context\":\"https:\/\/schema.org\",\"@graph\":[{\"@type\":\"Article\",\"@id\":\"https:\/\/www.africa-press.net\/cotedivoire\/politique\/assemblee-nationale-les-projets-de-loi-sur-le-reglement-du-budget-de-letat-pour-lannee-2023-et-le-budget-de-letat-pour-2025-adoptes-a-la-majorite-par-lensemble-des-deputes#article\",\"isPartOf\":{\"@id\":\"https:\/\/www.africa-press.net\/cotedivoire\/politique\/assemblee-nationale-les-projets-de-loi-sur-le-reglement-du-budget-de-letat-pour-lannee-2023-et-le-budget-de-letat-pour-2025-adoptes-a-la-majorite-par-lensemble-des-deputes\"},\"author\":{\"name\":\"cfeditorfr\",\"@id\":\"https:\/\/www.africa-press.net\/cotedivoire\/#\/schema\/person\/2b1cf3cd81a31e3cd26889ca66d677f1\"},\"headline\":\"Assembl\u00e9e nationale, les projets de loi sur le r\u00e8glement du budget de l&rsquo;\u00c9tat pour l&rsquo;ann\u00e9e 2023 et le budget de l&rsquo;\u00c9tat pour 2025 adopt\u00e9s \u00e0 la majorit\u00e9 par l&rsquo;ensemble des d\u00e9put\u00e9s\",\"datePublished\":\"2024-11-29T16:49:09+00:00\",\"dateModified\":\"2024-11-29T18:15:52+00:00\",\"mainEntityOfPage\":{\"@id\":\"https:\/\/www.africa-press.net\/cotedivoire\/politique\/assemblee-nationale-les-projets-de-loi-sur-le-reglement-du-budget-de-letat-pour-lannee-2023-et-le-budget-de-letat-pour-2025-adoptes-a-la-majorite-par-lensemble-des-deputes\"},\"wordCount\":669,\"commentCount\":0,\"image\":{\"@id\":\"https:\/\/www.africa-press.net\/cotedivoire\/politique\/assemblee-nationale-les-projets-de-loi-sur-le-reglement-du-budget-de-letat-pour-lannee-2023-et-le-budget-de-letat-pour-2025-adoptes-a-la-majorite-par-lensemble-des-deputes#primaryimage\"},\"thumbnailUrl\":\"https:\/\/static.africa-press.net\/cote\/sites\/43\/2024\/11\/sm_1732891529.204065.jpg\",\"keywords\":[\"Adama Bictogo\",\"adoption\",\"budget\",\"CAEF\",\"C\u00d4TE D'IVOIRE\",\"d\u00e9put\u00e9s\",\"finances\",\"Gestion\",\"pr\u00e9sident\",\"regl\u00e8ment\"],\"articleSection\":[\"Politique\",\"Top Nouvelles\",\"Toutes les actualit\u00e9s\"],\"inLanguage\":\"fr-FR\",\"potentialAction\":[{\"@type\":\"CommentAction\",\"name\":\"Comment\",\"target\":[\"https:\/\/www.africa-press.net\/cotedivoire\/politique\/assemblee-nationale-les-projets-de-loi-sur-le-reglement-du-budget-de-letat-pour-lannee-2023-et-le-budget-de-letat-pour-2025-adoptes-a-la-majorite-par-lensemble-des-deputes#respond\"]}]},{\"@type\":\"WebPage\",\"@id\":\"https:\/\/www.africa-press.net\/cotedivoire\/politique\/assemblee-nationale-les-projets-de-loi-sur-le-reglement-du-budget-de-letat-pour-lannee-2023-et-le-budget-de-letat-pour-2025-adoptes-a-la-majorite-par-lensemble-des-deputes\",\"url\":\"https:\/\/www.africa-press.net\/cotedivoire\/politique\/assemblee-nationale-les-projets-de-loi-sur-le-reglement-du-budget-de-letat-pour-lannee-2023-et-le-budget-de-letat-pour-2025-adoptes-a-la-majorite-par-lensemble-des-deputes\",\"name\":\"Assembl\u00e9e nationale, les projets de loi sur le r\u00e8glement du budget de l'\u00c9tat pour l'ann\u00e9e 2023 et le budget de l'\u00c9tat pour 2025 adopt\u00e9s \u00e0 la majorit\u00e9 par l'ensemble des d\u00e9put\u00e9s - C\u00f4te d&#039;Ivoire\",\"isPartOf\":{\"@id\":\"https:\/\/www.africa-press.net\/cotedivoire\/#website\"},\"primaryImageOfPage\":{\"@id\":\"https:\/\/www.africa-press.net\/cotedivoire\/politique\/assemblee-nationale-les-projets-de-loi-sur-le-reglement-du-budget-de-letat-pour-lannee-2023-et-le-budget-de-letat-pour-2025-adoptes-a-la-majorite-par-lensemble-des-deputes#primaryimage\"},\"image\":{\"@id\":\"https:\/\/www.africa-press.net\/cotedivoire\/politique\/assemblee-nationale-les-projets-de-loi-sur-le-reglement-du-budget-de-letat-pour-lannee-2023-et-le-budget-de-letat-pour-2025-adoptes-a-la-majorite-par-lensemble-des-deputes#primaryimage\"},\"thumbnailUrl\":\"https:\/\/static.africa-press.net\/cote\/sites\/43\/2024\/11\/sm_1732891529.204065.jpg\",\"datePublished\":\"2024-11-29T16:49:09+00:00\",\"dateModified\":\"2024-11-29T18:15:52+00:00\",\"author\":{\"@id\":\"https:\/\/www.africa-press.net\/cotedivoire\/#\/schema\/person\/2b1cf3cd81a31e3cd26889ca66d677f1\"},\"description\":\"Le 28 novembre 2024, les de\u0301pute\u0301s se sont re\u0301unis en se\u0301ance ple\u0301nie\u0300re a\u0300 l\u2019Assemble\u0301e nationale, sous la pre\u0301sidence ...\",\"breadcrumb\":{\"@id\":\"https:\/\/www.africa-press.net\/cotedivoire\/politique\/assemblee-nationale-les-projets-de-loi-sur-le-reglement-du-budget-de-letat-pour-lannee-2023-et-le-budget-de-letat-pour-2025-adoptes-a-la-majorite-par-lensemble-des-deputes#breadcrumb\"},\"inLanguage\":\"fr-FR\",\"potentialAction\":[{\"@type\":\"ReadAction\",\"target\":[\"https:\/\/www.africa-press.net\/cotedivoire\/politique\/assemblee-nationale-les-projets-de-loi-sur-le-reglement-du-budget-de-letat-pour-lannee-2023-et-le-budget-de-letat-pour-2025-adoptes-a-la-majorite-par-lensemble-des-deputes\"]}]},{\"@type\":\"ImageObject\",\"inLanguage\":\"fr-FR\",\"@id\":\"https:\/\/www.africa-press.net\/cotedivoire\/politique\/assemblee-nationale-les-projets-de-loi-sur-le-reglement-du-budget-de-letat-pour-lannee-2023-et-le-budget-de-letat-pour-2025-adoptes-a-la-majorite-par-lensemble-des-deputes#primaryimage\",\"url\":\"https:\/\/static.africa-press.net\/cote\/sites\/43\/2024\/11\/sm_1732891529.204065.jpg\",\"contentUrl\":\"https:\/\/static.africa-press.net\/cote\/sites\/43\/2024\/11\/sm_1732891529.204065.jpg\",\"width\":720,\"height\":439,\"caption\":\"Assembl\u00e9e nationale, les projets de loi sur le r\u00e8glement du budget de l'\u00c9tat pour l'ann\u00e9e 2023 et le budget de l'\u00c9tat pour 2025 adopt\u00e9s \u00e0 la majorit\u00e9 par l'ensemble des d\u00e9put\u00e9s\"},{\"@type\":\"BreadcrumbList\",\"@id\":\"https:\/\/www.africa-press.net\/cotedivoire\/politique\/assemblee-nationale-les-projets-de-loi-sur-le-reglement-du-budget-de-letat-pour-lannee-2023-et-le-budget-de-letat-pour-2025-adoptes-a-la-majorite-par-lensemble-des-deputes#breadcrumb\",\"itemListElement\":[{\"@type\":\"ListItem\",\"position\":1,\"name\":\"Accueil\",\"item\":\"https:\/\/www.africa-press.net\/cotedivoire\/\"},{\"@type\":\"ListItem\",\"position\":2,\"name\":\"Assembl\u00e9e nationale, les projets de loi sur le r\u00e8glement du budget de l&#8217;\u00c9tat pour l&#8217;ann\u00e9e 2023 et le budget de l&#8217;\u00c9tat pour 2025 adopt\u00e9s \u00e0 la majorit\u00e9 par l&#8217;ensemble des d\u00e9put\u00e9s\"}]},{\"@type\":\"WebSite\",\"@id\":\"https:\/\/www.africa-press.net\/cotedivoire\/#website\",\"url\":\"https:\/\/www.africa-press.net\/cotedivoire\/\",\"name\":\"C\u00f4te d&#039;Ivoire\",\"description\":\"Just another Africa News Agency Sites site\",\"potentialAction\":[{\"@type\":\"SearchAction\",\"target\":{\"@type\":\"EntryPoint\",\"urlTemplate\":\"https:\/\/www.africa-press.net\/cotedivoire\/?s={search_term_string}\"},\"query-input\":{\"@type\":\"PropertyValueSpecification\",\"valueRequired\":true,\"valueName\":\"search_term_string\"}}],\"inLanguage\":\"fr-FR\"},{\"@type\":\"Person\",\"@id\":\"https:\/\/www.africa-press.net\/cotedivoire\/#\/schema\/person\/2b1cf3cd81a31e3cd26889ca66d677f1\",\"name\":\"cfeditorfr\"}]}<\/script>\n<!-- \/ Yoast SEO Premium plugin. -->","yoast_head_json":{"title":"Assembl\u00e9e nationale, les projets de loi sur le r\u00e8glement du budget de l'\u00c9tat pour l'ann\u00e9e 2023 et le budget de l'\u00c9tat pour 2025 adopt\u00e9s \u00e0 la majorit\u00e9 par l'ensemble des d\u00e9put\u00e9s - C\u00f4te d&#039;Ivoire","description":"Le 28 novembre 2024, les de\u0301pute\u0301s se sont re\u0301unis en se\u0301ance ple\u0301nie\u0300re a\u0300 l\u2019Assemble\u0301e nationale, sous la pre\u0301sidence ...","robots":{"index":"index","follow":"follow","max-snippet":"max-snippet:-1","max-image-preview":"max-image-preview:large","max-video-preview":"max-video-preview:-1"},"canonical":"https:\/\/www.africa-press.net\/cotedivoire\/politique\/assemblee-nationale-les-projets-de-loi-sur-le-reglement-du-budget-de-letat-pour-lannee-2023-et-le-budget-de-letat-pour-2025-adoptes-a-la-majorite-par-lensemble-des-deputes","og_locale":"fr_FR","og_type":"article","og_title":"Assembl\u00e9e nationale, les projets de loi sur le r\u00e8glement du budget de l'\u00c9tat pour l'ann\u00e9e 2023 et le budget de l'\u00c9tat pour 2025 adopt\u00e9s \u00e0 la majorit\u00e9 par l'ensemble des d\u00e9put\u00e9s","og_description":"Le 28 novembre 2024, les de\u0301pute\u0301s se sont re\u0301unis en se\u0301ance ple\u0301nie\u0300re a\u0300 l\u2019Assemble\u0301e nationale, sous la pre\u0301sidence ...","og_url":"https:\/\/www.africa-press.net\/cotedivoire\/politique\/assemblee-nationale-les-projets-de-loi-sur-le-reglement-du-budget-de-letat-pour-lannee-2023-et-le-budget-de-letat-pour-2025-adoptes-a-la-majorite-par-lensemble-des-deputes","og_site_name":"C\u00f4te d&#039;Ivoire","article_published_time":"2024-11-29T16:49:09+00:00","article_modified_time":"2024-11-29T18:15:52+00:00","og_image":[{"width":720,"height":439,"url":"https:\/\/static.africa-press.net\/cote\/sites\/43\/2024\/11\/sm_1732891529.204065.jpg","type":"image\/jpeg"}],"author":"cfeditorfr","twitter_card":"summary_large_image","twitter_misc":{"\u00c9crit par":"cfeditorfr","Dur\u00e9e de lecture estim\u00e9e":"3 minutes"},"schema":{"@context":"https:\/\/schema.org","@graph":[{"@type":"Article","@id":"https:\/\/www.africa-press.net\/cotedivoire\/politique\/assemblee-nationale-les-projets-de-loi-sur-le-reglement-du-budget-de-letat-pour-lannee-2023-et-le-budget-de-letat-pour-2025-adoptes-a-la-majorite-par-lensemble-des-deputes#article","isPartOf":{"@id":"https:\/\/www.africa-press.net\/cotedivoire\/politique\/assemblee-nationale-les-projets-de-loi-sur-le-reglement-du-budget-de-letat-pour-lannee-2023-et-le-budget-de-letat-pour-2025-adoptes-a-la-majorite-par-lensemble-des-deputes"},"author":{"name":"cfeditorfr","@id":"https:\/\/www.africa-press.net\/cotedivoire\/#\/schema\/person\/2b1cf3cd81a31e3cd26889ca66d677f1"},"headline":"Assembl\u00e9e nationale, les projets de loi sur le r\u00e8glement du budget de l&rsquo;\u00c9tat pour l&rsquo;ann\u00e9e 2023 et le budget de l&rsquo;\u00c9tat pour 2025 adopt\u00e9s \u00e0 la majorit\u00e9 par l&rsquo;ensemble des d\u00e9put\u00e9s","datePublished":"2024-11-29T16:49:09+00:00","dateModified":"2024-11-29T18:15:52+00:00","mainEntityOfPage":{"@id":"https:\/\/www.africa-press.net\/cotedivoire\/politique\/assemblee-nationale-les-projets-de-loi-sur-le-reglement-du-budget-de-letat-pour-lannee-2023-et-le-budget-de-letat-pour-2025-adoptes-a-la-majorite-par-lensemble-des-deputes"},"wordCount":669,"commentCount":0,"image":{"@id":"https:\/\/www.africa-press.net\/cotedivoire\/politique\/assemblee-nationale-les-projets-de-loi-sur-le-reglement-du-budget-de-letat-pour-lannee-2023-et-le-budget-de-letat-pour-2025-adoptes-a-la-majorite-par-lensemble-des-deputes#primaryimage"},"thumbnailUrl":"https:\/\/static.africa-press.net\/cote\/sites\/43\/2024\/11\/sm_1732891529.204065.jpg","keywords":["Adama Bictogo","adoption","budget","CAEF","C\u00d4TE D'IVOIRE","d\u00e9put\u00e9s","finances","Gestion","pr\u00e9sident","regl\u00e8ment"],"articleSection":["Politique","Top Nouvelles","Toutes les actualit\u00e9s"],"inLanguage":"fr-FR","potentialAction":[{"@type":"CommentAction","name":"Comment","target":["https:\/\/www.africa-press.net\/cotedivoire\/politique\/assemblee-nationale-les-projets-de-loi-sur-le-reglement-du-budget-de-letat-pour-lannee-2023-et-le-budget-de-letat-pour-2025-adoptes-a-la-majorite-par-lensemble-des-deputes#respond"]}]},{"@type":"WebPage","@id":"https:\/\/www.africa-press.net\/cotedivoire\/politique\/assemblee-nationale-les-projets-de-loi-sur-le-reglement-du-budget-de-letat-pour-lannee-2023-et-le-budget-de-letat-pour-2025-adoptes-a-la-majorite-par-lensemble-des-deputes","url":"https:\/\/www.africa-press.net\/cotedivoire\/politique\/assemblee-nationale-les-projets-de-loi-sur-le-reglement-du-budget-de-letat-pour-lannee-2023-et-le-budget-de-letat-pour-2025-adoptes-a-la-majorite-par-lensemble-des-deputes","name":"Assembl\u00e9e nationale, les projets de loi sur le r\u00e8glement du budget de l'\u00c9tat pour l'ann\u00e9e 2023 et le budget de l'\u00c9tat pour 2025 adopt\u00e9s \u00e0 la majorit\u00e9 par l'ensemble des d\u00e9put\u00e9s - C\u00f4te d&#039;Ivoire","isPartOf":{"@id":"https:\/\/www.africa-press.net\/cotedivoire\/#website"},"primaryImageOfPage":{"@id":"https:\/\/www.africa-press.net\/cotedivoire\/politique\/assemblee-nationale-les-projets-de-loi-sur-le-reglement-du-budget-de-letat-pour-lannee-2023-et-le-budget-de-letat-pour-2025-adoptes-a-la-majorite-par-lensemble-des-deputes#primaryimage"},"image":{"@id":"https:\/\/www.africa-press.net\/cotedivoire\/politique\/assemblee-nationale-les-projets-de-loi-sur-le-reglement-du-budget-de-letat-pour-lannee-2023-et-le-budget-de-letat-pour-2025-adoptes-a-la-majorite-par-lensemble-des-deputes#primaryimage"},"thumbnailUrl":"https:\/\/static.africa-press.net\/cote\/sites\/43\/2024\/11\/sm_1732891529.204065.jpg","datePublished":"2024-11-29T16:49:09+00:00","dateModified":"2024-11-29T18:15:52+00:00","author":{"@id":"https:\/\/www.africa-press.net\/cotedivoire\/#\/schema\/person\/2b1cf3cd81a31e3cd26889ca66d677f1"},"description":"Le 28 novembre 2024, les de\u0301pute\u0301s se sont re\u0301unis en se\u0301ance ple\u0301nie\u0300re a\u0300 l\u2019Assemble\u0301e nationale, sous la pre\u0301sidence ...","breadcrumb":{"@id":"https:\/\/www.africa-press.net\/cotedivoire\/politique\/assemblee-nationale-les-projets-de-loi-sur-le-reglement-du-budget-de-letat-pour-lannee-2023-et-le-budget-de-letat-pour-2025-adoptes-a-la-majorite-par-lensemble-des-deputes#breadcrumb"},"inLanguage":"fr-FR","potentialAction":[{"@type":"ReadAction","target":["https:\/\/www.africa-press.net\/cotedivoire\/politique\/assemblee-nationale-les-projets-de-loi-sur-le-reglement-du-budget-de-letat-pour-lannee-2023-et-le-budget-de-letat-pour-2025-adoptes-a-la-majorite-par-lensemble-des-deputes"]}]},{"@type":"ImageObject","inLanguage":"fr-FR","@id":"https:\/\/www.africa-press.net\/cotedivoire\/politique\/assemblee-nationale-les-projets-de-loi-sur-le-reglement-du-budget-de-letat-pour-lannee-2023-et-le-budget-de-letat-pour-2025-adoptes-a-la-majorite-par-lensemble-des-deputes#primaryimage","url":"https:\/\/static.africa-press.net\/cote\/sites\/43\/2024\/11\/sm_1732891529.204065.jpg","contentUrl":"https:\/\/static.africa-press.net\/cote\/sites\/43\/2024\/11\/sm_1732891529.204065.jpg","width":720,"height":439,"caption":"Assembl\u00e9e nationale, les projets de loi sur le r\u00e8glement du budget de l'\u00c9tat pour l'ann\u00e9e 2023 et le budget de l'\u00c9tat pour 2025 adopt\u00e9s \u00e0 la majorit\u00e9 par l'ensemble des d\u00e9put\u00e9s"},{"@type":"BreadcrumbList","@id":"https:\/\/www.africa-press.net\/cotedivoire\/politique\/assemblee-nationale-les-projets-de-loi-sur-le-reglement-du-budget-de-letat-pour-lannee-2023-et-le-budget-de-letat-pour-2025-adoptes-a-la-majorite-par-lensemble-des-deputes#breadcrumb","itemListElement":[{"@type":"ListItem","position":1,"name":"Accueil","item":"https:\/\/www.africa-press.net\/cotedivoire\/"},{"@type":"ListItem","position":2,"name":"Assembl\u00e9e nationale, les projets de loi sur le r\u00e8glement du budget de l&#8217;\u00c9tat pour l&#8217;ann\u00e9e 2023 et le budget de l&#8217;\u00c9tat pour 2025 adopt\u00e9s \u00e0 la majorit\u00e9 par l&#8217;ensemble des d\u00e9put\u00e9s"}]},{"@type":"WebSite","@id":"https:\/\/www.africa-press.net\/cotedivoire\/#website","url":"https:\/\/www.africa-press.net\/cotedivoire\/","name":"C\u00f4te d&#039;Ivoire","description":"Just another Africa News Agency Sites site","potentialAction":[{"@type":"SearchAction","target":{"@type":"EntryPoint","urlTemplate":"https:\/\/www.africa-press.net\/cotedivoire\/?s={search_term_string}"},"query-input":{"@type":"PropertyValueSpecification","valueRequired":true,"valueName":"search_term_string"}}],"inLanguage":"fr-FR"},{"@type":"Person","@id":"https:\/\/www.africa-press.net\/cotedivoire\/#\/schema\/person\/2b1cf3cd81a31e3cd26889ca66d677f1","name":"cfeditorfr"}]}},"_links":{"self":[{"href":"https:\/\/www.africa-press.net\/cotedivoire\/wp-json\/wp\/v2\/posts\/91463","targetHints":{"allow":["GET"]}}],"collection":[{"href":"https:\/\/www.africa-press.net\/cotedivoire\/wp-json\/wp\/v2\/posts"}],"about":[{"href":"https:\/\/www.africa-press.net\/cotedivoire\/wp-json\/wp\/v2\/types\/post"}],"author":[{"embeddable":true,"href":"https:\/\/www.africa-press.net\/cotedivoire\/wp-json\/wp\/v2\/users\/82"}],"replies":[{"embeddable":true,"href":"https:\/\/www.africa-press.net\/cotedivoire\/wp-json\/wp\/v2\/comments?post=91463"}],"version-history":[{"count":0,"href":"https:\/\/www.africa-press.net\/cotedivoire\/wp-json\/wp\/v2\/posts\/91463\/revisions"}],"wp:featuredmedia":[{"embeddable":true,"href":"https:\/\/www.africa-press.net\/cotedivoire\/wp-json\/wp\/v2\/media\/91462"}],"wp:attachment":[{"href":"https:\/\/www.africa-press.net\/cotedivoire\/wp-json\/wp\/v2\/media?parent=91463"}],"wp:term":[{"taxonomy":"category","embeddable":true,"href":"https:\/\/www.africa-press.net\/cotedivoire\/wp-json\/wp\/v2\/categories?post=91463"},{"taxonomy":"post_tag","embeddable":true,"href":"https:\/\/www.africa-press.net\/cotedivoire\/wp-json\/wp\/v2\/tags?post=91463"}],"curies":[{"name":"wp","href":"https:\/\/api.w.org\/{rel}","templated":true}]}}