{"id":9149,"date":"2021-06-19T12:23:30","date_gmt":"2021-06-19T12:23:30","guid":{"rendered":"https:\/\/www.africa-press.net\/cotedivoire\/?p=9149"},"modified":"2021-06-19T12:52:44","modified_gmt":"2021-06-19T12:52:44","slug":"laurent-gbagbo-de-retour-en-cote-divoire-sa-popularite-intacte","status":"publish","type":"post","link":"https:\/\/www.africa-press.net\/cotedivoire\/dossiers\/laurent-gbagbo-de-retour-en-cote-divoire-sa-popularite-intacte","title":{"rendered":"Laurent Gbagbo de retour en C\u00f4te d\u2019Ivoire, sa popularit\u00e9 intacte"},"content":{"rendered":"<p><span style=\"color: #ff6600\"><strong><a href=\"https:\/\/www.africa-press.net\/\">Africa-Press<\/a> &#8211; <a href=\"https:\/\/www.africa-press.net\/cotedivoire\">C\u00f4te d&rsquo;Ivoire<\/a>.\u00a0 <\/strong><\/span>est donc arriv\u00e9. Pour D\u00e9sir\u00e9e, Basile et Christophe, comme pour des millions d\u2019autres Ivoiriens, une aube nouvelle s\u2019est lev\u00e9e sur leur pays jeudi 17 avril peu apr\u00e8s 16 h 15 (18 h 15 \u00e0 Paris) lorsque leur h\u00e9ros a d\u00e9barqu\u00e9 d\u2019un pas lent de l\u2019avion qui le ramenait de Bruxelles et foul\u00e9 le sol d\u2019Abidjan.<\/p>\n<p>\u00ab C\u2019est irr\u00e9alisable ce qui se passe, Laurent Gbagbo est plus qu\u2019une personne. Avec lui nous ne formons qu\u2019un \u00bb, dit la premi\u00e8re, joliment appr\u00eat\u00e9e d\u2019une robe \u00e0 l\u2019effigie de son champion. \u00ab C\u2019est en lui que le peuple se reconna\u00eet \u00bb, ajoute le second. \u00ab C\u2019est comme J\u00e9sus de Nazareth entrant triomphalement \u00e0 J\u00e9rusalem. Il est la joie, la paix, la tol\u00e9rance \u00bb, conclut le troisi\u00e8me avec une ferveur touchant \u00e0 la d\u00e9votion.<\/p>\n<p>Leur vision de la politique a tenu pendant dix ans sur une formule simple : \u00ab Gbagbo ou rien \u00bb. Et voil\u00e0 que l\u2019ex-pr\u00e9sident est revenu, justifiant selon eux, cette si longue attente et balayant toute mod\u00e9ration. Les moments de liesse se pr\u00eatent mal \u00e0 la raison.<\/p>\n<p>Comme cela \u00e9tait pr\u00e9visible, le programme \u00e9tabli avant son retour a vol\u00e9 en \u00e9clats d\u00e8s son arriv\u00e9e. L\u2019ancien chef de l\u2019Etat ivoirien (2000-2010) ne s\u2019est pas arr\u00eat\u00e9 au pavillon d\u2019honneur de l\u2019a\u00e9roport que le gouvernement avait mis \u00e0 sa disposition. Il n\u2019est pas sorti de son v\u00e9hicule \u00e0 vitres fum\u00e9es pour saluer les cadres de son parti et les chefs traditionnels qui l\u2019attendaient l\u00e0 depuis plusieurs heures.<\/p>\n<p>Sa seule apparition a \u00e9t\u00e9 br\u00e8ve : une salutation au balcon de son ancien si\u00e8ge de campagne devant des milliers de partisans en transe, quelques mots pour se dire \u00ab heureux de retrouver la C\u00f4te d\u2019Ivoire et l\u2019Afrique \u00bb et des remerciements \u00e0 ses fid\u00e8les lieutenants qui l\u2019ont soutenu pendant son absence.<\/p>\n<p><b>Popularit\u00e9 intacte<\/b><\/p>\n<p>S\u2019il n\u2019a pas eu \u00ab l\u2019accueil triomphal \u00bb qu\u2019esp\u00e9raient ses militants, Laurent Gbagbo a cependant pu constater que sa popularit\u00e9 demeure intacte. Sur le chemin de son retour, qui s\u2019est achev\u00e9 dans la maison de sa seconde \u00e9pouse, Nady Bamba, ils \u00e9taient encore des milliers \u00e0 avoir brav\u00e9 depuis le matin les jets de gaz lacrymog\u00e8nes et de grenades assourdissantes. Combien auraient-ils \u00e9t\u00e9 sans cette dispersion syst\u00e9matique ? Nul ne le saura jamais.<\/p>\n<p>A Port-Bou\u00ebt, \u00e0 quelques centaines de m\u00e8tres de l\u2019a\u00e9roport, comme dans d\u2019autres communes d\u2019Abidjan, tout \u00e9tait pourtant pr\u00eat pour offrir une mar\u00e9e humaine \u00e0 celui que ses militants consid\u00e8rent encore comme \u00ab le vrai pr\u00e9sident des Ivoiriens \u00bb.<\/p>\n<p><b>\u00a0<\/b><\/p>\n","protected":false},"excerpt":{"rendered":"<p>Africa-Press &#8211; C\u00f4te d&rsquo;Ivoire.\u00a0 est donc arriv\u00e9. Pour D\u00e9sir\u00e9e, Basile et Christophe, comme pour des millions d\u2019autres Ivoiriens, une aube nouvelle s\u2019est lev\u00e9e sur leur pays jeudi 17 avril peu apr\u00e8s 16 h 15 (18 h 15 \u00e0 Paris) lorsque leur h\u00e9ros a d\u00e9barqu\u00e9 d\u2019un pas lent de l\u2019avion qui le ramenait de Bruxelles et [&hellip;]<\/p>\n","protected":false},"author":82,"featured_media":9148,"comment_status":"open","ping_status":"closed","sticky":false,"template":"","format":"standard","meta":{"footnotes":""},"categories":[7,11,10],"tags":[56,63,29],"class_list":["post-9149","post","type-post","status-publish","format-standard","has-post-thumbnail","hentry","category-dossiers","category-homepage-french","category-toutes-les-actualites","tag-africa-press","tag-africa-press-cote-divoire","tag-cote-divoire"],"yoast_head":"<!-- This site is optimized with the Yoast SEO Premium plugin v26.1 (Yoast SEO v27.0) - https:\/\/yoast.com\/product\/yoast-seo-premium-wordpress\/ -->\n<title>Laurent Gbagbo de retour en C\u00f4te d\u2019Ivoire, sa popularit\u00e9 intacte - C\u00f4te d&#039;Ivoire<\/title>\n<meta name=\"description\" content=\"\u00ab Le jour o\u00f9 il fera jour \u00bb est donc arriv\u00e9. Pour D\u00e9sir\u00e9e, Basile et Christophe, comme pour des millions d\u2019autre ...\" \/>\n<meta name=\"robots\" content=\"index, follow, max-snippet:-1, max-image-preview:large, max-video-preview:-1\" \/>\n<link rel=\"canonical\" href=\"https:\/\/www.africa-press.net\/cotedivoire\/dossiers\/laurent-gbagbo-de-retour-en-cote-divoire-sa-popularite-intacte\" \/>\n<meta property=\"og:locale\" content=\"fr_FR\" \/>\n<meta property=\"og:type\" content=\"article\" \/>\n<meta property=\"og:title\" content=\"Laurent Gbagbo de retour en C\u00f4te d\u2019Ivoire, sa popularit\u00e9 intacte\" \/>\n<meta property=\"og:description\" content=\"\u00ab Le jour o\u00f9 il fera jour \u00bb est donc arriv\u00e9. Pour D\u00e9sir\u00e9e, Basile et Christophe, comme pour des millions d\u2019autre ...\" \/>\n<meta property=\"og:url\" content=\"https:\/\/www.africa-press.net\/cotedivoire\/dossiers\/laurent-gbagbo-de-retour-en-cote-divoire-sa-popularite-intacte\" \/>\n<meta property=\"og:site_name\" content=\"C\u00f4te d&#039;Ivoire\" \/>\n<meta property=\"article:published_time\" content=\"2021-06-19T12:23:30+00:00\" \/>\n<meta property=\"article:modified_time\" content=\"2021-06-19T12:52:44+00:00\" \/>\n<meta property=\"og:image\" content=\"https:\/\/static.africa-press.net\/cote\/sites\/43\/2021\/06\/img-60cdddf45bdd2.jpg\" \/>\n\t<meta property=\"og:image:width\" content=\"1440\" \/>\n\t<meta property=\"og:image:height\" content=\"720\" \/>\n\t<meta property=\"og:image:type\" content=\"image\/jpeg\" \/>\n<meta name=\"author\" content=\"cfeditorfr\" \/>\n<meta name=\"twitter:card\" content=\"summary_large_image\" \/>\n<meta name=\"twitter:label1\" content=\"\u00c9crit par\" \/>\n\t<meta name=\"twitter:data1\" content=\"cfeditorfr\" \/>\n\t<meta name=\"twitter:label2\" content=\"Dur\u00e9e de lecture estim\u00e9e\" \/>\n\t<meta name=\"twitter:data2\" content=\"2 minutes\" \/>\n<script type=\"application\/ld+json\" class=\"yoast-schema-graph\">{\"@context\":\"https:\/\/schema.org\",\"@graph\":[{\"@type\":\"Article\",\"@id\":\"https:\/\/www.africa-press.net\/cotedivoire\/dossiers\/laurent-gbagbo-de-retour-en-cote-divoire-sa-popularite-intacte#article\",\"isPartOf\":{\"@id\":\"https:\/\/www.africa-press.net\/cotedivoire\/dossiers\/laurent-gbagbo-de-retour-en-cote-divoire-sa-popularite-intacte\"},\"author\":{\"name\":\"cfeditorfr\",\"@id\":\"https:\/\/www.africa-press.net\/cotedivoire\/#\/schema\/person\/2b1cf3cd81a31e3cd26889ca66d677f1\"},\"headline\":\"Laurent Gbagbo de retour en C\u00f4te d\u2019Ivoire, sa popularit\u00e9 intacte\",\"datePublished\":\"2021-06-19T12:23:30+00:00\",\"dateModified\":\"2021-06-19T12:52:44+00:00\",\"mainEntityOfPage\":{\"@id\":\"https:\/\/www.africa-press.net\/cotedivoire\/dossiers\/laurent-gbagbo-de-retour-en-cote-divoire-sa-popularite-intacte\"},\"wordCount\":464,\"commentCount\":0,\"image\":{\"@id\":\"https:\/\/www.africa-press.net\/cotedivoire\/dossiers\/laurent-gbagbo-de-retour-en-cote-divoire-sa-popularite-intacte#primaryimage\"},\"thumbnailUrl\":\"https:\/\/static.africa-press.net\/cote\/sites\/43\/2021\/06\/img-60cdddf45bdd2.jpg\",\"keywords\":[\"Africa Press\",\"Africa Press-C\u00f4te d'Ivoire\",\"C\u00d4TE D'IVOIRE\"],\"articleSection\":[\"Dossiers\",\"homepage-french\",\"Toutes les actualit\u00e9s\"],\"inLanguage\":\"fr-FR\",\"potentialAction\":[{\"@type\":\"CommentAction\",\"name\":\"Comment\",\"target\":[\"https:\/\/www.africa-press.net\/cotedivoire\/dossiers\/laurent-gbagbo-de-retour-en-cote-divoire-sa-popularite-intacte#respond\"]}]},{\"@type\":\"WebPage\",\"@id\":\"https:\/\/www.africa-press.net\/cotedivoire\/dossiers\/laurent-gbagbo-de-retour-en-cote-divoire-sa-popularite-intacte\",\"url\":\"https:\/\/www.africa-press.net\/cotedivoire\/dossiers\/laurent-gbagbo-de-retour-en-cote-divoire-sa-popularite-intacte\",\"name\":\"Laurent Gbagbo de retour en C\u00f4te d\u2019Ivoire, sa popularit\u00e9 intacte - C\u00f4te d&#039;Ivoire\",\"isPartOf\":{\"@id\":\"https:\/\/www.africa-press.net\/cotedivoire\/#website\"},\"primaryImageOfPage\":{\"@id\":\"https:\/\/www.africa-press.net\/cotedivoire\/dossiers\/laurent-gbagbo-de-retour-en-cote-divoire-sa-popularite-intacte#primaryimage\"},\"image\":{\"@id\":\"https:\/\/www.africa-press.net\/cotedivoire\/dossiers\/laurent-gbagbo-de-retour-en-cote-divoire-sa-popularite-intacte#primaryimage\"},\"thumbnailUrl\":\"https:\/\/static.africa-press.net\/cote\/sites\/43\/2021\/06\/img-60cdddf45bdd2.jpg\",\"datePublished\":\"2021-06-19T12:23:30+00:00\",\"dateModified\":\"2021-06-19T12:52:44+00:00\",\"author\":{\"@id\":\"https:\/\/www.africa-press.net\/cotedivoire\/#\/schema\/person\/2b1cf3cd81a31e3cd26889ca66d677f1\"},\"description\":\"\u00ab Le jour o\u00f9 il fera jour \u00bb est donc arriv\u00e9. Pour D\u00e9sir\u00e9e, Basile et Christophe, comme pour des millions d\u2019autre ...\",\"breadcrumb\":{\"@id\":\"https:\/\/www.africa-press.net\/cotedivoire\/dossiers\/laurent-gbagbo-de-retour-en-cote-divoire-sa-popularite-intacte#breadcrumb\"},\"inLanguage\":\"fr-FR\",\"potentialAction\":[{\"@type\":\"ReadAction\",\"target\":[\"https:\/\/www.africa-press.net\/cotedivoire\/dossiers\/laurent-gbagbo-de-retour-en-cote-divoire-sa-popularite-intacte\"]}]},{\"@type\":\"ImageObject\",\"inLanguage\":\"fr-FR\",\"@id\":\"https:\/\/www.africa-press.net\/cotedivoire\/dossiers\/laurent-gbagbo-de-retour-en-cote-divoire-sa-popularite-intacte#primaryimage\",\"url\":\"https:\/\/static.africa-press.net\/cote\/sites\/43\/2021\/06\/img-60cdddf45bdd2.jpg\",\"contentUrl\":\"https:\/\/static.africa-press.net\/cote\/sites\/43\/2021\/06\/img-60cdddf45bdd2.jpg\",\"width\":1440,\"height\":720,\"caption\":\"Laurent Gbagbo de retour en C\u00f4te d\u2019Ivoire, sa popularit\u00e9 intacte\"},{\"@type\":\"BreadcrumbList\",\"@id\":\"https:\/\/www.africa-press.net\/cotedivoire\/dossiers\/laurent-gbagbo-de-retour-en-cote-divoire-sa-popularite-intacte#breadcrumb\",\"itemListElement\":[{\"@type\":\"ListItem\",\"position\":1,\"name\":\"Accueil\",\"item\":\"https:\/\/www.africa-press.net\/cotedivoire\/\"},{\"@type\":\"ListItem\",\"position\":2,\"name\":\"Laurent Gbagbo de retour en C\u00f4te d\u2019Ivoire, sa popularit\u00e9 intacte\"}]},{\"@type\":\"WebSite\",\"@id\":\"https:\/\/www.africa-press.net\/cotedivoire\/#website\",\"url\":\"https:\/\/www.africa-press.net\/cotedivoire\/\",\"name\":\"C\u00f4te d&#039;Ivoire\",\"description\":\"Just another Africa News Agency Sites site\",\"potentialAction\":[{\"@type\":\"SearchAction\",\"target\":{\"@type\":\"EntryPoint\",\"urlTemplate\":\"https:\/\/www.africa-press.net\/cotedivoire\/?s={search_term_string}\"},\"query-input\":{\"@type\":\"PropertyValueSpecification\",\"valueRequired\":true,\"valueName\":\"search_term_string\"}}],\"inLanguage\":\"fr-FR\"},{\"@type\":\"Person\",\"@id\":\"https:\/\/www.africa-press.net\/cotedivoire\/#\/schema\/person\/2b1cf3cd81a31e3cd26889ca66d677f1\",\"name\":\"cfeditorfr\"}]}<\/script>\n<!-- \/ Yoast SEO Premium plugin. -->","yoast_head_json":{"title":"Laurent Gbagbo de retour en C\u00f4te d\u2019Ivoire, sa popularit\u00e9 intacte - C\u00f4te d&#039;Ivoire","description":"\u00ab Le jour o\u00f9 il fera jour \u00bb est donc arriv\u00e9. Pour D\u00e9sir\u00e9e, Basile et Christophe, comme pour des millions d\u2019autre ...","robots":{"index":"index","follow":"follow","max-snippet":"max-snippet:-1","max-image-preview":"max-image-preview:large","max-video-preview":"max-video-preview:-1"},"canonical":"https:\/\/www.africa-press.net\/cotedivoire\/dossiers\/laurent-gbagbo-de-retour-en-cote-divoire-sa-popularite-intacte","og_locale":"fr_FR","og_type":"article","og_title":"Laurent Gbagbo de retour en C\u00f4te d\u2019Ivoire, sa popularit\u00e9 intacte","og_description":"\u00ab Le jour o\u00f9 il fera jour \u00bb est donc arriv\u00e9. Pour D\u00e9sir\u00e9e, Basile et Christophe, comme pour des millions d\u2019autre ...","og_url":"https:\/\/www.africa-press.net\/cotedivoire\/dossiers\/laurent-gbagbo-de-retour-en-cote-divoire-sa-popularite-intacte","og_site_name":"C\u00f4te d&#039;Ivoire","article_published_time":"2021-06-19T12:23:30+00:00","article_modified_time":"2021-06-19T12:52:44+00:00","og_image":[{"width":1440,"height":720,"url":"https:\/\/static.africa-press.net\/cote\/sites\/43\/2021\/06\/img-60cdddf45bdd2.jpg","type":"image\/jpeg"}],"author":"cfeditorfr","twitter_card":"summary_large_image","twitter_misc":{"\u00c9crit par":"cfeditorfr","Dur\u00e9e de lecture estim\u00e9e":"2 minutes"},"schema":{"@context":"https:\/\/schema.org","@graph":[{"@type":"Article","@id":"https:\/\/www.africa-press.net\/cotedivoire\/dossiers\/laurent-gbagbo-de-retour-en-cote-divoire-sa-popularite-intacte#article","isPartOf":{"@id":"https:\/\/www.africa-press.net\/cotedivoire\/dossiers\/laurent-gbagbo-de-retour-en-cote-divoire-sa-popularite-intacte"},"author":{"name":"cfeditorfr","@id":"https:\/\/www.africa-press.net\/cotedivoire\/#\/schema\/person\/2b1cf3cd81a31e3cd26889ca66d677f1"},"headline":"Laurent Gbagbo de retour en C\u00f4te d\u2019Ivoire, sa popularit\u00e9 intacte","datePublished":"2021-06-19T12:23:30+00:00","dateModified":"2021-06-19T12:52:44+00:00","mainEntityOfPage":{"@id":"https:\/\/www.africa-press.net\/cotedivoire\/dossiers\/laurent-gbagbo-de-retour-en-cote-divoire-sa-popularite-intacte"},"wordCount":464,"commentCount":0,"image":{"@id":"https:\/\/www.africa-press.net\/cotedivoire\/dossiers\/laurent-gbagbo-de-retour-en-cote-divoire-sa-popularite-intacte#primaryimage"},"thumbnailUrl":"https:\/\/static.africa-press.net\/cote\/sites\/43\/2021\/06\/img-60cdddf45bdd2.jpg","keywords":["Africa Press","Africa Press-C\u00f4te d'Ivoire","C\u00d4TE D'IVOIRE"],"articleSection":["Dossiers","homepage-french","Toutes les actualit\u00e9s"],"inLanguage":"fr-FR","potentialAction":[{"@type":"CommentAction","name":"Comment","target":["https:\/\/www.africa-press.net\/cotedivoire\/dossiers\/laurent-gbagbo-de-retour-en-cote-divoire-sa-popularite-intacte#respond"]}]},{"@type":"WebPage","@id":"https:\/\/www.africa-press.net\/cotedivoire\/dossiers\/laurent-gbagbo-de-retour-en-cote-divoire-sa-popularite-intacte","url":"https:\/\/www.africa-press.net\/cotedivoire\/dossiers\/laurent-gbagbo-de-retour-en-cote-divoire-sa-popularite-intacte","name":"Laurent Gbagbo de retour en C\u00f4te d\u2019Ivoire, sa popularit\u00e9 intacte - C\u00f4te d&#039;Ivoire","isPartOf":{"@id":"https:\/\/www.africa-press.net\/cotedivoire\/#website"},"primaryImageOfPage":{"@id":"https:\/\/www.africa-press.net\/cotedivoire\/dossiers\/laurent-gbagbo-de-retour-en-cote-divoire-sa-popularite-intacte#primaryimage"},"image":{"@id":"https:\/\/www.africa-press.net\/cotedivoire\/dossiers\/laurent-gbagbo-de-retour-en-cote-divoire-sa-popularite-intacte#primaryimage"},"thumbnailUrl":"https:\/\/static.africa-press.net\/cote\/sites\/43\/2021\/06\/img-60cdddf45bdd2.jpg","datePublished":"2021-06-19T12:23:30+00:00","dateModified":"2021-06-19T12:52:44+00:00","author":{"@id":"https:\/\/www.africa-press.net\/cotedivoire\/#\/schema\/person\/2b1cf3cd81a31e3cd26889ca66d677f1"},"description":"\u00ab Le jour o\u00f9 il fera jour \u00bb est donc arriv\u00e9. Pour D\u00e9sir\u00e9e, Basile et Christophe, comme pour des millions d\u2019autre ...","breadcrumb":{"@id":"https:\/\/www.africa-press.net\/cotedivoire\/dossiers\/laurent-gbagbo-de-retour-en-cote-divoire-sa-popularite-intacte#breadcrumb"},"inLanguage":"fr-FR","potentialAction":[{"@type":"ReadAction","target":["https:\/\/www.africa-press.net\/cotedivoire\/dossiers\/laurent-gbagbo-de-retour-en-cote-divoire-sa-popularite-intacte"]}]},{"@type":"ImageObject","inLanguage":"fr-FR","@id":"https:\/\/www.africa-press.net\/cotedivoire\/dossiers\/laurent-gbagbo-de-retour-en-cote-divoire-sa-popularite-intacte#primaryimage","url":"https:\/\/static.africa-press.net\/cote\/sites\/43\/2021\/06\/img-60cdddf45bdd2.jpg","contentUrl":"https:\/\/static.africa-press.net\/cote\/sites\/43\/2021\/06\/img-60cdddf45bdd2.jpg","width":1440,"height":720,"caption":"Laurent Gbagbo de retour en C\u00f4te d\u2019Ivoire, sa popularit\u00e9 intacte"},{"@type":"BreadcrumbList","@id":"https:\/\/www.africa-press.net\/cotedivoire\/dossiers\/laurent-gbagbo-de-retour-en-cote-divoire-sa-popularite-intacte#breadcrumb","itemListElement":[{"@type":"ListItem","position":1,"name":"Accueil","item":"https:\/\/www.africa-press.net\/cotedivoire\/"},{"@type":"ListItem","position":2,"name":"Laurent Gbagbo de retour en C\u00f4te d\u2019Ivoire, sa popularit\u00e9 intacte"}]},{"@type":"WebSite","@id":"https:\/\/www.africa-press.net\/cotedivoire\/#website","url":"https:\/\/www.africa-press.net\/cotedivoire\/","name":"C\u00f4te d&#039;Ivoire","description":"Just another Africa News Agency Sites site","potentialAction":[{"@type":"SearchAction","target":{"@type":"EntryPoint","urlTemplate":"https:\/\/www.africa-press.net\/cotedivoire\/?s={search_term_string}"},"query-input":{"@type":"PropertyValueSpecification","valueRequired":true,"valueName":"search_term_string"}}],"inLanguage":"fr-FR"},{"@type":"Person","@id":"https:\/\/www.africa-press.net\/cotedivoire\/#\/schema\/person\/2b1cf3cd81a31e3cd26889ca66d677f1","name":"cfeditorfr"}]}},"_links":{"self":[{"href":"https:\/\/www.africa-press.net\/cotedivoire\/wp-json\/wp\/v2\/posts\/9149","targetHints":{"allow":["GET"]}}],"collection":[{"href":"https:\/\/www.africa-press.net\/cotedivoire\/wp-json\/wp\/v2\/posts"}],"about":[{"href":"https:\/\/www.africa-press.net\/cotedivoire\/wp-json\/wp\/v2\/types\/post"}],"author":[{"embeddable":true,"href":"https:\/\/www.africa-press.net\/cotedivoire\/wp-json\/wp\/v2\/users\/82"}],"replies":[{"embeddable":true,"href":"https:\/\/www.africa-press.net\/cotedivoire\/wp-json\/wp\/v2\/comments?post=9149"}],"version-history":[{"count":0,"href":"https:\/\/www.africa-press.net\/cotedivoire\/wp-json\/wp\/v2\/posts\/9149\/revisions"}],"wp:featuredmedia":[{"embeddable":true,"href":"https:\/\/www.africa-press.net\/cotedivoire\/wp-json\/wp\/v2\/media\/9148"}],"wp:attachment":[{"href":"https:\/\/www.africa-press.net\/cotedivoire\/wp-json\/wp\/v2\/media?parent=9149"}],"wp:term":[{"taxonomy":"category","embeddable":true,"href":"https:\/\/www.africa-press.net\/cotedivoire\/wp-json\/wp\/v2\/categories?post=9149"},{"taxonomy":"post_tag","embeddable":true,"href":"https:\/\/www.africa-press.net\/cotedivoire\/wp-json\/wp\/v2\/tags?post=9149"}],"curies":[{"name":"wp","href":"https:\/\/api.w.org\/{rel}","templated":true}]}}