{"id":91493,"date":"2024-11-29T16:57:47","date_gmt":"2024-11-29T16:57:47","guid":{"rendered":"https:\/\/www.africa-press.net\/cotedivoire\/politique\/cote-divoire-sirexe-le-fonds-dinvestissement-minier-officiellement-lance-pour-le-developpement-du-secteur"},"modified":"2024-11-29T18:18:18","modified_gmt":"2024-11-29T18:18:18","slug":"cote-divoire-sirexe-le-fonds-dinvestissement-minier-officiellement-lance-pour-le-developpement-du-secteur","status":"publish","type":"post","link":"https:\/\/www.africa-press.net\/cotedivoire\/economie\/cote-divoire-sirexe-le-fonds-dinvestissement-minier-officiellement-lance-pour-le-developpement-du-secteur","title":{"rendered":"C\u00f4te d&rsquo;Ivoire: SIREXE, le Fonds d&rsquo;investissement minier officiellement lanc\u00e9 pour le d\u00e9veloppement du secteur"},"content":{"rendered":"<p><span style=\"color: #ff6600\"><strong>Africa-Press &#8211; C\u00f4te d&rsquo;Ivoire. <\/strong><\/span>En marge du Salon International des Ressources et des Industries Extractives (SIREXE), Mamadou Sangafowa-Coulibaly, Ministre des Mines, a lance\u0301 officiellement ce jeudi 28 novembre 2024, le Fonds d&rsquo;Investissement Minier. Cette initiative, a\u0300 la fois novatrice et strate\u0301gique, vise a\u0300 transformer durablement le secteur minier ivoirien en le rendant plus compe\u0301titif et plus inclusif, tout en soutenant son de\u0301veloppement sur le long terme.<\/p>\n<p>En pre\u0301sence de plusieurs personnalite\u0301s du secteur, notamment du Pre\u0301sident de la Fe\u0301de\u0301ration des Chambres des Mines de la CEDEAO (EFEDCOM) et du Secre\u0301taire Ge\u0301ne\u0301ral de la Fe\u0301de\u0301ration Ivoirienne des Syndicats des Mines, Me\u0301taux, Carrie\u0300res (FISMECA), le ministre a exprime\u0301 sa fierte\u0301 et son engagement envers ce projet ambitieux.<\/p>\n<p>\u00ab C\u2019est avec une grande fierte\u0301 et un profond sentiment de responsabilite\u0301 que je prends la parole aujourd\u2019hui pour le lancement officiel du Fonds d\u2019Investissement Minier, une initiative novatrice et strate\u0301gique pour le de\u0301veloppement durable de notre secteur minier \u00bb, a de\u0301clare\u0301 Mamadou Sangafowa-Coulibaly, avant de souligner que le projet se veut une re\u0301ponse directe aux de\u0301fis majeurs rencontre\u0301s par le secteur minier ivoirien.<\/p>\n<p>Le ministre a salue\u0301 l\u2019implication du Groupement Professionnel des Miniers de Co\u0302te d&rsquo;Ivoire (GPMCI), qui, a\u0300 travers cette initiative, a su identifier les besoins critiques du secteur et proposer une solution viable et adapte\u0301e aux re\u0301alite\u0301s actuelles. Le Fonds d&rsquo;Investissement Minier n&rsquo;est pas simplement un ve\u0301hicule financier, mais un ve\u0301ritable levier de transformation du secteur.<\/p>\n<p>Le Fonds d&rsquo;Investissement Minier se veut un acteur cle\u0301 dans l\u2019ame\u0301lioration de la compe\u0301titivite\u0301 et de la durabilite\u0301 du secteur. Son objectif principal est de mobiliser des ressources financie\u0300res pour soutenir les entreprises locales et leurs sous-traitants, tout en encourageant l\u2019inclusion des salarie\u0301s et des communaute\u0301s locales dans le processus de de\u0301veloppement.<\/p>\n<p>Parmi les objectifs de\u0301finis, promouvoir l\u2019e\u0301pargne des salarie\u0301s du secteur minier: Le fonds offre aux travailleurs une opportunite\u0301 unique d\u2019investir dans un dispositif se\u0301curise\u0301 et rentable, tout en participant a\u0300 la cre\u0301ation de valeur au sein du secteur, renforcer l\u2019acce\u0300s au financement pour les entreprises locales: En ciblant les entreprises minie\u0300res ivoiriennes et les PME sous-traitantes, ce fonds permet de dynamiser le tissu industriel local et d\u2019ame\u0301liorer la compe\u0301titivite\u0301 de ces entreprises soutenir la formation, la recherche et l\u2019innovation: Ces trois piliers sont essentiels pour garantir la durabilite\u0301 et l\u2019adaptabilite\u0301 du secteur face aux exigences croissantes en matie\u0300re de performance et de responsabilite\u0301 sociale.<\/p>\n<p>Le Fonds d&rsquo;Investissement Minier vise a\u0300 avoir un impact transversal et a\u0300 be\u0301ne\u0301ficier a\u0300 une large gamme d\u2019acteurs du secteur minier.<\/p>\n<p>\u00ab\u00a0Les salarie\u0301s: Ils auront la possibilite\u0301 de se\u0301curiser leurs e\u0301pargnes et de participer activement a\u0300 la croissance du secteur, contribuant ainsi a\u0300 leur propre de\u0301veloppement financier et a\u0300 celui du pays. Les entreprises locales et les sous-traitants: En fournissant des solutions de financement adapte\u0301es, le fonds soutiendra les projets de croissance des entreprises minie\u0300res locales et de leurs partenaires sous-traitants. Les communaute\u0301s locales: L\u2019initiative ge\u0301ne\u0301rera des retombe\u0301es e\u0301conomiques et sociales qui contribueront a\u0300 ame\u0301liorer la qualite\u0301 de vie des communaute\u0301s vivant a\u0300 proximite\u0301 des sites miniers, a\u0300 travers des programmes de formation et d\u2019innovation\u00a0\u00bb a mentionne\u0301,le ministre,Mamadou Sangafowa-Coulibaly.<\/p>\n<p>Le Fonds d&rsquo;Investissement Minier s\u2019inscrit dans une vision plus large porte\u0301e par le Pre\u0301sident de la Re\u0301publique de Co\u0302te d&rsquo;Ivoire, Alassane Dramane Ouattara, visant a\u0300 faire du secteur minier ivoirien le 2e\u0300me poumon de l\u2019e\u0301conomie nationale. Le ministre Mamadou Sangafowa-Coulibaly a rappele\u0301 que ce projet vient comple\u0301ter et renforcer les efforts du gouvernement pour garantir un de\u0301veloppement e\u0301conomique inclusif et durable.<\/p>\n<p>Le ministre a lance\u0301 un appel a\u0300 toutes les parties prenantes du secteur pour assurer la re\u0301ussite du projet. Il a souligne\u0301 l\u2019importance de l&rsquo;engagement des partenaires techniques et financiers, des entreprises minie\u0300res, ainsi que des salarie\u0301s et des communaute\u0301s locales.<\/p>\n<p>\u00ab Un projet de cette envergure ne peut re\u0301ussir sans l\u2019engagement de toutes les parties prenantes. Je lance donc un appel solennel a\u0300 tous ceux qui ont un ro\u0302le a\u0300 jouer pour soutenir activement ce fonds et y participer pleinement. \u00bb a de\u0301clare\u0301 le ministre.<\/p>\n<p>Le lancement du Fonds d&rsquo;Investissement Minier marque une e\u0301tape de\u0301cisive dans le renforcement du secteur minier en Co\u0302te d&rsquo;Ivoire. Ce fonds, a\u0300 travers ses objectifs et ses me\u0301canismes de financement innovants, repre\u0301sente un tournant important dans la manie\u0300re dont le secteur minier ivoirien se structure et se de\u0301veloppe.<\/p>\n<p>Avec cette initiative, la Co\u0302te d&rsquo;Ivoire fait un pas de ge\u0301ant vers la cre\u0301ation d\u2019un secteur minier plus inclusif, durable et compe\u0301titif. Le ministre Mamadou Sangafowa-Coulibaly a conclu son discours avec une note d\u2019espoir et de fierte\u0301, de\u0301clarant: \u00ab Ensemble, transformons les de\u0301fis en opportunite\u0301s et ba\u0302tissons un secteur minier a\u0300 la hauteur des aspirations de notre pays. \u00bb<\/p>\n<p>Le Fonds d\u2019Investissement Minier est donc un projet phare, promettant de catalyser la croissance e\u0301conomique, tout en favorisant l\u2019inclusion des diffe\u0301rents acteurs du secteur pour construire un avenir meilleur pour la Co\u0302te d\u2019Ivoire.<\/p>\n<p><strong>Pour plus d&rsquo;informations et d&rsquo;analyses sur la <span style=\"color: #ff6600\">C\u00f4te d&rsquo;Ivoire<\/span>, suivez <span style=\"color: #ff6600\">Africa-Press<\/span><\/strong><\/p>\n","protected":false},"excerpt":{"rendered":"<p>Africa-Press &#8211; C\u00f4te d&rsquo;Ivoire. En marge du Salon International des Ressources et des Industries Extractives (SIREXE), Mamadou Sangafowa-Coulibaly, Ministre des Mines, a lance\u0301 officiellement ce jeudi 28 novembre 2024, le Fonds d&rsquo;Investissement Minier. Cette initiative, a\u0300 la fois novatrice et strate\u0301gique, vise a\u0300 transformer durablement le secteur minier ivoirien en le rendant plus compe\u0301titif et [&hellip;]<\/p>\n","protected":false},"author":82,"featured_media":91491,"comment_status":"open","ping_status":"closed","sticky":false,"template":"","format":"standard","meta":{"footnotes":""},"categories":[3,10],"tags":[29,15062,15808,10787,13928],"class_list":["post-91493","post","type-post","status-publish","format-standard","has-post-thumbnail","hentry","category-economie","category-toutes-les-actualites","tag-cote-divoire","tag-developpement-durable","tag-fismeca","tag-mamadou-sangafowa-coulibaly-2","tag-sirexe"],"yoast_head":"<!-- This site is optimized with the Yoast SEO Premium plugin v26.1 (Yoast SEO v27.0) - https:\/\/yoast.com\/product\/yoast-seo-premium-wordpress\/ -->\n<title>C\u00f4te d&#039;Ivoire: SIREXE, le Fonds d&#039;investissement minier officiellement lanc\u00e9 pour le d\u00e9veloppement du secteur - C\u00f4te d&#039;Ivoire<\/title>\n<meta name=\"description\" content=\"En marge du Salon International des Ressources et des Industries Extractives (SIREXE), Mamadou Sangafowa-Coulibaly, Mini ...\" \/>\n<meta name=\"robots\" content=\"index, follow, max-snippet:-1, max-image-preview:large, max-video-preview:-1\" \/>\n<link rel=\"canonical\" href=\"https:\/\/www.africa-press.net\/cotedivoire\/economie\/cote-divoire-sirexe-le-fonds-dinvestissement-minier-officiellement-lance-pour-le-developpement-du-secteur\" \/>\n<meta property=\"og:locale\" content=\"fr_FR\" \/>\n<meta property=\"og:type\" content=\"article\" \/>\n<meta property=\"og:title\" content=\"C\u00f4te d&#039;Ivoire: SIREXE, le Fonds d&#039;investissement minier officiellement lanc\u00e9 pour le d\u00e9veloppement du secteur\" \/>\n<meta property=\"og:description\" content=\"En marge du Salon International des Ressources et des Industries Extractives (SIREXE), Mamadou Sangafowa-Coulibaly, Mini ...\" \/>\n<meta property=\"og:url\" content=\"https:\/\/www.africa-press.net\/cotedivoire\/economie\/cote-divoire-sirexe-le-fonds-dinvestissement-minier-officiellement-lance-pour-le-developpement-du-secteur\" \/>\n<meta property=\"og:site_name\" content=\"C\u00f4te d&#039;Ivoire\" \/>\n<meta property=\"article:published_time\" content=\"2024-11-29T16:57:47+00:00\" \/>\n<meta property=\"article:modified_time\" content=\"2024-11-29T18:18:18+00:00\" \/>\n<meta property=\"og:image\" content=\"https:\/\/static.africa-press.net\/cote\/sites\/43\/2024\/11\/sm_1732891678.267557.jpg\" \/>\n\t<meta property=\"og:image:width\" content=\"720\" \/>\n\t<meta property=\"og:image:height\" content=\"480\" \/>\n\t<meta property=\"og:image:type\" content=\"image\/jpeg\" \/>\n<meta name=\"author\" content=\"cfeditorfr\" \/>\n<meta name=\"twitter:card\" content=\"summary_large_image\" \/>\n<meta name=\"twitter:label1\" content=\"\u00c9crit par\" \/>\n\t<meta name=\"twitter:data1\" content=\"cfeditorfr\" \/>\n\t<meta name=\"twitter:label2\" content=\"Dur\u00e9e de lecture estim\u00e9e\" \/>\n\t<meta name=\"twitter:data2\" content=\"5 minutes\" \/>\n<script type=\"application\/ld+json\" class=\"yoast-schema-graph\">{\"@context\":\"https:\/\/schema.org\",\"@graph\":[{\"@type\":\"Article\",\"@id\":\"https:\/\/www.africa-press.net\/cotedivoire\/economie\/cote-divoire-sirexe-le-fonds-dinvestissement-minier-officiellement-lance-pour-le-developpement-du-secteur#article\",\"isPartOf\":{\"@id\":\"https:\/\/www.africa-press.net\/cotedivoire\/economie\/cote-divoire-sirexe-le-fonds-dinvestissement-minier-officiellement-lance-pour-le-developpement-du-secteur\"},\"author\":{\"name\":\"cfeditorfr\",\"@id\":\"https:\/\/www.africa-press.net\/cotedivoire\/#\/schema\/person\/2b1cf3cd81a31e3cd26889ca66d677f1\"},\"headline\":\"C\u00f4te d&rsquo;Ivoire: SIREXE, le Fonds d&rsquo;investissement minier officiellement lanc\u00e9 pour le d\u00e9veloppement du secteur\",\"datePublished\":\"2024-11-29T16:57:47+00:00\",\"dateModified\":\"2024-11-29T18:18:18+00:00\",\"mainEntityOfPage\":{\"@id\":\"https:\/\/www.africa-press.net\/cotedivoire\/economie\/cote-divoire-sirexe-le-fonds-dinvestissement-minier-officiellement-lance-pour-le-developpement-du-secteur\"},\"wordCount\":953,\"commentCount\":0,\"image\":{\"@id\":\"https:\/\/www.africa-press.net\/cotedivoire\/economie\/cote-divoire-sirexe-le-fonds-dinvestissement-minier-officiellement-lance-pour-le-developpement-du-secteur#primaryimage\"},\"thumbnailUrl\":\"https:\/\/static.africa-press.net\/cote\/sites\/43\/2024\/11\/sm_1732891678.267557.jpg\",\"keywords\":[\"C\u00d4TE D'IVOIRE\",\"d\u00e9veloppement durable\",\"FISMECA\",\"Mamadou Sangafowa-Coulibaly\",\"SIREXE\"],\"articleSection\":[\"\u00c9conomie\",\"Toutes les actualit\u00e9s\"],\"inLanguage\":\"fr-FR\",\"potentialAction\":[{\"@type\":\"CommentAction\",\"name\":\"Comment\",\"target\":[\"https:\/\/www.africa-press.net\/cotedivoire\/economie\/cote-divoire-sirexe-le-fonds-dinvestissement-minier-officiellement-lance-pour-le-developpement-du-secteur#respond\"]}]},{\"@type\":\"WebPage\",\"@id\":\"https:\/\/www.africa-press.net\/cotedivoire\/economie\/cote-divoire-sirexe-le-fonds-dinvestissement-minier-officiellement-lance-pour-le-developpement-du-secteur\",\"url\":\"https:\/\/www.africa-press.net\/cotedivoire\/economie\/cote-divoire-sirexe-le-fonds-dinvestissement-minier-officiellement-lance-pour-le-developpement-du-secteur\",\"name\":\"C\u00f4te d'Ivoire: SIREXE, le Fonds d'investissement minier officiellement lanc\u00e9 pour le d\u00e9veloppement du secteur - C\u00f4te d&#039;Ivoire\",\"isPartOf\":{\"@id\":\"https:\/\/www.africa-press.net\/cotedivoire\/#website\"},\"primaryImageOfPage\":{\"@id\":\"https:\/\/www.africa-press.net\/cotedivoire\/economie\/cote-divoire-sirexe-le-fonds-dinvestissement-minier-officiellement-lance-pour-le-developpement-du-secteur#primaryimage\"},\"image\":{\"@id\":\"https:\/\/www.africa-press.net\/cotedivoire\/economie\/cote-divoire-sirexe-le-fonds-dinvestissement-minier-officiellement-lance-pour-le-developpement-du-secteur#primaryimage\"},\"thumbnailUrl\":\"https:\/\/static.africa-press.net\/cote\/sites\/43\/2024\/11\/sm_1732891678.267557.jpg\",\"datePublished\":\"2024-11-29T16:57:47+00:00\",\"dateModified\":\"2024-11-29T18:18:18+00:00\",\"author\":{\"@id\":\"https:\/\/www.africa-press.net\/cotedivoire\/#\/schema\/person\/2b1cf3cd81a31e3cd26889ca66d677f1\"},\"description\":\"En marge du Salon International des Ressources et des Industries Extractives (SIREXE), Mamadou Sangafowa-Coulibaly, Mini ...\",\"breadcrumb\":{\"@id\":\"https:\/\/www.africa-press.net\/cotedivoire\/economie\/cote-divoire-sirexe-le-fonds-dinvestissement-minier-officiellement-lance-pour-le-developpement-du-secteur#breadcrumb\"},\"inLanguage\":\"fr-FR\",\"potentialAction\":[{\"@type\":\"ReadAction\",\"target\":[\"https:\/\/www.africa-press.net\/cotedivoire\/economie\/cote-divoire-sirexe-le-fonds-dinvestissement-minier-officiellement-lance-pour-le-developpement-du-secteur\"]}]},{\"@type\":\"ImageObject\",\"inLanguage\":\"fr-FR\",\"@id\":\"https:\/\/www.africa-press.net\/cotedivoire\/economie\/cote-divoire-sirexe-le-fonds-dinvestissement-minier-officiellement-lance-pour-le-developpement-du-secteur#primaryimage\",\"url\":\"https:\/\/static.africa-press.net\/cote\/sites\/43\/2024\/11\/sm_1732891678.267557.jpg\",\"contentUrl\":\"https:\/\/static.africa-press.net\/cote\/sites\/43\/2024\/11\/sm_1732891678.267557.jpg\",\"width\":720,\"height\":480,\"caption\":\"C\u00f4te d'Ivoire: SIREXE, le Fonds d'investissement minier officiellement lanc\u00e9 pour le d\u00e9veloppement du secteur\"},{\"@type\":\"BreadcrumbList\",\"@id\":\"https:\/\/www.africa-press.net\/cotedivoire\/economie\/cote-divoire-sirexe-le-fonds-dinvestissement-minier-officiellement-lance-pour-le-developpement-du-secteur#breadcrumb\",\"itemListElement\":[{\"@type\":\"ListItem\",\"position\":1,\"name\":\"Accueil\",\"item\":\"https:\/\/www.africa-press.net\/cotedivoire\/\"},{\"@type\":\"ListItem\",\"position\":2,\"name\":\"C\u00f4te d&#8217;Ivoire: SIREXE, le Fonds d&#8217;investissement minier officiellement lanc\u00e9 pour le d\u00e9veloppement du secteur\"}]},{\"@type\":\"WebSite\",\"@id\":\"https:\/\/www.africa-press.net\/cotedivoire\/#website\",\"url\":\"https:\/\/www.africa-press.net\/cotedivoire\/\",\"name\":\"C\u00f4te d&#039;Ivoire\",\"description\":\"Just another Africa News Agency Sites site\",\"potentialAction\":[{\"@type\":\"SearchAction\",\"target\":{\"@type\":\"EntryPoint\",\"urlTemplate\":\"https:\/\/www.africa-press.net\/cotedivoire\/?s={search_term_string}\"},\"query-input\":{\"@type\":\"PropertyValueSpecification\",\"valueRequired\":true,\"valueName\":\"search_term_string\"}}],\"inLanguage\":\"fr-FR\"},{\"@type\":\"Person\",\"@id\":\"https:\/\/www.africa-press.net\/cotedivoire\/#\/schema\/person\/2b1cf3cd81a31e3cd26889ca66d677f1\",\"name\":\"cfeditorfr\"}]}<\/script>\n<!-- \/ Yoast SEO Premium plugin. -->","yoast_head_json":{"title":"C\u00f4te d'Ivoire: SIREXE, le Fonds d'investissement minier officiellement lanc\u00e9 pour le d\u00e9veloppement du secteur - C\u00f4te d&#039;Ivoire","description":"En marge du Salon International des Ressources et des Industries Extractives (SIREXE), Mamadou Sangafowa-Coulibaly, Mini ...","robots":{"index":"index","follow":"follow","max-snippet":"max-snippet:-1","max-image-preview":"max-image-preview:large","max-video-preview":"max-video-preview:-1"},"canonical":"https:\/\/www.africa-press.net\/cotedivoire\/economie\/cote-divoire-sirexe-le-fonds-dinvestissement-minier-officiellement-lance-pour-le-developpement-du-secteur","og_locale":"fr_FR","og_type":"article","og_title":"C\u00f4te d'Ivoire: SIREXE, le Fonds d'investissement minier officiellement lanc\u00e9 pour le d\u00e9veloppement du secteur","og_description":"En marge du Salon International des Ressources et des Industries Extractives (SIREXE), Mamadou Sangafowa-Coulibaly, Mini ...","og_url":"https:\/\/www.africa-press.net\/cotedivoire\/economie\/cote-divoire-sirexe-le-fonds-dinvestissement-minier-officiellement-lance-pour-le-developpement-du-secteur","og_site_name":"C\u00f4te d&#039;Ivoire","article_published_time":"2024-11-29T16:57:47+00:00","article_modified_time":"2024-11-29T18:18:18+00:00","og_image":[{"width":720,"height":480,"url":"https:\/\/static.africa-press.net\/cote\/sites\/43\/2024\/11\/sm_1732891678.267557.jpg","type":"image\/jpeg"}],"author":"cfeditorfr","twitter_card":"summary_large_image","twitter_misc":{"\u00c9crit par":"cfeditorfr","Dur\u00e9e de lecture estim\u00e9e":"5 minutes"},"schema":{"@context":"https:\/\/schema.org","@graph":[{"@type":"Article","@id":"https:\/\/www.africa-press.net\/cotedivoire\/economie\/cote-divoire-sirexe-le-fonds-dinvestissement-minier-officiellement-lance-pour-le-developpement-du-secteur#article","isPartOf":{"@id":"https:\/\/www.africa-press.net\/cotedivoire\/economie\/cote-divoire-sirexe-le-fonds-dinvestissement-minier-officiellement-lance-pour-le-developpement-du-secteur"},"author":{"name":"cfeditorfr","@id":"https:\/\/www.africa-press.net\/cotedivoire\/#\/schema\/person\/2b1cf3cd81a31e3cd26889ca66d677f1"},"headline":"C\u00f4te d&rsquo;Ivoire: SIREXE, le Fonds d&rsquo;investissement minier officiellement lanc\u00e9 pour le d\u00e9veloppement du secteur","datePublished":"2024-11-29T16:57:47+00:00","dateModified":"2024-11-29T18:18:18+00:00","mainEntityOfPage":{"@id":"https:\/\/www.africa-press.net\/cotedivoire\/economie\/cote-divoire-sirexe-le-fonds-dinvestissement-minier-officiellement-lance-pour-le-developpement-du-secteur"},"wordCount":953,"commentCount":0,"image":{"@id":"https:\/\/www.africa-press.net\/cotedivoire\/economie\/cote-divoire-sirexe-le-fonds-dinvestissement-minier-officiellement-lance-pour-le-developpement-du-secteur#primaryimage"},"thumbnailUrl":"https:\/\/static.africa-press.net\/cote\/sites\/43\/2024\/11\/sm_1732891678.267557.jpg","keywords":["C\u00d4TE D'IVOIRE","d\u00e9veloppement durable","FISMECA","Mamadou Sangafowa-Coulibaly","SIREXE"],"articleSection":["\u00c9conomie","Toutes les actualit\u00e9s"],"inLanguage":"fr-FR","potentialAction":[{"@type":"CommentAction","name":"Comment","target":["https:\/\/www.africa-press.net\/cotedivoire\/economie\/cote-divoire-sirexe-le-fonds-dinvestissement-minier-officiellement-lance-pour-le-developpement-du-secteur#respond"]}]},{"@type":"WebPage","@id":"https:\/\/www.africa-press.net\/cotedivoire\/economie\/cote-divoire-sirexe-le-fonds-dinvestissement-minier-officiellement-lance-pour-le-developpement-du-secteur","url":"https:\/\/www.africa-press.net\/cotedivoire\/economie\/cote-divoire-sirexe-le-fonds-dinvestissement-minier-officiellement-lance-pour-le-developpement-du-secteur","name":"C\u00f4te d'Ivoire: SIREXE, le Fonds d'investissement minier officiellement lanc\u00e9 pour le d\u00e9veloppement du secteur - C\u00f4te d&#039;Ivoire","isPartOf":{"@id":"https:\/\/www.africa-press.net\/cotedivoire\/#website"},"primaryImageOfPage":{"@id":"https:\/\/www.africa-press.net\/cotedivoire\/economie\/cote-divoire-sirexe-le-fonds-dinvestissement-minier-officiellement-lance-pour-le-developpement-du-secteur#primaryimage"},"image":{"@id":"https:\/\/www.africa-press.net\/cotedivoire\/economie\/cote-divoire-sirexe-le-fonds-dinvestissement-minier-officiellement-lance-pour-le-developpement-du-secteur#primaryimage"},"thumbnailUrl":"https:\/\/static.africa-press.net\/cote\/sites\/43\/2024\/11\/sm_1732891678.267557.jpg","datePublished":"2024-11-29T16:57:47+00:00","dateModified":"2024-11-29T18:18:18+00:00","author":{"@id":"https:\/\/www.africa-press.net\/cotedivoire\/#\/schema\/person\/2b1cf3cd81a31e3cd26889ca66d677f1"},"description":"En marge du Salon International des Ressources et des Industries Extractives (SIREXE), Mamadou Sangafowa-Coulibaly, Mini ...","breadcrumb":{"@id":"https:\/\/www.africa-press.net\/cotedivoire\/economie\/cote-divoire-sirexe-le-fonds-dinvestissement-minier-officiellement-lance-pour-le-developpement-du-secteur#breadcrumb"},"inLanguage":"fr-FR","potentialAction":[{"@type":"ReadAction","target":["https:\/\/www.africa-press.net\/cotedivoire\/economie\/cote-divoire-sirexe-le-fonds-dinvestissement-minier-officiellement-lance-pour-le-developpement-du-secteur"]}]},{"@type":"ImageObject","inLanguage":"fr-FR","@id":"https:\/\/www.africa-press.net\/cotedivoire\/economie\/cote-divoire-sirexe-le-fonds-dinvestissement-minier-officiellement-lance-pour-le-developpement-du-secteur#primaryimage","url":"https:\/\/static.africa-press.net\/cote\/sites\/43\/2024\/11\/sm_1732891678.267557.jpg","contentUrl":"https:\/\/static.africa-press.net\/cote\/sites\/43\/2024\/11\/sm_1732891678.267557.jpg","width":720,"height":480,"caption":"C\u00f4te d'Ivoire: SIREXE, le Fonds d'investissement minier officiellement lanc\u00e9 pour le d\u00e9veloppement du secteur"},{"@type":"BreadcrumbList","@id":"https:\/\/www.africa-press.net\/cotedivoire\/economie\/cote-divoire-sirexe-le-fonds-dinvestissement-minier-officiellement-lance-pour-le-developpement-du-secteur#breadcrumb","itemListElement":[{"@type":"ListItem","position":1,"name":"Accueil","item":"https:\/\/www.africa-press.net\/cotedivoire\/"},{"@type":"ListItem","position":2,"name":"C\u00f4te d&#8217;Ivoire: SIREXE, le Fonds d&#8217;investissement minier officiellement lanc\u00e9 pour le d\u00e9veloppement du secteur"}]},{"@type":"WebSite","@id":"https:\/\/www.africa-press.net\/cotedivoire\/#website","url":"https:\/\/www.africa-press.net\/cotedivoire\/","name":"C\u00f4te d&#039;Ivoire","description":"Just another Africa News Agency Sites site","potentialAction":[{"@type":"SearchAction","target":{"@type":"EntryPoint","urlTemplate":"https:\/\/www.africa-press.net\/cotedivoire\/?s={search_term_string}"},"query-input":{"@type":"PropertyValueSpecification","valueRequired":true,"valueName":"search_term_string"}}],"inLanguage":"fr-FR"},{"@type":"Person","@id":"https:\/\/www.africa-press.net\/cotedivoire\/#\/schema\/person\/2b1cf3cd81a31e3cd26889ca66d677f1","name":"cfeditorfr"}]}},"_links":{"self":[{"href":"https:\/\/www.africa-press.net\/cotedivoire\/wp-json\/wp\/v2\/posts\/91493","targetHints":{"allow":["GET"]}}],"collection":[{"href":"https:\/\/www.africa-press.net\/cotedivoire\/wp-json\/wp\/v2\/posts"}],"about":[{"href":"https:\/\/www.africa-press.net\/cotedivoire\/wp-json\/wp\/v2\/types\/post"}],"author":[{"embeddable":true,"href":"https:\/\/www.africa-press.net\/cotedivoire\/wp-json\/wp\/v2\/users\/82"}],"replies":[{"embeddable":true,"href":"https:\/\/www.africa-press.net\/cotedivoire\/wp-json\/wp\/v2\/comments?post=91493"}],"version-history":[{"count":0,"href":"https:\/\/www.africa-press.net\/cotedivoire\/wp-json\/wp\/v2\/posts\/91493\/revisions"}],"wp:featuredmedia":[{"embeddable":true,"href":"https:\/\/www.africa-press.net\/cotedivoire\/wp-json\/wp\/v2\/media\/91491"}],"wp:attachment":[{"href":"https:\/\/www.africa-press.net\/cotedivoire\/wp-json\/wp\/v2\/media?parent=91493"}],"wp:term":[{"taxonomy":"category","embeddable":true,"href":"https:\/\/www.africa-press.net\/cotedivoire\/wp-json\/wp\/v2\/categories?post=91493"},{"taxonomy":"post_tag","embeddable":true,"href":"https:\/\/www.africa-press.net\/cotedivoire\/wp-json\/wp\/v2\/tags?post=91493"}],"curies":[{"name":"wp","href":"https:\/\/api.w.org\/{rel}","templated":true}]}}