{"id":9152,"date":"2021-06-19T12:33:38","date_gmt":"2021-06-19T12:33:38","guid":{"rendered":"https:\/\/www.africa-press.net\/cotedivoire\/?p=9152"},"modified":"2021-06-19T12:53:01","modified_gmt":"2021-06-19T12:53:01","slug":"cote-divoire-abidjan-est-doux-laurent-gbagbo-est-la","status":"publish","type":"post","link":"https:\/\/www.africa-press.net\/cotedivoire\/politique\/cote-divoire-abidjan-est-doux-laurent-gbagbo-est-la","title":{"rendered":"\u00ab Abidjan est doux, Laurent Gbagbo est l\u00e0 ! \u00bb"},"content":{"rendered":"<p><span style=\"color: #ff6600\"><strong><a href=\"https:\/\/www.africa-press.net\/\">Africa-Press<\/a> &#8211; <a href=\"https:\/\/www.africa-press.net\/cotedivoire\">C\u00f4te d&rsquo;Ivoire<\/a>. <\/strong><\/span>L\u2019ancien pr\u00e9sident a regagn\u00e9 la C\u00f4te d\u2019Ivoire, jeudi 17 juin, apr\u00e8s plus de dix ans hors de son pays. Des milliers de partisans l\u2019attendaient. <b>dans ce dossier<\/b><\/p>\n<p><b>Laurent Gbagbo : l&rsquo;heure du retour<\/b><\/p>\n<p>Le vol SN299 de Brussels Airlines transportant Laurent Gbagbo a atterri depuis pr\u00e8s de 45 minutes, mais tout le monde le cherche. L\u2019ancien pr\u00e9sident a descendu, difficilement, une dizaine de marches. Sur le tarmac, il a salu\u00e9 les proches venus l\u2019accueillir, puis p\u00e9n\u00e9tr\u00e9 dans un 4X4 Land Cruiser. Devant le salon pr\u00e9sidentiel de l\u2019a\u00e9roport F\u00e9lix-Houphou\u00ebt-Boigny, plusieurs centaines de personnes \u2013 bien plus que les 110 th\u00e9oriquement autoris\u00e9es \u00e0 venir \u2013 l\u2019attendent. Ils s\u2019interrogent. Ils ont bien vu l\u2019avion se poser, mais Gbagbo est-il \u00e0 bord ? Certains disent l\u2019avoir aper\u00e7u de loin, mais veulent une confirmation directe. Il faut \u00eatre s\u00fbr. Le voir de ses propres yeux. Dix ans d\u2019absence, c\u2019est long.<\/p>\n<p>Sa voiture, aux vitres teint\u00e9es, se fraye un chemin \u00e0 travers la foule. Le gendre de l\u2019ancien pr\u00e9sident, St\u00e9phane Kipr\u00e9, joue de son physique imposant pour \u00e9pauler un service d\u2019ordre d\u00e9j\u00e0 d\u00e9pass\u00e9. On l\u2019alpague, on l\u2019interpelle :<\/p>\n<p>\u2013 \u00ab On veut le voir ! \u00bb<\/p>\n<p>\u2013 \u00ab On a le temps. Le pi\u00e8ge est trop grand, pardonnez \u00bb, r\u00e9pond Kipr\u00e9.<\/p>\n","protected":false},"excerpt":{"rendered":"<p>Africa-Press &#8211; C\u00f4te d&rsquo;Ivoire. L\u2019ancien pr\u00e9sident a regagn\u00e9 la C\u00f4te d\u2019Ivoire, jeudi 17 juin, apr\u00e8s plus de dix ans hors de son pays. Des milliers de partisans l\u2019attendaient. dans ce dossier Laurent Gbagbo : l&rsquo;heure du retour Le vol SN299 de Brussels Airlines transportant Laurent Gbagbo a atterri depuis pr\u00e8s de 45 minutes, mais tout [&hellip;]<\/p>\n","protected":false},"author":82,"featured_media":9151,"comment_status":"open","ping_status":"closed","sticky":false,"template":"","format":"standard","meta":{"footnotes":""},"categories":[11,2,20,10],"tags":[56,63,29],"class_list":["post-9152","post","type-post","status-publish","format-standard","has-post-thumbnail","hentry","category-homepage-french","category-politique","category-top-nouvelles","category-toutes-les-actualites","tag-africa-press","tag-africa-press-cote-divoire","tag-cote-divoire"],"yoast_head":"<!-- This site is optimized with the Yoast SEO Premium plugin v26.1 (Yoast SEO v27.0) - https:\/\/yoast.com\/product\/yoast-seo-premium-wordpress\/ -->\n<title>\u00ab Abidjan est doux, Laurent Gbagbo est l\u00e0 ! \u00bb - C\u00f4te d&#039;Ivoire<\/title>\n<meta name=\"description\" content=\"L\u2019ancien pr\u00e9sident a regagn\u00e9 la C\u00f4te d\u2019Ivoire, jeudi 17 juin, apr\u00e8s plus de dix ans hors de son pays. Des milliers de pa ...\" \/>\n<meta name=\"robots\" content=\"index, follow, max-snippet:-1, max-image-preview:large, max-video-preview:-1\" \/>\n<link rel=\"canonical\" href=\"https:\/\/www.africa-press.net\/cotedivoire\/politique\/cote-divoire-abidjan-est-doux-laurent-gbagbo-est-la\" \/>\n<meta property=\"og:locale\" content=\"fr_FR\" \/>\n<meta property=\"og:type\" content=\"article\" \/>\n<meta property=\"og:title\" content=\"\u00ab Abidjan est doux, Laurent Gbagbo est l\u00e0 ! \u00bb\" \/>\n<meta property=\"og:description\" content=\"L\u2019ancien pr\u00e9sident a regagn\u00e9 la C\u00f4te d\u2019Ivoire, jeudi 17 juin, apr\u00e8s plus de dix ans hors de son pays. Des milliers de pa ...\" \/>\n<meta property=\"og:url\" content=\"https:\/\/www.africa-press.net\/cotedivoire\/politique\/cote-divoire-abidjan-est-doux-laurent-gbagbo-est-la\" \/>\n<meta property=\"og:site_name\" content=\"C\u00f4te d&#039;Ivoire\" \/>\n<meta property=\"article:published_time\" content=\"2021-06-19T12:33:38+00:00\" \/>\n<meta property=\"article:modified_time\" content=\"2021-06-19T12:53:01+00:00\" \/>\n<meta property=\"og:image\" content=\"https:\/\/static.africa-press.net\/cote\/sites\/43\/2021\/06\/img-60cdde38375cb.jpg\" \/>\n\t<meta property=\"og:image:width\" content=\"720\" \/>\n\t<meta property=\"og:image:height\" content=\"360\" \/>\n\t<meta property=\"og:image:type\" content=\"image\/jpeg\" \/>\n<meta name=\"author\" content=\"cfeditorfr\" \/>\n<meta name=\"twitter:card\" content=\"summary_large_image\" \/>\n<meta name=\"twitter:label1\" content=\"\u00c9crit par\" \/>\n\t<meta name=\"twitter:data1\" content=\"cfeditorfr\" \/>\n\t<meta name=\"twitter:label2\" content=\"Dur\u00e9e de lecture estim\u00e9e\" \/>\n\t<meta name=\"twitter:data2\" content=\"1 minute\" \/>\n<script type=\"application\/ld+json\" class=\"yoast-schema-graph\">{\"@context\":\"https:\/\/schema.org\",\"@graph\":[{\"@type\":\"Article\",\"@id\":\"https:\/\/www.africa-press.net\/cotedivoire\/politique\/cote-divoire-abidjan-est-doux-laurent-gbagbo-est-la#article\",\"isPartOf\":{\"@id\":\"https:\/\/www.africa-press.net\/cotedivoire\/politique\/cote-divoire-abidjan-est-doux-laurent-gbagbo-est-la\"},\"author\":{\"name\":\"cfeditorfr\",\"@id\":\"https:\/\/www.africa-press.net\/cotedivoire\/#\/schema\/person\/2b1cf3cd81a31e3cd26889ca66d677f1\"},\"headline\":\"\u00ab Abidjan est doux, Laurent Gbagbo est l\u00e0 ! \u00bb\",\"datePublished\":\"2021-06-19T12:33:38+00:00\",\"dateModified\":\"2021-06-19T12:53:01+00:00\",\"mainEntityOfPage\":{\"@id\":\"https:\/\/www.africa-press.net\/cotedivoire\/politique\/cote-divoire-abidjan-est-doux-laurent-gbagbo-est-la\"},\"wordCount\":239,\"commentCount\":0,\"image\":{\"@id\":\"https:\/\/www.africa-press.net\/cotedivoire\/politique\/cote-divoire-abidjan-est-doux-laurent-gbagbo-est-la#primaryimage\"},\"thumbnailUrl\":\"https:\/\/static.africa-press.net\/cote\/sites\/43\/2021\/06\/img-60cdde38375cb.jpg\",\"keywords\":[\"Africa Press\",\"Africa Press-C\u00f4te d'Ivoire\",\"C\u00d4TE D'IVOIRE\"],\"articleSection\":[\"homepage-french\",\"Politique\",\"Top Nouvelles\",\"Toutes les actualit\u00e9s\"],\"inLanguage\":\"fr-FR\",\"potentialAction\":[{\"@type\":\"CommentAction\",\"name\":\"Comment\",\"target\":[\"https:\/\/www.africa-press.net\/cotedivoire\/politique\/cote-divoire-abidjan-est-doux-laurent-gbagbo-est-la#respond\"]}]},{\"@type\":\"WebPage\",\"@id\":\"https:\/\/www.africa-press.net\/cotedivoire\/politique\/cote-divoire-abidjan-est-doux-laurent-gbagbo-est-la\",\"url\":\"https:\/\/www.africa-press.net\/cotedivoire\/politique\/cote-divoire-abidjan-est-doux-laurent-gbagbo-est-la\",\"name\":\"\u00ab Abidjan est doux, Laurent Gbagbo est l\u00e0 ! \u00bb - C\u00f4te d&#039;Ivoire\",\"isPartOf\":{\"@id\":\"https:\/\/www.africa-press.net\/cotedivoire\/#website\"},\"primaryImageOfPage\":{\"@id\":\"https:\/\/www.africa-press.net\/cotedivoire\/politique\/cote-divoire-abidjan-est-doux-laurent-gbagbo-est-la#primaryimage\"},\"image\":{\"@id\":\"https:\/\/www.africa-press.net\/cotedivoire\/politique\/cote-divoire-abidjan-est-doux-laurent-gbagbo-est-la#primaryimage\"},\"thumbnailUrl\":\"https:\/\/static.africa-press.net\/cote\/sites\/43\/2021\/06\/img-60cdde38375cb.jpg\",\"datePublished\":\"2021-06-19T12:33:38+00:00\",\"dateModified\":\"2021-06-19T12:53:01+00:00\",\"author\":{\"@id\":\"https:\/\/www.africa-press.net\/cotedivoire\/#\/schema\/person\/2b1cf3cd81a31e3cd26889ca66d677f1\"},\"description\":\"L\u2019ancien pr\u00e9sident a regagn\u00e9 la C\u00f4te d\u2019Ivoire, jeudi 17 juin, apr\u00e8s plus de dix ans hors de son pays. Des milliers de pa ...\",\"breadcrumb\":{\"@id\":\"https:\/\/www.africa-press.net\/cotedivoire\/politique\/cote-divoire-abidjan-est-doux-laurent-gbagbo-est-la#breadcrumb\"},\"inLanguage\":\"fr-FR\",\"potentialAction\":[{\"@type\":\"ReadAction\",\"target\":[\"https:\/\/www.africa-press.net\/cotedivoire\/politique\/cote-divoire-abidjan-est-doux-laurent-gbagbo-est-la\"]}]},{\"@type\":\"ImageObject\",\"inLanguage\":\"fr-FR\",\"@id\":\"https:\/\/www.africa-press.net\/cotedivoire\/politique\/cote-divoire-abidjan-est-doux-laurent-gbagbo-est-la#primaryimage\",\"url\":\"https:\/\/static.africa-press.net\/cote\/sites\/43\/2021\/06\/img-60cdde38375cb.jpg\",\"contentUrl\":\"https:\/\/static.africa-press.net\/cote\/sites\/43\/2021\/06\/img-60cdde38375cb.jpg\",\"width\":720,\"height\":360,\"caption\":\"C\u00f4te d\u2019Ivoire : \u00ab Abidjan est doux, Laurent Gbagbo est l\u00e0 ! \u00bb\"},{\"@type\":\"BreadcrumbList\",\"@id\":\"https:\/\/www.africa-press.net\/cotedivoire\/politique\/cote-divoire-abidjan-est-doux-laurent-gbagbo-est-la#breadcrumb\",\"itemListElement\":[{\"@type\":\"ListItem\",\"position\":1,\"name\":\"Accueil\",\"item\":\"https:\/\/www.africa-press.net\/cotedivoire\/\"},{\"@type\":\"ListItem\",\"position\":2,\"name\":\"\u00ab Abidjan est doux, Laurent Gbagbo est l\u00e0 ! \u00bb\"}]},{\"@type\":\"WebSite\",\"@id\":\"https:\/\/www.africa-press.net\/cotedivoire\/#website\",\"url\":\"https:\/\/www.africa-press.net\/cotedivoire\/\",\"name\":\"C\u00f4te d&#039;Ivoire\",\"description\":\"Just another Africa News Agency Sites site\",\"potentialAction\":[{\"@type\":\"SearchAction\",\"target\":{\"@type\":\"EntryPoint\",\"urlTemplate\":\"https:\/\/www.africa-press.net\/cotedivoire\/?s={search_term_string}\"},\"query-input\":{\"@type\":\"PropertyValueSpecification\",\"valueRequired\":true,\"valueName\":\"search_term_string\"}}],\"inLanguage\":\"fr-FR\"},{\"@type\":\"Person\",\"@id\":\"https:\/\/www.africa-press.net\/cotedivoire\/#\/schema\/person\/2b1cf3cd81a31e3cd26889ca66d677f1\",\"name\":\"cfeditorfr\"}]}<\/script>\n<!-- \/ Yoast SEO Premium plugin. -->","yoast_head_json":{"title":"\u00ab Abidjan est doux, Laurent Gbagbo est l\u00e0 ! \u00bb - C\u00f4te d&#039;Ivoire","description":"L\u2019ancien pr\u00e9sident a regagn\u00e9 la C\u00f4te d\u2019Ivoire, jeudi 17 juin, apr\u00e8s plus de dix ans hors de son pays. Des milliers de pa ...","robots":{"index":"index","follow":"follow","max-snippet":"max-snippet:-1","max-image-preview":"max-image-preview:large","max-video-preview":"max-video-preview:-1"},"canonical":"https:\/\/www.africa-press.net\/cotedivoire\/politique\/cote-divoire-abidjan-est-doux-laurent-gbagbo-est-la","og_locale":"fr_FR","og_type":"article","og_title":"\u00ab Abidjan est doux, Laurent Gbagbo est l\u00e0 ! \u00bb","og_description":"L\u2019ancien pr\u00e9sident a regagn\u00e9 la C\u00f4te d\u2019Ivoire, jeudi 17 juin, apr\u00e8s plus de dix ans hors de son pays. Des milliers de pa ...","og_url":"https:\/\/www.africa-press.net\/cotedivoire\/politique\/cote-divoire-abidjan-est-doux-laurent-gbagbo-est-la","og_site_name":"C\u00f4te d&#039;Ivoire","article_published_time":"2021-06-19T12:33:38+00:00","article_modified_time":"2021-06-19T12:53:01+00:00","og_image":[{"width":720,"height":360,"url":"https:\/\/static.africa-press.net\/cote\/sites\/43\/2021\/06\/img-60cdde38375cb.jpg","type":"image\/jpeg"}],"author":"cfeditorfr","twitter_card":"summary_large_image","twitter_misc":{"\u00c9crit par":"cfeditorfr","Dur\u00e9e de lecture estim\u00e9e":"1 minute"},"schema":{"@context":"https:\/\/schema.org","@graph":[{"@type":"Article","@id":"https:\/\/www.africa-press.net\/cotedivoire\/politique\/cote-divoire-abidjan-est-doux-laurent-gbagbo-est-la#article","isPartOf":{"@id":"https:\/\/www.africa-press.net\/cotedivoire\/politique\/cote-divoire-abidjan-est-doux-laurent-gbagbo-est-la"},"author":{"name":"cfeditorfr","@id":"https:\/\/www.africa-press.net\/cotedivoire\/#\/schema\/person\/2b1cf3cd81a31e3cd26889ca66d677f1"},"headline":"\u00ab Abidjan est doux, Laurent Gbagbo est l\u00e0 ! \u00bb","datePublished":"2021-06-19T12:33:38+00:00","dateModified":"2021-06-19T12:53:01+00:00","mainEntityOfPage":{"@id":"https:\/\/www.africa-press.net\/cotedivoire\/politique\/cote-divoire-abidjan-est-doux-laurent-gbagbo-est-la"},"wordCount":239,"commentCount":0,"image":{"@id":"https:\/\/www.africa-press.net\/cotedivoire\/politique\/cote-divoire-abidjan-est-doux-laurent-gbagbo-est-la#primaryimage"},"thumbnailUrl":"https:\/\/static.africa-press.net\/cote\/sites\/43\/2021\/06\/img-60cdde38375cb.jpg","keywords":["Africa Press","Africa Press-C\u00f4te d'Ivoire","C\u00d4TE D'IVOIRE"],"articleSection":["homepage-french","Politique","Top Nouvelles","Toutes les actualit\u00e9s"],"inLanguage":"fr-FR","potentialAction":[{"@type":"CommentAction","name":"Comment","target":["https:\/\/www.africa-press.net\/cotedivoire\/politique\/cote-divoire-abidjan-est-doux-laurent-gbagbo-est-la#respond"]}]},{"@type":"WebPage","@id":"https:\/\/www.africa-press.net\/cotedivoire\/politique\/cote-divoire-abidjan-est-doux-laurent-gbagbo-est-la","url":"https:\/\/www.africa-press.net\/cotedivoire\/politique\/cote-divoire-abidjan-est-doux-laurent-gbagbo-est-la","name":"\u00ab Abidjan est doux, Laurent Gbagbo est l\u00e0 ! \u00bb - C\u00f4te d&#039;Ivoire","isPartOf":{"@id":"https:\/\/www.africa-press.net\/cotedivoire\/#website"},"primaryImageOfPage":{"@id":"https:\/\/www.africa-press.net\/cotedivoire\/politique\/cote-divoire-abidjan-est-doux-laurent-gbagbo-est-la#primaryimage"},"image":{"@id":"https:\/\/www.africa-press.net\/cotedivoire\/politique\/cote-divoire-abidjan-est-doux-laurent-gbagbo-est-la#primaryimage"},"thumbnailUrl":"https:\/\/static.africa-press.net\/cote\/sites\/43\/2021\/06\/img-60cdde38375cb.jpg","datePublished":"2021-06-19T12:33:38+00:00","dateModified":"2021-06-19T12:53:01+00:00","author":{"@id":"https:\/\/www.africa-press.net\/cotedivoire\/#\/schema\/person\/2b1cf3cd81a31e3cd26889ca66d677f1"},"description":"L\u2019ancien pr\u00e9sident a regagn\u00e9 la C\u00f4te d\u2019Ivoire, jeudi 17 juin, apr\u00e8s plus de dix ans hors de son pays. Des milliers de pa ...","breadcrumb":{"@id":"https:\/\/www.africa-press.net\/cotedivoire\/politique\/cote-divoire-abidjan-est-doux-laurent-gbagbo-est-la#breadcrumb"},"inLanguage":"fr-FR","potentialAction":[{"@type":"ReadAction","target":["https:\/\/www.africa-press.net\/cotedivoire\/politique\/cote-divoire-abidjan-est-doux-laurent-gbagbo-est-la"]}]},{"@type":"ImageObject","inLanguage":"fr-FR","@id":"https:\/\/www.africa-press.net\/cotedivoire\/politique\/cote-divoire-abidjan-est-doux-laurent-gbagbo-est-la#primaryimage","url":"https:\/\/static.africa-press.net\/cote\/sites\/43\/2021\/06\/img-60cdde38375cb.jpg","contentUrl":"https:\/\/static.africa-press.net\/cote\/sites\/43\/2021\/06\/img-60cdde38375cb.jpg","width":720,"height":360,"caption":"C\u00f4te d\u2019Ivoire : \u00ab Abidjan est doux, Laurent Gbagbo est l\u00e0 ! \u00bb"},{"@type":"BreadcrumbList","@id":"https:\/\/www.africa-press.net\/cotedivoire\/politique\/cote-divoire-abidjan-est-doux-laurent-gbagbo-est-la#breadcrumb","itemListElement":[{"@type":"ListItem","position":1,"name":"Accueil","item":"https:\/\/www.africa-press.net\/cotedivoire\/"},{"@type":"ListItem","position":2,"name":"\u00ab Abidjan est doux, Laurent Gbagbo est l\u00e0 ! \u00bb"}]},{"@type":"WebSite","@id":"https:\/\/www.africa-press.net\/cotedivoire\/#website","url":"https:\/\/www.africa-press.net\/cotedivoire\/","name":"C\u00f4te d&#039;Ivoire","description":"Just another Africa News Agency Sites site","potentialAction":[{"@type":"SearchAction","target":{"@type":"EntryPoint","urlTemplate":"https:\/\/www.africa-press.net\/cotedivoire\/?s={search_term_string}"},"query-input":{"@type":"PropertyValueSpecification","valueRequired":true,"valueName":"search_term_string"}}],"inLanguage":"fr-FR"},{"@type":"Person","@id":"https:\/\/www.africa-press.net\/cotedivoire\/#\/schema\/person\/2b1cf3cd81a31e3cd26889ca66d677f1","name":"cfeditorfr"}]}},"_links":{"self":[{"href":"https:\/\/www.africa-press.net\/cotedivoire\/wp-json\/wp\/v2\/posts\/9152","targetHints":{"allow":["GET"]}}],"collection":[{"href":"https:\/\/www.africa-press.net\/cotedivoire\/wp-json\/wp\/v2\/posts"}],"about":[{"href":"https:\/\/www.africa-press.net\/cotedivoire\/wp-json\/wp\/v2\/types\/post"}],"author":[{"embeddable":true,"href":"https:\/\/www.africa-press.net\/cotedivoire\/wp-json\/wp\/v2\/users\/82"}],"replies":[{"embeddable":true,"href":"https:\/\/www.africa-press.net\/cotedivoire\/wp-json\/wp\/v2\/comments?post=9152"}],"version-history":[{"count":0,"href":"https:\/\/www.africa-press.net\/cotedivoire\/wp-json\/wp\/v2\/posts\/9152\/revisions"}],"wp:featuredmedia":[{"embeddable":true,"href":"https:\/\/www.africa-press.net\/cotedivoire\/wp-json\/wp\/v2\/media\/9151"}],"wp:attachment":[{"href":"https:\/\/www.africa-press.net\/cotedivoire\/wp-json\/wp\/v2\/media?parent=9152"}],"wp:term":[{"taxonomy":"category","embeddable":true,"href":"https:\/\/www.africa-press.net\/cotedivoire\/wp-json\/wp\/v2\/categories?post=9152"},{"taxonomy":"post_tag","embeddable":true,"href":"https:\/\/www.africa-press.net\/cotedivoire\/wp-json\/wp\/v2\/tags?post=9152"}],"curies":[{"name":"wp","href":"https:\/\/api.w.org\/{rel}","templated":true}]}}