{"id":9155,"date":"2021-06-19T12:39:23","date_gmt":"2021-06-19T12:39:23","guid":{"rendered":"https:\/\/www.africa-press.net\/cotedivoire\/?p=9155"},"modified":"2021-06-19T12:53:22","modified_gmt":"2021-06-19T12:53:22","slug":"la-digitalisation-une-preoccupation-majeure-pour-renforcer-leconomie-selon-le-pm-patrick-achi","status":"publish","type":"post","link":"https:\/\/www.africa-press.net\/cotedivoire\/economie\/la-digitalisation-une-preoccupation-majeure-pour-renforcer-leconomie-selon-le-pm-patrick-achi","title":{"rendered":"La digitalisation, une pr\u00e9occupation majeure pour renforcer l\u2019\u00e9conomie, selon le PM Patrick Achi"},"content":{"rendered":"<p><span style=\"color: #ff6600\"><strong><a href=\"https:\/\/www.africa-press.net\/\">Africa-Press<\/a> &#8211; <a href=\"https:\/\/www.africa-press.net\/cotedivoire\">C\u00f4te d&rsquo;Ivoire<\/a>. <\/strong><\/span>Le Premier Ministre ivoirien, Patrick Achi, a indiqu\u00e9 le 17 juin 2021 \u00e0 Abidjan, que la digitalisation est au c\u0153ur des pr\u00e9occupations du gouvernement pour renforcer tous les secteurs de l\u2019\u00e9conomie.<\/p>\n<p>C\u2019\u00e9tait au cours d\u2019un \u00e9change par visio-conf\u00e9rence avec la Repr\u00e9sentante sp\u00e9ciale du Secr\u00e9taire G\u00e9n\u00e9ral des Nations Unies pour la Finance Inclusive pour le D\u00e9veloppement, Sa Majest\u00e9 la Reine M\u00e1xima des Pays-Bas.<\/p>\n<p>Selon le Premier Ministre, le digital et l\u2019inclusion financi\u00e8re sont au c\u0153ur des pr\u00e9occupations du gouvernement, car ils permettent de cr\u00e9er de la richesse, de booster l\u2019\u00e9conomie et de porter la dynamique globale de d\u00e9veloppement.<\/p>\n<p>Pour Patrick Achi, l\u2019\u00e9conomie digitale qui a cours, favorise la cr\u00e9ation d\u2019emplois, notamment dans le secteur priv\u00e9. Chose qui contribuera \u00e0 absorber une bonne partie des milliers de jeunes en qu\u00eate d\u2019emploi. Contribuant, in fine, \u00e0 tirer les populations de la pauvret\u00e9, en am\u00e9liorant leurs conditions de vie.<\/p>\n<p>Et d\u2019ajouter que la C\u00f4te d\u2019Ivoire met tout en \u0153uvre pour avoir une \u00e9conomie digitale afin de g\u00e9n\u00e9rer une plus-value. Pour ce faire, la volont\u00e9 politique inscrite dans la Vision 2030 du Pr\u00e9sident de la R\u00e9publique Alassane Ouattara pr\u00f4ne la modernisation et la transformation de l\u2019\u00e9conomie qui ne peuvent r\u00e9ussir qu\u2019avec l\u2019innovation technologique et l\u2019utilisation optimum des nouvelles technologies, dont l\u2019Internet et la t\u00e9l\u00e9phonie mobile.<\/p>\n<p>Quant \u00e0 Sa Majest\u00e9 la Reine M\u00e1xima, elle a not\u00e9 l\u2019engagement du gouvernement ivoirien \u00e0 prendre \u00e0 bras le corps la question de l\u2019\u00e9conomie digitale et de l\u2019inclusion financi\u00e8re ; et a f\u00e9licit\u00e9 la C\u00f4te d\u2019Ivoire pour ses succ\u00e8s \u00e9conomiques qui font d\u2019elle un pays phare dans la sous-r\u00e9gion.<\/p>\n<p>Selon elle, sa mission consiste \u00e0 faire progresser l\u2019inclusion financi\u00e8re pour le d\u00e9veloppement gr\u00e2ce \u00e0 des plaidoyers, encourager les dirigeants et soutenir les actions visant \u00e0 \u00e9tendre l\u2019inclusion financi\u00e8re aux niveaux mondial et national. Un travail qui se fait en \u00e9troite collaboration avec des partenaires des secteurs public et priv\u00e9.<\/p>\n<p>&nbsp;<\/p>\n","protected":false},"excerpt":{"rendered":"<p>Africa-Press &#8211; C\u00f4te d&rsquo;Ivoire. Le Premier Ministre ivoirien, Patrick Achi, a indiqu\u00e9 le 17 juin 2021 \u00e0 Abidjan, que la digitalisation est au c\u0153ur des pr\u00e9occupations du gouvernement pour renforcer tous les secteurs de l\u2019\u00e9conomie. C\u2019\u00e9tait au cours d\u2019un \u00e9change par visio-conf\u00e9rence avec la Repr\u00e9sentante sp\u00e9ciale du Secr\u00e9taire G\u00e9n\u00e9ral des Nations Unies pour la Finance [&hellip;]<\/p>\n","protected":false},"author":82,"featured_media":9154,"comment_status":"open","ping_status":"closed","sticky":false,"template":"","format":"standard","meta":{"footnotes":""},"categories":[3,11,10],"tags":[56,63,29],"class_list":["post-9155","post","type-post","status-publish","format-standard","has-post-thumbnail","hentry","category-economie","category-homepage-french","category-toutes-les-actualites","tag-africa-press","tag-africa-press-cote-divoire","tag-cote-divoire"],"yoast_head":"<!-- This site is optimized with the Yoast SEO Premium plugin v26.1 (Yoast SEO v27.0) - https:\/\/yoast.com\/product\/yoast-seo-premium-wordpress\/ -->\n<title>La digitalisation, une pr\u00e9occupation majeure pour renforcer l\u2019\u00e9conomie, selon le PM Patrick Achi - C\u00f4te d&#039;Ivoire<\/title>\n<meta name=\"description\" content=\"Le Premier Ministre ivoirien, Patrick Achi, a indiqu\u00e9 le 17 juin 2021 \u00e0 Abidjan, que la digitalisation est au c\u0153ur des p ...\" \/>\n<meta name=\"robots\" content=\"index, follow, max-snippet:-1, max-image-preview:large, max-video-preview:-1\" \/>\n<link rel=\"canonical\" href=\"https:\/\/www.africa-press.net\/cotedivoire\/economie\/la-digitalisation-une-preoccupation-majeure-pour-renforcer-leconomie-selon-le-pm-patrick-achi\" \/>\n<meta property=\"og:locale\" content=\"fr_FR\" \/>\n<meta property=\"og:type\" content=\"article\" \/>\n<meta property=\"og:title\" content=\"La digitalisation, une pr\u00e9occupation majeure pour renforcer l\u2019\u00e9conomie, selon le PM Patrick Achi\" \/>\n<meta property=\"og:description\" content=\"Le Premier Ministre ivoirien, Patrick Achi, a indiqu\u00e9 le 17 juin 2021 \u00e0 Abidjan, que la digitalisation est au c\u0153ur des p ...\" \/>\n<meta property=\"og:url\" content=\"https:\/\/www.africa-press.net\/cotedivoire\/economie\/la-digitalisation-une-preoccupation-majeure-pour-renforcer-leconomie-selon-le-pm-patrick-achi\" \/>\n<meta property=\"og:site_name\" content=\"C\u00f4te d&#039;Ivoire\" \/>\n<meta property=\"article:published_time\" content=\"2021-06-19T12:39:23+00:00\" \/>\n<meta property=\"article:modified_time\" content=\"2021-06-19T12:53:22+00:00\" \/>\n<meta property=\"og:image\" content=\"https:\/\/static.africa-press.net\/cote\/sites\/43\/2021\/06\/img-60cdde66586cf.jpg\" \/>\n\t<meta property=\"og:image:width\" content=\"1024\" \/>\n\t<meta property=\"og:image:height\" content=\"709\" \/>\n\t<meta property=\"og:image:type\" content=\"image\/jpeg\" \/>\n<meta name=\"author\" content=\"cfeditorfr\" \/>\n<meta name=\"twitter:card\" content=\"summary_large_image\" \/>\n<meta name=\"twitter:label1\" content=\"\u00c9crit par\" \/>\n\t<meta name=\"twitter:data1\" content=\"cfeditorfr\" \/>\n\t<meta name=\"twitter:label2\" content=\"Dur\u00e9e de lecture estim\u00e9e\" \/>\n\t<meta name=\"twitter:data2\" content=\"2 minutes\" \/>\n<script type=\"application\/ld+json\" class=\"yoast-schema-graph\">{\"@context\":\"https:\/\/schema.org\",\"@graph\":[{\"@type\":\"Article\",\"@id\":\"https:\/\/www.africa-press.net\/cotedivoire\/economie\/la-digitalisation-une-preoccupation-majeure-pour-renforcer-leconomie-selon-le-pm-patrick-achi#article\",\"isPartOf\":{\"@id\":\"https:\/\/www.africa-press.net\/cotedivoire\/economie\/la-digitalisation-une-preoccupation-majeure-pour-renforcer-leconomie-selon-le-pm-patrick-achi\"},\"author\":{\"name\":\"cfeditorfr\",\"@id\":\"https:\/\/www.africa-press.net\/cotedivoire\/#\/schema\/person\/2b1cf3cd81a31e3cd26889ca66d677f1\"},\"headline\":\"La digitalisation, une pr\u00e9occupation majeure pour renforcer l\u2019\u00e9conomie, selon le PM Patrick Achi\",\"datePublished\":\"2021-06-19T12:39:23+00:00\",\"dateModified\":\"2021-06-19T12:53:22+00:00\",\"mainEntityOfPage\":{\"@id\":\"https:\/\/www.africa-press.net\/cotedivoire\/economie\/la-digitalisation-une-preoccupation-majeure-pour-renforcer-leconomie-selon-le-pm-patrick-achi\"},\"wordCount\":377,\"commentCount\":0,\"image\":{\"@id\":\"https:\/\/www.africa-press.net\/cotedivoire\/economie\/la-digitalisation-une-preoccupation-majeure-pour-renforcer-leconomie-selon-le-pm-patrick-achi#primaryimage\"},\"thumbnailUrl\":\"https:\/\/static.africa-press.net\/cote\/sites\/43\/2021\/06\/img-60cdde66586cf.jpg\",\"keywords\":[\"Africa Press\",\"Africa Press-C\u00f4te d'Ivoire\",\"C\u00d4TE D'IVOIRE\"],\"articleSection\":[\"\u00c9conomie\",\"homepage-french\",\"Toutes les actualit\u00e9s\"],\"inLanguage\":\"fr-FR\",\"potentialAction\":[{\"@type\":\"CommentAction\",\"name\":\"Comment\",\"target\":[\"https:\/\/www.africa-press.net\/cotedivoire\/economie\/la-digitalisation-une-preoccupation-majeure-pour-renforcer-leconomie-selon-le-pm-patrick-achi#respond\"]}]},{\"@type\":\"WebPage\",\"@id\":\"https:\/\/www.africa-press.net\/cotedivoire\/economie\/la-digitalisation-une-preoccupation-majeure-pour-renforcer-leconomie-selon-le-pm-patrick-achi\",\"url\":\"https:\/\/www.africa-press.net\/cotedivoire\/economie\/la-digitalisation-une-preoccupation-majeure-pour-renforcer-leconomie-selon-le-pm-patrick-achi\",\"name\":\"La digitalisation, une pr\u00e9occupation majeure pour renforcer l\u2019\u00e9conomie, selon le PM Patrick Achi - C\u00f4te d&#039;Ivoire\",\"isPartOf\":{\"@id\":\"https:\/\/www.africa-press.net\/cotedivoire\/#website\"},\"primaryImageOfPage\":{\"@id\":\"https:\/\/www.africa-press.net\/cotedivoire\/economie\/la-digitalisation-une-preoccupation-majeure-pour-renforcer-leconomie-selon-le-pm-patrick-achi#primaryimage\"},\"image\":{\"@id\":\"https:\/\/www.africa-press.net\/cotedivoire\/economie\/la-digitalisation-une-preoccupation-majeure-pour-renforcer-leconomie-selon-le-pm-patrick-achi#primaryimage\"},\"thumbnailUrl\":\"https:\/\/static.africa-press.net\/cote\/sites\/43\/2021\/06\/img-60cdde66586cf.jpg\",\"datePublished\":\"2021-06-19T12:39:23+00:00\",\"dateModified\":\"2021-06-19T12:53:22+00:00\",\"author\":{\"@id\":\"https:\/\/www.africa-press.net\/cotedivoire\/#\/schema\/person\/2b1cf3cd81a31e3cd26889ca66d677f1\"},\"description\":\"Le Premier Ministre ivoirien, Patrick Achi, a indiqu\u00e9 le 17 juin 2021 \u00e0 Abidjan, que la digitalisation est au c\u0153ur des p ...\",\"breadcrumb\":{\"@id\":\"https:\/\/www.africa-press.net\/cotedivoire\/economie\/la-digitalisation-une-preoccupation-majeure-pour-renforcer-leconomie-selon-le-pm-patrick-achi#breadcrumb\"},\"inLanguage\":\"fr-FR\",\"potentialAction\":[{\"@type\":\"ReadAction\",\"target\":[\"https:\/\/www.africa-press.net\/cotedivoire\/economie\/la-digitalisation-une-preoccupation-majeure-pour-renforcer-leconomie-selon-le-pm-patrick-achi\"]}]},{\"@type\":\"ImageObject\",\"inLanguage\":\"fr-FR\",\"@id\":\"https:\/\/www.africa-press.net\/cotedivoire\/economie\/la-digitalisation-une-preoccupation-majeure-pour-renforcer-leconomie-selon-le-pm-patrick-achi#primaryimage\",\"url\":\"https:\/\/static.africa-press.net\/cote\/sites\/43\/2021\/06\/img-60cdde66586cf.jpg\",\"contentUrl\":\"https:\/\/static.africa-press.net\/cote\/sites\/43\/2021\/06\/img-60cdde66586cf.jpg\",\"width\":1024,\"height\":709,\"caption\":\"La digitalisation, une pr\u00e9occupation majeure pour renforcer l\u2019\u00e9conomie, selon le PM Patrick Achi\"},{\"@type\":\"BreadcrumbList\",\"@id\":\"https:\/\/www.africa-press.net\/cotedivoire\/economie\/la-digitalisation-une-preoccupation-majeure-pour-renforcer-leconomie-selon-le-pm-patrick-achi#breadcrumb\",\"itemListElement\":[{\"@type\":\"ListItem\",\"position\":1,\"name\":\"Accueil\",\"item\":\"https:\/\/www.africa-press.net\/cotedivoire\/\"},{\"@type\":\"ListItem\",\"position\":2,\"name\":\"La digitalisation, une pr\u00e9occupation majeure pour renforcer l\u2019\u00e9conomie, selon le PM Patrick Achi\"}]},{\"@type\":\"WebSite\",\"@id\":\"https:\/\/www.africa-press.net\/cotedivoire\/#website\",\"url\":\"https:\/\/www.africa-press.net\/cotedivoire\/\",\"name\":\"C\u00f4te d&#039;Ivoire\",\"description\":\"Just another Africa News Agency Sites site\",\"potentialAction\":[{\"@type\":\"SearchAction\",\"target\":{\"@type\":\"EntryPoint\",\"urlTemplate\":\"https:\/\/www.africa-press.net\/cotedivoire\/?s={search_term_string}\"},\"query-input\":{\"@type\":\"PropertyValueSpecification\",\"valueRequired\":true,\"valueName\":\"search_term_string\"}}],\"inLanguage\":\"fr-FR\"},{\"@type\":\"Person\",\"@id\":\"https:\/\/www.africa-press.net\/cotedivoire\/#\/schema\/person\/2b1cf3cd81a31e3cd26889ca66d677f1\",\"name\":\"cfeditorfr\"}]}<\/script>\n<!-- \/ Yoast SEO Premium plugin. -->","yoast_head_json":{"title":"La digitalisation, une pr\u00e9occupation majeure pour renforcer l\u2019\u00e9conomie, selon le PM Patrick Achi - C\u00f4te d&#039;Ivoire","description":"Le Premier Ministre ivoirien, Patrick Achi, a indiqu\u00e9 le 17 juin 2021 \u00e0 Abidjan, que la digitalisation est au c\u0153ur des p ...","robots":{"index":"index","follow":"follow","max-snippet":"max-snippet:-1","max-image-preview":"max-image-preview:large","max-video-preview":"max-video-preview:-1"},"canonical":"https:\/\/www.africa-press.net\/cotedivoire\/economie\/la-digitalisation-une-preoccupation-majeure-pour-renforcer-leconomie-selon-le-pm-patrick-achi","og_locale":"fr_FR","og_type":"article","og_title":"La digitalisation, une pr\u00e9occupation majeure pour renforcer l\u2019\u00e9conomie, selon le PM Patrick Achi","og_description":"Le Premier Ministre ivoirien, Patrick Achi, a indiqu\u00e9 le 17 juin 2021 \u00e0 Abidjan, que la digitalisation est au c\u0153ur des p ...","og_url":"https:\/\/www.africa-press.net\/cotedivoire\/economie\/la-digitalisation-une-preoccupation-majeure-pour-renforcer-leconomie-selon-le-pm-patrick-achi","og_site_name":"C\u00f4te d&#039;Ivoire","article_published_time":"2021-06-19T12:39:23+00:00","article_modified_time":"2021-06-19T12:53:22+00:00","og_image":[{"width":1024,"height":709,"url":"https:\/\/static.africa-press.net\/cote\/sites\/43\/2021\/06\/img-60cdde66586cf.jpg","type":"image\/jpeg"}],"author":"cfeditorfr","twitter_card":"summary_large_image","twitter_misc":{"\u00c9crit par":"cfeditorfr","Dur\u00e9e de lecture estim\u00e9e":"2 minutes"},"schema":{"@context":"https:\/\/schema.org","@graph":[{"@type":"Article","@id":"https:\/\/www.africa-press.net\/cotedivoire\/economie\/la-digitalisation-une-preoccupation-majeure-pour-renforcer-leconomie-selon-le-pm-patrick-achi#article","isPartOf":{"@id":"https:\/\/www.africa-press.net\/cotedivoire\/economie\/la-digitalisation-une-preoccupation-majeure-pour-renforcer-leconomie-selon-le-pm-patrick-achi"},"author":{"name":"cfeditorfr","@id":"https:\/\/www.africa-press.net\/cotedivoire\/#\/schema\/person\/2b1cf3cd81a31e3cd26889ca66d677f1"},"headline":"La digitalisation, une pr\u00e9occupation majeure pour renforcer l\u2019\u00e9conomie, selon le PM Patrick Achi","datePublished":"2021-06-19T12:39:23+00:00","dateModified":"2021-06-19T12:53:22+00:00","mainEntityOfPage":{"@id":"https:\/\/www.africa-press.net\/cotedivoire\/economie\/la-digitalisation-une-preoccupation-majeure-pour-renforcer-leconomie-selon-le-pm-patrick-achi"},"wordCount":377,"commentCount":0,"image":{"@id":"https:\/\/www.africa-press.net\/cotedivoire\/economie\/la-digitalisation-une-preoccupation-majeure-pour-renforcer-leconomie-selon-le-pm-patrick-achi#primaryimage"},"thumbnailUrl":"https:\/\/static.africa-press.net\/cote\/sites\/43\/2021\/06\/img-60cdde66586cf.jpg","keywords":["Africa Press","Africa Press-C\u00f4te d'Ivoire","C\u00d4TE D'IVOIRE"],"articleSection":["\u00c9conomie","homepage-french","Toutes les actualit\u00e9s"],"inLanguage":"fr-FR","potentialAction":[{"@type":"CommentAction","name":"Comment","target":["https:\/\/www.africa-press.net\/cotedivoire\/economie\/la-digitalisation-une-preoccupation-majeure-pour-renforcer-leconomie-selon-le-pm-patrick-achi#respond"]}]},{"@type":"WebPage","@id":"https:\/\/www.africa-press.net\/cotedivoire\/economie\/la-digitalisation-une-preoccupation-majeure-pour-renforcer-leconomie-selon-le-pm-patrick-achi","url":"https:\/\/www.africa-press.net\/cotedivoire\/economie\/la-digitalisation-une-preoccupation-majeure-pour-renforcer-leconomie-selon-le-pm-patrick-achi","name":"La digitalisation, une pr\u00e9occupation majeure pour renforcer l\u2019\u00e9conomie, selon le PM Patrick Achi - C\u00f4te d&#039;Ivoire","isPartOf":{"@id":"https:\/\/www.africa-press.net\/cotedivoire\/#website"},"primaryImageOfPage":{"@id":"https:\/\/www.africa-press.net\/cotedivoire\/economie\/la-digitalisation-une-preoccupation-majeure-pour-renforcer-leconomie-selon-le-pm-patrick-achi#primaryimage"},"image":{"@id":"https:\/\/www.africa-press.net\/cotedivoire\/economie\/la-digitalisation-une-preoccupation-majeure-pour-renforcer-leconomie-selon-le-pm-patrick-achi#primaryimage"},"thumbnailUrl":"https:\/\/static.africa-press.net\/cote\/sites\/43\/2021\/06\/img-60cdde66586cf.jpg","datePublished":"2021-06-19T12:39:23+00:00","dateModified":"2021-06-19T12:53:22+00:00","author":{"@id":"https:\/\/www.africa-press.net\/cotedivoire\/#\/schema\/person\/2b1cf3cd81a31e3cd26889ca66d677f1"},"description":"Le Premier Ministre ivoirien, Patrick Achi, a indiqu\u00e9 le 17 juin 2021 \u00e0 Abidjan, que la digitalisation est au c\u0153ur des p ...","breadcrumb":{"@id":"https:\/\/www.africa-press.net\/cotedivoire\/economie\/la-digitalisation-une-preoccupation-majeure-pour-renforcer-leconomie-selon-le-pm-patrick-achi#breadcrumb"},"inLanguage":"fr-FR","potentialAction":[{"@type":"ReadAction","target":["https:\/\/www.africa-press.net\/cotedivoire\/economie\/la-digitalisation-une-preoccupation-majeure-pour-renforcer-leconomie-selon-le-pm-patrick-achi"]}]},{"@type":"ImageObject","inLanguage":"fr-FR","@id":"https:\/\/www.africa-press.net\/cotedivoire\/economie\/la-digitalisation-une-preoccupation-majeure-pour-renforcer-leconomie-selon-le-pm-patrick-achi#primaryimage","url":"https:\/\/static.africa-press.net\/cote\/sites\/43\/2021\/06\/img-60cdde66586cf.jpg","contentUrl":"https:\/\/static.africa-press.net\/cote\/sites\/43\/2021\/06\/img-60cdde66586cf.jpg","width":1024,"height":709,"caption":"La digitalisation, une pr\u00e9occupation majeure pour renforcer l\u2019\u00e9conomie, selon le PM Patrick Achi"},{"@type":"BreadcrumbList","@id":"https:\/\/www.africa-press.net\/cotedivoire\/economie\/la-digitalisation-une-preoccupation-majeure-pour-renforcer-leconomie-selon-le-pm-patrick-achi#breadcrumb","itemListElement":[{"@type":"ListItem","position":1,"name":"Accueil","item":"https:\/\/www.africa-press.net\/cotedivoire\/"},{"@type":"ListItem","position":2,"name":"La digitalisation, une pr\u00e9occupation majeure pour renforcer l\u2019\u00e9conomie, selon le PM Patrick Achi"}]},{"@type":"WebSite","@id":"https:\/\/www.africa-press.net\/cotedivoire\/#website","url":"https:\/\/www.africa-press.net\/cotedivoire\/","name":"C\u00f4te d&#039;Ivoire","description":"Just another Africa News Agency Sites site","potentialAction":[{"@type":"SearchAction","target":{"@type":"EntryPoint","urlTemplate":"https:\/\/www.africa-press.net\/cotedivoire\/?s={search_term_string}"},"query-input":{"@type":"PropertyValueSpecification","valueRequired":true,"valueName":"search_term_string"}}],"inLanguage":"fr-FR"},{"@type":"Person","@id":"https:\/\/www.africa-press.net\/cotedivoire\/#\/schema\/person\/2b1cf3cd81a31e3cd26889ca66d677f1","name":"cfeditorfr"}]}},"_links":{"self":[{"href":"https:\/\/www.africa-press.net\/cotedivoire\/wp-json\/wp\/v2\/posts\/9155","targetHints":{"allow":["GET"]}}],"collection":[{"href":"https:\/\/www.africa-press.net\/cotedivoire\/wp-json\/wp\/v2\/posts"}],"about":[{"href":"https:\/\/www.africa-press.net\/cotedivoire\/wp-json\/wp\/v2\/types\/post"}],"author":[{"embeddable":true,"href":"https:\/\/www.africa-press.net\/cotedivoire\/wp-json\/wp\/v2\/users\/82"}],"replies":[{"embeddable":true,"href":"https:\/\/www.africa-press.net\/cotedivoire\/wp-json\/wp\/v2\/comments?post=9155"}],"version-history":[{"count":0,"href":"https:\/\/www.africa-press.net\/cotedivoire\/wp-json\/wp\/v2\/posts\/9155\/revisions"}],"wp:featuredmedia":[{"embeddable":true,"href":"https:\/\/www.africa-press.net\/cotedivoire\/wp-json\/wp\/v2\/media\/9154"}],"wp:attachment":[{"href":"https:\/\/www.africa-press.net\/cotedivoire\/wp-json\/wp\/v2\/media?parent=9155"}],"wp:term":[{"taxonomy":"category","embeddable":true,"href":"https:\/\/www.africa-press.net\/cotedivoire\/wp-json\/wp\/v2\/categories?post=9155"},{"taxonomy":"post_tag","embeddable":true,"href":"https:\/\/www.africa-press.net\/cotedivoire\/wp-json\/wp\/v2\/tags?post=9155"}],"curies":[{"name":"wp","href":"https:\/\/api.w.org\/{rel}","templated":true}]}}