{"id":91704,"date":"2024-12-03T17:11:04","date_gmt":"2024-12-03T17:11:04","guid":{"rendered":"https:\/\/www.africa-press.net\/cotedivoire\/politique\/cote-divoire-presidentielle-2025-billon-se-reve-en-futur-president-a-andokoi"},"modified":"2024-12-03T17:22:59","modified_gmt":"2024-12-03T17:22:59","slug":"cote-divoire-presidentielle-2025-billon-se-reve-en-futur-president-a-andokoi","status":"publish","type":"post","link":"https:\/\/www.africa-press.net\/cotedivoire\/politique\/cote-divoire-presidentielle-2025-billon-se-reve-en-futur-president-a-andokoi","title":{"rendered":"C\u00f4te d&rsquo;Ivoire: Pr\u00e9sidentielle 2025, Billon se r\u00eave en futur Pr\u00e9sident \u00e0 Andokoi"},"content":{"rendered":"<p><span style=\"color: #ff6600\"><strong>Africa-Press &#8211; C\u00f4te d&rsquo;Ivoire. <\/strong><\/span>Jean-Louis Billon, candidat de\u0301clare\u0301 a\u0300 l&rsquo;e\u0301lection pre\u0301sidentielle d&rsquo;octobre 2025 en Co\u0302te d&rsquo;Ivoire, a marque\u0301 les esprits lors de la ce\u0301re\u0301monie de comme\u0301moration du Chef Andoh, fondateur du village Andokoi, situe\u0301e a\u0300 Yopougon.<\/p>\n<p>Cet e\u0301ve\u0301nement s&rsquo;est de\u0301roule\u0301 le samedi 30 novembre 2024, au stade du village. Invite\u0301 spe\u0301cial de la ce\u0301re\u0301monie, Jean-Louis Billon a exprime\u0301 ses pre\u0301occupations concernant l&rsquo;e\u0301tat de de\u0301gradation et d&rsquo;enclavement du quartier d&rsquo;Andokoi, fonde\u0301 en 1895, et a re\u0301affirme\u0301 son engagement pour son de\u0301veloppement.<\/p>\n<p>En de\u0301pit de sa convocation devant le conseil de discipline de son parti, le PDCI-RDA, Jean-Louis Billon a confirme\u0301 que cet e\u0301pisode ne freinait en rien ses ambitions politiques. Il a re\u0301ite\u0301re\u0301 sa volonte\u0301 de briguer la pre\u0301sidence de la Re\u0301publique lors de la prochaine e\u0301lection pre\u0301sidentielle d&rsquo;octobre 2025.<\/p>\n<p>Lors de cet e\u0301ve\u0301nement, il a e\u0301te\u0301 honore\u0301 par la chefferie du village, qui l&rsquo;a rebaptise\u0301 \u00ab\u00a0Acho Ake\u0301 Andoh\u00a0\u00bb, en hommage a\u0300 son engagement envers la localite\u0301.<\/p>\n<p>Jean-Louis Billon a vivement critique\u0301 le retard de de\u0301veloppement d&rsquo;Andokoi, soulignant l&rsquo;injustice qui existe dans cette zone et la ne\u0301cessite\u0301 de la rectifier.<\/p>\n<p>\u00ab\u00a0Ensemble, nous avons ve\u0301cu des joies et des peines en Co\u0302te d&rsquo;Ivoire. Nous avons traverse\u0301 des crises, des coups d&rsquo;E\u0301tat, une division du pays, mais e\u0301galement une re\u0301conciliation et un rede\u0301marrage e\u0301conomique. Malheureusement, certains quartiers comme Andokoi ont e\u0301te\u0301 laisse\u0301s pour compte dans cette relance\u00a0\u00bb, a-t-il de\u0301clare\u0301.<\/p>\n<p>Pour lui, il est crucial de corriger cette injustice, car aucun Ivoirien ne doit se sentir exclu du processus de de\u0301veloppement. Il a souligne\u0301 qu&rsquo;Andokoi repre\u0301sente un mode\u0300le de cohe\u0301sion et de fraternite\u0301, un exemple a\u0300 suivre pour toute la Co\u0302te d&rsquo;Ivoire.<\/p>\n<p>Jean-Louis Billon a aussi e\u0301voque\u0301 les e\u0301lections a\u0300 venir, soulignant l&rsquo;importance qu&rsquo;elles se de\u0301roulent dans un climat de paix, de fraternite\u0301 et de cohe\u0301sion.<\/p>\n<p>Selon lui, le \u00ab\u00a0meilleur\u00a0\u00bb doit l&#8217;emporter, et il se conside\u0300re comme ce \u00ab\u00a0meilleur\u00a0\u00bb candidat.<\/p>\n<p>\u00ab\u00a0Le meilleur est devant vous. Je suis Jean-Louis Ake\u0301, votre fre\u0300re; je suis Jean-Louis Acho, votre fils; je suis Jean-Louis Andoh, votre chef; je suis Jean-Louis Billon, votre futur pre\u0301sident de la Re\u0301publique de Co\u0302te d&rsquo;Ivoire\u00a0\u00bb, a-t-il affirme\u0301, tout en re\u0301ite\u0301rant son engagement a\u0300 transformer positivement le pays.<\/p>\n<p>Lors de cette ce\u0301re\u0301monie, Koua Re\u0301gina, Pre\u0301sidente du Collectif des associations d&rsquo;Andokoi, a pris la parole pour exprimer les pre\u0301occupations des femmes du quartier, notamment en ce qui concerne l&#8217;emploi des jeunes et l&rsquo;autonomisation des femmes. Les femmes du village ont sollicite\u0301 la mise en place d&rsquo;un fonds de solidarite\u0301 et la fourniture d&rsquo;engins a\u0300 trois roues afin de dynamiser leurs activite\u0301s e\u0301conomiques.<\/p>\n<p>Ainsi, Jean-Louis Billon a profite\u0301 de cette occasion pour rappeler son engagement envers le de\u0301veloppement de toutes les re\u0301gions de la Co\u0302te d&rsquo;Ivoire, tout en mettant un accent particulier sur la re\u0301habilitation d&rsquo;Andokoi et la promotion de l&rsquo;unite\u0301 nationale.<\/p>\n<p><strong>Pour plus d&rsquo;informations et d&rsquo;analyses sur la <span style=\"color: #ff6600\">C\u00f4te d&rsquo;Ivoire<\/span>, suivez <span style=\"color: #ff6600\">Africa-Press<\/span><\/strong><\/p>\n","protected":false},"excerpt":{"rendered":"<p>Africa-Press &#8211; C\u00f4te d&rsquo;Ivoire. Jean-Louis Billon, candidat de\u0301clare\u0301 a\u0300 l&rsquo;e\u0301lection pre\u0301sidentielle d&rsquo;octobre 2025 en Co\u0302te d&rsquo;Ivoire, a marque\u0301 les esprits lors de la ce\u0301re\u0301monie de comme\u0301moration du Chef Andoh, fondateur du village Andokoi, situe\u0301e a\u0300 Yopougon. Cet e\u0301ve\u0301nement s&rsquo;est de\u0301roule\u0301 le samedi 30 novembre 2024, au stade du village. Invite\u0301 spe\u0301cial de la ce\u0301re\u0301monie, Jean-Louis [&hellip;]<\/p>\n","protected":false},"author":82,"featured_media":91703,"comment_status":"open","ping_status":"closed","sticky":false,"template":"","format":"standard","meta":{"footnotes":""},"categories":[2,10],"tags":[3075,29,743,15842,739,1965,15843],"class_list":["post-91704","post","type-post","status-publish","format-standard","has-post-thumbnail","hentry","category-politique","category-toutes-les-actualites","tag-andokoi","tag-cote-divoire","tag-jean-louis-billon-2","tag-koua-regina","tag-pdci-rda","tag-presidentielle-cote-divoire-2025","tag-yopougon-2"],"yoast_head":"<!-- This site is optimized with the Yoast SEO Premium plugin v26.1 (Yoast SEO v27.0) - https:\/\/yoast.com\/product\/yoast-seo-premium-wordpress\/ -->\n<title>C\u00f4te d&#039;Ivoire: Pr\u00e9sidentielle 2025, Billon se r\u00eave en futur Pr\u00e9sident \u00e0 Andokoi - C\u00f4te d&#039;Ivoire<\/title>\n<meta name=\"description\" content=\"Jean-Louis Billon, candidat de\u0301clare\u0301 a\u0300 l&#039;e\u0301lection pre\u0301sidentielle d&#039;octobre 2025 en Co\u0302te d&#039;Ivoire, a marque\u0301 les esp ...\" \/>\n<meta name=\"robots\" content=\"index, follow, max-snippet:-1, max-image-preview:large, max-video-preview:-1\" \/>\n<link rel=\"canonical\" href=\"https:\/\/www.africa-press.net\/cotedivoire\/politique\/cote-divoire-presidentielle-2025-billon-se-reve-en-futur-president-a-andokoi\" \/>\n<meta property=\"og:locale\" content=\"fr_FR\" \/>\n<meta property=\"og:type\" content=\"article\" \/>\n<meta property=\"og:title\" content=\"C\u00f4te d&#039;Ivoire: Pr\u00e9sidentielle 2025, Billon se r\u00eave en futur Pr\u00e9sident \u00e0 Andokoi\" \/>\n<meta property=\"og:description\" content=\"Jean-Louis Billon, candidat de\u0301clare\u0301 a\u0300 l&#039;e\u0301lection pre\u0301sidentielle d&#039;octobre 2025 en Co\u0302te d&#039;Ivoire, a marque\u0301 les esp ...\" \/>\n<meta property=\"og:url\" content=\"https:\/\/www.africa-press.net\/cotedivoire\/politique\/cote-divoire-presidentielle-2025-billon-se-reve-en-futur-president-a-andokoi\" \/>\n<meta property=\"og:site_name\" content=\"C\u00f4te d&#039;Ivoire\" \/>\n<meta property=\"article:published_time\" content=\"2024-12-03T17:11:04+00:00\" \/>\n<meta property=\"article:modified_time\" content=\"2024-12-03T17:22:59+00:00\" \/>\n<meta property=\"og:image\" content=\"https:\/\/static.africa-press.net\/cote\/sites\/43\/2024\/12\/sm_1733233943.959747.jpg\" \/>\n\t<meta property=\"og:image:width\" content=\"720\" \/>\n\t<meta property=\"og:image:height\" content=\"380\" \/>\n\t<meta property=\"og:image:type\" content=\"image\/jpeg\" \/>\n<meta name=\"author\" content=\"cfeditorfr\" \/>\n<meta name=\"twitter:card\" content=\"summary_large_image\" \/>\n<meta name=\"twitter:label1\" content=\"\u00c9crit par\" \/>\n\t<meta name=\"twitter:data1\" content=\"cfeditorfr\" \/>\n\t<meta name=\"twitter:label2\" content=\"Dur\u00e9e de lecture estim\u00e9e\" \/>\n\t<meta name=\"twitter:data2\" content=\"3 minutes\" \/>\n<script type=\"application\/ld+json\" class=\"yoast-schema-graph\">{\"@context\":\"https:\/\/schema.org\",\"@graph\":[{\"@type\":\"Article\",\"@id\":\"https:\/\/www.africa-press.net\/cotedivoire\/politique\/cote-divoire-presidentielle-2025-billon-se-reve-en-futur-president-a-andokoi#article\",\"isPartOf\":{\"@id\":\"https:\/\/www.africa-press.net\/cotedivoire\/politique\/cote-divoire-presidentielle-2025-billon-se-reve-en-futur-president-a-andokoi\"},\"author\":{\"name\":\"cfeditorfr\",\"@id\":\"https:\/\/www.africa-press.net\/cotedivoire\/#\/schema\/person\/2b1cf3cd81a31e3cd26889ca66d677f1\"},\"headline\":\"C\u00f4te d&rsquo;Ivoire: Pr\u00e9sidentielle 2025, Billon se r\u00eave en futur Pr\u00e9sident \u00e0 Andokoi\",\"datePublished\":\"2024-12-03T17:11:04+00:00\",\"dateModified\":\"2024-12-03T17:22:59+00:00\",\"mainEntityOfPage\":{\"@id\":\"https:\/\/www.africa-press.net\/cotedivoire\/politique\/cote-divoire-presidentielle-2025-billon-se-reve-en-futur-president-a-andokoi\"},\"wordCount\":579,\"commentCount\":0,\"image\":{\"@id\":\"https:\/\/www.africa-press.net\/cotedivoire\/politique\/cote-divoire-presidentielle-2025-billon-se-reve-en-futur-president-a-andokoi#primaryimage\"},\"thumbnailUrl\":\"https:\/\/static.africa-press.net\/cote\/sites\/43\/2024\/12\/sm_1733233943.959747.jpg\",\"keywords\":[\"Andokoi\",\"C\u00d4TE D'IVOIRE\",\"Jean-Louis Billon\",\"Koua R\u00e9gina\",\"PDCI-RDA\",\"Pr\u00e9sidentielle C\u00f4te d'Ivoire 2025\",\"Yopougon.\"],\"articleSection\":[\"Politique\",\"Toutes les actualit\u00e9s\"],\"inLanguage\":\"fr-FR\",\"potentialAction\":[{\"@type\":\"CommentAction\",\"name\":\"Comment\",\"target\":[\"https:\/\/www.africa-press.net\/cotedivoire\/politique\/cote-divoire-presidentielle-2025-billon-se-reve-en-futur-president-a-andokoi#respond\"]}]},{\"@type\":\"WebPage\",\"@id\":\"https:\/\/www.africa-press.net\/cotedivoire\/politique\/cote-divoire-presidentielle-2025-billon-se-reve-en-futur-president-a-andokoi\",\"url\":\"https:\/\/www.africa-press.net\/cotedivoire\/politique\/cote-divoire-presidentielle-2025-billon-se-reve-en-futur-president-a-andokoi\",\"name\":\"C\u00f4te d'Ivoire: Pr\u00e9sidentielle 2025, Billon se r\u00eave en futur Pr\u00e9sident \u00e0 Andokoi - C\u00f4te d&#039;Ivoire\",\"isPartOf\":{\"@id\":\"https:\/\/www.africa-press.net\/cotedivoire\/#website\"},\"primaryImageOfPage\":{\"@id\":\"https:\/\/www.africa-press.net\/cotedivoire\/politique\/cote-divoire-presidentielle-2025-billon-se-reve-en-futur-president-a-andokoi#primaryimage\"},\"image\":{\"@id\":\"https:\/\/www.africa-press.net\/cotedivoire\/politique\/cote-divoire-presidentielle-2025-billon-se-reve-en-futur-president-a-andokoi#primaryimage\"},\"thumbnailUrl\":\"https:\/\/static.africa-press.net\/cote\/sites\/43\/2024\/12\/sm_1733233943.959747.jpg\",\"datePublished\":\"2024-12-03T17:11:04+00:00\",\"dateModified\":\"2024-12-03T17:22:59+00:00\",\"author\":{\"@id\":\"https:\/\/www.africa-press.net\/cotedivoire\/#\/schema\/person\/2b1cf3cd81a31e3cd26889ca66d677f1\"},\"description\":\"Jean-Louis Billon, candidat de\u0301clare\u0301 a\u0300 l'e\u0301lection pre\u0301sidentielle d'octobre 2025 en Co\u0302te d'Ivoire, a marque\u0301 les esp ...\",\"breadcrumb\":{\"@id\":\"https:\/\/www.africa-press.net\/cotedivoire\/politique\/cote-divoire-presidentielle-2025-billon-se-reve-en-futur-president-a-andokoi#breadcrumb\"},\"inLanguage\":\"fr-FR\",\"potentialAction\":[{\"@type\":\"ReadAction\",\"target\":[\"https:\/\/www.africa-press.net\/cotedivoire\/politique\/cote-divoire-presidentielle-2025-billon-se-reve-en-futur-president-a-andokoi\"]}]},{\"@type\":\"ImageObject\",\"inLanguage\":\"fr-FR\",\"@id\":\"https:\/\/www.africa-press.net\/cotedivoire\/politique\/cote-divoire-presidentielle-2025-billon-se-reve-en-futur-president-a-andokoi#primaryimage\",\"url\":\"https:\/\/static.africa-press.net\/cote\/sites\/43\/2024\/12\/sm_1733233943.959747.jpg\",\"contentUrl\":\"https:\/\/static.africa-press.net\/cote\/sites\/43\/2024\/12\/sm_1733233943.959747.jpg\",\"width\":720,\"height\":380,\"caption\":\"C\u00f4te d'Ivoire: Pr\u00e9sidentielle 2025, Billon se r\u00eave en futur Pr\u00e9sident \u00e0 Andokoi\"},{\"@type\":\"BreadcrumbList\",\"@id\":\"https:\/\/www.africa-press.net\/cotedivoire\/politique\/cote-divoire-presidentielle-2025-billon-se-reve-en-futur-president-a-andokoi#breadcrumb\",\"itemListElement\":[{\"@type\":\"ListItem\",\"position\":1,\"name\":\"Accueil\",\"item\":\"https:\/\/www.africa-press.net\/cotedivoire\/\"},{\"@type\":\"ListItem\",\"position\":2,\"name\":\"C\u00f4te d&#8217;Ivoire: Pr\u00e9sidentielle 2025, Billon se r\u00eave en futur Pr\u00e9sident \u00e0 Andokoi\"}]},{\"@type\":\"WebSite\",\"@id\":\"https:\/\/www.africa-press.net\/cotedivoire\/#website\",\"url\":\"https:\/\/www.africa-press.net\/cotedivoire\/\",\"name\":\"C\u00f4te d&#039;Ivoire\",\"description\":\"Just another Africa News Agency Sites site\",\"potentialAction\":[{\"@type\":\"SearchAction\",\"target\":{\"@type\":\"EntryPoint\",\"urlTemplate\":\"https:\/\/www.africa-press.net\/cotedivoire\/?s={search_term_string}\"},\"query-input\":{\"@type\":\"PropertyValueSpecification\",\"valueRequired\":true,\"valueName\":\"search_term_string\"}}],\"inLanguage\":\"fr-FR\"},{\"@type\":\"Person\",\"@id\":\"https:\/\/www.africa-press.net\/cotedivoire\/#\/schema\/person\/2b1cf3cd81a31e3cd26889ca66d677f1\",\"name\":\"cfeditorfr\"}]}<\/script>\n<!-- \/ Yoast SEO Premium plugin. -->","yoast_head_json":{"title":"C\u00f4te d'Ivoire: Pr\u00e9sidentielle 2025, Billon se r\u00eave en futur Pr\u00e9sident \u00e0 Andokoi - C\u00f4te d&#039;Ivoire","description":"Jean-Louis Billon, candidat de\u0301clare\u0301 a\u0300 l'e\u0301lection pre\u0301sidentielle d'octobre 2025 en Co\u0302te d'Ivoire, a marque\u0301 les esp ...","robots":{"index":"index","follow":"follow","max-snippet":"max-snippet:-1","max-image-preview":"max-image-preview:large","max-video-preview":"max-video-preview:-1"},"canonical":"https:\/\/www.africa-press.net\/cotedivoire\/politique\/cote-divoire-presidentielle-2025-billon-se-reve-en-futur-president-a-andokoi","og_locale":"fr_FR","og_type":"article","og_title":"C\u00f4te d'Ivoire: Pr\u00e9sidentielle 2025, Billon se r\u00eave en futur Pr\u00e9sident \u00e0 Andokoi","og_description":"Jean-Louis Billon, candidat de\u0301clare\u0301 a\u0300 l'e\u0301lection pre\u0301sidentielle d'octobre 2025 en Co\u0302te d'Ivoire, a marque\u0301 les esp ...","og_url":"https:\/\/www.africa-press.net\/cotedivoire\/politique\/cote-divoire-presidentielle-2025-billon-se-reve-en-futur-president-a-andokoi","og_site_name":"C\u00f4te d&#039;Ivoire","article_published_time":"2024-12-03T17:11:04+00:00","article_modified_time":"2024-12-03T17:22:59+00:00","og_image":[{"width":720,"height":380,"url":"https:\/\/static.africa-press.net\/cote\/sites\/43\/2024\/12\/sm_1733233943.959747.jpg","type":"image\/jpeg"}],"author":"cfeditorfr","twitter_card":"summary_large_image","twitter_misc":{"\u00c9crit par":"cfeditorfr","Dur\u00e9e de lecture estim\u00e9e":"3 minutes"},"schema":{"@context":"https:\/\/schema.org","@graph":[{"@type":"Article","@id":"https:\/\/www.africa-press.net\/cotedivoire\/politique\/cote-divoire-presidentielle-2025-billon-se-reve-en-futur-president-a-andokoi#article","isPartOf":{"@id":"https:\/\/www.africa-press.net\/cotedivoire\/politique\/cote-divoire-presidentielle-2025-billon-se-reve-en-futur-president-a-andokoi"},"author":{"name":"cfeditorfr","@id":"https:\/\/www.africa-press.net\/cotedivoire\/#\/schema\/person\/2b1cf3cd81a31e3cd26889ca66d677f1"},"headline":"C\u00f4te d&rsquo;Ivoire: Pr\u00e9sidentielle 2025, Billon se r\u00eave en futur Pr\u00e9sident \u00e0 Andokoi","datePublished":"2024-12-03T17:11:04+00:00","dateModified":"2024-12-03T17:22:59+00:00","mainEntityOfPage":{"@id":"https:\/\/www.africa-press.net\/cotedivoire\/politique\/cote-divoire-presidentielle-2025-billon-se-reve-en-futur-president-a-andokoi"},"wordCount":579,"commentCount":0,"image":{"@id":"https:\/\/www.africa-press.net\/cotedivoire\/politique\/cote-divoire-presidentielle-2025-billon-se-reve-en-futur-president-a-andokoi#primaryimage"},"thumbnailUrl":"https:\/\/static.africa-press.net\/cote\/sites\/43\/2024\/12\/sm_1733233943.959747.jpg","keywords":["Andokoi","C\u00d4TE D'IVOIRE","Jean-Louis Billon","Koua R\u00e9gina","PDCI-RDA","Pr\u00e9sidentielle C\u00f4te d'Ivoire 2025","Yopougon."],"articleSection":["Politique","Toutes les actualit\u00e9s"],"inLanguage":"fr-FR","potentialAction":[{"@type":"CommentAction","name":"Comment","target":["https:\/\/www.africa-press.net\/cotedivoire\/politique\/cote-divoire-presidentielle-2025-billon-se-reve-en-futur-president-a-andokoi#respond"]}]},{"@type":"WebPage","@id":"https:\/\/www.africa-press.net\/cotedivoire\/politique\/cote-divoire-presidentielle-2025-billon-se-reve-en-futur-president-a-andokoi","url":"https:\/\/www.africa-press.net\/cotedivoire\/politique\/cote-divoire-presidentielle-2025-billon-se-reve-en-futur-president-a-andokoi","name":"C\u00f4te d'Ivoire: Pr\u00e9sidentielle 2025, Billon se r\u00eave en futur Pr\u00e9sident \u00e0 Andokoi - C\u00f4te d&#039;Ivoire","isPartOf":{"@id":"https:\/\/www.africa-press.net\/cotedivoire\/#website"},"primaryImageOfPage":{"@id":"https:\/\/www.africa-press.net\/cotedivoire\/politique\/cote-divoire-presidentielle-2025-billon-se-reve-en-futur-president-a-andokoi#primaryimage"},"image":{"@id":"https:\/\/www.africa-press.net\/cotedivoire\/politique\/cote-divoire-presidentielle-2025-billon-se-reve-en-futur-president-a-andokoi#primaryimage"},"thumbnailUrl":"https:\/\/static.africa-press.net\/cote\/sites\/43\/2024\/12\/sm_1733233943.959747.jpg","datePublished":"2024-12-03T17:11:04+00:00","dateModified":"2024-12-03T17:22:59+00:00","author":{"@id":"https:\/\/www.africa-press.net\/cotedivoire\/#\/schema\/person\/2b1cf3cd81a31e3cd26889ca66d677f1"},"description":"Jean-Louis Billon, candidat de\u0301clare\u0301 a\u0300 l'e\u0301lection pre\u0301sidentielle d'octobre 2025 en Co\u0302te d'Ivoire, a marque\u0301 les esp ...","breadcrumb":{"@id":"https:\/\/www.africa-press.net\/cotedivoire\/politique\/cote-divoire-presidentielle-2025-billon-se-reve-en-futur-president-a-andokoi#breadcrumb"},"inLanguage":"fr-FR","potentialAction":[{"@type":"ReadAction","target":["https:\/\/www.africa-press.net\/cotedivoire\/politique\/cote-divoire-presidentielle-2025-billon-se-reve-en-futur-president-a-andokoi"]}]},{"@type":"ImageObject","inLanguage":"fr-FR","@id":"https:\/\/www.africa-press.net\/cotedivoire\/politique\/cote-divoire-presidentielle-2025-billon-se-reve-en-futur-president-a-andokoi#primaryimage","url":"https:\/\/static.africa-press.net\/cote\/sites\/43\/2024\/12\/sm_1733233943.959747.jpg","contentUrl":"https:\/\/static.africa-press.net\/cote\/sites\/43\/2024\/12\/sm_1733233943.959747.jpg","width":720,"height":380,"caption":"C\u00f4te d'Ivoire: Pr\u00e9sidentielle 2025, Billon se r\u00eave en futur Pr\u00e9sident \u00e0 Andokoi"},{"@type":"BreadcrumbList","@id":"https:\/\/www.africa-press.net\/cotedivoire\/politique\/cote-divoire-presidentielle-2025-billon-se-reve-en-futur-president-a-andokoi#breadcrumb","itemListElement":[{"@type":"ListItem","position":1,"name":"Accueil","item":"https:\/\/www.africa-press.net\/cotedivoire\/"},{"@type":"ListItem","position":2,"name":"C\u00f4te d&#8217;Ivoire: Pr\u00e9sidentielle 2025, Billon se r\u00eave en futur Pr\u00e9sident \u00e0 Andokoi"}]},{"@type":"WebSite","@id":"https:\/\/www.africa-press.net\/cotedivoire\/#website","url":"https:\/\/www.africa-press.net\/cotedivoire\/","name":"C\u00f4te d&#039;Ivoire","description":"Just another Africa News Agency Sites site","potentialAction":[{"@type":"SearchAction","target":{"@type":"EntryPoint","urlTemplate":"https:\/\/www.africa-press.net\/cotedivoire\/?s={search_term_string}"},"query-input":{"@type":"PropertyValueSpecification","valueRequired":true,"valueName":"search_term_string"}}],"inLanguage":"fr-FR"},{"@type":"Person","@id":"https:\/\/www.africa-press.net\/cotedivoire\/#\/schema\/person\/2b1cf3cd81a31e3cd26889ca66d677f1","name":"cfeditorfr"}]}},"_links":{"self":[{"href":"https:\/\/www.africa-press.net\/cotedivoire\/wp-json\/wp\/v2\/posts\/91704","targetHints":{"allow":["GET"]}}],"collection":[{"href":"https:\/\/www.africa-press.net\/cotedivoire\/wp-json\/wp\/v2\/posts"}],"about":[{"href":"https:\/\/www.africa-press.net\/cotedivoire\/wp-json\/wp\/v2\/types\/post"}],"author":[{"embeddable":true,"href":"https:\/\/www.africa-press.net\/cotedivoire\/wp-json\/wp\/v2\/users\/82"}],"replies":[{"embeddable":true,"href":"https:\/\/www.africa-press.net\/cotedivoire\/wp-json\/wp\/v2\/comments?post=91704"}],"version-history":[{"count":0,"href":"https:\/\/www.africa-press.net\/cotedivoire\/wp-json\/wp\/v2\/posts\/91704\/revisions"}],"wp:featuredmedia":[{"embeddable":true,"href":"https:\/\/www.africa-press.net\/cotedivoire\/wp-json\/wp\/v2\/media\/91703"}],"wp:attachment":[{"href":"https:\/\/www.africa-press.net\/cotedivoire\/wp-json\/wp\/v2\/media?parent=91704"}],"wp:term":[{"taxonomy":"category","embeddable":true,"href":"https:\/\/www.africa-press.net\/cotedivoire\/wp-json\/wp\/v2\/categories?post=91704"},{"taxonomy":"post_tag","embeddable":true,"href":"https:\/\/www.africa-press.net\/cotedivoire\/wp-json\/wp\/v2\/tags?post=91704"}],"curies":[{"name":"wp","href":"https:\/\/api.w.org\/{rel}","templated":true}]}}