{"id":9172,"date":"2021-06-19T12:42:52","date_gmt":"2021-06-19T12:42:52","guid":{"rendered":"https:\/\/www.africa-press.net\/cotedivoire\/?p=9172"},"modified":"2021-06-19T12:53:31","modified_gmt":"2021-06-19T12:53:31","slug":"senatoriales-partielles-la-reception-des-dossiers-de-candidature-prorogee-jusquau-19-juin-cei","status":"publish","type":"post","link":"https:\/\/www.africa-press.net\/cotedivoire\/politique\/senatoriales-partielles-la-reception-des-dossiers-de-candidature-prorogee-jusquau-19-juin-cei","title":{"rendered":"S\u00e9natoriales partielles: La r\u00e9ception des dossiers de candidature prorog\u00e9e jusqu\u2019au 19 juin (CEI)"},"content":{"rendered":"<p><span style=\"color: #ff6600\"><strong><a href=\"https:\/\/www.africa-press.net\/\">Africa-Press<\/a> &#8211; <a href=\"https:\/\/www.africa-press.net\/cotedivoire\">C\u00f4te d&rsquo;Ivoire<\/a>.\u00a0 <\/strong><\/span>Initialement pr\u00e9vue du 10 au 17 juin, la p\u00e9riode de r\u00e9ception des dossiers de candidature pour les \u00e9lections s\u00e9natoriales partielles du 31 juillet 2021 en C\u00f4te d\u2019Ivoire, est prorog\u00e9e jusqu\u2019au samedi 19 juin \u00e0 12H00, a indiqu\u00e9 la Commission \u00e9lectorale ind\u00e9pendante (CEI), dans une note.<\/p>\n<p>\u00ab La CEI porte \u00e0 la connaissance de la Communaut\u00e9 nationale que la p\u00e9riode de r\u00e9ception des dossiers de candidatures, aux \u00e9lections s\u00e9natoriales partielles du 31 Juillet 2021, est prorog\u00e9e jusqu\u2019au samedi 19 juin 2021 \u00e0 12 heures pr\u00e9cises \u00bb, peut-on lire dans la note.<\/p>\n<p>Ces \u00e9lections partielles visent \u00e0 \u00ab pourvoir \u00e0 la vacance des postes de s\u00e9nateurs, cons\u00e9cutive au d\u00e9c\u00e8s des s\u00e9nateurs \u00e9lus dans les r\u00e9gions des Grands-ponts et du Kabadougou, et de la d\u00e9mission de ceux des r\u00e9gions du Bounkani, Gontougo et de la Nawa \u00bb, selon la CEI.<\/p>\n<p>Le s\u00e9nat ivoirien est compos\u00e9 de 99 membres, soit 33 nomm\u00e9s par le pr\u00e9sident de la R\u00e9publique et 66 \u00e9lus.<\/p>\n<p>&nbsp;<\/p>\n","protected":false},"excerpt":{"rendered":"<p>Africa-Press &#8211; C\u00f4te d&rsquo;Ivoire.\u00a0 Initialement pr\u00e9vue du 10 au 17 juin, la p\u00e9riode de r\u00e9ception des dossiers de candidature pour les \u00e9lections s\u00e9natoriales partielles du 31 juillet 2021 en C\u00f4te d\u2019Ivoire, est prorog\u00e9e jusqu\u2019au samedi 19 juin \u00e0 12H00, a indiqu\u00e9 la Commission \u00e9lectorale ind\u00e9pendante (CEI), dans une note. \u00ab La CEI porte \u00e0 la [&hellip;]<\/p>\n","protected":false},"author":82,"featured_media":9171,"comment_status":"open","ping_status":"closed","sticky":false,"template":"","format":"standard","meta":{"footnotes":""},"categories":[11,2,10],"tags":[56,63,29],"class_list":["post-9172","post","type-post","status-publish","format-standard","has-post-thumbnail","hentry","category-homepage-french","category-politique","category-toutes-les-actualites","tag-africa-press","tag-africa-press-cote-divoire","tag-cote-divoire"],"yoast_head":"<!-- This site is optimized with the Yoast SEO Premium plugin v26.1 (Yoast SEO v27.0) - https:\/\/yoast.com\/product\/yoast-seo-premium-wordpress\/ -->\n<title>S\u00e9natoriales partielles: La r\u00e9ception des dossiers de candidature prorog\u00e9e jusqu\u2019au 19 juin (CEI) - C\u00f4te d&#039;Ivoire<\/title>\n<meta name=\"description\" content=\"Jocelyne LIADE Initialement pr\u00e9vue du 10 au 17 juin, la p\u00e9riode de r\u00e9ception des dossiers de candidature pour les \u00e9lect ...\" \/>\n<meta name=\"robots\" content=\"index, follow, max-snippet:-1, max-image-preview:large, max-video-preview:-1\" \/>\n<link rel=\"canonical\" href=\"https:\/\/www.africa-press.net\/cotedivoire\/politique\/senatoriales-partielles-la-reception-des-dossiers-de-candidature-prorogee-jusquau-19-juin-cei\" \/>\n<meta property=\"og:locale\" content=\"fr_FR\" \/>\n<meta property=\"og:type\" content=\"article\" \/>\n<meta property=\"og:title\" content=\"S\u00e9natoriales partielles: La r\u00e9ception des dossiers de candidature prorog\u00e9e jusqu\u2019au 19 juin (CEI)\" \/>\n<meta property=\"og:description\" content=\"Jocelyne LIADE Initialement pr\u00e9vue du 10 au 17 juin, la p\u00e9riode de r\u00e9ception des dossiers de candidature pour les \u00e9lect ...\" \/>\n<meta property=\"og:url\" content=\"https:\/\/www.africa-press.net\/cotedivoire\/politique\/senatoriales-partielles-la-reception-des-dossiers-de-candidature-prorogee-jusquau-19-juin-cei\" \/>\n<meta property=\"og:site_name\" content=\"C\u00f4te d&#039;Ivoire\" \/>\n<meta property=\"article:published_time\" content=\"2021-06-19T12:42:52+00:00\" \/>\n<meta property=\"article:modified_time\" content=\"2021-06-19T12:53:31+00:00\" \/>\n<meta property=\"og:image\" content=\"https:\/\/static.africa-press.net\/cote\/sites\/43\/2021\/06\/img-60cde1165e447.jpg\" \/>\n\t<meta property=\"og:image:width\" content=\"768\" \/>\n\t<meta property=\"og:image:height\" content=\"433\" \/>\n\t<meta property=\"og:image:type\" content=\"image\/jpeg\" \/>\n<meta name=\"author\" content=\"cfeditorfr\" \/>\n<meta name=\"twitter:card\" content=\"summary_large_image\" \/>\n<meta name=\"twitter:label1\" content=\"\u00c9crit par\" \/>\n\t<meta name=\"twitter:data1\" content=\"cfeditorfr\" \/>\n\t<meta name=\"twitter:label2\" content=\"Dur\u00e9e de lecture estim\u00e9e\" \/>\n\t<meta name=\"twitter:data2\" content=\"1 minute\" \/>\n<script type=\"application\/ld+json\" class=\"yoast-schema-graph\">{\"@context\":\"https:\/\/schema.org\",\"@graph\":[{\"@type\":\"Article\",\"@id\":\"https:\/\/www.africa-press.net\/cotedivoire\/politique\/senatoriales-partielles-la-reception-des-dossiers-de-candidature-prorogee-jusquau-19-juin-cei#article\",\"isPartOf\":{\"@id\":\"https:\/\/www.africa-press.net\/cotedivoire\/politique\/senatoriales-partielles-la-reception-des-dossiers-de-candidature-prorogee-jusquau-19-juin-cei\"},\"author\":{\"name\":\"cfeditorfr\",\"@id\":\"https:\/\/www.africa-press.net\/cotedivoire\/#\/schema\/person\/2b1cf3cd81a31e3cd26889ca66d677f1\"},\"headline\":\"S\u00e9natoriales partielles: La r\u00e9ception des dossiers de candidature prorog\u00e9e jusqu\u2019au 19 juin (CEI)\",\"datePublished\":\"2021-06-19T12:42:52+00:00\",\"dateModified\":\"2021-06-19T12:53:31+00:00\",\"mainEntityOfPage\":{\"@id\":\"https:\/\/www.africa-press.net\/cotedivoire\/politique\/senatoriales-partielles-la-reception-des-dossiers-de-candidature-prorogee-jusquau-19-juin-cei\"},\"wordCount\":185,\"commentCount\":0,\"image\":{\"@id\":\"https:\/\/www.africa-press.net\/cotedivoire\/politique\/senatoriales-partielles-la-reception-des-dossiers-de-candidature-prorogee-jusquau-19-juin-cei#primaryimage\"},\"thumbnailUrl\":\"https:\/\/static.africa-press.net\/cote\/sites\/43\/2021\/06\/img-60cde1165e447.jpg\",\"keywords\":[\"Africa Press\",\"Africa Press-C\u00f4te d'Ivoire\",\"C\u00d4TE D'IVOIRE\"],\"articleSection\":[\"homepage-french\",\"Politique\",\"Toutes les actualit\u00e9s\"],\"inLanguage\":\"fr-FR\",\"potentialAction\":[{\"@type\":\"CommentAction\",\"name\":\"Comment\",\"target\":[\"https:\/\/www.africa-press.net\/cotedivoire\/politique\/senatoriales-partielles-la-reception-des-dossiers-de-candidature-prorogee-jusquau-19-juin-cei#respond\"]}]},{\"@type\":\"WebPage\",\"@id\":\"https:\/\/www.africa-press.net\/cotedivoire\/politique\/senatoriales-partielles-la-reception-des-dossiers-de-candidature-prorogee-jusquau-19-juin-cei\",\"url\":\"https:\/\/www.africa-press.net\/cotedivoire\/politique\/senatoriales-partielles-la-reception-des-dossiers-de-candidature-prorogee-jusquau-19-juin-cei\",\"name\":\"S\u00e9natoriales partielles: La r\u00e9ception des dossiers de candidature prorog\u00e9e jusqu\u2019au 19 juin (CEI) - C\u00f4te d&#039;Ivoire\",\"isPartOf\":{\"@id\":\"https:\/\/www.africa-press.net\/cotedivoire\/#website\"},\"primaryImageOfPage\":{\"@id\":\"https:\/\/www.africa-press.net\/cotedivoire\/politique\/senatoriales-partielles-la-reception-des-dossiers-de-candidature-prorogee-jusquau-19-juin-cei#primaryimage\"},\"image\":{\"@id\":\"https:\/\/www.africa-press.net\/cotedivoire\/politique\/senatoriales-partielles-la-reception-des-dossiers-de-candidature-prorogee-jusquau-19-juin-cei#primaryimage\"},\"thumbnailUrl\":\"https:\/\/static.africa-press.net\/cote\/sites\/43\/2021\/06\/img-60cde1165e447.jpg\",\"datePublished\":\"2021-06-19T12:42:52+00:00\",\"dateModified\":\"2021-06-19T12:53:31+00:00\",\"author\":{\"@id\":\"https:\/\/www.africa-press.net\/cotedivoire\/#\/schema\/person\/2b1cf3cd81a31e3cd26889ca66d677f1\"},\"description\":\"Jocelyne LIADE Initialement pr\u00e9vue du 10 au 17 juin, la p\u00e9riode de r\u00e9ception des dossiers de candidature pour les \u00e9lect ...\",\"breadcrumb\":{\"@id\":\"https:\/\/www.africa-press.net\/cotedivoire\/politique\/senatoriales-partielles-la-reception-des-dossiers-de-candidature-prorogee-jusquau-19-juin-cei#breadcrumb\"},\"inLanguage\":\"fr-FR\",\"potentialAction\":[{\"@type\":\"ReadAction\",\"target\":[\"https:\/\/www.africa-press.net\/cotedivoire\/politique\/senatoriales-partielles-la-reception-des-dossiers-de-candidature-prorogee-jusquau-19-juin-cei\"]}]},{\"@type\":\"ImageObject\",\"inLanguage\":\"fr-FR\",\"@id\":\"https:\/\/www.africa-press.net\/cotedivoire\/politique\/senatoriales-partielles-la-reception-des-dossiers-de-candidature-prorogee-jusquau-19-juin-cei#primaryimage\",\"url\":\"https:\/\/static.africa-press.net\/cote\/sites\/43\/2021\/06\/img-60cde1165e447.jpg\",\"contentUrl\":\"https:\/\/static.africa-press.net\/cote\/sites\/43\/2021\/06\/img-60cde1165e447.jpg\",\"width\":768,\"height\":433,\"caption\":\"S\u00e9natoriales partielles: La r\u00e9ception des dossiers de candidature prorog\u00e9e jusqu\u2019au 19 juin (CEI)\"},{\"@type\":\"BreadcrumbList\",\"@id\":\"https:\/\/www.africa-press.net\/cotedivoire\/politique\/senatoriales-partielles-la-reception-des-dossiers-de-candidature-prorogee-jusquau-19-juin-cei#breadcrumb\",\"itemListElement\":[{\"@type\":\"ListItem\",\"position\":1,\"name\":\"Accueil\",\"item\":\"https:\/\/www.africa-press.net\/cotedivoire\/\"},{\"@type\":\"ListItem\",\"position\":2,\"name\":\"S\u00e9natoriales partielles: La r\u00e9ception des dossiers de candidature prorog\u00e9e jusqu\u2019au 19 juin (CEI)\"}]},{\"@type\":\"WebSite\",\"@id\":\"https:\/\/www.africa-press.net\/cotedivoire\/#website\",\"url\":\"https:\/\/www.africa-press.net\/cotedivoire\/\",\"name\":\"C\u00f4te d&#039;Ivoire\",\"description\":\"Just another Africa News Agency Sites site\",\"potentialAction\":[{\"@type\":\"SearchAction\",\"target\":{\"@type\":\"EntryPoint\",\"urlTemplate\":\"https:\/\/www.africa-press.net\/cotedivoire\/?s={search_term_string}\"},\"query-input\":{\"@type\":\"PropertyValueSpecification\",\"valueRequired\":true,\"valueName\":\"search_term_string\"}}],\"inLanguage\":\"fr-FR\"},{\"@type\":\"Person\",\"@id\":\"https:\/\/www.africa-press.net\/cotedivoire\/#\/schema\/person\/2b1cf3cd81a31e3cd26889ca66d677f1\",\"name\":\"cfeditorfr\"}]}<\/script>\n<!-- \/ Yoast SEO Premium plugin. -->","yoast_head_json":{"title":"S\u00e9natoriales partielles: La r\u00e9ception des dossiers de candidature prorog\u00e9e jusqu\u2019au 19 juin (CEI) - C\u00f4te d&#039;Ivoire","description":"Jocelyne LIADE Initialement pr\u00e9vue du 10 au 17 juin, la p\u00e9riode de r\u00e9ception des dossiers de candidature pour les \u00e9lect ...","robots":{"index":"index","follow":"follow","max-snippet":"max-snippet:-1","max-image-preview":"max-image-preview:large","max-video-preview":"max-video-preview:-1"},"canonical":"https:\/\/www.africa-press.net\/cotedivoire\/politique\/senatoriales-partielles-la-reception-des-dossiers-de-candidature-prorogee-jusquau-19-juin-cei","og_locale":"fr_FR","og_type":"article","og_title":"S\u00e9natoriales partielles: La r\u00e9ception des dossiers de candidature prorog\u00e9e jusqu\u2019au 19 juin (CEI)","og_description":"Jocelyne LIADE Initialement pr\u00e9vue du 10 au 17 juin, la p\u00e9riode de r\u00e9ception des dossiers de candidature pour les \u00e9lect ...","og_url":"https:\/\/www.africa-press.net\/cotedivoire\/politique\/senatoriales-partielles-la-reception-des-dossiers-de-candidature-prorogee-jusquau-19-juin-cei","og_site_name":"C\u00f4te d&#039;Ivoire","article_published_time":"2021-06-19T12:42:52+00:00","article_modified_time":"2021-06-19T12:53:31+00:00","og_image":[{"width":768,"height":433,"url":"https:\/\/static.africa-press.net\/cote\/sites\/43\/2021\/06\/img-60cde1165e447.jpg","type":"image\/jpeg"}],"author":"cfeditorfr","twitter_card":"summary_large_image","twitter_misc":{"\u00c9crit par":"cfeditorfr","Dur\u00e9e de lecture estim\u00e9e":"1 minute"},"schema":{"@context":"https:\/\/schema.org","@graph":[{"@type":"Article","@id":"https:\/\/www.africa-press.net\/cotedivoire\/politique\/senatoriales-partielles-la-reception-des-dossiers-de-candidature-prorogee-jusquau-19-juin-cei#article","isPartOf":{"@id":"https:\/\/www.africa-press.net\/cotedivoire\/politique\/senatoriales-partielles-la-reception-des-dossiers-de-candidature-prorogee-jusquau-19-juin-cei"},"author":{"name":"cfeditorfr","@id":"https:\/\/www.africa-press.net\/cotedivoire\/#\/schema\/person\/2b1cf3cd81a31e3cd26889ca66d677f1"},"headline":"S\u00e9natoriales partielles: La r\u00e9ception des dossiers de candidature prorog\u00e9e jusqu\u2019au 19 juin (CEI)","datePublished":"2021-06-19T12:42:52+00:00","dateModified":"2021-06-19T12:53:31+00:00","mainEntityOfPage":{"@id":"https:\/\/www.africa-press.net\/cotedivoire\/politique\/senatoriales-partielles-la-reception-des-dossiers-de-candidature-prorogee-jusquau-19-juin-cei"},"wordCount":185,"commentCount":0,"image":{"@id":"https:\/\/www.africa-press.net\/cotedivoire\/politique\/senatoriales-partielles-la-reception-des-dossiers-de-candidature-prorogee-jusquau-19-juin-cei#primaryimage"},"thumbnailUrl":"https:\/\/static.africa-press.net\/cote\/sites\/43\/2021\/06\/img-60cde1165e447.jpg","keywords":["Africa Press","Africa Press-C\u00f4te d'Ivoire","C\u00d4TE D'IVOIRE"],"articleSection":["homepage-french","Politique","Toutes les actualit\u00e9s"],"inLanguage":"fr-FR","potentialAction":[{"@type":"CommentAction","name":"Comment","target":["https:\/\/www.africa-press.net\/cotedivoire\/politique\/senatoriales-partielles-la-reception-des-dossiers-de-candidature-prorogee-jusquau-19-juin-cei#respond"]}]},{"@type":"WebPage","@id":"https:\/\/www.africa-press.net\/cotedivoire\/politique\/senatoriales-partielles-la-reception-des-dossiers-de-candidature-prorogee-jusquau-19-juin-cei","url":"https:\/\/www.africa-press.net\/cotedivoire\/politique\/senatoriales-partielles-la-reception-des-dossiers-de-candidature-prorogee-jusquau-19-juin-cei","name":"S\u00e9natoriales partielles: La r\u00e9ception des dossiers de candidature prorog\u00e9e jusqu\u2019au 19 juin (CEI) - C\u00f4te d&#039;Ivoire","isPartOf":{"@id":"https:\/\/www.africa-press.net\/cotedivoire\/#website"},"primaryImageOfPage":{"@id":"https:\/\/www.africa-press.net\/cotedivoire\/politique\/senatoriales-partielles-la-reception-des-dossiers-de-candidature-prorogee-jusquau-19-juin-cei#primaryimage"},"image":{"@id":"https:\/\/www.africa-press.net\/cotedivoire\/politique\/senatoriales-partielles-la-reception-des-dossiers-de-candidature-prorogee-jusquau-19-juin-cei#primaryimage"},"thumbnailUrl":"https:\/\/static.africa-press.net\/cote\/sites\/43\/2021\/06\/img-60cde1165e447.jpg","datePublished":"2021-06-19T12:42:52+00:00","dateModified":"2021-06-19T12:53:31+00:00","author":{"@id":"https:\/\/www.africa-press.net\/cotedivoire\/#\/schema\/person\/2b1cf3cd81a31e3cd26889ca66d677f1"},"description":"Jocelyne LIADE Initialement pr\u00e9vue du 10 au 17 juin, la p\u00e9riode de r\u00e9ception des dossiers de candidature pour les \u00e9lect ...","breadcrumb":{"@id":"https:\/\/www.africa-press.net\/cotedivoire\/politique\/senatoriales-partielles-la-reception-des-dossiers-de-candidature-prorogee-jusquau-19-juin-cei#breadcrumb"},"inLanguage":"fr-FR","potentialAction":[{"@type":"ReadAction","target":["https:\/\/www.africa-press.net\/cotedivoire\/politique\/senatoriales-partielles-la-reception-des-dossiers-de-candidature-prorogee-jusquau-19-juin-cei"]}]},{"@type":"ImageObject","inLanguage":"fr-FR","@id":"https:\/\/www.africa-press.net\/cotedivoire\/politique\/senatoriales-partielles-la-reception-des-dossiers-de-candidature-prorogee-jusquau-19-juin-cei#primaryimage","url":"https:\/\/static.africa-press.net\/cote\/sites\/43\/2021\/06\/img-60cde1165e447.jpg","contentUrl":"https:\/\/static.africa-press.net\/cote\/sites\/43\/2021\/06\/img-60cde1165e447.jpg","width":768,"height":433,"caption":"S\u00e9natoriales partielles: La r\u00e9ception des dossiers de candidature prorog\u00e9e jusqu\u2019au 19 juin (CEI)"},{"@type":"BreadcrumbList","@id":"https:\/\/www.africa-press.net\/cotedivoire\/politique\/senatoriales-partielles-la-reception-des-dossiers-de-candidature-prorogee-jusquau-19-juin-cei#breadcrumb","itemListElement":[{"@type":"ListItem","position":1,"name":"Accueil","item":"https:\/\/www.africa-press.net\/cotedivoire\/"},{"@type":"ListItem","position":2,"name":"S\u00e9natoriales partielles: La r\u00e9ception des dossiers de candidature prorog\u00e9e jusqu\u2019au 19 juin (CEI)"}]},{"@type":"WebSite","@id":"https:\/\/www.africa-press.net\/cotedivoire\/#website","url":"https:\/\/www.africa-press.net\/cotedivoire\/","name":"C\u00f4te d&#039;Ivoire","description":"Just another Africa News Agency Sites site","potentialAction":[{"@type":"SearchAction","target":{"@type":"EntryPoint","urlTemplate":"https:\/\/www.africa-press.net\/cotedivoire\/?s={search_term_string}"},"query-input":{"@type":"PropertyValueSpecification","valueRequired":true,"valueName":"search_term_string"}}],"inLanguage":"fr-FR"},{"@type":"Person","@id":"https:\/\/www.africa-press.net\/cotedivoire\/#\/schema\/person\/2b1cf3cd81a31e3cd26889ca66d677f1","name":"cfeditorfr"}]}},"_links":{"self":[{"href":"https:\/\/www.africa-press.net\/cotedivoire\/wp-json\/wp\/v2\/posts\/9172","targetHints":{"allow":["GET"]}}],"collection":[{"href":"https:\/\/www.africa-press.net\/cotedivoire\/wp-json\/wp\/v2\/posts"}],"about":[{"href":"https:\/\/www.africa-press.net\/cotedivoire\/wp-json\/wp\/v2\/types\/post"}],"author":[{"embeddable":true,"href":"https:\/\/www.africa-press.net\/cotedivoire\/wp-json\/wp\/v2\/users\/82"}],"replies":[{"embeddable":true,"href":"https:\/\/www.africa-press.net\/cotedivoire\/wp-json\/wp\/v2\/comments?post=9172"}],"version-history":[{"count":0,"href":"https:\/\/www.africa-press.net\/cotedivoire\/wp-json\/wp\/v2\/posts\/9172\/revisions"}],"wp:featuredmedia":[{"embeddable":true,"href":"https:\/\/www.africa-press.net\/cotedivoire\/wp-json\/wp\/v2\/media\/9171"}],"wp:attachment":[{"href":"https:\/\/www.africa-press.net\/cotedivoire\/wp-json\/wp\/v2\/media?parent=9172"}],"wp:term":[{"taxonomy":"category","embeddable":true,"href":"https:\/\/www.africa-press.net\/cotedivoire\/wp-json\/wp\/v2\/categories?post=9172"},{"taxonomy":"post_tag","embeddable":true,"href":"https:\/\/www.africa-press.net\/cotedivoire\/wp-json\/wp\/v2\/tags?post=9172"}],"curies":[{"name":"wp","href":"https:\/\/api.w.org\/{rel}","templated":true}]}}