{"id":9175,"date":"2021-06-19T12:51:42","date_gmt":"2021-06-19T12:51:42","guid":{"rendered":"https:\/\/www.africa-press.net\/cotedivoire\/?p=9175"},"modified":"2021-06-19T12:53:47","modified_gmt":"2021-06-19T12:53:47","slug":"la-guerre-des-jupons-entre-simone-et-nady-vole-la-vedette-au-retour-de-seplou-en-cote-divoire","status":"publish","type":"post","link":"https:\/\/www.africa-press.net\/cotedivoire\/politique\/la-guerre-des-jupons-entre-simone-et-nady-vole-la-vedette-au-retour-de-seplou-en-cote-divoire","title":{"rendered":"\u00ab\u00a0La guerre des jupons\u00a0\u00bb entre Simone et Nady vole la vedette au retour de \u00ab\u00a0Seplou\u00a0\u00bb en C\u00f4te-d\u2019Ivoire"},"content":{"rendered":"<p><span style=\"color: #ff6600\"><strong><a href=\"https:\/\/www.africa-press.net\/\">Africa-Press<\/a> &#8211; <a href=\"https:\/\/www.africa-press.net\/cotedivoire\">C\u00f4te d&rsquo;Ivoire<\/a>. <\/strong><\/span><b>Affaire de pavillon pr\u00e9sidentiel, rivalit\u00e9 entre Nady [petite maman], Simone [maman], voici pourquoi Gbagbo a chang\u00e9 d\u2019itin\u00e9raire, les r\u00e9v\u00e9lations de Fernand D\u00e9deh<\/b><\/p>\n<p>Le journaliste et analyste politique Fernand D\u00e9deh fait des r\u00e9v\u00e9lations sur les intrigues qui ont entour\u00e9 le retour en C\u00f4te d\u2019Ivoire de Laurent Gbagbo et la pr\u00e9sence de son \u00e9pouse Simone, au pavillon pr\u00e9sidentiel. A lire pour mieux comprendre ce qui s\u2019est pass\u00e9 ce jeudi 17 juin 2021.<\/p>\n<p>Elle \u00e9tait \u00e0 l\u2019a\u00e9roport \u00e0 l\u2019a\u00e9roport, heureuse d\u2019accueillir son \u00e9poux, son camarade militant. Simone, l\u2019avait dit, quelques heures plus t\u00f4t dans une d\u00e9claration publique, le moment est historique. Elle a d\u00e9cid\u00e9 d\u2019y aller pour vivre ce moment-l\u00e0 et constater par elle-m\u00eame, l\u2019effectivit\u00e9 de ce qui \u00e9tait pour elle, des rumeurs.<\/p>\n<p>Premier couac, au Rond Point Akwaba a Port-Bou\u00eat: elle est bloqu\u00e9e. La police doit intervenir pour lui ouvrir le chemin de l\u2019a\u00e9roport. Une fois \u00e0 l\u2019int\u00e9rieur, rebelote. Elle s\u2019installe dans le salon d\u2019honneur. Dans l\u2019attente de l\u2019avion qui transporte Laurent Gbagbo. Le protocole a pr\u00e9vu le passage de l\u2019ancien chef de l\u2019Etat dans La pavillon.<\/p>\n<p>Mais une fois l\u2019avion pos\u00e9, il est inform\u00e9 de la pr\u00e9sence des personnalit\u00e9s, dont Simone Gbagbo dans l\u2019espace. Le plan de base change. \u00ab S\u2019il ne veut pas venir \u00e0 moi, j\u2019irai le trouver l\u00e0 o\u00f9 il est\u2026 \u00bb. Simone d\u00e9cide donc d\u2019aller faire l\u2019accolade \u00e0 son \u00e9poux. Puis s\u2019en suit la sc\u00e8ne hallucinante relay\u00e9e sur les r\u00e9seaux sociaux\u2026 Simone quitte l\u2019a\u00e9roport plus t\u00f4t que pr\u00e9vu.<\/p>\n<p>Le protocole tel que d\u00e9fini est chamboul\u00e9. Nombre de personnes qui souhaitaient communier avec Laurent Gbagbo, n\u2019ont pas eu cette possibilit\u00e9. Les reporters-photographes n\u2019arr\u00eateraient pas de montrer leur mauvaise humeur: \u00ab Nous n\u2019avons aucune image du President\u2026 \u00bb. Une journaliste tranche \u00ab La guerre des jupons l\u2019emporte sur la c\u00e9l\u00e9bration du \u00ab h\u00e9ros \u00bb de la Haye \u00bb.<\/p>\n<p>&nbsp;<\/p>\n","protected":false},"excerpt":{"rendered":"<p>Africa-Press &#8211; C\u00f4te d&rsquo;Ivoire. Affaire de pavillon pr\u00e9sidentiel, rivalit\u00e9 entre Nady [petite maman], Simone [maman], voici pourquoi Gbagbo a chang\u00e9 d\u2019itin\u00e9raire, les r\u00e9v\u00e9lations de Fernand D\u00e9deh Le journaliste et analyste politique Fernand D\u00e9deh fait des r\u00e9v\u00e9lations sur les intrigues qui ont entour\u00e9 le retour en C\u00f4te d\u2019Ivoire de Laurent Gbagbo et la pr\u00e9sence de son [&hellip;]<\/p>\n","protected":false},"author":82,"featured_media":9174,"comment_status":"open","ping_status":"closed","sticky":false,"template":"","format":"standard","meta":{"footnotes":""},"categories":[11,2,10],"tags":[56,63,29],"class_list":["post-9175","post","type-post","status-publish","format-standard","has-post-thumbnail","hentry","category-homepage-french","category-politique","category-toutes-les-actualites","tag-africa-press","tag-africa-press-cote-divoire","tag-cote-divoire"],"yoast_head":"<!-- This site is optimized with the Yoast SEO Premium plugin v26.1 (Yoast SEO v27.0) - https:\/\/yoast.com\/product\/yoast-seo-premium-wordpress\/ -->\n<title>\u00ab\u00a0La guerre des jupons\u00a0\u00bb entre Simone et Nady vole la vedette au retour de \u00ab\u00a0Seplou\u00a0\u00bb en C\u00f4te-d\u2019Ivoire - C\u00f4te d&#039;Ivoire<\/title>\n<meta name=\"description\" content=\"Affaire de pavillon pr\u00e9sidentiel, rivalit\u00e9 entre Nady [petite maman], Simone [maman], voici pourquoi Gbagbo a chang\u00e9 ...\" \/>\n<meta name=\"robots\" content=\"index, follow, max-snippet:-1, max-image-preview:large, max-video-preview:-1\" \/>\n<link rel=\"canonical\" href=\"https:\/\/www.africa-press.net\/cotedivoire\/politique\/la-guerre-des-jupons-entre-simone-et-nady-vole-la-vedette-au-retour-de-seplou-en-cote-divoire\" \/>\n<meta property=\"og:locale\" content=\"fr_FR\" \/>\n<meta property=\"og:type\" content=\"article\" \/>\n<meta property=\"og:title\" content=\"\u00ab\u00a0La guerre des jupons\u00a0\u00bb entre Simone et Nady vole la vedette au retour de \u00ab\u00a0Seplou\u00a0\u00bb en C\u00f4te-d\u2019Ivoire\" \/>\n<meta property=\"og:description\" content=\"Affaire de pavillon pr\u00e9sidentiel, rivalit\u00e9 entre Nady [petite maman], Simone [maman], voici pourquoi Gbagbo a chang\u00e9 ...\" \/>\n<meta property=\"og:url\" content=\"https:\/\/www.africa-press.net\/cotedivoire\/politique\/la-guerre-des-jupons-entre-simone-et-nady-vole-la-vedette-au-retour-de-seplou-en-cote-divoire\" \/>\n<meta property=\"og:site_name\" content=\"C\u00f4te d&#039;Ivoire\" \/>\n<meta property=\"article:published_time\" content=\"2021-06-19T12:51:42+00:00\" \/>\n<meta property=\"article:modified_time\" content=\"2021-06-19T12:53:47+00:00\" \/>\n<meta property=\"og:image\" content=\"https:\/\/static.africa-press.net\/cote\/sites\/43\/2021\/06\/img-60cde146bccf2.jpg\" \/>\n\t<meta property=\"og:image:width\" content=\"1595\" \/>\n\t<meta property=\"og:image:height\" content=\"823\" \/>\n\t<meta property=\"og:image:type\" content=\"image\/jpeg\" \/>\n<meta name=\"author\" content=\"cfeditorfr\" \/>\n<meta name=\"twitter:card\" content=\"summary_large_image\" \/>\n<meta name=\"twitter:label1\" content=\"\u00c9crit par\" \/>\n\t<meta name=\"twitter:data1\" content=\"cfeditorfr\" \/>\n\t<meta name=\"twitter:label2\" content=\"Dur\u00e9e de lecture estim\u00e9e\" \/>\n\t<meta name=\"twitter:data2\" content=\"2 minutes\" \/>\n<script type=\"application\/ld+json\" class=\"yoast-schema-graph\">{\"@context\":\"https:\/\/schema.org\",\"@graph\":[{\"@type\":\"Article\",\"@id\":\"https:\/\/www.africa-press.net\/cotedivoire\/politique\/la-guerre-des-jupons-entre-simone-et-nady-vole-la-vedette-au-retour-de-seplou-en-cote-divoire#article\",\"isPartOf\":{\"@id\":\"https:\/\/www.africa-press.net\/cotedivoire\/politique\/la-guerre-des-jupons-entre-simone-et-nady-vole-la-vedette-au-retour-de-seplou-en-cote-divoire\"},\"author\":{\"name\":\"cfeditorfr\",\"@id\":\"https:\/\/www.africa-press.net\/cotedivoire\/#\/schema\/person\/2b1cf3cd81a31e3cd26889ca66d677f1\"},\"headline\":\"\u00ab\u00a0La guerre des jupons\u00a0\u00bb entre Simone et Nady vole la vedette au retour de \u00ab\u00a0Seplou\u00a0\u00bb en C\u00f4te-d\u2019Ivoire\",\"datePublished\":\"2021-06-19T12:51:42+00:00\",\"dateModified\":\"2021-06-19T12:53:47+00:00\",\"mainEntityOfPage\":{\"@id\":\"https:\/\/www.africa-press.net\/cotedivoire\/politique\/la-guerre-des-jupons-entre-simone-et-nady-vole-la-vedette-au-retour-de-seplou-en-cote-divoire\"},\"wordCount\":375,\"commentCount\":0,\"image\":{\"@id\":\"https:\/\/www.africa-press.net\/cotedivoire\/politique\/la-guerre-des-jupons-entre-simone-et-nady-vole-la-vedette-au-retour-de-seplou-en-cote-divoire#primaryimage\"},\"thumbnailUrl\":\"https:\/\/static.africa-press.net\/cote\/sites\/43\/2021\/06\/img-60cde146bccf2.jpg\",\"keywords\":[\"Africa Press\",\"Africa Press-C\u00f4te d'Ivoire\",\"C\u00d4TE D'IVOIRE\"],\"articleSection\":[\"homepage-french\",\"Politique\",\"Toutes les actualit\u00e9s\"],\"inLanguage\":\"fr-FR\",\"potentialAction\":[{\"@type\":\"CommentAction\",\"name\":\"Comment\",\"target\":[\"https:\/\/www.africa-press.net\/cotedivoire\/politique\/la-guerre-des-jupons-entre-simone-et-nady-vole-la-vedette-au-retour-de-seplou-en-cote-divoire#respond\"]}]},{\"@type\":\"WebPage\",\"@id\":\"https:\/\/www.africa-press.net\/cotedivoire\/politique\/la-guerre-des-jupons-entre-simone-et-nady-vole-la-vedette-au-retour-de-seplou-en-cote-divoire\",\"url\":\"https:\/\/www.africa-press.net\/cotedivoire\/politique\/la-guerre-des-jupons-entre-simone-et-nady-vole-la-vedette-au-retour-de-seplou-en-cote-divoire\",\"name\":\"\u00ab\u00a0La guerre des jupons\u00a0\u00bb entre Simone et Nady vole la vedette au retour de \u00ab\u00a0Seplou\u00a0\u00bb en C\u00f4te-d\u2019Ivoire - C\u00f4te d&#039;Ivoire\",\"isPartOf\":{\"@id\":\"https:\/\/www.africa-press.net\/cotedivoire\/#website\"},\"primaryImageOfPage\":{\"@id\":\"https:\/\/www.africa-press.net\/cotedivoire\/politique\/la-guerre-des-jupons-entre-simone-et-nady-vole-la-vedette-au-retour-de-seplou-en-cote-divoire#primaryimage\"},\"image\":{\"@id\":\"https:\/\/www.africa-press.net\/cotedivoire\/politique\/la-guerre-des-jupons-entre-simone-et-nady-vole-la-vedette-au-retour-de-seplou-en-cote-divoire#primaryimage\"},\"thumbnailUrl\":\"https:\/\/static.africa-press.net\/cote\/sites\/43\/2021\/06\/img-60cde146bccf2.jpg\",\"datePublished\":\"2021-06-19T12:51:42+00:00\",\"dateModified\":\"2021-06-19T12:53:47+00:00\",\"author\":{\"@id\":\"https:\/\/www.africa-press.net\/cotedivoire\/#\/schema\/person\/2b1cf3cd81a31e3cd26889ca66d677f1\"},\"description\":\"Affaire de pavillon pr\u00e9sidentiel, rivalit\u00e9 entre Nady [petite maman], Simone [maman], voici pourquoi Gbagbo a chang\u00e9 ...\",\"breadcrumb\":{\"@id\":\"https:\/\/www.africa-press.net\/cotedivoire\/politique\/la-guerre-des-jupons-entre-simone-et-nady-vole-la-vedette-au-retour-de-seplou-en-cote-divoire#breadcrumb\"},\"inLanguage\":\"fr-FR\",\"potentialAction\":[{\"@type\":\"ReadAction\",\"target\":[\"https:\/\/www.africa-press.net\/cotedivoire\/politique\/la-guerre-des-jupons-entre-simone-et-nady-vole-la-vedette-au-retour-de-seplou-en-cote-divoire\"]}]},{\"@type\":\"ImageObject\",\"inLanguage\":\"fr-FR\",\"@id\":\"https:\/\/www.africa-press.net\/cotedivoire\/politique\/la-guerre-des-jupons-entre-simone-et-nady-vole-la-vedette-au-retour-de-seplou-en-cote-divoire#primaryimage\",\"url\":\"https:\/\/static.africa-press.net\/cote\/sites\/43\/2021\/06\/img-60cde146bccf2.jpg\",\"contentUrl\":\"https:\/\/static.africa-press.net\/cote\/sites\/43\/2021\/06\/img-60cde146bccf2.jpg\",\"width\":1595,\"height\":823,\"caption\":\"\u00ab\u00a0La guerre des jupons\u00a0\u00bb entre Simone et Nady vole la vedette au retour de \u00ab\u00a0Seplou\u00a0\u00bb en C\u00f4te-d\u2019Ivoire\"},{\"@type\":\"BreadcrumbList\",\"@id\":\"https:\/\/www.africa-press.net\/cotedivoire\/politique\/la-guerre-des-jupons-entre-simone-et-nady-vole-la-vedette-au-retour-de-seplou-en-cote-divoire#breadcrumb\",\"itemListElement\":[{\"@type\":\"ListItem\",\"position\":1,\"name\":\"Accueil\",\"item\":\"https:\/\/www.africa-press.net\/cotedivoire\/\"},{\"@type\":\"ListItem\",\"position\":2,\"name\":\"\u00ab\u00a0La guerre des jupons\u00a0\u00bb entre Simone et Nady vole la vedette au retour de \u00ab\u00a0Seplou\u00a0\u00bb en C\u00f4te-d\u2019Ivoire\"}]},{\"@type\":\"WebSite\",\"@id\":\"https:\/\/www.africa-press.net\/cotedivoire\/#website\",\"url\":\"https:\/\/www.africa-press.net\/cotedivoire\/\",\"name\":\"C\u00f4te d&#039;Ivoire\",\"description\":\"Just another Africa News Agency Sites site\",\"potentialAction\":[{\"@type\":\"SearchAction\",\"target\":{\"@type\":\"EntryPoint\",\"urlTemplate\":\"https:\/\/www.africa-press.net\/cotedivoire\/?s={search_term_string}\"},\"query-input\":{\"@type\":\"PropertyValueSpecification\",\"valueRequired\":true,\"valueName\":\"search_term_string\"}}],\"inLanguage\":\"fr-FR\"},{\"@type\":\"Person\",\"@id\":\"https:\/\/www.africa-press.net\/cotedivoire\/#\/schema\/person\/2b1cf3cd81a31e3cd26889ca66d677f1\",\"name\":\"cfeditorfr\"}]}<\/script>\n<!-- \/ Yoast SEO Premium plugin. -->","yoast_head_json":{"title":"\u00ab\u00a0La guerre des jupons\u00a0\u00bb entre Simone et Nady vole la vedette au retour de \u00ab\u00a0Seplou\u00a0\u00bb en C\u00f4te-d\u2019Ivoire - C\u00f4te d&#039;Ivoire","description":"Affaire de pavillon pr\u00e9sidentiel, rivalit\u00e9 entre Nady [petite maman], Simone [maman], voici pourquoi Gbagbo a chang\u00e9 ...","robots":{"index":"index","follow":"follow","max-snippet":"max-snippet:-1","max-image-preview":"max-image-preview:large","max-video-preview":"max-video-preview:-1"},"canonical":"https:\/\/www.africa-press.net\/cotedivoire\/politique\/la-guerre-des-jupons-entre-simone-et-nady-vole-la-vedette-au-retour-de-seplou-en-cote-divoire","og_locale":"fr_FR","og_type":"article","og_title":"\u00ab\u00a0La guerre des jupons\u00a0\u00bb entre Simone et Nady vole la vedette au retour de \u00ab\u00a0Seplou\u00a0\u00bb en C\u00f4te-d\u2019Ivoire","og_description":"Affaire de pavillon pr\u00e9sidentiel, rivalit\u00e9 entre Nady [petite maman], Simone [maman], voici pourquoi Gbagbo a chang\u00e9 ...","og_url":"https:\/\/www.africa-press.net\/cotedivoire\/politique\/la-guerre-des-jupons-entre-simone-et-nady-vole-la-vedette-au-retour-de-seplou-en-cote-divoire","og_site_name":"C\u00f4te d&#039;Ivoire","article_published_time":"2021-06-19T12:51:42+00:00","article_modified_time":"2021-06-19T12:53:47+00:00","og_image":[{"width":1595,"height":823,"url":"https:\/\/static.africa-press.net\/cote\/sites\/43\/2021\/06\/img-60cde146bccf2.jpg","type":"image\/jpeg"}],"author":"cfeditorfr","twitter_card":"summary_large_image","twitter_misc":{"\u00c9crit par":"cfeditorfr","Dur\u00e9e de lecture estim\u00e9e":"2 minutes"},"schema":{"@context":"https:\/\/schema.org","@graph":[{"@type":"Article","@id":"https:\/\/www.africa-press.net\/cotedivoire\/politique\/la-guerre-des-jupons-entre-simone-et-nady-vole-la-vedette-au-retour-de-seplou-en-cote-divoire#article","isPartOf":{"@id":"https:\/\/www.africa-press.net\/cotedivoire\/politique\/la-guerre-des-jupons-entre-simone-et-nady-vole-la-vedette-au-retour-de-seplou-en-cote-divoire"},"author":{"name":"cfeditorfr","@id":"https:\/\/www.africa-press.net\/cotedivoire\/#\/schema\/person\/2b1cf3cd81a31e3cd26889ca66d677f1"},"headline":"\u00ab\u00a0La guerre des jupons\u00a0\u00bb entre Simone et Nady vole la vedette au retour de \u00ab\u00a0Seplou\u00a0\u00bb en C\u00f4te-d\u2019Ivoire","datePublished":"2021-06-19T12:51:42+00:00","dateModified":"2021-06-19T12:53:47+00:00","mainEntityOfPage":{"@id":"https:\/\/www.africa-press.net\/cotedivoire\/politique\/la-guerre-des-jupons-entre-simone-et-nady-vole-la-vedette-au-retour-de-seplou-en-cote-divoire"},"wordCount":375,"commentCount":0,"image":{"@id":"https:\/\/www.africa-press.net\/cotedivoire\/politique\/la-guerre-des-jupons-entre-simone-et-nady-vole-la-vedette-au-retour-de-seplou-en-cote-divoire#primaryimage"},"thumbnailUrl":"https:\/\/static.africa-press.net\/cote\/sites\/43\/2021\/06\/img-60cde146bccf2.jpg","keywords":["Africa Press","Africa Press-C\u00f4te d'Ivoire","C\u00d4TE D'IVOIRE"],"articleSection":["homepage-french","Politique","Toutes les actualit\u00e9s"],"inLanguage":"fr-FR","potentialAction":[{"@type":"CommentAction","name":"Comment","target":["https:\/\/www.africa-press.net\/cotedivoire\/politique\/la-guerre-des-jupons-entre-simone-et-nady-vole-la-vedette-au-retour-de-seplou-en-cote-divoire#respond"]}]},{"@type":"WebPage","@id":"https:\/\/www.africa-press.net\/cotedivoire\/politique\/la-guerre-des-jupons-entre-simone-et-nady-vole-la-vedette-au-retour-de-seplou-en-cote-divoire","url":"https:\/\/www.africa-press.net\/cotedivoire\/politique\/la-guerre-des-jupons-entre-simone-et-nady-vole-la-vedette-au-retour-de-seplou-en-cote-divoire","name":"\u00ab\u00a0La guerre des jupons\u00a0\u00bb entre Simone et Nady vole la vedette au retour de \u00ab\u00a0Seplou\u00a0\u00bb en C\u00f4te-d\u2019Ivoire - C\u00f4te d&#039;Ivoire","isPartOf":{"@id":"https:\/\/www.africa-press.net\/cotedivoire\/#website"},"primaryImageOfPage":{"@id":"https:\/\/www.africa-press.net\/cotedivoire\/politique\/la-guerre-des-jupons-entre-simone-et-nady-vole-la-vedette-au-retour-de-seplou-en-cote-divoire#primaryimage"},"image":{"@id":"https:\/\/www.africa-press.net\/cotedivoire\/politique\/la-guerre-des-jupons-entre-simone-et-nady-vole-la-vedette-au-retour-de-seplou-en-cote-divoire#primaryimage"},"thumbnailUrl":"https:\/\/static.africa-press.net\/cote\/sites\/43\/2021\/06\/img-60cde146bccf2.jpg","datePublished":"2021-06-19T12:51:42+00:00","dateModified":"2021-06-19T12:53:47+00:00","author":{"@id":"https:\/\/www.africa-press.net\/cotedivoire\/#\/schema\/person\/2b1cf3cd81a31e3cd26889ca66d677f1"},"description":"Affaire de pavillon pr\u00e9sidentiel, rivalit\u00e9 entre Nady [petite maman], Simone [maman], voici pourquoi Gbagbo a chang\u00e9 ...","breadcrumb":{"@id":"https:\/\/www.africa-press.net\/cotedivoire\/politique\/la-guerre-des-jupons-entre-simone-et-nady-vole-la-vedette-au-retour-de-seplou-en-cote-divoire#breadcrumb"},"inLanguage":"fr-FR","potentialAction":[{"@type":"ReadAction","target":["https:\/\/www.africa-press.net\/cotedivoire\/politique\/la-guerre-des-jupons-entre-simone-et-nady-vole-la-vedette-au-retour-de-seplou-en-cote-divoire"]}]},{"@type":"ImageObject","inLanguage":"fr-FR","@id":"https:\/\/www.africa-press.net\/cotedivoire\/politique\/la-guerre-des-jupons-entre-simone-et-nady-vole-la-vedette-au-retour-de-seplou-en-cote-divoire#primaryimage","url":"https:\/\/static.africa-press.net\/cote\/sites\/43\/2021\/06\/img-60cde146bccf2.jpg","contentUrl":"https:\/\/static.africa-press.net\/cote\/sites\/43\/2021\/06\/img-60cde146bccf2.jpg","width":1595,"height":823,"caption":"\u00ab\u00a0La guerre des jupons\u00a0\u00bb entre Simone et Nady vole la vedette au retour de \u00ab\u00a0Seplou\u00a0\u00bb en C\u00f4te-d\u2019Ivoire"},{"@type":"BreadcrumbList","@id":"https:\/\/www.africa-press.net\/cotedivoire\/politique\/la-guerre-des-jupons-entre-simone-et-nady-vole-la-vedette-au-retour-de-seplou-en-cote-divoire#breadcrumb","itemListElement":[{"@type":"ListItem","position":1,"name":"Accueil","item":"https:\/\/www.africa-press.net\/cotedivoire\/"},{"@type":"ListItem","position":2,"name":"\u00ab\u00a0La guerre des jupons\u00a0\u00bb entre Simone et Nady vole la vedette au retour de \u00ab\u00a0Seplou\u00a0\u00bb en C\u00f4te-d\u2019Ivoire"}]},{"@type":"WebSite","@id":"https:\/\/www.africa-press.net\/cotedivoire\/#website","url":"https:\/\/www.africa-press.net\/cotedivoire\/","name":"C\u00f4te d&#039;Ivoire","description":"Just another Africa News Agency Sites site","potentialAction":[{"@type":"SearchAction","target":{"@type":"EntryPoint","urlTemplate":"https:\/\/www.africa-press.net\/cotedivoire\/?s={search_term_string}"},"query-input":{"@type":"PropertyValueSpecification","valueRequired":true,"valueName":"search_term_string"}}],"inLanguage":"fr-FR"},{"@type":"Person","@id":"https:\/\/www.africa-press.net\/cotedivoire\/#\/schema\/person\/2b1cf3cd81a31e3cd26889ca66d677f1","name":"cfeditorfr"}]}},"_links":{"self":[{"href":"https:\/\/www.africa-press.net\/cotedivoire\/wp-json\/wp\/v2\/posts\/9175","targetHints":{"allow":["GET"]}}],"collection":[{"href":"https:\/\/www.africa-press.net\/cotedivoire\/wp-json\/wp\/v2\/posts"}],"about":[{"href":"https:\/\/www.africa-press.net\/cotedivoire\/wp-json\/wp\/v2\/types\/post"}],"author":[{"embeddable":true,"href":"https:\/\/www.africa-press.net\/cotedivoire\/wp-json\/wp\/v2\/users\/82"}],"replies":[{"embeddable":true,"href":"https:\/\/www.africa-press.net\/cotedivoire\/wp-json\/wp\/v2\/comments?post=9175"}],"version-history":[{"count":0,"href":"https:\/\/www.africa-press.net\/cotedivoire\/wp-json\/wp\/v2\/posts\/9175\/revisions"}],"wp:featuredmedia":[{"embeddable":true,"href":"https:\/\/www.africa-press.net\/cotedivoire\/wp-json\/wp\/v2\/media\/9174"}],"wp:attachment":[{"href":"https:\/\/www.africa-press.net\/cotedivoire\/wp-json\/wp\/v2\/media?parent=9175"}],"wp:term":[{"taxonomy":"category","embeddable":true,"href":"https:\/\/www.africa-press.net\/cotedivoire\/wp-json\/wp\/v2\/categories?post=9175"},{"taxonomy":"post_tag","embeddable":true,"href":"https:\/\/www.africa-press.net\/cotedivoire\/wp-json\/wp\/v2\/tags?post=9175"}],"curies":[{"name":"wp","href":"https:\/\/api.w.org\/{rel}","templated":true}]}}