{"id":91761,"date":"2024-12-03T17:21:09","date_gmt":"2024-12-03T17:21:09","guid":{"rendered":"https:\/\/www.africa-press.net\/cotedivoire\/politique\/pdci-tensions-entre-thiam-et-billon-sur-fond-de-rivalites-et-ambitions-pour-2025-les-clarifications-de-soumaila-bredoumy"},"modified":"2024-12-03T17:27:33","modified_gmt":"2024-12-03T17:27:33","slug":"pdci-tensions-entre-thiam-et-billon-sur-fond-de-rivalites-et-ambitions-pour-2025-les-clarifications-de-soumaila-bredoumy","status":"publish","type":"post","link":"https:\/\/www.africa-press.net\/cotedivoire\/politique\/pdci-tensions-entre-thiam-et-billon-sur-fond-de-rivalites-et-ambitions-pour-2025-les-clarifications-de-soumaila-bredoumy","title":{"rendered":"PDCI, tensions entre Thiam et Billon sur fond de rivalit\u00e9s et ambitions pour 2025, les clarifications de Souma\u00efla Bredoumy"},"content":{"rendered":"<p><span style=\"color: #ff6600\"><strong>Africa-Press &#8211; C\u00f4te d&rsquo;Ivoire. <\/strong><\/span>Le Parti de\u0301mocratique de Co\u0302te d\u2019Ivoire (PDCI) traverse une pe\u0301riode de vives tensions alors que se dessine l\u2019e\u0301lection pre\u0301sidentielle de 2025. Si Tidjane Thiam, pre\u0301sident du parti, se veut apaisant face aux critiques internes, la candidature de\u0301clare\u0301e de Jean-Louis Billon cristallise les divergences au sein de cette formation historique.<\/p>\n<p>Soumaila Bredoumy Kouassi, porte-parole du PDCI, a tente\u0301 de clarifier la position de la direction lors d\u2019une confe\u0301rence de presse tenue a\u0300 Abidjan le 3 de\u0301cembre 2024. Selon lui, Tidjane Thiam ne conside\u0300re pas Jean-Louis Billon comme un adversaire personnel, mais reste attache\u0301 au respect des re\u0300gles internes du parti. Il s\u2019est interroge\u0301 sur les intentions re\u0301elles de l\u2019ancien ministre du Commerce: \u00ab M. Billon me\u0300ne-t-il une campagne pour la convention ou pour la pre\u0301sidentielle ? \u00bb Une question qui refle\u0300te le flou entourant les ambitions de ce dernier et son positionnement vis-a\u0300-vis de la direction du parti.<\/p>\n<p>En paralle\u0300le, le conseil de discipline du PDCI a convoque\u0301 Jean-Louis Billon, accuse\u0301 de saper l\u2019unite\u0301 du parti et d\u2019ignorer les de\u0301cisions des instances dirigeantes. Une comparution initialement pre\u0301vue pour le 4 de\u0301cembre 2024 pourrait e\u0302tre reporte\u0301e, l\u2019inte\u0301resse\u0301 invoquant un de\u0301placement a\u0300 l\u2019e\u0301tranger et proposant de nouvelles dates. Cette de\u0301marche judiciaire interne, perc\u0327ue par certains comme une tentative de museler un opposant, divise la base militante.<\/p>\n<p>Pourtant, Tidjane Thiam, a\u0300 en croire son porte-parole, ne cherche pas a\u0300 e\u0301craser la concurrence. \u00ab Le pre\u0301sident Thiam n\u2019est pas un bellige\u0301rant. Il n\u2019est pas contre la compe\u0301tition \u00bb, a insiste\u0301 Soumaila Bredoumy Kouassi. Dans ce climat, le PDCI reste confiant en ses chances de victoire, avec pour objectif affiche\u0301 de reprendre le pouvoir en 2025, sauf e\u0301ve\u0301nement impre\u0301visible.<\/p>\n<p>Alors que l\u2019annonce de Jean-Louis Billon, le 25 octobre dernier, de briguer la magistrature supre\u0302me bouscule les e\u0301quilibres, l\u2019avenir du PDCI semble suspendu a\u0300 cette compe\u0301tition interne. Les instances dirigeantes, comme la base, scrutent avec attention chaque geste et de\u0301claration des protagonistes, dans une course qui promet d\u2019e\u0302tre de\u0301terminante pour l\u2019avenir du parti.<\/p>\n<p><strong>Pour plus d&rsquo;informations et d&rsquo;analyses sur la <span style=\"color: #ff6600\">C\u00f4te d&rsquo;Ivoire<\/span>, suivez <span style=\"color: #ff6600\">Africa-Press<\/span><\/strong><\/p>\n","protected":false},"excerpt":{"rendered":"<p>Africa-Press &#8211; C\u00f4te d&rsquo;Ivoire. Le Parti de\u0301mocratique de Co\u0302te d\u2019Ivoire (PDCI) traverse une pe\u0301riode de vives tensions alors que se dessine l\u2019e\u0301lection pre\u0301sidentielle de 2025. Si Tidjane Thiam, pre\u0301sident du parti, se veut apaisant face aux critiques internes, la candidature de\u0301clare\u0301e de Jean-Louis Billon cristallise les divergences au sein de cette formation historique. Soumaila Bredoumy [&hellip;]<\/p>\n","protected":false},"author":82,"featured_media":91760,"comment_status":"open","ping_status":"closed","sticky":false,"template":"","format":"standard","meta":{"footnotes":""},"categories":[2,10],"tags":[1326,29,423,7644,1547],"class_list":["post-91761","post","type-post","status-publish","format-standard","has-post-thumbnail","hentry","category-politique","category-toutes-les-actualites","tag-billon","tag-cote-divoire","tag-pdci","tag-tension","tag-thiam"],"yoast_head":"<!-- This site is optimized with the Yoast SEO Premium plugin v26.1 (Yoast SEO v27.0) - https:\/\/yoast.com\/product\/yoast-seo-premium-wordpress\/ -->\n<title>PDCI, tensions entre Thiam et Billon sur fond de rivalit\u00e9s et ambitions pour 2025, les clarifications de Souma\u00efla Bredoumy - C\u00f4te d&#039;Ivoire<\/title>\n<meta name=\"description\" content=\"Le Parti de\u0301mocratique de Co\u0302te d\u2019Ivoire (PDCI) traverse une pe\u0301riode de vives tensions alors que se dessine l\u2019e\u0301lection ...\" \/>\n<meta name=\"robots\" content=\"index, follow, max-snippet:-1, max-image-preview:large, max-video-preview:-1\" \/>\n<link rel=\"canonical\" href=\"https:\/\/www.africa-press.net\/cotedivoire\/politique\/pdci-tensions-entre-thiam-et-billon-sur-fond-de-rivalites-et-ambitions-pour-2025-les-clarifications-de-soumaila-bredoumy\" \/>\n<meta property=\"og:locale\" content=\"fr_FR\" \/>\n<meta property=\"og:type\" content=\"article\" \/>\n<meta property=\"og:title\" content=\"PDCI, tensions entre Thiam et Billon sur fond de rivalit\u00e9s et ambitions pour 2025, les clarifications de Souma\u00efla Bredoumy\" \/>\n<meta property=\"og:description\" content=\"Le Parti de\u0301mocratique de Co\u0302te d\u2019Ivoire (PDCI) traverse une pe\u0301riode de vives tensions alors que se dessine l\u2019e\u0301lection ...\" \/>\n<meta property=\"og:url\" content=\"https:\/\/www.africa-press.net\/cotedivoire\/politique\/pdci-tensions-entre-thiam-et-billon-sur-fond-de-rivalites-et-ambitions-pour-2025-les-clarifications-de-soumaila-bredoumy\" \/>\n<meta property=\"og:site_name\" content=\"C\u00f4te d&#039;Ivoire\" \/>\n<meta property=\"article:published_time\" content=\"2024-12-03T17:21:09+00:00\" \/>\n<meta property=\"article:modified_time\" content=\"2024-12-03T17:27:33+00:00\" \/>\n<meta property=\"og:image\" content=\"https:\/\/static.africa-press.net\/cote\/sites\/43\/2024\/12\/sm_1733234188.847785.jpg\" \/>\n\t<meta property=\"og:image:width\" content=\"720\" \/>\n\t<meta property=\"og:image:height\" content=\"480\" \/>\n\t<meta property=\"og:image:type\" content=\"image\/jpeg\" \/>\n<meta name=\"author\" content=\"cfeditorfr\" \/>\n<meta name=\"twitter:card\" content=\"summary_large_image\" \/>\n<meta name=\"twitter:label1\" content=\"\u00c9crit par\" \/>\n\t<meta name=\"twitter:data1\" content=\"cfeditorfr\" \/>\n\t<meta name=\"twitter:label2\" content=\"Dur\u00e9e de lecture estim\u00e9e\" \/>\n\t<meta name=\"twitter:data2\" content=\"2 minutes\" \/>\n<script type=\"application\/ld+json\" class=\"yoast-schema-graph\">{\"@context\":\"https:\/\/schema.org\",\"@graph\":[{\"@type\":\"Article\",\"@id\":\"https:\/\/www.africa-press.net\/cotedivoire\/politique\/pdci-tensions-entre-thiam-et-billon-sur-fond-de-rivalites-et-ambitions-pour-2025-les-clarifications-de-soumaila-bredoumy#article\",\"isPartOf\":{\"@id\":\"https:\/\/www.africa-press.net\/cotedivoire\/politique\/pdci-tensions-entre-thiam-et-billon-sur-fond-de-rivalites-et-ambitions-pour-2025-les-clarifications-de-soumaila-bredoumy\"},\"author\":{\"name\":\"cfeditorfr\",\"@id\":\"https:\/\/www.africa-press.net\/cotedivoire\/#\/schema\/person\/2b1cf3cd81a31e3cd26889ca66d677f1\"},\"headline\":\"PDCI, tensions entre Thiam et Billon sur fond de rivalit\u00e9s et ambitions pour 2025, les clarifications de Souma\u00efla Bredoumy\",\"datePublished\":\"2024-12-03T17:21:09+00:00\",\"dateModified\":\"2024-12-03T17:27:33+00:00\",\"mainEntityOfPage\":{\"@id\":\"https:\/\/www.africa-press.net\/cotedivoire\/politique\/pdci-tensions-entre-thiam-et-billon-sur-fond-de-rivalites-et-ambitions-pour-2025-les-clarifications-de-soumaila-bredoumy\"},\"wordCount\":411,\"commentCount\":0,\"image\":{\"@id\":\"https:\/\/www.africa-press.net\/cotedivoire\/politique\/pdci-tensions-entre-thiam-et-billon-sur-fond-de-rivalites-et-ambitions-pour-2025-les-clarifications-de-soumaila-bredoumy#primaryimage\"},\"thumbnailUrl\":\"https:\/\/static.africa-press.net\/cote\/sites\/43\/2024\/12\/sm_1733234188.847785.jpg\",\"keywords\":[\"Billon\",\"C\u00d4TE D'IVOIRE\",\"Pdci\",\"tension\",\"Thiam\"],\"articleSection\":[\"Politique\",\"Toutes les actualit\u00e9s\"],\"inLanguage\":\"fr-FR\",\"potentialAction\":[{\"@type\":\"CommentAction\",\"name\":\"Comment\",\"target\":[\"https:\/\/www.africa-press.net\/cotedivoire\/politique\/pdci-tensions-entre-thiam-et-billon-sur-fond-de-rivalites-et-ambitions-pour-2025-les-clarifications-de-soumaila-bredoumy#respond\"]}]},{\"@type\":\"WebPage\",\"@id\":\"https:\/\/www.africa-press.net\/cotedivoire\/politique\/pdci-tensions-entre-thiam-et-billon-sur-fond-de-rivalites-et-ambitions-pour-2025-les-clarifications-de-soumaila-bredoumy\",\"url\":\"https:\/\/www.africa-press.net\/cotedivoire\/politique\/pdci-tensions-entre-thiam-et-billon-sur-fond-de-rivalites-et-ambitions-pour-2025-les-clarifications-de-soumaila-bredoumy\",\"name\":\"PDCI, tensions entre Thiam et Billon sur fond de rivalit\u00e9s et ambitions pour 2025, les clarifications de Souma\u00efla Bredoumy - C\u00f4te d&#039;Ivoire\",\"isPartOf\":{\"@id\":\"https:\/\/www.africa-press.net\/cotedivoire\/#website\"},\"primaryImageOfPage\":{\"@id\":\"https:\/\/www.africa-press.net\/cotedivoire\/politique\/pdci-tensions-entre-thiam-et-billon-sur-fond-de-rivalites-et-ambitions-pour-2025-les-clarifications-de-soumaila-bredoumy#primaryimage\"},\"image\":{\"@id\":\"https:\/\/www.africa-press.net\/cotedivoire\/politique\/pdci-tensions-entre-thiam-et-billon-sur-fond-de-rivalites-et-ambitions-pour-2025-les-clarifications-de-soumaila-bredoumy#primaryimage\"},\"thumbnailUrl\":\"https:\/\/static.africa-press.net\/cote\/sites\/43\/2024\/12\/sm_1733234188.847785.jpg\",\"datePublished\":\"2024-12-03T17:21:09+00:00\",\"dateModified\":\"2024-12-03T17:27:33+00:00\",\"author\":{\"@id\":\"https:\/\/www.africa-press.net\/cotedivoire\/#\/schema\/person\/2b1cf3cd81a31e3cd26889ca66d677f1\"},\"description\":\"Le Parti de\u0301mocratique de Co\u0302te d\u2019Ivoire (PDCI) traverse une pe\u0301riode de vives tensions alors que se dessine l\u2019e\u0301lection ...\",\"breadcrumb\":{\"@id\":\"https:\/\/www.africa-press.net\/cotedivoire\/politique\/pdci-tensions-entre-thiam-et-billon-sur-fond-de-rivalites-et-ambitions-pour-2025-les-clarifications-de-soumaila-bredoumy#breadcrumb\"},\"inLanguage\":\"fr-FR\",\"potentialAction\":[{\"@type\":\"ReadAction\",\"target\":[\"https:\/\/www.africa-press.net\/cotedivoire\/politique\/pdci-tensions-entre-thiam-et-billon-sur-fond-de-rivalites-et-ambitions-pour-2025-les-clarifications-de-soumaila-bredoumy\"]}]},{\"@type\":\"ImageObject\",\"inLanguage\":\"fr-FR\",\"@id\":\"https:\/\/www.africa-press.net\/cotedivoire\/politique\/pdci-tensions-entre-thiam-et-billon-sur-fond-de-rivalites-et-ambitions-pour-2025-les-clarifications-de-soumaila-bredoumy#primaryimage\",\"url\":\"https:\/\/static.africa-press.net\/cote\/sites\/43\/2024\/12\/sm_1733234188.847785.jpg\",\"contentUrl\":\"https:\/\/static.africa-press.net\/cote\/sites\/43\/2024\/12\/sm_1733234188.847785.jpg\",\"width\":720,\"height\":480,\"caption\":\"PDCI, tensions entre Thiam et Billon sur fond de rivalit\u00e9s et ambitions pour 2025, les clarifications de Souma\u00efla Bredoumy\"},{\"@type\":\"BreadcrumbList\",\"@id\":\"https:\/\/www.africa-press.net\/cotedivoire\/politique\/pdci-tensions-entre-thiam-et-billon-sur-fond-de-rivalites-et-ambitions-pour-2025-les-clarifications-de-soumaila-bredoumy#breadcrumb\",\"itemListElement\":[{\"@type\":\"ListItem\",\"position\":1,\"name\":\"Accueil\",\"item\":\"https:\/\/www.africa-press.net\/cotedivoire\/\"},{\"@type\":\"ListItem\",\"position\":2,\"name\":\"PDCI, tensions entre Thiam et Billon sur fond de rivalit\u00e9s et ambitions pour 2025, les clarifications de Souma\u00efla Bredoumy\"}]},{\"@type\":\"WebSite\",\"@id\":\"https:\/\/www.africa-press.net\/cotedivoire\/#website\",\"url\":\"https:\/\/www.africa-press.net\/cotedivoire\/\",\"name\":\"C\u00f4te d&#039;Ivoire\",\"description\":\"Just another Africa News Agency Sites site\",\"potentialAction\":[{\"@type\":\"SearchAction\",\"target\":{\"@type\":\"EntryPoint\",\"urlTemplate\":\"https:\/\/www.africa-press.net\/cotedivoire\/?s={search_term_string}\"},\"query-input\":{\"@type\":\"PropertyValueSpecification\",\"valueRequired\":true,\"valueName\":\"search_term_string\"}}],\"inLanguage\":\"fr-FR\"},{\"@type\":\"Person\",\"@id\":\"https:\/\/www.africa-press.net\/cotedivoire\/#\/schema\/person\/2b1cf3cd81a31e3cd26889ca66d677f1\",\"name\":\"cfeditorfr\"}]}<\/script>\n<!-- \/ Yoast SEO Premium plugin. -->","yoast_head_json":{"title":"PDCI, tensions entre Thiam et Billon sur fond de rivalit\u00e9s et ambitions pour 2025, les clarifications de Souma\u00efla Bredoumy - C\u00f4te d&#039;Ivoire","description":"Le Parti de\u0301mocratique de Co\u0302te d\u2019Ivoire (PDCI) traverse une pe\u0301riode de vives tensions alors que se dessine l\u2019e\u0301lection ...","robots":{"index":"index","follow":"follow","max-snippet":"max-snippet:-1","max-image-preview":"max-image-preview:large","max-video-preview":"max-video-preview:-1"},"canonical":"https:\/\/www.africa-press.net\/cotedivoire\/politique\/pdci-tensions-entre-thiam-et-billon-sur-fond-de-rivalites-et-ambitions-pour-2025-les-clarifications-de-soumaila-bredoumy","og_locale":"fr_FR","og_type":"article","og_title":"PDCI, tensions entre Thiam et Billon sur fond de rivalit\u00e9s et ambitions pour 2025, les clarifications de Souma\u00efla Bredoumy","og_description":"Le Parti de\u0301mocratique de Co\u0302te d\u2019Ivoire (PDCI) traverse une pe\u0301riode de vives tensions alors que se dessine l\u2019e\u0301lection ...","og_url":"https:\/\/www.africa-press.net\/cotedivoire\/politique\/pdci-tensions-entre-thiam-et-billon-sur-fond-de-rivalites-et-ambitions-pour-2025-les-clarifications-de-soumaila-bredoumy","og_site_name":"C\u00f4te d&#039;Ivoire","article_published_time":"2024-12-03T17:21:09+00:00","article_modified_time":"2024-12-03T17:27:33+00:00","og_image":[{"width":720,"height":480,"url":"https:\/\/static.africa-press.net\/cote\/sites\/43\/2024\/12\/sm_1733234188.847785.jpg","type":"image\/jpeg"}],"author":"cfeditorfr","twitter_card":"summary_large_image","twitter_misc":{"\u00c9crit par":"cfeditorfr","Dur\u00e9e de lecture estim\u00e9e":"2 minutes"},"schema":{"@context":"https:\/\/schema.org","@graph":[{"@type":"Article","@id":"https:\/\/www.africa-press.net\/cotedivoire\/politique\/pdci-tensions-entre-thiam-et-billon-sur-fond-de-rivalites-et-ambitions-pour-2025-les-clarifications-de-soumaila-bredoumy#article","isPartOf":{"@id":"https:\/\/www.africa-press.net\/cotedivoire\/politique\/pdci-tensions-entre-thiam-et-billon-sur-fond-de-rivalites-et-ambitions-pour-2025-les-clarifications-de-soumaila-bredoumy"},"author":{"name":"cfeditorfr","@id":"https:\/\/www.africa-press.net\/cotedivoire\/#\/schema\/person\/2b1cf3cd81a31e3cd26889ca66d677f1"},"headline":"PDCI, tensions entre Thiam et Billon sur fond de rivalit\u00e9s et ambitions pour 2025, les clarifications de Souma\u00efla Bredoumy","datePublished":"2024-12-03T17:21:09+00:00","dateModified":"2024-12-03T17:27:33+00:00","mainEntityOfPage":{"@id":"https:\/\/www.africa-press.net\/cotedivoire\/politique\/pdci-tensions-entre-thiam-et-billon-sur-fond-de-rivalites-et-ambitions-pour-2025-les-clarifications-de-soumaila-bredoumy"},"wordCount":411,"commentCount":0,"image":{"@id":"https:\/\/www.africa-press.net\/cotedivoire\/politique\/pdci-tensions-entre-thiam-et-billon-sur-fond-de-rivalites-et-ambitions-pour-2025-les-clarifications-de-soumaila-bredoumy#primaryimage"},"thumbnailUrl":"https:\/\/static.africa-press.net\/cote\/sites\/43\/2024\/12\/sm_1733234188.847785.jpg","keywords":["Billon","C\u00d4TE D'IVOIRE","Pdci","tension","Thiam"],"articleSection":["Politique","Toutes les actualit\u00e9s"],"inLanguage":"fr-FR","potentialAction":[{"@type":"CommentAction","name":"Comment","target":["https:\/\/www.africa-press.net\/cotedivoire\/politique\/pdci-tensions-entre-thiam-et-billon-sur-fond-de-rivalites-et-ambitions-pour-2025-les-clarifications-de-soumaila-bredoumy#respond"]}]},{"@type":"WebPage","@id":"https:\/\/www.africa-press.net\/cotedivoire\/politique\/pdci-tensions-entre-thiam-et-billon-sur-fond-de-rivalites-et-ambitions-pour-2025-les-clarifications-de-soumaila-bredoumy","url":"https:\/\/www.africa-press.net\/cotedivoire\/politique\/pdci-tensions-entre-thiam-et-billon-sur-fond-de-rivalites-et-ambitions-pour-2025-les-clarifications-de-soumaila-bredoumy","name":"PDCI, tensions entre Thiam et Billon sur fond de rivalit\u00e9s et ambitions pour 2025, les clarifications de Souma\u00efla Bredoumy - C\u00f4te d&#039;Ivoire","isPartOf":{"@id":"https:\/\/www.africa-press.net\/cotedivoire\/#website"},"primaryImageOfPage":{"@id":"https:\/\/www.africa-press.net\/cotedivoire\/politique\/pdci-tensions-entre-thiam-et-billon-sur-fond-de-rivalites-et-ambitions-pour-2025-les-clarifications-de-soumaila-bredoumy#primaryimage"},"image":{"@id":"https:\/\/www.africa-press.net\/cotedivoire\/politique\/pdci-tensions-entre-thiam-et-billon-sur-fond-de-rivalites-et-ambitions-pour-2025-les-clarifications-de-soumaila-bredoumy#primaryimage"},"thumbnailUrl":"https:\/\/static.africa-press.net\/cote\/sites\/43\/2024\/12\/sm_1733234188.847785.jpg","datePublished":"2024-12-03T17:21:09+00:00","dateModified":"2024-12-03T17:27:33+00:00","author":{"@id":"https:\/\/www.africa-press.net\/cotedivoire\/#\/schema\/person\/2b1cf3cd81a31e3cd26889ca66d677f1"},"description":"Le Parti de\u0301mocratique de Co\u0302te d\u2019Ivoire (PDCI) traverse une pe\u0301riode de vives tensions alors que se dessine l\u2019e\u0301lection ...","breadcrumb":{"@id":"https:\/\/www.africa-press.net\/cotedivoire\/politique\/pdci-tensions-entre-thiam-et-billon-sur-fond-de-rivalites-et-ambitions-pour-2025-les-clarifications-de-soumaila-bredoumy#breadcrumb"},"inLanguage":"fr-FR","potentialAction":[{"@type":"ReadAction","target":["https:\/\/www.africa-press.net\/cotedivoire\/politique\/pdci-tensions-entre-thiam-et-billon-sur-fond-de-rivalites-et-ambitions-pour-2025-les-clarifications-de-soumaila-bredoumy"]}]},{"@type":"ImageObject","inLanguage":"fr-FR","@id":"https:\/\/www.africa-press.net\/cotedivoire\/politique\/pdci-tensions-entre-thiam-et-billon-sur-fond-de-rivalites-et-ambitions-pour-2025-les-clarifications-de-soumaila-bredoumy#primaryimage","url":"https:\/\/static.africa-press.net\/cote\/sites\/43\/2024\/12\/sm_1733234188.847785.jpg","contentUrl":"https:\/\/static.africa-press.net\/cote\/sites\/43\/2024\/12\/sm_1733234188.847785.jpg","width":720,"height":480,"caption":"PDCI, tensions entre Thiam et Billon sur fond de rivalit\u00e9s et ambitions pour 2025, les clarifications de Souma\u00efla Bredoumy"},{"@type":"BreadcrumbList","@id":"https:\/\/www.africa-press.net\/cotedivoire\/politique\/pdci-tensions-entre-thiam-et-billon-sur-fond-de-rivalites-et-ambitions-pour-2025-les-clarifications-de-soumaila-bredoumy#breadcrumb","itemListElement":[{"@type":"ListItem","position":1,"name":"Accueil","item":"https:\/\/www.africa-press.net\/cotedivoire\/"},{"@type":"ListItem","position":2,"name":"PDCI, tensions entre Thiam et Billon sur fond de rivalit\u00e9s et ambitions pour 2025, les clarifications de Souma\u00efla Bredoumy"}]},{"@type":"WebSite","@id":"https:\/\/www.africa-press.net\/cotedivoire\/#website","url":"https:\/\/www.africa-press.net\/cotedivoire\/","name":"C\u00f4te d&#039;Ivoire","description":"Just another Africa News Agency Sites site","potentialAction":[{"@type":"SearchAction","target":{"@type":"EntryPoint","urlTemplate":"https:\/\/www.africa-press.net\/cotedivoire\/?s={search_term_string}"},"query-input":{"@type":"PropertyValueSpecification","valueRequired":true,"valueName":"search_term_string"}}],"inLanguage":"fr-FR"},{"@type":"Person","@id":"https:\/\/www.africa-press.net\/cotedivoire\/#\/schema\/person\/2b1cf3cd81a31e3cd26889ca66d677f1","name":"cfeditorfr"}]}},"_links":{"self":[{"href":"https:\/\/www.africa-press.net\/cotedivoire\/wp-json\/wp\/v2\/posts\/91761","targetHints":{"allow":["GET"]}}],"collection":[{"href":"https:\/\/www.africa-press.net\/cotedivoire\/wp-json\/wp\/v2\/posts"}],"about":[{"href":"https:\/\/www.africa-press.net\/cotedivoire\/wp-json\/wp\/v2\/types\/post"}],"author":[{"embeddable":true,"href":"https:\/\/www.africa-press.net\/cotedivoire\/wp-json\/wp\/v2\/users\/82"}],"replies":[{"embeddable":true,"href":"https:\/\/www.africa-press.net\/cotedivoire\/wp-json\/wp\/v2\/comments?post=91761"}],"version-history":[{"count":0,"href":"https:\/\/www.africa-press.net\/cotedivoire\/wp-json\/wp\/v2\/posts\/91761\/revisions"}],"wp:featuredmedia":[{"embeddable":true,"href":"https:\/\/www.africa-press.net\/cotedivoire\/wp-json\/wp\/v2\/media\/91760"}],"wp:attachment":[{"href":"https:\/\/www.africa-press.net\/cotedivoire\/wp-json\/wp\/v2\/media?parent=91761"}],"wp:term":[{"taxonomy":"category","embeddable":true,"href":"https:\/\/www.africa-press.net\/cotedivoire\/wp-json\/wp\/v2\/categories?post=91761"},{"taxonomy":"post_tag","embeddable":true,"href":"https:\/\/www.africa-press.net\/cotedivoire\/wp-json\/wp\/v2\/tags?post=91761"}],"curies":[{"name":"wp","href":"https:\/\/api.w.org\/{rel}","templated":true}]}}