{"id":91795,"date":"2024-12-04T16:49:16","date_gmt":"2024-12-04T16:49:16","guid":{"rendered":"https:\/\/www.africa-press.net\/cotedivoire\/politique\/tensions-entre-fonctionnaires-et-gouvernement-anne-ouloto-aux-responsables-syndicaux-la-paix-sociale-na-pas-de-prix"},"modified":"2024-12-04T17:35:27","modified_gmt":"2024-12-04T17:35:27","slug":"tensions-entre-fonctionnaires-et-gouvernement-anne-ouloto-aux-responsables-syndicaux-la-paix-sociale-na-pas-de-prix","status":"publish","type":"post","link":"https:\/\/www.africa-press.net\/cotedivoire\/toutes-les-actualites\/tensions-entre-fonctionnaires-et-gouvernement-anne-ouloto-aux-responsables-syndicaux-la-paix-sociale-na-pas-de-prix","title":{"rendered":"Tensions entre fonctionnaires et gouvernement, Anne Ouloto aux responsables syndicaux : \u00ab La Paix sociale n&rsquo;a pas de prix \u00bb"},"content":{"rendered":"<p><span style=\"color: #ff6600\"><strong>Africa-Press &#8211; C\u00f4te d&rsquo;Ivoire. <\/strong><\/span>Reprendre la main sur le dialogue social tel que pense\u0301 par la tre\u0302ve sociale signe\u0301e entre le Gouvernement et les fai\u0302tie\u0300res syndicales en aou\u0302t 2022 a e\u0301te\u0301 au centre de la 4e\u0300 session ordinaire du Comite\u0301 consultatif de la Fonction publique pre\u0301side\u0301 par Madame, le Ministre d\u2019Etat, Ministre de la Fonction Publique et de la Modernisation de l\u2019Administration, Anne De\u0301sire\u0301e Ouloto, qui s\u2019est tenue , le mardi 03 decembre 2024, a\u0300 la salle de confe\u0301rence du Centre National des Me\u0301tiers Scientifiques (CNMS) , a\u0300 Abidjan-Cocody, comme constate\u0301 sur place par KOACI.<\/p>\n<p>Il s\u2019agissait pour l\u2019e\u0301missaire du Gouvernement, le groupe des 08 signataires de la tre\u0302ve sociale et l\u2019ensemble des syndicats convie\u0301s a\u0300 la rencontre d\u2019e\u0302tre au me\u0302me niveau d\u2019informations.<\/p>\n<p>Dans son discours d\u2019ouverture, la Ministre d\u2019Etat tout en revenant sur les acquis de la tre\u0302ve sociale n\u2019a pas manque\u0301 de souligner que le Gouvernement veut aborder dans la se\u0301re\u0301nite\u0301 les pre\u0301occupations des syndicats.<\/p>\n<p>\u00ab Nous avons commence\u0301 a\u0300 travailler ensemble sur la base de la confiance et du consensus qui ont abouti a\u0300 la signature de la deuxie\u0300me tre\u0302ve sociale le 08 aou\u0302t 2022 \u00bb, a-t-elle indique\u0301.<\/p>\n<p>Cependant, Anne Ouloto, constate que depuis quelques semaines il y a beaucoup d\u2019animations dans les bases syndicales.<\/p>\n<p>Des tensions qui ne cessent de monter voila\u0300 pourquoi elle a souhaite\u0301 la rencontre avec les syndicats afin qu\u2019ils se souviennent du contexte dans lequel le pays e\u0301volue.<\/p>\n<p>\u00ab Ces moments de paix n\u2019ont pas de prix. La paix sociale n\u2019a pas de prix \u00bb, a-t-elle martele\u0301, avant d\u2019ajouter.<\/p>\n<p>\u00ab Nous sommes tous responsables de la paix sociale. Quand la tension monte, on peut e\u0302tre gagne\u0301 par l\u2019e\u0301motion (&#8230;) Ma posture m\u2019engage davantage. La pression qui monte n\u2019arrange personne. C\u2019est ensemble que nous pouvons avancer&#8230; \u00bb<\/p>\n<p>La Ministre de la Fonction Publique a rassure\u0301 les syndicalistes en leur promettant que les perspectives sont bonnes en ce qui concerne les revendications sectorielles et transversales.<\/p>\n<p>\u00ab (&#8230;) Parce que nous avons une structuration pour consolider notre dialogue. Nous sommes assis sur la me\u0302me branche qui est trop fragile. Nous devons agir avec responsabilite\u0301 \u00bb, a sugge\u0301re\u0301 Anne Ouloto.<\/p>\n<p>Enfin, la Ministre d\u2019Etat, Ministre de la Fonction Publique et de la Modernisation de l\u2019Administration, a annonce\u0301 la tenue d\u2019un atelier dans les prochains jours avec les membres des comite\u0301s sectoriels du dialogue social des diffe\u0301rents Ministe\u0300res, afin de plancher sur les diffe\u0301rentes pre\u0301occupations des fonctionnaires et agents de l\u2019Etat de Co\u0302te d\u2019Ivoire pour trouver des solutions durables.<\/p>\n<p><strong>Pour plus d&rsquo;informations et d&rsquo;analyses sur la <span style=\"color: #ff6600\">C\u00f4te d&rsquo;Ivoire<\/span>, suivez <span style=\"color: #ff6600\">Africa-Press<\/span><\/strong><\/p>\n","protected":false},"excerpt":{"rendered":"<p>Africa-Press &#8211; C\u00f4te d&rsquo;Ivoire. Reprendre la main sur le dialogue social tel que pense\u0301 par la tre\u0302ve sociale signe\u0301e entre le Gouvernement et les fai\u0302tie\u0300res syndicales en aou\u0302t 2022 a e\u0301te\u0301 au centre de la 4e\u0300 session ordinaire du Comite\u0301 consultatif de la Fonction publique pre\u0301side\u0301 par Madame, le Ministre d\u2019Etat, Ministre de la Fonction [&hellip;]<\/p>\n","protected":false},"author":82,"featured_media":91794,"comment_status":"open","ping_status":"closed","sticky":false,"template":"","format":"standard","meta":{"footnotes":""},"categories":[21,10],"tags":[1687,1991,29,988,1689,1183,762,600,6097,3734],"class_list":["post-91795","post","type-post","status-publish","format-standard","has-post-thumbnail","hentry","category-communaute","category-toutes-les-actualites","tag-anne-ouloto","tag-comite","tag-cote-divoire","tag-dialogue","tag-fonction-publique","tag-fonctionnaires","tag-gouvernement","tag-paix","tag-syndicaux","tag-tensions"],"yoast_head":"<!-- This site is optimized with the Yoast SEO Premium plugin v26.1 (Yoast SEO v27.0) - https:\/\/yoast.com\/product\/yoast-seo-premium-wordpress\/ -->\n<title>Tensions entre fonctionnaires et gouvernement, Anne Ouloto aux responsables syndicaux : \u00ab La Paix sociale n&#039;a pas de prix \u00bb - C\u00f4te d&#039;Ivoire<\/title>\n<meta name=\"description\" content=\"Reprendre la main sur le dialogue social tel que pense\u0301 par la tre\u0302ve sociale signe\u0301e entre le Gouvernement et les fai\u0302t ...\" \/>\n<meta name=\"robots\" content=\"index, follow, max-snippet:-1, max-image-preview:large, max-video-preview:-1\" \/>\n<link rel=\"canonical\" href=\"https:\/\/www.africa-press.net\/cotedivoire\/toutes-les-actualites\/tensions-entre-fonctionnaires-et-gouvernement-anne-ouloto-aux-responsables-syndicaux-la-paix-sociale-na-pas-de-prix\" \/>\n<meta property=\"og:locale\" content=\"fr_FR\" \/>\n<meta property=\"og:type\" content=\"article\" \/>\n<meta property=\"og:title\" content=\"Tensions entre fonctionnaires et gouvernement, Anne Ouloto aux responsables syndicaux : \u00ab La Paix sociale n&#039;a pas de prix \u00bb\" \/>\n<meta property=\"og:description\" content=\"Reprendre la main sur le dialogue social tel que pense\u0301 par la tre\u0302ve sociale signe\u0301e entre le Gouvernement et les fai\u0302t ...\" \/>\n<meta property=\"og:url\" content=\"https:\/\/www.africa-press.net\/cotedivoire\/toutes-les-actualites\/tensions-entre-fonctionnaires-et-gouvernement-anne-ouloto-aux-responsables-syndicaux-la-paix-sociale-na-pas-de-prix\" \/>\n<meta property=\"og:site_name\" content=\"C\u00f4te d&#039;Ivoire\" \/>\n<meta property=\"article:published_time\" content=\"2024-12-04T16:49:16+00:00\" \/>\n<meta property=\"article:modified_time\" content=\"2024-12-04T17:35:27+00:00\" \/>\n<meta property=\"og:image\" content=\"https:\/\/static.africa-press.net\/cote\/sites\/43\/2024\/12\/sm_1733321109.268245.jpg\" \/>\n\t<meta property=\"og:image:width\" content=\"720\" \/>\n\t<meta property=\"og:image:height\" content=\"498\" \/>\n\t<meta property=\"og:image:type\" content=\"image\/jpeg\" \/>\n<meta name=\"author\" content=\"cfeditorfr\" \/>\n<meta name=\"twitter:card\" content=\"summary_large_image\" \/>\n<meta name=\"twitter:label1\" content=\"\u00c9crit par\" \/>\n\t<meta name=\"twitter:data1\" content=\"cfeditorfr\" \/>\n\t<meta name=\"twitter:label2\" content=\"Dur\u00e9e de lecture estim\u00e9e\" \/>\n\t<meta name=\"twitter:data2\" content=\"2 minutes\" \/>\n<script type=\"application\/ld+json\" class=\"yoast-schema-graph\">{\"@context\":\"https:\/\/schema.org\",\"@graph\":[{\"@type\":\"Article\",\"@id\":\"https:\/\/www.africa-press.net\/cotedivoire\/toutes-les-actualites\/tensions-entre-fonctionnaires-et-gouvernement-anne-ouloto-aux-responsables-syndicaux-la-paix-sociale-na-pas-de-prix#article\",\"isPartOf\":{\"@id\":\"https:\/\/www.africa-press.net\/cotedivoire\/toutes-les-actualites\/tensions-entre-fonctionnaires-et-gouvernement-anne-ouloto-aux-responsables-syndicaux-la-paix-sociale-na-pas-de-prix\"},\"author\":{\"name\":\"cfeditorfr\",\"@id\":\"https:\/\/www.africa-press.net\/cotedivoire\/#\/schema\/person\/2b1cf3cd81a31e3cd26889ca66d677f1\"},\"headline\":\"Tensions entre fonctionnaires et gouvernement, Anne Ouloto aux responsables syndicaux : \u00ab La Paix sociale n&rsquo;a pas de prix \u00bb\",\"datePublished\":\"2024-12-04T16:49:16+00:00\",\"dateModified\":\"2024-12-04T17:35:27+00:00\",\"mainEntityOfPage\":{\"@id\":\"https:\/\/www.africa-press.net\/cotedivoire\/toutes-les-actualites\/tensions-entre-fonctionnaires-et-gouvernement-anne-ouloto-aux-responsables-syndicaux-la-paix-sociale-na-pas-de-prix\"},\"wordCount\":488,\"commentCount\":0,\"image\":{\"@id\":\"https:\/\/www.africa-press.net\/cotedivoire\/toutes-les-actualites\/tensions-entre-fonctionnaires-et-gouvernement-anne-ouloto-aux-responsables-syndicaux-la-paix-sociale-na-pas-de-prix#primaryimage\"},\"thumbnailUrl\":\"https:\/\/static.africa-press.net\/cote\/sites\/43\/2024\/12\/sm_1733321109.268245.jpg\",\"keywords\":[\"Anne Ouloto\",\"Comit\u00e9\",\"C\u00d4TE D'IVOIRE\",\"Dialogue\",\"Fonction Publique\",\"fonctionnaires\",\"Gouvernement\",\"paix\",\"syndicaux\",\"tensions\"],\"articleSection\":[\"Communaut\u00e9\",\"Toutes les actualit\u00e9s\"],\"inLanguage\":\"fr-FR\",\"potentialAction\":[{\"@type\":\"CommentAction\",\"name\":\"Comment\",\"target\":[\"https:\/\/www.africa-press.net\/cotedivoire\/toutes-les-actualites\/tensions-entre-fonctionnaires-et-gouvernement-anne-ouloto-aux-responsables-syndicaux-la-paix-sociale-na-pas-de-prix#respond\"]}]},{\"@type\":\"WebPage\",\"@id\":\"https:\/\/www.africa-press.net\/cotedivoire\/toutes-les-actualites\/tensions-entre-fonctionnaires-et-gouvernement-anne-ouloto-aux-responsables-syndicaux-la-paix-sociale-na-pas-de-prix\",\"url\":\"https:\/\/www.africa-press.net\/cotedivoire\/toutes-les-actualites\/tensions-entre-fonctionnaires-et-gouvernement-anne-ouloto-aux-responsables-syndicaux-la-paix-sociale-na-pas-de-prix\",\"name\":\"Tensions entre fonctionnaires et gouvernement, Anne Ouloto aux responsables syndicaux : \u00ab La Paix sociale n'a pas de prix \u00bb - C\u00f4te d&#039;Ivoire\",\"isPartOf\":{\"@id\":\"https:\/\/www.africa-press.net\/cotedivoire\/#website\"},\"primaryImageOfPage\":{\"@id\":\"https:\/\/www.africa-press.net\/cotedivoire\/toutes-les-actualites\/tensions-entre-fonctionnaires-et-gouvernement-anne-ouloto-aux-responsables-syndicaux-la-paix-sociale-na-pas-de-prix#primaryimage\"},\"image\":{\"@id\":\"https:\/\/www.africa-press.net\/cotedivoire\/toutes-les-actualites\/tensions-entre-fonctionnaires-et-gouvernement-anne-ouloto-aux-responsables-syndicaux-la-paix-sociale-na-pas-de-prix#primaryimage\"},\"thumbnailUrl\":\"https:\/\/static.africa-press.net\/cote\/sites\/43\/2024\/12\/sm_1733321109.268245.jpg\",\"datePublished\":\"2024-12-04T16:49:16+00:00\",\"dateModified\":\"2024-12-04T17:35:27+00:00\",\"author\":{\"@id\":\"https:\/\/www.africa-press.net\/cotedivoire\/#\/schema\/person\/2b1cf3cd81a31e3cd26889ca66d677f1\"},\"description\":\"Reprendre la main sur le dialogue social tel que pense\u0301 par la tre\u0302ve sociale signe\u0301e entre le Gouvernement et les fai\u0302t ...\",\"breadcrumb\":{\"@id\":\"https:\/\/www.africa-press.net\/cotedivoire\/toutes-les-actualites\/tensions-entre-fonctionnaires-et-gouvernement-anne-ouloto-aux-responsables-syndicaux-la-paix-sociale-na-pas-de-prix#breadcrumb\"},\"inLanguage\":\"fr-FR\",\"potentialAction\":[{\"@type\":\"ReadAction\",\"target\":[\"https:\/\/www.africa-press.net\/cotedivoire\/toutes-les-actualites\/tensions-entre-fonctionnaires-et-gouvernement-anne-ouloto-aux-responsables-syndicaux-la-paix-sociale-na-pas-de-prix\"]}]},{\"@type\":\"ImageObject\",\"inLanguage\":\"fr-FR\",\"@id\":\"https:\/\/www.africa-press.net\/cotedivoire\/toutes-les-actualites\/tensions-entre-fonctionnaires-et-gouvernement-anne-ouloto-aux-responsables-syndicaux-la-paix-sociale-na-pas-de-prix#primaryimage\",\"url\":\"https:\/\/static.africa-press.net\/cote\/sites\/43\/2024\/12\/sm_1733321109.268245.jpg\",\"contentUrl\":\"https:\/\/static.africa-press.net\/cote\/sites\/43\/2024\/12\/sm_1733321109.268245.jpg\",\"width\":720,\"height\":498,\"caption\":\"Tensions entre fonctionnaires et gouvernement, Anne Ouloto aux responsables syndicaux : \u00ab La Paix sociale n'a pas de prix \u00bb\"},{\"@type\":\"BreadcrumbList\",\"@id\":\"https:\/\/www.africa-press.net\/cotedivoire\/toutes-les-actualites\/tensions-entre-fonctionnaires-et-gouvernement-anne-ouloto-aux-responsables-syndicaux-la-paix-sociale-na-pas-de-prix#breadcrumb\",\"itemListElement\":[{\"@type\":\"ListItem\",\"position\":1,\"name\":\"Accueil\",\"item\":\"https:\/\/www.africa-press.net\/cotedivoire\/\"},{\"@type\":\"ListItem\",\"position\":2,\"name\":\"Tensions entre fonctionnaires et gouvernement, Anne Ouloto aux responsables syndicaux : \u00ab La Paix sociale n&#8217;a pas de prix \u00bb\"}]},{\"@type\":\"WebSite\",\"@id\":\"https:\/\/www.africa-press.net\/cotedivoire\/#website\",\"url\":\"https:\/\/www.africa-press.net\/cotedivoire\/\",\"name\":\"C\u00f4te d&#039;Ivoire\",\"description\":\"Just another Africa News Agency Sites site\",\"potentialAction\":[{\"@type\":\"SearchAction\",\"target\":{\"@type\":\"EntryPoint\",\"urlTemplate\":\"https:\/\/www.africa-press.net\/cotedivoire\/?s={search_term_string}\"},\"query-input\":{\"@type\":\"PropertyValueSpecification\",\"valueRequired\":true,\"valueName\":\"search_term_string\"}}],\"inLanguage\":\"fr-FR\"},{\"@type\":\"Person\",\"@id\":\"https:\/\/www.africa-press.net\/cotedivoire\/#\/schema\/person\/2b1cf3cd81a31e3cd26889ca66d677f1\",\"name\":\"cfeditorfr\"}]}<\/script>\n<!-- \/ Yoast SEO Premium plugin. -->","yoast_head_json":{"title":"Tensions entre fonctionnaires et gouvernement, Anne Ouloto aux responsables syndicaux : \u00ab La Paix sociale n'a pas de prix \u00bb - C\u00f4te d&#039;Ivoire","description":"Reprendre la main sur le dialogue social tel que pense\u0301 par la tre\u0302ve sociale signe\u0301e entre le Gouvernement et les fai\u0302t ...","robots":{"index":"index","follow":"follow","max-snippet":"max-snippet:-1","max-image-preview":"max-image-preview:large","max-video-preview":"max-video-preview:-1"},"canonical":"https:\/\/www.africa-press.net\/cotedivoire\/toutes-les-actualites\/tensions-entre-fonctionnaires-et-gouvernement-anne-ouloto-aux-responsables-syndicaux-la-paix-sociale-na-pas-de-prix","og_locale":"fr_FR","og_type":"article","og_title":"Tensions entre fonctionnaires et gouvernement, Anne Ouloto aux responsables syndicaux : \u00ab La Paix sociale n'a pas de prix \u00bb","og_description":"Reprendre la main sur le dialogue social tel que pense\u0301 par la tre\u0302ve sociale signe\u0301e entre le Gouvernement et les fai\u0302t ...","og_url":"https:\/\/www.africa-press.net\/cotedivoire\/toutes-les-actualites\/tensions-entre-fonctionnaires-et-gouvernement-anne-ouloto-aux-responsables-syndicaux-la-paix-sociale-na-pas-de-prix","og_site_name":"C\u00f4te d&#039;Ivoire","article_published_time":"2024-12-04T16:49:16+00:00","article_modified_time":"2024-12-04T17:35:27+00:00","og_image":[{"width":720,"height":498,"url":"https:\/\/static.africa-press.net\/cote\/sites\/43\/2024\/12\/sm_1733321109.268245.jpg","type":"image\/jpeg"}],"author":"cfeditorfr","twitter_card":"summary_large_image","twitter_misc":{"\u00c9crit par":"cfeditorfr","Dur\u00e9e de lecture estim\u00e9e":"2 minutes"},"schema":{"@context":"https:\/\/schema.org","@graph":[{"@type":"Article","@id":"https:\/\/www.africa-press.net\/cotedivoire\/toutes-les-actualites\/tensions-entre-fonctionnaires-et-gouvernement-anne-ouloto-aux-responsables-syndicaux-la-paix-sociale-na-pas-de-prix#article","isPartOf":{"@id":"https:\/\/www.africa-press.net\/cotedivoire\/toutes-les-actualites\/tensions-entre-fonctionnaires-et-gouvernement-anne-ouloto-aux-responsables-syndicaux-la-paix-sociale-na-pas-de-prix"},"author":{"name":"cfeditorfr","@id":"https:\/\/www.africa-press.net\/cotedivoire\/#\/schema\/person\/2b1cf3cd81a31e3cd26889ca66d677f1"},"headline":"Tensions entre fonctionnaires et gouvernement, Anne Ouloto aux responsables syndicaux : \u00ab La Paix sociale n&rsquo;a pas de prix \u00bb","datePublished":"2024-12-04T16:49:16+00:00","dateModified":"2024-12-04T17:35:27+00:00","mainEntityOfPage":{"@id":"https:\/\/www.africa-press.net\/cotedivoire\/toutes-les-actualites\/tensions-entre-fonctionnaires-et-gouvernement-anne-ouloto-aux-responsables-syndicaux-la-paix-sociale-na-pas-de-prix"},"wordCount":488,"commentCount":0,"image":{"@id":"https:\/\/www.africa-press.net\/cotedivoire\/toutes-les-actualites\/tensions-entre-fonctionnaires-et-gouvernement-anne-ouloto-aux-responsables-syndicaux-la-paix-sociale-na-pas-de-prix#primaryimage"},"thumbnailUrl":"https:\/\/static.africa-press.net\/cote\/sites\/43\/2024\/12\/sm_1733321109.268245.jpg","keywords":["Anne Ouloto","Comit\u00e9","C\u00d4TE D'IVOIRE","Dialogue","Fonction Publique","fonctionnaires","Gouvernement","paix","syndicaux","tensions"],"articleSection":["Communaut\u00e9","Toutes les actualit\u00e9s"],"inLanguage":"fr-FR","potentialAction":[{"@type":"CommentAction","name":"Comment","target":["https:\/\/www.africa-press.net\/cotedivoire\/toutes-les-actualites\/tensions-entre-fonctionnaires-et-gouvernement-anne-ouloto-aux-responsables-syndicaux-la-paix-sociale-na-pas-de-prix#respond"]}]},{"@type":"WebPage","@id":"https:\/\/www.africa-press.net\/cotedivoire\/toutes-les-actualites\/tensions-entre-fonctionnaires-et-gouvernement-anne-ouloto-aux-responsables-syndicaux-la-paix-sociale-na-pas-de-prix","url":"https:\/\/www.africa-press.net\/cotedivoire\/toutes-les-actualites\/tensions-entre-fonctionnaires-et-gouvernement-anne-ouloto-aux-responsables-syndicaux-la-paix-sociale-na-pas-de-prix","name":"Tensions entre fonctionnaires et gouvernement, Anne Ouloto aux responsables syndicaux : \u00ab La Paix sociale n'a pas de prix \u00bb - C\u00f4te d&#039;Ivoire","isPartOf":{"@id":"https:\/\/www.africa-press.net\/cotedivoire\/#website"},"primaryImageOfPage":{"@id":"https:\/\/www.africa-press.net\/cotedivoire\/toutes-les-actualites\/tensions-entre-fonctionnaires-et-gouvernement-anne-ouloto-aux-responsables-syndicaux-la-paix-sociale-na-pas-de-prix#primaryimage"},"image":{"@id":"https:\/\/www.africa-press.net\/cotedivoire\/toutes-les-actualites\/tensions-entre-fonctionnaires-et-gouvernement-anne-ouloto-aux-responsables-syndicaux-la-paix-sociale-na-pas-de-prix#primaryimage"},"thumbnailUrl":"https:\/\/static.africa-press.net\/cote\/sites\/43\/2024\/12\/sm_1733321109.268245.jpg","datePublished":"2024-12-04T16:49:16+00:00","dateModified":"2024-12-04T17:35:27+00:00","author":{"@id":"https:\/\/www.africa-press.net\/cotedivoire\/#\/schema\/person\/2b1cf3cd81a31e3cd26889ca66d677f1"},"description":"Reprendre la main sur le dialogue social tel que pense\u0301 par la tre\u0302ve sociale signe\u0301e entre le Gouvernement et les fai\u0302t ...","breadcrumb":{"@id":"https:\/\/www.africa-press.net\/cotedivoire\/toutes-les-actualites\/tensions-entre-fonctionnaires-et-gouvernement-anne-ouloto-aux-responsables-syndicaux-la-paix-sociale-na-pas-de-prix#breadcrumb"},"inLanguage":"fr-FR","potentialAction":[{"@type":"ReadAction","target":["https:\/\/www.africa-press.net\/cotedivoire\/toutes-les-actualites\/tensions-entre-fonctionnaires-et-gouvernement-anne-ouloto-aux-responsables-syndicaux-la-paix-sociale-na-pas-de-prix"]}]},{"@type":"ImageObject","inLanguage":"fr-FR","@id":"https:\/\/www.africa-press.net\/cotedivoire\/toutes-les-actualites\/tensions-entre-fonctionnaires-et-gouvernement-anne-ouloto-aux-responsables-syndicaux-la-paix-sociale-na-pas-de-prix#primaryimage","url":"https:\/\/static.africa-press.net\/cote\/sites\/43\/2024\/12\/sm_1733321109.268245.jpg","contentUrl":"https:\/\/static.africa-press.net\/cote\/sites\/43\/2024\/12\/sm_1733321109.268245.jpg","width":720,"height":498,"caption":"Tensions entre fonctionnaires et gouvernement, Anne Ouloto aux responsables syndicaux : \u00ab La Paix sociale n'a pas de prix \u00bb"},{"@type":"BreadcrumbList","@id":"https:\/\/www.africa-press.net\/cotedivoire\/toutes-les-actualites\/tensions-entre-fonctionnaires-et-gouvernement-anne-ouloto-aux-responsables-syndicaux-la-paix-sociale-na-pas-de-prix#breadcrumb","itemListElement":[{"@type":"ListItem","position":1,"name":"Accueil","item":"https:\/\/www.africa-press.net\/cotedivoire\/"},{"@type":"ListItem","position":2,"name":"Tensions entre fonctionnaires et gouvernement, Anne Ouloto aux responsables syndicaux : \u00ab La Paix sociale n&#8217;a pas de prix \u00bb"}]},{"@type":"WebSite","@id":"https:\/\/www.africa-press.net\/cotedivoire\/#website","url":"https:\/\/www.africa-press.net\/cotedivoire\/","name":"C\u00f4te d&#039;Ivoire","description":"Just another Africa News Agency Sites site","potentialAction":[{"@type":"SearchAction","target":{"@type":"EntryPoint","urlTemplate":"https:\/\/www.africa-press.net\/cotedivoire\/?s={search_term_string}"},"query-input":{"@type":"PropertyValueSpecification","valueRequired":true,"valueName":"search_term_string"}}],"inLanguage":"fr-FR"},{"@type":"Person","@id":"https:\/\/www.africa-press.net\/cotedivoire\/#\/schema\/person\/2b1cf3cd81a31e3cd26889ca66d677f1","name":"cfeditorfr"}]}},"_links":{"self":[{"href":"https:\/\/www.africa-press.net\/cotedivoire\/wp-json\/wp\/v2\/posts\/91795","targetHints":{"allow":["GET"]}}],"collection":[{"href":"https:\/\/www.africa-press.net\/cotedivoire\/wp-json\/wp\/v2\/posts"}],"about":[{"href":"https:\/\/www.africa-press.net\/cotedivoire\/wp-json\/wp\/v2\/types\/post"}],"author":[{"embeddable":true,"href":"https:\/\/www.africa-press.net\/cotedivoire\/wp-json\/wp\/v2\/users\/82"}],"replies":[{"embeddable":true,"href":"https:\/\/www.africa-press.net\/cotedivoire\/wp-json\/wp\/v2\/comments?post=91795"}],"version-history":[{"count":0,"href":"https:\/\/www.africa-press.net\/cotedivoire\/wp-json\/wp\/v2\/posts\/91795\/revisions"}],"wp:featuredmedia":[{"embeddable":true,"href":"https:\/\/www.africa-press.net\/cotedivoire\/wp-json\/wp\/v2\/media\/91794"}],"wp:attachment":[{"href":"https:\/\/www.africa-press.net\/cotedivoire\/wp-json\/wp\/v2\/media?parent=91795"}],"wp:term":[{"taxonomy":"category","embeddable":true,"href":"https:\/\/www.africa-press.net\/cotedivoire\/wp-json\/wp\/v2\/categories?post=91795"},{"taxonomy":"post_tag","embeddable":true,"href":"https:\/\/www.africa-press.net\/cotedivoire\/wp-json\/wp\/v2\/tags?post=91795"}],"curies":[{"name":"wp","href":"https:\/\/api.w.org\/{rel}","templated":true}]}}