{"id":9184,"date":"2021-06-19T13:16:15","date_gmt":"2021-06-19T13:16:15","guid":{"rendered":"https:\/\/www.africa-press.net\/cotedivoire\/?p=9184"},"modified":"2021-06-19T12:54:42","modified_gmt":"2021-06-19T12:54:42","slug":"retour-triomphal-de-laurent-gbagbo-en-cote-divoire-apres-10-ans-dabsence","status":"publish","type":"post","link":"https:\/\/www.africa-press.net\/cotedivoire\/video\/retour-triomphal-de-laurent-gbagbo-en-cote-divoire-apres-10-ans-dabsence","title":{"rendered":"Retour triomphal de Laurent Gbagbo en C\u00f4te d\u2019Ivoire apr\u00e8s 10 ans d\u2019absence"},"content":{"rendered":"<p><span style=\"color: #ff6600\"><strong><a href=\"https:\/\/www.africa-press.net\/\">Africa-Press<\/a> &#8211; <a href=\"https:\/\/www.africa-press.net\/cotedivoire\">C\u00f4te d&rsquo;Ivoire<\/a>. <\/strong><\/span><b>Cette \u00e9dition sp\u00e9ciale du Journal de l&rsquo;Afrique est consacr\u00e9e au retour en C\u00f4te d\u2019Ivoire de l&rsquo;ancien pr\u00e9sident Laurent Gbagbo. Il est rentr\u00e9 jeudi \u00e0 Abidjan apr\u00e8s 10 ans d\u2019absence. De nombreux supporters l\u2019attendaient \u00e0 l\u2019a\u00e9roport et dans les rues de la capitale \u00e9conomique. Laurent Gbagbo a \u00e9t\u00e9 acquitt\u00e9 en mars 2021 par la justice internationale des accusations de crimes contre l\u2019humanit\u00e9 qui pesaient contre lui. Le pr\u00e9sident ivoirien Alassane Ouattara a accept\u00e9 ce retour au nom de la \u00ab\u00a0r\u00e9conciliation nationale\u00a0\u00bb.<\/b><\/p>\n<p>La question de la libert\u00e9 de Laurent Gbagbo sur le territoire ivoirien se pose d\u00e9sormais. L&rsquo;ex-pr\u00e9sident a \u00e9t\u00e9 condamn\u00e9 en son absence par la justice ivoirienne \u00e0 20 ans de prison pour le braquage de la BCEAO. Sera-t-il graci\u00e9 ou amnisti\u00e9 ? Laurent Gbagbo aura-t-il un agenda politique ? \u00c9l\u00e9ments de r\u00e9ponse sur le plateau de Meriem Amellal avec Francis Kpatind\u00e9, professeur \u00e0 Sciences Po Paris et chroniqueur au Monde Afrique, et Nicolas Germain, sp\u00e9cialiste pour France 24 des questions africaines. Cheffe d&rsquo;\u00e9dition: C\u00e9lia Caracena<\/p>\n<p><span style=\"color: #ff6600\"><b>vid\u00e9o: <\/b><\/span><\/p>\n<p><iframe loading=\"lazy\" title=\"Retour triomphal de Laurent Gbagbo en C\u00f4te d\u2019Ivoire apr\u00e8s 10 ans d\u2019absence\" width=\"696\" height=\"392\" src=\"https:\/\/www.youtube.com\/embed\/03E9HgZezfI?feature=oembed\" frameborder=\"0\" allow=\"accelerometer; autoplay; clipboard-write; encrypted-media; gyroscope; picture-in-picture\" allowfullscreen><\/iframe><\/p>\n","protected":false},"excerpt":{"rendered":"<p>Africa-Press &#8211; C\u00f4te d&rsquo;Ivoire. Cette \u00e9dition sp\u00e9ciale du Journal de l&rsquo;Afrique est consacr\u00e9e au retour en C\u00f4te d\u2019Ivoire de l&rsquo;ancien pr\u00e9sident Laurent Gbagbo. Il est rentr\u00e9 jeudi \u00e0 Abidjan apr\u00e8s 10 ans d\u2019absence. De nombreux supporters l\u2019attendaient \u00e0 l\u2019a\u00e9roport et dans les rues de la capitale \u00e9conomique. Laurent Gbagbo a \u00e9t\u00e9 acquitt\u00e9 en mars 2021 [&hellip;]<\/p>\n","protected":false},"author":82,"featured_media":9183,"comment_status":"open","ping_status":"closed","sticky":false,"template":"","format":"standard","meta":{"footnotes":""},"categories":[11,10,9],"tags":[56,63,35,29],"class_list":["post-9184","post","type-post","status-publish","format-standard","has-post-thumbnail","hentry","category-homepage-french","category-toutes-les-actualites","category-video","tag-africa-press","tag-africa-press-cote-divoire","tag-afrique","tag-cote-divoire"],"yoast_head":"<!-- This site is optimized with the Yoast SEO Premium plugin v26.1 (Yoast SEO v27.0) - https:\/\/yoast.com\/product\/yoast-seo-premium-wordpress\/ -->\n<title>Retour triomphal de Laurent Gbagbo en C\u00f4te d\u2019Ivoire apr\u00e8s 10 ans d\u2019absence - C\u00f4te d&#039;Ivoire<\/title>\n<meta name=\"description\" content=\"Cette \u00e9dition sp\u00e9ciale du Journal de l&#039;Afrique est consacr\u00e9e au retour en C\u00f4te d\u2019Ivoire de l&#039;ancien pr\u00e9sident Laurent ...\" \/>\n<meta name=\"robots\" content=\"index, follow, max-snippet:-1, max-image-preview:large, max-video-preview:-1\" \/>\n<link rel=\"canonical\" href=\"https:\/\/www.africa-press.net\/cotedivoire\/video\/retour-triomphal-de-laurent-gbagbo-en-cote-divoire-apres-10-ans-dabsence\" \/>\n<meta property=\"og:locale\" content=\"fr_FR\" \/>\n<meta property=\"og:type\" content=\"article\" \/>\n<meta property=\"og:title\" content=\"Retour triomphal de Laurent Gbagbo en C\u00f4te d\u2019Ivoire apr\u00e8s 10 ans d\u2019absence\" \/>\n<meta property=\"og:description\" content=\"Cette \u00e9dition sp\u00e9ciale du Journal de l&#039;Afrique est consacr\u00e9e au retour en C\u00f4te d\u2019Ivoire de l&#039;ancien pr\u00e9sident Laurent ...\" \/>\n<meta property=\"og:url\" content=\"https:\/\/www.africa-press.net\/cotedivoire\/video\/retour-triomphal-de-laurent-gbagbo-en-cote-divoire-apres-10-ans-dabsence\" \/>\n<meta property=\"og:site_name\" content=\"C\u00f4te d&#039;Ivoire\" \/>\n<meta property=\"article:published_time\" content=\"2021-06-19T13:16:15+00:00\" \/>\n<meta property=\"og:image\" content=\"https:\/\/static.africa-press.net\/cote\/sites\/43\/2021\/06\/img-60cde1dc09298.jpg\" \/>\n\t<meta property=\"og:image:width\" content=\"1920\" \/>\n\t<meta property=\"og:image:height\" content=\"1080\" \/>\n\t<meta property=\"og:image:type\" content=\"image\/jpeg\" \/>\n<meta name=\"author\" content=\"cfeditorfr\" \/>\n<meta name=\"twitter:card\" content=\"summary_large_image\" \/>\n<meta name=\"twitter:label1\" content=\"\u00c9crit par\" \/>\n\t<meta name=\"twitter:data1\" content=\"cfeditorfr\" \/>\n\t<meta name=\"twitter:label2\" content=\"Dur\u00e9e de lecture estim\u00e9e\" \/>\n\t<meta name=\"twitter:data2\" content=\"1 minute\" \/>\n<script type=\"application\/ld+json\" class=\"yoast-schema-graph\">{\"@context\":\"https:\/\/schema.org\",\"@graph\":[{\"@type\":\"Article\",\"@id\":\"https:\/\/www.africa-press.net\/cotedivoire\/video\/retour-triomphal-de-laurent-gbagbo-en-cote-divoire-apres-10-ans-dabsence#article\",\"isPartOf\":{\"@id\":\"https:\/\/www.africa-press.net\/cotedivoire\/video\/retour-triomphal-de-laurent-gbagbo-en-cote-divoire-apres-10-ans-dabsence\"},\"author\":{\"name\":\"cfeditorfr\",\"@id\":\"https:\/\/www.africa-press.net\/cotedivoire\/#\/schema\/person\/2b1cf3cd81a31e3cd26889ca66d677f1\"},\"headline\":\"Retour triomphal de Laurent Gbagbo en C\u00f4te d\u2019Ivoire apr\u00e8s 10 ans d\u2019absence\",\"datePublished\":\"2021-06-19T13:16:15+00:00\",\"mainEntityOfPage\":{\"@id\":\"https:\/\/www.africa-press.net\/cotedivoire\/video\/retour-triomphal-de-laurent-gbagbo-en-cote-divoire-apres-10-ans-dabsence\"},\"wordCount\":209,\"commentCount\":0,\"image\":{\"@id\":\"https:\/\/www.africa-press.net\/cotedivoire\/video\/retour-triomphal-de-laurent-gbagbo-en-cote-divoire-apres-10-ans-dabsence#primaryimage\"},\"thumbnailUrl\":\"https:\/\/static.africa-press.net\/cote\/sites\/43\/2021\/06\/img-60cde1dc09298.jpg\",\"keywords\":[\"Africa Press\",\"Africa Press-C\u00f4te d'Ivoire\",\"Afrique\",\"C\u00d4TE D'IVOIRE\"],\"articleSection\":[\"homepage-french\",\"Toutes les actualit\u00e9s\",\"vid\u00e9o\"],\"inLanguage\":\"fr-FR\",\"potentialAction\":[{\"@type\":\"CommentAction\",\"name\":\"Comment\",\"target\":[\"https:\/\/www.africa-press.net\/cotedivoire\/video\/retour-triomphal-de-laurent-gbagbo-en-cote-divoire-apres-10-ans-dabsence#respond\"]}]},{\"@type\":\"WebPage\",\"@id\":\"https:\/\/www.africa-press.net\/cotedivoire\/video\/retour-triomphal-de-laurent-gbagbo-en-cote-divoire-apres-10-ans-dabsence\",\"url\":\"https:\/\/www.africa-press.net\/cotedivoire\/video\/retour-triomphal-de-laurent-gbagbo-en-cote-divoire-apres-10-ans-dabsence\",\"name\":\"Retour triomphal de Laurent Gbagbo en C\u00f4te d\u2019Ivoire apr\u00e8s 10 ans d\u2019absence - C\u00f4te d&#039;Ivoire\",\"isPartOf\":{\"@id\":\"https:\/\/www.africa-press.net\/cotedivoire\/#website\"},\"primaryImageOfPage\":{\"@id\":\"https:\/\/www.africa-press.net\/cotedivoire\/video\/retour-triomphal-de-laurent-gbagbo-en-cote-divoire-apres-10-ans-dabsence#primaryimage\"},\"image\":{\"@id\":\"https:\/\/www.africa-press.net\/cotedivoire\/video\/retour-triomphal-de-laurent-gbagbo-en-cote-divoire-apres-10-ans-dabsence#primaryimage\"},\"thumbnailUrl\":\"https:\/\/static.africa-press.net\/cote\/sites\/43\/2021\/06\/img-60cde1dc09298.jpg\",\"datePublished\":\"2021-06-19T13:16:15+00:00\",\"author\":{\"@id\":\"https:\/\/www.africa-press.net\/cotedivoire\/#\/schema\/person\/2b1cf3cd81a31e3cd26889ca66d677f1\"},\"description\":\"Cette \u00e9dition sp\u00e9ciale du Journal de l'Afrique est consacr\u00e9e au retour en C\u00f4te d\u2019Ivoire de l'ancien pr\u00e9sident Laurent ...\",\"breadcrumb\":{\"@id\":\"https:\/\/www.africa-press.net\/cotedivoire\/video\/retour-triomphal-de-laurent-gbagbo-en-cote-divoire-apres-10-ans-dabsence#breadcrumb\"},\"inLanguage\":\"fr-FR\",\"potentialAction\":[{\"@type\":\"ReadAction\",\"target\":[\"https:\/\/www.africa-press.net\/cotedivoire\/video\/retour-triomphal-de-laurent-gbagbo-en-cote-divoire-apres-10-ans-dabsence\"]}]},{\"@type\":\"ImageObject\",\"inLanguage\":\"fr-FR\",\"@id\":\"https:\/\/www.africa-press.net\/cotedivoire\/video\/retour-triomphal-de-laurent-gbagbo-en-cote-divoire-apres-10-ans-dabsence#primaryimage\",\"url\":\"https:\/\/static.africa-press.net\/cote\/sites\/43\/2021\/06\/img-60cde1dc09298.jpg\",\"contentUrl\":\"https:\/\/static.africa-press.net\/cote\/sites\/43\/2021\/06\/img-60cde1dc09298.jpg\",\"width\":1920,\"height\":1080,\"caption\":\"Retour triomphal de Laurent Gbagbo en C\u00f4te d\u2019Ivoire apr\u00e8s 10 ans d\u2019absence\"},{\"@type\":\"BreadcrumbList\",\"@id\":\"https:\/\/www.africa-press.net\/cotedivoire\/video\/retour-triomphal-de-laurent-gbagbo-en-cote-divoire-apres-10-ans-dabsence#breadcrumb\",\"itemListElement\":[{\"@type\":\"ListItem\",\"position\":1,\"name\":\"Accueil\",\"item\":\"https:\/\/www.africa-press.net\/cotedivoire\/\"},{\"@type\":\"ListItem\",\"position\":2,\"name\":\"Retour triomphal de Laurent Gbagbo en C\u00f4te d\u2019Ivoire apr\u00e8s 10 ans d\u2019absence\"}]},{\"@type\":\"WebSite\",\"@id\":\"https:\/\/www.africa-press.net\/cotedivoire\/#website\",\"url\":\"https:\/\/www.africa-press.net\/cotedivoire\/\",\"name\":\"C\u00f4te d&#039;Ivoire\",\"description\":\"Just another Africa News Agency Sites site\",\"potentialAction\":[{\"@type\":\"SearchAction\",\"target\":{\"@type\":\"EntryPoint\",\"urlTemplate\":\"https:\/\/www.africa-press.net\/cotedivoire\/?s={search_term_string}\"},\"query-input\":{\"@type\":\"PropertyValueSpecification\",\"valueRequired\":true,\"valueName\":\"search_term_string\"}}],\"inLanguage\":\"fr-FR\"},{\"@type\":\"Person\",\"@id\":\"https:\/\/www.africa-press.net\/cotedivoire\/#\/schema\/person\/2b1cf3cd81a31e3cd26889ca66d677f1\",\"name\":\"cfeditorfr\"}]}<\/script>\n<!-- \/ Yoast SEO Premium plugin. -->","yoast_head_json":{"title":"Retour triomphal de Laurent Gbagbo en C\u00f4te d\u2019Ivoire apr\u00e8s 10 ans d\u2019absence - C\u00f4te d&#039;Ivoire","description":"Cette \u00e9dition sp\u00e9ciale du Journal de l'Afrique est consacr\u00e9e au retour en C\u00f4te d\u2019Ivoire de l'ancien pr\u00e9sident Laurent ...","robots":{"index":"index","follow":"follow","max-snippet":"max-snippet:-1","max-image-preview":"max-image-preview:large","max-video-preview":"max-video-preview:-1"},"canonical":"https:\/\/www.africa-press.net\/cotedivoire\/video\/retour-triomphal-de-laurent-gbagbo-en-cote-divoire-apres-10-ans-dabsence","og_locale":"fr_FR","og_type":"article","og_title":"Retour triomphal de Laurent Gbagbo en C\u00f4te d\u2019Ivoire apr\u00e8s 10 ans d\u2019absence","og_description":"Cette \u00e9dition sp\u00e9ciale du Journal de l'Afrique est consacr\u00e9e au retour en C\u00f4te d\u2019Ivoire de l'ancien pr\u00e9sident Laurent ...","og_url":"https:\/\/www.africa-press.net\/cotedivoire\/video\/retour-triomphal-de-laurent-gbagbo-en-cote-divoire-apres-10-ans-dabsence","og_site_name":"C\u00f4te d&#039;Ivoire","article_published_time":"2021-06-19T13:16:15+00:00","og_image":[{"width":1920,"height":1080,"url":"https:\/\/static.africa-press.net\/cote\/sites\/43\/2021\/06\/img-60cde1dc09298.jpg","type":"image\/jpeg"}],"author":"cfeditorfr","twitter_card":"summary_large_image","twitter_misc":{"\u00c9crit par":"cfeditorfr","Dur\u00e9e de lecture estim\u00e9e":"1 minute"},"schema":{"@context":"https:\/\/schema.org","@graph":[{"@type":"Article","@id":"https:\/\/www.africa-press.net\/cotedivoire\/video\/retour-triomphal-de-laurent-gbagbo-en-cote-divoire-apres-10-ans-dabsence#article","isPartOf":{"@id":"https:\/\/www.africa-press.net\/cotedivoire\/video\/retour-triomphal-de-laurent-gbagbo-en-cote-divoire-apres-10-ans-dabsence"},"author":{"name":"cfeditorfr","@id":"https:\/\/www.africa-press.net\/cotedivoire\/#\/schema\/person\/2b1cf3cd81a31e3cd26889ca66d677f1"},"headline":"Retour triomphal de Laurent Gbagbo en C\u00f4te d\u2019Ivoire apr\u00e8s 10 ans d\u2019absence","datePublished":"2021-06-19T13:16:15+00:00","mainEntityOfPage":{"@id":"https:\/\/www.africa-press.net\/cotedivoire\/video\/retour-triomphal-de-laurent-gbagbo-en-cote-divoire-apres-10-ans-dabsence"},"wordCount":209,"commentCount":0,"image":{"@id":"https:\/\/www.africa-press.net\/cotedivoire\/video\/retour-triomphal-de-laurent-gbagbo-en-cote-divoire-apres-10-ans-dabsence#primaryimage"},"thumbnailUrl":"https:\/\/static.africa-press.net\/cote\/sites\/43\/2021\/06\/img-60cde1dc09298.jpg","keywords":["Africa Press","Africa Press-C\u00f4te d'Ivoire","Afrique","C\u00d4TE D'IVOIRE"],"articleSection":["homepage-french","Toutes les actualit\u00e9s","vid\u00e9o"],"inLanguage":"fr-FR","potentialAction":[{"@type":"CommentAction","name":"Comment","target":["https:\/\/www.africa-press.net\/cotedivoire\/video\/retour-triomphal-de-laurent-gbagbo-en-cote-divoire-apres-10-ans-dabsence#respond"]}]},{"@type":"WebPage","@id":"https:\/\/www.africa-press.net\/cotedivoire\/video\/retour-triomphal-de-laurent-gbagbo-en-cote-divoire-apres-10-ans-dabsence","url":"https:\/\/www.africa-press.net\/cotedivoire\/video\/retour-triomphal-de-laurent-gbagbo-en-cote-divoire-apres-10-ans-dabsence","name":"Retour triomphal de Laurent Gbagbo en C\u00f4te d\u2019Ivoire apr\u00e8s 10 ans d\u2019absence - C\u00f4te d&#039;Ivoire","isPartOf":{"@id":"https:\/\/www.africa-press.net\/cotedivoire\/#website"},"primaryImageOfPage":{"@id":"https:\/\/www.africa-press.net\/cotedivoire\/video\/retour-triomphal-de-laurent-gbagbo-en-cote-divoire-apres-10-ans-dabsence#primaryimage"},"image":{"@id":"https:\/\/www.africa-press.net\/cotedivoire\/video\/retour-triomphal-de-laurent-gbagbo-en-cote-divoire-apres-10-ans-dabsence#primaryimage"},"thumbnailUrl":"https:\/\/static.africa-press.net\/cote\/sites\/43\/2021\/06\/img-60cde1dc09298.jpg","datePublished":"2021-06-19T13:16:15+00:00","author":{"@id":"https:\/\/www.africa-press.net\/cotedivoire\/#\/schema\/person\/2b1cf3cd81a31e3cd26889ca66d677f1"},"description":"Cette \u00e9dition sp\u00e9ciale du Journal de l'Afrique est consacr\u00e9e au retour en C\u00f4te d\u2019Ivoire de l'ancien pr\u00e9sident Laurent ...","breadcrumb":{"@id":"https:\/\/www.africa-press.net\/cotedivoire\/video\/retour-triomphal-de-laurent-gbagbo-en-cote-divoire-apres-10-ans-dabsence#breadcrumb"},"inLanguage":"fr-FR","potentialAction":[{"@type":"ReadAction","target":["https:\/\/www.africa-press.net\/cotedivoire\/video\/retour-triomphal-de-laurent-gbagbo-en-cote-divoire-apres-10-ans-dabsence"]}]},{"@type":"ImageObject","inLanguage":"fr-FR","@id":"https:\/\/www.africa-press.net\/cotedivoire\/video\/retour-triomphal-de-laurent-gbagbo-en-cote-divoire-apres-10-ans-dabsence#primaryimage","url":"https:\/\/static.africa-press.net\/cote\/sites\/43\/2021\/06\/img-60cde1dc09298.jpg","contentUrl":"https:\/\/static.africa-press.net\/cote\/sites\/43\/2021\/06\/img-60cde1dc09298.jpg","width":1920,"height":1080,"caption":"Retour triomphal de Laurent Gbagbo en C\u00f4te d\u2019Ivoire apr\u00e8s 10 ans d\u2019absence"},{"@type":"BreadcrumbList","@id":"https:\/\/www.africa-press.net\/cotedivoire\/video\/retour-triomphal-de-laurent-gbagbo-en-cote-divoire-apres-10-ans-dabsence#breadcrumb","itemListElement":[{"@type":"ListItem","position":1,"name":"Accueil","item":"https:\/\/www.africa-press.net\/cotedivoire\/"},{"@type":"ListItem","position":2,"name":"Retour triomphal de Laurent Gbagbo en C\u00f4te d\u2019Ivoire apr\u00e8s 10 ans d\u2019absence"}]},{"@type":"WebSite","@id":"https:\/\/www.africa-press.net\/cotedivoire\/#website","url":"https:\/\/www.africa-press.net\/cotedivoire\/","name":"C\u00f4te d&#039;Ivoire","description":"Just another Africa News Agency Sites site","potentialAction":[{"@type":"SearchAction","target":{"@type":"EntryPoint","urlTemplate":"https:\/\/www.africa-press.net\/cotedivoire\/?s={search_term_string}"},"query-input":{"@type":"PropertyValueSpecification","valueRequired":true,"valueName":"search_term_string"}}],"inLanguage":"fr-FR"},{"@type":"Person","@id":"https:\/\/www.africa-press.net\/cotedivoire\/#\/schema\/person\/2b1cf3cd81a31e3cd26889ca66d677f1","name":"cfeditorfr"}]}},"_links":{"self":[{"href":"https:\/\/www.africa-press.net\/cotedivoire\/wp-json\/wp\/v2\/posts\/9184","targetHints":{"allow":["GET"]}}],"collection":[{"href":"https:\/\/www.africa-press.net\/cotedivoire\/wp-json\/wp\/v2\/posts"}],"about":[{"href":"https:\/\/www.africa-press.net\/cotedivoire\/wp-json\/wp\/v2\/types\/post"}],"author":[{"embeddable":true,"href":"https:\/\/www.africa-press.net\/cotedivoire\/wp-json\/wp\/v2\/users\/82"}],"replies":[{"embeddable":true,"href":"https:\/\/www.africa-press.net\/cotedivoire\/wp-json\/wp\/v2\/comments?post=9184"}],"version-history":[{"count":0,"href":"https:\/\/www.africa-press.net\/cotedivoire\/wp-json\/wp\/v2\/posts\/9184\/revisions"}],"wp:featuredmedia":[{"embeddable":true,"href":"https:\/\/www.africa-press.net\/cotedivoire\/wp-json\/wp\/v2\/media\/9183"}],"wp:attachment":[{"href":"https:\/\/www.africa-press.net\/cotedivoire\/wp-json\/wp\/v2\/media?parent=9184"}],"wp:term":[{"taxonomy":"category","embeddable":true,"href":"https:\/\/www.africa-press.net\/cotedivoire\/wp-json\/wp\/v2\/categories?post=9184"},{"taxonomy":"post_tag","embeddable":true,"href":"https:\/\/www.africa-press.net\/cotedivoire\/wp-json\/wp\/v2\/tags?post=9184"}],"curies":[{"name":"wp","href":"https:\/\/api.w.org\/{rel}","templated":true}]}}