{"id":9207,"date":"2021-06-20T14:42:22","date_gmt":"2021-06-20T14:42:22","guid":{"rendered":"https:\/\/www.africa-press.net\/cotedivoire\/politique\/la-cote-divoire-compte-307-morts-du-covid-19-au-18-juin-2021"},"modified":"2021-06-20T18:13:55","modified_gmt":"2021-06-20T18:13:55","slug":"la-cote-divoire-compte-307-morts-du-covid-19-au-18-juin-2021","status":"publish","type":"post","link":"https:\/\/www.africa-press.net\/cotedivoire\/toutes-les-actualites\/la-cote-divoire-compte-307-morts-du-covid-19-au-18-juin-2021","title":{"rendered":"La C\u00f4te-d\u2019Ivoire compte 307 morts du covid-19 au 18 juin 2021"},"content":{"rendered":"<p><span style=\"color: #ff6600\"><strong><a href=\"https:\/\/www.africa-press.net\/\">Africa-Press<\/a> &#8211; <a href=\"https:\/\/www.africa-press.net\/cotedivoire\">C\u00f4te d&rsquo;Ivoire<\/a>.\u00a0 <\/strong><\/span>La C\u00f4te d\u2019Ivoire a relev\u00e9 vendredi 34 nouveaux cas de maladie \u00e0 coronavirus (Covid-19), 20 gu\u00e9risons et un d\u00e9c\u00e8s, ce qui porte le bilan \u00e0 48.007 contamin\u00e9s dont 47.366 patients r\u00e9tablis et 307 morts, a annonc\u00e9 le minist\u00e8re de la Sant\u00e9, dans une note.<\/p>\n<p>\u00ab Le minist\u00e8re de la Sant\u00e9, de l\u2019Hygi\u00e8ne Publique et de la Couverture Maladie Universelle a enregistr\u00e9 ce vendredi 18 juin 2021, 34 nouveaux cas de Covid-19 sur 2.895 \u00e9chantillons pr\u00e9lev\u00e9s soit 1,2 % de cas positifs, 20 gu\u00e9ris et 1 d\u00e9c\u00e8s \u00bb, indique la note.<\/p>\n<p>Le pays, qui a annonc\u00e9 son premier malade le 11 mars 2020, compte 48.007 cas confirm\u00e9s dont 47.366 personnes gu\u00e9ries, 307 d\u00e9c\u00e8s et 334 cas actifs sur 684.588 \u00e9chantillons pr\u00e9lev\u00e9s.<\/p>\n<p>\u00c0 l\u2019instar de nombreux pays africains, la C\u00f4te d\u2019Ivoire a d\u00e9marr\u00e9 d\u00e9but mars une campagne de vaccination contre la maladie.<\/p>\n<p>Selon les autorit\u00e9s sanitaires, \u00ab 3.876 doses de vaccins contre la Covid-19 ont \u00e9t\u00e9 administr\u00e9es soit un total de 722.073 doses administr\u00e9es \u00bb, \u00e0 la date du 17 juin.<\/p>\n<p>La C\u00f4te d\u2019Ivoire a r\u00e9ceptionn\u00e9 mercredi 100.620 doses de vaccins Pfizer \u00e0 l\u2019a\u00e9roport F\u00e9lix Houphou\u00ebt-Boigny d\u2019Abidjan.<\/p>\n<p>Un vaccin des laboratoires Pfizer (Etats-Unis) et BioNTech (Allemagne) qui serait \u00ab efficace \u00bb \u00e0 95% pour pr\u00e9venir les infections de Covid-19.<\/p>\n<p>Le minist\u00e8re de la Sant\u00e9 indique que les 729.000 doses du vaccin AstraZeneca acquises ont \u00e9t\u00e9 utilis\u00e9es.<\/p>\n<p>Le pays envisage l\u2019acquisition des millions de doses pour vacciner \u00ab \u00e0 terme 8 millions d\u2019Ivoiriens \u00bb.<\/p>\n<p>&nbsp;<\/p>\n","protected":false},"excerpt":{"rendered":"<p>Africa-Press &#8211; C\u00f4te d&rsquo;Ivoire.\u00a0 La C\u00f4te d\u2019Ivoire a relev\u00e9 vendredi 34 nouveaux cas de maladie \u00e0 coronavirus (Covid-19), 20 gu\u00e9risons et un d\u00e9c\u00e8s, ce qui porte le bilan \u00e0 48.007 contamin\u00e9s dont 47.366 patients r\u00e9tablis et 307 morts, a annonc\u00e9 le minist\u00e8re de la Sant\u00e9, dans une note. \u00ab Le minist\u00e8re de la Sant\u00e9, de [&hellip;]<\/p>\n","protected":false},"author":82,"featured_media":9206,"comment_status":"open","ping_status":"closed","sticky":false,"template":"","format":"standard","meta":{"footnotes":""},"categories":[21,11,10],"tags":[56,63,29],"class_list":["post-9207","post","type-post","status-publish","format-standard","has-post-thumbnail","hentry","category-communaute","category-homepage-french","category-toutes-les-actualites","tag-africa-press","tag-africa-press-cote-divoire","tag-cote-divoire"],"yoast_head":"<!-- This site is optimized with the Yoast SEO Premium plugin v26.1 (Yoast SEO v27.0) - https:\/\/yoast.com\/product\/yoast-seo-premium-wordpress\/ -->\n<title>La C\u00f4te-d\u2019Ivoire compte 307 morts du covid-19 au 18 juin 2021 - C\u00f4te d&#039;Ivoire<\/title>\n<meta name=\"description\" content=\"Djamal AKINBOLA La C\u00f4te d\u2019Ivoire a relev\u00e9 vendredi 34 nouveaux cas de maladie \u00e0 coronavirus (Covid-19), 20 gu\u00e9risons et ...\" \/>\n<meta name=\"robots\" content=\"index, follow, max-snippet:-1, max-image-preview:large, max-video-preview:-1\" \/>\n<link rel=\"canonical\" href=\"https:\/\/www.africa-press.net\/cotedivoire\/toutes-les-actualites\/la-cote-divoire-compte-307-morts-du-covid-19-au-18-juin-2021\" \/>\n<meta property=\"og:locale\" content=\"fr_FR\" \/>\n<meta property=\"og:type\" content=\"article\" \/>\n<meta property=\"og:title\" content=\"La C\u00f4te-d\u2019Ivoire compte 307 morts du covid-19 au 18 juin 2021\" \/>\n<meta property=\"og:description\" content=\"Djamal AKINBOLA La C\u00f4te d\u2019Ivoire a relev\u00e9 vendredi 34 nouveaux cas de maladie \u00e0 coronavirus (Covid-19), 20 gu\u00e9risons et ...\" \/>\n<meta property=\"og:url\" content=\"https:\/\/www.africa-press.net\/cotedivoire\/toutes-les-actualites\/la-cote-divoire-compte-307-morts-du-covid-19-au-18-juin-2021\" \/>\n<meta property=\"og:site_name\" content=\"C\u00f4te d&#039;Ivoire\" \/>\n<meta property=\"article:published_time\" content=\"2021-06-20T14:42:22+00:00\" \/>\n<meta property=\"article:modified_time\" content=\"2021-06-20T18:13:55+00:00\" \/>\n<meta property=\"og:image\" content=\"https:\/\/static.africa-press.net\/cote\/sites\/43\/2021\/06\/img-60cf5384b1bce.jpg\" \/>\n\t<meta property=\"og:image:width\" content=\"720\" \/>\n\t<meta property=\"og:image:height\" content=\"373\" \/>\n\t<meta property=\"og:image:type\" content=\"image\/jpeg\" \/>\n<meta name=\"author\" content=\"cfeditorfr\" \/>\n<meta name=\"twitter:card\" content=\"summary_large_image\" \/>\n<meta name=\"twitter:label1\" content=\"\u00c9crit par\" \/>\n\t<meta name=\"twitter:data1\" content=\"cfeditorfr\" \/>\n\t<meta name=\"twitter:label2\" content=\"Dur\u00e9e de lecture estim\u00e9e\" \/>\n\t<meta name=\"twitter:data2\" content=\"2 minutes\" \/>\n<script type=\"application\/ld+json\" class=\"yoast-schema-graph\">{\"@context\":\"https:\/\/schema.org\",\"@graph\":[{\"@type\":\"Article\",\"@id\":\"https:\/\/www.africa-press.net\/cotedivoire\/toutes-les-actualites\/la-cote-divoire-compte-307-morts-du-covid-19-au-18-juin-2021#article\",\"isPartOf\":{\"@id\":\"https:\/\/www.africa-press.net\/cotedivoire\/toutes-les-actualites\/la-cote-divoire-compte-307-morts-du-covid-19-au-18-juin-2021\"},\"author\":{\"name\":\"cfeditorfr\",\"@id\":\"https:\/\/www.africa-press.net\/cotedivoire\/#\/schema\/person\/2b1cf3cd81a31e3cd26889ca66d677f1\"},\"headline\":\"La C\u00f4te-d\u2019Ivoire compte 307 morts du covid-19 au 18 juin 2021\",\"datePublished\":\"2021-06-20T14:42:22+00:00\",\"dateModified\":\"2021-06-20T18:13:55+00:00\",\"mainEntityOfPage\":{\"@id\":\"https:\/\/www.africa-press.net\/cotedivoire\/toutes-les-actualites\/la-cote-divoire-compte-307-morts-du-covid-19-au-18-juin-2021\"},\"wordCount\":259,\"commentCount\":0,\"image\":{\"@id\":\"https:\/\/www.africa-press.net\/cotedivoire\/toutes-les-actualites\/la-cote-divoire-compte-307-morts-du-covid-19-au-18-juin-2021#primaryimage\"},\"thumbnailUrl\":\"https:\/\/static.africa-press.net\/cote\/sites\/43\/2021\/06\/img-60cf5384b1bce.jpg\",\"keywords\":[\"Africa Press\",\"Africa Press-C\u00f4te d'Ivoire\",\"C\u00d4TE D'IVOIRE\"],\"articleSection\":[\"Communaut\u00e9\",\"homepage-french\",\"Toutes les actualit\u00e9s\"],\"inLanguage\":\"fr-FR\",\"potentialAction\":[{\"@type\":\"CommentAction\",\"name\":\"Comment\",\"target\":[\"https:\/\/www.africa-press.net\/cotedivoire\/toutes-les-actualites\/la-cote-divoire-compte-307-morts-du-covid-19-au-18-juin-2021#respond\"]}]},{\"@type\":\"WebPage\",\"@id\":\"https:\/\/www.africa-press.net\/cotedivoire\/toutes-les-actualites\/la-cote-divoire-compte-307-morts-du-covid-19-au-18-juin-2021\",\"url\":\"https:\/\/www.africa-press.net\/cotedivoire\/toutes-les-actualites\/la-cote-divoire-compte-307-morts-du-covid-19-au-18-juin-2021\",\"name\":\"La C\u00f4te-d\u2019Ivoire compte 307 morts du covid-19 au 18 juin 2021 - C\u00f4te d&#039;Ivoire\",\"isPartOf\":{\"@id\":\"https:\/\/www.africa-press.net\/cotedivoire\/#website\"},\"primaryImageOfPage\":{\"@id\":\"https:\/\/www.africa-press.net\/cotedivoire\/toutes-les-actualites\/la-cote-divoire-compte-307-morts-du-covid-19-au-18-juin-2021#primaryimage\"},\"image\":{\"@id\":\"https:\/\/www.africa-press.net\/cotedivoire\/toutes-les-actualites\/la-cote-divoire-compte-307-morts-du-covid-19-au-18-juin-2021#primaryimage\"},\"thumbnailUrl\":\"https:\/\/static.africa-press.net\/cote\/sites\/43\/2021\/06\/img-60cf5384b1bce.jpg\",\"datePublished\":\"2021-06-20T14:42:22+00:00\",\"dateModified\":\"2021-06-20T18:13:55+00:00\",\"author\":{\"@id\":\"https:\/\/www.africa-press.net\/cotedivoire\/#\/schema\/person\/2b1cf3cd81a31e3cd26889ca66d677f1\"},\"description\":\"Djamal AKINBOLA La C\u00f4te d\u2019Ivoire a relev\u00e9 vendredi 34 nouveaux cas de maladie \u00e0 coronavirus (Covid-19), 20 gu\u00e9risons et ...\",\"breadcrumb\":{\"@id\":\"https:\/\/www.africa-press.net\/cotedivoire\/toutes-les-actualites\/la-cote-divoire-compte-307-morts-du-covid-19-au-18-juin-2021#breadcrumb\"},\"inLanguage\":\"fr-FR\",\"potentialAction\":[{\"@type\":\"ReadAction\",\"target\":[\"https:\/\/www.africa-press.net\/cotedivoire\/toutes-les-actualites\/la-cote-divoire-compte-307-morts-du-covid-19-au-18-juin-2021\"]}]},{\"@type\":\"ImageObject\",\"inLanguage\":\"fr-FR\",\"@id\":\"https:\/\/www.africa-press.net\/cotedivoire\/toutes-les-actualites\/la-cote-divoire-compte-307-morts-du-covid-19-au-18-juin-2021#primaryimage\",\"url\":\"https:\/\/static.africa-press.net\/cote\/sites\/43\/2021\/06\/img-60cf5384b1bce.jpg\",\"contentUrl\":\"https:\/\/static.africa-press.net\/cote\/sites\/43\/2021\/06\/img-60cf5384b1bce.jpg\",\"width\":720,\"height\":373,\"caption\":\"La C\u00f4te-d\u2019Ivoire compte 307 morts du covid-19 au 18 juin 2021\"},{\"@type\":\"BreadcrumbList\",\"@id\":\"https:\/\/www.africa-press.net\/cotedivoire\/toutes-les-actualites\/la-cote-divoire-compte-307-morts-du-covid-19-au-18-juin-2021#breadcrumb\",\"itemListElement\":[{\"@type\":\"ListItem\",\"position\":1,\"name\":\"Accueil\",\"item\":\"https:\/\/www.africa-press.net\/cotedivoire\/\"},{\"@type\":\"ListItem\",\"position\":2,\"name\":\"La C\u00f4te-d\u2019Ivoire compte 307 morts du covid-19 au 18 juin 2021\"}]},{\"@type\":\"WebSite\",\"@id\":\"https:\/\/www.africa-press.net\/cotedivoire\/#website\",\"url\":\"https:\/\/www.africa-press.net\/cotedivoire\/\",\"name\":\"C\u00f4te d&#039;Ivoire\",\"description\":\"Just another Africa News Agency Sites site\",\"potentialAction\":[{\"@type\":\"SearchAction\",\"target\":{\"@type\":\"EntryPoint\",\"urlTemplate\":\"https:\/\/www.africa-press.net\/cotedivoire\/?s={search_term_string}\"},\"query-input\":{\"@type\":\"PropertyValueSpecification\",\"valueRequired\":true,\"valueName\":\"search_term_string\"}}],\"inLanguage\":\"fr-FR\"},{\"@type\":\"Person\",\"@id\":\"https:\/\/www.africa-press.net\/cotedivoire\/#\/schema\/person\/2b1cf3cd81a31e3cd26889ca66d677f1\",\"name\":\"cfeditorfr\"}]}<\/script>\n<!-- \/ Yoast SEO Premium plugin. -->","yoast_head_json":{"title":"La C\u00f4te-d\u2019Ivoire compte 307 morts du covid-19 au 18 juin 2021 - C\u00f4te d&#039;Ivoire","description":"Djamal AKINBOLA La C\u00f4te d\u2019Ivoire a relev\u00e9 vendredi 34 nouveaux cas de maladie \u00e0 coronavirus (Covid-19), 20 gu\u00e9risons et ...","robots":{"index":"index","follow":"follow","max-snippet":"max-snippet:-1","max-image-preview":"max-image-preview:large","max-video-preview":"max-video-preview:-1"},"canonical":"https:\/\/www.africa-press.net\/cotedivoire\/toutes-les-actualites\/la-cote-divoire-compte-307-morts-du-covid-19-au-18-juin-2021","og_locale":"fr_FR","og_type":"article","og_title":"La C\u00f4te-d\u2019Ivoire compte 307 morts du covid-19 au 18 juin 2021","og_description":"Djamal AKINBOLA La C\u00f4te d\u2019Ivoire a relev\u00e9 vendredi 34 nouveaux cas de maladie \u00e0 coronavirus (Covid-19), 20 gu\u00e9risons et ...","og_url":"https:\/\/www.africa-press.net\/cotedivoire\/toutes-les-actualites\/la-cote-divoire-compte-307-morts-du-covid-19-au-18-juin-2021","og_site_name":"C\u00f4te d&#039;Ivoire","article_published_time":"2021-06-20T14:42:22+00:00","article_modified_time":"2021-06-20T18:13:55+00:00","og_image":[{"width":720,"height":373,"url":"https:\/\/static.africa-press.net\/cote\/sites\/43\/2021\/06\/img-60cf5384b1bce.jpg","type":"image\/jpeg"}],"author":"cfeditorfr","twitter_card":"summary_large_image","twitter_misc":{"\u00c9crit par":"cfeditorfr","Dur\u00e9e de lecture estim\u00e9e":"2 minutes"},"schema":{"@context":"https:\/\/schema.org","@graph":[{"@type":"Article","@id":"https:\/\/www.africa-press.net\/cotedivoire\/toutes-les-actualites\/la-cote-divoire-compte-307-morts-du-covid-19-au-18-juin-2021#article","isPartOf":{"@id":"https:\/\/www.africa-press.net\/cotedivoire\/toutes-les-actualites\/la-cote-divoire-compte-307-morts-du-covid-19-au-18-juin-2021"},"author":{"name":"cfeditorfr","@id":"https:\/\/www.africa-press.net\/cotedivoire\/#\/schema\/person\/2b1cf3cd81a31e3cd26889ca66d677f1"},"headline":"La C\u00f4te-d\u2019Ivoire compte 307 morts du covid-19 au 18 juin 2021","datePublished":"2021-06-20T14:42:22+00:00","dateModified":"2021-06-20T18:13:55+00:00","mainEntityOfPage":{"@id":"https:\/\/www.africa-press.net\/cotedivoire\/toutes-les-actualites\/la-cote-divoire-compte-307-morts-du-covid-19-au-18-juin-2021"},"wordCount":259,"commentCount":0,"image":{"@id":"https:\/\/www.africa-press.net\/cotedivoire\/toutes-les-actualites\/la-cote-divoire-compte-307-morts-du-covid-19-au-18-juin-2021#primaryimage"},"thumbnailUrl":"https:\/\/static.africa-press.net\/cote\/sites\/43\/2021\/06\/img-60cf5384b1bce.jpg","keywords":["Africa Press","Africa Press-C\u00f4te d'Ivoire","C\u00d4TE D'IVOIRE"],"articleSection":["Communaut\u00e9","homepage-french","Toutes les actualit\u00e9s"],"inLanguage":"fr-FR","potentialAction":[{"@type":"CommentAction","name":"Comment","target":["https:\/\/www.africa-press.net\/cotedivoire\/toutes-les-actualites\/la-cote-divoire-compte-307-morts-du-covid-19-au-18-juin-2021#respond"]}]},{"@type":"WebPage","@id":"https:\/\/www.africa-press.net\/cotedivoire\/toutes-les-actualites\/la-cote-divoire-compte-307-morts-du-covid-19-au-18-juin-2021","url":"https:\/\/www.africa-press.net\/cotedivoire\/toutes-les-actualites\/la-cote-divoire-compte-307-morts-du-covid-19-au-18-juin-2021","name":"La C\u00f4te-d\u2019Ivoire compte 307 morts du covid-19 au 18 juin 2021 - C\u00f4te d&#039;Ivoire","isPartOf":{"@id":"https:\/\/www.africa-press.net\/cotedivoire\/#website"},"primaryImageOfPage":{"@id":"https:\/\/www.africa-press.net\/cotedivoire\/toutes-les-actualites\/la-cote-divoire-compte-307-morts-du-covid-19-au-18-juin-2021#primaryimage"},"image":{"@id":"https:\/\/www.africa-press.net\/cotedivoire\/toutes-les-actualites\/la-cote-divoire-compte-307-morts-du-covid-19-au-18-juin-2021#primaryimage"},"thumbnailUrl":"https:\/\/static.africa-press.net\/cote\/sites\/43\/2021\/06\/img-60cf5384b1bce.jpg","datePublished":"2021-06-20T14:42:22+00:00","dateModified":"2021-06-20T18:13:55+00:00","author":{"@id":"https:\/\/www.africa-press.net\/cotedivoire\/#\/schema\/person\/2b1cf3cd81a31e3cd26889ca66d677f1"},"description":"Djamal AKINBOLA La C\u00f4te d\u2019Ivoire a relev\u00e9 vendredi 34 nouveaux cas de maladie \u00e0 coronavirus (Covid-19), 20 gu\u00e9risons et ...","breadcrumb":{"@id":"https:\/\/www.africa-press.net\/cotedivoire\/toutes-les-actualites\/la-cote-divoire-compte-307-morts-du-covid-19-au-18-juin-2021#breadcrumb"},"inLanguage":"fr-FR","potentialAction":[{"@type":"ReadAction","target":["https:\/\/www.africa-press.net\/cotedivoire\/toutes-les-actualites\/la-cote-divoire-compte-307-morts-du-covid-19-au-18-juin-2021"]}]},{"@type":"ImageObject","inLanguage":"fr-FR","@id":"https:\/\/www.africa-press.net\/cotedivoire\/toutes-les-actualites\/la-cote-divoire-compte-307-morts-du-covid-19-au-18-juin-2021#primaryimage","url":"https:\/\/static.africa-press.net\/cote\/sites\/43\/2021\/06\/img-60cf5384b1bce.jpg","contentUrl":"https:\/\/static.africa-press.net\/cote\/sites\/43\/2021\/06\/img-60cf5384b1bce.jpg","width":720,"height":373,"caption":"La C\u00f4te-d\u2019Ivoire compte 307 morts du covid-19 au 18 juin 2021"},{"@type":"BreadcrumbList","@id":"https:\/\/www.africa-press.net\/cotedivoire\/toutes-les-actualites\/la-cote-divoire-compte-307-morts-du-covid-19-au-18-juin-2021#breadcrumb","itemListElement":[{"@type":"ListItem","position":1,"name":"Accueil","item":"https:\/\/www.africa-press.net\/cotedivoire\/"},{"@type":"ListItem","position":2,"name":"La C\u00f4te-d\u2019Ivoire compte 307 morts du covid-19 au 18 juin 2021"}]},{"@type":"WebSite","@id":"https:\/\/www.africa-press.net\/cotedivoire\/#website","url":"https:\/\/www.africa-press.net\/cotedivoire\/","name":"C\u00f4te d&#039;Ivoire","description":"Just another Africa News Agency Sites site","potentialAction":[{"@type":"SearchAction","target":{"@type":"EntryPoint","urlTemplate":"https:\/\/www.africa-press.net\/cotedivoire\/?s={search_term_string}"},"query-input":{"@type":"PropertyValueSpecification","valueRequired":true,"valueName":"search_term_string"}}],"inLanguage":"fr-FR"},{"@type":"Person","@id":"https:\/\/www.africa-press.net\/cotedivoire\/#\/schema\/person\/2b1cf3cd81a31e3cd26889ca66d677f1","name":"cfeditorfr"}]}},"_links":{"self":[{"href":"https:\/\/www.africa-press.net\/cotedivoire\/wp-json\/wp\/v2\/posts\/9207","targetHints":{"allow":["GET"]}}],"collection":[{"href":"https:\/\/www.africa-press.net\/cotedivoire\/wp-json\/wp\/v2\/posts"}],"about":[{"href":"https:\/\/www.africa-press.net\/cotedivoire\/wp-json\/wp\/v2\/types\/post"}],"author":[{"embeddable":true,"href":"https:\/\/www.africa-press.net\/cotedivoire\/wp-json\/wp\/v2\/users\/82"}],"replies":[{"embeddable":true,"href":"https:\/\/www.africa-press.net\/cotedivoire\/wp-json\/wp\/v2\/comments?post=9207"}],"version-history":[{"count":0,"href":"https:\/\/www.africa-press.net\/cotedivoire\/wp-json\/wp\/v2\/posts\/9207\/revisions"}],"wp:featuredmedia":[{"embeddable":true,"href":"https:\/\/www.africa-press.net\/cotedivoire\/wp-json\/wp\/v2\/media\/9206"}],"wp:attachment":[{"href":"https:\/\/www.africa-press.net\/cotedivoire\/wp-json\/wp\/v2\/media?parent=9207"}],"wp:term":[{"taxonomy":"category","embeddable":true,"href":"https:\/\/www.africa-press.net\/cotedivoire\/wp-json\/wp\/v2\/categories?post=9207"},{"taxonomy":"post_tag","embeddable":true,"href":"https:\/\/www.africa-press.net\/cotedivoire\/wp-json\/wp\/v2\/tags?post=9207"}],"curies":[{"name":"wp","href":"https:\/\/api.w.org\/{rel}","templated":true}]}}