{"id":92185,"date":"2024-12-11T15:31:37","date_gmt":"2024-12-11T15:31:37","guid":{"rendered":"https:\/\/www.africa-press.net\/cotedivoire\/politique\/apres-la-sortie-dadjoumani-le-porte-parole-adjoint-du-fpi-repond-non-lopposition-na-pas-peur-de-ouattara-mais-de-votre-dictature"},"modified":"2024-12-11T15:35:03","modified_gmt":"2024-12-11T15:35:03","slug":"apres-la-sortie-dadjoumani-le-porte-parole-adjoint-du-fpi-repond-non-lopposition-na-pas-peur-de-ouattara-mais-de-votre-dictature","status":"publish","type":"post","link":"https:\/\/www.africa-press.net\/cotedivoire\/politique\/apres-la-sortie-dadjoumani-le-porte-parole-adjoint-du-fpi-repond-non-lopposition-na-pas-peur-de-ouattara-mais-de-votre-dictature","title":{"rendered":"Apr\u00e8s la sortie d&rsquo;Adjoumani, le porte-parole adjoint du FPI r\u00e9pond \u00ab Non, l&rsquo;opposition n&rsquo;a pas peur de Ouattara, mais de votre dictature \u00bb"},"content":{"rendered":"<p><span style=\"color: #ff6600\"><strong>Africa-Press &#8211; C\u00f4te d&rsquo;Ivoire. <\/strong><\/span>Lia Gnan Ferdinand<\/p>\n<p>Dans un climat politique marque\u0301 par des tensions persistantes, le de\u0301bat autour d&rsquo;un autre mandat controverse\u0301 d\u2019Alassane Ouattara continue de susciter des re\u0301actions passionne\u0301es.<\/p>\n<p>Si les dirigeants sont souvent pointe\u0301s du doigt pour leurs de\u0301cisions, le poids des entourages politiques dans la structuration et le maintien d\u2019une gouvernance autoritaire n\u2019est pas a\u0300 ne\u0301gliger. C\u2019est ce que rappelle Lia Gnan Ferdinand, porte-parole adjoint du Front Populaire Ivoirien (FPI), dans une de\u0301claration visant a\u0300 de\u0301noncer ce qu\u2019il qualifie de \u00ab dictature collective \u00bb au sein du RHDP, parti pre\u0301sidentiel.<\/p>\n<p>Le proble\u0300me, pour l\u2019opposition, n\u2019est pas uniquement la figure d\u2019Alassane Ouattara mais e\u0301galement le ro\u0302le pre\u0301ponde\u0301rant de son cercle rapproche\u0301 dans des de\u0301cisions juge\u0301es contraires a\u0300 l\u2019inte\u0301re\u0302t national. C&rsquo;est ce qu&rsquo;affirme Lia Ferdinand.<\/p>\n<p>La candidature du chef de l\u2019E\u0301tat pour un troisie\u0300me mandat en 2020, interdite par la constitution selon ses de\u0301tracteurs, illustre cette dynamique. Devant le Congre\u0300s en 2020, Ouattara avait annonce\u0301 qu\u2019il ne briguerait pas de nouveau mandat, affirmant vouloir respecter le texte fondamental.<\/p>\n<p>L\u2019opposition avait vu dans cette volte-face comme une violation flagrante de l\u2019article 183 de la constitution ivoirienne. Ce texte, qui garantit la continuite\u0301 des dispositions constitutionnelles apre\u0300s la re\u0301vision de 2016, aurait du\u0302, selon les juristes critiques du re\u0301gime, empe\u0302cher toute tentative de briguer un mandat supple\u0301mentaire. Cette situation, de\u0301nonce\u0301e comme une \u00ab forfaiture \u00bb par le FPI et d\u2019autres partis d\u2019opposition, risque, selon eux, de cre\u0301er un pre\u0301ce\u0301dent inquie\u0301tant.<\/p>\n<p>Pour Lia Gnan Ferdinand, la peur exprime\u0301e par l\u2019opposition n\u2019est pas celle de la personne d\u2019Alassane Ouattara mais de l\u2019instabilite\u0301 et des violences qu\u2019une candidature en 2025 pourrait engendrer.<\/p>\n<p>Mais cette \u00ab dictature \u00bb ne s\u2019exprime pas seulement a\u0300 l\u2019encontre de l\u2019opposition. Elle touche e\u0301galement les membres du RHDP eux-me\u0302mes, souligne Lia Gnan Ferdinand.<\/p>\n<p>Il ajoute que le cas d\u2019Adama Bictogo, pre\u0301sident de l\u2019Assemble\u0301e nationale, est emble\u0301matique, pre\u0301cisant que celui qui aurait nourri des ambitions pre\u0301sidentielles pour 2025 a vu son re\u0302ve se transformer en cauchemar sous la pression du re\u0301gime, illustre l\u2019opposition.<\/p>\n<p>Ce type de musellement interne de\u0301montre, selon le porte-parole adjoint du FPI, une incapacite\u0301 du RHDP a\u0300 tole\u0301rer la moindre expression de dissidence ou de compe\u0301tition saine.<\/p>\n<p>L\u2019opposition redoute ainsi une politique d\u2019intimidation syste\u0301matique qui ne vise pas seulement a\u0300 garantir la domination du re\u0301gime mais qui s\u2019appuie sur des moyens coercitifs tels que des enle\u0300vements et des actes de torture.<\/p>\n<p>Pour Lia Gnan Ferdinand, la situation actuelle en Co\u0302te d\u2019Ivoire refle\u0300te une de\u0301rive autoritaire ou\u0300 la violation re\u0301pe\u0301te\u0301e du cadre constitutionnel et la re\u0301pression deviennent des outils de gouvernance. L\u2019opposition, bien qu\u2019inquie\u0300te pour l\u2019avenir du pays, reste de\u0301termine\u0301e a\u0300 de\u0301noncer ces abus, espe\u0301rant mobiliser les consciences et rappeler que la de\u0301mocratie ne saurait e\u0302tre confisque\u0301e par une poigne\u0301e d\u2019individus, aussi puissants soient-ils.<\/p>\n<p>Si le porte-parole adjoint du FPI conclut son intervention en interpellant Kobenan Kouassi Adjoumani, ministre et porte-parole du parti au pouvoir, c\u2019est pour adresser un message sans e\u0301quivoque: les Ivoiriens craignent pour leur avenir, non pas face a\u0300 une figure politique, mais face a\u0300 un syste\u0300me qui banalise l\u2019abus de pouvoir et l\u2019instabilite\u0301 au de\u0301triment des inte\u0301re\u0302ts collectifs.<\/p>\n<p><strong>Pour plus d&rsquo;informations et d&rsquo;analyses sur la <span style=\"color: #ff6600\">C\u00f4te d&rsquo;Ivoire<\/span>, suivez <span style=\"color: #ff6600\">Africa-Press<\/span><\/strong><\/p>\n","protected":false},"excerpt":{"rendered":"<p>Africa-Press &#8211; C\u00f4te d&rsquo;Ivoire. Lia Gnan Ferdinand Dans un climat politique marque\u0301 par des tensions persistantes, le de\u0301bat autour d&rsquo;un autre mandat controverse\u0301 d\u2019Alassane Ouattara continue de susciter des re\u0301actions passionne\u0301es. Si les dirigeants sont souvent pointe\u0301s du doigt pour leurs de\u0301cisions, le poids des entourages politiques dans la structuration et le maintien d\u2019une gouvernance [&hellip;]<\/p>\n","protected":false},"author":82,"featured_media":92184,"comment_status":"open","ping_status":"closed","sticky":false,"template":"","format":"standard","meta":{"footnotes":""},"categories":[2,10],"tags":[1265,1475,38,29,360,15989,3500,371],"class_list":["post-92185","post","type-post","status-publish","format-standard","has-post-thumbnail","hentry","category-politique","category-toutes-les-actualites","tag-adama-bictogo","tag-adjoumani","tag-alassane-ouattara","tag-cote-divoire","tag-fpi","tag-lia-gnan","tag-opposition","tag-rhdp"],"yoast_head":"<!-- This site is optimized with the Yoast SEO Premium plugin v26.1 (Yoast SEO v27.0) - https:\/\/yoast.com\/product\/yoast-seo-premium-wordpress\/ -->\n<title>Apr\u00e8s la sortie d&#039;Adjoumani, le porte-parole adjoint du FPI r\u00e9pond \u00ab Non, l&#039;opposition n&#039;a pas peur de Ouattara, mais de votre dictature \u00bb - C\u00f4te d&#039;Ivoire<\/title>\n<meta name=\"description\" content=\"Lia Gnan Ferdinand Dans un climat politique marque\u0301 par des tensions persistantes, le de\u0301bat autour d&#039;un autre mandat c ...\" \/>\n<meta name=\"robots\" content=\"index, follow, max-snippet:-1, max-image-preview:large, max-video-preview:-1\" \/>\n<link rel=\"canonical\" href=\"https:\/\/www.africa-press.net\/cotedivoire\/politique\/apres-la-sortie-dadjoumani-le-porte-parole-adjoint-du-fpi-repond-non-lopposition-na-pas-peur-de-ouattara-mais-de-votre-dictature\" \/>\n<meta property=\"og:locale\" content=\"fr_FR\" \/>\n<meta property=\"og:type\" content=\"article\" \/>\n<meta property=\"og:title\" content=\"Apr\u00e8s la sortie d&#039;Adjoumani, le porte-parole adjoint du FPI r\u00e9pond \u00ab Non, l&#039;opposition n&#039;a pas peur de Ouattara, mais de votre dictature \u00bb\" \/>\n<meta property=\"og:description\" content=\"Lia Gnan Ferdinand Dans un climat politique marque\u0301 par des tensions persistantes, le de\u0301bat autour d&#039;un autre mandat c ...\" \/>\n<meta property=\"og:url\" content=\"https:\/\/www.africa-press.net\/cotedivoire\/politique\/apres-la-sortie-dadjoumani-le-porte-parole-adjoint-du-fpi-repond-non-lopposition-na-pas-peur-de-ouattara-mais-de-votre-dictature\" \/>\n<meta property=\"og:site_name\" content=\"C\u00f4te d&#039;Ivoire\" \/>\n<meta property=\"article:published_time\" content=\"2024-12-11T15:31:37+00:00\" \/>\n<meta property=\"article:modified_time\" content=\"2024-12-11T15:35:03+00:00\" \/>\n<meta property=\"og:image\" content=\"https:\/\/static.africa-press.net\/cote\/sites\/43\/2024\/12\/sm_1733918686.435219.jpg\" \/>\n\t<meta property=\"og:image:width\" content=\"720\" \/>\n\t<meta property=\"og:image:height\" content=\"388\" \/>\n\t<meta property=\"og:image:type\" content=\"image\/jpeg\" \/>\n<meta name=\"author\" content=\"cfeditorfr\" \/>\n<meta name=\"twitter:card\" content=\"summary_large_image\" \/>\n<meta name=\"twitter:label1\" content=\"\u00c9crit par\" \/>\n\t<meta name=\"twitter:data1\" content=\"cfeditorfr\" \/>\n\t<meta name=\"twitter:label2\" content=\"Dur\u00e9e de lecture estim\u00e9e\" \/>\n\t<meta name=\"twitter:data2\" content=\"3 minutes\" \/>\n<script type=\"application\/ld+json\" class=\"yoast-schema-graph\">{\"@context\":\"https:\/\/schema.org\",\"@graph\":[{\"@type\":\"Article\",\"@id\":\"https:\/\/www.africa-press.net\/cotedivoire\/politique\/apres-la-sortie-dadjoumani-le-porte-parole-adjoint-du-fpi-repond-non-lopposition-na-pas-peur-de-ouattara-mais-de-votre-dictature#article\",\"isPartOf\":{\"@id\":\"https:\/\/www.africa-press.net\/cotedivoire\/politique\/apres-la-sortie-dadjoumani-le-porte-parole-adjoint-du-fpi-repond-non-lopposition-na-pas-peur-de-ouattara-mais-de-votre-dictature\"},\"author\":{\"name\":\"cfeditorfr\",\"@id\":\"https:\/\/www.africa-press.net\/cotedivoire\/#\/schema\/person\/2b1cf3cd81a31e3cd26889ca66d677f1\"},\"headline\":\"Apr\u00e8s la sortie d&rsquo;Adjoumani, le porte-parole adjoint du FPI r\u00e9pond \u00ab Non, l&rsquo;opposition n&rsquo;a pas peur de Ouattara, mais de votre dictature \u00bb\",\"datePublished\":\"2024-12-11T15:31:37+00:00\",\"dateModified\":\"2024-12-11T15:35:03+00:00\",\"mainEntityOfPage\":{\"@id\":\"https:\/\/www.africa-press.net\/cotedivoire\/politique\/apres-la-sortie-dadjoumani-le-porte-parole-adjoint-du-fpi-repond-non-lopposition-na-pas-peur-de-ouattara-mais-de-votre-dictature\"},\"wordCount\":655,\"commentCount\":0,\"image\":{\"@id\":\"https:\/\/www.africa-press.net\/cotedivoire\/politique\/apres-la-sortie-dadjoumani-le-porte-parole-adjoint-du-fpi-repond-non-lopposition-na-pas-peur-de-ouattara-mais-de-votre-dictature#primaryimage\"},\"thumbnailUrl\":\"https:\/\/static.africa-press.net\/cote\/sites\/43\/2024\/12\/sm_1733918686.435219.jpg\",\"keywords\":[\"Adama Bictogo\",\"Adjoumani\",\"Alassane Ouattara\",\"C\u00d4TE D'IVOIRE\",\"FPI\",\"Lia Gnan\",\"opposition\",\"RHDP\"],\"articleSection\":[\"Politique\",\"Toutes les actualit\u00e9s\"],\"inLanguage\":\"fr-FR\",\"potentialAction\":[{\"@type\":\"CommentAction\",\"name\":\"Comment\",\"target\":[\"https:\/\/www.africa-press.net\/cotedivoire\/politique\/apres-la-sortie-dadjoumani-le-porte-parole-adjoint-du-fpi-repond-non-lopposition-na-pas-peur-de-ouattara-mais-de-votre-dictature#respond\"]}]},{\"@type\":\"WebPage\",\"@id\":\"https:\/\/www.africa-press.net\/cotedivoire\/politique\/apres-la-sortie-dadjoumani-le-porte-parole-adjoint-du-fpi-repond-non-lopposition-na-pas-peur-de-ouattara-mais-de-votre-dictature\",\"url\":\"https:\/\/www.africa-press.net\/cotedivoire\/politique\/apres-la-sortie-dadjoumani-le-porte-parole-adjoint-du-fpi-repond-non-lopposition-na-pas-peur-de-ouattara-mais-de-votre-dictature\",\"name\":\"Apr\u00e8s la sortie d'Adjoumani, le porte-parole adjoint du FPI r\u00e9pond \u00ab Non, l'opposition n'a pas peur de Ouattara, mais de votre dictature \u00bb - C\u00f4te d&#039;Ivoire\",\"isPartOf\":{\"@id\":\"https:\/\/www.africa-press.net\/cotedivoire\/#website\"},\"primaryImageOfPage\":{\"@id\":\"https:\/\/www.africa-press.net\/cotedivoire\/politique\/apres-la-sortie-dadjoumani-le-porte-parole-adjoint-du-fpi-repond-non-lopposition-na-pas-peur-de-ouattara-mais-de-votre-dictature#primaryimage\"},\"image\":{\"@id\":\"https:\/\/www.africa-press.net\/cotedivoire\/politique\/apres-la-sortie-dadjoumani-le-porte-parole-adjoint-du-fpi-repond-non-lopposition-na-pas-peur-de-ouattara-mais-de-votre-dictature#primaryimage\"},\"thumbnailUrl\":\"https:\/\/static.africa-press.net\/cote\/sites\/43\/2024\/12\/sm_1733918686.435219.jpg\",\"datePublished\":\"2024-12-11T15:31:37+00:00\",\"dateModified\":\"2024-12-11T15:35:03+00:00\",\"author\":{\"@id\":\"https:\/\/www.africa-press.net\/cotedivoire\/#\/schema\/person\/2b1cf3cd81a31e3cd26889ca66d677f1\"},\"description\":\"Lia Gnan Ferdinand Dans un climat politique marque\u0301 par des tensions persistantes, le de\u0301bat autour d'un autre mandat c ...\",\"breadcrumb\":{\"@id\":\"https:\/\/www.africa-press.net\/cotedivoire\/politique\/apres-la-sortie-dadjoumani-le-porte-parole-adjoint-du-fpi-repond-non-lopposition-na-pas-peur-de-ouattara-mais-de-votre-dictature#breadcrumb\"},\"inLanguage\":\"fr-FR\",\"potentialAction\":[{\"@type\":\"ReadAction\",\"target\":[\"https:\/\/www.africa-press.net\/cotedivoire\/politique\/apres-la-sortie-dadjoumani-le-porte-parole-adjoint-du-fpi-repond-non-lopposition-na-pas-peur-de-ouattara-mais-de-votre-dictature\"]}]},{\"@type\":\"ImageObject\",\"inLanguage\":\"fr-FR\",\"@id\":\"https:\/\/www.africa-press.net\/cotedivoire\/politique\/apres-la-sortie-dadjoumani-le-porte-parole-adjoint-du-fpi-repond-non-lopposition-na-pas-peur-de-ouattara-mais-de-votre-dictature#primaryimage\",\"url\":\"https:\/\/static.africa-press.net\/cote\/sites\/43\/2024\/12\/sm_1733918686.435219.jpg\",\"contentUrl\":\"https:\/\/static.africa-press.net\/cote\/sites\/43\/2024\/12\/sm_1733918686.435219.jpg\",\"width\":720,\"height\":388,\"caption\":\"Apr\u00e8s la sortie d'Adjoumani, le porte-parole adjoint du FPI r\u00e9pond \u00ab Non, l'opposition n'a pas peur de Ouattara, mais de votre dictature \u00bb\"},{\"@type\":\"BreadcrumbList\",\"@id\":\"https:\/\/www.africa-press.net\/cotedivoire\/politique\/apres-la-sortie-dadjoumani-le-porte-parole-adjoint-du-fpi-repond-non-lopposition-na-pas-peur-de-ouattara-mais-de-votre-dictature#breadcrumb\",\"itemListElement\":[{\"@type\":\"ListItem\",\"position\":1,\"name\":\"Accueil\",\"item\":\"https:\/\/www.africa-press.net\/cotedivoire\/\"},{\"@type\":\"ListItem\",\"position\":2,\"name\":\"Apr\u00e8s la sortie d&#8217;Adjoumani, le porte-parole adjoint du FPI r\u00e9pond \u00ab Non, l&#8217;opposition n&#8217;a pas peur de Ouattara, mais de votre dictature \u00bb\"}]},{\"@type\":\"WebSite\",\"@id\":\"https:\/\/www.africa-press.net\/cotedivoire\/#website\",\"url\":\"https:\/\/www.africa-press.net\/cotedivoire\/\",\"name\":\"C\u00f4te d&#039;Ivoire\",\"description\":\"Just another Africa News Agency Sites site\",\"potentialAction\":[{\"@type\":\"SearchAction\",\"target\":{\"@type\":\"EntryPoint\",\"urlTemplate\":\"https:\/\/www.africa-press.net\/cotedivoire\/?s={search_term_string}\"},\"query-input\":{\"@type\":\"PropertyValueSpecification\",\"valueRequired\":true,\"valueName\":\"search_term_string\"}}],\"inLanguage\":\"fr-FR\"},{\"@type\":\"Person\",\"@id\":\"https:\/\/www.africa-press.net\/cotedivoire\/#\/schema\/person\/2b1cf3cd81a31e3cd26889ca66d677f1\",\"name\":\"cfeditorfr\"}]}<\/script>\n<!-- \/ Yoast SEO Premium plugin. -->","yoast_head_json":{"title":"Apr\u00e8s la sortie d'Adjoumani, le porte-parole adjoint du FPI r\u00e9pond \u00ab Non, l'opposition n'a pas peur de Ouattara, mais de votre dictature \u00bb - C\u00f4te d&#039;Ivoire","description":"Lia Gnan Ferdinand Dans un climat politique marque\u0301 par des tensions persistantes, le de\u0301bat autour d'un autre mandat c ...","robots":{"index":"index","follow":"follow","max-snippet":"max-snippet:-1","max-image-preview":"max-image-preview:large","max-video-preview":"max-video-preview:-1"},"canonical":"https:\/\/www.africa-press.net\/cotedivoire\/politique\/apres-la-sortie-dadjoumani-le-porte-parole-adjoint-du-fpi-repond-non-lopposition-na-pas-peur-de-ouattara-mais-de-votre-dictature","og_locale":"fr_FR","og_type":"article","og_title":"Apr\u00e8s la sortie d'Adjoumani, le porte-parole adjoint du FPI r\u00e9pond \u00ab Non, l'opposition n'a pas peur de Ouattara, mais de votre dictature \u00bb","og_description":"Lia Gnan Ferdinand Dans un climat politique marque\u0301 par des tensions persistantes, le de\u0301bat autour d'un autre mandat c ...","og_url":"https:\/\/www.africa-press.net\/cotedivoire\/politique\/apres-la-sortie-dadjoumani-le-porte-parole-adjoint-du-fpi-repond-non-lopposition-na-pas-peur-de-ouattara-mais-de-votre-dictature","og_site_name":"C\u00f4te d&#039;Ivoire","article_published_time":"2024-12-11T15:31:37+00:00","article_modified_time":"2024-12-11T15:35:03+00:00","og_image":[{"width":720,"height":388,"url":"https:\/\/static.africa-press.net\/cote\/sites\/43\/2024\/12\/sm_1733918686.435219.jpg","type":"image\/jpeg"}],"author":"cfeditorfr","twitter_card":"summary_large_image","twitter_misc":{"\u00c9crit par":"cfeditorfr","Dur\u00e9e de lecture estim\u00e9e":"3 minutes"},"schema":{"@context":"https:\/\/schema.org","@graph":[{"@type":"Article","@id":"https:\/\/www.africa-press.net\/cotedivoire\/politique\/apres-la-sortie-dadjoumani-le-porte-parole-adjoint-du-fpi-repond-non-lopposition-na-pas-peur-de-ouattara-mais-de-votre-dictature#article","isPartOf":{"@id":"https:\/\/www.africa-press.net\/cotedivoire\/politique\/apres-la-sortie-dadjoumani-le-porte-parole-adjoint-du-fpi-repond-non-lopposition-na-pas-peur-de-ouattara-mais-de-votre-dictature"},"author":{"name":"cfeditorfr","@id":"https:\/\/www.africa-press.net\/cotedivoire\/#\/schema\/person\/2b1cf3cd81a31e3cd26889ca66d677f1"},"headline":"Apr\u00e8s la sortie d&rsquo;Adjoumani, le porte-parole adjoint du FPI r\u00e9pond \u00ab Non, l&rsquo;opposition n&rsquo;a pas peur de Ouattara, mais de votre dictature \u00bb","datePublished":"2024-12-11T15:31:37+00:00","dateModified":"2024-12-11T15:35:03+00:00","mainEntityOfPage":{"@id":"https:\/\/www.africa-press.net\/cotedivoire\/politique\/apres-la-sortie-dadjoumani-le-porte-parole-adjoint-du-fpi-repond-non-lopposition-na-pas-peur-de-ouattara-mais-de-votre-dictature"},"wordCount":655,"commentCount":0,"image":{"@id":"https:\/\/www.africa-press.net\/cotedivoire\/politique\/apres-la-sortie-dadjoumani-le-porte-parole-adjoint-du-fpi-repond-non-lopposition-na-pas-peur-de-ouattara-mais-de-votre-dictature#primaryimage"},"thumbnailUrl":"https:\/\/static.africa-press.net\/cote\/sites\/43\/2024\/12\/sm_1733918686.435219.jpg","keywords":["Adama Bictogo","Adjoumani","Alassane Ouattara","C\u00d4TE D'IVOIRE","FPI","Lia Gnan","opposition","RHDP"],"articleSection":["Politique","Toutes les actualit\u00e9s"],"inLanguage":"fr-FR","potentialAction":[{"@type":"CommentAction","name":"Comment","target":["https:\/\/www.africa-press.net\/cotedivoire\/politique\/apres-la-sortie-dadjoumani-le-porte-parole-adjoint-du-fpi-repond-non-lopposition-na-pas-peur-de-ouattara-mais-de-votre-dictature#respond"]}]},{"@type":"WebPage","@id":"https:\/\/www.africa-press.net\/cotedivoire\/politique\/apres-la-sortie-dadjoumani-le-porte-parole-adjoint-du-fpi-repond-non-lopposition-na-pas-peur-de-ouattara-mais-de-votre-dictature","url":"https:\/\/www.africa-press.net\/cotedivoire\/politique\/apres-la-sortie-dadjoumani-le-porte-parole-adjoint-du-fpi-repond-non-lopposition-na-pas-peur-de-ouattara-mais-de-votre-dictature","name":"Apr\u00e8s la sortie d'Adjoumani, le porte-parole adjoint du FPI r\u00e9pond \u00ab Non, l'opposition n'a pas peur de Ouattara, mais de votre dictature \u00bb - C\u00f4te d&#039;Ivoire","isPartOf":{"@id":"https:\/\/www.africa-press.net\/cotedivoire\/#website"},"primaryImageOfPage":{"@id":"https:\/\/www.africa-press.net\/cotedivoire\/politique\/apres-la-sortie-dadjoumani-le-porte-parole-adjoint-du-fpi-repond-non-lopposition-na-pas-peur-de-ouattara-mais-de-votre-dictature#primaryimage"},"image":{"@id":"https:\/\/www.africa-press.net\/cotedivoire\/politique\/apres-la-sortie-dadjoumani-le-porte-parole-adjoint-du-fpi-repond-non-lopposition-na-pas-peur-de-ouattara-mais-de-votre-dictature#primaryimage"},"thumbnailUrl":"https:\/\/static.africa-press.net\/cote\/sites\/43\/2024\/12\/sm_1733918686.435219.jpg","datePublished":"2024-12-11T15:31:37+00:00","dateModified":"2024-12-11T15:35:03+00:00","author":{"@id":"https:\/\/www.africa-press.net\/cotedivoire\/#\/schema\/person\/2b1cf3cd81a31e3cd26889ca66d677f1"},"description":"Lia Gnan Ferdinand Dans un climat politique marque\u0301 par des tensions persistantes, le de\u0301bat autour d'un autre mandat c ...","breadcrumb":{"@id":"https:\/\/www.africa-press.net\/cotedivoire\/politique\/apres-la-sortie-dadjoumani-le-porte-parole-adjoint-du-fpi-repond-non-lopposition-na-pas-peur-de-ouattara-mais-de-votre-dictature#breadcrumb"},"inLanguage":"fr-FR","potentialAction":[{"@type":"ReadAction","target":["https:\/\/www.africa-press.net\/cotedivoire\/politique\/apres-la-sortie-dadjoumani-le-porte-parole-adjoint-du-fpi-repond-non-lopposition-na-pas-peur-de-ouattara-mais-de-votre-dictature"]}]},{"@type":"ImageObject","inLanguage":"fr-FR","@id":"https:\/\/www.africa-press.net\/cotedivoire\/politique\/apres-la-sortie-dadjoumani-le-porte-parole-adjoint-du-fpi-repond-non-lopposition-na-pas-peur-de-ouattara-mais-de-votre-dictature#primaryimage","url":"https:\/\/static.africa-press.net\/cote\/sites\/43\/2024\/12\/sm_1733918686.435219.jpg","contentUrl":"https:\/\/static.africa-press.net\/cote\/sites\/43\/2024\/12\/sm_1733918686.435219.jpg","width":720,"height":388,"caption":"Apr\u00e8s la sortie d'Adjoumani, le porte-parole adjoint du FPI r\u00e9pond \u00ab Non, l'opposition n'a pas peur de Ouattara, mais de votre dictature \u00bb"},{"@type":"BreadcrumbList","@id":"https:\/\/www.africa-press.net\/cotedivoire\/politique\/apres-la-sortie-dadjoumani-le-porte-parole-adjoint-du-fpi-repond-non-lopposition-na-pas-peur-de-ouattara-mais-de-votre-dictature#breadcrumb","itemListElement":[{"@type":"ListItem","position":1,"name":"Accueil","item":"https:\/\/www.africa-press.net\/cotedivoire\/"},{"@type":"ListItem","position":2,"name":"Apr\u00e8s la sortie d&#8217;Adjoumani, le porte-parole adjoint du FPI r\u00e9pond \u00ab Non, l&#8217;opposition n&#8217;a pas peur de Ouattara, mais de votre dictature \u00bb"}]},{"@type":"WebSite","@id":"https:\/\/www.africa-press.net\/cotedivoire\/#website","url":"https:\/\/www.africa-press.net\/cotedivoire\/","name":"C\u00f4te d&#039;Ivoire","description":"Just another Africa News Agency Sites site","potentialAction":[{"@type":"SearchAction","target":{"@type":"EntryPoint","urlTemplate":"https:\/\/www.africa-press.net\/cotedivoire\/?s={search_term_string}"},"query-input":{"@type":"PropertyValueSpecification","valueRequired":true,"valueName":"search_term_string"}}],"inLanguage":"fr-FR"},{"@type":"Person","@id":"https:\/\/www.africa-press.net\/cotedivoire\/#\/schema\/person\/2b1cf3cd81a31e3cd26889ca66d677f1","name":"cfeditorfr"}]}},"_links":{"self":[{"href":"https:\/\/www.africa-press.net\/cotedivoire\/wp-json\/wp\/v2\/posts\/92185","targetHints":{"allow":["GET"]}}],"collection":[{"href":"https:\/\/www.africa-press.net\/cotedivoire\/wp-json\/wp\/v2\/posts"}],"about":[{"href":"https:\/\/www.africa-press.net\/cotedivoire\/wp-json\/wp\/v2\/types\/post"}],"author":[{"embeddable":true,"href":"https:\/\/www.africa-press.net\/cotedivoire\/wp-json\/wp\/v2\/users\/82"}],"replies":[{"embeddable":true,"href":"https:\/\/www.africa-press.net\/cotedivoire\/wp-json\/wp\/v2\/comments?post=92185"}],"version-history":[{"count":0,"href":"https:\/\/www.africa-press.net\/cotedivoire\/wp-json\/wp\/v2\/posts\/92185\/revisions"}],"wp:featuredmedia":[{"embeddable":true,"href":"https:\/\/www.africa-press.net\/cotedivoire\/wp-json\/wp\/v2\/media\/92184"}],"wp:attachment":[{"href":"https:\/\/www.africa-press.net\/cotedivoire\/wp-json\/wp\/v2\/media?parent=92185"}],"wp:term":[{"taxonomy":"category","embeddable":true,"href":"https:\/\/www.africa-press.net\/cotedivoire\/wp-json\/wp\/v2\/categories?post=92185"},{"taxonomy":"post_tag","embeddable":true,"href":"https:\/\/www.africa-press.net\/cotedivoire\/wp-json\/wp\/v2\/tags?post=92185"}],"curies":[{"name":"wp","href":"https:\/\/api.w.org\/{rel}","templated":true}]}}