{"id":9219,"date":"2021-06-20T15:14:51","date_gmt":"2021-06-20T15:14:51","guid":{"rendered":"https:\/\/www.africa-press.net\/cotedivoire\/?p=9219"},"modified":"2021-06-20T18:14:51","modified_gmt":"2021-06-20T18:14:51","slug":"apres-astrazeneca-la-cote-divoire-lance-le-vaccin-pfizer-lundi","status":"publish","type":"post","link":"https:\/\/www.africa-press.net\/cotedivoire\/toutes-les-actualites\/apres-astrazeneca-la-cote-divoire-lance-le-vaccin-pfizer-lundi","title":{"rendered":"Apr\u00e8s AstraZeneca, la C\u00f4te-d\u2019Ivoire lance le vaccin Pfizer lundi"},"content":{"rendered":"<p><span style=\"color: #ff6600\"><strong><a href=\"https:\/\/www.africa-press.net\/\">Africa-Press<\/a> &#8211; <a href=\"https:\/\/www.africa-press.net\/cotedivoire\">C\u00f4te d&rsquo;Ivoire<\/a>.\u00a0 <\/strong><\/span>Apr\u00e8s avoir administr\u00e9 729.000 doses de vaccin Astrazeneca acquises pour la majorit\u00e9 dans le cadre de l\u2019initiative Covax, la C\u00f4te d\u2019Ivoire lance lundi une campagne de vaccination Pfizer contre le covid-19, a annonc\u00e9 le minist\u00e8re ivoirien de la Sant\u00e9, dans une note dimanche.<\/p>\n<p>Mercredi, le ministre de la Sant\u00e9, Pierre Dimba a r\u00e9ceptionn\u00e9 100.620 doses de vaccin de type Pfizer \u00e0 l\u2019a\u00e9roport F\u00e9lix Houphou\u00ebt Boigny.<\/p>\n<p>Le lancement du vaccin Pfizer se d\u00e9roulera lundi \u00e0 partir de 7H00 au Parc des sports de Treichville (Abidjan-sud) et dans les 10 districts sanitaires de la capitale \u00e9conomique.<\/p>\n<p>Selon plusieurs \u00e9tudes, le vaccin des laboratoires Pfizer (Etats-Unis) et BioNTech (Allemagne) \u00ab serait efficace \u00e0 95% \u00bb pour pr\u00e9venir les infections de covid-19, a expliqu\u00e9 le minist\u00e8re.<\/p>\n<p>La C\u00f4te d\u2019Ivoire qui a d\u00e9j\u00e0 vaccin\u00e9 pr\u00e8s d\u2019un million de personnes depuis le d\u00e9but de la campagne de vaccination le 1er mars, compte acqu\u00e9rir des millions de doses pour vacciner \u00e0 terme 8 millions d\u2019Ivoiriens.<\/p>\n<p>Au 19 juin, le pays compte 48.031 contamin\u00e9s au covid-19, soit 47.420 gu\u00e9ris, 307 d\u00e9c\u00e8s et 304 cas actifs.<\/p>\n<p>&nbsp;<\/p>\n","protected":false},"excerpt":{"rendered":"<p>Africa-Press &#8211; C\u00f4te d&rsquo;Ivoire.\u00a0 Apr\u00e8s avoir administr\u00e9 729.000 doses de vaccin Astrazeneca acquises pour la majorit\u00e9 dans le cadre de l\u2019initiative Covax, la C\u00f4te d\u2019Ivoire lance lundi une campagne de vaccination Pfizer contre le covid-19, a annonc\u00e9 le minist\u00e8re ivoirien de la Sant\u00e9, dans une note dimanche. Mercredi, le ministre de la Sant\u00e9, Pierre Dimba [&hellip;]<\/p>\n","protected":false},"author":82,"featured_media":9218,"comment_status":"open","ping_status":"closed","sticky":false,"template":"","format":"standard","meta":{"footnotes":""},"categories":[21,11,10],"tags":[56,63,29],"class_list":["post-9219","post","type-post","status-publish","format-standard","has-post-thumbnail","hentry","category-communaute","category-homepage-french","category-toutes-les-actualites","tag-africa-press","tag-africa-press-cote-divoire","tag-cote-divoire"],"yoast_head":"<!-- This site is optimized with the Yoast SEO Premium plugin v26.1 (Yoast SEO v27.0) - https:\/\/yoast.com\/product\/yoast-seo-premium-wordpress\/ -->\n<title>Apr\u00e8s AstraZeneca, la C\u00f4te-d\u2019Ivoire lance le vaccin Pfizer lundi - C\u00f4te d&#039;Ivoire<\/title>\n<meta name=\"robots\" content=\"index, follow, max-snippet:-1, max-image-preview:large, max-video-preview:-1\" \/>\n<link rel=\"canonical\" href=\"https:\/\/www.africa-press.net\/cotedivoire\/toutes-les-actualites\/apres-astrazeneca-la-cote-divoire-lance-le-vaccin-pfizer-lundi\" \/>\n<meta property=\"og:locale\" content=\"fr_FR\" \/>\n<meta property=\"og:type\" content=\"article\" \/>\n<meta property=\"og:title\" content=\"Apr\u00e8s AstraZeneca, la C\u00f4te-d\u2019Ivoire lance le vaccin Pfizer lundi\" \/>\n<meta property=\"og:description\" content=\"Africa-Press &#8211; C\u00f4te d&rsquo;Ivoire.\u00a0 Apr\u00e8s avoir administr\u00e9 729.000 doses de vaccin Astrazeneca acquises pour la majorit\u00e9 dans le cadre de l\u2019initiative Covax, la C\u00f4te d\u2019Ivoire lance lundi une campagne de vaccination Pfizer contre le covid-19, a annonc\u00e9 le minist\u00e8re ivoirien de la Sant\u00e9, dans une note dimanche. Mercredi, le ministre de la Sant\u00e9, Pierre Dimba [&hellip;]\" \/>\n<meta property=\"og:url\" content=\"https:\/\/www.africa-press.net\/cotedivoire\/toutes-les-actualites\/apres-astrazeneca-la-cote-divoire-lance-le-vaccin-pfizer-lundi\" \/>\n<meta property=\"og:site_name\" content=\"C\u00f4te d&#039;Ivoire\" \/>\n<meta property=\"article:published_time\" content=\"2021-06-20T15:14:51+00:00\" \/>\n<meta property=\"article:modified_time\" content=\"2021-06-20T18:14:51+00:00\" \/>\n<meta property=\"og:image\" content=\"https:\/\/static.africa-press.net\/cote\/sites\/43\/2021\/06\/img-60cf545689c7b.jpg\" \/>\n\t<meta property=\"og:image:width\" content=\"720\" \/>\n\t<meta property=\"og:image:height\" content=\"479\" \/>\n\t<meta property=\"og:image:type\" content=\"image\/jpeg\" \/>\n<meta name=\"author\" content=\"cfeditorfr\" \/>\n<meta name=\"twitter:card\" content=\"summary_large_image\" \/>\n<meta name=\"twitter:label1\" content=\"\u00c9crit par\" \/>\n\t<meta name=\"twitter:data1\" content=\"cfeditorfr\" \/>\n\t<meta name=\"twitter:label2\" content=\"Dur\u00e9e de lecture estim\u00e9e\" \/>\n\t<meta name=\"twitter:data2\" content=\"1 minute\" \/>\n<script type=\"application\/ld+json\" class=\"yoast-schema-graph\">{\"@context\":\"https:\/\/schema.org\",\"@graph\":[{\"@type\":\"Article\",\"@id\":\"https:\/\/www.africa-press.net\/cotedivoire\/toutes-les-actualites\/apres-astrazeneca-la-cote-divoire-lance-le-vaccin-pfizer-lundi#article\",\"isPartOf\":{\"@id\":\"https:\/\/www.africa-press.net\/cotedivoire\/toutes-les-actualites\/apres-astrazeneca-la-cote-divoire-lance-le-vaccin-pfizer-lundi\"},\"author\":{\"name\":\"cfeditorfr\",\"@id\":\"https:\/\/www.africa-press.net\/cotedivoire\/#\/schema\/person\/2b1cf3cd81a31e3cd26889ca66d677f1\"},\"headline\":\"Apr\u00e8s AstraZeneca, la C\u00f4te-d\u2019Ivoire lance le vaccin Pfizer lundi\",\"datePublished\":\"2021-06-20T15:14:51+00:00\",\"dateModified\":\"2021-06-20T18:14:51+00:00\",\"mainEntityOfPage\":{\"@id\":\"https:\/\/www.africa-press.net\/cotedivoire\/toutes-les-actualites\/apres-astrazeneca-la-cote-divoire-lance-le-vaccin-pfizer-lundi\"},\"wordCount\":205,\"commentCount\":0,\"image\":{\"@id\":\"https:\/\/www.africa-press.net\/cotedivoire\/toutes-les-actualites\/apres-astrazeneca-la-cote-divoire-lance-le-vaccin-pfizer-lundi#primaryimage\"},\"thumbnailUrl\":\"https:\/\/static.africa-press.net\/cote\/sites\/43\/2021\/06\/img-60cf545689c7b.jpg\",\"keywords\":[\"Africa Press\",\"Africa Press-C\u00f4te d'Ivoire\",\"C\u00d4TE D'IVOIRE\"],\"articleSection\":[\"Communaut\u00e9\",\"homepage-french\",\"Toutes les actualit\u00e9s\"],\"inLanguage\":\"fr-FR\",\"potentialAction\":[{\"@type\":\"CommentAction\",\"name\":\"Comment\",\"target\":[\"https:\/\/www.africa-press.net\/cotedivoire\/toutes-les-actualites\/apres-astrazeneca-la-cote-divoire-lance-le-vaccin-pfizer-lundi#respond\"]}]},{\"@type\":\"WebPage\",\"@id\":\"https:\/\/www.africa-press.net\/cotedivoire\/toutes-les-actualites\/apres-astrazeneca-la-cote-divoire-lance-le-vaccin-pfizer-lundi\",\"url\":\"https:\/\/www.africa-press.net\/cotedivoire\/toutes-les-actualites\/apres-astrazeneca-la-cote-divoire-lance-le-vaccin-pfizer-lundi\",\"name\":\"Apr\u00e8s AstraZeneca, la C\u00f4te-d\u2019Ivoire lance le vaccin Pfizer lundi - C\u00f4te d&#039;Ivoire\",\"isPartOf\":{\"@id\":\"https:\/\/www.africa-press.net\/cotedivoire\/#website\"},\"primaryImageOfPage\":{\"@id\":\"https:\/\/www.africa-press.net\/cotedivoire\/toutes-les-actualites\/apres-astrazeneca-la-cote-divoire-lance-le-vaccin-pfizer-lundi#primaryimage\"},\"image\":{\"@id\":\"https:\/\/www.africa-press.net\/cotedivoire\/toutes-les-actualites\/apres-astrazeneca-la-cote-divoire-lance-le-vaccin-pfizer-lundi#primaryimage\"},\"thumbnailUrl\":\"https:\/\/static.africa-press.net\/cote\/sites\/43\/2021\/06\/img-60cf545689c7b.jpg\",\"datePublished\":\"2021-06-20T15:14:51+00:00\",\"dateModified\":\"2021-06-20T18:14:51+00:00\",\"author\":{\"@id\":\"https:\/\/www.africa-press.net\/cotedivoire\/#\/schema\/person\/2b1cf3cd81a31e3cd26889ca66d677f1\"},\"breadcrumb\":{\"@id\":\"https:\/\/www.africa-press.net\/cotedivoire\/toutes-les-actualites\/apres-astrazeneca-la-cote-divoire-lance-le-vaccin-pfizer-lundi#breadcrumb\"},\"inLanguage\":\"fr-FR\",\"potentialAction\":[{\"@type\":\"ReadAction\",\"target\":[\"https:\/\/www.africa-press.net\/cotedivoire\/toutes-les-actualites\/apres-astrazeneca-la-cote-divoire-lance-le-vaccin-pfizer-lundi\"]}]},{\"@type\":\"ImageObject\",\"inLanguage\":\"fr-FR\",\"@id\":\"https:\/\/www.africa-press.net\/cotedivoire\/toutes-les-actualites\/apres-astrazeneca-la-cote-divoire-lance-le-vaccin-pfizer-lundi#primaryimage\",\"url\":\"https:\/\/static.africa-press.net\/cote\/sites\/43\/2021\/06\/img-60cf545689c7b.jpg\",\"contentUrl\":\"https:\/\/static.africa-press.net\/cote\/sites\/43\/2021\/06\/img-60cf545689c7b.jpg\",\"width\":720,\"height\":479,\"caption\":\"Apr\u00e8s AstraZeneca, la C\u00f4te-d\u2019Ivoire lance le vaccin Pfizer lundi\"},{\"@type\":\"BreadcrumbList\",\"@id\":\"https:\/\/www.africa-press.net\/cotedivoire\/toutes-les-actualites\/apres-astrazeneca-la-cote-divoire-lance-le-vaccin-pfizer-lundi#breadcrumb\",\"itemListElement\":[{\"@type\":\"ListItem\",\"position\":1,\"name\":\"Accueil\",\"item\":\"https:\/\/www.africa-press.net\/cotedivoire\/\"},{\"@type\":\"ListItem\",\"position\":2,\"name\":\"Apr\u00e8s AstraZeneca, la C\u00f4te-d\u2019Ivoire lance le vaccin Pfizer lundi\"}]},{\"@type\":\"WebSite\",\"@id\":\"https:\/\/www.africa-press.net\/cotedivoire\/#website\",\"url\":\"https:\/\/www.africa-press.net\/cotedivoire\/\",\"name\":\"C\u00f4te d&#039;Ivoire\",\"description\":\"Just another Africa News Agency Sites site\",\"potentialAction\":[{\"@type\":\"SearchAction\",\"target\":{\"@type\":\"EntryPoint\",\"urlTemplate\":\"https:\/\/www.africa-press.net\/cotedivoire\/?s={search_term_string}\"},\"query-input\":{\"@type\":\"PropertyValueSpecification\",\"valueRequired\":true,\"valueName\":\"search_term_string\"}}],\"inLanguage\":\"fr-FR\"},{\"@type\":\"Person\",\"@id\":\"https:\/\/www.africa-press.net\/cotedivoire\/#\/schema\/person\/2b1cf3cd81a31e3cd26889ca66d677f1\",\"name\":\"cfeditorfr\"}]}<\/script>\n<!-- \/ Yoast SEO Premium plugin. -->","yoast_head_json":{"title":"Apr\u00e8s AstraZeneca, la C\u00f4te-d\u2019Ivoire lance le vaccin Pfizer lundi - C\u00f4te d&#039;Ivoire","robots":{"index":"index","follow":"follow","max-snippet":"max-snippet:-1","max-image-preview":"max-image-preview:large","max-video-preview":"max-video-preview:-1"},"canonical":"https:\/\/www.africa-press.net\/cotedivoire\/toutes-les-actualites\/apres-astrazeneca-la-cote-divoire-lance-le-vaccin-pfizer-lundi","og_locale":"fr_FR","og_type":"article","og_title":"Apr\u00e8s AstraZeneca, la C\u00f4te-d\u2019Ivoire lance le vaccin Pfizer lundi","og_description":"Africa-Press &#8211; C\u00f4te d&rsquo;Ivoire.\u00a0 Apr\u00e8s avoir administr\u00e9 729.000 doses de vaccin Astrazeneca acquises pour la majorit\u00e9 dans le cadre de l\u2019initiative Covax, la C\u00f4te d\u2019Ivoire lance lundi une campagne de vaccination Pfizer contre le covid-19, a annonc\u00e9 le minist\u00e8re ivoirien de la Sant\u00e9, dans une note dimanche. Mercredi, le ministre de la Sant\u00e9, Pierre Dimba [&hellip;]","og_url":"https:\/\/www.africa-press.net\/cotedivoire\/toutes-les-actualites\/apres-astrazeneca-la-cote-divoire-lance-le-vaccin-pfizer-lundi","og_site_name":"C\u00f4te d&#039;Ivoire","article_published_time":"2021-06-20T15:14:51+00:00","article_modified_time":"2021-06-20T18:14:51+00:00","og_image":[{"width":720,"height":479,"url":"https:\/\/static.africa-press.net\/cote\/sites\/43\/2021\/06\/img-60cf545689c7b.jpg","type":"image\/jpeg"}],"author":"cfeditorfr","twitter_card":"summary_large_image","twitter_misc":{"\u00c9crit par":"cfeditorfr","Dur\u00e9e de lecture estim\u00e9e":"1 minute"},"schema":{"@context":"https:\/\/schema.org","@graph":[{"@type":"Article","@id":"https:\/\/www.africa-press.net\/cotedivoire\/toutes-les-actualites\/apres-astrazeneca-la-cote-divoire-lance-le-vaccin-pfizer-lundi#article","isPartOf":{"@id":"https:\/\/www.africa-press.net\/cotedivoire\/toutes-les-actualites\/apres-astrazeneca-la-cote-divoire-lance-le-vaccin-pfizer-lundi"},"author":{"name":"cfeditorfr","@id":"https:\/\/www.africa-press.net\/cotedivoire\/#\/schema\/person\/2b1cf3cd81a31e3cd26889ca66d677f1"},"headline":"Apr\u00e8s AstraZeneca, la C\u00f4te-d\u2019Ivoire lance le vaccin Pfizer lundi","datePublished":"2021-06-20T15:14:51+00:00","dateModified":"2021-06-20T18:14:51+00:00","mainEntityOfPage":{"@id":"https:\/\/www.africa-press.net\/cotedivoire\/toutes-les-actualites\/apres-astrazeneca-la-cote-divoire-lance-le-vaccin-pfizer-lundi"},"wordCount":205,"commentCount":0,"image":{"@id":"https:\/\/www.africa-press.net\/cotedivoire\/toutes-les-actualites\/apres-astrazeneca-la-cote-divoire-lance-le-vaccin-pfizer-lundi#primaryimage"},"thumbnailUrl":"https:\/\/static.africa-press.net\/cote\/sites\/43\/2021\/06\/img-60cf545689c7b.jpg","keywords":["Africa Press","Africa Press-C\u00f4te d'Ivoire","C\u00d4TE D'IVOIRE"],"articleSection":["Communaut\u00e9","homepage-french","Toutes les actualit\u00e9s"],"inLanguage":"fr-FR","potentialAction":[{"@type":"CommentAction","name":"Comment","target":["https:\/\/www.africa-press.net\/cotedivoire\/toutes-les-actualites\/apres-astrazeneca-la-cote-divoire-lance-le-vaccin-pfizer-lundi#respond"]}]},{"@type":"WebPage","@id":"https:\/\/www.africa-press.net\/cotedivoire\/toutes-les-actualites\/apres-astrazeneca-la-cote-divoire-lance-le-vaccin-pfizer-lundi","url":"https:\/\/www.africa-press.net\/cotedivoire\/toutes-les-actualites\/apres-astrazeneca-la-cote-divoire-lance-le-vaccin-pfizer-lundi","name":"Apr\u00e8s AstraZeneca, la C\u00f4te-d\u2019Ivoire lance le vaccin Pfizer lundi - C\u00f4te d&#039;Ivoire","isPartOf":{"@id":"https:\/\/www.africa-press.net\/cotedivoire\/#website"},"primaryImageOfPage":{"@id":"https:\/\/www.africa-press.net\/cotedivoire\/toutes-les-actualites\/apres-astrazeneca-la-cote-divoire-lance-le-vaccin-pfizer-lundi#primaryimage"},"image":{"@id":"https:\/\/www.africa-press.net\/cotedivoire\/toutes-les-actualites\/apres-astrazeneca-la-cote-divoire-lance-le-vaccin-pfizer-lundi#primaryimage"},"thumbnailUrl":"https:\/\/static.africa-press.net\/cote\/sites\/43\/2021\/06\/img-60cf545689c7b.jpg","datePublished":"2021-06-20T15:14:51+00:00","dateModified":"2021-06-20T18:14:51+00:00","author":{"@id":"https:\/\/www.africa-press.net\/cotedivoire\/#\/schema\/person\/2b1cf3cd81a31e3cd26889ca66d677f1"},"breadcrumb":{"@id":"https:\/\/www.africa-press.net\/cotedivoire\/toutes-les-actualites\/apres-astrazeneca-la-cote-divoire-lance-le-vaccin-pfizer-lundi#breadcrumb"},"inLanguage":"fr-FR","potentialAction":[{"@type":"ReadAction","target":["https:\/\/www.africa-press.net\/cotedivoire\/toutes-les-actualites\/apres-astrazeneca-la-cote-divoire-lance-le-vaccin-pfizer-lundi"]}]},{"@type":"ImageObject","inLanguage":"fr-FR","@id":"https:\/\/www.africa-press.net\/cotedivoire\/toutes-les-actualites\/apres-astrazeneca-la-cote-divoire-lance-le-vaccin-pfizer-lundi#primaryimage","url":"https:\/\/static.africa-press.net\/cote\/sites\/43\/2021\/06\/img-60cf545689c7b.jpg","contentUrl":"https:\/\/static.africa-press.net\/cote\/sites\/43\/2021\/06\/img-60cf545689c7b.jpg","width":720,"height":479,"caption":"Apr\u00e8s AstraZeneca, la C\u00f4te-d\u2019Ivoire lance le vaccin Pfizer lundi"},{"@type":"BreadcrumbList","@id":"https:\/\/www.africa-press.net\/cotedivoire\/toutes-les-actualites\/apres-astrazeneca-la-cote-divoire-lance-le-vaccin-pfizer-lundi#breadcrumb","itemListElement":[{"@type":"ListItem","position":1,"name":"Accueil","item":"https:\/\/www.africa-press.net\/cotedivoire\/"},{"@type":"ListItem","position":2,"name":"Apr\u00e8s AstraZeneca, la C\u00f4te-d\u2019Ivoire lance le vaccin Pfizer lundi"}]},{"@type":"WebSite","@id":"https:\/\/www.africa-press.net\/cotedivoire\/#website","url":"https:\/\/www.africa-press.net\/cotedivoire\/","name":"C\u00f4te d&#039;Ivoire","description":"Just another Africa News Agency Sites site","potentialAction":[{"@type":"SearchAction","target":{"@type":"EntryPoint","urlTemplate":"https:\/\/www.africa-press.net\/cotedivoire\/?s={search_term_string}"},"query-input":{"@type":"PropertyValueSpecification","valueRequired":true,"valueName":"search_term_string"}}],"inLanguage":"fr-FR"},{"@type":"Person","@id":"https:\/\/www.africa-press.net\/cotedivoire\/#\/schema\/person\/2b1cf3cd81a31e3cd26889ca66d677f1","name":"cfeditorfr"}]}},"_links":{"self":[{"href":"https:\/\/www.africa-press.net\/cotedivoire\/wp-json\/wp\/v2\/posts\/9219","targetHints":{"allow":["GET"]}}],"collection":[{"href":"https:\/\/www.africa-press.net\/cotedivoire\/wp-json\/wp\/v2\/posts"}],"about":[{"href":"https:\/\/www.africa-press.net\/cotedivoire\/wp-json\/wp\/v2\/types\/post"}],"author":[{"embeddable":true,"href":"https:\/\/www.africa-press.net\/cotedivoire\/wp-json\/wp\/v2\/users\/82"}],"replies":[{"embeddable":true,"href":"https:\/\/www.africa-press.net\/cotedivoire\/wp-json\/wp\/v2\/comments?post=9219"}],"version-history":[{"count":0,"href":"https:\/\/www.africa-press.net\/cotedivoire\/wp-json\/wp\/v2\/posts\/9219\/revisions"}],"wp:featuredmedia":[{"embeddable":true,"href":"https:\/\/www.africa-press.net\/cotedivoire\/wp-json\/wp\/v2\/media\/9218"}],"wp:attachment":[{"href":"https:\/\/www.africa-press.net\/cotedivoire\/wp-json\/wp\/v2\/media?parent=9219"}],"wp:term":[{"taxonomy":"category","embeddable":true,"href":"https:\/\/www.africa-press.net\/cotedivoire\/wp-json\/wp\/v2\/categories?post=9219"},{"taxonomy":"post_tag","embeddable":true,"href":"https:\/\/www.africa-press.net\/cotedivoire\/wp-json\/wp\/v2\/tags?post=9219"}],"curies":[{"name":"wp","href":"https:\/\/api.w.org\/{rel}","templated":true}]}}