{"id":92204,"date":"2024-12-12T18:54:40","date_gmt":"2024-12-12T18:54:40","guid":{"rendered":"https:\/\/www.africa-press.net\/cotedivoire\/politique\/presentation-de-son-livre-hamadoun-toure-ex-porte-parole-de-lonuci-la-cote-divoire-ne-compte-plus-les-morts-mais-les-ponts"},"modified":"2024-12-12T19:21:51","modified_gmt":"2024-12-12T19:21:51","slug":"presentation-de-son-livre-hamadoun-toure-ex-porte-parole-de-lonuci-la-cote-divoire-ne-compte-plus-les-morts-mais-les-ponts","status":"publish","type":"post","link":"https:\/\/www.africa-press.net\/cotedivoire\/politique\/presentation-de-son-livre-hamadoun-toure-ex-porte-parole-de-lonuci-la-cote-divoire-ne-compte-plus-les-morts-mais-les-ponts","title":{"rendered":"Pr\u00e9sentation de son livre, Hamadoun Tour\u00e9 (ex-porte-parole de l&rsquo;ONUCI) : \u00ab La C\u00f4te d&rsquo;Ivoire ne compte plus les morts, mais les ponts \u00bb"},"content":{"rendered":"<p><span style=\"color: #ff6600\"><strong>Africa-Press &#8211; C\u00f4te d&rsquo;Ivoire. <\/strong><\/span>L\u2019ex-porte-parole de l\u2019Organisation des Nations Unies en Co\u0302te d\u2019Ivoire (ONUCI), Hamadoun Toure\u0301 vient de sortir un livre qui a pour titre: \u00ab Co\u0302te d\u2019Ivoire, la renaissance \u00bb.<\/p>\n<p>L\u2019\u0153uvre a e\u0301te\u0301 de\u0301dicace\u0301 le mercredi 11 decembre 2024 a\u0300 Abidjan. Une occasion pour l\u2019ex-Ministre malien des TIC de relever les progre\u0300s qui ont e\u0301te\u0301 faits par la Co\u0302te d\u2019Ivoire depuis l\u2019arrive\u0301e au pouvoir d\u2019Alassane Ouattara en avril 2011.<\/p>\n<p>Et selon les me\u0301dias proches du RHDP, l\u2019ex-cadre des Nations Unies a tenu de tels propos: \u00ab Ouattara est passe\u0301 de l\u2019orage a\u0300 la be\u0301atitude ; Avec lui, on ne compte plus les morts mais les ponts ; Aujourd\u2019hui l\u2019eau, l\u2019e\u0301lectricite\u0301 les logements, les routes bitume\u0301es ne sont plus un luxe \u00bb, rapporte-t-on.<\/p>\n<p>Une sortie de l\u2019ex-porte-parole de l\u2019ONUCI qui ne manquera par certainement de faire re\u0301agir la classe politique ivoirienne dans les prochains jours&#8230;<\/p>\n<p><strong>Pour plus d&rsquo;informations et d&rsquo;analyses sur la <span style=\"color: #ff6600\">C\u00f4te d&rsquo;Ivoire<\/span>, suivez <span style=\"color: #ff6600\">Africa-Press<\/span><\/strong><\/p>\n","protected":false},"excerpt":{"rendered":"<p>Africa-Press &#8211; C\u00f4te d&rsquo;Ivoire. L\u2019ex-porte-parole de l\u2019Organisation des Nations Unies en Co\u0302te d\u2019Ivoire (ONUCI), Hamadoun Toure\u0301 vient de sortir un livre qui a pour titre: \u00ab Co\u0302te d\u2019Ivoire, la renaissance \u00bb. L\u2019\u0153uvre a e\u0301te\u0301 de\u0301dicace\u0301 le mercredi 11 decembre 2024 a\u0300 Abidjan. Une occasion pour l\u2019ex-Ministre malien des TIC de relever les progre\u0300s qui ont [&hellip;]<\/p>\n","protected":false},"author":82,"featured_media":92203,"comment_status":"open","ping_status":"closed","sticky":false,"template":"","format":"standard","meta":{"footnotes":""},"categories":[2,10],"tags":[29,16003,6552,727],"class_list":["post-92204","post","type-post","status-publish","format-standard","has-post-thumbnail","hentry","category-politique","category-toutes-les-actualites","tag-cote-divoire","tag-hamadoun-toure","tag-onuci","tag-ouattara"],"yoast_head":"<!-- This site is optimized with the Yoast SEO Premium plugin v26.1 (Yoast SEO v27.0) - https:\/\/yoast.com\/product\/yoast-seo-premium-wordpress\/ -->\n<title>Pr\u00e9sentation de son livre, Hamadoun Tour\u00e9 (ex-porte-parole de l&#039;ONUCI) : \u00ab La C\u00f4te d&#039;Ivoire ne compte plus les morts, mais les ponts \u00bb - C\u00f4te d&#039;Ivoire<\/title>\n<meta name=\"description\" content=\"L\u2019ex-porte-parole de l\u2019Organisation des Nations Unies en Co\u0302te d\u2019Ivoire (ONUCI), Hamadoun Toure\u0301 vient de sortir un livr ...\" \/>\n<meta name=\"robots\" content=\"index, follow, max-snippet:-1, max-image-preview:large, max-video-preview:-1\" \/>\n<link rel=\"canonical\" href=\"https:\/\/www.africa-press.net\/cotedivoire\/politique\/presentation-de-son-livre-hamadoun-toure-ex-porte-parole-de-lonuci-la-cote-divoire-ne-compte-plus-les-morts-mais-les-ponts\" \/>\n<meta property=\"og:locale\" content=\"fr_FR\" \/>\n<meta property=\"og:type\" content=\"article\" \/>\n<meta property=\"og:title\" content=\"Pr\u00e9sentation de son livre, Hamadoun Tour\u00e9 (ex-porte-parole de l&#039;ONUCI) : \u00ab La C\u00f4te d&#039;Ivoire ne compte plus les morts, mais les ponts \u00bb\" \/>\n<meta property=\"og:description\" content=\"L\u2019ex-porte-parole de l\u2019Organisation des Nations Unies en Co\u0302te d\u2019Ivoire (ONUCI), Hamadoun Toure\u0301 vient de sortir un livr ...\" \/>\n<meta property=\"og:url\" content=\"https:\/\/www.africa-press.net\/cotedivoire\/politique\/presentation-de-son-livre-hamadoun-toure-ex-porte-parole-de-lonuci-la-cote-divoire-ne-compte-plus-les-morts-mais-les-ponts\" \/>\n<meta property=\"og:site_name\" content=\"C\u00f4te d&#039;Ivoire\" \/>\n<meta property=\"article:published_time\" content=\"2024-12-12T18:54:40+00:00\" \/>\n<meta property=\"article:modified_time\" content=\"2024-12-12T19:21:51+00:00\" \/>\n<meta property=\"og:image\" content=\"https:\/\/static.africa-press.net\/cote\/sites\/43\/2024\/12\/sm_1734018669.666942.jpg\" \/>\n\t<meta property=\"og:image:width\" content=\"720\" \/>\n\t<meta property=\"og:image:height\" content=\"470\" \/>\n\t<meta property=\"og:image:type\" content=\"image\/jpeg\" \/>\n<meta name=\"author\" content=\"cfeditorfr\" \/>\n<meta name=\"twitter:card\" content=\"summary_large_image\" \/>\n<meta name=\"twitter:label1\" content=\"\u00c9crit par\" \/>\n\t<meta name=\"twitter:data1\" content=\"cfeditorfr\" \/>\n\t<meta name=\"twitter:label2\" content=\"Dur\u00e9e de lecture estim\u00e9e\" \/>\n\t<meta name=\"twitter:data2\" content=\"1 minute\" \/>\n<script type=\"application\/ld+json\" class=\"yoast-schema-graph\">{\"@context\":\"https:\/\/schema.org\",\"@graph\":[{\"@type\":\"Article\",\"@id\":\"https:\/\/www.africa-press.net\/cotedivoire\/politique\/presentation-de-son-livre-hamadoun-toure-ex-porte-parole-de-lonuci-la-cote-divoire-ne-compte-plus-les-morts-mais-les-ponts#article\",\"isPartOf\":{\"@id\":\"https:\/\/www.africa-press.net\/cotedivoire\/politique\/presentation-de-son-livre-hamadoun-toure-ex-porte-parole-de-lonuci-la-cote-divoire-ne-compte-plus-les-morts-mais-les-ponts\"},\"author\":{\"name\":\"cfeditorfr\",\"@id\":\"https:\/\/www.africa-press.net\/cotedivoire\/#\/schema\/person\/2b1cf3cd81a31e3cd26889ca66d677f1\"},\"headline\":\"Pr\u00e9sentation de son livre, Hamadoun Tour\u00e9 (ex-porte-parole de l&rsquo;ONUCI) : \u00ab La C\u00f4te d&rsquo;Ivoire ne compte plus les morts, mais les ponts \u00bb\",\"datePublished\":\"2024-12-12T18:54:40+00:00\",\"dateModified\":\"2024-12-12T19:21:51+00:00\",\"mainEntityOfPage\":{\"@id\":\"https:\/\/www.africa-press.net\/cotedivoire\/politique\/presentation-de-son-livre-hamadoun-toure-ex-porte-parole-de-lonuci-la-cote-divoire-ne-compte-plus-les-morts-mais-les-ponts\"},\"wordCount\":206,\"commentCount\":0,\"image\":{\"@id\":\"https:\/\/www.africa-press.net\/cotedivoire\/politique\/presentation-de-son-livre-hamadoun-toure-ex-porte-parole-de-lonuci-la-cote-divoire-ne-compte-plus-les-morts-mais-les-ponts#primaryimage\"},\"thumbnailUrl\":\"https:\/\/static.africa-press.net\/cote\/sites\/43\/2024\/12\/sm_1734018669.666942.jpg\",\"keywords\":[\"C\u00d4TE D'IVOIRE\",\"Hamadoun Tour\u00e9\",\"ONUCI\",\"Ouattara\"],\"articleSection\":[\"Politique\",\"Toutes les actualit\u00e9s\"],\"inLanguage\":\"fr-FR\",\"potentialAction\":[{\"@type\":\"CommentAction\",\"name\":\"Comment\",\"target\":[\"https:\/\/www.africa-press.net\/cotedivoire\/politique\/presentation-de-son-livre-hamadoun-toure-ex-porte-parole-de-lonuci-la-cote-divoire-ne-compte-plus-les-morts-mais-les-ponts#respond\"]}]},{\"@type\":\"WebPage\",\"@id\":\"https:\/\/www.africa-press.net\/cotedivoire\/politique\/presentation-de-son-livre-hamadoun-toure-ex-porte-parole-de-lonuci-la-cote-divoire-ne-compte-plus-les-morts-mais-les-ponts\",\"url\":\"https:\/\/www.africa-press.net\/cotedivoire\/politique\/presentation-de-son-livre-hamadoun-toure-ex-porte-parole-de-lonuci-la-cote-divoire-ne-compte-plus-les-morts-mais-les-ponts\",\"name\":\"Pr\u00e9sentation de son livre, Hamadoun Tour\u00e9 (ex-porte-parole de l'ONUCI) : \u00ab La C\u00f4te d'Ivoire ne compte plus les morts, mais les ponts \u00bb - C\u00f4te d&#039;Ivoire\",\"isPartOf\":{\"@id\":\"https:\/\/www.africa-press.net\/cotedivoire\/#website\"},\"primaryImageOfPage\":{\"@id\":\"https:\/\/www.africa-press.net\/cotedivoire\/politique\/presentation-de-son-livre-hamadoun-toure-ex-porte-parole-de-lonuci-la-cote-divoire-ne-compte-plus-les-morts-mais-les-ponts#primaryimage\"},\"image\":{\"@id\":\"https:\/\/www.africa-press.net\/cotedivoire\/politique\/presentation-de-son-livre-hamadoun-toure-ex-porte-parole-de-lonuci-la-cote-divoire-ne-compte-plus-les-morts-mais-les-ponts#primaryimage\"},\"thumbnailUrl\":\"https:\/\/static.africa-press.net\/cote\/sites\/43\/2024\/12\/sm_1734018669.666942.jpg\",\"datePublished\":\"2024-12-12T18:54:40+00:00\",\"dateModified\":\"2024-12-12T19:21:51+00:00\",\"author\":{\"@id\":\"https:\/\/www.africa-press.net\/cotedivoire\/#\/schema\/person\/2b1cf3cd81a31e3cd26889ca66d677f1\"},\"description\":\"L\u2019ex-porte-parole de l\u2019Organisation des Nations Unies en Co\u0302te d\u2019Ivoire (ONUCI), Hamadoun Toure\u0301 vient de sortir un livr ...\",\"breadcrumb\":{\"@id\":\"https:\/\/www.africa-press.net\/cotedivoire\/politique\/presentation-de-son-livre-hamadoun-toure-ex-porte-parole-de-lonuci-la-cote-divoire-ne-compte-plus-les-morts-mais-les-ponts#breadcrumb\"},\"inLanguage\":\"fr-FR\",\"potentialAction\":[{\"@type\":\"ReadAction\",\"target\":[\"https:\/\/www.africa-press.net\/cotedivoire\/politique\/presentation-de-son-livre-hamadoun-toure-ex-porte-parole-de-lonuci-la-cote-divoire-ne-compte-plus-les-morts-mais-les-ponts\"]}]},{\"@type\":\"ImageObject\",\"inLanguage\":\"fr-FR\",\"@id\":\"https:\/\/www.africa-press.net\/cotedivoire\/politique\/presentation-de-son-livre-hamadoun-toure-ex-porte-parole-de-lonuci-la-cote-divoire-ne-compte-plus-les-morts-mais-les-ponts#primaryimage\",\"url\":\"https:\/\/static.africa-press.net\/cote\/sites\/43\/2024\/12\/sm_1734018669.666942.jpg\",\"contentUrl\":\"https:\/\/static.africa-press.net\/cote\/sites\/43\/2024\/12\/sm_1734018669.666942.jpg\",\"width\":720,\"height\":470,\"caption\":\"Pr\u00e9sentation de son livre, Hamadoun Tour\u00e9 (ex-porte-parole de l'ONUCI) : \u00ab La C\u00f4te d'Ivoire ne compte plus les morts, mais les ponts \u00bb\"},{\"@type\":\"BreadcrumbList\",\"@id\":\"https:\/\/www.africa-press.net\/cotedivoire\/politique\/presentation-de-son-livre-hamadoun-toure-ex-porte-parole-de-lonuci-la-cote-divoire-ne-compte-plus-les-morts-mais-les-ponts#breadcrumb\",\"itemListElement\":[{\"@type\":\"ListItem\",\"position\":1,\"name\":\"Accueil\",\"item\":\"https:\/\/www.africa-press.net\/cotedivoire\/\"},{\"@type\":\"ListItem\",\"position\":2,\"name\":\"Pr\u00e9sentation de son livre, Hamadoun Tour\u00e9 (ex-porte-parole de l&#8217;ONUCI) : \u00ab La C\u00f4te d&#8217;Ivoire ne compte plus les morts, mais les ponts \u00bb\"}]},{\"@type\":\"WebSite\",\"@id\":\"https:\/\/www.africa-press.net\/cotedivoire\/#website\",\"url\":\"https:\/\/www.africa-press.net\/cotedivoire\/\",\"name\":\"C\u00f4te d&#039;Ivoire\",\"description\":\"Just another Africa News Agency Sites site\",\"potentialAction\":[{\"@type\":\"SearchAction\",\"target\":{\"@type\":\"EntryPoint\",\"urlTemplate\":\"https:\/\/www.africa-press.net\/cotedivoire\/?s={search_term_string}\"},\"query-input\":{\"@type\":\"PropertyValueSpecification\",\"valueRequired\":true,\"valueName\":\"search_term_string\"}}],\"inLanguage\":\"fr-FR\"},{\"@type\":\"Person\",\"@id\":\"https:\/\/www.africa-press.net\/cotedivoire\/#\/schema\/person\/2b1cf3cd81a31e3cd26889ca66d677f1\",\"name\":\"cfeditorfr\"}]}<\/script>\n<!-- \/ Yoast SEO Premium plugin. -->","yoast_head_json":{"title":"Pr\u00e9sentation de son livre, Hamadoun Tour\u00e9 (ex-porte-parole de l'ONUCI) : \u00ab La C\u00f4te d'Ivoire ne compte plus les morts, mais les ponts \u00bb - C\u00f4te d&#039;Ivoire","description":"L\u2019ex-porte-parole de l\u2019Organisation des Nations Unies en Co\u0302te d\u2019Ivoire (ONUCI), Hamadoun Toure\u0301 vient de sortir un livr ...","robots":{"index":"index","follow":"follow","max-snippet":"max-snippet:-1","max-image-preview":"max-image-preview:large","max-video-preview":"max-video-preview:-1"},"canonical":"https:\/\/www.africa-press.net\/cotedivoire\/politique\/presentation-de-son-livre-hamadoun-toure-ex-porte-parole-de-lonuci-la-cote-divoire-ne-compte-plus-les-morts-mais-les-ponts","og_locale":"fr_FR","og_type":"article","og_title":"Pr\u00e9sentation de son livre, Hamadoun Tour\u00e9 (ex-porte-parole de l'ONUCI) : \u00ab La C\u00f4te d'Ivoire ne compte plus les morts, mais les ponts \u00bb","og_description":"L\u2019ex-porte-parole de l\u2019Organisation des Nations Unies en Co\u0302te d\u2019Ivoire (ONUCI), Hamadoun Toure\u0301 vient de sortir un livr ...","og_url":"https:\/\/www.africa-press.net\/cotedivoire\/politique\/presentation-de-son-livre-hamadoun-toure-ex-porte-parole-de-lonuci-la-cote-divoire-ne-compte-plus-les-morts-mais-les-ponts","og_site_name":"C\u00f4te d&#039;Ivoire","article_published_time":"2024-12-12T18:54:40+00:00","article_modified_time":"2024-12-12T19:21:51+00:00","og_image":[{"width":720,"height":470,"url":"https:\/\/static.africa-press.net\/cote\/sites\/43\/2024\/12\/sm_1734018669.666942.jpg","type":"image\/jpeg"}],"author":"cfeditorfr","twitter_card":"summary_large_image","twitter_misc":{"\u00c9crit par":"cfeditorfr","Dur\u00e9e de lecture estim\u00e9e":"1 minute"},"schema":{"@context":"https:\/\/schema.org","@graph":[{"@type":"Article","@id":"https:\/\/www.africa-press.net\/cotedivoire\/politique\/presentation-de-son-livre-hamadoun-toure-ex-porte-parole-de-lonuci-la-cote-divoire-ne-compte-plus-les-morts-mais-les-ponts#article","isPartOf":{"@id":"https:\/\/www.africa-press.net\/cotedivoire\/politique\/presentation-de-son-livre-hamadoun-toure-ex-porte-parole-de-lonuci-la-cote-divoire-ne-compte-plus-les-morts-mais-les-ponts"},"author":{"name":"cfeditorfr","@id":"https:\/\/www.africa-press.net\/cotedivoire\/#\/schema\/person\/2b1cf3cd81a31e3cd26889ca66d677f1"},"headline":"Pr\u00e9sentation de son livre, Hamadoun Tour\u00e9 (ex-porte-parole de l&rsquo;ONUCI) : \u00ab La C\u00f4te d&rsquo;Ivoire ne compte plus les morts, mais les ponts \u00bb","datePublished":"2024-12-12T18:54:40+00:00","dateModified":"2024-12-12T19:21:51+00:00","mainEntityOfPage":{"@id":"https:\/\/www.africa-press.net\/cotedivoire\/politique\/presentation-de-son-livre-hamadoun-toure-ex-porte-parole-de-lonuci-la-cote-divoire-ne-compte-plus-les-morts-mais-les-ponts"},"wordCount":206,"commentCount":0,"image":{"@id":"https:\/\/www.africa-press.net\/cotedivoire\/politique\/presentation-de-son-livre-hamadoun-toure-ex-porte-parole-de-lonuci-la-cote-divoire-ne-compte-plus-les-morts-mais-les-ponts#primaryimage"},"thumbnailUrl":"https:\/\/static.africa-press.net\/cote\/sites\/43\/2024\/12\/sm_1734018669.666942.jpg","keywords":["C\u00d4TE D'IVOIRE","Hamadoun Tour\u00e9","ONUCI","Ouattara"],"articleSection":["Politique","Toutes les actualit\u00e9s"],"inLanguage":"fr-FR","potentialAction":[{"@type":"CommentAction","name":"Comment","target":["https:\/\/www.africa-press.net\/cotedivoire\/politique\/presentation-de-son-livre-hamadoun-toure-ex-porte-parole-de-lonuci-la-cote-divoire-ne-compte-plus-les-morts-mais-les-ponts#respond"]}]},{"@type":"WebPage","@id":"https:\/\/www.africa-press.net\/cotedivoire\/politique\/presentation-de-son-livre-hamadoun-toure-ex-porte-parole-de-lonuci-la-cote-divoire-ne-compte-plus-les-morts-mais-les-ponts","url":"https:\/\/www.africa-press.net\/cotedivoire\/politique\/presentation-de-son-livre-hamadoun-toure-ex-porte-parole-de-lonuci-la-cote-divoire-ne-compte-plus-les-morts-mais-les-ponts","name":"Pr\u00e9sentation de son livre, Hamadoun Tour\u00e9 (ex-porte-parole de l'ONUCI) : \u00ab La C\u00f4te d'Ivoire ne compte plus les morts, mais les ponts \u00bb - C\u00f4te d&#039;Ivoire","isPartOf":{"@id":"https:\/\/www.africa-press.net\/cotedivoire\/#website"},"primaryImageOfPage":{"@id":"https:\/\/www.africa-press.net\/cotedivoire\/politique\/presentation-de-son-livre-hamadoun-toure-ex-porte-parole-de-lonuci-la-cote-divoire-ne-compte-plus-les-morts-mais-les-ponts#primaryimage"},"image":{"@id":"https:\/\/www.africa-press.net\/cotedivoire\/politique\/presentation-de-son-livre-hamadoun-toure-ex-porte-parole-de-lonuci-la-cote-divoire-ne-compte-plus-les-morts-mais-les-ponts#primaryimage"},"thumbnailUrl":"https:\/\/static.africa-press.net\/cote\/sites\/43\/2024\/12\/sm_1734018669.666942.jpg","datePublished":"2024-12-12T18:54:40+00:00","dateModified":"2024-12-12T19:21:51+00:00","author":{"@id":"https:\/\/www.africa-press.net\/cotedivoire\/#\/schema\/person\/2b1cf3cd81a31e3cd26889ca66d677f1"},"description":"L\u2019ex-porte-parole de l\u2019Organisation des Nations Unies en Co\u0302te d\u2019Ivoire (ONUCI), Hamadoun Toure\u0301 vient de sortir un livr ...","breadcrumb":{"@id":"https:\/\/www.africa-press.net\/cotedivoire\/politique\/presentation-de-son-livre-hamadoun-toure-ex-porte-parole-de-lonuci-la-cote-divoire-ne-compte-plus-les-morts-mais-les-ponts#breadcrumb"},"inLanguage":"fr-FR","potentialAction":[{"@type":"ReadAction","target":["https:\/\/www.africa-press.net\/cotedivoire\/politique\/presentation-de-son-livre-hamadoun-toure-ex-porte-parole-de-lonuci-la-cote-divoire-ne-compte-plus-les-morts-mais-les-ponts"]}]},{"@type":"ImageObject","inLanguage":"fr-FR","@id":"https:\/\/www.africa-press.net\/cotedivoire\/politique\/presentation-de-son-livre-hamadoun-toure-ex-porte-parole-de-lonuci-la-cote-divoire-ne-compte-plus-les-morts-mais-les-ponts#primaryimage","url":"https:\/\/static.africa-press.net\/cote\/sites\/43\/2024\/12\/sm_1734018669.666942.jpg","contentUrl":"https:\/\/static.africa-press.net\/cote\/sites\/43\/2024\/12\/sm_1734018669.666942.jpg","width":720,"height":470,"caption":"Pr\u00e9sentation de son livre, Hamadoun Tour\u00e9 (ex-porte-parole de l'ONUCI) : \u00ab La C\u00f4te d'Ivoire ne compte plus les morts, mais les ponts \u00bb"},{"@type":"BreadcrumbList","@id":"https:\/\/www.africa-press.net\/cotedivoire\/politique\/presentation-de-son-livre-hamadoun-toure-ex-porte-parole-de-lonuci-la-cote-divoire-ne-compte-plus-les-morts-mais-les-ponts#breadcrumb","itemListElement":[{"@type":"ListItem","position":1,"name":"Accueil","item":"https:\/\/www.africa-press.net\/cotedivoire\/"},{"@type":"ListItem","position":2,"name":"Pr\u00e9sentation de son livre, Hamadoun Tour\u00e9 (ex-porte-parole de l&#8217;ONUCI) : \u00ab La C\u00f4te d&#8217;Ivoire ne compte plus les morts, mais les ponts \u00bb"}]},{"@type":"WebSite","@id":"https:\/\/www.africa-press.net\/cotedivoire\/#website","url":"https:\/\/www.africa-press.net\/cotedivoire\/","name":"C\u00f4te d&#039;Ivoire","description":"Just another Africa News Agency Sites site","potentialAction":[{"@type":"SearchAction","target":{"@type":"EntryPoint","urlTemplate":"https:\/\/www.africa-press.net\/cotedivoire\/?s={search_term_string}"},"query-input":{"@type":"PropertyValueSpecification","valueRequired":true,"valueName":"search_term_string"}}],"inLanguage":"fr-FR"},{"@type":"Person","@id":"https:\/\/www.africa-press.net\/cotedivoire\/#\/schema\/person\/2b1cf3cd81a31e3cd26889ca66d677f1","name":"cfeditorfr"}]}},"_links":{"self":[{"href":"https:\/\/www.africa-press.net\/cotedivoire\/wp-json\/wp\/v2\/posts\/92204","targetHints":{"allow":["GET"]}}],"collection":[{"href":"https:\/\/www.africa-press.net\/cotedivoire\/wp-json\/wp\/v2\/posts"}],"about":[{"href":"https:\/\/www.africa-press.net\/cotedivoire\/wp-json\/wp\/v2\/types\/post"}],"author":[{"embeddable":true,"href":"https:\/\/www.africa-press.net\/cotedivoire\/wp-json\/wp\/v2\/users\/82"}],"replies":[{"embeddable":true,"href":"https:\/\/www.africa-press.net\/cotedivoire\/wp-json\/wp\/v2\/comments?post=92204"}],"version-history":[{"count":0,"href":"https:\/\/www.africa-press.net\/cotedivoire\/wp-json\/wp\/v2\/posts\/92204\/revisions"}],"wp:featuredmedia":[{"embeddable":true,"href":"https:\/\/www.africa-press.net\/cotedivoire\/wp-json\/wp\/v2\/media\/92203"}],"wp:attachment":[{"href":"https:\/\/www.africa-press.net\/cotedivoire\/wp-json\/wp\/v2\/media?parent=92204"}],"wp:term":[{"taxonomy":"category","embeddable":true,"href":"https:\/\/www.africa-press.net\/cotedivoire\/wp-json\/wp\/v2\/categories?post=92204"},{"taxonomy":"post_tag","embeddable":true,"href":"https:\/\/www.africa-press.net\/cotedivoire\/wp-json\/wp\/v2\/tags?post=92204"}],"curies":[{"name":"wp","href":"https:\/\/api.w.org\/{rel}","templated":true}]}}