{"id":92206,"date":"2024-12-12T18:55:01","date_gmt":"2024-12-12T18:55:01","guid":{"rendered":"https:\/\/www.africa-press.net\/cotedivoire\/politique\/presidentielle-2025-le-cojep-exprime-ses-preoccupations-a-kuibiert-la-reinscription-de-ble-goude-sur-la-liste-electorale-au-coeur-des-echanges"},"modified":"2024-12-12T19:22:06","modified_gmt":"2024-12-12T19:22:06","slug":"presidentielle-2025-le-cojep-exprime-ses-preoccupations-a-kuibiert-la-reinscription-de-ble-goude-sur-la-liste-electorale-au-coeur-des-echanges","status":"publish","type":"post","link":"https:\/\/www.africa-press.net\/cotedivoire\/politique\/presidentielle-2025-le-cojep-exprime-ses-preoccupations-a-kuibiert-la-reinscription-de-ble-goude-sur-la-liste-electorale-au-coeur-des-echanges","title":{"rendered":"Pr\u00e9sidentielle 2025, le COJEP exprime ses pr\u00e9occupations \u00e0 Kuibiert, la r\u00e9inscription de Bl\u00e9 Goud\u00e9 sur la liste \u00e9lectorale au c\u0153ur des \u00e9changes"},"content":{"rendered":"<p><span style=\"color: #ff6600\"><strong>Africa-Press &#8211; C\u00f4te d&rsquo;Ivoire. <\/strong><\/span>une de\u0301le\u0301gation du Congre\u0300s Panafricain pour la Justice et l&rsquo;E\u0301galite\u0301 des Peuples (COJEP), dirige\u0301e par son pre\u0301sident Charles Ble\u0301 Goude\u0301, a rencontre\u0301 le Pre\u0301sident de la Commission E\u0301lectorale Inde\u0301pendante (CEI), M. Ibrahime Coulibaly-Kuibiert, en pre\u0301sence de ses collaborateurs.<\/p>\n<p>Cette rencontre, qui s&rsquo;est tenue au sie\u0300ge de la CEI a\u0300 Cocody 2 Plateaux, a e\u0301te\u0301 l&rsquo;occasion pour les deux parties d&rsquo;e\u0301changer sur les modalite\u0301s de l&rsquo;organisation de l&rsquo;e\u0301lection pre\u0301sidentielle de 2025 dans un climat de transparence, d&rsquo;inclusivite\u0301 et de se\u0301re\u0301nite\u0301.<\/p>\n<p>Au cours de cette re\u0301union, le COJEP a exprime\u0301 ses pre\u0301occupations concernant les conditions actuelles de la pre\u0301paration du scrutin pre\u0301sidentiel.<\/p>\n<p>L&rsquo;organisation a notamment aborde\u0301 la question de la composition actuelle de la CEI, estimant qu&rsquo;une re\u0301vision e\u0301tait ne\u0301cessaire pour garantir une repre\u0301sentation plus e\u0301quitable et repre\u0301sentative de tous les acteurs politiques du pays.<\/p>\n<p>A\u0300 cet e\u0301gard, le COJEP a sugge\u0301re\u0301 un audit de la liste e\u0301lectorale en vue d&rsquo;en assurer la fiabilite\u0301 et la transparence. L&rsquo;ide\u0301e d&rsquo;une re\u0301vision de la liste e\u0301lectorale en 2025, conforme\u0301ment au code e\u0301lectoral, a e\u0301galement e\u0301te\u0301 souleve\u0301e, afin de s&rsquo;assurer que tous les citoyens e\u0301ligibles puissent exercer leur droit de vote de manie\u0300re pleine et entie\u0300re.<\/p>\n<p>Une demande particulie\u0300re a e\u0301te\u0301 formule\u0301e concernant l&rsquo;inscription du nom du pre\u0301sident du COJEP, Charles Ble\u0301 Goude\u0301, sur la liste e\u0301lectorale, dans le cadre des e\u0301lections pre\u0301sidentielles a\u0300 venir.<\/p>\n<p>Cette de\u0301marche vise a\u0300 garantir que toutes les personnalite\u0301s politiques, quel que soit leur statut actuel, aient la possibilite\u0301 de participer au processus e\u0301lectoral, en accord avec les principes de\u0301mocratiques de la Constitution.<\/p>\n<p>Au-dela\u0300 des pre\u0301occupations techniques lie\u0301es a\u0300 l&rsquo;organisation des e\u0301lections, le COJEP a re\u0301affirme\u0301 son appel en faveur d&rsquo;un dialogue national re\u0301publicain.<\/p>\n<p>Pour l&rsquo;organisation de la pre\u0301sidentielle de 2025, le COJEP plaide pour une de\u0301sescalade des tensions politiques et sociales qui pourraient affecter le bon de\u0301roulement du processus e\u0301lectoral.<\/p>\n<p>Le parti invite donc la CEI a\u0300 prendre des mesures fortes pour restaurer la confiance des citoyens dans le processus e\u0301lectoral, afin d&rsquo;e\u0301viter les risques d&rsquo;une nouvelle crise politique.<\/p>\n<p>Cette demande s&rsquo;inscrit dans un contexte ou\u0300 les relations entre les diffe\u0301rents acteurs politiques restent tendues. Pour le COJEP, un climat de paix et de stabilite\u0301 est indispensable pour garantir le succe\u0300s des e\u0301lections et pre\u0301server l&rsquo;unite\u0301 nationale.<\/p>\n<p>Le COJEP a salue\u0301 la disponibilite\u0301 et l&rsquo;esprit d&rsquo;ouverture du pre\u0301sident de la CEI, Ibrahime Coulibaly-Kuibiert, ainsi que de l&rsquo;ensemble de ses collaborateurs, soulignant leur volonte\u0301 de prendre en compte les pre\u0301occupations exprime\u0301es par le parti.<\/p>\n<p>Cette rencontre a e\u0301te\u0301 juge\u0301e positive par le porte-parole du COJEP, Me Serge Ouraga, qui a exprime\u0301 l&rsquo;espoir que les points souleve\u0301s lors des e\u0301changes trouveront une re\u0301ponse favorable, dans l&rsquo;inte\u0301re\u0302t supe\u0301rieur de la nation et des e\u0301lections a\u0300 venir.<\/p>\n<p>En de\u0301finitive, cette rencontre entre le COJEP et la CEI s&rsquo;inscrit dans un cadre de dialogue et de coope\u0301ration visant a\u0300 garantir la transparence, l&rsquo;inclusivite\u0301 et la paix dans l&rsquo;organisation de l&rsquo;e\u0301lection pre\u0301sidentielle de 2025.<\/p>\n<p>Le COJEP reste engage\u0301 dans la recherche de solutions concerte\u0301es pour un avenir politique pacifique et de\u0301mocratique, tout en appelant a\u0300 une participation active de tous les acteurs dans le processus de pre\u0301paration de ce scrutin crucial.<\/p>\n<p><strong>Pour plus d&rsquo;informations et d&rsquo;analyses sur la <span style=\"color: #ff6600\">C\u00f4te d&rsquo;Ivoire<\/span>, suivez <span style=\"color: #ff6600\">Africa-Press<\/span><\/strong><\/p>\n","protected":false},"excerpt":{"rendered":"<p>Africa-Press &#8211; C\u00f4te d&rsquo;Ivoire. une de\u0301le\u0301gation du Congre\u0300s Panafricain pour la Justice et l&rsquo;E\u0301galite\u0301 des Peuples (COJEP), dirige\u0301e par son pre\u0301sident Charles Ble\u0301 Goude\u0301, a rencontre\u0301 le Pre\u0301sident de la Commission E\u0301lectorale Inde\u0301pendante (CEI), M. Ibrahime Coulibaly-Kuibiert, en pre\u0301sence de ses collaborateurs. Cette rencontre, qui s&rsquo;est tenue au sie\u0300ge de la CEI a\u0300 Cocody 2 [&hellip;]<\/p>\n","protected":false},"author":82,"featured_media":92205,"comment_status":"open","ping_status":"closed","sticky":false,"template":"","format":"standard","meta":{"footnotes":""},"categories":[2,10],"tags":[1316,493,29,3228,15828,842,742,3476,16004],"class_list":["post-92206","post","type-post","status-publish","format-standard","has-post-thumbnail","hentry","category-politique","category-toutes-les-actualites","tag-cei","tag-cojep","tag-cote-divoire","tag-electorale","tag-inclusive","tag-organisation","tag-presidentielle-2025","tag-propositions","tag-transparente"],"yoast_head":"<!-- This site is optimized with the Yoast SEO Premium plugin v26.1 (Yoast SEO v27.0) - https:\/\/yoast.com\/product\/yoast-seo-premium-wordpress\/ -->\n<title>Pr\u00e9sidentielle 2025, le COJEP exprime ses pr\u00e9occupations \u00e0 Kuibiert, la r\u00e9inscription de Bl\u00e9 Goud\u00e9 sur la liste \u00e9lectorale au c\u0153ur des \u00e9changes - C\u00f4te d&#039;Ivoire<\/title>\n<meta name=\"description\" content=\"une de\u0301le\u0301gation du Congre\u0300s Panafricain pour la Justice et l&#039;E\u0301galite\u0301 des Peuples (COJEP), dirige\u0301e par son pre\u0301sident ...\" \/>\n<meta name=\"robots\" content=\"index, follow, max-snippet:-1, max-image-preview:large, max-video-preview:-1\" \/>\n<link rel=\"canonical\" href=\"https:\/\/www.africa-press.net\/cotedivoire\/politique\/presidentielle-2025-le-cojep-exprime-ses-preoccupations-a-kuibiert-la-reinscription-de-ble-goude-sur-la-liste-electorale-au-coeur-des-echanges\" \/>\n<meta property=\"og:locale\" content=\"fr_FR\" \/>\n<meta property=\"og:type\" content=\"article\" \/>\n<meta property=\"og:title\" content=\"Pr\u00e9sidentielle 2025, le COJEP exprime ses pr\u00e9occupations \u00e0 Kuibiert, la r\u00e9inscription de Bl\u00e9 Goud\u00e9 sur la liste \u00e9lectorale au c\u0153ur des \u00e9changes\" \/>\n<meta property=\"og:description\" content=\"une de\u0301le\u0301gation du Congre\u0300s Panafricain pour la Justice et l&#039;E\u0301galite\u0301 des Peuples (COJEP), dirige\u0301e par son pre\u0301sident ...\" \/>\n<meta property=\"og:url\" content=\"https:\/\/www.africa-press.net\/cotedivoire\/politique\/presidentielle-2025-le-cojep-exprime-ses-preoccupations-a-kuibiert-la-reinscription-de-ble-goude-sur-la-liste-electorale-au-coeur-des-echanges\" \/>\n<meta property=\"og:site_name\" content=\"C\u00f4te d&#039;Ivoire\" \/>\n<meta property=\"article:published_time\" content=\"2024-12-12T18:55:01+00:00\" \/>\n<meta property=\"article:modified_time\" content=\"2024-12-12T19:22:06+00:00\" \/>\n<meta property=\"og:image\" content=\"https:\/\/static.africa-press.net\/cote\/sites\/43\/2024\/12\/sm_1734018682.064459.jpg\" \/>\n\t<meta property=\"og:image:width\" content=\"720\" \/>\n\t<meta property=\"og:image:height\" content=\"386\" \/>\n\t<meta property=\"og:image:type\" content=\"image\/jpeg\" \/>\n<meta name=\"author\" content=\"cfeditorfr\" \/>\n<meta name=\"twitter:card\" content=\"summary_large_image\" \/>\n<meta name=\"twitter:label1\" content=\"\u00c9crit par\" \/>\n\t<meta name=\"twitter:data1\" content=\"cfeditorfr\" \/>\n\t<meta name=\"twitter:label2\" content=\"Dur\u00e9e de lecture estim\u00e9e\" \/>\n\t<meta name=\"twitter:data2\" content=\"3 minutes\" \/>\n<script type=\"application\/ld+json\" class=\"yoast-schema-graph\">{\"@context\":\"https:\/\/schema.org\",\"@graph\":[{\"@type\":\"Article\",\"@id\":\"https:\/\/www.africa-press.net\/cotedivoire\/politique\/presidentielle-2025-le-cojep-exprime-ses-preoccupations-a-kuibiert-la-reinscription-de-ble-goude-sur-la-liste-electorale-au-coeur-des-echanges#article\",\"isPartOf\":{\"@id\":\"https:\/\/www.africa-press.net\/cotedivoire\/politique\/presidentielle-2025-le-cojep-exprime-ses-preoccupations-a-kuibiert-la-reinscription-de-ble-goude-sur-la-liste-electorale-au-coeur-des-echanges\"},\"author\":{\"name\":\"cfeditorfr\",\"@id\":\"https:\/\/www.africa-press.net\/cotedivoire\/#\/schema\/person\/2b1cf3cd81a31e3cd26889ca66d677f1\"},\"headline\":\"Pr\u00e9sidentielle 2025, le COJEP exprime ses pr\u00e9occupations \u00e0 Kuibiert, la r\u00e9inscription de Bl\u00e9 Goud\u00e9 sur la liste \u00e9lectorale au c\u0153ur des \u00e9changes\",\"datePublished\":\"2024-12-12T18:55:01+00:00\",\"dateModified\":\"2024-12-12T19:22:06+00:00\",\"mainEntityOfPage\":{\"@id\":\"https:\/\/www.africa-press.net\/cotedivoire\/politique\/presidentielle-2025-le-cojep-exprime-ses-preoccupations-a-kuibiert-la-reinscription-de-ble-goude-sur-la-liste-electorale-au-coeur-des-echanges\"},\"wordCount\":673,\"commentCount\":0,\"image\":{\"@id\":\"https:\/\/www.africa-press.net\/cotedivoire\/politique\/presidentielle-2025-le-cojep-exprime-ses-preoccupations-a-kuibiert-la-reinscription-de-ble-goude-sur-la-liste-electorale-au-coeur-des-echanges#primaryimage\"},\"thumbnailUrl\":\"https:\/\/static.africa-press.net\/cote\/sites\/43\/2024\/12\/sm_1734018682.064459.jpg\",\"keywords\":[\"Cei\",\"Cojep\",\"C\u00d4TE D'IVOIRE\",\"\u00e9lectorale\",\"inclusive\",\"organisation\",\"pr\u00e9sidentielle 2025\",\"propositions\",\"transparente\"],\"articleSection\":[\"Politique\",\"Toutes les actualit\u00e9s\"],\"inLanguage\":\"fr-FR\",\"potentialAction\":[{\"@type\":\"CommentAction\",\"name\":\"Comment\",\"target\":[\"https:\/\/www.africa-press.net\/cotedivoire\/politique\/presidentielle-2025-le-cojep-exprime-ses-preoccupations-a-kuibiert-la-reinscription-de-ble-goude-sur-la-liste-electorale-au-coeur-des-echanges#respond\"]}]},{\"@type\":\"WebPage\",\"@id\":\"https:\/\/www.africa-press.net\/cotedivoire\/politique\/presidentielle-2025-le-cojep-exprime-ses-preoccupations-a-kuibiert-la-reinscription-de-ble-goude-sur-la-liste-electorale-au-coeur-des-echanges\",\"url\":\"https:\/\/www.africa-press.net\/cotedivoire\/politique\/presidentielle-2025-le-cojep-exprime-ses-preoccupations-a-kuibiert-la-reinscription-de-ble-goude-sur-la-liste-electorale-au-coeur-des-echanges\",\"name\":\"Pr\u00e9sidentielle 2025, le COJEP exprime ses pr\u00e9occupations \u00e0 Kuibiert, la r\u00e9inscription de Bl\u00e9 Goud\u00e9 sur la liste \u00e9lectorale au c\u0153ur des \u00e9changes - C\u00f4te d&#039;Ivoire\",\"isPartOf\":{\"@id\":\"https:\/\/www.africa-press.net\/cotedivoire\/#website\"},\"primaryImageOfPage\":{\"@id\":\"https:\/\/www.africa-press.net\/cotedivoire\/politique\/presidentielle-2025-le-cojep-exprime-ses-preoccupations-a-kuibiert-la-reinscription-de-ble-goude-sur-la-liste-electorale-au-coeur-des-echanges#primaryimage\"},\"image\":{\"@id\":\"https:\/\/www.africa-press.net\/cotedivoire\/politique\/presidentielle-2025-le-cojep-exprime-ses-preoccupations-a-kuibiert-la-reinscription-de-ble-goude-sur-la-liste-electorale-au-coeur-des-echanges#primaryimage\"},\"thumbnailUrl\":\"https:\/\/static.africa-press.net\/cote\/sites\/43\/2024\/12\/sm_1734018682.064459.jpg\",\"datePublished\":\"2024-12-12T18:55:01+00:00\",\"dateModified\":\"2024-12-12T19:22:06+00:00\",\"author\":{\"@id\":\"https:\/\/www.africa-press.net\/cotedivoire\/#\/schema\/person\/2b1cf3cd81a31e3cd26889ca66d677f1\"},\"description\":\"une de\u0301le\u0301gation du Congre\u0300s Panafricain pour la Justice et l'E\u0301galite\u0301 des Peuples (COJEP), dirige\u0301e par son pre\u0301sident ...\",\"breadcrumb\":{\"@id\":\"https:\/\/www.africa-press.net\/cotedivoire\/politique\/presidentielle-2025-le-cojep-exprime-ses-preoccupations-a-kuibiert-la-reinscription-de-ble-goude-sur-la-liste-electorale-au-coeur-des-echanges#breadcrumb\"},\"inLanguage\":\"fr-FR\",\"potentialAction\":[{\"@type\":\"ReadAction\",\"target\":[\"https:\/\/www.africa-press.net\/cotedivoire\/politique\/presidentielle-2025-le-cojep-exprime-ses-preoccupations-a-kuibiert-la-reinscription-de-ble-goude-sur-la-liste-electorale-au-coeur-des-echanges\"]}]},{\"@type\":\"ImageObject\",\"inLanguage\":\"fr-FR\",\"@id\":\"https:\/\/www.africa-press.net\/cotedivoire\/politique\/presidentielle-2025-le-cojep-exprime-ses-preoccupations-a-kuibiert-la-reinscription-de-ble-goude-sur-la-liste-electorale-au-coeur-des-echanges#primaryimage\",\"url\":\"https:\/\/static.africa-press.net\/cote\/sites\/43\/2024\/12\/sm_1734018682.064459.jpg\",\"contentUrl\":\"https:\/\/static.africa-press.net\/cote\/sites\/43\/2024\/12\/sm_1734018682.064459.jpg\",\"width\":720,\"height\":386,\"caption\":\"Pr\u00e9sidentielle 2025, le COJEP exprime ses pr\u00e9occupations \u00e0 Kuibiert, la r\u00e9inscription de Bl\u00e9 Goud\u00e9 sur la liste \u00e9lectorale au c\u0153ur des \u00e9changes\"},{\"@type\":\"BreadcrumbList\",\"@id\":\"https:\/\/www.africa-press.net\/cotedivoire\/politique\/presidentielle-2025-le-cojep-exprime-ses-preoccupations-a-kuibiert-la-reinscription-de-ble-goude-sur-la-liste-electorale-au-coeur-des-echanges#breadcrumb\",\"itemListElement\":[{\"@type\":\"ListItem\",\"position\":1,\"name\":\"Accueil\",\"item\":\"https:\/\/www.africa-press.net\/cotedivoire\/\"},{\"@type\":\"ListItem\",\"position\":2,\"name\":\"Pr\u00e9sidentielle 2025, le COJEP exprime ses pr\u00e9occupations \u00e0 Kuibiert, la r\u00e9inscription de Bl\u00e9 Goud\u00e9 sur la liste \u00e9lectorale au c\u0153ur des \u00e9changes\"}]},{\"@type\":\"WebSite\",\"@id\":\"https:\/\/www.africa-press.net\/cotedivoire\/#website\",\"url\":\"https:\/\/www.africa-press.net\/cotedivoire\/\",\"name\":\"C\u00f4te d&#039;Ivoire\",\"description\":\"Just another Africa News Agency Sites site\",\"potentialAction\":[{\"@type\":\"SearchAction\",\"target\":{\"@type\":\"EntryPoint\",\"urlTemplate\":\"https:\/\/www.africa-press.net\/cotedivoire\/?s={search_term_string}\"},\"query-input\":{\"@type\":\"PropertyValueSpecification\",\"valueRequired\":true,\"valueName\":\"search_term_string\"}}],\"inLanguage\":\"fr-FR\"},{\"@type\":\"Person\",\"@id\":\"https:\/\/www.africa-press.net\/cotedivoire\/#\/schema\/person\/2b1cf3cd81a31e3cd26889ca66d677f1\",\"name\":\"cfeditorfr\"}]}<\/script>\n<!-- \/ Yoast SEO Premium plugin. -->","yoast_head_json":{"title":"Pr\u00e9sidentielle 2025, le COJEP exprime ses pr\u00e9occupations \u00e0 Kuibiert, la r\u00e9inscription de Bl\u00e9 Goud\u00e9 sur la liste \u00e9lectorale au c\u0153ur des \u00e9changes - C\u00f4te d&#039;Ivoire","description":"une de\u0301le\u0301gation du Congre\u0300s Panafricain pour la Justice et l'E\u0301galite\u0301 des Peuples (COJEP), dirige\u0301e par son pre\u0301sident ...","robots":{"index":"index","follow":"follow","max-snippet":"max-snippet:-1","max-image-preview":"max-image-preview:large","max-video-preview":"max-video-preview:-1"},"canonical":"https:\/\/www.africa-press.net\/cotedivoire\/politique\/presidentielle-2025-le-cojep-exprime-ses-preoccupations-a-kuibiert-la-reinscription-de-ble-goude-sur-la-liste-electorale-au-coeur-des-echanges","og_locale":"fr_FR","og_type":"article","og_title":"Pr\u00e9sidentielle 2025, le COJEP exprime ses pr\u00e9occupations \u00e0 Kuibiert, la r\u00e9inscription de Bl\u00e9 Goud\u00e9 sur la liste \u00e9lectorale au c\u0153ur des \u00e9changes","og_description":"une de\u0301le\u0301gation du Congre\u0300s Panafricain pour la Justice et l'E\u0301galite\u0301 des Peuples (COJEP), dirige\u0301e par son pre\u0301sident ...","og_url":"https:\/\/www.africa-press.net\/cotedivoire\/politique\/presidentielle-2025-le-cojep-exprime-ses-preoccupations-a-kuibiert-la-reinscription-de-ble-goude-sur-la-liste-electorale-au-coeur-des-echanges","og_site_name":"C\u00f4te d&#039;Ivoire","article_published_time":"2024-12-12T18:55:01+00:00","article_modified_time":"2024-12-12T19:22:06+00:00","og_image":[{"width":720,"height":386,"url":"https:\/\/static.africa-press.net\/cote\/sites\/43\/2024\/12\/sm_1734018682.064459.jpg","type":"image\/jpeg"}],"author":"cfeditorfr","twitter_card":"summary_large_image","twitter_misc":{"\u00c9crit par":"cfeditorfr","Dur\u00e9e de lecture estim\u00e9e":"3 minutes"},"schema":{"@context":"https:\/\/schema.org","@graph":[{"@type":"Article","@id":"https:\/\/www.africa-press.net\/cotedivoire\/politique\/presidentielle-2025-le-cojep-exprime-ses-preoccupations-a-kuibiert-la-reinscription-de-ble-goude-sur-la-liste-electorale-au-coeur-des-echanges#article","isPartOf":{"@id":"https:\/\/www.africa-press.net\/cotedivoire\/politique\/presidentielle-2025-le-cojep-exprime-ses-preoccupations-a-kuibiert-la-reinscription-de-ble-goude-sur-la-liste-electorale-au-coeur-des-echanges"},"author":{"name":"cfeditorfr","@id":"https:\/\/www.africa-press.net\/cotedivoire\/#\/schema\/person\/2b1cf3cd81a31e3cd26889ca66d677f1"},"headline":"Pr\u00e9sidentielle 2025, le COJEP exprime ses pr\u00e9occupations \u00e0 Kuibiert, la r\u00e9inscription de Bl\u00e9 Goud\u00e9 sur la liste \u00e9lectorale au c\u0153ur des \u00e9changes","datePublished":"2024-12-12T18:55:01+00:00","dateModified":"2024-12-12T19:22:06+00:00","mainEntityOfPage":{"@id":"https:\/\/www.africa-press.net\/cotedivoire\/politique\/presidentielle-2025-le-cojep-exprime-ses-preoccupations-a-kuibiert-la-reinscription-de-ble-goude-sur-la-liste-electorale-au-coeur-des-echanges"},"wordCount":673,"commentCount":0,"image":{"@id":"https:\/\/www.africa-press.net\/cotedivoire\/politique\/presidentielle-2025-le-cojep-exprime-ses-preoccupations-a-kuibiert-la-reinscription-de-ble-goude-sur-la-liste-electorale-au-coeur-des-echanges#primaryimage"},"thumbnailUrl":"https:\/\/static.africa-press.net\/cote\/sites\/43\/2024\/12\/sm_1734018682.064459.jpg","keywords":["Cei","Cojep","C\u00d4TE D'IVOIRE","\u00e9lectorale","inclusive","organisation","pr\u00e9sidentielle 2025","propositions","transparente"],"articleSection":["Politique","Toutes les actualit\u00e9s"],"inLanguage":"fr-FR","potentialAction":[{"@type":"CommentAction","name":"Comment","target":["https:\/\/www.africa-press.net\/cotedivoire\/politique\/presidentielle-2025-le-cojep-exprime-ses-preoccupations-a-kuibiert-la-reinscription-de-ble-goude-sur-la-liste-electorale-au-coeur-des-echanges#respond"]}]},{"@type":"WebPage","@id":"https:\/\/www.africa-press.net\/cotedivoire\/politique\/presidentielle-2025-le-cojep-exprime-ses-preoccupations-a-kuibiert-la-reinscription-de-ble-goude-sur-la-liste-electorale-au-coeur-des-echanges","url":"https:\/\/www.africa-press.net\/cotedivoire\/politique\/presidentielle-2025-le-cojep-exprime-ses-preoccupations-a-kuibiert-la-reinscription-de-ble-goude-sur-la-liste-electorale-au-coeur-des-echanges","name":"Pr\u00e9sidentielle 2025, le COJEP exprime ses pr\u00e9occupations \u00e0 Kuibiert, la r\u00e9inscription de Bl\u00e9 Goud\u00e9 sur la liste \u00e9lectorale au c\u0153ur des \u00e9changes - C\u00f4te d&#039;Ivoire","isPartOf":{"@id":"https:\/\/www.africa-press.net\/cotedivoire\/#website"},"primaryImageOfPage":{"@id":"https:\/\/www.africa-press.net\/cotedivoire\/politique\/presidentielle-2025-le-cojep-exprime-ses-preoccupations-a-kuibiert-la-reinscription-de-ble-goude-sur-la-liste-electorale-au-coeur-des-echanges#primaryimage"},"image":{"@id":"https:\/\/www.africa-press.net\/cotedivoire\/politique\/presidentielle-2025-le-cojep-exprime-ses-preoccupations-a-kuibiert-la-reinscription-de-ble-goude-sur-la-liste-electorale-au-coeur-des-echanges#primaryimage"},"thumbnailUrl":"https:\/\/static.africa-press.net\/cote\/sites\/43\/2024\/12\/sm_1734018682.064459.jpg","datePublished":"2024-12-12T18:55:01+00:00","dateModified":"2024-12-12T19:22:06+00:00","author":{"@id":"https:\/\/www.africa-press.net\/cotedivoire\/#\/schema\/person\/2b1cf3cd81a31e3cd26889ca66d677f1"},"description":"une de\u0301le\u0301gation du Congre\u0300s Panafricain pour la Justice et l'E\u0301galite\u0301 des Peuples (COJEP), dirige\u0301e par son pre\u0301sident ...","breadcrumb":{"@id":"https:\/\/www.africa-press.net\/cotedivoire\/politique\/presidentielle-2025-le-cojep-exprime-ses-preoccupations-a-kuibiert-la-reinscription-de-ble-goude-sur-la-liste-electorale-au-coeur-des-echanges#breadcrumb"},"inLanguage":"fr-FR","potentialAction":[{"@type":"ReadAction","target":["https:\/\/www.africa-press.net\/cotedivoire\/politique\/presidentielle-2025-le-cojep-exprime-ses-preoccupations-a-kuibiert-la-reinscription-de-ble-goude-sur-la-liste-electorale-au-coeur-des-echanges"]}]},{"@type":"ImageObject","inLanguage":"fr-FR","@id":"https:\/\/www.africa-press.net\/cotedivoire\/politique\/presidentielle-2025-le-cojep-exprime-ses-preoccupations-a-kuibiert-la-reinscription-de-ble-goude-sur-la-liste-electorale-au-coeur-des-echanges#primaryimage","url":"https:\/\/static.africa-press.net\/cote\/sites\/43\/2024\/12\/sm_1734018682.064459.jpg","contentUrl":"https:\/\/static.africa-press.net\/cote\/sites\/43\/2024\/12\/sm_1734018682.064459.jpg","width":720,"height":386,"caption":"Pr\u00e9sidentielle 2025, le COJEP exprime ses pr\u00e9occupations \u00e0 Kuibiert, la r\u00e9inscription de Bl\u00e9 Goud\u00e9 sur la liste \u00e9lectorale au c\u0153ur des \u00e9changes"},{"@type":"BreadcrumbList","@id":"https:\/\/www.africa-press.net\/cotedivoire\/politique\/presidentielle-2025-le-cojep-exprime-ses-preoccupations-a-kuibiert-la-reinscription-de-ble-goude-sur-la-liste-electorale-au-coeur-des-echanges#breadcrumb","itemListElement":[{"@type":"ListItem","position":1,"name":"Accueil","item":"https:\/\/www.africa-press.net\/cotedivoire\/"},{"@type":"ListItem","position":2,"name":"Pr\u00e9sidentielle 2025, le COJEP exprime ses pr\u00e9occupations \u00e0 Kuibiert, la r\u00e9inscription de Bl\u00e9 Goud\u00e9 sur la liste \u00e9lectorale au c\u0153ur des \u00e9changes"}]},{"@type":"WebSite","@id":"https:\/\/www.africa-press.net\/cotedivoire\/#website","url":"https:\/\/www.africa-press.net\/cotedivoire\/","name":"C\u00f4te d&#039;Ivoire","description":"Just another Africa News Agency Sites site","potentialAction":[{"@type":"SearchAction","target":{"@type":"EntryPoint","urlTemplate":"https:\/\/www.africa-press.net\/cotedivoire\/?s={search_term_string}"},"query-input":{"@type":"PropertyValueSpecification","valueRequired":true,"valueName":"search_term_string"}}],"inLanguage":"fr-FR"},{"@type":"Person","@id":"https:\/\/www.africa-press.net\/cotedivoire\/#\/schema\/person\/2b1cf3cd81a31e3cd26889ca66d677f1","name":"cfeditorfr"}]}},"_links":{"self":[{"href":"https:\/\/www.africa-press.net\/cotedivoire\/wp-json\/wp\/v2\/posts\/92206","targetHints":{"allow":["GET"]}}],"collection":[{"href":"https:\/\/www.africa-press.net\/cotedivoire\/wp-json\/wp\/v2\/posts"}],"about":[{"href":"https:\/\/www.africa-press.net\/cotedivoire\/wp-json\/wp\/v2\/types\/post"}],"author":[{"embeddable":true,"href":"https:\/\/www.africa-press.net\/cotedivoire\/wp-json\/wp\/v2\/users\/82"}],"replies":[{"embeddable":true,"href":"https:\/\/www.africa-press.net\/cotedivoire\/wp-json\/wp\/v2\/comments?post=92206"}],"version-history":[{"count":0,"href":"https:\/\/www.africa-press.net\/cotedivoire\/wp-json\/wp\/v2\/posts\/92206\/revisions"}],"wp:featuredmedia":[{"embeddable":true,"href":"https:\/\/www.africa-press.net\/cotedivoire\/wp-json\/wp\/v2\/media\/92205"}],"wp:attachment":[{"href":"https:\/\/www.africa-press.net\/cotedivoire\/wp-json\/wp\/v2\/media?parent=92206"}],"wp:term":[{"taxonomy":"category","embeddable":true,"href":"https:\/\/www.africa-press.net\/cotedivoire\/wp-json\/wp\/v2\/categories?post=92206"},{"taxonomy":"post_tag","embeddable":true,"href":"https:\/\/www.africa-press.net\/cotedivoire\/wp-json\/wp\/v2\/tags?post=92206"}],"curies":[{"name":"wp","href":"https:\/\/api.w.org\/{rel}","templated":true}]}}