{"id":92290,"date":"2024-12-13T16:19:37","date_gmt":"2024-12-13T16:19:37","guid":{"rendered":"https:\/\/www.africa-press.net\/cotedivoire\/politique\/pdci-rda-rivalites-en-coulisses-avant-la-convention-billon-tacle-severement-thiam-par-decence-tidjane-thiam-ne-doit-pas-etre-candidat"},"modified":"2024-12-13T16:56:13","modified_gmt":"2024-12-13T16:56:13","slug":"pdci-rda-rivalites-en-coulisses-avant-la-convention-billon-tacle-severement-thiam-par-decence-tidjane-thiam-ne-doit-pas-etre-candidat","status":"publish","type":"post","link":"https:\/\/www.africa-press.net\/cotedivoire\/politique\/pdci-rda-rivalites-en-coulisses-avant-la-convention-billon-tacle-severement-thiam-par-decence-tidjane-thiam-ne-doit-pas-etre-candidat","title":{"rendered":"PDCI-RDA, rivalit\u00e9s en coulisses avant la convention, Billon tacle s\u00e9v\u00e8rement Thiam \u00ab Par d\u00e9cence, Tidjane Thiam ne doit pas \u00eatre candidat\u00bb"},"content":{"rendered":"<p><span style=\"color: #ff6600\"><strong>Africa-Press &#8211; C\u00f4te d&rsquo;Ivoire. <\/strong><\/span>Alors que le paysage politique ivoirien s\u2019e\u0301chauffe a\u0300 l\u2019approche des e\u0301lections pre\u0301sidentielles de 2025, le PDCI-RDA, plus vieux parti du pays, est au c\u0153ur d\u2019une lutte interne qui ne dit pas son nom. Deux figures e\u0301mergent au sein de cette bataille: Jean-Louis Billon, ancien ministre du Commerce, et Tidjane Thiam, ex-directeur ge\u0301ne\u0301ral du Cre\u0301dit Suisse. Officiellement, tout semble paisible. Mais en coulisses, les divergences entre les partisans des deux pre\u0301tendants re\u0301ve\u0300lent des tensions bien plus profondes.<\/p>\n<p>Jean-Louis Billon, invite\u0301 sur les plateaux de la NCI, n\u2019a pas ma\u0302che\u0301 ses mots. Avec une assurance empreinte de calcul politique, il a de\u0301clare\u0301: \u00ab Le PDCI avec le bon candidat, Jean-Louis Billon, va l\u2019emporter. Le PDCI sans le bon candidat, Jean-Louis Billon, aura des difficulte\u0301s. \u00bb Cette sortie, perc\u0327ue par beaucoup comme un de\u0301fi lance\u0301 a\u0300 Tidjane Thiam, marque un tournant dans la lutte d\u2019influence qui secoue le parti. Billon se pose comme le choix naturel du PDCI, fort d\u2019un parcours ancre\u0301 en Co\u0302te d\u2019Ivoire. Il a vante\u0301 son expe\u0301rience politique locale, ses engagements au sein des institutions et son contact direct avec les re\u0301alite\u0301s ivoiriennes.<\/p>\n<p>Dans une attaque a\u0300 peine voile\u0301e contre son rival, il a critique\u0301 l\u2019e\u0301loignement prolonge\u0301 de Thiam de la Co\u0302te d\u2019Ivoire. \u00ab Celui des deux qui connai\u0302t le pays, c\u2019est bien moi \u00bb, a-t-il asse\u0301ne\u0301 avant d\u2019enchai\u0302ner: \u00ab Il n\u2019a pas scolarise\u0301 d\u2019enfant en Co\u0302te d\u2019Ivoire, il ne peut pas parler d\u2019e\u0301ducation. Il ne s\u2019est pas soigne\u0301 ici pour parler de sante\u0301. Il ne paye pas d\u2019impo\u0302t en Co\u0302te d\u2019Ivoire pour parler de fiscalite\u0301. \u00bb Selon Billon, cette distance rendrait Thiam inapte a\u0300 incarner les aspirations des e\u0301lecteurs ivoiriens.<\/p>\n<p>Les partisans de Thiam, jugent les critiques de Billon comme un exce\u0300s de nationalisme mal place\u0301, visant a\u0300 masquer l\u2019absence de vision a\u0300 long terme de ce dernier.<\/p>\n<p>Malgre\u0301 ces affrontements indirects, les porte-parole officiels du PDCI tentent de minimiser la rivalite\u0301. Ils marte\u0300lent que le parti est uni et que la convention a\u0300 venir de\u0301signera un candidat capable de rassembler. Mais sur le terrain, l\u2019atmosphe\u0300re est tout autre. Thiam, de retour apre\u0300s plus de vingt ans d&rsquo;absence et des de\u0301boires en occident, peine toujours a\u0300 trouver sa place et les bases militantes sont divise\u0301es, chaque camp mobilisant ses relais pour de\u0301fendre son champion. Ces divergences pourraient peser lourdement sur l\u2019issue de la convention, pre\u0301vue pour 2024, ou\u0300 le PDCI de\u0301signera son porte-e\u0301tendard.<\/p>\n<p>Le de\u0301fi pour le parti, tre\u0300s affaibli apre\u0300s le de\u0301ce\u0300s de Be\u0301die\u0301 et ses nombreux cadres qui ont rejoint le RHDP, sera de surmonter ces tensions internes pour pre\u0301senter un front uni face aux adversaires exte\u0301rieurs, notamment le RHDP, bien organise\u0301 et redoutablement efficace. Une candidature affaiblie par les querelles intestines risquerait de compromettre les chances du PDCI de reconque\u0301rir le pouvoir, un objectif nourri depuis la fin du re\u0300gne d\u2019Henri Konan Be\u0301die\u0301 en 1999.<\/p>\n<p>La convention du PDCI sera donc bien plus qu\u2019un simple rendez-vous statutaire, Jean-Louis Billon et Tidjane Thiam savent qu\u2019ils jouent bien plus que leurs ambitions personnelles: l\u2019avenir du PDCI, se de\u0301cidera dans cette confrontation sous haute tension.<\/p>\n<p><strong>Pour plus d&rsquo;informations et d&rsquo;analyses sur la <span style=\"color: #ff6600\">C\u00f4te d&rsquo;Ivoire<\/span>, suivez <span style=\"color: #ff6600\">Africa-Press<\/span><\/strong><\/p>\n","protected":false},"excerpt":{"rendered":"<p>Africa-Press &#8211; C\u00f4te d&rsquo;Ivoire. Alors que le paysage politique ivoirien s\u2019e\u0301chauffe a\u0300 l\u2019approche des e\u0301lections pre\u0301sidentielles de 2025, le PDCI-RDA, plus vieux parti du pays, est au c\u0153ur d\u2019une lutte interne qui ne dit pas son nom. Deux figures e\u0301mergent au sein de cette bataille: Jean-Louis Billon, ancien ministre du Commerce, et Tidjane Thiam, ex-directeur [&hellip;]<\/p>\n","protected":false},"author":82,"featured_media":92289,"comment_status":"open","ping_status":"closed","sticky":false,"template":"","format":"standard","meta":{"footnotes":""},"categories":[2,10],"tags":[422,1326,29,423,371,1547],"class_list":["post-92290","post","type-post","status-publish","format-standard","has-post-thumbnail","hentry","category-politique","category-toutes-les-actualites","tag-bedie","tag-billon","tag-cote-divoire","tag-pdci","tag-rhdp","tag-thiam"],"yoast_head":"<!-- This site is optimized with the Yoast SEO Premium plugin v26.1 (Yoast SEO v27.0) - https:\/\/yoast.com\/product\/yoast-seo-premium-wordpress\/ -->\n<title>PDCI-RDA, rivalit\u00e9s en coulisses avant la convention, Billon tacle s\u00e9v\u00e8rement Thiam \u00ab Par d\u00e9cence, Tidjane Thiam ne doit pas \u00eatre candidat\u00bb - C\u00f4te d&#039;Ivoire<\/title>\n<meta name=\"description\" content=\"Alors que le paysage politique ivoirien s\u2019e\u0301chauffe a\u0300 l\u2019approche des e\u0301lections pre\u0301sidentielles de 2025, le PDCI-RDA, ...\" \/>\n<meta name=\"robots\" content=\"index, follow, max-snippet:-1, max-image-preview:large, max-video-preview:-1\" \/>\n<link rel=\"canonical\" href=\"https:\/\/www.africa-press.net\/cotedivoire\/politique\/pdci-rda-rivalites-en-coulisses-avant-la-convention-billon-tacle-severement-thiam-par-decence-tidjane-thiam-ne-doit-pas-etre-candidat\" \/>\n<meta property=\"og:locale\" content=\"fr_FR\" \/>\n<meta property=\"og:type\" content=\"article\" \/>\n<meta property=\"og:title\" content=\"PDCI-RDA, rivalit\u00e9s en coulisses avant la convention, Billon tacle s\u00e9v\u00e8rement Thiam \u00ab Par d\u00e9cence, Tidjane Thiam ne doit pas \u00eatre candidat\u00bb\" \/>\n<meta property=\"og:description\" content=\"Alors que le paysage politique ivoirien s\u2019e\u0301chauffe a\u0300 l\u2019approche des e\u0301lections pre\u0301sidentielles de 2025, le PDCI-RDA, ...\" \/>\n<meta property=\"og:url\" content=\"https:\/\/www.africa-press.net\/cotedivoire\/politique\/pdci-rda-rivalites-en-coulisses-avant-la-convention-billon-tacle-severement-thiam-par-decence-tidjane-thiam-ne-doit-pas-etre-candidat\" \/>\n<meta property=\"og:site_name\" content=\"C\u00f4te d&#039;Ivoire\" \/>\n<meta property=\"article:published_time\" content=\"2024-12-13T16:19:37+00:00\" \/>\n<meta property=\"article:modified_time\" content=\"2024-12-13T16:56:13+00:00\" \/>\n<meta property=\"og:image\" content=\"https:\/\/static.africa-press.net\/cote\/sites\/43\/2024\/12\/sm_1734096360.373733.jpg\" \/>\n\t<meta property=\"og:image:width\" content=\"720\" \/>\n\t<meta property=\"og:image:height\" content=\"368\" \/>\n\t<meta property=\"og:image:type\" content=\"image\/jpeg\" \/>\n<meta name=\"author\" content=\"cfeditorfr\" \/>\n<meta name=\"twitter:card\" content=\"summary_large_image\" \/>\n<meta name=\"twitter:label1\" content=\"\u00c9crit par\" \/>\n\t<meta name=\"twitter:data1\" content=\"cfeditorfr\" \/>\n\t<meta name=\"twitter:label2\" content=\"Dur\u00e9e de lecture estim\u00e9e\" \/>\n\t<meta name=\"twitter:data2\" content=\"3 minutes\" \/>\n<script type=\"application\/ld+json\" class=\"yoast-schema-graph\">{\"@context\":\"https:\/\/schema.org\",\"@graph\":[{\"@type\":\"Article\",\"@id\":\"https:\/\/www.africa-press.net\/cotedivoire\/politique\/pdci-rda-rivalites-en-coulisses-avant-la-convention-billon-tacle-severement-thiam-par-decence-tidjane-thiam-ne-doit-pas-etre-candidat#article\",\"isPartOf\":{\"@id\":\"https:\/\/www.africa-press.net\/cotedivoire\/politique\/pdci-rda-rivalites-en-coulisses-avant-la-convention-billon-tacle-severement-thiam-par-decence-tidjane-thiam-ne-doit-pas-etre-candidat\"},\"author\":{\"name\":\"cfeditorfr\",\"@id\":\"https:\/\/www.africa-press.net\/cotedivoire\/#\/schema\/person\/2b1cf3cd81a31e3cd26889ca66d677f1\"},\"headline\":\"PDCI-RDA, rivalit\u00e9s en coulisses avant la convention, Billon tacle s\u00e9v\u00e8rement Thiam \u00ab Par d\u00e9cence, Tidjane Thiam ne doit pas \u00eatre candidat\u00bb\",\"datePublished\":\"2024-12-13T16:19:37+00:00\",\"dateModified\":\"2024-12-13T16:56:13+00:00\",\"mainEntityOfPage\":{\"@id\":\"https:\/\/www.africa-press.net\/cotedivoire\/politique\/pdci-rda-rivalites-en-coulisses-avant-la-convention-billon-tacle-severement-thiam-par-decence-tidjane-thiam-ne-doit-pas-etre-candidat\"},\"wordCount\":623,\"commentCount\":0,\"image\":{\"@id\":\"https:\/\/www.africa-press.net\/cotedivoire\/politique\/pdci-rda-rivalites-en-coulisses-avant-la-convention-billon-tacle-severement-thiam-par-decence-tidjane-thiam-ne-doit-pas-etre-candidat#primaryimage\"},\"thumbnailUrl\":\"https:\/\/static.africa-press.net\/cote\/sites\/43\/2024\/12\/sm_1734096360.373733.jpg\",\"keywords\":[\"B\u00e9di\u00e9\",\"Billon\",\"C\u00d4TE D'IVOIRE\",\"Pdci\",\"RHDP\",\"Thiam\"],\"articleSection\":[\"Politique\",\"Toutes les actualit\u00e9s\"],\"inLanguage\":\"fr-FR\",\"potentialAction\":[{\"@type\":\"CommentAction\",\"name\":\"Comment\",\"target\":[\"https:\/\/www.africa-press.net\/cotedivoire\/politique\/pdci-rda-rivalites-en-coulisses-avant-la-convention-billon-tacle-severement-thiam-par-decence-tidjane-thiam-ne-doit-pas-etre-candidat#respond\"]}]},{\"@type\":\"WebPage\",\"@id\":\"https:\/\/www.africa-press.net\/cotedivoire\/politique\/pdci-rda-rivalites-en-coulisses-avant-la-convention-billon-tacle-severement-thiam-par-decence-tidjane-thiam-ne-doit-pas-etre-candidat\",\"url\":\"https:\/\/www.africa-press.net\/cotedivoire\/politique\/pdci-rda-rivalites-en-coulisses-avant-la-convention-billon-tacle-severement-thiam-par-decence-tidjane-thiam-ne-doit-pas-etre-candidat\",\"name\":\"PDCI-RDA, rivalit\u00e9s en coulisses avant la convention, Billon tacle s\u00e9v\u00e8rement Thiam \u00ab Par d\u00e9cence, Tidjane Thiam ne doit pas \u00eatre candidat\u00bb - C\u00f4te d&#039;Ivoire\",\"isPartOf\":{\"@id\":\"https:\/\/www.africa-press.net\/cotedivoire\/#website\"},\"primaryImageOfPage\":{\"@id\":\"https:\/\/www.africa-press.net\/cotedivoire\/politique\/pdci-rda-rivalites-en-coulisses-avant-la-convention-billon-tacle-severement-thiam-par-decence-tidjane-thiam-ne-doit-pas-etre-candidat#primaryimage\"},\"image\":{\"@id\":\"https:\/\/www.africa-press.net\/cotedivoire\/politique\/pdci-rda-rivalites-en-coulisses-avant-la-convention-billon-tacle-severement-thiam-par-decence-tidjane-thiam-ne-doit-pas-etre-candidat#primaryimage\"},\"thumbnailUrl\":\"https:\/\/static.africa-press.net\/cote\/sites\/43\/2024\/12\/sm_1734096360.373733.jpg\",\"datePublished\":\"2024-12-13T16:19:37+00:00\",\"dateModified\":\"2024-12-13T16:56:13+00:00\",\"author\":{\"@id\":\"https:\/\/www.africa-press.net\/cotedivoire\/#\/schema\/person\/2b1cf3cd81a31e3cd26889ca66d677f1\"},\"description\":\"Alors que le paysage politique ivoirien s\u2019e\u0301chauffe a\u0300 l\u2019approche des e\u0301lections pre\u0301sidentielles de 2025, le PDCI-RDA, ...\",\"breadcrumb\":{\"@id\":\"https:\/\/www.africa-press.net\/cotedivoire\/politique\/pdci-rda-rivalites-en-coulisses-avant-la-convention-billon-tacle-severement-thiam-par-decence-tidjane-thiam-ne-doit-pas-etre-candidat#breadcrumb\"},\"inLanguage\":\"fr-FR\",\"potentialAction\":[{\"@type\":\"ReadAction\",\"target\":[\"https:\/\/www.africa-press.net\/cotedivoire\/politique\/pdci-rda-rivalites-en-coulisses-avant-la-convention-billon-tacle-severement-thiam-par-decence-tidjane-thiam-ne-doit-pas-etre-candidat\"]}]},{\"@type\":\"ImageObject\",\"inLanguage\":\"fr-FR\",\"@id\":\"https:\/\/www.africa-press.net\/cotedivoire\/politique\/pdci-rda-rivalites-en-coulisses-avant-la-convention-billon-tacle-severement-thiam-par-decence-tidjane-thiam-ne-doit-pas-etre-candidat#primaryimage\",\"url\":\"https:\/\/static.africa-press.net\/cote\/sites\/43\/2024\/12\/sm_1734096360.373733.jpg\",\"contentUrl\":\"https:\/\/static.africa-press.net\/cote\/sites\/43\/2024\/12\/sm_1734096360.373733.jpg\",\"width\":720,\"height\":368,\"caption\":\"PDCI-RDA, rivalit\u00e9s en coulisses avant la convention, Billon tacle s\u00e9v\u00e8rement Thiam \u00ab Par d\u00e9cence, Tidjane Thiam ne doit pas \u00eatre candidat\u00bb\"},{\"@type\":\"BreadcrumbList\",\"@id\":\"https:\/\/www.africa-press.net\/cotedivoire\/politique\/pdci-rda-rivalites-en-coulisses-avant-la-convention-billon-tacle-severement-thiam-par-decence-tidjane-thiam-ne-doit-pas-etre-candidat#breadcrumb\",\"itemListElement\":[{\"@type\":\"ListItem\",\"position\":1,\"name\":\"Accueil\",\"item\":\"https:\/\/www.africa-press.net\/cotedivoire\/\"},{\"@type\":\"ListItem\",\"position\":2,\"name\":\"PDCI-RDA, rivalit\u00e9s en coulisses avant la convention, Billon tacle s\u00e9v\u00e8rement Thiam \u00ab Par d\u00e9cence, Tidjane Thiam ne doit pas \u00eatre candidat\u00bb\"}]},{\"@type\":\"WebSite\",\"@id\":\"https:\/\/www.africa-press.net\/cotedivoire\/#website\",\"url\":\"https:\/\/www.africa-press.net\/cotedivoire\/\",\"name\":\"C\u00f4te d&#039;Ivoire\",\"description\":\"Just another Africa News Agency Sites site\",\"potentialAction\":[{\"@type\":\"SearchAction\",\"target\":{\"@type\":\"EntryPoint\",\"urlTemplate\":\"https:\/\/www.africa-press.net\/cotedivoire\/?s={search_term_string}\"},\"query-input\":{\"@type\":\"PropertyValueSpecification\",\"valueRequired\":true,\"valueName\":\"search_term_string\"}}],\"inLanguage\":\"fr-FR\"},{\"@type\":\"Person\",\"@id\":\"https:\/\/www.africa-press.net\/cotedivoire\/#\/schema\/person\/2b1cf3cd81a31e3cd26889ca66d677f1\",\"name\":\"cfeditorfr\"}]}<\/script>\n<!-- \/ Yoast SEO Premium plugin. -->","yoast_head_json":{"title":"PDCI-RDA, rivalit\u00e9s en coulisses avant la convention, Billon tacle s\u00e9v\u00e8rement Thiam \u00ab Par d\u00e9cence, Tidjane Thiam ne doit pas \u00eatre candidat\u00bb - C\u00f4te d&#039;Ivoire","description":"Alors que le paysage politique ivoirien s\u2019e\u0301chauffe a\u0300 l\u2019approche des e\u0301lections pre\u0301sidentielles de 2025, le PDCI-RDA, ...","robots":{"index":"index","follow":"follow","max-snippet":"max-snippet:-1","max-image-preview":"max-image-preview:large","max-video-preview":"max-video-preview:-1"},"canonical":"https:\/\/www.africa-press.net\/cotedivoire\/politique\/pdci-rda-rivalites-en-coulisses-avant-la-convention-billon-tacle-severement-thiam-par-decence-tidjane-thiam-ne-doit-pas-etre-candidat","og_locale":"fr_FR","og_type":"article","og_title":"PDCI-RDA, rivalit\u00e9s en coulisses avant la convention, Billon tacle s\u00e9v\u00e8rement Thiam \u00ab Par d\u00e9cence, Tidjane Thiam ne doit pas \u00eatre candidat\u00bb","og_description":"Alors que le paysage politique ivoirien s\u2019e\u0301chauffe a\u0300 l\u2019approche des e\u0301lections pre\u0301sidentielles de 2025, le PDCI-RDA, ...","og_url":"https:\/\/www.africa-press.net\/cotedivoire\/politique\/pdci-rda-rivalites-en-coulisses-avant-la-convention-billon-tacle-severement-thiam-par-decence-tidjane-thiam-ne-doit-pas-etre-candidat","og_site_name":"C\u00f4te d&#039;Ivoire","article_published_time":"2024-12-13T16:19:37+00:00","article_modified_time":"2024-12-13T16:56:13+00:00","og_image":[{"width":720,"height":368,"url":"https:\/\/static.africa-press.net\/cote\/sites\/43\/2024\/12\/sm_1734096360.373733.jpg","type":"image\/jpeg"}],"author":"cfeditorfr","twitter_card":"summary_large_image","twitter_misc":{"\u00c9crit par":"cfeditorfr","Dur\u00e9e de lecture estim\u00e9e":"3 minutes"},"schema":{"@context":"https:\/\/schema.org","@graph":[{"@type":"Article","@id":"https:\/\/www.africa-press.net\/cotedivoire\/politique\/pdci-rda-rivalites-en-coulisses-avant-la-convention-billon-tacle-severement-thiam-par-decence-tidjane-thiam-ne-doit-pas-etre-candidat#article","isPartOf":{"@id":"https:\/\/www.africa-press.net\/cotedivoire\/politique\/pdci-rda-rivalites-en-coulisses-avant-la-convention-billon-tacle-severement-thiam-par-decence-tidjane-thiam-ne-doit-pas-etre-candidat"},"author":{"name":"cfeditorfr","@id":"https:\/\/www.africa-press.net\/cotedivoire\/#\/schema\/person\/2b1cf3cd81a31e3cd26889ca66d677f1"},"headline":"PDCI-RDA, rivalit\u00e9s en coulisses avant la convention, Billon tacle s\u00e9v\u00e8rement Thiam \u00ab Par d\u00e9cence, Tidjane Thiam ne doit pas \u00eatre candidat\u00bb","datePublished":"2024-12-13T16:19:37+00:00","dateModified":"2024-12-13T16:56:13+00:00","mainEntityOfPage":{"@id":"https:\/\/www.africa-press.net\/cotedivoire\/politique\/pdci-rda-rivalites-en-coulisses-avant-la-convention-billon-tacle-severement-thiam-par-decence-tidjane-thiam-ne-doit-pas-etre-candidat"},"wordCount":623,"commentCount":0,"image":{"@id":"https:\/\/www.africa-press.net\/cotedivoire\/politique\/pdci-rda-rivalites-en-coulisses-avant-la-convention-billon-tacle-severement-thiam-par-decence-tidjane-thiam-ne-doit-pas-etre-candidat#primaryimage"},"thumbnailUrl":"https:\/\/static.africa-press.net\/cote\/sites\/43\/2024\/12\/sm_1734096360.373733.jpg","keywords":["B\u00e9di\u00e9","Billon","C\u00d4TE D'IVOIRE","Pdci","RHDP","Thiam"],"articleSection":["Politique","Toutes les actualit\u00e9s"],"inLanguage":"fr-FR","potentialAction":[{"@type":"CommentAction","name":"Comment","target":["https:\/\/www.africa-press.net\/cotedivoire\/politique\/pdci-rda-rivalites-en-coulisses-avant-la-convention-billon-tacle-severement-thiam-par-decence-tidjane-thiam-ne-doit-pas-etre-candidat#respond"]}]},{"@type":"WebPage","@id":"https:\/\/www.africa-press.net\/cotedivoire\/politique\/pdci-rda-rivalites-en-coulisses-avant-la-convention-billon-tacle-severement-thiam-par-decence-tidjane-thiam-ne-doit-pas-etre-candidat","url":"https:\/\/www.africa-press.net\/cotedivoire\/politique\/pdci-rda-rivalites-en-coulisses-avant-la-convention-billon-tacle-severement-thiam-par-decence-tidjane-thiam-ne-doit-pas-etre-candidat","name":"PDCI-RDA, rivalit\u00e9s en coulisses avant la convention, Billon tacle s\u00e9v\u00e8rement Thiam \u00ab Par d\u00e9cence, Tidjane Thiam ne doit pas \u00eatre candidat\u00bb - C\u00f4te d&#039;Ivoire","isPartOf":{"@id":"https:\/\/www.africa-press.net\/cotedivoire\/#website"},"primaryImageOfPage":{"@id":"https:\/\/www.africa-press.net\/cotedivoire\/politique\/pdci-rda-rivalites-en-coulisses-avant-la-convention-billon-tacle-severement-thiam-par-decence-tidjane-thiam-ne-doit-pas-etre-candidat#primaryimage"},"image":{"@id":"https:\/\/www.africa-press.net\/cotedivoire\/politique\/pdci-rda-rivalites-en-coulisses-avant-la-convention-billon-tacle-severement-thiam-par-decence-tidjane-thiam-ne-doit-pas-etre-candidat#primaryimage"},"thumbnailUrl":"https:\/\/static.africa-press.net\/cote\/sites\/43\/2024\/12\/sm_1734096360.373733.jpg","datePublished":"2024-12-13T16:19:37+00:00","dateModified":"2024-12-13T16:56:13+00:00","author":{"@id":"https:\/\/www.africa-press.net\/cotedivoire\/#\/schema\/person\/2b1cf3cd81a31e3cd26889ca66d677f1"},"description":"Alors que le paysage politique ivoirien s\u2019e\u0301chauffe a\u0300 l\u2019approche des e\u0301lections pre\u0301sidentielles de 2025, le PDCI-RDA, ...","breadcrumb":{"@id":"https:\/\/www.africa-press.net\/cotedivoire\/politique\/pdci-rda-rivalites-en-coulisses-avant-la-convention-billon-tacle-severement-thiam-par-decence-tidjane-thiam-ne-doit-pas-etre-candidat#breadcrumb"},"inLanguage":"fr-FR","potentialAction":[{"@type":"ReadAction","target":["https:\/\/www.africa-press.net\/cotedivoire\/politique\/pdci-rda-rivalites-en-coulisses-avant-la-convention-billon-tacle-severement-thiam-par-decence-tidjane-thiam-ne-doit-pas-etre-candidat"]}]},{"@type":"ImageObject","inLanguage":"fr-FR","@id":"https:\/\/www.africa-press.net\/cotedivoire\/politique\/pdci-rda-rivalites-en-coulisses-avant-la-convention-billon-tacle-severement-thiam-par-decence-tidjane-thiam-ne-doit-pas-etre-candidat#primaryimage","url":"https:\/\/static.africa-press.net\/cote\/sites\/43\/2024\/12\/sm_1734096360.373733.jpg","contentUrl":"https:\/\/static.africa-press.net\/cote\/sites\/43\/2024\/12\/sm_1734096360.373733.jpg","width":720,"height":368,"caption":"PDCI-RDA, rivalit\u00e9s en coulisses avant la convention, Billon tacle s\u00e9v\u00e8rement Thiam \u00ab Par d\u00e9cence, Tidjane Thiam ne doit pas \u00eatre candidat\u00bb"},{"@type":"BreadcrumbList","@id":"https:\/\/www.africa-press.net\/cotedivoire\/politique\/pdci-rda-rivalites-en-coulisses-avant-la-convention-billon-tacle-severement-thiam-par-decence-tidjane-thiam-ne-doit-pas-etre-candidat#breadcrumb","itemListElement":[{"@type":"ListItem","position":1,"name":"Accueil","item":"https:\/\/www.africa-press.net\/cotedivoire\/"},{"@type":"ListItem","position":2,"name":"PDCI-RDA, rivalit\u00e9s en coulisses avant la convention, Billon tacle s\u00e9v\u00e8rement Thiam \u00ab Par d\u00e9cence, Tidjane Thiam ne doit pas \u00eatre candidat\u00bb"}]},{"@type":"WebSite","@id":"https:\/\/www.africa-press.net\/cotedivoire\/#website","url":"https:\/\/www.africa-press.net\/cotedivoire\/","name":"C\u00f4te d&#039;Ivoire","description":"Just another Africa News Agency Sites site","potentialAction":[{"@type":"SearchAction","target":{"@type":"EntryPoint","urlTemplate":"https:\/\/www.africa-press.net\/cotedivoire\/?s={search_term_string}"},"query-input":{"@type":"PropertyValueSpecification","valueRequired":true,"valueName":"search_term_string"}}],"inLanguage":"fr-FR"},{"@type":"Person","@id":"https:\/\/www.africa-press.net\/cotedivoire\/#\/schema\/person\/2b1cf3cd81a31e3cd26889ca66d677f1","name":"cfeditorfr"}]}},"_links":{"self":[{"href":"https:\/\/www.africa-press.net\/cotedivoire\/wp-json\/wp\/v2\/posts\/92290","targetHints":{"allow":["GET"]}}],"collection":[{"href":"https:\/\/www.africa-press.net\/cotedivoire\/wp-json\/wp\/v2\/posts"}],"about":[{"href":"https:\/\/www.africa-press.net\/cotedivoire\/wp-json\/wp\/v2\/types\/post"}],"author":[{"embeddable":true,"href":"https:\/\/www.africa-press.net\/cotedivoire\/wp-json\/wp\/v2\/users\/82"}],"replies":[{"embeddable":true,"href":"https:\/\/www.africa-press.net\/cotedivoire\/wp-json\/wp\/v2\/comments?post=92290"}],"version-history":[{"count":0,"href":"https:\/\/www.africa-press.net\/cotedivoire\/wp-json\/wp\/v2\/posts\/92290\/revisions"}],"wp:featuredmedia":[{"embeddable":true,"href":"https:\/\/www.africa-press.net\/cotedivoire\/wp-json\/wp\/v2\/media\/92289"}],"wp:attachment":[{"href":"https:\/\/www.africa-press.net\/cotedivoire\/wp-json\/wp\/v2\/media?parent=92290"}],"wp:term":[{"taxonomy":"category","embeddable":true,"href":"https:\/\/www.africa-press.net\/cotedivoire\/wp-json\/wp\/v2\/categories?post=92290"},{"taxonomy":"post_tag","embeddable":true,"href":"https:\/\/www.africa-press.net\/cotedivoire\/wp-json\/wp\/v2\/tags?post=92290"}],"curies":[{"name":"wp","href":"https:\/\/api.w.org\/{rel}","templated":true}]}}