{"id":92345,"date":"2024-12-14T17:35:52","date_gmt":"2024-12-14T17:35:52","guid":{"rendered":"https:\/\/www.africa-press.net\/cotedivoire\/politique\/pdci-tidjane-thiam-contre-attaque-et-repond-a-billon-les-postes-que-jai-eus-dans-ma-carriere-je-les-ai-eus-par-merite-pas-par-filiation"},"modified":"2024-12-14T18:22:57","modified_gmt":"2024-12-14T18:22:57","slug":"pdci-tidjane-thiam-contre-attaque-et-repond-a-billon-les-postes-que-jai-eus-dans-ma-carriere-je-les-ai-eus-par-merite-pas-par-filiation","status":"publish","type":"post","link":"https:\/\/www.africa-press.net\/cotedivoire\/politique\/pdci-tidjane-thiam-contre-attaque-et-repond-a-billon-les-postes-que-jai-eus-dans-ma-carriere-je-les-ai-eus-par-merite-pas-par-filiation","title":{"rendered":"PDCI, Tidjane Thiam contre-attaque et r\u00e9pond \u00e0 Billon \u00ab les postes que j&rsquo;ai eus dans ma carri\u00e8re, je les ai eus par m\u00e9rite, pas par filiation \u00bb"},"content":{"rendered":"<p><span style=\"color: #ff6600\"><strong>Africa-Press &#8211; C\u00f4te d&rsquo;Ivoire. <\/strong><\/span>La bataille pour l\u2019investiture du PDCI-RDA s\u2019intensifie a\u0300 mesure que la convention approche. Apre\u0300s la sortie virulente de Jean-Louis Billon sur le plateau de la NCI, Tidjane Thiam, son principal rival dans la course, a re\u0301pondu avec fermete\u0301 dans une vide\u0301o diffuse\u0301e en ligne. Ce duel a\u0300 distance illustre la profondeur des divisions internes au sein du plus vieux parti politique ivoirien, ou\u0300 la que\u0302te de leadership devient une guerre d\u2019influence.<\/p>\n<p>Dans sa vide\u0301o, Tidjane Thiam n\u2019a pas ma\u0302che\u0301 ses mots pour re\u0301pliquer aux critiques de Billon, qui avait remis en question son ancrage en Co\u0302te d\u2019Ivoire et sa le\u0301gitimite\u0301 a\u0300 briguer la pre\u0301sidence. \u00ab Ils disent, j\u2019ai peur de la compe\u0301tition ? Peur de qui ? J\u2019ai affronte\u0301 les meilleurs cerveaux de ce monde&#8230; Je les attends a\u0300 la convention et je les battrai \u00bb, a-t-il lance\u0301 avec assurance, mettant en avant son expe\u0301rience internationale comme un atout inde\u0301niable.<\/p>\n<p>Cette re\u0301ponse fait e\u0301cho aux propos de Billon, qui avait affirme\u0301 e\u0302tre \u00ab le seul a\u0300 connai\u0302tre le pays \u00bb et avait sugge\u0301re\u0301 que l\u2019e\u0301loignement de Thiam l\u2019e\u0301loignait aussi des pre\u0301occupations des Ivoiriens. Mais pour Tidjane Thiam, le ve\u0301ritable enjeu de\u0301passe ces querelles: \u00ab Les Ivoiriens ont besoin de quelqu\u2019un qui peut les aider, une personne qui a une vision, pas un concours de pre\u0301sence. \u00bb Une re\u0301plique cinglante a\u0300 ce qu\u2019il perc\u0327oit comme une focalisation inutile sur les origines ou les parcours personnels.<\/p>\n<p>L\u2019une des piques les plus tranchantes de Thiam, de retour au Pays apre\u0300s une se\u0301rie de de\u0301voires en occident, vise directement Jean-Louis Billon, sans le nommer explicitement, en e\u0301voquant la question de la filiation.<\/p>\n<p>\u00ab Les postes que j\u2019ai eus dans ma carrie\u0300re, je les ai eus par me\u0301rite, pas par filiation ! \u00bb, a-t-il de\u0301clare\u0301. Une attaque subtile mais claire, visant a\u0300 de\u0301cre\u0301dibiliser son rival en sugge\u0301rant que ce dernier doit son ascension a\u0300 son he\u0301ritage familial pluto\u0302t qu\u2019a\u0300 ses compe\u0301tences personnelles.<\/p>\n<p>Ces e\u0301changes muscle\u0301s entre les deux hommes refle\u0300tent les tensions qui traversent le PDCI a\u0300 l\u2019approche de la convention. Officiellement, les dirigeants du parti appellent a\u0300 l\u2019unite\u0301 et tentent de minimiser ces rivalite\u0301s, mais sur le terrain, les partisans des deux camps s\u2019activent pour consolider leurs positions. Jean-Louis Billon s\u2019appuie sur une base militante fortement ancre\u0301e dans les re\u0301gions et sur son expe\u0301rience locale, tandis que Tidjane Thiam mobilise un soutien international et une partie de la jeunesse se\u0301duite par son parcours exceptionnel.<\/p>\n<p>Cette guerre interne pose un de\u0301fi majeur au PDCI. Le parti, deja tre\u0300s affaibli apre\u0300s le de\u0301ce\u0300s de Be\u0301die\u0301 et par le nombre important de ses cadres ayant rejoint le RHDP au pouvoir, risque de sortir affaibli de cette lutte fratricide. Une fois de\u0301signe\u0301, le candidat devra non seulement rassembler les bases divise\u0301es, mais aussi affronter un RHDP solidement implante\u0301 et une opposition qui ne cache pas ses ambitions.<\/p>\n<p>Pour l\u2019instant, les hostilite\u0301s entre Billon et Thiam ne font que renforcer l\u2019attention autour de cette convention de\u0301cisive. Au-dela\u0300 des mots et des postures, il reste a\u0300 savoir si le PDCI pourra transcender ces querelles pour pre\u0301senter une candidature forte et unie, capable de faire face aux enjeux cruciaux de 2025.<\/p>\n<p><strong>Pour plus d&rsquo;informations et d&rsquo;analyses sur la <span style=\"color: #ff6600\">C\u00f4te d&rsquo;Ivoire<\/span>, suivez <span style=\"color: #ff6600\">Africa-Press<\/span><\/strong><\/p>\n","protected":false},"excerpt":{"rendered":"<p>Africa-Press &#8211; C\u00f4te d&rsquo;Ivoire. La bataille pour l\u2019investiture du PDCI-RDA s\u2019intensifie a\u0300 mesure que la convention approche. Apre\u0300s la sortie virulente de Jean-Louis Billon sur le plateau de la NCI, Tidjane Thiam, son principal rival dans la course, a re\u0301pondu avec fermete\u0301 dans une vide\u0301o diffuse\u0301e en ligne. Ce duel a\u0300 distance illustre la profondeur [&hellip;]<\/p>\n","protected":false},"author":82,"featured_media":92344,"comment_status":"open","ping_status":"closed","sticky":false,"template":"","format":"standard","meta":{"footnotes":""},"categories":[2,10],"tags":[1326,1399,29,423,1547],"class_list":["post-92345","post","type-post","status-publish","format-standard","has-post-thumbnail","hentry","category-politique","category-toutes-les-actualites","tag-billon","tag-convention","tag-cote-divoire","tag-pdci","tag-thiam"],"yoast_head":"<!-- This site is optimized with the Yoast SEO Premium plugin v26.1 (Yoast SEO v27.0) - https:\/\/yoast.com\/product\/yoast-seo-premium-wordpress\/ -->\n<title>PDCI, Tidjane Thiam contre-attaque et r\u00e9pond \u00e0 Billon \u00ab les postes que j&#039;ai eus dans ma carri\u00e8re, je les ai eus par m\u00e9rite, pas par filiation \u00bb - C\u00f4te d&#039;Ivoire<\/title>\n<meta name=\"description\" content=\"La bataille pour l\u2019investiture du PDCI-RDA s\u2019intensifie a\u0300 mesure que la convention approche. Apre\u0300s la sortie virulente ...\" \/>\n<meta name=\"robots\" content=\"index, follow, max-snippet:-1, max-image-preview:large, max-video-preview:-1\" \/>\n<link rel=\"canonical\" href=\"https:\/\/www.africa-press.net\/cotedivoire\/politique\/pdci-tidjane-thiam-contre-attaque-et-repond-a-billon-les-postes-que-jai-eus-dans-ma-carriere-je-les-ai-eus-par-merite-pas-par-filiation\" \/>\n<meta property=\"og:locale\" content=\"fr_FR\" \/>\n<meta property=\"og:type\" content=\"article\" \/>\n<meta property=\"og:title\" content=\"PDCI, Tidjane Thiam contre-attaque et r\u00e9pond \u00e0 Billon \u00ab les postes que j&#039;ai eus dans ma carri\u00e8re, je les ai eus par m\u00e9rite, pas par filiation \u00bb\" \/>\n<meta property=\"og:description\" content=\"La bataille pour l\u2019investiture du PDCI-RDA s\u2019intensifie a\u0300 mesure que la convention approche. Apre\u0300s la sortie virulente ...\" \/>\n<meta property=\"og:url\" content=\"https:\/\/www.africa-press.net\/cotedivoire\/politique\/pdci-tidjane-thiam-contre-attaque-et-repond-a-billon-les-postes-que-jai-eus-dans-ma-carriere-je-les-ai-eus-par-merite-pas-par-filiation\" \/>\n<meta property=\"og:site_name\" content=\"C\u00f4te d&#039;Ivoire\" \/>\n<meta property=\"article:published_time\" content=\"2024-12-14T17:35:52+00:00\" \/>\n<meta property=\"article:modified_time\" content=\"2024-12-14T18:22:57+00:00\" \/>\n<meta property=\"og:image\" content=\"https:\/\/static.africa-press.net\/cote\/sites\/43\/2024\/12\/sm_1734187884.643734.jpg\" \/>\n\t<meta property=\"og:image:width\" content=\"1280\" \/>\n\t<meta property=\"og:image:height\" content=\"720\" \/>\n\t<meta property=\"og:image:type\" content=\"image\/jpeg\" \/>\n<meta name=\"author\" content=\"cfeditorfr\" \/>\n<meta name=\"twitter:card\" content=\"summary_large_image\" \/>\n<meta name=\"twitter:label1\" content=\"\u00c9crit par\" \/>\n\t<meta name=\"twitter:data1\" content=\"cfeditorfr\" \/>\n\t<meta name=\"twitter:label2\" content=\"Dur\u00e9e de lecture estim\u00e9e\" \/>\n\t<meta name=\"twitter:data2\" content=\"3 minutes\" \/>\n<script type=\"application\/ld+json\" class=\"yoast-schema-graph\">{\"@context\":\"https:\/\/schema.org\",\"@graph\":[{\"@type\":\"Article\",\"@id\":\"https:\/\/www.africa-press.net\/cotedivoire\/politique\/pdci-tidjane-thiam-contre-attaque-et-repond-a-billon-les-postes-que-jai-eus-dans-ma-carriere-je-les-ai-eus-par-merite-pas-par-filiation#article\",\"isPartOf\":{\"@id\":\"https:\/\/www.africa-press.net\/cotedivoire\/politique\/pdci-tidjane-thiam-contre-attaque-et-repond-a-billon-les-postes-que-jai-eus-dans-ma-carriere-je-les-ai-eus-par-merite-pas-par-filiation\"},\"author\":{\"name\":\"cfeditorfr\",\"@id\":\"https:\/\/www.africa-press.net\/cotedivoire\/#\/schema\/person\/2b1cf3cd81a31e3cd26889ca66d677f1\"},\"headline\":\"PDCI, Tidjane Thiam contre-attaque et r\u00e9pond \u00e0 Billon \u00ab les postes que j&rsquo;ai eus dans ma carri\u00e8re, je les ai eus par m\u00e9rite, pas par filiation \u00bb\",\"datePublished\":\"2024-12-14T17:35:52+00:00\",\"dateModified\":\"2024-12-14T18:22:57+00:00\",\"mainEntityOfPage\":{\"@id\":\"https:\/\/www.africa-press.net\/cotedivoire\/politique\/pdci-tidjane-thiam-contre-attaque-et-repond-a-billon-les-postes-que-jai-eus-dans-ma-carriere-je-les-ai-eus-par-merite-pas-par-filiation\"},\"wordCount\":636,\"commentCount\":0,\"image\":{\"@id\":\"https:\/\/www.africa-press.net\/cotedivoire\/politique\/pdci-tidjane-thiam-contre-attaque-et-repond-a-billon-les-postes-que-jai-eus-dans-ma-carriere-je-les-ai-eus-par-merite-pas-par-filiation#primaryimage\"},\"thumbnailUrl\":\"https:\/\/static.africa-press.net\/cote\/sites\/43\/2024\/12\/sm_1734187884.643734.jpg\",\"keywords\":[\"Billon\",\"convention\",\"C\u00d4TE D'IVOIRE\",\"Pdci\",\"Thiam\"],\"articleSection\":[\"Politique\",\"Toutes les actualit\u00e9s\"],\"inLanguage\":\"fr-FR\",\"potentialAction\":[{\"@type\":\"CommentAction\",\"name\":\"Comment\",\"target\":[\"https:\/\/www.africa-press.net\/cotedivoire\/politique\/pdci-tidjane-thiam-contre-attaque-et-repond-a-billon-les-postes-que-jai-eus-dans-ma-carriere-je-les-ai-eus-par-merite-pas-par-filiation#respond\"]}]},{\"@type\":\"WebPage\",\"@id\":\"https:\/\/www.africa-press.net\/cotedivoire\/politique\/pdci-tidjane-thiam-contre-attaque-et-repond-a-billon-les-postes-que-jai-eus-dans-ma-carriere-je-les-ai-eus-par-merite-pas-par-filiation\",\"url\":\"https:\/\/www.africa-press.net\/cotedivoire\/politique\/pdci-tidjane-thiam-contre-attaque-et-repond-a-billon-les-postes-que-jai-eus-dans-ma-carriere-je-les-ai-eus-par-merite-pas-par-filiation\",\"name\":\"PDCI, Tidjane Thiam contre-attaque et r\u00e9pond \u00e0 Billon \u00ab les postes que j'ai eus dans ma carri\u00e8re, je les ai eus par m\u00e9rite, pas par filiation \u00bb - C\u00f4te d&#039;Ivoire\",\"isPartOf\":{\"@id\":\"https:\/\/www.africa-press.net\/cotedivoire\/#website\"},\"primaryImageOfPage\":{\"@id\":\"https:\/\/www.africa-press.net\/cotedivoire\/politique\/pdci-tidjane-thiam-contre-attaque-et-repond-a-billon-les-postes-que-jai-eus-dans-ma-carriere-je-les-ai-eus-par-merite-pas-par-filiation#primaryimage\"},\"image\":{\"@id\":\"https:\/\/www.africa-press.net\/cotedivoire\/politique\/pdci-tidjane-thiam-contre-attaque-et-repond-a-billon-les-postes-que-jai-eus-dans-ma-carriere-je-les-ai-eus-par-merite-pas-par-filiation#primaryimage\"},\"thumbnailUrl\":\"https:\/\/static.africa-press.net\/cote\/sites\/43\/2024\/12\/sm_1734187884.643734.jpg\",\"datePublished\":\"2024-12-14T17:35:52+00:00\",\"dateModified\":\"2024-12-14T18:22:57+00:00\",\"author\":{\"@id\":\"https:\/\/www.africa-press.net\/cotedivoire\/#\/schema\/person\/2b1cf3cd81a31e3cd26889ca66d677f1\"},\"description\":\"La bataille pour l\u2019investiture du PDCI-RDA s\u2019intensifie a\u0300 mesure que la convention approche. Apre\u0300s la sortie virulente ...\",\"breadcrumb\":{\"@id\":\"https:\/\/www.africa-press.net\/cotedivoire\/politique\/pdci-tidjane-thiam-contre-attaque-et-repond-a-billon-les-postes-que-jai-eus-dans-ma-carriere-je-les-ai-eus-par-merite-pas-par-filiation#breadcrumb\"},\"inLanguage\":\"fr-FR\",\"potentialAction\":[{\"@type\":\"ReadAction\",\"target\":[\"https:\/\/www.africa-press.net\/cotedivoire\/politique\/pdci-tidjane-thiam-contre-attaque-et-repond-a-billon-les-postes-que-jai-eus-dans-ma-carriere-je-les-ai-eus-par-merite-pas-par-filiation\"]}]},{\"@type\":\"ImageObject\",\"inLanguage\":\"fr-FR\",\"@id\":\"https:\/\/www.africa-press.net\/cotedivoire\/politique\/pdci-tidjane-thiam-contre-attaque-et-repond-a-billon-les-postes-que-jai-eus-dans-ma-carriere-je-les-ai-eus-par-merite-pas-par-filiation#primaryimage\",\"url\":\"https:\/\/static.africa-press.net\/cote\/sites\/43\/2024\/12\/sm_1734187884.643734.jpg\",\"contentUrl\":\"https:\/\/static.africa-press.net\/cote\/sites\/43\/2024\/12\/sm_1734187884.643734.jpg\",\"width\":1280,\"height\":720,\"caption\":\"PDCI, Tidjane Thiam contre-attaque et r\u00e9pond \u00e0 Billon \u00ab les postes que j'ai eus dans ma carri\u00e8re, je les ai eus par m\u00e9rite, pas par filiation \u00bb\"},{\"@type\":\"BreadcrumbList\",\"@id\":\"https:\/\/www.africa-press.net\/cotedivoire\/politique\/pdci-tidjane-thiam-contre-attaque-et-repond-a-billon-les-postes-que-jai-eus-dans-ma-carriere-je-les-ai-eus-par-merite-pas-par-filiation#breadcrumb\",\"itemListElement\":[{\"@type\":\"ListItem\",\"position\":1,\"name\":\"Accueil\",\"item\":\"https:\/\/www.africa-press.net\/cotedivoire\/\"},{\"@type\":\"ListItem\",\"position\":2,\"name\":\"PDCI, Tidjane Thiam contre-attaque et r\u00e9pond \u00e0 Billon \u00ab les postes que j&#8217;ai eus dans ma carri\u00e8re, je les ai eus par m\u00e9rite, pas par filiation \u00bb\"}]},{\"@type\":\"WebSite\",\"@id\":\"https:\/\/www.africa-press.net\/cotedivoire\/#website\",\"url\":\"https:\/\/www.africa-press.net\/cotedivoire\/\",\"name\":\"C\u00f4te d&#039;Ivoire\",\"description\":\"Just another Africa News Agency Sites site\",\"potentialAction\":[{\"@type\":\"SearchAction\",\"target\":{\"@type\":\"EntryPoint\",\"urlTemplate\":\"https:\/\/www.africa-press.net\/cotedivoire\/?s={search_term_string}\"},\"query-input\":{\"@type\":\"PropertyValueSpecification\",\"valueRequired\":true,\"valueName\":\"search_term_string\"}}],\"inLanguage\":\"fr-FR\"},{\"@type\":\"Person\",\"@id\":\"https:\/\/www.africa-press.net\/cotedivoire\/#\/schema\/person\/2b1cf3cd81a31e3cd26889ca66d677f1\",\"name\":\"cfeditorfr\"}]}<\/script>\n<!-- \/ Yoast SEO Premium plugin. -->","yoast_head_json":{"title":"PDCI, Tidjane Thiam contre-attaque et r\u00e9pond \u00e0 Billon \u00ab les postes que j'ai eus dans ma carri\u00e8re, je les ai eus par m\u00e9rite, pas par filiation \u00bb - C\u00f4te d&#039;Ivoire","description":"La bataille pour l\u2019investiture du PDCI-RDA s\u2019intensifie a\u0300 mesure que la convention approche. Apre\u0300s la sortie virulente ...","robots":{"index":"index","follow":"follow","max-snippet":"max-snippet:-1","max-image-preview":"max-image-preview:large","max-video-preview":"max-video-preview:-1"},"canonical":"https:\/\/www.africa-press.net\/cotedivoire\/politique\/pdci-tidjane-thiam-contre-attaque-et-repond-a-billon-les-postes-que-jai-eus-dans-ma-carriere-je-les-ai-eus-par-merite-pas-par-filiation","og_locale":"fr_FR","og_type":"article","og_title":"PDCI, Tidjane Thiam contre-attaque et r\u00e9pond \u00e0 Billon \u00ab les postes que j'ai eus dans ma carri\u00e8re, je les ai eus par m\u00e9rite, pas par filiation \u00bb","og_description":"La bataille pour l\u2019investiture du PDCI-RDA s\u2019intensifie a\u0300 mesure que la convention approche. Apre\u0300s la sortie virulente ...","og_url":"https:\/\/www.africa-press.net\/cotedivoire\/politique\/pdci-tidjane-thiam-contre-attaque-et-repond-a-billon-les-postes-que-jai-eus-dans-ma-carriere-je-les-ai-eus-par-merite-pas-par-filiation","og_site_name":"C\u00f4te d&#039;Ivoire","article_published_time":"2024-12-14T17:35:52+00:00","article_modified_time":"2024-12-14T18:22:57+00:00","og_image":[{"width":1280,"height":720,"url":"https:\/\/static.africa-press.net\/cote\/sites\/43\/2024\/12\/sm_1734187884.643734.jpg","type":"image\/jpeg"}],"author":"cfeditorfr","twitter_card":"summary_large_image","twitter_misc":{"\u00c9crit par":"cfeditorfr","Dur\u00e9e de lecture estim\u00e9e":"3 minutes"},"schema":{"@context":"https:\/\/schema.org","@graph":[{"@type":"Article","@id":"https:\/\/www.africa-press.net\/cotedivoire\/politique\/pdci-tidjane-thiam-contre-attaque-et-repond-a-billon-les-postes-que-jai-eus-dans-ma-carriere-je-les-ai-eus-par-merite-pas-par-filiation#article","isPartOf":{"@id":"https:\/\/www.africa-press.net\/cotedivoire\/politique\/pdci-tidjane-thiam-contre-attaque-et-repond-a-billon-les-postes-que-jai-eus-dans-ma-carriere-je-les-ai-eus-par-merite-pas-par-filiation"},"author":{"name":"cfeditorfr","@id":"https:\/\/www.africa-press.net\/cotedivoire\/#\/schema\/person\/2b1cf3cd81a31e3cd26889ca66d677f1"},"headline":"PDCI, Tidjane Thiam contre-attaque et r\u00e9pond \u00e0 Billon \u00ab les postes que j&rsquo;ai eus dans ma carri\u00e8re, je les ai eus par m\u00e9rite, pas par filiation \u00bb","datePublished":"2024-12-14T17:35:52+00:00","dateModified":"2024-12-14T18:22:57+00:00","mainEntityOfPage":{"@id":"https:\/\/www.africa-press.net\/cotedivoire\/politique\/pdci-tidjane-thiam-contre-attaque-et-repond-a-billon-les-postes-que-jai-eus-dans-ma-carriere-je-les-ai-eus-par-merite-pas-par-filiation"},"wordCount":636,"commentCount":0,"image":{"@id":"https:\/\/www.africa-press.net\/cotedivoire\/politique\/pdci-tidjane-thiam-contre-attaque-et-repond-a-billon-les-postes-que-jai-eus-dans-ma-carriere-je-les-ai-eus-par-merite-pas-par-filiation#primaryimage"},"thumbnailUrl":"https:\/\/static.africa-press.net\/cote\/sites\/43\/2024\/12\/sm_1734187884.643734.jpg","keywords":["Billon","convention","C\u00d4TE D'IVOIRE","Pdci","Thiam"],"articleSection":["Politique","Toutes les actualit\u00e9s"],"inLanguage":"fr-FR","potentialAction":[{"@type":"CommentAction","name":"Comment","target":["https:\/\/www.africa-press.net\/cotedivoire\/politique\/pdci-tidjane-thiam-contre-attaque-et-repond-a-billon-les-postes-que-jai-eus-dans-ma-carriere-je-les-ai-eus-par-merite-pas-par-filiation#respond"]}]},{"@type":"WebPage","@id":"https:\/\/www.africa-press.net\/cotedivoire\/politique\/pdci-tidjane-thiam-contre-attaque-et-repond-a-billon-les-postes-que-jai-eus-dans-ma-carriere-je-les-ai-eus-par-merite-pas-par-filiation","url":"https:\/\/www.africa-press.net\/cotedivoire\/politique\/pdci-tidjane-thiam-contre-attaque-et-repond-a-billon-les-postes-que-jai-eus-dans-ma-carriere-je-les-ai-eus-par-merite-pas-par-filiation","name":"PDCI, Tidjane Thiam contre-attaque et r\u00e9pond \u00e0 Billon \u00ab les postes que j'ai eus dans ma carri\u00e8re, je les ai eus par m\u00e9rite, pas par filiation \u00bb - C\u00f4te d&#039;Ivoire","isPartOf":{"@id":"https:\/\/www.africa-press.net\/cotedivoire\/#website"},"primaryImageOfPage":{"@id":"https:\/\/www.africa-press.net\/cotedivoire\/politique\/pdci-tidjane-thiam-contre-attaque-et-repond-a-billon-les-postes-que-jai-eus-dans-ma-carriere-je-les-ai-eus-par-merite-pas-par-filiation#primaryimage"},"image":{"@id":"https:\/\/www.africa-press.net\/cotedivoire\/politique\/pdci-tidjane-thiam-contre-attaque-et-repond-a-billon-les-postes-que-jai-eus-dans-ma-carriere-je-les-ai-eus-par-merite-pas-par-filiation#primaryimage"},"thumbnailUrl":"https:\/\/static.africa-press.net\/cote\/sites\/43\/2024\/12\/sm_1734187884.643734.jpg","datePublished":"2024-12-14T17:35:52+00:00","dateModified":"2024-12-14T18:22:57+00:00","author":{"@id":"https:\/\/www.africa-press.net\/cotedivoire\/#\/schema\/person\/2b1cf3cd81a31e3cd26889ca66d677f1"},"description":"La bataille pour l\u2019investiture du PDCI-RDA s\u2019intensifie a\u0300 mesure que la convention approche. Apre\u0300s la sortie virulente ...","breadcrumb":{"@id":"https:\/\/www.africa-press.net\/cotedivoire\/politique\/pdci-tidjane-thiam-contre-attaque-et-repond-a-billon-les-postes-que-jai-eus-dans-ma-carriere-je-les-ai-eus-par-merite-pas-par-filiation#breadcrumb"},"inLanguage":"fr-FR","potentialAction":[{"@type":"ReadAction","target":["https:\/\/www.africa-press.net\/cotedivoire\/politique\/pdci-tidjane-thiam-contre-attaque-et-repond-a-billon-les-postes-que-jai-eus-dans-ma-carriere-je-les-ai-eus-par-merite-pas-par-filiation"]}]},{"@type":"ImageObject","inLanguage":"fr-FR","@id":"https:\/\/www.africa-press.net\/cotedivoire\/politique\/pdci-tidjane-thiam-contre-attaque-et-repond-a-billon-les-postes-que-jai-eus-dans-ma-carriere-je-les-ai-eus-par-merite-pas-par-filiation#primaryimage","url":"https:\/\/static.africa-press.net\/cote\/sites\/43\/2024\/12\/sm_1734187884.643734.jpg","contentUrl":"https:\/\/static.africa-press.net\/cote\/sites\/43\/2024\/12\/sm_1734187884.643734.jpg","width":1280,"height":720,"caption":"PDCI, Tidjane Thiam contre-attaque et r\u00e9pond \u00e0 Billon \u00ab les postes que j'ai eus dans ma carri\u00e8re, je les ai eus par m\u00e9rite, pas par filiation \u00bb"},{"@type":"BreadcrumbList","@id":"https:\/\/www.africa-press.net\/cotedivoire\/politique\/pdci-tidjane-thiam-contre-attaque-et-repond-a-billon-les-postes-que-jai-eus-dans-ma-carriere-je-les-ai-eus-par-merite-pas-par-filiation#breadcrumb","itemListElement":[{"@type":"ListItem","position":1,"name":"Accueil","item":"https:\/\/www.africa-press.net\/cotedivoire\/"},{"@type":"ListItem","position":2,"name":"PDCI, Tidjane Thiam contre-attaque et r\u00e9pond \u00e0 Billon \u00ab les postes que j&#8217;ai eus dans ma carri\u00e8re, je les ai eus par m\u00e9rite, pas par filiation \u00bb"}]},{"@type":"WebSite","@id":"https:\/\/www.africa-press.net\/cotedivoire\/#website","url":"https:\/\/www.africa-press.net\/cotedivoire\/","name":"C\u00f4te d&#039;Ivoire","description":"Just another Africa News Agency Sites site","potentialAction":[{"@type":"SearchAction","target":{"@type":"EntryPoint","urlTemplate":"https:\/\/www.africa-press.net\/cotedivoire\/?s={search_term_string}"},"query-input":{"@type":"PropertyValueSpecification","valueRequired":true,"valueName":"search_term_string"}}],"inLanguage":"fr-FR"},{"@type":"Person","@id":"https:\/\/www.africa-press.net\/cotedivoire\/#\/schema\/person\/2b1cf3cd81a31e3cd26889ca66d677f1","name":"cfeditorfr"}]}},"_links":{"self":[{"href":"https:\/\/www.africa-press.net\/cotedivoire\/wp-json\/wp\/v2\/posts\/92345","targetHints":{"allow":["GET"]}}],"collection":[{"href":"https:\/\/www.africa-press.net\/cotedivoire\/wp-json\/wp\/v2\/posts"}],"about":[{"href":"https:\/\/www.africa-press.net\/cotedivoire\/wp-json\/wp\/v2\/types\/post"}],"author":[{"embeddable":true,"href":"https:\/\/www.africa-press.net\/cotedivoire\/wp-json\/wp\/v2\/users\/82"}],"replies":[{"embeddable":true,"href":"https:\/\/www.africa-press.net\/cotedivoire\/wp-json\/wp\/v2\/comments?post=92345"}],"version-history":[{"count":0,"href":"https:\/\/www.africa-press.net\/cotedivoire\/wp-json\/wp\/v2\/posts\/92345\/revisions"}],"wp:featuredmedia":[{"embeddable":true,"href":"https:\/\/www.africa-press.net\/cotedivoire\/wp-json\/wp\/v2\/media\/92344"}],"wp:attachment":[{"href":"https:\/\/www.africa-press.net\/cotedivoire\/wp-json\/wp\/v2\/media?parent=92345"}],"wp:term":[{"taxonomy":"category","embeddable":true,"href":"https:\/\/www.africa-press.net\/cotedivoire\/wp-json\/wp\/v2\/categories?post=92345"},{"taxonomy":"post_tag","embeddable":true,"href":"https:\/\/www.africa-press.net\/cotedivoire\/wp-json\/wp\/v2\/tags?post=92345"}],"curies":[{"name":"wp","href":"https:\/\/api.w.org\/{rel}","templated":true}]}}