{"id":9247,"date":"2021-06-21T10:54:21","date_gmt":"2021-06-21T10:54:21","guid":{"rendered":"https:\/\/www.africa-press.net\/cotedivoire\/?p=9247"},"modified":"2021-06-21T20:45:42","modified_gmt":"2021-06-21T20:45:42","slug":"ble-goude-attend-toujours-son-passeport-pour-pouvoir-rentrer-en-cote-divoire","status":"publish","type":"post","link":"https:\/\/www.africa-press.net\/cotedivoire\/politique\/ble-goude-attend-toujours-son-passeport-pour-pouvoir-rentrer-en-cote-divoire","title":{"rendered":"Bl\u00e9 Goud\u00e9 attend toujours son passeport pour pouvoir rentrer en C\u00f4te-d\u2019Ivoire"},"content":{"rendered":"<p><span style=\"color: #ff6600\"><strong><a href=\"https:\/\/www.africa-press.net\/\">Africa-Press<\/a> &#8211; <a href=\"https:\/\/www.africa-press.net\/cotedivoire\">C\u00f4te d&rsquo;Ivoire<\/a>. <\/strong><\/span>Alors que Laurent Gbagbo est rentr\u00e9 en C\u00f4te d\u2019Ivoire jeudi 17 juin, son ancien coaccus\u00e9, lui, est toujours en phase d\u2019attente. Acquitt\u00e9 des m\u00eames chefs de crimes contre l\u2019humanit\u00e9 le 31 mars dernier par la CPI, Charles Bl\u00e9 Goud\u00e9 r\u00e9side encore au Pays-Bas. Mais il esp\u00e8re fouler \u00e0 son tour, bient\u00f4t, le sol ivoirien.<\/p>\n<p>Charles Bl\u00e9 Goud\u00e9 attend son passeport depuis plus de 3 mois, mais le secr\u00e9taire g\u00e9n\u00e9ral de son parti, le COJEP, Patrice Saraka, demeure optimiste, assurant que la \u00ab proc\u00e9dure suit son cours \u00bb. Des repr\u00e9sentants de l\u2019ancien chef des Jeunes patriotes ont eu des rencontres pr\u00e9liminaires avec le ministre en charge de la R\u00e9conciliation, Bertin Konan Kouadio. \u00ab Quand le passeport sera d\u00e9livr\u00e9, nous pourrons entrer dans la phase op\u00e9rationnelle \u00bb ajoute Patrice Saraka.<\/p>\n<p>Une condamnation p\u00e9nale attend Charles Bl\u00e9 Goud\u00e9 en C\u00f4te d\u2019Ivoire. Vingt ans de prison, dix ans de privation de ses droits civiques et 200 millions de francs CFA de dommages et int\u00e9r\u00eats (300 000 euros). Un verdict rendu en d\u00e9cembre 2019 \u00e0 Abidjan pour \u00ab actes de torture, homicides volontaires et viol \u00bb.<\/p>\n<p>Ses proches estiment que ce sujet se r\u00e8glera de fa\u00e7on politique, que le gouvernement doit savoir faire un \u00ab sacrifice \u00bb pour aller dans le sens de la r\u00e9conciliation, mais qu\u2019il ne s\u2019agit pas d\u2019un pr\u00e9alable \u00e0 son retour. Contrairement \u00e0 Laurent Gbagbo, Charles Bl\u00e9 Goud\u00e9 ne jouit d\u2019aucuns avantages l\u00e9gaux. Les autorit\u00e9s ne reconnaissent pas son rang de ministre dans le gouvernement form\u00e9 pendant la crise post-\u00e9lectorale. Rentrer au pays sera donc \u00e0 sa charge.<\/p>\n<p>&nbsp;<\/p>\n","protected":false},"excerpt":{"rendered":"<p>Africa-Press &#8211; C\u00f4te d&rsquo;Ivoire. Alors que Laurent Gbagbo est rentr\u00e9 en C\u00f4te d\u2019Ivoire jeudi 17 juin, son ancien coaccus\u00e9, lui, est toujours en phase d\u2019attente. Acquitt\u00e9 des m\u00eames chefs de crimes contre l\u2019humanit\u00e9 le 31 mars dernier par la CPI, Charles Bl\u00e9 Goud\u00e9 r\u00e9side encore au Pays-Bas. Mais il esp\u00e8re fouler \u00e0 son tour, bient\u00f4t, [&hellip;]<\/p>\n","protected":false},"author":82,"featured_media":9246,"comment_status":"open","ping_status":"closed","sticky":false,"template":"","format":"standard","meta":{"footnotes":""},"categories":[11,2,10],"tags":[56,63,29],"class_list":["post-9247","post","type-post","status-publish","format-standard","has-post-thumbnail","hentry","category-homepage-french","category-politique","category-toutes-les-actualites","tag-africa-press","tag-africa-press-cote-divoire","tag-cote-divoire"],"yoast_head":"<!-- This site is optimized with the Yoast SEO Premium plugin v26.1 (Yoast SEO v27.0) - https:\/\/yoast.com\/product\/yoast-seo-premium-wordpress\/ -->\n<title>Bl\u00e9 Goud\u00e9 attend toujours son passeport pour pouvoir rentrer en C\u00f4te-d\u2019Ivoire - C\u00f4te d&#039;Ivoire<\/title>\n<meta name=\"description\" content=\"Alors que Laurent Gbagbo est rentr\u00e9 en C\u00f4te d\u2019Ivoire jeudi 17 juin, son ancien coaccus\u00e9, lui, est toujours en phase d\u2019at ...\" \/>\n<meta name=\"robots\" content=\"index, follow, max-snippet:-1, max-image-preview:large, max-video-preview:-1\" \/>\n<link rel=\"canonical\" href=\"https:\/\/www.africa-press.net\/cotedivoire\/politique\/ble-goude-attend-toujours-son-passeport-pour-pouvoir-rentrer-en-cote-divoire\" \/>\n<meta property=\"og:locale\" content=\"fr_FR\" \/>\n<meta property=\"og:type\" content=\"article\" \/>\n<meta property=\"og:title\" content=\"Bl\u00e9 Goud\u00e9 attend toujours son passeport pour pouvoir rentrer en C\u00f4te-d\u2019Ivoire\" \/>\n<meta property=\"og:description\" content=\"Alors que Laurent Gbagbo est rentr\u00e9 en C\u00f4te d\u2019Ivoire jeudi 17 juin, son ancien coaccus\u00e9, lui, est toujours en phase d\u2019at ...\" \/>\n<meta property=\"og:url\" content=\"https:\/\/www.africa-press.net\/cotedivoire\/politique\/ble-goude-attend-toujours-son-passeport-pour-pouvoir-rentrer-en-cote-divoire\" \/>\n<meta property=\"og:site_name\" content=\"C\u00f4te d&#039;Ivoire\" \/>\n<meta property=\"article:published_time\" content=\"2021-06-21T10:54:21+00:00\" \/>\n<meta property=\"article:modified_time\" content=\"2021-06-21T20:45:42+00:00\" \/>\n<meta property=\"og:image\" content=\"https:\/\/static.africa-press.net\/cote\/sites\/43\/2021\/06\/img-60d06f1ce238c.jpg\" \/>\n\t<meta property=\"og:image:width\" content=\"720\" \/>\n\t<meta property=\"og:image:height\" content=\"360\" \/>\n\t<meta property=\"og:image:type\" content=\"image\/jpeg\" \/>\n<meta name=\"author\" content=\"cfeditorfr\" \/>\n<meta name=\"twitter:card\" content=\"summary_large_image\" \/>\n<meta name=\"twitter:label1\" content=\"\u00c9crit par\" \/>\n\t<meta name=\"twitter:data1\" content=\"cfeditorfr\" \/>\n\t<meta name=\"twitter:label2\" content=\"Dur\u00e9e de lecture estim\u00e9e\" \/>\n\t<meta name=\"twitter:data2\" content=\"2 minutes\" \/>\n<script type=\"application\/ld+json\" class=\"yoast-schema-graph\">{\"@context\":\"https:\/\/schema.org\",\"@graph\":[{\"@type\":\"Article\",\"@id\":\"https:\/\/www.africa-press.net\/cotedivoire\/politique\/ble-goude-attend-toujours-son-passeport-pour-pouvoir-rentrer-en-cote-divoire#article\",\"isPartOf\":{\"@id\":\"https:\/\/www.africa-press.net\/cotedivoire\/politique\/ble-goude-attend-toujours-son-passeport-pour-pouvoir-rentrer-en-cote-divoire\"},\"author\":{\"name\":\"cfeditorfr\",\"@id\":\"https:\/\/www.africa-press.net\/cotedivoire\/#\/schema\/person\/2b1cf3cd81a31e3cd26889ca66d677f1\"},\"headline\":\"Bl\u00e9 Goud\u00e9 attend toujours son passeport pour pouvoir rentrer en C\u00f4te-d\u2019Ivoire\",\"datePublished\":\"2021-06-21T10:54:21+00:00\",\"dateModified\":\"2021-06-21T20:45:42+00:00\",\"mainEntityOfPage\":{\"@id\":\"https:\/\/www.africa-press.net\/cotedivoire\/politique\/ble-goude-attend-toujours-son-passeport-pour-pouvoir-rentrer-en-cote-divoire\"},\"wordCount\":292,\"commentCount\":0,\"image\":{\"@id\":\"https:\/\/www.africa-press.net\/cotedivoire\/politique\/ble-goude-attend-toujours-son-passeport-pour-pouvoir-rentrer-en-cote-divoire#primaryimage\"},\"thumbnailUrl\":\"https:\/\/static.africa-press.net\/cote\/sites\/43\/2021\/06\/img-60d06f1ce238c.jpg\",\"keywords\":[\"Africa Press\",\"Africa Press-C\u00f4te d'Ivoire\",\"C\u00d4TE D'IVOIRE\"],\"articleSection\":[\"homepage-french\",\"Politique\",\"Toutes les actualit\u00e9s\"],\"inLanguage\":\"fr-FR\",\"potentialAction\":[{\"@type\":\"CommentAction\",\"name\":\"Comment\",\"target\":[\"https:\/\/www.africa-press.net\/cotedivoire\/politique\/ble-goude-attend-toujours-son-passeport-pour-pouvoir-rentrer-en-cote-divoire#respond\"]}]},{\"@type\":\"WebPage\",\"@id\":\"https:\/\/www.africa-press.net\/cotedivoire\/politique\/ble-goude-attend-toujours-son-passeport-pour-pouvoir-rentrer-en-cote-divoire\",\"url\":\"https:\/\/www.africa-press.net\/cotedivoire\/politique\/ble-goude-attend-toujours-son-passeport-pour-pouvoir-rentrer-en-cote-divoire\",\"name\":\"Bl\u00e9 Goud\u00e9 attend toujours son passeport pour pouvoir rentrer en C\u00f4te-d\u2019Ivoire - C\u00f4te d&#039;Ivoire\",\"isPartOf\":{\"@id\":\"https:\/\/www.africa-press.net\/cotedivoire\/#website\"},\"primaryImageOfPage\":{\"@id\":\"https:\/\/www.africa-press.net\/cotedivoire\/politique\/ble-goude-attend-toujours-son-passeport-pour-pouvoir-rentrer-en-cote-divoire#primaryimage\"},\"image\":{\"@id\":\"https:\/\/www.africa-press.net\/cotedivoire\/politique\/ble-goude-attend-toujours-son-passeport-pour-pouvoir-rentrer-en-cote-divoire#primaryimage\"},\"thumbnailUrl\":\"https:\/\/static.africa-press.net\/cote\/sites\/43\/2021\/06\/img-60d06f1ce238c.jpg\",\"datePublished\":\"2021-06-21T10:54:21+00:00\",\"dateModified\":\"2021-06-21T20:45:42+00:00\",\"author\":{\"@id\":\"https:\/\/www.africa-press.net\/cotedivoire\/#\/schema\/person\/2b1cf3cd81a31e3cd26889ca66d677f1\"},\"description\":\"Alors que Laurent Gbagbo est rentr\u00e9 en C\u00f4te d\u2019Ivoire jeudi 17 juin, son ancien coaccus\u00e9, lui, est toujours en phase d\u2019at ...\",\"breadcrumb\":{\"@id\":\"https:\/\/www.africa-press.net\/cotedivoire\/politique\/ble-goude-attend-toujours-son-passeport-pour-pouvoir-rentrer-en-cote-divoire#breadcrumb\"},\"inLanguage\":\"fr-FR\",\"potentialAction\":[{\"@type\":\"ReadAction\",\"target\":[\"https:\/\/www.africa-press.net\/cotedivoire\/politique\/ble-goude-attend-toujours-son-passeport-pour-pouvoir-rentrer-en-cote-divoire\"]}]},{\"@type\":\"ImageObject\",\"inLanguage\":\"fr-FR\",\"@id\":\"https:\/\/www.africa-press.net\/cotedivoire\/politique\/ble-goude-attend-toujours-son-passeport-pour-pouvoir-rentrer-en-cote-divoire#primaryimage\",\"url\":\"https:\/\/static.africa-press.net\/cote\/sites\/43\/2021\/06\/img-60d06f1ce238c.jpg\",\"contentUrl\":\"https:\/\/static.africa-press.net\/cote\/sites\/43\/2021\/06\/img-60d06f1ce238c.jpg\",\"width\":720,\"height\":360,\"caption\":\"Bl\u00e9 Goud\u00e9 attend toujours son passeport pour pouvoir rentrer en C\u00f4te-d\u2019Ivoire\"},{\"@type\":\"BreadcrumbList\",\"@id\":\"https:\/\/www.africa-press.net\/cotedivoire\/politique\/ble-goude-attend-toujours-son-passeport-pour-pouvoir-rentrer-en-cote-divoire#breadcrumb\",\"itemListElement\":[{\"@type\":\"ListItem\",\"position\":1,\"name\":\"Accueil\",\"item\":\"https:\/\/www.africa-press.net\/cotedivoire\/\"},{\"@type\":\"ListItem\",\"position\":2,\"name\":\"Bl\u00e9 Goud\u00e9 attend toujours son passeport pour pouvoir rentrer en C\u00f4te-d\u2019Ivoire\"}]},{\"@type\":\"WebSite\",\"@id\":\"https:\/\/www.africa-press.net\/cotedivoire\/#website\",\"url\":\"https:\/\/www.africa-press.net\/cotedivoire\/\",\"name\":\"C\u00f4te d&#039;Ivoire\",\"description\":\"Just another Africa News Agency Sites site\",\"potentialAction\":[{\"@type\":\"SearchAction\",\"target\":{\"@type\":\"EntryPoint\",\"urlTemplate\":\"https:\/\/www.africa-press.net\/cotedivoire\/?s={search_term_string}\"},\"query-input\":{\"@type\":\"PropertyValueSpecification\",\"valueRequired\":true,\"valueName\":\"search_term_string\"}}],\"inLanguage\":\"fr-FR\"},{\"@type\":\"Person\",\"@id\":\"https:\/\/www.africa-press.net\/cotedivoire\/#\/schema\/person\/2b1cf3cd81a31e3cd26889ca66d677f1\",\"name\":\"cfeditorfr\"}]}<\/script>\n<!-- \/ Yoast SEO Premium plugin. -->","yoast_head_json":{"title":"Bl\u00e9 Goud\u00e9 attend toujours son passeport pour pouvoir rentrer en C\u00f4te-d\u2019Ivoire - C\u00f4te d&#039;Ivoire","description":"Alors que Laurent Gbagbo est rentr\u00e9 en C\u00f4te d\u2019Ivoire jeudi 17 juin, son ancien coaccus\u00e9, lui, est toujours en phase d\u2019at ...","robots":{"index":"index","follow":"follow","max-snippet":"max-snippet:-1","max-image-preview":"max-image-preview:large","max-video-preview":"max-video-preview:-1"},"canonical":"https:\/\/www.africa-press.net\/cotedivoire\/politique\/ble-goude-attend-toujours-son-passeport-pour-pouvoir-rentrer-en-cote-divoire","og_locale":"fr_FR","og_type":"article","og_title":"Bl\u00e9 Goud\u00e9 attend toujours son passeport pour pouvoir rentrer en C\u00f4te-d\u2019Ivoire","og_description":"Alors que Laurent Gbagbo est rentr\u00e9 en C\u00f4te d\u2019Ivoire jeudi 17 juin, son ancien coaccus\u00e9, lui, est toujours en phase d\u2019at ...","og_url":"https:\/\/www.africa-press.net\/cotedivoire\/politique\/ble-goude-attend-toujours-son-passeport-pour-pouvoir-rentrer-en-cote-divoire","og_site_name":"C\u00f4te d&#039;Ivoire","article_published_time":"2021-06-21T10:54:21+00:00","article_modified_time":"2021-06-21T20:45:42+00:00","og_image":[{"width":720,"height":360,"url":"https:\/\/static.africa-press.net\/cote\/sites\/43\/2021\/06\/img-60d06f1ce238c.jpg","type":"image\/jpeg"}],"author":"cfeditorfr","twitter_card":"summary_large_image","twitter_misc":{"\u00c9crit par":"cfeditorfr","Dur\u00e9e de lecture estim\u00e9e":"2 minutes"},"schema":{"@context":"https:\/\/schema.org","@graph":[{"@type":"Article","@id":"https:\/\/www.africa-press.net\/cotedivoire\/politique\/ble-goude-attend-toujours-son-passeport-pour-pouvoir-rentrer-en-cote-divoire#article","isPartOf":{"@id":"https:\/\/www.africa-press.net\/cotedivoire\/politique\/ble-goude-attend-toujours-son-passeport-pour-pouvoir-rentrer-en-cote-divoire"},"author":{"name":"cfeditorfr","@id":"https:\/\/www.africa-press.net\/cotedivoire\/#\/schema\/person\/2b1cf3cd81a31e3cd26889ca66d677f1"},"headline":"Bl\u00e9 Goud\u00e9 attend toujours son passeport pour pouvoir rentrer en C\u00f4te-d\u2019Ivoire","datePublished":"2021-06-21T10:54:21+00:00","dateModified":"2021-06-21T20:45:42+00:00","mainEntityOfPage":{"@id":"https:\/\/www.africa-press.net\/cotedivoire\/politique\/ble-goude-attend-toujours-son-passeport-pour-pouvoir-rentrer-en-cote-divoire"},"wordCount":292,"commentCount":0,"image":{"@id":"https:\/\/www.africa-press.net\/cotedivoire\/politique\/ble-goude-attend-toujours-son-passeport-pour-pouvoir-rentrer-en-cote-divoire#primaryimage"},"thumbnailUrl":"https:\/\/static.africa-press.net\/cote\/sites\/43\/2021\/06\/img-60d06f1ce238c.jpg","keywords":["Africa Press","Africa Press-C\u00f4te d'Ivoire","C\u00d4TE D'IVOIRE"],"articleSection":["homepage-french","Politique","Toutes les actualit\u00e9s"],"inLanguage":"fr-FR","potentialAction":[{"@type":"CommentAction","name":"Comment","target":["https:\/\/www.africa-press.net\/cotedivoire\/politique\/ble-goude-attend-toujours-son-passeport-pour-pouvoir-rentrer-en-cote-divoire#respond"]}]},{"@type":"WebPage","@id":"https:\/\/www.africa-press.net\/cotedivoire\/politique\/ble-goude-attend-toujours-son-passeport-pour-pouvoir-rentrer-en-cote-divoire","url":"https:\/\/www.africa-press.net\/cotedivoire\/politique\/ble-goude-attend-toujours-son-passeport-pour-pouvoir-rentrer-en-cote-divoire","name":"Bl\u00e9 Goud\u00e9 attend toujours son passeport pour pouvoir rentrer en C\u00f4te-d\u2019Ivoire - C\u00f4te d&#039;Ivoire","isPartOf":{"@id":"https:\/\/www.africa-press.net\/cotedivoire\/#website"},"primaryImageOfPage":{"@id":"https:\/\/www.africa-press.net\/cotedivoire\/politique\/ble-goude-attend-toujours-son-passeport-pour-pouvoir-rentrer-en-cote-divoire#primaryimage"},"image":{"@id":"https:\/\/www.africa-press.net\/cotedivoire\/politique\/ble-goude-attend-toujours-son-passeport-pour-pouvoir-rentrer-en-cote-divoire#primaryimage"},"thumbnailUrl":"https:\/\/static.africa-press.net\/cote\/sites\/43\/2021\/06\/img-60d06f1ce238c.jpg","datePublished":"2021-06-21T10:54:21+00:00","dateModified":"2021-06-21T20:45:42+00:00","author":{"@id":"https:\/\/www.africa-press.net\/cotedivoire\/#\/schema\/person\/2b1cf3cd81a31e3cd26889ca66d677f1"},"description":"Alors que Laurent Gbagbo est rentr\u00e9 en C\u00f4te d\u2019Ivoire jeudi 17 juin, son ancien coaccus\u00e9, lui, est toujours en phase d\u2019at ...","breadcrumb":{"@id":"https:\/\/www.africa-press.net\/cotedivoire\/politique\/ble-goude-attend-toujours-son-passeport-pour-pouvoir-rentrer-en-cote-divoire#breadcrumb"},"inLanguage":"fr-FR","potentialAction":[{"@type":"ReadAction","target":["https:\/\/www.africa-press.net\/cotedivoire\/politique\/ble-goude-attend-toujours-son-passeport-pour-pouvoir-rentrer-en-cote-divoire"]}]},{"@type":"ImageObject","inLanguage":"fr-FR","@id":"https:\/\/www.africa-press.net\/cotedivoire\/politique\/ble-goude-attend-toujours-son-passeport-pour-pouvoir-rentrer-en-cote-divoire#primaryimage","url":"https:\/\/static.africa-press.net\/cote\/sites\/43\/2021\/06\/img-60d06f1ce238c.jpg","contentUrl":"https:\/\/static.africa-press.net\/cote\/sites\/43\/2021\/06\/img-60d06f1ce238c.jpg","width":720,"height":360,"caption":"Bl\u00e9 Goud\u00e9 attend toujours son passeport pour pouvoir rentrer en C\u00f4te-d\u2019Ivoire"},{"@type":"BreadcrumbList","@id":"https:\/\/www.africa-press.net\/cotedivoire\/politique\/ble-goude-attend-toujours-son-passeport-pour-pouvoir-rentrer-en-cote-divoire#breadcrumb","itemListElement":[{"@type":"ListItem","position":1,"name":"Accueil","item":"https:\/\/www.africa-press.net\/cotedivoire\/"},{"@type":"ListItem","position":2,"name":"Bl\u00e9 Goud\u00e9 attend toujours son passeport pour pouvoir rentrer en C\u00f4te-d\u2019Ivoire"}]},{"@type":"WebSite","@id":"https:\/\/www.africa-press.net\/cotedivoire\/#website","url":"https:\/\/www.africa-press.net\/cotedivoire\/","name":"C\u00f4te d&#039;Ivoire","description":"Just another Africa News Agency Sites site","potentialAction":[{"@type":"SearchAction","target":{"@type":"EntryPoint","urlTemplate":"https:\/\/www.africa-press.net\/cotedivoire\/?s={search_term_string}"},"query-input":{"@type":"PropertyValueSpecification","valueRequired":true,"valueName":"search_term_string"}}],"inLanguage":"fr-FR"},{"@type":"Person","@id":"https:\/\/www.africa-press.net\/cotedivoire\/#\/schema\/person\/2b1cf3cd81a31e3cd26889ca66d677f1","name":"cfeditorfr"}]}},"_links":{"self":[{"href":"https:\/\/www.africa-press.net\/cotedivoire\/wp-json\/wp\/v2\/posts\/9247","targetHints":{"allow":["GET"]}}],"collection":[{"href":"https:\/\/www.africa-press.net\/cotedivoire\/wp-json\/wp\/v2\/posts"}],"about":[{"href":"https:\/\/www.africa-press.net\/cotedivoire\/wp-json\/wp\/v2\/types\/post"}],"author":[{"embeddable":true,"href":"https:\/\/www.africa-press.net\/cotedivoire\/wp-json\/wp\/v2\/users\/82"}],"replies":[{"embeddable":true,"href":"https:\/\/www.africa-press.net\/cotedivoire\/wp-json\/wp\/v2\/comments?post=9247"}],"version-history":[{"count":0,"href":"https:\/\/www.africa-press.net\/cotedivoire\/wp-json\/wp\/v2\/posts\/9247\/revisions"}],"wp:featuredmedia":[{"embeddable":true,"href":"https:\/\/www.africa-press.net\/cotedivoire\/wp-json\/wp\/v2\/media\/9246"}],"wp:attachment":[{"href":"https:\/\/www.africa-press.net\/cotedivoire\/wp-json\/wp\/v2\/media?parent=9247"}],"wp:term":[{"taxonomy":"category","embeddable":true,"href":"https:\/\/www.africa-press.net\/cotedivoire\/wp-json\/wp\/v2\/categories?post=9247"},{"taxonomy":"post_tag","embeddable":true,"href":"https:\/\/www.africa-press.net\/cotedivoire\/wp-json\/wp\/v2\/tags?post=9247"}],"curies":[{"name":"wp","href":"https:\/\/api.w.org\/{rel}","templated":true}]}}