{"id":9250,"date":"2021-06-21T11:00:02","date_gmt":"2021-06-21T11:00:02","guid":{"rendered":"https:\/\/www.africa-press.net\/cotedivoire\/?p=9250"},"modified":"2021-06-21T20:45:57","modified_gmt":"2021-06-21T20:45:57","slug":"cote-divoire-le-cardinal-kutwa-annonce-le-retour-de-gbagbo-chez-les-catholiques-apres-ce-petit-tour-chez-les-evangeliques","status":"publish","type":"post","link":"https:\/\/www.africa-press.net\/cotedivoire\/politique\/cote-divoire-le-cardinal-kutwa-annonce-le-retour-de-gbagbo-chez-les-catholiques-apres-ce-petit-tour-chez-les-evangeliques","title":{"rendered":"Le Cardinal Kutwa annonce le retour de Gbagbo chez les catholiques \u00ab\u00a0apr\u00e8s ce petit tour chez les \u00e9vang\u00e9liques\u00a0\u00bb"},"content":{"rendered":"<p><span style=\"color: #ff6600\"><strong><a href=\"https:\/\/www.africa-press.net\/\">Africa-Press<\/a> &#8211; <a href=\"https:\/\/www.africa-press.net\/cotedivoire\">C\u00f4te d&rsquo;Ivoire<\/a>.\u00a0 <\/strong><\/span>L\u2019ex-pr\u00e9sident ivoirien, Laurent Gbagbo rentr\u00e9 jeudi en C\u00f4te d\u2019Ivoire, apr\u00e8s dix ann\u00e9es hors de son pays, a assist\u00e9 dimanche \u00e0 sa premi\u00e8re messe \u00e0 la Cath\u00e9drale Saint-Paul du Plateau (Abidjan-Centre), au cours de laquelle il a annonc\u00e9 officiellement son retour au catholicisme, sa religion d\u2019origine.<\/p>\n<p><b>\u00ab Je voudrais vous faire une grande annonce, le pr\u00e9sident Laurent Gbagbo a \u00e9t\u00e9 baptis\u00e9 catholique mais dans son cheminement, un moment donn\u00e9 il a quitt\u00e9 l\u2019\u00e9glise pour se faire \u00e9vang\u00e9lique. Et apr\u00e8s ce petit tour chez les \u00e9vang\u00e9liques il s\u2019est dit non, je reviens ans la r\u00e9ligion dans laquelle j\u2019ai \u00e9t\u00e9 bapti<\/b><\/p>\n<p>s\u00e9 \u00bb, a annonc\u00e9 le Cardinal Jean Pierre Kutwa, le pr\u00eatre qui a dirig\u00e9 la messe du jour.<\/p>\n<p>Comme pour arroser ce retour au catholicisme, Cardinal Kutwa a remis un chapelet \u00e0 l\u2019ex-pr\u00e9sident, sous les ovations des fid\u00e8les pr\u00e9sents dans l\u2019enceinte de la Cath\u00e9drale et de responsables de son parti.<\/p>\n<p><b>\u00ab En vous donnant ce chapelet, je vous confie \u00e0 la vierge parce que le train de la r\u00e9conciliation est sur les rails mais il faut que ce train aille jusqu\u2019\u00e0 la gare de la paix \u00bb,<\/b><\/p>\n<p>a ajout\u00e9 l\u2019homme de Dieu.<\/p>\n<p>D\u00e9finitivement acquitt\u00e9 par la CPI le 31 de crimes contre l\u2019humanit\u00e9 commis lors de la crise post-\u00e9lectorale de 2010-2011, Laurent Gbagbo est revenu en C\u00f4te d\u2019Ivoire le 17 juin.<\/p>\n<p>&nbsp;<\/p>\n","protected":false},"excerpt":{"rendered":"<p>Africa-Press &#8211; C\u00f4te d&rsquo;Ivoire.\u00a0 L\u2019ex-pr\u00e9sident ivoirien, Laurent Gbagbo rentr\u00e9 jeudi en C\u00f4te d\u2019Ivoire, apr\u00e8s dix ann\u00e9es hors de son pays, a assist\u00e9 dimanche \u00e0 sa premi\u00e8re messe \u00e0 la Cath\u00e9drale Saint-Paul du Plateau (Abidjan-Centre), au cours de laquelle il a annonc\u00e9 officiellement son retour au catholicisme, sa religion d\u2019origine. \u00ab Je voudrais vous faire une [&hellip;]<\/p>\n","protected":false},"author":82,"featured_media":9249,"comment_status":"open","ping_status":"closed","sticky":false,"template":"","format":"standard","meta":{"footnotes":""},"categories":[11,2,20,10],"tags":[56,63,29],"class_list":["post-9250","post","type-post","status-publish","format-standard","has-post-thumbnail","hentry","category-homepage-french","category-politique","category-top-nouvelles","category-toutes-les-actualites","tag-africa-press","tag-africa-press-cote-divoire","tag-cote-divoire"],"yoast_head":"<!-- This site is optimized with the Yoast SEO Premium plugin v26.1 (Yoast SEO v27.0) - https:\/\/yoast.com\/product\/yoast-seo-premium-wordpress\/ -->\n<title>Le Cardinal Kutwa annonce le retour de Gbagbo chez les catholiques \u00ab\u00a0apr\u00e8s ce petit tour chez les \u00e9vang\u00e9liques\u00a0\u00bb - C\u00f4te d&#039;Ivoire<\/title>\n<meta name=\"description\" content=\"Tois jours apr\u00e8s son retour, Laurent Gbagbo retourne \u00e0 ses origines catholiques Jocelyne LIADE L\u2019ex-pr\u00e9sident i ...\" \/>\n<meta name=\"robots\" content=\"index, follow, max-snippet:-1, max-image-preview:large, max-video-preview:-1\" \/>\n<link rel=\"canonical\" href=\"https:\/\/www.africa-press.net\/cotedivoire\/politique\/cote-divoire-le-cardinal-kutwa-annonce-le-retour-de-gbagbo-chez-les-catholiques-apres-ce-petit-tour-chez-les-evangeliques\" \/>\n<meta property=\"og:locale\" content=\"fr_FR\" \/>\n<meta property=\"og:type\" content=\"article\" \/>\n<meta property=\"og:title\" content=\"Le Cardinal Kutwa annonce le retour de Gbagbo chez les catholiques \u00ab\u00a0apr\u00e8s ce petit tour chez les \u00e9vang\u00e9liques\u00a0\u00bb\" \/>\n<meta property=\"og:description\" content=\"Tois jours apr\u00e8s son retour, Laurent Gbagbo retourne \u00e0 ses origines catholiques Jocelyne LIADE L\u2019ex-pr\u00e9sident i ...\" \/>\n<meta property=\"og:url\" content=\"https:\/\/www.africa-press.net\/cotedivoire\/politique\/cote-divoire-le-cardinal-kutwa-annonce-le-retour-de-gbagbo-chez-les-catholiques-apres-ce-petit-tour-chez-les-evangeliques\" \/>\n<meta property=\"og:site_name\" content=\"C\u00f4te d&#039;Ivoire\" \/>\n<meta property=\"article:published_time\" content=\"2021-06-21T11:00:02+00:00\" \/>\n<meta property=\"article:modified_time\" content=\"2021-06-21T20:45:57+00:00\" \/>\n<meta property=\"og:image\" content=\"https:\/\/static.africa-press.net\/cote\/sites\/43\/2021\/06\/img-60d06f4515125.jpg\" \/>\n\t<meta property=\"og:image:width\" content=\"720\" \/>\n\t<meta property=\"og:image:height\" content=\"480\" \/>\n\t<meta property=\"og:image:type\" content=\"image\/jpeg\" \/>\n<meta name=\"author\" content=\"cfeditorfr\" \/>\n<meta name=\"twitter:card\" content=\"summary_large_image\" \/>\n<meta name=\"twitter:label1\" content=\"\u00c9crit par\" \/>\n\t<meta name=\"twitter:data1\" content=\"cfeditorfr\" \/>\n\t<meta name=\"twitter:label2\" content=\"Dur\u00e9e de lecture estim\u00e9e\" \/>\n\t<meta name=\"twitter:data2\" content=\"1 minute\" \/>\n<script type=\"application\/ld+json\" class=\"yoast-schema-graph\">{\"@context\":\"https:\/\/schema.org\",\"@graph\":[{\"@type\":\"Article\",\"@id\":\"https:\/\/www.africa-press.net\/cotedivoire\/politique\/cote-divoire-le-cardinal-kutwa-annonce-le-retour-de-gbagbo-chez-les-catholiques-apres-ce-petit-tour-chez-les-evangeliques#article\",\"isPartOf\":{\"@id\":\"https:\/\/www.africa-press.net\/cotedivoire\/politique\/cote-divoire-le-cardinal-kutwa-annonce-le-retour-de-gbagbo-chez-les-catholiques-apres-ce-petit-tour-chez-les-evangeliques\"},\"author\":{\"name\":\"cfeditorfr\",\"@id\":\"https:\/\/www.africa-press.net\/cotedivoire\/#\/schema\/person\/2b1cf3cd81a31e3cd26889ca66d677f1\"},\"headline\":\"Le Cardinal Kutwa annonce le retour de Gbagbo chez les catholiques \u00ab\u00a0apr\u00e8s ce petit tour chez les \u00e9vang\u00e9liques\u00a0\u00bb\",\"datePublished\":\"2021-06-21T11:00:02+00:00\",\"dateModified\":\"2021-06-21T20:45:57+00:00\",\"mainEntityOfPage\":{\"@id\":\"https:\/\/www.africa-press.net\/cotedivoire\/politique\/cote-divoire-le-cardinal-kutwa-annonce-le-retour-de-gbagbo-chez-les-catholiques-apres-ce-petit-tour-chez-les-evangeliques\"},\"wordCount\":267,\"commentCount\":0,\"image\":{\"@id\":\"https:\/\/www.africa-press.net\/cotedivoire\/politique\/cote-divoire-le-cardinal-kutwa-annonce-le-retour-de-gbagbo-chez-les-catholiques-apres-ce-petit-tour-chez-les-evangeliques#primaryimage\"},\"thumbnailUrl\":\"https:\/\/static.africa-press.net\/cote\/sites\/43\/2021\/06\/img-60d06f4515125.jpg\",\"keywords\":[\"Africa Press\",\"Africa Press-C\u00f4te d'Ivoire\",\"C\u00d4TE D'IVOIRE\"],\"articleSection\":[\"homepage-french\",\"Politique\",\"Top Nouvelles\",\"Toutes les actualit\u00e9s\"],\"inLanguage\":\"fr-FR\",\"potentialAction\":[{\"@type\":\"CommentAction\",\"name\":\"Comment\",\"target\":[\"https:\/\/www.africa-press.net\/cotedivoire\/politique\/cote-divoire-le-cardinal-kutwa-annonce-le-retour-de-gbagbo-chez-les-catholiques-apres-ce-petit-tour-chez-les-evangeliques#respond\"]}]},{\"@type\":\"WebPage\",\"@id\":\"https:\/\/www.africa-press.net\/cotedivoire\/politique\/cote-divoire-le-cardinal-kutwa-annonce-le-retour-de-gbagbo-chez-les-catholiques-apres-ce-petit-tour-chez-les-evangeliques\",\"url\":\"https:\/\/www.africa-press.net\/cotedivoire\/politique\/cote-divoire-le-cardinal-kutwa-annonce-le-retour-de-gbagbo-chez-les-catholiques-apres-ce-petit-tour-chez-les-evangeliques\",\"name\":\"Le Cardinal Kutwa annonce le retour de Gbagbo chez les catholiques \u00ab\u00a0apr\u00e8s ce petit tour chez les \u00e9vang\u00e9liques\u00a0\u00bb - C\u00f4te d&#039;Ivoire\",\"isPartOf\":{\"@id\":\"https:\/\/www.africa-press.net\/cotedivoire\/#website\"},\"primaryImageOfPage\":{\"@id\":\"https:\/\/www.africa-press.net\/cotedivoire\/politique\/cote-divoire-le-cardinal-kutwa-annonce-le-retour-de-gbagbo-chez-les-catholiques-apres-ce-petit-tour-chez-les-evangeliques#primaryimage\"},\"image\":{\"@id\":\"https:\/\/www.africa-press.net\/cotedivoire\/politique\/cote-divoire-le-cardinal-kutwa-annonce-le-retour-de-gbagbo-chez-les-catholiques-apres-ce-petit-tour-chez-les-evangeliques#primaryimage\"},\"thumbnailUrl\":\"https:\/\/static.africa-press.net\/cote\/sites\/43\/2021\/06\/img-60d06f4515125.jpg\",\"datePublished\":\"2021-06-21T11:00:02+00:00\",\"dateModified\":\"2021-06-21T20:45:57+00:00\",\"author\":{\"@id\":\"https:\/\/www.africa-press.net\/cotedivoire\/#\/schema\/person\/2b1cf3cd81a31e3cd26889ca66d677f1\"},\"description\":\"Tois jours apr\u00e8s son retour, Laurent Gbagbo retourne \u00e0 ses origines catholiques Jocelyne LIADE L\u2019ex-pr\u00e9sident i ...\",\"breadcrumb\":{\"@id\":\"https:\/\/www.africa-press.net\/cotedivoire\/politique\/cote-divoire-le-cardinal-kutwa-annonce-le-retour-de-gbagbo-chez-les-catholiques-apres-ce-petit-tour-chez-les-evangeliques#breadcrumb\"},\"inLanguage\":\"fr-FR\",\"potentialAction\":[{\"@type\":\"ReadAction\",\"target\":[\"https:\/\/www.africa-press.net\/cotedivoire\/politique\/cote-divoire-le-cardinal-kutwa-annonce-le-retour-de-gbagbo-chez-les-catholiques-apres-ce-petit-tour-chez-les-evangeliques\"]}]},{\"@type\":\"ImageObject\",\"inLanguage\":\"fr-FR\",\"@id\":\"https:\/\/www.africa-press.net\/cotedivoire\/politique\/cote-divoire-le-cardinal-kutwa-annonce-le-retour-de-gbagbo-chez-les-catholiques-apres-ce-petit-tour-chez-les-evangeliques#primaryimage\",\"url\":\"https:\/\/static.africa-press.net\/cote\/sites\/43\/2021\/06\/img-60d06f4515125.jpg\",\"contentUrl\":\"https:\/\/static.africa-press.net\/cote\/sites\/43\/2021\/06\/img-60d06f4515125.jpg\",\"width\":720,\"height\":480,\"caption\":\"C\u00f4te-d\u2019Ivoire: Le Cardinal Kutwa annonce le retour de Gbagbo chez les catholiques \u00ab\u00a0apr\u00e8s ce petit tour chez les \u00e9vang\u00e9liques\u00a0\u00bb\"},{\"@type\":\"BreadcrumbList\",\"@id\":\"https:\/\/www.africa-press.net\/cotedivoire\/politique\/cote-divoire-le-cardinal-kutwa-annonce-le-retour-de-gbagbo-chez-les-catholiques-apres-ce-petit-tour-chez-les-evangeliques#breadcrumb\",\"itemListElement\":[{\"@type\":\"ListItem\",\"position\":1,\"name\":\"Accueil\",\"item\":\"https:\/\/www.africa-press.net\/cotedivoire\/\"},{\"@type\":\"ListItem\",\"position\":2,\"name\":\"Le Cardinal Kutwa annonce le retour de Gbagbo chez les catholiques \u00ab\u00a0apr\u00e8s ce petit tour chez les \u00e9vang\u00e9liques\u00a0\u00bb\"}]},{\"@type\":\"WebSite\",\"@id\":\"https:\/\/www.africa-press.net\/cotedivoire\/#website\",\"url\":\"https:\/\/www.africa-press.net\/cotedivoire\/\",\"name\":\"C\u00f4te d&#039;Ivoire\",\"description\":\"Just another Africa News Agency Sites site\",\"potentialAction\":[{\"@type\":\"SearchAction\",\"target\":{\"@type\":\"EntryPoint\",\"urlTemplate\":\"https:\/\/www.africa-press.net\/cotedivoire\/?s={search_term_string}\"},\"query-input\":{\"@type\":\"PropertyValueSpecification\",\"valueRequired\":true,\"valueName\":\"search_term_string\"}}],\"inLanguage\":\"fr-FR\"},{\"@type\":\"Person\",\"@id\":\"https:\/\/www.africa-press.net\/cotedivoire\/#\/schema\/person\/2b1cf3cd81a31e3cd26889ca66d677f1\",\"name\":\"cfeditorfr\"}]}<\/script>\n<!-- \/ Yoast SEO Premium plugin. -->","yoast_head_json":{"title":"Le Cardinal Kutwa annonce le retour de Gbagbo chez les catholiques \u00ab\u00a0apr\u00e8s ce petit tour chez les \u00e9vang\u00e9liques\u00a0\u00bb - C\u00f4te d&#039;Ivoire","description":"Tois jours apr\u00e8s son retour, Laurent Gbagbo retourne \u00e0 ses origines catholiques Jocelyne LIADE L\u2019ex-pr\u00e9sident i ...","robots":{"index":"index","follow":"follow","max-snippet":"max-snippet:-1","max-image-preview":"max-image-preview:large","max-video-preview":"max-video-preview:-1"},"canonical":"https:\/\/www.africa-press.net\/cotedivoire\/politique\/cote-divoire-le-cardinal-kutwa-annonce-le-retour-de-gbagbo-chez-les-catholiques-apres-ce-petit-tour-chez-les-evangeliques","og_locale":"fr_FR","og_type":"article","og_title":"Le Cardinal Kutwa annonce le retour de Gbagbo chez les catholiques \u00ab\u00a0apr\u00e8s ce petit tour chez les \u00e9vang\u00e9liques\u00a0\u00bb","og_description":"Tois jours apr\u00e8s son retour, Laurent Gbagbo retourne \u00e0 ses origines catholiques Jocelyne LIADE L\u2019ex-pr\u00e9sident i ...","og_url":"https:\/\/www.africa-press.net\/cotedivoire\/politique\/cote-divoire-le-cardinal-kutwa-annonce-le-retour-de-gbagbo-chez-les-catholiques-apres-ce-petit-tour-chez-les-evangeliques","og_site_name":"C\u00f4te d&#039;Ivoire","article_published_time":"2021-06-21T11:00:02+00:00","article_modified_time":"2021-06-21T20:45:57+00:00","og_image":[{"width":720,"height":480,"url":"https:\/\/static.africa-press.net\/cote\/sites\/43\/2021\/06\/img-60d06f4515125.jpg","type":"image\/jpeg"}],"author":"cfeditorfr","twitter_card":"summary_large_image","twitter_misc":{"\u00c9crit par":"cfeditorfr","Dur\u00e9e de lecture estim\u00e9e":"1 minute"},"schema":{"@context":"https:\/\/schema.org","@graph":[{"@type":"Article","@id":"https:\/\/www.africa-press.net\/cotedivoire\/politique\/cote-divoire-le-cardinal-kutwa-annonce-le-retour-de-gbagbo-chez-les-catholiques-apres-ce-petit-tour-chez-les-evangeliques#article","isPartOf":{"@id":"https:\/\/www.africa-press.net\/cotedivoire\/politique\/cote-divoire-le-cardinal-kutwa-annonce-le-retour-de-gbagbo-chez-les-catholiques-apres-ce-petit-tour-chez-les-evangeliques"},"author":{"name":"cfeditorfr","@id":"https:\/\/www.africa-press.net\/cotedivoire\/#\/schema\/person\/2b1cf3cd81a31e3cd26889ca66d677f1"},"headline":"Le Cardinal Kutwa annonce le retour de Gbagbo chez les catholiques \u00ab\u00a0apr\u00e8s ce petit tour chez les \u00e9vang\u00e9liques\u00a0\u00bb","datePublished":"2021-06-21T11:00:02+00:00","dateModified":"2021-06-21T20:45:57+00:00","mainEntityOfPage":{"@id":"https:\/\/www.africa-press.net\/cotedivoire\/politique\/cote-divoire-le-cardinal-kutwa-annonce-le-retour-de-gbagbo-chez-les-catholiques-apres-ce-petit-tour-chez-les-evangeliques"},"wordCount":267,"commentCount":0,"image":{"@id":"https:\/\/www.africa-press.net\/cotedivoire\/politique\/cote-divoire-le-cardinal-kutwa-annonce-le-retour-de-gbagbo-chez-les-catholiques-apres-ce-petit-tour-chez-les-evangeliques#primaryimage"},"thumbnailUrl":"https:\/\/static.africa-press.net\/cote\/sites\/43\/2021\/06\/img-60d06f4515125.jpg","keywords":["Africa Press","Africa Press-C\u00f4te d'Ivoire","C\u00d4TE D'IVOIRE"],"articleSection":["homepage-french","Politique","Top Nouvelles","Toutes les actualit\u00e9s"],"inLanguage":"fr-FR","potentialAction":[{"@type":"CommentAction","name":"Comment","target":["https:\/\/www.africa-press.net\/cotedivoire\/politique\/cote-divoire-le-cardinal-kutwa-annonce-le-retour-de-gbagbo-chez-les-catholiques-apres-ce-petit-tour-chez-les-evangeliques#respond"]}]},{"@type":"WebPage","@id":"https:\/\/www.africa-press.net\/cotedivoire\/politique\/cote-divoire-le-cardinal-kutwa-annonce-le-retour-de-gbagbo-chez-les-catholiques-apres-ce-petit-tour-chez-les-evangeliques","url":"https:\/\/www.africa-press.net\/cotedivoire\/politique\/cote-divoire-le-cardinal-kutwa-annonce-le-retour-de-gbagbo-chez-les-catholiques-apres-ce-petit-tour-chez-les-evangeliques","name":"Le Cardinal Kutwa annonce le retour de Gbagbo chez les catholiques \u00ab\u00a0apr\u00e8s ce petit tour chez les \u00e9vang\u00e9liques\u00a0\u00bb - C\u00f4te d&#039;Ivoire","isPartOf":{"@id":"https:\/\/www.africa-press.net\/cotedivoire\/#website"},"primaryImageOfPage":{"@id":"https:\/\/www.africa-press.net\/cotedivoire\/politique\/cote-divoire-le-cardinal-kutwa-annonce-le-retour-de-gbagbo-chez-les-catholiques-apres-ce-petit-tour-chez-les-evangeliques#primaryimage"},"image":{"@id":"https:\/\/www.africa-press.net\/cotedivoire\/politique\/cote-divoire-le-cardinal-kutwa-annonce-le-retour-de-gbagbo-chez-les-catholiques-apres-ce-petit-tour-chez-les-evangeliques#primaryimage"},"thumbnailUrl":"https:\/\/static.africa-press.net\/cote\/sites\/43\/2021\/06\/img-60d06f4515125.jpg","datePublished":"2021-06-21T11:00:02+00:00","dateModified":"2021-06-21T20:45:57+00:00","author":{"@id":"https:\/\/www.africa-press.net\/cotedivoire\/#\/schema\/person\/2b1cf3cd81a31e3cd26889ca66d677f1"},"description":"Tois jours apr\u00e8s son retour, Laurent Gbagbo retourne \u00e0 ses origines catholiques Jocelyne LIADE L\u2019ex-pr\u00e9sident i ...","breadcrumb":{"@id":"https:\/\/www.africa-press.net\/cotedivoire\/politique\/cote-divoire-le-cardinal-kutwa-annonce-le-retour-de-gbagbo-chez-les-catholiques-apres-ce-petit-tour-chez-les-evangeliques#breadcrumb"},"inLanguage":"fr-FR","potentialAction":[{"@type":"ReadAction","target":["https:\/\/www.africa-press.net\/cotedivoire\/politique\/cote-divoire-le-cardinal-kutwa-annonce-le-retour-de-gbagbo-chez-les-catholiques-apres-ce-petit-tour-chez-les-evangeliques"]}]},{"@type":"ImageObject","inLanguage":"fr-FR","@id":"https:\/\/www.africa-press.net\/cotedivoire\/politique\/cote-divoire-le-cardinal-kutwa-annonce-le-retour-de-gbagbo-chez-les-catholiques-apres-ce-petit-tour-chez-les-evangeliques#primaryimage","url":"https:\/\/static.africa-press.net\/cote\/sites\/43\/2021\/06\/img-60d06f4515125.jpg","contentUrl":"https:\/\/static.africa-press.net\/cote\/sites\/43\/2021\/06\/img-60d06f4515125.jpg","width":720,"height":480,"caption":"C\u00f4te-d\u2019Ivoire: Le Cardinal Kutwa annonce le retour de Gbagbo chez les catholiques \u00ab\u00a0apr\u00e8s ce petit tour chez les \u00e9vang\u00e9liques\u00a0\u00bb"},{"@type":"BreadcrumbList","@id":"https:\/\/www.africa-press.net\/cotedivoire\/politique\/cote-divoire-le-cardinal-kutwa-annonce-le-retour-de-gbagbo-chez-les-catholiques-apres-ce-petit-tour-chez-les-evangeliques#breadcrumb","itemListElement":[{"@type":"ListItem","position":1,"name":"Accueil","item":"https:\/\/www.africa-press.net\/cotedivoire\/"},{"@type":"ListItem","position":2,"name":"Le Cardinal Kutwa annonce le retour de Gbagbo chez les catholiques \u00ab\u00a0apr\u00e8s ce petit tour chez les \u00e9vang\u00e9liques\u00a0\u00bb"}]},{"@type":"WebSite","@id":"https:\/\/www.africa-press.net\/cotedivoire\/#website","url":"https:\/\/www.africa-press.net\/cotedivoire\/","name":"C\u00f4te d&#039;Ivoire","description":"Just another Africa News Agency Sites site","potentialAction":[{"@type":"SearchAction","target":{"@type":"EntryPoint","urlTemplate":"https:\/\/www.africa-press.net\/cotedivoire\/?s={search_term_string}"},"query-input":{"@type":"PropertyValueSpecification","valueRequired":true,"valueName":"search_term_string"}}],"inLanguage":"fr-FR"},{"@type":"Person","@id":"https:\/\/www.africa-press.net\/cotedivoire\/#\/schema\/person\/2b1cf3cd81a31e3cd26889ca66d677f1","name":"cfeditorfr"}]}},"_links":{"self":[{"href":"https:\/\/www.africa-press.net\/cotedivoire\/wp-json\/wp\/v2\/posts\/9250","targetHints":{"allow":["GET"]}}],"collection":[{"href":"https:\/\/www.africa-press.net\/cotedivoire\/wp-json\/wp\/v2\/posts"}],"about":[{"href":"https:\/\/www.africa-press.net\/cotedivoire\/wp-json\/wp\/v2\/types\/post"}],"author":[{"embeddable":true,"href":"https:\/\/www.africa-press.net\/cotedivoire\/wp-json\/wp\/v2\/users\/82"}],"replies":[{"embeddable":true,"href":"https:\/\/www.africa-press.net\/cotedivoire\/wp-json\/wp\/v2\/comments?post=9250"}],"version-history":[{"count":0,"href":"https:\/\/www.africa-press.net\/cotedivoire\/wp-json\/wp\/v2\/posts\/9250\/revisions"}],"wp:featuredmedia":[{"embeddable":true,"href":"https:\/\/www.africa-press.net\/cotedivoire\/wp-json\/wp\/v2\/media\/9249"}],"wp:attachment":[{"href":"https:\/\/www.africa-press.net\/cotedivoire\/wp-json\/wp\/v2\/media?parent=9250"}],"wp:term":[{"taxonomy":"category","embeddable":true,"href":"https:\/\/www.africa-press.net\/cotedivoire\/wp-json\/wp\/v2\/categories?post=9250"},{"taxonomy":"post_tag","embeddable":true,"href":"https:\/\/www.africa-press.net\/cotedivoire\/wp-json\/wp\/v2\/tags?post=9250"}],"curies":[{"name":"wp","href":"https:\/\/api.w.org\/{rel}","templated":true}]}}