{"id":9253,"date":"2021-06-21T11:10:47","date_gmt":"2021-06-21T11:10:47","guid":{"rendered":"https:\/\/www.africa-press.net\/cotedivoire\/?p=9253"},"modified":"2021-06-21T20:46:08","modified_gmt":"2021-06-21T20:46:08","slug":"le-president-ouattara-part-en-france-depuis-accra","status":"publish","type":"post","link":"https:\/\/www.africa-press.net\/cotedivoire\/politique\/le-president-ouattara-part-en-france-depuis-accra","title":{"rendered":"Le Pr\u00e9sident Ouattara part en France depuis Accra"},"content":{"rendered":"<p><span style=\"color: #ff6600\"><strong><a href=\"https:\/\/www.africa-press.net\/\">Africa-Press<\/a> &#8211; <a href=\"https:\/\/www.africa-press.net\/cotedivoire\">C\u00f4te d&rsquo;Ivoire<\/a>. <\/strong><\/span><b>La Cedeao salue \u00ab l\u2019\u00e9volution positive de la situation au Mali \u00bb<\/b><\/p>\n<p>Le Chef de l\u2019Etat a pris part \u00e0 la c\u00e9r\u00e9monie de cl\u00f4ture du 59e Sommet<\/p>\n<p>ordinaire de la CEDEAO, \u00e0 Accra<\/p>\n<p>Le Pr\u00e9sident de la R\u00e9publique, S.E.M. Alassane OUATTARA, a pris part, le samedi 19<\/p>\n<p>juin 2021, \u00e0 Accra (Ghana), \u00e0 la c\u00e9r\u00e9monie de cl\u00f4ture du 59e Sommet ordinaire des Chefs d\u2019Etat et de Gouvernement de la Communaut\u00e9 Economique Des Etats de l\u2019Afrique de l\u2019Ouest (CEDEAO).<\/p>\n<p>Cette c\u00e9r\u00e9monie a \u00e9t\u00e9 marqu\u00e9e par la lecture d\u2019un communiqu\u00e9 final qui a sanctionn\u00e9<\/p>\n<p>les travaux. Dans ce communiqu\u00e9, les Chefs d\u2019Etat et de Gouvernement ont r\u00e9affirm\u00e9 leur engagement \u00e0 approfondir le processus d\u2019int\u00e9gration r\u00e9gionale pour le bien-\u00eatre des populations de notre sous-r\u00e9gion.<\/p>\n<p>Evoquant la pand\u00e9mie de COVID-19 en Afrique de l\u2019Ouest, le Sommet s\u2019est f\u00e9licit\u00e9 de<\/p>\n<p>la vaccination dans tous les pays de la Communaut\u00e9 et de la r\u00e9cente d\u00e9cision du G7 de fournir des vaccins suppl\u00e9mentaires aux pays en d\u00e9veloppement. Les Chefs d\u2019Etat et de Gouvernement ont, en outre, encourag\u00e9 l\u2019Organisation Ouest-Africaine de la Sant\u00e9 \u00e0 intensifier ses efforts en vue de la mobilisation d\u2019un partenariat pour la production de vaccins anti-COVID-19 dans la sous-r\u00e9gion.<\/p>\n<p>S\u2019agissant de la situation politique dans la sous-r\u00e9gion, la Conf\u00e9rence a salu\u00e9 l\u2019\u00e9volution positive de la situation au Mali avec la nomination d\u2019un Premier Ministre civil et la formation d\u2019un nouveau Gouvernement, et a invit\u00e9 les Autorit\u00e9s de la Transition \u00e0 se conformer au calendrier \u00e9lectoral.<\/p>\n<p>Concernant la situation s\u00e9curitaire, les Chefs d\u2019Etat et de Gouvernement ont r\u00e9affirm\u00e9 leur d\u00e9termination \u00e0 lutter contre le terrorisme, et ont condamn\u00e9 fermement la r\u00e9currence des attaques terroristes dans les pays de la ligne de front. Ils en ont appel\u00e9 \u00e0 la mobilisation des ressources dans la strat\u00e9gie d\u2019\u00e9radication de ce fl\u00e9au.<\/p>\n<p>Au titre des performances \u00e9conomiques, la Conf\u00e9rence a souhait\u00e9 la mise en place d\u2019un plan de financement important pour les \u00e9conomies de la R\u00e9gion afin de soutenir la relance \u00e9conomique. A cet \u00e9gard, elle s\u2019est f\u00e9licit\u00e9e des diff\u00e9rentes initiatives du G20 relatives \u00e0 la restructuration des dettes des pays en d\u00e9veloppement, et a salu\u00e9 le lancement, par le Groupe de la Banque Africaine de D\u00e9veloppement, d\u2019une facilit\u00e9 d\u2019aide aux pays africains, y compris les pays membres de la CEDEAO.<\/p>\n<p>Pour ce qui est de la monnaie unique, les Chefs d\u2019Etat et de Gouvernement ont adopt\u00e9 le Pacte de convergence et de stabilit\u00e9 macro-\u00e9conomique entre les Etats membres de la CEDEAO, et ont d\u00e9cid\u00e9 du lancement de l\u2019ECO \u00e0 l\u2019horizon 2027.<\/p>\n<p>S\u2019agissant de la r\u00e9forme institutionnelle de la CEDEAO, le Sommet a r\u00e9it\u00e9r\u00e9 son engagement envers les objectifs d\u2019am\u00e9lioration de la performance et de l\u2019efficacit\u00e9 op\u00e9rationnelle des institutions de la CEDEAO, et a adopt\u00e9 une Commission de sept (membres comme nouvelle structure de la Commission \u00e0 partir de mars 2022.<\/p>\n<p>Les Chefs d\u2019Etat et de Gouvernement ont, enfin, renouvel\u00e9 le mandat du Pr\u00e9sident de<\/p>\n<p>la R\u00e9publique du Ghana, SEM. Nana Addo Dankwa AKUFO-ADDO, \u00e0 la t\u00eate de la Conf\u00e9rence des Chefs d\u2019Etat et de Gouvernement de la CEDEAO pour un (1) an.<\/p>\n<p>Notons qu\u2019au terme des travaux du 59e Sommet ordinaire des Chefs d\u2019Etat et de Gouvernement de la CEDEAO, le Pr\u00e9sident Alassane OUATTARA a quitt\u00e9 Accra pour un s\u00e9jour en France.<\/p>\n","protected":false},"excerpt":{"rendered":"<p>Africa-Press &#8211; C\u00f4te d&rsquo;Ivoire. La Cedeao salue \u00ab l\u2019\u00e9volution positive de la situation au Mali \u00bb Le Chef de l\u2019Etat a pris part \u00e0 la c\u00e9r\u00e9monie de cl\u00f4ture du 59e Sommet ordinaire de la CEDEAO, \u00e0 Accra Le Pr\u00e9sident de la R\u00e9publique, S.E.M. Alassane OUATTARA, a pris part, le samedi 19 juin 2021, \u00e0 Accra [&hellip;]<\/p>\n","protected":false},"author":82,"featured_media":9252,"comment_status":"open","ping_status":"closed","sticky":false,"template":"","format":"standard","meta":{"footnotes":""},"categories":[11,2,20,10],"tags":[56,63,29],"class_list":["post-9253","post","type-post","status-publish","format-standard","has-post-thumbnail","hentry","category-homepage-french","category-politique","category-top-nouvelles","category-toutes-les-actualites","tag-africa-press","tag-africa-press-cote-divoire","tag-cote-divoire"],"yoast_head":"<!-- This site is optimized with the Yoast SEO Premium plugin v26.1 (Yoast SEO v27.0) - https:\/\/yoast.com\/product\/yoast-seo-premium-wordpress\/ -->\n<title>Le Pr\u00e9sident Ouattara part en France depuis Accra - C\u00f4te d&#039;Ivoire<\/title>\n<meta name=\"description\" content=\"La Cedeao salue \u00ab l\u2019\u00e9volution positive de la situation au Mali \u00bb Le Chef de l\u2019Etat a pris part \u00e0 la c\u00e9r\u00e9monie de ...\" \/>\n<meta name=\"robots\" content=\"index, follow, max-snippet:-1, max-image-preview:large, max-video-preview:-1\" \/>\n<link rel=\"canonical\" href=\"https:\/\/www.africa-press.net\/cotedivoire\/politique\/le-president-ouattara-part-en-france-depuis-accra\" \/>\n<meta property=\"og:locale\" content=\"fr_FR\" \/>\n<meta property=\"og:type\" content=\"article\" \/>\n<meta property=\"og:title\" content=\"Le Pr\u00e9sident Ouattara part en France depuis Accra\" \/>\n<meta property=\"og:description\" content=\"La Cedeao salue \u00ab l\u2019\u00e9volution positive de la situation au Mali \u00bb Le Chef de l\u2019Etat a pris part \u00e0 la c\u00e9r\u00e9monie de ...\" \/>\n<meta property=\"og:url\" content=\"https:\/\/www.africa-press.net\/cotedivoire\/politique\/le-president-ouattara-part-en-france-depuis-accra\" \/>\n<meta property=\"og:site_name\" content=\"C\u00f4te d&#039;Ivoire\" \/>\n<meta property=\"article:published_time\" content=\"2021-06-21T11:10:47+00:00\" \/>\n<meta property=\"article:modified_time\" content=\"2021-06-21T20:46:08+00:00\" \/>\n<meta property=\"og:image\" content=\"https:\/\/static.africa-press.net\/cote\/sites\/43\/2021\/06\/img-60d06f713f3fb.jpg\" \/>\n\t<meta property=\"og:image:width\" content=\"1280\" \/>\n\t<meta property=\"og:image:height\" content=\"853\" \/>\n\t<meta property=\"og:image:type\" content=\"image\/jpeg\" \/>\n<meta name=\"author\" content=\"cfeditorfr\" \/>\n<meta name=\"twitter:card\" content=\"summary_large_image\" \/>\n<meta name=\"twitter:label1\" content=\"\u00c9crit par\" \/>\n\t<meta name=\"twitter:data1\" content=\"cfeditorfr\" \/>\n\t<meta name=\"twitter:label2\" content=\"Dur\u00e9e de lecture estim\u00e9e\" \/>\n\t<meta name=\"twitter:data2\" content=\"3 minutes\" \/>\n<script type=\"application\/ld+json\" class=\"yoast-schema-graph\">{\"@context\":\"https:\/\/schema.org\",\"@graph\":[{\"@type\":\"Article\",\"@id\":\"https:\/\/www.africa-press.net\/cotedivoire\/politique\/le-president-ouattara-part-en-france-depuis-accra#article\",\"isPartOf\":{\"@id\":\"https:\/\/www.africa-press.net\/cotedivoire\/politique\/le-president-ouattara-part-en-france-depuis-accra\"},\"author\":{\"name\":\"cfeditorfr\",\"@id\":\"https:\/\/www.africa-press.net\/cotedivoire\/#\/schema\/person\/2b1cf3cd81a31e3cd26889ca66d677f1\"},\"headline\":\"Le Pr\u00e9sident Ouattara part en France depuis Accra\",\"datePublished\":\"2021-06-21T11:10:47+00:00\",\"dateModified\":\"2021-06-21T20:46:08+00:00\",\"mainEntityOfPage\":{\"@id\":\"https:\/\/www.africa-press.net\/cotedivoire\/politique\/le-president-ouattara-part-en-france-depuis-accra\"},\"wordCount\":616,\"commentCount\":0,\"image\":{\"@id\":\"https:\/\/www.africa-press.net\/cotedivoire\/politique\/le-president-ouattara-part-en-france-depuis-accra#primaryimage\"},\"thumbnailUrl\":\"https:\/\/static.africa-press.net\/cote\/sites\/43\/2021\/06\/img-60d06f713f3fb.jpg\",\"keywords\":[\"Africa Press\",\"Africa Press-C\u00f4te d'Ivoire\",\"C\u00d4TE D'IVOIRE\"],\"articleSection\":[\"homepage-french\",\"Politique\",\"Top Nouvelles\",\"Toutes les actualit\u00e9s\"],\"inLanguage\":\"fr-FR\",\"potentialAction\":[{\"@type\":\"CommentAction\",\"name\":\"Comment\",\"target\":[\"https:\/\/www.africa-press.net\/cotedivoire\/politique\/le-president-ouattara-part-en-france-depuis-accra#respond\"]}]},{\"@type\":\"WebPage\",\"@id\":\"https:\/\/www.africa-press.net\/cotedivoire\/politique\/le-president-ouattara-part-en-france-depuis-accra\",\"url\":\"https:\/\/www.africa-press.net\/cotedivoire\/politique\/le-president-ouattara-part-en-france-depuis-accra\",\"name\":\"Le Pr\u00e9sident Ouattara part en France depuis Accra - C\u00f4te d&#039;Ivoire\",\"isPartOf\":{\"@id\":\"https:\/\/www.africa-press.net\/cotedivoire\/#website\"},\"primaryImageOfPage\":{\"@id\":\"https:\/\/www.africa-press.net\/cotedivoire\/politique\/le-president-ouattara-part-en-france-depuis-accra#primaryimage\"},\"image\":{\"@id\":\"https:\/\/www.africa-press.net\/cotedivoire\/politique\/le-president-ouattara-part-en-france-depuis-accra#primaryimage\"},\"thumbnailUrl\":\"https:\/\/static.africa-press.net\/cote\/sites\/43\/2021\/06\/img-60d06f713f3fb.jpg\",\"datePublished\":\"2021-06-21T11:10:47+00:00\",\"dateModified\":\"2021-06-21T20:46:08+00:00\",\"author\":{\"@id\":\"https:\/\/www.africa-press.net\/cotedivoire\/#\/schema\/person\/2b1cf3cd81a31e3cd26889ca66d677f1\"},\"description\":\"La Cedeao salue \u00ab l\u2019\u00e9volution positive de la situation au Mali \u00bb Le Chef de l\u2019Etat a pris part \u00e0 la c\u00e9r\u00e9monie de ...\",\"breadcrumb\":{\"@id\":\"https:\/\/www.africa-press.net\/cotedivoire\/politique\/le-president-ouattara-part-en-france-depuis-accra#breadcrumb\"},\"inLanguage\":\"fr-FR\",\"potentialAction\":[{\"@type\":\"ReadAction\",\"target\":[\"https:\/\/www.africa-press.net\/cotedivoire\/politique\/le-president-ouattara-part-en-france-depuis-accra\"]}]},{\"@type\":\"ImageObject\",\"inLanguage\":\"fr-FR\",\"@id\":\"https:\/\/www.africa-press.net\/cotedivoire\/politique\/le-president-ouattara-part-en-france-depuis-accra#primaryimage\",\"url\":\"https:\/\/static.africa-press.net\/cote\/sites\/43\/2021\/06\/img-60d06f713f3fb.jpg\",\"contentUrl\":\"https:\/\/static.africa-press.net\/cote\/sites\/43\/2021\/06\/img-60d06f713f3fb.jpg\",\"width\":1280,\"height\":853,\"caption\":\"Le Pr\u00e9sident Ouattara part en France depuis Accra\"},{\"@type\":\"BreadcrumbList\",\"@id\":\"https:\/\/www.africa-press.net\/cotedivoire\/politique\/le-president-ouattara-part-en-france-depuis-accra#breadcrumb\",\"itemListElement\":[{\"@type\":\"ListItem\",\"position\":1,\"name\":\"Accueil\",\"item\":\"https:\/\/www.africa-press.net\/cotedivoire\/\"},{\"@type\":\"ListItem\",\"position\":2,\"name\":\"Le Pr\u00e9sident Ouattara part en France depuis Accra\"}]},{\"@type\":\"WebSite\",\"@id\":\"https:\/\/www.africa-press.net\/cotedivoire\/#website\",\"url\":\"https:\/\/www.africa-press.net\/cotedivoire\/\",\"name\":\"C\u00f4te d&#039;Ivoire\",\"description\":\"Just another Africa News Agency Sites site\",\"potentialAction\":[{\"@type\":\"SearchAction\",\"target\":{\"@type\":\"EntryPoint\",\"urlTemplate\":\"https:\/\/www.africa-press.net\/cotedivoire\/?s={search_term_string}\"},\"query-input\":{\"@type\":\"PropertyValueSpecification\",\"valueRequired\":true,\"valueName\":\"search_term_string\"}}],\"inLanguage\":\"fr-FR\"},{\"@type\":\"Person\",\"@id\":\"https:\/\/www.africa-press.net\/cotedivoire\/#\/schema\/person\/2b1cf3cd81a31e3cd26889ca66d677f1\",\"name\":\"cfeditorfr\"}]}<\/script>\n<!-- \/ Yoast SEO Premium plugin. -->","yoast_head_json":{"title":"Le Pr\u00e9sident Ouattara part en France depuis Accra - C\u00f4te d&#039;Ivoire","description":"La Cedeao salue \u00ab l\u2019\u00e9volution positive de la situation au Mali \u00bb Le Chef de l\u2019Etat a pris part \u00e0 la c\u00e9r\u00e9monie de ...","robots":{"index":"index","follow":"follow","max-snippet":"max-snippet:-1","max-image-preview":"max-image-preview:large","max-video-preview":"max-video-preview:-1"},"canonical":"https:\/\/www.africa-press.net\/cotedivoire\/politique\/le-president-ouattara-part-en-france-depuis-accra","og_locale":"fr_FR","og_type":"article","og_title":"Le Pr\u00e9sident Ouattara part en France depuis Accra","og_description":"La Cedeao salue \u00ab l\u2019\u00e9volution positive de la situation au Mali \u00bb Le Chef de l\u2019Etat a pris part \u00e0 la c\u00e9r\u00e9monie de ...","og_url":"https:\/\/www.africa-press.net\/cotedivoire\/politique\/le-president-ouattara-part-en-france-depuis-accra","og_site_name":"C\u00f4te d&#039;Ivoire","article_published_time":"2021-06-21T11:10:47+00:00","article_modified_time":"2021-06-21T20:46:08+00:00","og_image":[{"width":1280,"height":853,"url":"https:\/\/static.africa-press.net\/cote\/sites\/43\/2021\/06\/img-60d06f713f3fb.jpg","type":"image\/jpeg"}],"author":"cfeditorfr","twitter_card":"summary_large_image","twitter_misc":{"\u00c9crit par":"cfeditorfr","Dur\u00e9e de lecture estim\u00e9e":"3 minutes"},"schema":{"@context":"https:\/\/schema.org","@graph":[{"@type":"Article","@id":"https:\/\/www.africa-press.net\/cotedivoire\/politique\/le-president-ouattara-part-en-france-depuis-accra#article","isPartOf":{"@id":"https:\/\/www.africa-press.net\/cotedivoire\/politique\/le-president-ouattara-part-en-france-depuis-accra"},"author":{"name":"cfeditorfr","@id":"https:\/\/www.africa-press.net\/cotedivoire\/#\/schema\/person\/2b1cf3cd81a31e3cd26889ca66d677f1"},"headline":"Le Pr\u00e9sident Ouattara part en France depuis Accra","datePublished":"2021-06-21T11:10:47+00:00","dateModified":"2021-06-21T20:46:08+00:00","mainEntityOfPage":{"@id":"https:\/\/www.africa-press.net\/cotedivoire\/politique\/le-president-ouattara-part-en-france-depuis-accra"},"wordCount":616,"commentCount":0,"image":{"@id":"https:\/\/www.africa-press.net\/cotedivoire\/politique\/le-president-ouattara-part-en-france-depuis-accra#primaryimage"},"thumbnailUrl":"https:\/\/static.africa-press.net\/cote\/sites\/43\/2021\/06\/img-60d06f713f3fb.jpg","keywords":["Africa Press","Africa Press-C\u00f4te d'Ivoire","C\u00d4TE D'IVOIRE"],"articleSection":["homepage-french","Politique","Top Nouvelles","Toutes les actualit\u00e9s"],"inLanguage":"fr-FR","potentialAction":[{"@type":"CommentAction","name":"Comment","target":["https:\/\/www.africa-press.net\/cotedivoire\/politique\/le-president-ouattara-part-en-france-depuis-accra#respond"]}]},{"@type":"WebPage","@id":"https:\/\/www.africa-press.net\/cotedivoire\/politique\/le-president-ouattara-part-en-france-depuis-accra","url":"https:\/\/www.africa-press.net\/cotedivoire\/politique\/le-president-ouattara-part-en-france-depuis-accra","name":"Le Pr\u00e9sident Ouattara part en France depuis Accra - C\u00f4te d&#039;Ivoire","isPartOf":{"@id":"https:\/\/www.africa-press.net\/cotedivoire\/#website"},"primaryImageOfPage":{"@id":"https:\/\/www.africa-press.net\/cotedivoire\/politique\/le-president-ouattara-part-en-france-depuis-accra#primaryimage"},"image":{"@id":"https:\/\/www.africa-press.net\/cotedivoire\/politique\/le-president-ouattara-part-en-france-depuis-accra#primaryimage"},"thumbnailUrl":"https:\/\/static.africa-press.net\/cote\/sites\/43\/2021\/06\/img-60d06f713f3fb.jpg","datePublished":"2021-06-21T11:10:47+00:00","dateModified":"2021-06-21T20:46:08+00:00","author":{"@id":"https:\/\/www.africa-press.net\/cotedivoire\/#\/schema\/person\/2b1cf3cd81a31e3cd26889ca66d677f1"},"description":"La Cedeao salue \u00ab l\u2019\u00e9volution positive de la situation au Mali \u00bb Le Chef de l\u2019Etat a pris part \u00e0 la c\u00e9r\u00e9monie de ...","breadcrumb":{"@id":"https:\/\/www.africa-press.net\/cotedivoire\/politique\/le-president-ouattara-part-en-france-depuis-accra#breadcrumb"},"inLanguage":"fr-FR","potentialAction":[{"@type":"ReadAction","target":["https:\/\/www.africa-press.net\/cotedivoire\/politique\/le-president-ouattara-part-en-france-depuis-accra"]}]},{"@type":"ImageObject","inLanguage":"fr-FR","@id":"https:\/\/www.africa-press.net\/cotedivoire\/politique\/le-president-ouattara-part-en-france-depuis-accra#primaryimage","url":"https:\/\/static.africa-press.net\/cote\/sites\/43\/2021\/06\/img-60d06f713f3fb.jpg","contentUrl":"https:\/\/static.africa-press.net\/cote\/sites\/43\/2021\/06\/img-60d06f713f3fb.jpg","width":1280,"height":853,"caption":"Le Pr\u00e9sident Ouattara part en France depuis Accra"},{"@type":"BreadcrumbList","@id":"https:\/\/www.africa-press.net\/cotedivoire\/politique\/le-president-ouattara-part-en-france-depuis-accra#breadcrumb","itemListElement":[{"@type":"ListItem","position":1,"name":"Accueil","item":"https:\/\/www.africa-press.net\/cotedivoire\/"},{"@type":"ListItem","position":2,"name":"Le Pr\u00e9sident Ouattara part en France depuis Accra"}]},{"@type":"WebSite","@id":"https:\/\/www.africa-press.net\/cotedivoire\/#website","url":"https:\/\/www.africa-press.net\/cotedivoire\/","name":"C\u00f4te d&#039;Ivoire","description":"Just another Africa News Agency Sites site","potentialAction":[{"@type":"SearchAction","target":{"@type":"EntryPoint","urlTemplate":"https:\/\/www.africa-press.net\/cotedivoire\/?s={search_term_string}"},"query-input":{"@type":"PropertyValueSpecification","valueRequired":true,"valueName":"search_term_string"}}],"inLanguage":"fr-FR"},{"@type":"Person","@id":"https:\/\/www.africa-press.net\/cotedivoire\/#\/schema\/person\/2b1cf3cd81a31e3cd26889ca66d677f1","name":"cfeditorfr"}]}},"_links":{"self":[{"href":"https:\/\/www.africa-press.net\/cotedivoire\/wp-json\/wp\/v2\/posts\/9253","targetHints":{"allow":["GET"]}}],"collection":[{"href":"https:\/\/www.africa-press.net\/cotedivoire\/wp-json\/wp\/v2\/posts"}],"about":[{"href":"https:\/\/www.africa-press.net\/cotedivoire\/wp-json\/wp\/v2\/types\/post"}],"author":[{"embeddable":true,"href":"https:\/\/www.africa-press.net\/cotedivoire\/wp-json\/wp\/v2\/users\/82"}],"replies":[{"embeddable":true,"href":"https:\/\/www.africa-press.net\/cotedivoire\/wp-json\/wp\/v2\/comments?post=9253"}],"version-history":[{"count":0,"href":"https:\/\/www.africa-press.net\/cotedivoire\/wp-json\/wp\/v2\/posts\/9253\/revisions"}],"wp:featuredmedia":[{"embeddable":true,"href":"https:\/\/www.africa-press.net\/cotedivoire\/wp-json\/wp\/v2\/media\/9252"}],"wp:attachment":[{"href":"https:\/\/www.africa-press.net\/cotedivoire\/wp-json\/wp\/v2\/media?parent=9253"}],"wp:term":[{"taxonomy":"category","embeddable":true,"href":"https:\/\/www.africa-press.net\/cotedivoire\/wp-json\/wp\/v2\/categories?post=9253"},{"taxonomy":"post_tag","embeddable":true,"href":"https:\/\/www.africa-press.net\/cotedivoire\/wp-json\/wp\/v2\/tags?post=9253"}],"curies":[{"name":"wp","href":"https:\/\/api.w.org\/{rel}","templated":true}]}}