{"id":92759,"date":"2024-12-21T18:43:29","date_gmt":"2024-12-21T18:43:29","guid":{"rendered":"https:\/\/www.africa-press.net\/cotedivoire\/politique\/gala-kolebi-activiste-proche-du-ppa-ci-arrete-a-bingerville"},"modified":"2024-12-21T19:23:43","modified_gmt":"2024-12-21T19:23:43","slug":"gala-kolebi-activiste-proche-du-ppa-ci-arrete-a-bingerville","status":"publish","type":"post","link":"https:\/\/www.africa-press.net\/cotedivoire\/politique\/gala-kolebi-activiste-proche-du-ppa-ci-arrete-a-bingerville","title":{"rendered":"Gala Kolebi activiste proche du PPA-CI  arr\u00eat\u00e9 \u00e0 Bingerville ?"},"content":{"rendered":"<p><span style=\"color: #ff6600\"><strong>Africa-Press &#8211; C\u00f4te d&rsquo;Ivoire. <\/strong><\/span>Gala Kolebi activiste bien connu sur les re\u0301seaux sociaux, aurait e\u0301te\u0301 arre\u0302te\u0301 le jeudi 19 de\u0301cembre 2024 a\u0300 son domicile sis a\u0300 Bingerville par des hommes pre\u0301sente\u0301s par des te\u0301moins comme des e\u0301le\u0301ments des forces se\u0301curite\u0301.<\/p>\n<p>L\u2019information est confirme\u0301e ce vendredi par son le Parti des Peuples Africains de Co\u0302te d\u2019Ivoire (PPA-CI) dont il est membre officiellement.<\/p>\n<p>Pour l\u2019heure, aucune information sur les motifs de l\u2019interpellation de l\u2019auteur du livre intitule\u0301: \u00ab Co\u0302te d\u2019Ivoire: Broutage Politique. \u00bb<\/p>\n<p>Nous apprenons que, Se\u0301bastien Dano Dje\u0301dje\u0301, pre\u0301sident exe\u0301cutif du PPA-CI animera une confe\u0301rence de presse ce vendredi 20 decembre 2024 pour se prononcer sur qu\u2019il qualifie \u00ab d\u2019enle\u0300vement \u00bb d\u2019un membre de son parti.<\/p>\n<p><strong>Pour plus d&rsquo;informations et d&rsquo;analyses sur la <span style=\"color: #ff6600\">C\u00f4te d&rsquo;Ivoire<\/span>, suivez <span style=\"color: #ff6600\">Africa-Press<\/span><\/strong><\/p>\n","protected":false},"excerpt":{"rendered":"<p>Africa-Press &#8211; C\u00f4te d&rsquo;Ivoire. Gala Kolebi activiste bien connu sur les re\u0301seaux sociaux, aurait e\u0301te\u0301 arre\u0302te\u0301 le jeudi 19 de\u0301cembre 2024 a\u0300 son domicile sis a\u0300 Bingerville par des hommes pre\u0301sente\u0301s par des te\u0301moins comme des e\u0301le\u0301ments des forces se\u0301curite\u0301. L\u2019information est confirme\u0301e ce vendredi par son le Parti des Peuples Africains de Co\u0302te d\u2019Ivoire [&hellip;]<\/p>\n","protected":false},"author":82,"featured_media":92758,"comment_status":"open","ping_status":"closed","sticky":false,"template":"","format":"standard","meta":{"footnotes":""},"categories":[2,10],"tags":[7748,1731,29,1969,16140,1952],"class_list":["post-92759","post","type-post","status-publish","format-standard","has-post-thumbnail","hentry","category-politique","category-toutes-les-actualites","tag-activiste","tag-bingerville","tag-cote-divoire","tag-dano-djedje","tag-gala-kolebi","tag-ppa-ci"],"yoast_head":"<!-- This site is optimized with the Yoast SEO Premium plugin v26.1 (Yoast SEO v27.0) - https:\/\/yoast.com\/product\/yoast-seo-premium-wordpress\/ -->\n<title>Gala Kolebi activiste proche du PPA-CI arr\u00eat\u00e9 \u00e0 Bingerville ? - C\u00f4te d&#039;Ivoire<\/title>\n<meta name=\"description\" content=\"Gala Kolebi activiste bien connu sur les re\u0301seaux sociaux, aurait e\u0301te\u0301 arre\u0302te\u0301 le jeudi 19 de\u0301cembre 2024 a\u0300 son domic ...\" \/>\n<meta name=\"robots\" content=\"index, follow, max-snippet:-1, max-image-preview:large, max-video-preview:-1\" \/>\n<link rel=\"canonical\" href=\"https:\/\/www.africa-press.net\/cotedivoire\/politique\/gala-kolebi-activiste-proche-du-ppa-ci-arrete-a-bingerville\" \/>\n<meta property=\"og:locale\" content=\"fr_FR\" \/>\n<meta property=\"og:type\" content=\"article\" \/>\n<meta property=\"og:title\" content=\"Gala Kolebi activiste proche du PPA-CI arr\u00eat\u00e9 \u00e0 Bingerville ?\" \/>\n<meta property=\"og:description\" content=\"Gala Kolebi activiste bien connu sur les re\u0301seaux sociaux, aurait e\u0301te\u0301 arre\u0302te\u0301 le jeudi 19 de\u0301cembre 2024 a\u0300 son domic ...\" \/>\n<meta property=\"og:url\" content=\"https:\/\/www.africa-press.net\/cotedivoire\/politique\/gala-kolebi-activiste-proche-du-ppa-ci-arrete-a-bingerville\" \/>\n<meta property=\"og:site_name\" content=\"C\u00f4te d&#039;Ivoire\" \/>\n<meta property=\"article:published_time\" content=\"2024-12-21T18:43:29+00:00\" \/>\n<meta property=\"article:modified_time\" content=\"2024-12-21T19:23:43+00:00\" \/>\n<meta property=\"og:image\" content=\"https:\/\/static.africa-press.net\/cote\/sites\/43\/2024\/12\/sm_1734796315.495213.jpg\" \/>\n\t<meta property=\"og:image:width\" content=\"720\" \/>\n\t<meta property=\"og:image:height\" content=\"376\" \/>\n\t<meta property=\"og:image:type\" content=\"image\/jpeg\" \/>\n<meta name=\"author\" content=\"cfeditorfr\" \/>\n<meta name=\"twitter:card\" content=\"summary_large_image\" \/>\n<meta name=\"twitter:label1\" content=\"\u00c9crit par\" \/>\n\t<meta name=\"twitter:data1\" content=\"cfeditorfr\" \/>\n\t<meta name=\"twitter:label2\" content=\"Dur\u00e9e de lecture estim\u00e9e\" \/>\n\t<meta name=\"twitter:data2\" content=\"1 minute\" \/>\n<script type=\"application\/ld+json\" class=\"yoast-schema-graph\">{\"@context\":\"https:\/\/schema.org\",\"@graph\":[{\"@type\":\"Article\",\"@id\":\"https:\/\/www.africa-press.net\/cotedivoire\/politique\/gala-kolebi-activiste-proche-du-ppa-ci-arrete-a-bingerville#article\",\"isPartOf\":{\"@id\":\"https:\/\/www.africa-press.net\/cotedivoire\/politique\/gala-kolebi-activiste-proche-du-ppa-ci-arrete-a-bingerville\"},\"author\":{\"name\":\"cfeditorfr\",\"@id\":\"https:\/\/www.africa-press.net\/cotedivoire\/#\/schema\/person\/2b1cf3cd81a31e3cd26889ca66d677f1\"},\"headline\":\"Gala Kolebi activiste proche du PPA-CI arr\u00eat\u00e9 \u00e0 Bingerville ?\",\"datePublished\":\"2024-12-21T18:43:29+00:00\",\"dateModified\":\"2024-12-21T19:23:43+00:00\",\"mainEntityOfPage\":{\"@id\":\"https:\/\/www.africa-press.net\/cotedivoire\/politique\/gala-kolebi-activiste-proche-du-ppa-ci-arrete-a-bingerville\"},\"wordCount\":161,\"commentCount\":0,\"image\":{\"@id\":\"https:\/\/www.africa-press.net\/cotedivoire\/politique\/gala-kolebi-activiste-proche-du-ppa-ci-arrete-a-bingerville#primaryimage\"},\"thumbnailUrl\":\"https:\/\/static.africa-press.net\/cote\/sites\/43\/2024\/12\/sm_1734796315.495213.jpg\",\"keywords\":[\"activiste\",\"Bingerville\",\"C\u00d4TE D'IVOIRE\",\"Dano Dj\u00e9dj\u00e9\",\"Gala Kolebi\",\"PPA-CI\"],\"articleSection\":[\"Politique\",\"Toutes les actualit\u00e9s\"],\"inLanguage\":\"fr-FR\",\"potentialAction\":[{\"@type\":\"CommentAction\",\"name\":\"Comment\",\"target\":[\"https:\/\/www.africa-press.net\/cotedivoire\/politique\/gala-kolebi-activiste-proche-du-ppa-ci-arrete-a-bingerville#respond\"]}]},{\"@type\":\"WebPage\",\"@id\":\"https:\/\/www.africa-press.net\/cotedivoire\/politique\/gala-kolebi-activiste-proche-du-ppa-ci-arrete-a-bingerville\",\"url\":\"https:\/\/www.africa-press.net\/cotedivoire\/politique\/gala-kolebi-activiste-proche-du-ppa-ci-arrete-a-bingerville\",\"name\":\"Gala Kolebi activiste proche du PPA-CI arr\u00eat\u00e9 \u00e0 Bingerville ? - C\u00f4te d&#039;Ivoire\",\"isPartOf\":{\"@id\":\"https:\/\/www.africa-press.net\/cotedivoire\/#website\"},\"primaryImageOfPage\":{\"@id\":\"https:\/\/www.africa-press.net\/cotedivoire\/politique\/gala-kolebi-activiste-proche-du-ppa-ci-arrete-a-bingerville#primaryimage\"},\"image\":{\"@id\":\"https:\/\/www.africa-press.net\/cotedivoire\/politique\/gala-kolebi-activiste-proche-du-ppa-ci-arrete-a-bingerville#primaryimage\"},\"thumbnailUrl\":\"https:\/\/static.africa-press.net\/cote\/sites\/43\/2024\/12\/sm_1734796315.495213.jpg\",\"datePublished\":\"2024-12-21T18:43:29+00:00\",\"dateModified\":\"2024-12-21T19:23:43+00:00\",\"author\":{\"@id\":\"https:\/\/www.africa-press.net\/cotedivoire\/#\/schema\/person\/2b1cf3cd81a31e3cd26889ca66d677f1\"},\"description\":\"Gala Kolebi activiste bien connu sur les re\u0301seaux sociaux, aurait e\u0301te\u0301 arre\u0302te\u0301 le jeudi 19 de\u0301cembre 2024 a\u0300 son domic ...\",\"breadcrumb\":{\"@id\":\"https:\/\/www.africa-press.net\/cotedivoire\/politique\/gala-kolebi-activiste-proche-du-ppa-ci-arrete-a-bingerville#breadcrumb\"},\"inLanguage\":\"fr-FR\",\"potentialAction\":[{\"@type\":\"ReadAction\",\"target\":[\"https:\/\/www.africa-press.net\/cotedivoire\/politique\/gala-kolebi-activiste-proche-du-ppa-ci-arrete-a-bingerville\"]}]},{\"@type\":\"ImageObject\",\"inLanguage\":\"fr-FR\",\"@id\":\"https:\/\/www.africa-press.net\/cotedivoire\/politique\/gala-kolebi-activiste-proche-du-ppa-ci-arrete-a-bingerville#primaryimage\",\"url\":\"https:\/\/static.africa-press.net\/cote\/sites\/43\/2024\/12\/sm_1734796315.495213.jpg\",\"contentUrl\":\"https:\/\/static.africa-press.net\/cote\/sites\/43\/2024\/12\/sm_1734796315.495213.jpg\",\"width\":720,\"height\":376,\"caption\":\"Gala Kolebi activiste proche du PPA-CI arr\u00eat\u00e9 \u00e0 Bingerville ?\"},{\"@type\":\"BreadcrumbList\",\"@id\":\"https:\/\/www.africa-press.net\/cotedivoire\/politique\/gala-kolebi-activiste-proche-du-ppa-ci-arrete-a-bingerville#breadcrumb\",\"itemListElement\":[{\"@type\":\"ListItem\",\"position\":1,\"name\":\"Accueil\",\"item\":\"https:\/\/www.africa-press.net\/cotedivoire\/\"},{\"@type\":\"ListItem\",\"position\":2,\"name\":\"Gala Kolebi activiste proche du PPA-CI arr\u00eat\u00e9 \u00e0 Bingerville ?\"}]},{\"@type\":\"WebSite\",\"@id\":\"https:\/\/www.africa-press.net\/cotedivoire\/#website\",\"url\":\"https:\/\/www.africa-press.net\/cotedivoire\/\",\"name\":\"C\u00f4te d&#039;Ivoire\",\"description\":\"Just another Africa News Agency Sites site\",\"potentialAction\":[{\"@type\":\"SearchAction\",\"target\":{\"@type\":\"EntryPoint\",\"urlTemplate\":\"https:\/\/www.africa-press.net\/cotedivoire\/?s={search_term_string}\"},\"query-input\":{\"@type\":\"PropertyValueSpecification\",\"valueRequired\":true,\"valueName\":\"search_term_string\"}}],\"inLanguage\":\"fr-FR\"},{\"@type\":\"Person\",\"@id\":\"https:\/\/www.africa-press.net\/cotedivoire\/#\/schema\/person\/2b1cf3cd81a31e3cd26889ca66d677f1\",\"name\":\"cfeditorfr\"}]}<\/script>\n<!-- \/ Yoast SEO Premium plugin. -->","yoast_head_json":{"title":"Gala Kolebi activiste proche du PPA-CI arr\u00eat\u00e9 \u00e0 Bingerville ? - C\u00f4te d&#039;Ivoire","description":"Gala Kolebi activiste bien connu sur les re\u0301seaux sociaux, aurait e\u0301te\u0301 arre\u0302te\u0301 le jeudi 19 de\u0301cembre 2024 a\u0300 son domic ...","robots":{"index":"index","follow":"follow","max-snippet":"max-snippet:-1","max-image-preview":"max-image-preview:large","max-video-preview":"max-video-preview:-1"},"canonical":"https:\/\/www.africa-press.net\/cotedivoire\/politique\/gala-kolebi-activiste-proche-du-ppa-ci-arrete-a-bingerville","og_locale":"fr_FR","og_type":"article","og_title":"Gala Kolebi activiste proche du PPA-CI arr\u00eat\u00e9 \u00e0 Bingerville ?","og_description":"Gala Kolebi activiste bien connu sur les re\u0301seaux sociaux, aurait e\u0301te\u0301 arre\u0302te\u0301 le jeudi 19 de\u0301cembre 2024 a\u0300 son domic ...","og_url":"https:\/\/www.africa-press.net\/cotedivoire\/politique\/gala-kolebi-activiste-proche-du-ppa-ci-arrete-a-bingerville","og_site_name":"C\u00f4te d&#039;Ivoire","article_published_time":"2024-12-21T18:43:29+00:00","article_modified_time":"2024-12-21T19:23:43+00:00","og_image":[{"width":720,"height":376,"url":"https:\/\/static.africa-press.net\/cote\/sites\/43\/2024\/12\/sm_1734796315.495213.jpg","type":"image\/jpeg"}],"author":"cfeditorfr","twitter_card":"summary_large_image","twitter_misc":{"\u00c9crit par":"cfeditorfr","Dur\u00e9e de lecture estim\u00e9e":"1 minute"},"schema":{"@context":"https:\/\/schema.org","@graph":[{"@type":"Article","@id":"https:\/\/www.africa-press.net\/cotedivoire\/politique\/gala-kolebi-activiste-proche-du-ppa-ci-arrete-a-bingerville#article","isPartOf":{"@id":"https:\/\/www.africa-press.net\/cotedivoire\/politique\/gala-kolebi-activiste-proche-du-ppa-ci-arrete-a-bingerville"},"author":{"name":"cfeditorfr","@id":"https:\/\/www.africa-press.net\/cotedivoire\/#\/schema\/person\/2b1cf3cd81a31e3cd26889ca66d677f1"},"headline":"Gala Kolebi activiste proche du PPA-CI arr\u00eat\u00e9 \u00e0 Bingerville ?","datePublished":"2024-12-21T18:43:29+00:00","dateModified":"2024-12-21T19:23:43+00:00","mainEntityOfPage":{"@id":"https:\/\/www.africa-press.net\/cotedivoire\/politique\/gala-kolebi-activiste-proche-du-ppa-ci-arrete-a-bingerville"},"wordCount":161,"commentCount":0,"image":{"@id":"https:\/\/www.africa-press.net\/cotedivoire\/politique\/gala-kolebi-activiste-proche-du-ppa-ci-arrete-a-bingerville#primaryimage"},"thumbnailUrl":"https:\/\/static.africa-press.net\/cote\/sites\/43\/2024\/12\/sm_1734796315.495213.jpg","keywords":["activiste","Bingerville","C\u00d4TE D'IVOIRE","Dano Dj\u00e9dj\u00e9","Gala Kolebi","PPA-CI"],"articleSection":["Politique","Toutes les actualit\u00e9s"],"inLanguage":"fr-FR","potentialAction":[{"@type":"CommentAction","name":"Comment","target":["https:\/\/www.africa-press.net\/cotedivoire\/politique\/gala-kolebi-activiste-proche-du-ppa-ci-arrete-a-bingerville#respond"]}]},{"@type":"WebPage","@id":"https:\/\/www.africa-press.net\/cotedivoire\/politique\/gala-kolebi-activiste-proche-du-ppa-ci-arrete-a-bingerville","url":"https:\/\/www.africa-press.net\/cotedivoire\/politique\/gala-kolebi-activiste-proche-du-ppa-ci-arrete-a-bingerville","name":"Gala Kolebi activiste proche du PPA-CI arr\u00eat\u00e9 \u00e0 Bingerville ? - C\u00f4te d&#039;Ivoire","isPartOf":{"@id":"https:\/\/www.africa-press.net\/cotedivoire\/#website"},"primaryImageOfPage":{"@id":"https:\/\/www.africa-press.net\/cotedivoire\/politique\/gala-kolebi-activiste-proche-du-ppa-ci-arrete-a-bingerville#primaryimage"},"image":{"@id":"https:\/\/www.africa-press.net\/cotedivoire\/politique\/gala-kolebi-activiste-proche-du-ppa-ci-arrete-a-bingerville#primaryimage"},"thumbnailUrl":"https:\/\/static.africa-press.net\/cote\/sites\/43\/2024\/12\/sm_1734796315.495213.jpg","datePublished":"2024-12-21T18:43:29+00:00","dateModified":"2024-12-21T19:23:43+00:00","author":{"@id":"https:\/\/www.africa-press.net\/cotedivoire\/#\/schema\/person\/2b1cf3cd81a31e3cd26889ca66d677f1"},"description":"Gala Kolebi activiste bien connu sur les re\u0301seaux sociaux, aurait e\u0301te\u0301 arre\u0302te\u0301 le jeudi 19 de\u0301cembre 2024 a\u0300 son domic ...","breadcrumb":{"@id":"https:\/\/www.africa-press.net\/cotedivoire\/politique\/gala-kolebi-activiste-proche-du-ppa-ci-arrete-a-bingerville#breadcrumb"},"inLanguage":"fr-FR","potentialAction":[{"@type":"ReadAction","target":["https:\/\/www.africa-press.net\/cotedivoire\/politique\/gala-kolebi-activiste-proche-du-ppa-ci-arrete-a-bingerville"]}]},{"@type":"ImageObject","inLanguage":"fr-FR","@id":"https:\/\/www.africa-press.net\/cotedivoire\/politique\/gala-kolebi-activiste-proche-du-ppa-ci-arrete-a-bingerville#primaryimage","url":"https:\/\/static.africa-press.net\/cote\/sites\/43\/2024\/12\/sm_1734796315.495213.jpg","contentUrl":"https:\/\/static.africa-press.net\/cote\/sites\/43\/2024\/12\/sm_1734796315.495213.jpg","width":720,"height":376,"caption":"Gala Kolebi activiste proche du PPA-CI arr\u00eat\u00e9 \u00e0 Bingerville ?"},{"@type":"BreadcrumbList","@id":"https:\/\/www.africa-press.net\/cotedivoire\/politique\/gala-kolebi-activiste-proche-du-ppa-ci-arrete-a-bingerville#breadcrumb","itemListElement":[{"@type":"ListItem","position":1,"name":"Accueil","item":"https:\/\/www.africa-press.net\/cotedivoire\/"},{"@type":"ListItem","position":2,"name":"Gala Kolebi activiste proche du PPA-CI arr\u00eat\u00e9 \u00e0 Bingerville ?"}]},{"@type":"WebSite","@id":"https:\/\/www.africa-press.net\/cotedivoire\/#website","url":"https:\/\/www.africa-press.net\/cotedivoire\/","name":"C\u00f4te d&#039;Ivoire","description":"Just another Africa News Agency Sites site","potentialAction":[{"@type":"SearchAction","target":{"@type":"EntryPoint","urlTemplate":"https:\/\/www.africa-press.net\/cotedivoire\/?s={search_term_string}"},"query-input":{"@type":"PropertyValueSpecification","valueRequired":true,"valueName":"search_term_string"}}],"inLanguage":"fr-FR"},{"@type":"Person","@id":"https:\/\/www.africa-press.net\/cotedivoire\/#\/schema\/person\/2b1cf3cd81a31e3cd26889ca66d677f1","name":"cfeditorfr"}]}},"_links":{"self":[{"href":"https:\/\/www.africa-press.net\/cotedivoire\/wp-json\/wp\/v2\/posts\/92759","targetHints":{"allow":["GET"]}}],"collection":[{"href":"https:\/\/www.africa-press.net\/cotedivoire\/wp-json\/wp\/v2\/posts"}],"about":[{"href":"https:\/\/www.africa-press.net\/cotedivoire\/wp-json\/wp\/v2\/types\/post"}],"author":[{"embeddable":true,"href":"https:\/\/www.africa-press.net\/cotedivoire\/wp-json\/wp\/v2\/users\/82"}],"replies":[{"embeddable":true,"href":"https:\/\/www.africa-press.net\/cotedivoire\/wp-json\/wp\/v2\/comments?post=92759"}],"version-history":[{"count":0,"href":"https:\/\/www.africa-press.net\/cotedivoire\/wp-json\/wp\/v2\/posts\/92759\/revisions"}],"wp:featuredmedia":[{"embeddable":true,"href":"https:\/\/www.africa-press.net\/cotedivoire\/wp-json\/wp\/v2\/media\/92758"}],"wp:attachment":[{"href":"https:\/\/www.africa-press.net\/cotedivoire\/wp-json\/wp\/v2\/media?parent=92759"}],"wp:term":[{"taxonomy":"category","embeddable":true,"href":"https:\/\/www.africa-press.net\/cotedivoire\/wp-json\/wp\/v2\/categories?post=92759"},{"taxonomy":"post_tag","embeddable":true,"href":"https:\/\/www.africa-press.net\/cotedivoire\/wp-json\/wp\/v2\/tags?post=92759"}],"curies":[{"name":"wp","href":"https:\/\/api.w.org\/{rel}","templated":true}]}}