{"id":9283,"date":"2021-06-22T11:03:09","date_gmt":"2021-06-22T11:03:09","guid":{"rendered":"https:\/\/www.africa-press.net\/cotedivoire\/?p=9283"},"modified":"2021-06-22T19:29:51","modified_gmt":"2021-06-22T19:29:51","slug":"cote-divoire-kandia-camara-notre-objectif-est-de-creer-une-nation","status":"publish","type":"post","link":"https:\/\/www.africa-press.net\/cotedivoire\/dossiers\/cote-divoire-kandia-camara-notre-objectif-est-de-creer-une-nation","title":{"rendered":"Kandia Camara : \u00ab\u00a0Notre objectif est de cr\u00e9er une nation\u00a0\u00bb"},"content":{"rendered":"<p><span style=\"color: #ff6600\"><strong><a href=\"https:\/\/www.africa-press.net\/\">Africa-Press<\/a> &#8211; <a href=\"https:\/\/www.africa-press.net\/cotedivoire\">C\u00f4te d&rsquo;Ivoire<\/a>. <\/strong><\/span>La premi\u00e8re femme ministre des Affaires \u00e9trang\u00e8res en C\u00f4te d\u2019Ivoire est une fid\u00e8le du pr\u00e9sident Alassane Ouattara. Pour \u00ab Jeune Afrique \u00bb, elle dresse le bilan des derni\u00e8res l\u00e9gislatives et se positionne r\u00e9solument en faveur de la r\u00e9conciliation et du pardon.<\/p>\n<p>\u00c0 la fin de mai, \u00e0 l\u2019occasion du sommet des chefs d\u2019\u00c9tats de la Cedeao consacr\u00e9 \u00e0 la crise malienne, Kandia Camara a fait ses premiers pas sur la sc\u00e8ne continentale en accompagnant Alassane Ouattara \u00e0 Accra. Nomm\u00e9e ministre des Affaires \u00e9trang\u00e8res il y a moins de trois mois, cette fid\u00e8le du chef de l\u2019\u00c9tat est la premi\u00e8re femme \u00e0 diriger la diplomatie ivoirienne. Un domaine qu\u2019elle d\u00e9couvre et o\u00f9 elle demeure un soutien pour le pr\u00e9sident, s\u2019exprimant plus volontiers sur les projets de la majorit\u00e9 que sur les dossiers internationaux.<\/p>\n<p>Active en politique depuis trente ans, Kandia Camara est l\u2019une des figures du parti au pouvoir, le Rassemblement des houphou\u00ebtistes pour la d\u00e9mocratie et la paix (RHDP), dont elle est membre du conseil politique et du directoire.<\/p>\n<p><b>Jeune Afrique : Quel bilan votre famille politique, le RHDP, tire-t-elle des l\u00e9gislatives de mars ?<\/b><\/p>\n<p><b>Kandia Camara :<\/b><\/p>\n<p>Le bilan est tr\u00e8s satisfaisant, car le RHDP a la majorit\u00e9 absolue \u00e0 l\u2019Assembl\u00e9e nationale. Il l\u2019est aussi parce que, depuis pr\u00e8s de vingt ans, c\u2019est la premi\u00e8re fois que tous les principaux partis politiques de C\u00f4te d\u2019Ivoire participent \u00e0 une \u00e9lection.<\/p>\n<p>Aujourd\u2019hui, toutes les institutions de la R\u00e9publique sont en marche. Le pr\u00e9sident de l\u2019Assembl\u00e9e nationale a \u00e9t\u00e9 \u00e9lu. Le pr\u00e9sident de la R\u00e9publique, Alassane Ouattara, a \u00e9t\u00e9 r\u00e9\u00e9lu en octobre 2020, le Conseil \u00e9conomique et social est aussi en place. La C\u00f4te d\u2019Ivoire d\u00e9montre qu\u2019elle est un pays d\u00e9mocratique et stable.<\/p>\n<p><b>Huit ministres, sur environ trente, n\u2019ont tout de m\u00eame pas r\u00e9ussi \u00e0 se faire \u00e9lire d\u00e9put\u00e9s\u2026<\/b><\/p>\n<p>C\u2019est la preuve de la vitalit\u00e9 de notre d\u00e9mocratie. Les \u00e9lections se sont d\u00e9roul\u00e9es en toute transparence. Que des ministres en poste perdent des \u00e9lections, j\u2019en ai personnellement ressenti une certaine tristesse, car ce sont des coll\u00e8gues qui ont toujours \u00e9t\u00e9 aux c\u00f4t\u00e9s de leurs administr\u00e9s et qui ont beaucoup travaill\u00e9 sur le terrain. Mais les \u00e9lecteurs ont fait d\u2019autres choix. Et nous les respectons.<\/p>\n","protected":false},"excerpt":{"rendered":"<p>Africa-Press &#8211; C\u00f4te d&rsquo;Ivoire. La premi\u00e8re femme ministre des Affaires \u00e9trang\u00e8res en C\u00f4te d\u2019Ivoire est une fid\u00e8le du pr\u00e9sident Alassane Ouattara. Pour \u00ab Jeune Afrique \u00bb, elle dresse le bilan des derni\u00e8res l\u00e9gislatives et se positionne r\u00e9solument en faveur de la r\u00e9conciliation et du pardon. \u00c0 la fin de mai, \u00e0 l\u2019occasion du sommet des [&hellip;]<\/p>\n","protected":false},"author":82,"featured_media":9282,"comment_status":"open","ping_status":"closed","sticky":false,"template":"","format":"standard","meta":{"footnotes":""},"categories":[7,11,10],"tags":[56,63,29],"class_list":["post-9283","post","type-post","status-publish","format-standard","has-post-thumbnail","hentry","category-dossiers","category-homepage-french","category-toutes-les-actualites","tag-africa-press","tag-africa-press-cote-divoire","tag-cote-divoire"],"yoast_head":"<!-- This site is optimized with the Yoast SEO Premium plugin v26.1 (Yoast SEO v27.0) - https:\/\/yoast.com\/product\/yoast-seo-premium-wordpress\/ -->\n<title>Kandia Camara : \u00ab\u00a0Notre objectif est de cr\u00e9er une nation\u00a0\u00bb - C\u00f4te d&#039;Ivoire<\/title>\n<meta name=\"description\" content=\"La premi\u00e8re femme ministre des Affaires \u00e9trang\u00e8res en C\u00f4te d\u2019Ivoire est une fid\u00e8le du pr\u00e9sident Alassane Ouattara. Pour ...\" \/>\n<meta name=\"robots\" content=\"index, follow, max-snippet:-1, max-image-preview:large, max-video-preview:-1\" \/>\n<link rel=\"canonical\" href=\"https:\/\/www.africa-press.net\/cotedivoire\/dossiers\/cote-divoire-kandia-camara-notre-objectif-est-de-creer-une-nation\" \/>\n<meta property=\"og:locale\" content=\"fr_FR\" \/>\n<meta property=\"og:type\" content=\"article\" \/>\n<meta property=\"og:title\" content=\"Kandia Camara : \u00ab\u00a0Notre objectif est de cr\u00e9er une nation\u00a0\u00bb\" \/>\n<meta property=\"og:description\" content=\"La premi\u00e8re femme ministre des Affaires \u00e9trang\u00e8res en C\u00f4te d\u2019Ivoire est une fid\u00e8le du pr\u00e9sident Alassane Ouattara. Pour ...\" \/>\n<meta property=\"og:url\" content=\"https:\/\/www.africa-press.net\/cotedivoire\/dossiers\/cote-divoire-kandia-camara-notre-objectif-est-de-creer-une-nation\" \/>\n<meta property=\"og:site_name\" content=\"C\u00f4te d&#039;Ivoire\" \/>\n<meta property=\"article:published_time\" content=\"2021-06-22T11:03:09+00:00\" \/>\n<meta property=\"article:modified_time\" content=\"2021-06-22T19:29:51+00:00\" \/>\n<meta property=\"og:image\" content=\"https:\/\/static.africa-press.net\/cote\/sites\/43\/2021\/06\/img-60d1c23489911.jpg\" \/>\n\t<meta property=\"og:image:width\" content=\"720\" \/>\n\t<meta property=\"og:image:height\" content=\"360\" \/>\n\t<meta property=\"og:image:type\" content=\"image\/jpeg\" \/>\n<meta name=\"author\" content=\"cfeditorfr\" \/>\n<meta name=\"twitter:card\" content=\"summary_large_image\" \/>\n<meta name=\"twitter:label1\" content=\"\u00c9crit par\" \/>\n\t<meta name=\"twitter:data1\" content=\"cfeditorfr\" \/>\n\t<meta name=\"twitter:label2\" content=\"Dur\u00e9e de lecture estim\u00e9e\" \/>\n\t<meta name=\"twitter:data2\" content=\"2 minutes\" \/>\n<script type=\"application\/ld+json\" class=\"yoast-schema-graph\">{\"@context\":\"https:\/\/schema.org\",\"@graph\":[{\"@type\":\"Article\",\"@id\":\"https:\/\/www.africa-press.net\/cotedivoire\/dossiers\/cote-divoire-kandia-camara-notre-objectif-est-de-creer-une-nation#article\",\"isPartOf\":{\"@id\":\"https:\/\/www.africa-press.net\/cotedivoire\/dossiers\/cote-divoire-kandia-camara-notre-objectif-est-de-creer-une-nation\"},\"author\":{\"name\":\"cfeditorfr\",\"@id\":\"https:\/\/www.africa-press.net\/cotedivoire\/#\/schema\/person\/2b1cf3cd81a31e3cd26889ca66d677f1\"},\"headline\":\"Kandia Camara : \u00ab\u00a0Notre objectif est de cr\u00e9er une nation\u00a0\u00bb\",\"datePublished\":\"2021-06-22T11:03:09+00:00\",\"dateModified\":\"2021-06-22T19:29:51+00:00\",\"mainEntityOfPage\":{\"@id\":\"https:\/\/www.africa-press.net\/cotedivoire\/dossiers\/cote-divoire-kandia-camara-notre-objectif-est-de-creer-une-nation\"},\"wordCount\":427,\"commentCount\":0,\"image\":{\"@id\":\"https:\/\/www.africa-press.net\/cotedivoire\/dossiers\/cote-divoire-kandia-camara-notre-objectif-est-de-creer-une-nation#primaryimage\"},\"thumbnailUrl\":\"https:\/\/static.africa-press.net\/cote\/sites\/43\/2021\/06\/img-60d1c23489911.jpg\",\"keywords\":[\"Africa Press\",\"Africa Press-C\u00f4te d'Ivoire\",\"C\u00d4TE D'IVOIRE\"],\"articleSection\":[\"Dossiers\",\"homepage-french\",\"Toutes les actualit\u00e9s\"],\"inLanguage\":\"fr-FR\",\"potentialAction\":[{\"@type\":\"CommentAction\",\"name\":\"Comment\",\"target\":[\"https:\/\/www.africa-press.net\/cotedivoire\/dossiers\/cote-divoire-kandia-camara-notre-objectif-est-de-creer-une-nation#respond\"]}]},{\"@type\":\"WebPage\",\"@id\":\"https:\/\/www.africa-press.net\/cotedivoire\/dossiers\/cote-divoire-kandia-camara-notre-objectif-est-de-creer-une-nation\",\"url\":\"https:\/\/www.africa-press.net\/cotedivoire\/dossiers\/cote-divoire-kandia-camara-notre-objectif-est-de-creer-une-nation\",\"name\":\"Kandia Camara : \u00ab\u00a0Notre objectif est de cr\u00e9er une nation\u00a0\u00bb - C\u00f4te d&#039;Ivoire\",\"isPartOf\":{\"@id\":\"https:\/\/www.africa-press.net\/cotedivoire\/#website\"},\"primaryImageOfPage\":{\"@id\":\"https:\/\/www.africa-press.net\/cotedivoire\/dossiers\/cote-divoire-kandia-camara-notre-objectif-est-de-creer-une-nation#primaryimage\"},\"image\":{\"@id\":\"https:\/\/www.africa-press.net\/cotedivoire\/dossiers\/cote-divoire-kandia-camara-notre-objectif-est-de-creer-une-nation#primaryimage\"},\"thumbnailUrl\":\"https:\/\/static.africa-press.net\/cote\/sites\/43\/2021\/06\/img-60d1c23489911.jpg\",\"datePublished\":\"2021-06-22T11:03:09+00:00\",\"dateModified\":\"2021-06-22T19:29:51+00:00\",\"author\":{\"@id\":\"https:\/\/www.africa-press.net\/cotedivoire\/#\/schema\/person\/2b1cf3cd81a31e3cd26889ca66d677f1\"},\"description\":\"La premi\u00e8re femme ministre des Affaires \u00e9trang\u00e8res en C\u00f4te d\u2019Ivoire est une fid\u00e8le du pr\u00e9sident Alassane Ouattara. Pour ...\",\"breadcrumb\":{\"@id\":\"https:\/\/www.africa-press.net\/cotedivoire\/dossiers\/cote-divoire-kandia-camara-notre-objectif-est-de-creer-une-nation#breadcrumb\"},\"inLanguage\":\"fr-FR\",\"potentialAction\":[{\"@type\":\"ReadAction\",\"target\":[\"https:\/\/www.africa-press.net\/cotedivoire\/dossiers\/cote-divoire-kandia-camara-notre-objectif-est-de-creer-une-nation\"]}]},{\"@type\":\"ImageObject\",\"inLanguage\":\"fr-FR\",\"@id\":\"https:\/\/www.africa-press.net\/cotedivoire\/dossiers\/cote-divoire-kandia-camara-notre-objectif-est-de-creer-une-nation#primaryimage\",\"url\":\"https:\/\/static.africa-press.net\/cote\/sites\/43\/2021\/06\/img-60d1c23489911.jpg\",\"contentUrl\":\"https:\/\/static.africa-press.net\/cote\/sites\/43\/2021\/06\/img-60d1c23489911.jpg\",\"width\":720,\"height\":360,\"caption\":\"C\u00f4te d\u2019Ivoire\u00a0\u2013\u00a0Kandia Camara : \u00ab\u00a0Notre objectif est de cr\u00e9er une nation\u00a0\u00bb\"},{\"@type\":\"BreadcrumbList\",\"@id\":\"https:\/\/www.africa-press.net\/cotedivoire\/dossiers\/cote-divoire-kandia-camara-notre-objectif-est-de-creer-une-nation#breadcrumb\",\"itemListElement\":[{\"@type\":\"ListItem\",\"position\":1,\"name\":\"Accueil\",\"item\":\"https:\/\/www.africa-press.net\/cotedivoire\/\"},{\"@type\":\"ListItem\",\"position\":2,\"name\":\"Kandia Camara : \u00ab\u00a0Notre objectif est de cr\u00e9er une nation\u00a0\u00bb\"}]},{\"@type\":\"WebSite\",\"@id\":\"https:\/\/www.africa-press.net\/cotedivoire\/#website\",\"url\":\"https:\/\/www.africa-press.net\/cotedivoire\/\",\"name\":\"C\u00f4te d&#039;Ivoire\",\"description\":\"Just another Africa News Agency Sites site\",\"potentialAction\":[{\"@type\":\"SearchAction\",\"target\":{\"@type\":\"EntryPoint\",\"urlTemplate\":\"https:\/\/www.africa-press.net\/cotedivoire\/?s={search_term_string}\"},\"query-input\":{\"@type\":\"PropertyValueSpecification\",\"valueRequired\":true,\"valueName\":\"search_term_string\"}}],\"inLanguage\":\"fr-FR\"},{\"@type\":\"Person\",\"@id\":\"https:\/\/www.africa-press.net\/cotedivoire\/#\/schema\/person\/2b1cf3cd81a31e3cd26889ca66d677f1\",\"name\":\"cfeditorfr\"}]}<\/script>\n<!-- \/ Yoast SEO Premium plugin. -->","yoast_head_json":{"title":"Kandia Camara : \u00ab\u00a0Notre objectif est de cr\u00e9er une nation\u00a0\u00bb - C\u00f4te d&#039;Ivoire","description":"La premi\u00e8re femme ministre des Affaires \u00e9trang\u00e8res en C\u00f4te d\u2019Ivoire est une fid\u00e8le du pr\u00e9sident Alassane Ouattara. Pour ...","robots":{"index":"index","follow":"follow","max-snippet":"max-snippet:-1","max-image-preview":"max-image-preview:large","max-video-preview":"max-video-preview:-1"},"canonical":"https:\/\/www.africa-press.net\/cotedivoire\/dossiers\/cote-divoire-kandia-camara-notre-objectif-est-de-creer-une-nation","og_locale":"fr_FR","og_type":"article","og_title":"Kandia Camara : \u00ab\u00a0Notre objectif est de cr\u00e9er une nation\u00a0\u00bb","og_description":"La premi\u00e8re femme ministre des Affaires \u00e9trang\u00e8res en C\u00f4te d\u2019Ivoire est une fid\u00e8le du pr\u00e9sident Alassane Ouattara. Pour ...","og_url":"https:\/\/www.africa-press.net\/cotedivoire\/dossiers\/cote-divoire-kandia-camara-notre-objectif-est-de-creer-une-nation","og_site_name":"C\u00f4te d&#039;Ivoire","article_published_time":"2021-06-22T11:03:09+00:00","article_modified_time":"2021-06-22T19:29:51+00:00","og_image":[{"width":720,"height":360,"url":"https:\/\/static.africa-press.net\/cote\/sites\/43\/2021\/06\/img-60d1c23489911.jpg","type":"image\/jpeg"}],"author":"cfeditorfr","twitter_card":"summary_large_image","twitter_misc":{"\u00c9crit par":"cfeditorfr","Dur\u00e9e de lecture estim\u00e9e":"2 minutes"},"schema":{"@context":"https:\/\/schema.org","@graph":[{"@type":"Article","@id":"https:\/\/www.africa-press.net\/cotedivoire\/dossiers\/cote-divoire-kandia-camara-notre-objectif-est-de-creer-une-nation#article","isPartOf":{"@id":"https:\/\/www.africa-press.net\/cotedivoire\/dossiers\/cote-divoire-kandia-camara-notre-objectif-est-de-creer-une-nation"},"author":{"name":"cfeditorfr","@id":"https:\/\/www.africa-press.net\/cotedivoire\/#\/schema\/person\/2b1cf3cd81a31e3cd26889ca66d677f1"},"headline":"Kandia Camara : \u00ab\u00a0Notre objectif est de cr\u00e9er une nation\u00a0\u00bb","datePublished":"2021-06-22T11:03:09+00:00","dateModified":"2021-06-22T19:29:51+00:00","mainEntityOfPage":{"@id":"https:\/\/www.africa-press.net\/cotedivoire\/dossiers\/cote-divoire-kandia-camara-notre-objectif-est-de-creer-une-nation"},"wordCount":427,"commentCount":0,"image":{"@id":"https:\/\/www.africa-press.net\/cotedivoire\/dossiers\/cote-divoire-kandia-camara-notre-objectif-est-de-creer-une-nation#primaryimage"},"thumbnailUrl":"https:\/\/static.africa-press.net\/cote\/sites\/43\/2021\/06\/img-60d1c23489911.jpg","keywords":["Africa Press","Africa Press-C\u00f4te d'Ivoire","C\u00d4TE D'IVOIRE"],"articleSection":["Dossiers","homepage-french","Toutes les actualit\u00e9s"],"inLanguage":"fr-FR","potentialAction":[{"@type":"CommentAction","name":"Comment","target":["https:\/\/www.africa-press.net\/cotedivoire\/dossiers\/cote-divoire-kandia-camara-notre-objectif-est-de-creer-une-nation#respond"]}]},{"@type":"WebPage","@id":"https:\/\/www.africa-press.net\/cotedivoire\/dossiers\/cote-divoire-kandia-camara-notre-objectif-est-de-creer-une-nation","url":"https:\/\/www.africa-press.net\/cotedivoire\/dossiers\/cote-divoire-kandia-camara-notre-objectif-est-de-creer-une-nation","name":"Kandia Camara : \u00ab\u00a0Notre objectif est de cr\u00e9er une nation\u00a0\u00bb - C\u00f4te d&#039;Ivoire","isPartOf":{"@id":"https:\/\/www.africa-press.net\/cotedivoire\/#website"},"primaryImageOfPage":{"@id":"https:\/\/www.africa-press.net\/cotedivoire\/dossiers\/cote-divoire-kandia-camara-notre-objectif-est-de-creer-une-nation#primaryimage"},"image":{"@id":"https:\/\/www.africa-press.net\/cotedivoire\/dossiers\/cote-divoire-kandia-camara-notre-objectif-est-de-creer-une-nation#primaryimage"},"thumbnailUrl":"https:\/\/static.africa-press.net\/cote\/sites\/43\/2021\/06\/img-60d1c23489911.jpg","datePublished":"2021-06-22T11:03:09+00:00","dateModified":"2021-06-22T19:29:51+00:00","author":{"@id":"https:\/\/www.africa-press.net\/cotedivoire\/#\/schema\/person\/2b1cf3cd81a31e3cd26889ca66d677f1"},"description":"La premi\u00e8re femme ministre des Affaires \u00e9trang\u00e8res en C\u00f4te d\u2019Ivoire est une fid\u00e8le du pr\u00e9sident Alassane Ouattara. Pour ...","breadcrumb":{"@id":"https:\/\/www.africa-press.net\/cotedivoire\/dossiers\/cote-divoire-kandia-camara-notre-objectif-est-de-creer-une-nation#breadcrumb"},"inLanguage":"fr-FR","potentialAction":[{"@type":"ReadAction","target":["https:\/\/www.africa-press.net\/cotedivoire\/dossiers\/cote-divoire-kandia-camara-notre-objectif-est-de-creer-une-nation"]}]},{"@type":"ImageObject","inLanguage":"fr-FR","@id":"https:\/\/www.africa-press.net\/cotedivoire\/dossiers\/cote-divoire-kandia-camara-notre-objectif-est-de-creer-une-nation#primaryimage","url":"https:\/\/static.africa-press.net\/cote\/sites\/43\/2021\/06\/img-60d1c23489911.jpg","contentUrl":"https:\/\/static.africa-press.net\/cote\/sites\/43\/2021\/06\/img-60d1c23489911.jpg","width":720,"height":360,"caption":"C\u00f4te d\u2019Ivoire\u00a0\u2013\u00a0Kandia Camara : \u00ab\u00a0Notre objectif est de cr\u00e9er une nation\u00a0\u00bb"},{"@type":"BreadcrumbList","@id":"https:\/\/www.africa-press.net\/cotedivoire\/dossiers\/cote-divoire-kandia-camara-notre-objectif-est-de-creer-une-nation#breadcrumb","itemListElement":[{"@type":"ListItem","position":1,"name":"Accueil","item":"https:\/\/www.africa-press.net\/cotedivoire\/"},{"@type":"ListItem","position":2,"name":"Kandia Camara : \u00ab\u00a0Notre objectif est de cr\u00e9er une nation\u00a0\u00bb"}]},{"@type":"WebSite","@id":"https:\/\/www.africa-press.net\/cotedivoire\/#website","url":"https:\/\/www.africa-press.net\/cotedivoire\/","name":"C\u00f4te d&#039;Ivoire","description":"Just another Africa News Agency Sites site","potentialAction":[{"@type":"SearchAction","target":{"@type":"EntryPoint","urlTemplate":"https:\/\/www.africa-press.net\/cotedivoire\/?s={search_term_string}"},"query-input":{"@type":"PropertyValueSpecification","valueRequired":true,"valueName":"search_term_string"}}],"inLanguage":"fr-FR"},{"@type":"Person","@id":"https:\/\/www.africa-press.net\/cotedivoire\/#\/schema\/person\/2b1cf3cd81a31e3cd26889ca66d677f1","name":"cfeditorfr"}]}},"_links":{"self":[{"href":"https:\/\/www.africa-press.net\/cotedivoire\/wp-json\/wp\/v2\/posts\/9283","targetHints":{"allow":["GET"]}}],"collection":[{"href":"https:\/\/www.africa-press.net\/cotedivoire\/wp-json\/wp\/v2\/posts"}],"about":[{"href":"https:\/\/www.africa-press.net\/cotedivoire\/wp-json\/wp\/v2\/types\/post"}],"author":[{"embeddable":true,"href":"https:\/\/www.africa-press.net\/cotedivoire\/wp-json\/wp\/v2\/users\/82"}],"replies":[{"embeddable":true,"href":"https:\/\/www.africa-press.net\/cotedivoire\/wp-json\/wp\/v2\/comments?post=9283"}],"version-history":[{"count":0,"href":"https:\/\/www.africa-press.net\/cotedivoire\/wp-json\/wp\/v2\/posts\/9283\/revisions"}],"wp:featuredmedia":[{"embeddable":true,"href":"https:\/\/www.africa-press.net\/cotedivoire\/wp-json\/wp\/v2\/media\/9282"}],"wp:attachment":[{"href":"https:\/\/www.africa-press.net\/cotedivoire\/wp-json\/wp\/v2\/media?parent=9283"}],"wp:term":[{"taxonomy":"category","embeddable":true,"href":"https:\/\/www.africa-press.net\/cotedivoire\/wp-json\/wp\/v2\/categories?post=9283"},{"taxonomy":"post_tag","embeddable":true,"href":"https:\/\/www.africa-press.net\/cotedivoire\/wp-json\/wp\/v2\/tags?post=9283"}],"curies":[{"name":"wp","href":"https:\/\/api.w.org\/{rel}","templated":true}]}}