{"id":92838,"date":"2024-12-23T15:39:35","date_gmt":"2024-12-23T15:39:35","guid":{"rendered":"https:\/\/www.africa-press.net\/cotedivoire\/politique\/adjame-la-jeunesse-invitee-a-prendre-toute-sa-place-dans-les-projets-de-developpement-de-la-commune"},"modified":"2024-12-23T15:53:39","modified_gmt":"2024-12-23T15:53:39","slug":"adjame-la-jeunesse-invitee-a-prendre-toute-sa-place-dans-les-projets-de-developpement-de-la-commune","status":"publish","type":"post","link":"https:\/\/www.africa-press.net\/cotedivoire\/toutes-les-actualites\/adjame-la-jeunesse-invitee-a-prendre-toute-sa-place-dans-les-projets-de-developpement-de-la-commune","title":{"rendered":"Adjam\u00e9, la jeunesse invit\u00e9e \u00e0 prendre toute sa place dans les projets de d\u00e9veloppement de la commune"},"content":{"rendered":"<p><span style=\"color: #ff6600\"><strong>Africa-Press &#8211; C\u00f4te d&rsquo;Ivoire. <\/strong><\/span>Dans le cadre du programme \u00ab\u00a0Adjame\u0301 en fe\u0302te\u00a0\u00bb, diverses organisations de jeunesse ont participe\u0301 a\u0300 une formation sur leur ro\u0302le dans le de\u0301veloppement local, le samedi 21 de\u0301cembre 2024, a\u0300 la salle de confe\u0301rences de la mairie d&rsquo;Adjame\u0301.<\/p>\n<p>Les jeunes jouent un ro\u0302le cle\u0301 dans le de\u0301veloppement d&rsquo;une commune, et ceux d&rsquo;Adjame\u0301 ont de\u0301cide\u0301 de prendre part activement a\u0300 cette dynamique. Ainsi, une formation a e\u0301te\u0301 organise\u0301e pour sensibiliser les jeunes a\u0300 leur implication dans le progre\u0300s socio-e\u0301conomique de leur ville. Le the\u0300me de la session, \u00ab\u00a0L&rsquo;implication de la jeunesse dans le de\u0301veloppement communal\u00a0\u00bb, a e\u0301te\u0301 de\u0301veloppe\u0301 par le formateur Delaure Inabo.<\/p>\n<p>M. Inabo a souligne\u0301 que le de\u0301veloppement de la commune doit e\u0302tre l&rsquo;affaire de tous ses habitants. Il a donc encourage\u0301 les jeunes, qui repre\u0301sentent une part importante de la population, a\u0300 ne pas rester en marge du processus de de\u0301veloppement local.<\/p>\n<p>Selon lui, pour contribuer efficacement a\u0300 cette e\u0301volution, les jeunes doivent renforcer leurs compe\u0301tences intellectuelles et pratiques dans divers domaines, afin d\u2019acque\u0301rir les ressources ne\u0301cessaires pour jouer pleinement leur ro\u0302le.<\/p>\n<p>Le formateur a e\u0301galement insiste\u0301 sur l\u2019importance pour les jeunes d\u2019Adjame\u0301 de renforcer leur engagement citoyen. Il a salue\u0301 les nombreuses initiatives de de\u0301veloppement mises en place par le de\u0301pute\u0301-maire Farikou Soumahoro et a invite\u0301 les jeunes a\u0300 soutenir activement les projets lie\u0301s a\u0300 la gestion locale.<\/p>\n<p>Cette formation s&rsquo;inscrit dans la vision globale de la mairie d&rsquo;Adjame\u0301, visant a\u0300 mobiliser toutes les couches sociales pour promouvoir le progre\u0300s de la commune. Le programme \u00ab\u00a0Adjame\u0301 en fe\u0302te\u00a0\u00bb a pour objectif de cre\u0301er un espace ou\u0300 civisme, apprentissage et divertissement se conjuguent pour renforcer la cohe\u0301sion sociale et encourager la participation active des citoyens au de\u0301veloppement de leur commune.<\/p>\n<p><strong>Pour plus d&rsquo;informations et d&rsquo;analyses sur la <span style=\"color: #ff6600\">C\u00f4te d&rsquo;Ivoire<\/span>, suivez <span style=\"color: #ff6600\">Africa-Press<\/span><\/strong><\/p>\n","protected":false},"excerpt":{"rendered":"<p>Africa-Press &#8211; C\u00f4te d&rsquo;Ivoire. Dans le cadre du programme \u00ab\u00a0Adjame\u0301 en fe\u0302te\u00a0\u00bb, diverses organisations de jeunesse ont participe\u0301 a\u0300 une formation sur leur ro\u0302le dans le de\u0301veloppement local, le samedi 21 de\u0301cembre 2024, a\u0300 la salle de confe\u0301rences de la mairie d&rsquo;Adjame\u0301. Les jeunes jouent un ro\u0302le cle\u0301 dans le de\u0301veloppement d&rsquo;une commune, et ceux [&hellip;]<\/p>\n","protected":false},"author":82,"featured_media":92837,"comment_status":"open","ping_status":"closed","sticky":false,"template":"","format":"standard","meta":{"footnotes":""},"categories":[21,10],"tags":[418,29,1583,15651,865,15472,1208,7817,842,16153],"class_list":["post-92838","post","type-post","status-publish","format-standard","has-post-thumbnail","hentry","category-communaute","category-toutes-les-actualites","tag-adjame","tag-cote-divoire","tag-developpement","tag-engagent","tag-formation","tag-implication","tag-jeunes","tag-local","tag-organisation","tag-souligner"],"yoast_head":"<!-- This site is optimized with the Yoast SEO Premium plugin v26.1 (Yoast SEO v27.0) - https:\/\/yoast.com\/product\/yoast-seo-premium-wordpress\/ -->\n<title>Adjam\u00e9, la jeunesse invit\u00e9e \u00e0 prendre toute sa place dans les projets de d\u00e9veloppement de la commune - C\u00f4te d&#039;Ivoire<\/title>\n<meta name=\"description\" content=\"Dans le cadre du programme &quot;Adjame\u0301 en fe\u0302te&quot;, diverses organisations de jeunesse ont participe\u0301 a\u0300 une formation sur le ...\" \/>\n<meta name=\"robots\" content=\"index, follow, max-snippet:-1, max-image-preview:large, max-video-preview:-1\" \/>\n<link rel=\"canonical\" href=\"https:\/\/www.africa-press.net\/cotedivoire\/toutes-les-actualites\/adjame-la-jeunesse-invitee-a-prendre-toute-sa-place-dans-les-projets-de-developpement-de-la-commune\" \/>\n<meta property=\"og:locale\" content=\"fr_FR\" \/>\n<meta property=\"og:type\" content=\"article\" \/>\n<meta property=\"og:title\" content=\"Adjam\u00e9, la jeunesse invit\u00e9e \u00e0 prendre toute sa place dans les projets de d\u00e9veloppement de la commune\" \/>\n<meta property=\"og:description\" content=\"Dans le cadre du programme &quot;Adjame\u0301 en fe\u0302te&quot;, diverses organisations de jeunesse ont participe\u0301 a\u0300 une formation sur le ...\" \/>\n<meta property=\"og:url\" content=\"https:\/\/www.africa-press.net\/cotedivoire\/toutes-les-actualites\/adjame-la-jeunesse-invitee-a-prendre-toute-sa-place-dans-les-projets-de-developpement-de-la-commune\" \/>\n<meta property=\"og:site_name\" content=\"C\u00f4te d&#039;Ivoire\" \/>\n<meta property=\"article:published_time\" content=\"2024-12-23T15:39:35+00:00\" \/>\n<meta property=\"article:modified_time\" content=\"2024-12-23T15:53:39+00:00\" \/>\n<meta property=\"og:image\" content=\"https:\/\/static.africa-press.net\/cote\/sites\/43\/2024\/12\/sm_1734956560.236176.jpg\" \/>\n\t<meta property=\"og:image:width\" content=\"720\" \/>\n\t<meta property=\"og:image:height\" content=\"480\" \/>\n\t<meta property=\"og:image:type\" content=\"image\/jpeg\" \/>\n<meta name=\"author\" content=\"cfeditorfr\" \/>\n<meta name=\"twitter:card\" content=\"summary_large_image\" \/>\n<meta name=\"twitter:label1\" content=\"\u00c9crit par\" \/>\n\t<meta name=\"twitter:data1\" content=\"cfeditorfr\" \/>\n\t<meta name=\"twitter:label2\" content=\"Dur\u00e9e de lecture estim\u00e9e\" \/>\n\t<meta name=\"twitter:data2\" content=\"2 minutes\" \/>\n<script type=\"application\/ld+json\" class=\"yoast-schema-graph\">{\"@context\":\"https:\/\/schema.org\",\"@graph\":[{\"@type\":\"Article\",\"@id\":\"https:\/\/www.africa-press.net\/cotedivoire\/toutes-les-actualites\/adjame-la-jeunesse-invitee-a-prendre-toute-sa-place-dans-les-projets-de-developpement-de-la-commune#article\",\"isPartOf\":{\"@id\":\"https:\/\/www.africa-press.net\/cotedivoire\/toutes-les-actualites\/adjame-la-jeunesse-invitee-a-prendre-toute-sa-place-dans-les-projets-de-developpement-de-la-commune\"},\"author\":{\"name\":\"cfeditorfr\",\"@id\":\"https:\/\/www.africa-press.net\/cotedivoire\/#\/schema\/person\/2b1cf3cd81a31e3cd26889ca66d677f1\"},\"headline\":\"Adjam\u00e9, la jeunesse invit\u00e9e \u00e0 prendre toute sa place dans les projets de d\u00e9veloppement de la commune\",\"datePublished\":\"2024-12-23T15:39:35+00:00\",\"dateModified\":\"2024-12-23T15:53:39+00:00\",\"mainEntityOfPage\":{\"@id\":\"https:\/\/www.africa-press.net\/cotedivoire\/toutes-les-actualites\/adjame-la-jeunesse-invitee-a-prendre-toute-sa-place-dans-les-projets-de-developpement-de-la-commune\"},\"wordCount\":364,\"commentCount\":0,\"image\":{\"@id\":\"https:\/\/www.africa-press.net\/cotedivoire\/toutes-les-actualites\/adjame-la-jeunesse-invitee-a-prendre-toute-sa-place-dans-les-projets-de-developpement-de-la-commune#primaryimage\"},\"thumbnailUrl\":\"https:\/\/static.africa-press.net\/cote\/sites\/43\/2024\/12\/sm_1734956560.236176.jpg\",\"keywords\":[\"Adjam\u00e9\",\"C\u00d4TE D'IVOIRE\",\"d\u00e9veloppement\",\"engagent\",\"Formation\",\"implication\",\"jeunes\",\"local\",\"organisation\",\"souligner\"],\"articleSection\":[\"Communaut\u00e9\",\"Toutes les actualit\u00e9s\"],\"inLanguage\":\"fr-FR\",\"potentialAction\":[{\"@type\":\"CommentAction\",\"name\":\"Comment\",\"target\":[\"https:\/\/www.africa-press.net\/cotedivoire\/toutes-les-actualites\/adjame-la-jeunesse-invitee-a-prendre-toute-sa-place-dans-les-projets-de-developpement-de-la-commune#respond\"]}]},{\"@type\":\"WebPage\",\"@id\":\"https:\/\/www.africa-press.net\/cotedivoire\/toutes-les-actualites\/adjame-la-jeunesse-invitee-a-prendre-toute-sa-place-dans-les-projets-de-developpement-de-la-commune\",\"url\":\"https:\/\/www.africa-press.net\/cotedivoire\/toutes-les-actualites\/adjame-la-jeunesse-invitee-a-prendre-toute-sa-place-dans-les-projets-de-developpement-de-la-commune\",\"name\":\"Adjam\u00e9, la jeunesse invit\u00e9e \u00e0 prendre toute sa place dans les projets de d\u00e9veloppement de la commune - C\u00f4te d&#039;Ivoire\",\"isPartOf\":{\"@id\":\"https:\/\/www.africa-press.net\/cotedivoire\/#website\"},\"primaryImageOfPage\":{\"@id\":\"https:\/\/www.africa-press.net\/cotedivoire\/toutes-les-actualites\/adjame-la-jeunesse-invitee-a-prendre-toute-sa-place-dans-les-projets-de-developpement-de-la-commune#primaryimage\"},\"image\":{\"@id\":\"https:\/\/www.africa-press.net\/cotedivoire\/toutes-les-actualites\/adjame-la-jeunesse-invitee-a-prendre-toute-sa-place-dans-les-projets-de-developpement-de-la-commune#primaryimage\"},\"thumbnailUrl\":\"https:\/\/static.africa-press.net\/cote\/sites\/43\/2024\/12\/sm_1734956560.236176.jpg\",\"datePublished\":\"2024-12-23T15:39:35+00:00\",\"dateModified\":\"2024-12-23T15:53:39+00:00\",\"author\":{\"@id\":\"https:\/\/www.africa-press.net\/cotedivoire\/#\/schema\/person\/2b1cf3cd81a31e3cd26889ca66d677f1\"},\"description\":\"Dans le cadre du programme \\\"Adjame\u0301 en fe\u0302te\\\", diverses organisations de jeunesse ont participe\u0301 a\u0300 une formation sur le ...\",\"breadcrumb\":{\"@id\":\"https:\/\/www.africa-press.net\/cotedivoire\/toutes-les-actualites\/adjame-la-jeunesse-invitee-a-prendre-toute-sa-place-dans-les-projets-de-developpement-de-la-commune#breadcrumb\"},\"inLanguage\":\"fr-FR\",\"potentialAction\":[{\"@type\":\"ReadAction\",\"target\":[\"https:\/\/www.africa-press.net\/cotedivoire\/toutes-les-actualites\/adjame-la-jeunesse-invitee-a-prendre-toute-sa-place-dans-les-projets-de-developpement-de-la-commune\"]}]},{\"@type\":\"ImageObject\",\"inLanguage\":\"fr-FR\",\"@id\":\"https:\/\/www.africa-press.net\/cotedivoire\/toutes-les-actualites\/adjame-la-jeunesse-invitee-a-prendre-toute-sa-place-dans-les-projets-de-developpement-de-la-commune#primaryimage\",\"url\":\"https:\/\/static.africa-press.net\/cote\/sites\/43\/2024\/12\/sm_1734956560.236176.jpg\",\"contentUrl\":\"https:\/\/static.africa-press.net\/cote\/sites\/43\/2024\/12\/sm_1734956560.236176.jpg\",\"width\":720,\"height\":480,\"caption\":\"Adjam\u00e9, la jeunesse invit\u00e9e \u00e0 prendre toute sa place dans les projets de d\u00e9veloppement de la commune\"},{\"@type\":\"BreadcrumbList\",\"@id\":\"https:\/\/www.africa-press.net\/cotedivoire\/toutes-les-actualites\/adjame-la-jeunesse-invitee-a-prendre-toute-sa-place-dans-les-projets-de-developpement-de-la-commune#breadcrumb\",\"itemListElement\":[{\"@type\":\"ListItem\",\"position\":1,\"name\":\"Accueil\",\"item\":\"https:\/\/www.africa-press.net\/cotedivoire\/\"},{\"@type\":\"ListItem\",\"position\":2,\"name\":\"Adjam\u00e9, la jeunesse invit\u00e9e \u00e0 prendre toute sa place dans les projets de d\u00e9veloppement de la commune\"}]},{\"@type\":\"WebSite\",\"@id\":\"https:\/\/www.africa-press.net\/cotedivoire\/#website\",\"url\":\"https:\/\/www.africa-press.net\/cotedivoire\/\",\"name\":\"C\u00f4te d&#039;Ivoire\",\"description\":\"Just another Africa News Agency Sites site\",\"potentialAction\":[{\"@type\":\"SearchAction\",\"target\":{\"@type\":\"EntryPoint\",\"urlTemplate\":\"https:\/\/www.africa-press.net\/cotedivoire\/?s={search_term_string}\"},\"query-input\":{\"@type\":\"PropertyValueSpecification\",\"valueRequired\":true,\"valueName\":\"search_term_string\"}}],\"inLanguage\":\"fr-FR\"},{\"@type\":\"Person\",\"@id\":\"https:\/\/www.africa-press.net\/cotedivoire\/#\/schema\/person\/2b1cf3cd81a31e3cd26889ca66d677f1\",\"name\":\"cfeditorfr\"}]}<\/script>\n<!-- \/ Yoast SEO Premium plugin. -->","yoast_head_json":{"title":"Adjam\u00e9, la jeunesse invit\u00e9e \u00e0 prendre toute sa place dans les projets de d\u00e9veloppement de la commune - C\u00f4te d&#039;Ivoire","description":"Dans le cadre du programme \"Adjame\u0301 en fe\u0302te\", diverses organisations de jeunesse ont participe\u0301 a\u0300 une formation sur le ...","robots":{"index":"index","follow":"follow","max-snippet":"max-snippet:-1","max-image-preview":"max-image-preview:large","max-video-preview":"max-video-preview:-1"},"canonical":"https:\/\/www.africa-press.net\/cotedivoire\/toutes-les-actualites\/adjame-la-jeunesse-invitee-a-prendre-toute-sa-place-dans-les-projets-de-developpement-de-la-commune","og_locale":"fr_FR","og_type":"article","og_title":"Adjam\u00e9, la jeunesse invit\u00e9e \u00e0 prendre toute sa place dans les projets de d\u00e9veloppement de la commune","og_description":"Dans le cadre du programme \"Adjame\u0301 en fe\u0302te\", diverses organisations de jeunesse ont participe\u0301 a\u0300 une formation sur le ...","og_url":"https:\/\/www.africa-press.net\/cotedivoire\/toutes-les-actualites\/adjame-la-jeunesse-invitee-a-prendre-toute-sa-place-dans-les-projets-de-developpement-de-la-commune","og_site_name":"C\u00f4te d&#039;Ivoire","article_published_time":"2024-12-23T15:39:35+00:00","article_modified_time":"2024-12-23T15:53:39+00:00","og_image":[{"width":720,"height":480,"url":"https:\/\/static.africa-press.net\/cote\/sites\/43\/2024\/12\/sm_1734956560.236176.jpg","type":"image\/jpeg"}],"author":"cfeditorfr","twitter_card":"summary_large_image","twitter_misc":{"\u00c9crit par":"cfeditorfr","Dur\u00e9e de lecture estim\u00e9e":"2 minutes"},"schema":{"@context":"https:\/\/schema.org","@graph":[{"@type":"Article","@id":"https:\/\/www.africa-press.net\/cotedivoire\/toutes-les-actualites\/adjame-la-jeunesse-invitee-a-prendre-toute-sa-place-dans-les-projets-de-developpement-de-la-commune#article","isPartOf":{"@id":"https:\/\/www.africa-press.net\/cotedivoire\/toutes-les-actualites\/adjame-la-jeunesse-invitee-a-prendre-toute-sa-place-dans-les-projets-de-developpement-de-la-commune"},"author":{"name":"cfeditorfr","@id":"https:\/\/www.africa-press.net\/cotedivoire\/#\/schema\/person\/2b1cf3cd81a31e3cd26889ca66d677f1"},"headline":"Adjam\u00e9, la jeunesse invit\u00e9e \u00e0 prendre toute sa place dans les projets de d\u00e9veloppement de la commune","datePublished":"2024-12-23T15:39:35+00:00","dateModified":"2024-12-23T15:53:39+00:00","mainEntityOfPage":{"@id":"https:\/\/www.africa-press.net\/cotedivoire\/toutes-les-actualites\/adjame-la-jeunesse-invitee-a-prendre-toute-sa-place-dans-les-projets-de-developpement-de-la-commune"},"wordCount":364,"commentCount":0,"image":{"@id":"https:\/\/www.africa-press.net\/cotedivoire\/toutes-les-actualites\/adjame-la-jeunesse-invitee-a-prendre-toute-sa-place-dans-les-projets-de-developpement-de-la-commune#primaryimage"},"thumbnailUrl":"https:\/\/static.africa-press.net\/cote\/sites\/43\/2024\/12\/sm_1734956560.236176.jpg","keywords":["Adjam\u00e9","C\u00d4TE D'IVOIRE","d\u00e9veloppement","engagent","Formation","implication","jeunes","local","organisation","souligner"],"articleSection":["Communaut\u00e9","Toutes les actualit\u00e9s"],"inLanguage":"fr-FR","potentialAction":[{"@type":"CommentAction","name":"Comment","target":["https:\/\/www.africa-press.net\/cotedivoire\/toutes-les-actualites\/adjame-la-jeunesse-invitee-a-prendre-toute-sa-place-dans-les-projets-de-developpement-de-la-commune#respond"]}]},{"@type":"WebPage","@id":"https:\/\/www.africa-press.net\/cotedivoire\/toutes-les-actualites\/adjame-la-jeunesse-invitee-a-prendre-toute-sa-place-dans-les-projets-de-developpement-de-la-commune","url":"https:\/\/www.africa-press.net\/cotedivoire\/toutes-les-actualites\/adjame-la-jeunesse-invitee-a-prendre-toute-sa-place-dans-les-projets-de-developpement-de-la-commune","name":"Adjam\u00e9, la jeunesse invit\u00e9e \u00e0 prendre toute sa place dans les projets de d\u00e9veloppement de la commune - C\u00f4te d&#039;Ivoire","isPartOf":{"@id":"https:\/\/www.africa-press.net\/cotedivoire\/#website"},"primaryImageOfPage":{"@id":"https:\/\/www.africa-press.net\/cotedivoire\/toutes-les-actualites\/adjame-la-jeunesse-invitee-a-prendre-toute-sa-place-dans-les-projets-de-developpement-de-la-commune#primaryimage"},"image":{"@id":"https:\/\/www.africa-press.net\/cotedivoire\/toutes-les-actualites\/adjame-la-jeunesse-invitee-a-prendre-toute-sa-place-dans-les-projets-de-developpement-de-la-commune#primaryimage"},"thumbnailUrl":"https:\/\/static.africa-press.net\/cote\/sites\/43\/2024\/12\/sm_1734956560.236176.jpg","datePublished":"2024-12-23T15:39:35+00:00","dateModified":"2024-12-23T15:53:39+00:00","author":{"@id":"https:\/\/www.africa-press.net\/cotedivoire\/#\/schema\/person\/2b1cf3cd81a31e3cd26889ca66d677f1"},"description":"Dans le cadre du programme \"Adjame\u0301 en fe\u0302te\", diverses organisations de jeunesse ont participe\u0301 a\u0300 une formation sur le ...","breadcrumb":{"@id":"https:\/\/www.africa-press.net\/cotedivoire\/toutes-les-actualites\/adjame-la-jeunesse-invitee-a-prendre-toute-sa-place-dans-les-projets-de-developpement-de-la-commune#breadcrumb"},"inLanguage":"fr-FR","potentialAction":[{"@type":"ReadAction","target":["https:\/\/www.africa-press.net\/cotedivoire\/toutes-les-actualites\/adjame-la-jeunesse-invitee-a-prendre-toute-sa-place-dans-les-projets-de-developpement-de-la-commune"]}]},{"@type":"ImageObject","inLanguage":"fr-FR","@id":"https:\/\/www.africa-press.net\/cotedivoire\/toutes-les-actualites\/adjame-la-jeunesse-invitee-a-prendre-toute-sa-place-dans-les-projets-de-developpement-de-la-commune#primaryimage","url":"https:\/\/static.africa-press.net\/cote\/sites\/43\/2024\/12\/sm_1734956560.236176.jpg","contentUrl":"https:\/\/static.africa-press.net\/cote\/sites\/43\/2024\/12\/sm_1734956560.236176.jpg","width":720,"height":480,"caption":"Adjam\u00e9, la jeunesse invit\u00e9e \u00e0 prendre toute sa place dans les projets de d\u00e9veloppement de la commune"},{"@type":"BreadcrumbList","@id":"https:\/\/www.africa-press.net\/cotedivoire\/toutes-les-actualites\/adjame-la-jeunesse-invitee-a-prendre-toute-sa-place-dans-les-projets-de-developpement-de-la-commune#breadcrumb","itemListElement":[{"@type":"ListItem","position":1,"name":"Accueil","item":"https:\/\/www.africa-press.net\/cotedivoire\/"},{"@type":"ListItem","position":2,"name":"Adjam\u00e9, la jeunesse invit\u00e9e \u00e0 prendre toute sa place dans les projets de d\u00e9veloppement de la commune"}]},{"@type":"WebSite","@id":"https:\/\/www.africa-press.net\/cotedivoire\/#website","url":"https:\/\/www.africa-press.net\/cotedivoire\/","name":"C\u00f4te d&#039;Ivoire","description":"Just another Africa News Agency Sites site","potentialAction":[{"@type":"SearchAction","target":{"@type":"EntryPoint","urlTemplate":"https:\/\/www.africa-press.net\/cotedivoire\/?s={search_term_string}"},"query-input":{"@type":"PropertyValueSpecification","valueRequired":true,"valueName":"search_term_string"}}],"inLanguage":"fr-FR"},{"@type":"Person","@id":"https:\/\/www.africa-press.net\/cotedivoire\/#\/schema\/person\/2b1cf3cd81a31e3cd26889ca66d677f1","name":"cfeditorfr"}]}},"_links":{"self":[{"href":"https:\/\/www.africa-press.net\/cotedivoire\/wp-json\/wp\/v2\/posts\/92838","targetHints":{"allow":["GET"]}}],"collection":[{"href":"https:\/\/www.africa-press.net\/cotedivoire\/wp-json\/wp\/v2\/posts"}],"about":[{"href":"https:\/\/www.africa-press.net\/cotedivoire\/wp-json\/wp\/v2\/types\/post"}],"author":[{"embeddable":true,"href":"https:\/\/www.africa-press.net\/cotedivoire\/wp-json\/wp\/v2\/users\/82"}],"replies":[{"embeddable":true,"href":"https:\/\/www.africa-press.net\/cotedivoire\/wp-json\/wp\/v2\/comments?post=92838"}],"version-history":[{"count":0,"href":"https:\/\/www.africa-press.net\/cotedivoire\/wp-json\/wp\/v2\/posts\/92838\/revisions"}],"wp:featuredmedia":[{"embeddable":true,"href":"https:\/\/www.africa-press.net\/cotedivoire\/wp-json\/wp\/v2\/media\/92837"}],"wp:attachment":[{"href":"https:\/\/www.africa-press.net\/cotedivoire\/wp-json\/wp\/v2\/media?parent=92838"}],"wp:term":[{"taxonomy":"category","embeddable":true,"href":"https:\/\/www.africa-press.net\/cotedivoire\/wp-json\/wp\/v2\/categories?post=92838"},{"taxonomy":"post_tag","embeddable":true,"href":"https:\/\/www.africa-press.net\/cotedivoire\/wp-json\/wp\/v2\/tags?post=92838"}],"curies":[{"name":"wp","href":"https:\/\/api.w.org\/{rel}","templated":true}]}}