{"id":9286,"date":"2021-06-22T11:07:50","date_gmt":"2021-06-22T11:07:50","guid":{"rendered":"https:\/\/www.africa-press.net\/cotedivoire\/?p=9286"},"modified":"2021-06-22T19:29:59","modified_gmt":"2021-06-22T19:29:59","slug":"ouattara-gbagbo-la-discrete-mediation-de-soumeylou-boubeye-maiga-et-guy-delbrel","status":"publish","type":"post","link":"https:\/\/www.africa-press.net\/cotedivoire\/dossiers\/ouattara-gbagbo-la-discrete-mediation-de-soumeylou-boubeye-maiga-et-guy-delbrel","title":{"rendered":"Ouattara-Gbagbo : la discr\u00e8te m\u00e9diation de Soumeylou\u00a0Boubeye\u00a0Ma\u00efga et Guy Delbrel"},"content":{"rendered":"<p><span style=\"color: #ff6600\"><strong><a href=\"https:\/\/www.africa-press.net\/\">Africa-Press<\/a> &#8211; <a href=\"https:\/\/www.africa-press.net\/cotedivoire\">C\u00f4te d&rsquo;Ivoire<\/a>. <\/strong><\/span>Parmi les missions de bons offices men\u00e9es ces derniers mois entre le pr\u00e9sident ivoirien et son pr\u00e9d\u00e9cesseur, l\u2019une est rest\u00e9e sous silence : celle de l\u2019ancien Premier ministre malien et de l\u2019ex-directeur Afrique d\u2019Air France.<\/p>\n<p>Lors de la derni\u00e8re pr\u00e9sidentielle ivoirienne, le 31 octobre 2020, qui a vu Alassane Ouattara (ADO) reconduit pour un troisi\u00e8me mandat contest\u00e9 par ses opposants, Soumeylou Boubeye Ma\u00efga dirigeait la mission d\u2019observation de la Communaut\u00e9 des \u00c9tats sah\u00e9lo-sahariens (CEN-SAD).<\/p>\n<p>Apr\u00e8s l\u2019\u00e9lection, l\u2019ancien Premier ministre malien a \u00e9t\u00e9 re\u00e7u par le pr\u00e9sident ivoirien \u00e0 Abidjan. Selon nos informations, les deux hommes ont notamment \u00e9voqu\u00e9 la n\u00e9cessit\u00e9 de mener \u00e0 bien la r\u00e9conciliation nationale, maintenant qu\u2019ADO \u00e9tait r\u00e9\u00e9lu, et donc de permettre le retour de Laurent Gbagbo, dont il convenait de sonder les intentions.<\/p>\n<p><b>\u00a0<\/b><\/p>\n","protected":false},"excerpt":{"rendered":"<p>Africa-Press &#8211; C\u00f4te d&rsquo;Ivoire. Parmi les missions de bons offices men\u00e9es ces derniers mois entre le pr\u00e9sident ivoirien et son pr\u00e9d\u00e9cesseur, l\u2019une est rest\u00e9e sous silence : celle de l\u2019ancien Premier ministre malien et de l\u2019ex-directeur Afrique d\u2019Air France. Lors de la derni\u00e8re pr\u00e9sidentielle ivoirienne, le 31 octobre 2020, qui a vu Alassane Ouattara (ADO) [&hellip;]<\/p>\n","protected":false},"author":82,"featured_media":9285,"comment_status":"open","ping_status":"closed","sticky":false,"template":"","format":"standard","meta":{"footnotes":""},"categories":[7,11,20,10],"tags":[56,63,29],"class_list":["post-9286","post","type-post","status-publish","format-standard","has-post-thumbnail","hentry","category-dossiers","category-homepage-french","category-top-nouvelles","category-toutes-les-actualites","tag-africa-press","tag-africa-press-cote-divoire","tag-cote-divoire"],"yoast_head":"<!-- This site is optimized with the Yoast SEO Premium plugin v26.1 (Yoast SEO v27.0) - https:\/\/yoast.com\/product\/yoast-seo-premium-wordpress\/ -->\n<title>Ouattara-Gbagbo : la discr\u00e8te m\u00e9diation de Soumeylou\u00a0Boubeye\u00a0Ma\u00efga et Guy Delbrel - C\u00f4te d&#039;Ivoire<\/title>\n<meta name=\"description\" content=\"Parmi les missions de bons offices men\u00e9es ces derniers mois entre le pr\u00e9sident ivoirien et son pr\u00e9d\u00e9cesseur, l\u2019une est r ...\" \/>\n<meta name=\"robots\" content=\"index, follow, max-snippet:-1, max-image-preview:large, max-video-preview:-1\" \/>\n<link rel=\"canonical\" href=\"https:\/\/www.africa-press.net\/cotedivoire\/dossiers\/ouattara-gbagbo-la-discrete-mediation-de-soumeylou-boubeye-maiga-et-guy-delbrel\" \/>\n<meta property=\"og:locale\" content=\"fr_FR\" \/>\n<meta property=\"og:type\" content=\"article\" \/>\n<meta property=\"og:title\" content=\"Ouattara-Gbagbo : la discr\u00e8te m\u00e9diation de Soumeylou\u00a0Boubeye\u00a0Ma\u00efga et Guy Delbrel\" \/>\n<meta property=\"og:description\" content=\"Parmi les missions de bons offices men\u00e9es ces derniers mois entre le pr\u00e9sident ivoirien et son pr\u00e9d\u00e9cesseur, l\u2019une est r ...\" \/>\n<meta property=\"og:url\" content=\"https:\/\/www.africa-press.net\/cotedivoire\/dossiers\/ouattara-gbagbo-la-discrete-mediation-de-soumeylou-boubeye-maiga-et-guy-delbrel\" \/>\n<meta property=\"og:site_name\" content=\"C\u00f4te d&#039;Ivoire\" \/>\n<meta property=\"article:published_time\" content=\"2021-06-22T11:07:50+00:00\" \/>\n<meta property=\"article:modified_time\" content=\"2021-06-22T19:29:59+00:00\" \/>\n<meta property=\"og:image\" content=\"https:\/\/static.africa-press.net\/cote\/sites\/43\/2021\/06\/img-60d1c25de800b.jpg\" \/>\n\t<meta property=\"og:image:width\" content=\"720\" \/>\n\t<meta property=\"og:image:height\" content=\"360\" \/>\n\t<meta property=\"og:image:type\" content=\"image\/jpeg\" \/>\n<meta name=\"author\" content=\"cfeditorfr\" \/>\n<meta name=\"twitter:card\" content=\"summary_large_image\" \/>\n<meta name=\"twitter:label1\" content=\"\u00c9crit par\" \/>\n\t<meta name=\"twitter:data1\" content=\"cfeditorfr\" \/>\n\t<meta name=\"twitter:label2\" content=\"Dur\u00e9e de lecture estim\u00e9e\" \/>\n\t<meta name=\"twitter:data2\" content=\"1 minute\" \/>\n<script type=\"application\/ld+json\" class=\"yoast-schema-graph\">{\"@context\":\"https:\/\/schema.org\",\"@graph\":[{\"@type\":\"Article\",\"@id\":\"https:\/\/www.africa-press.net\/cotedivoire\/dossiers\/ouattara-gbagbo-la-discrete-mediation-de-soumeylou-boubeye-maiga-et-guy-delbrel#article\",\"isPartOf\":{\"@id\":\"https:\/\/www.africa-press.net\/cotedivoire\/dossiers\/ouattara-gbagbo-la-discrete-mediation-de-soumeylou-boubeye-maiga-et-guy-delbrel\"},\"author\":{\"name\":\"cfeditorfr\",\"@id\":\"https:\/\/www.africa-press.net\/cotedivoire\/#\/schema\/person\/2b1cf3cd81a31e3cd26889ca66d677f1\"},\"headline\":\"Ouattara-Gbagbo : la discr\u00e8te m\u00e9diation de Soumeylou\u00a0Boubeye\u00a0Ma\u00efga et Guy Delbrel\",\"datePublished\":\"2021-06-22T11:07:50+00:00\",\"dateModified\":\"2021-06-22T19:29:59+00:00\",\"mainEntityOfPage\":{\"@id\":\"https:\/\/www.africa-press.net\/cotedivoire\/dossiers\/ouattara-gbagbo-la-discrete-mediation-de-soumeylou-boubeye-maiga-et-guy-delbrel\"},\"wordCount\":166,\"commentCount\":0,\"image\":{\"@id\":\"https:\/\/www.africa-press.net\/cotedivoire\/dossiers\/ouattara-gbagbo-la-discrete-mediation-de-soumeylou-boubeye-maiga-et-guy-delbrel#primaryimage\"},\"thumbnailUrl\":\"https:\/\/static.africa-press.net\/cote\/sites\/43\/2021\/06\/img-60d1c25de800b.jpg\",\"keywords\":[\"Africa Press\",\"Africa Press-C\u00f4te d'Ivoire\",\"C\u00d4TE D'IVOIRE\"],\"articleSection\":[\"Dossiers\",\"homepage-french\",\"Top Nouvelles\",\"Toutes les actualit\u00e9s\"],\"inLanguage\":\"fr-FR\",\"potentialAction\":[{\"@type\":\"CommentAction\",\"name\":\"Comment\",\"target\":[\"https:\/\/www.africa-press.net\/cotedivoire\/dossiers\/ouattara-gbagbo-la-discrete-mediation-de-soumeylou-boubeye-maiga-et-guy-delbrel#respond\"]}]},{\"@type\":\"WebPage\",\"@id\":\"https:\/\/www.africa-press.net\/cotedivoire\/dossiers\/ouattara-gbagbo-la-discrete-mediation-de-soumeylou-boubeye-maiga-et-guy-delbrel\",\"url\":\"https:\/\/www.africa-press.net\/cotedivoire\/dossiers\/ouattara-gbagbo-la-discrete-mediation-de-soumeylou-boubeye-maiga-et-guy-delbrel\",\"name\":\"Ouattara-Gbagbo : la discr\u00e8te m\u00e9diation de Soumeylou\u00a0Boubeye\u00a0Ma\u00efga et Guy Delbrel - C\u00f4te d&#039;Ivoire\",\"isPartOf\":{\"@id\":\"https:\/\/www.africa-press.net\/cotedivoire\/#website\"},\"primaryImageOfPage\":{\"@id\":\"https:\/\/www.africa-press.net\/cotedivoire\/dossiers\/ouattara-gbagbo-la-discrete-mediation-de-soumeylou-boubeye-maiga-et-guy-delbrel#primaryimage\"},\"image\":{\"@id\":\"https:\/\/www.africa-press.net\/cotedivoire\/dossiers\/ouattara-gbagbo-la-discrete-mediation-de-soumeylou-boubeye-maiga-et-guy-delbrel#primaryimage\"},\"thumbnailUrl\":\"https:\/\/static.africa-press.net\/cote\/sites\/43\/2021\/06\/img-60d1c25de800b.jpg\",\"datePublished\":\"2021-06-22T11:07:50+00:00\",\"dateModified\":\"2021-06-22T19:29:59+00:00\",\"author\":{\"@id\":\"https:\/\/www.africa-press.net\/cotedivoire\/#\/schema\/person\/2b1cf3cd81a31e3cd26889ca66d677f1\"},\"description\":\"Parmi les missions de bons offices men\u00e9es ces derniers mois entre le pr\u00e9sident ivoirien et son pr\u00e9d\u00e9cesseur, l\u2019une est r ...\",\"breadcrumb\":{\"@id\":\"https:\/\/www.africa-press.net\/cotedivoire\/dossiers\/ouattara-gbagbo-la-discrete-mediation-de-soumeylou-boubeye-maiga-et-guy-delbrel#breadcrumb\"},\"inLanguage\":\"fr-FR\",\"potentialAction\":[{\"@type\":\"ReadAction\",\"target\":[\"https:\/\/www.africa-press.net\/cotedivoire\/dossiers\/ouattara-gbagbo-la-discrete-mediation-de-soumeylou-boubeye-maiga-et-guy-delbrel\"]}]},{\"@type\":\"ImageObject\",\"inLanguage\":\"fr-FR\",\"@id\":\"https:\/\/www.africa-press.net\/cotedivoire\/dossiers\/ouattara-gbagbo-la-discrete-mediation-de-soumeylou-boubeye-maiga-et-guy-delbrel#primaryimage\",\"url\":\"https:\/\/static.africa-press.net\/cote\/sites\/43\/2021\/06\/img-60d1c25de800b.jpg\",\"contentUrl\":\"https:\/\/static.africa-press.net\/cote\/sites\/43\/2021\/06\/img-60d1c25de800b.jpg\",\"width\":720,\"height\":360,\"caption\":\"Ouattara-Gbagbo : la discr\u00e8te m\u00e9diation de Soumeylou\u00a0Boubeye\u00a0Ma\u00efga et Guy Delbrel\"},{\"@type\":\"BreadcrumbList\",\"@id\":\"https:\/\/www.africa-press.net\/cotedivoire\/dossiers\/ouattara-gbagbo-la-discrete-mediation-de-soumeylou-boubeye-maiga-et-guy-delbrel#breadcrumb\",\"itemListElement\":[{\"@type\":\"ListItem\",\"position\":1,\"name\":\"Accueil\",\"item\":\"https:\/\/www.africa-press.net\/cotedivoire\/\"},{\"@type\":\"ListItem\",\"position\":2,\"name\":\"Ouattara-Gbagbo : la discr\u00e8te m\u00e9diation de Soumeylou\u00a0Boubeye\u00a0Ma\u00efga et Guy Delbrel\"}]},{\"@type\":\"WebSite\",\"@id\":\"https:\/\/www.africa-press.net\/cotedivoire\/#website\",\"url\":\"https:\/\/www.africa-press.net\/cotedivoire\/\",\"name\":\"C\u00f4te d&#039;Ivoire\",\"description\":\"Just another Africa News Agency Sites site\",\"potentialAction\":[{\"@type\":\"SearchAction\",\"target\":{\"@type\":\"EntryPoint\",\"urlTemplate\":\"https:\/\/www.africa-press.net\/cotedivoire\/?s={search_term_string}\"},\"query-input\":{\"@type\":\"PropertyValueSpecification\",\"valueRequired\":true,\"valueName\":\"search_term_string\"}}],\"inLanguage\":\"fr-FR\"},{\"@type\":\"Person\",\"@id\":\"https:\/\/www.africa-press.net\/cotedivoire\/#\/schema\/person\/2b1cf3cd81a31e3cd26889ca66d677f1\",\"name\":\"cfeditorfr\"}]}<\/script>\n<!-- \/ Yoast SEO Premium plugin. -->","yoast_head_json":{"title":"Ouattara-Gbagbo : la discr\u00e8te m\u00e9diation de Soumeylou\u00a0Boubeye\u00a0Ma\u00efga et Guy Delbrel - C\u00f4te d&#039;Ivoire","description":"Parmi les missions de bons offices men\u00e9es ces derniers mois entre le pr\u00e9sident ivoirien et son pr\u00e9d\u00e9cesseur, l\u2019une est r ...","robots":{"index":"index","follow":"follow","max-snippet":"max-snippet:-1","max-image-preview":"max-image-preview:large","max-video-preview":"max-video-preview:-1"},"canonical":"https:\/\/www.africa-press.net\/cotedivoire\/dossiers\/ouattara-gbagbo-la-discrete-mediation-de-soumeylou-boubeye-maiga-et-guy-delbrel","og_locale":"fr_FR","og_type":"article","og_title":"Ouattara-Gbagbo : la discr\u00e8te m\u00e9diation de Soumeylou\u00a0Boubeye\u00a0Ma\u00efga et Guy Delbrel","og_description":"Parmi les missions de bons offices men\u00e9es ces derniers mois entre le pr\u00e9sident ivoirien et son pr\u00e9d\u00e9cesseur, l\u2019une est r ...","og_url":"https:\/\/www.africa-press.net\/cotedivoire\/dossiers\/ouattara-gbagbo-la-discrete-mediation-de-soumeylou-boubeye-maiga-et-guy-delbrel","og_site_name":"C\u00f4te d&#039;Ivoire","article_published_time":"2021-06-22T11:07:50+00:00","article_modified_time":"2021-06-22T19:29:59+00:00","og_image":[{"width":720,"height":360,"url":"https:\/\/static.africa-press.net\/cote\/sites\/43\/2021\/06\/img-60d1c25de800b.jpg","type":"image\/jpeg"}],"author":"cfeditorfr","twitter_card":"summary_large_image","twitter_misc":{"\u00c9crit par":"cfeditorfr","Dur\u00e9e de lecture estim\u00e9e":"1 minute"},"schema":{"@context":"https:\/\/schema.org","@graph":[{"@type":"Article","@id":"https:\/\/www.africa-press.net\/cotedivoire\/dossiers\/ouattara-gbagbo-la-discrete-mediation-de-soumeylou-boubeye-maiga-et-guy-delbrel#article","isPartOf":{"@id":"https:\/\/www.africa-press.net\/cotedivoire\/dossiers\/ouattara-gbagbo-la-discrete-mediation-de-soumeylou-boubeye-maiga-et-guy-delbrel"},"author":{"name":"cfeditorfr","@id":"https:\/\/www.africa-press.net\/cotedivoire\/#\/schema\/person\/2b1cf3cd81a31e3cd26889ca66d677f1"},"headline":"Ouattara-Gbagbo : la discr\u00e8te m\u00e9diation de Soumeylou\u00a0Boubeye\u00a0Ma\u00efga et Guy Delbrel","datePublished":"2021-06-22T11:07:50+00:00","dateModified":"2021-06-22T19:29:59+00:00","mainEntityOfPage":{"@id":"https:\/\/www.africa-press.net\/cotedivoire\/dossiers\/ouattara-gbagbo-la-discrete-mediation-de-soumeylou-boubeye-maiga-et-guy-delbrel"},"wordCount":166,"commentCount":0,"image":{"@id":"https:\/\/www.africa-press.net\/cotedivoire\/dossiers\/ouattara-gbagbo-la-discrete-mediation-de-soumeylou-boubeye-maiga-et-guy-delbrel#primaryimage"},"thumbnailUrl":"https:\/\/static.africa-press.net\/cote\/sites\/43\/2021\/06\/img-60d1c25de800b.jpg","keywords":["Africa Press","Africa Press-C\u00f4te d'Ivoire","C\u00d4TE D'IVOIRE"],"articleSection":["Dossiers","homepage-french","Top Nouvelles","Toutes les actualit\u00e9s"],"inLanguage":"fr-FR","potentialAction":[{"@type":"CommentAction","name":"Comment","target":["https:\/\/www.africa-press.net\/cotedivoire\/dossiers\/ouattara-gbagbo-la-discrete-mediation-de-soumeylou-boubeye-maiga-et-guy-delbrel#respond"]}]},{"@type":"WebPage","@id":"https:\/\/www.africa-press.net\/cotedivoire\/dossiers\/ouattara-gbagbo-la-discrete-mediation-de-soumeylou-boubeye-maiga-et-guy-delbrel","url":"https:\/\/www.africa-press.net\/cotedivoire\/dossiers\/ouattara-gbagbo-la-discrete-mediation-de-soumeylou-boubeye-maiga-et-guy-delbrel","name":"Ouattara-Gbagbo : la discr\u00e8te m\u00e9diation de Soumeylou\u00a0Boubeye\u00a0Ma\u00efga et Guy Delbrel - C\u00f4te d&#039;Ivoire","isPartOf":{"@id":"https:\/\/www.africa-press.net\/cotedivoire\/#website"},"primaryImageOfPage":{"@id":"https:\/\/www.africa-press.net\/cotedivoire\/dossiers\/ouattara-gbagbo-la-discrete-mediation-de-soumeylou-boubeye-maiga-et-guy-delbrel#primaryimage"},"image":{"@id":"https:\/\/www.africa-press.net\/cotedivoire\/dossiers\/ouattara-gbagbo-la-discrete-mediation-de-soumeylou-boubeye-maiga-et-guy-delbrel#primaryimage"},"thumbnailUrl":"https:\/\/static.africa-press.net\/cote\/sites\/43\/2021\/06\/img-60d1c25de800b.jpg","datePublished":"2021-06-22T11:07:50+00:00","dateModified":"2021-06-22T19:29:59+00:00","author":{"@id":"https:\/\/www.africa-press.net\/cotedivoire\/#\/schema\/person\/2b1cf3cd81a31e3cd26889ca66d677f1"},"description":"Parmi les missions de bons offices men\u00e9es ces derniers mois entre le pr\u00e9sident ivoirien et son pr\u00e9d\u00e9cesseur, l\u2019une est r ...","breadcrumb":{"@id":"https:\/\/www.africa-press.net\/cotedivoire\/dossiers\/ouattara-gbagbo-la-discrete-mediation-de-soumeylou-boubeye-maiga-et-guy-delbrel#breadcrumb"},"inLanguage":"fr-FR","potentialAction":[{"@type":"ReadAction","target":["https:\/\/www.africa-press.net\/cotedivoire\/dossiers\/ouattara-gbagbo-la-discrete-mediation-de-soumeylou-boubeye-maiga-et-guy-delbrel"]}]},{"@type":"ImageObject","inLanguage":"fr-FR","@id":"https:\/\/www.africa-press.net\/cotedivoire\/dossiers\/ouattara-gbagbo-la-discrete-mediation-de-soumeylou-boubeye-maiga-et-guy-delbrel#primaryimage","url":"https:\/\/static.africa-press.net\/cote\/sites\/43\/2021\/06\/img-60d1c25de800b.jpg","contentUrl":"https:\/\/static.africa-press.net\/cote\/sites\/43\/2021\/06\/img-60d1c25de800b.jpg","width":720,"height":360,"caption":"Ouattara-Gbagbo : la discr\u00e8te m\u00e9diation de Soumeylou\u00a0Boubeye\u00a0Ma\u00efga et Guy Delbrel"},{"@type":"BreadcrumbList","@id":"https:\/\/www.africa-press.net\/cotedivoire\/dossiers\/ouattara-gbagbo-la-discrete-mediation-de-soumeylou-boubeye-maiga-et-guy-delbrel#breadcrumb","itemListElement":[{"@type":"ListItem","position":1,"name":"Accueil","item":"https:\/\/www.africa-press.net\/cotedivoire\/"},{"@type":"ListItem","position":2,"name":"Ouattara-Gbagbo : la discr\u00e8te m\u00e9diation de Soumeylou\u00a0Boubeye\u00a0Ma\u00efga et Guy Delbrel"}]},{"@type":"WebSite","@id":"https:\/\/www.africa-press.net\/cotedivoire\/#website","url":"https:\/\/www.africa-press.net\/cotedivoire\/","name":"C\u00f4te d&#039;Ivoire","description":"Just another Africa News Agency Sites site","potentialAction":[{"@type":"SearchAction","target":{"@type":"EntryPoint","urlTemplate":"https:\/\/www.africa-press.net\/cotedivoire\/?s={search_term_string}"},"query-input":{"@type":"PropertyValueSpecification","valueRequired":true,"valueName":"search_term_string"}}],"inLanguage":"fr-FR"},{"@type":"Person","@id":"https:\/\/www.africa-press.net\/cotedivoire\/#\/schema\/person\/2b1cf3cd81a31e3cd26889ca66d677f1","name":"cfeditorfr"}]}},"_links":{"self":[{"href":"https:\/\/www.africa-press.net\/cotedivoire\/wp-json\/wp\/v2\/posts\/9286","targetHints":{"allow":["GET"]}}],"collection":[{"href":"https:\/\/www.africa-press.net\/cotedivoire\/wp-json\/wp\/v2\/posts"}],"about":[{"href":"https:\/\/www.africa-press.net\/cotedivoire\/wp-json\/wp\/v2\/types\/post"}],"author":[{"embeddable":true,"href":"https:\/\/www.africa-press.net\/cotedivoire\/wp-json\/wp\/v2\/users\/82"}],"replies":[{"embeddable":true,"href":"https:\/\/www.africa-press.net\/cotedivoire\/wp-json\/wp\/v2\/comments?post=9286"}],"version-history":[{"count":0,"href":"https:\/\/www.africa-press.net\/cotedivoire\/wp-json\/wp\/v2\/posts\/9286\/revisions"}],"wp:featuredmedia":[{"embeddable":true,"href":"https:\/\/www.africa-press.net\/cotedivoire\/wp-json\/wp\/v2\/media\/9285"}],"wp:attachment":[{"href":"https:\/\/www.africa-press.net\/cotedivoire\/wp-json\/wp\/v2\/media?parent=9286"}],"wp:term":[{"taxonomy":"category","embeddable":true,"href":"https:\/\/www.africa-press.net\/cotedivoire\/wp-json\/wp\/v2\/categories?post=9286"},{"taxonomy":"post_tag","embeddable":true,"href":"https:\/\/www.africa-press.net\/cotedivoire\/wp-json\/wp\/v2\/tags?post=9286"}],"curies":[{"name":"wp","href":"https:\/\/api.w.org\/{rel}","templated":true}]}}