{"id":9289,"date":"2021-06-22T11:18:28","date_gmt":"2021-06-22T11:18:28","guid":{"rendered":"https:\/\/www.africa-press.net\/cotedivoire\/?p=9289"},"modified":"2021-06-22T19:30:12","modified_gmt":"2021-06-22T19:30:12","slug":"13-dossiers-de-candidatures-retenus-pour-les-elections-partielles-des-senateurs-en-cote-divoire","status":"publish","type":"post","link":"https:\/\/www.africa-press.net\/cotedivoire\/politique\/13-dossiers-de-candidatures-retenus-pour-les-elections-partielles-des-senateurs-en-cote-divoire","title":{"rendered":"13 dossiers de candidatures retenus pour les \u00e9lections partielles des s\u00e9nateurs en C\u00f4te-d\u2019Ivoire"},"content":{"rendered":"<p><span style=\"color: #ff6600\"><strong><a href=\"https:\/\/www.africa-press.net\/\">Africa-Press<\/a> &#8211; <a href=\"https:\/\/www.africa-press.net\/cotedivoire\">C\u00f4te d&rsquo;Ivoire<\/a>.\u00a0 <\/strong><\/span>En C\u00f4te d\u2019Ivoire, ce sont au total 13 dossiers de candidatures qui ont \u00e9t\u00e9 retenus sur les 13 re\u00e7us pour les \u00e9lections partielles des s\u00e9nateurs pr\u00e9vues se tenir le 31 juillet dans cinq circonscriptions \u00e9lectorales, a annonc\u00e9 lundi la Commission \u00e9lectorale ind\u00e9pendante (CEI), dans un communiqu\u00e9.<\/p>\n<p>La Commission d\u00e9clare avoir re\u00e7u du jeudi 10 au samedi 19 juin 2021, \u00e0 12 heures 00, 13 dossiers de candidatures correspondant \u00e0 13 candidatures pour les cinq circonscriptions \u00e9lectorales o\u00f9 auront lieu lesdites \u00e9lections partielles.<\/p>\n<p>Ces \u00e9lections partielles visent \u00e0 \u00ab pourvoir \u00e0 la vacance des postes de s\u00e9nateurs, cons\u00e9cutive au d\u00e9c\u00e8s des s\u00e9nateurs \u00e9lus dans les r\u00e9gions des Grands-ponts et du Kabadougou, et de la d\u00e9mission de ceux des r\u00e9gions du Bounkani, Gontougo et de la Nawa \u00bb, selon la CEI.<\/p>\n<p>Le s\u00e9nat ivoirien est compos\u00e9 de 99 membres, soit 33 nomm\u00e9s par le pr\u00e9sident de la R\u00e9publique et 66 \u00e9lus.<\/p>\n<p>&nbsp;<\/p>\n","protected":false},"excerpt":{"rendered":"<p>Africa-Press &#8211; C\u00f4te d&rsquo;Ivoire.\u00a0 En C\u00f4te d\u2019Ivoire, ce sont au total 13 dossiers de candidatures qui ont \u00e9t\u00e9 retenus sur les 13 re\u00e7us pour les \u00e9lections partielles des s\u00e9nateurs pr\u00e9vues se tenir le 31 juillet dans cinq circonscriptions \u00e9lectorales, a annonc\u00e9 lundi la Commission \u00e9lectorale ind\u00e9pendante (CEI), dans un communiqu\u00e9. La Commission d\u00e9clare avoir re\u00e7u [&hellip;]<\/p>\n","protected":false},"author":82,"featured_media":9288,"comment_status":"open","ping_status":"closed","sticky":false,"template":"","format":"standard","meta":{"footnotes":""},"categories":[11,2,10],"tags":[56,63,29],"class_list":["post-9289","post","type-post","status-publish","format-standard","has-post-thumbnail","hentry","category-homepage-french","category-politique","category-toutes-les-actualites","tag-africa-press","tag-africa-press-cote-divoire","tag-cote-divoire"],"yoast_head":"<!-- This site is optimized with the Yoast SEO Premium plugin v26.1 (Yoast SEO v27.0) - https:\/\/yoast.com\/product\/yoast-seo-premium-wordpress\/ -->\n<title>13 dossiers de candidatures retenus pour les \u00e9lections partielles des s\u00e9nateurs en C\u00f4te-d\u2019Ivoire - C\u00f4te d&#039;Ivoire<\/title>\n<meta name=\"description\" content=\"Jocelyne LIADE En C\u00f4te d\u2019Ivoire, ce sont au total 13 dossiers de candidatures qui ont \u00e9t\u00e9 retenus sur les 13 re\u00e7us pour ...\" \/>\n<meta name=\"robots\" content=\"index, follow, max-snippet:-1, max-image-preview:large, max-video-preview:-1\" \/>\n<link rel=\"canonical\" href=\"https:\/\/www.africa-press.net\/cotedivoire\/politique\/13-dossiers-de-candidatures-retenus-pour-les-elections-partielles-des-senateurs-en-cote-divoire\" \/>\n<meta property=\"og:locale\" content=\"fr_FR\" \/>\n<meta property=\"og:type\" content=\"article\" \/>\n<meta property=\"og:title\" content=\"13 dossiers de candidatures retenus pour les \u00e9lections partielles des s\u00e9nateurs en C\u00f4te-d\u2019Ivoire\" \/>\n<meta property=\"og:description\" content=\"Jocelyne LIADE En C\u00f4te d\u2019Ivoire, ce sont au total 13 dossiers de candidatures qui ont \u00e9t\u00e9 retenus sur les 13 re\u00e7us pour ...\" \/>\n<meta property=\"og:url\" content=\"https:\/\/www.africa-press.net\/cotedivoire\/politique\/13-dossiers-de-candidatures-retenus-pour-les-elections-partielles-des-senateurs-en-cote-divoire\" \/>\n<meta property=\"og:site_name\" content=\"C\u00f4te d&#039;Ivoire\" \/>\n<meta property=\"article:published_time\" content=\"2021-06-22T11:18:28+00:00\" \/>\n<meta property=\"article:modified_time\" content=\"2021-06-22T19:30:12+00:00\" \/>\n<meta property=\"og:image\" content=\"https:\/\/static.africa-press.net\/cote\/sites\/43\/2021\/06\/img-60d1c28433731.jpg\" \/>\n\t<meta property=\"og:image:width\" content=\"720\" \/>\n\t<meta property=\"og:image:height\" content=\"360\" \/>\n\t<meta property=\"og:image:type\" content=\"image\/jpeg\" \/>\n<meta name=\"author\" content=\"cfeditorfr\" \/>\n<meta name=\"twitter:card\" content=\"summary_large_image\" \/>\n<meta name=\"twitter:label1\" content=\"\u00c9crit par\" \/>\n\t<meta name=\"twitter:data1\" content=\"cfeditorfr\" \/>\n\t<meta name=\"twitter:label2\" content=\"Dur\u00e9e de lecture estim\u00e9e\" \/>\n\t<meta name=\"twitter:data2\" content=\"1 minute\" \/>\n<script type=\"application\/ld+json\" class=\"yoast-schema-graph\">{\"@context\":\"https:\/\/schema.org\",\"@graph\":[{\"@type\":\"Article\",\"@id\":\"https:\/\/www.africa-press.net\/cotedivoire\/politique\/13-dossiers-de-candidatures-retenus-pour-les-elections-partielles-des-senateurs-en-cote-divoire#article\",\"isPartOf\":{\"@id\":\"https:\/\/www.africa-press.net\/cotedivoire\/politique\/13-dossiers-de-candidatures-retenus-pour-les-elections-partielles-des-senateurs-en-cote-divoire\"},\"author\":{\"name\":\"cfeditorfr\",\"@id\":\"https:\/\/www.africa-press.net\/cotedivoire\/#\/schema\/person\/2b1cf3cd81a31e3cd26889ca66d677f1\"},\"headline\":\"13 dossiers de candidatures retenus pour les \u00e9lections partielles des s\u00e9nateurs en C\u00f4te-d\u2019Ivoire\",\"datePublished\":\"2021-06-22T11:18:28+00:00\",\"dateModified\":\"2021-06-22T19:30:12+00:00\",\"mainEntityOfPage\":{\"@id\":\"https:\/\/www.africa-press.net\/cotedivoire\/politique\/13-dossiers-de-candidatures-retenus-pour-les-elections-partielles-des-senateurs-en-cote-divoire\"},\"wordCount\":172,\"commentCount\":0,\"image\":{\"@id\":\"https:\/\/www.africa-press.net\/cotedivoire\/politique\/13-dossiers-de-candidatures-retenus-pour-les-elections-partielles-des-senateurs-en-cote-divoire#primaryimage\"},\"thumbnailUrl\":\"https:\/\/static.africa-press.net\/cote\/sites\/43\/2021\/06\/img-60d1c28433731.jpg\",\"keywords\":[\"Africa Press\",\"Africa Press-C\u00f4te d'Ivoire\",\"C\u00d4TE D'IVOIRE\"],\"articleSection\":[\"homepage-french\",\"Politique\",\"Toutes les actualit\u00e9s\"],\"inLanguage\":\"fr-FR\",\"potentialAction\":[{\"@type\":\"CommentAction\",\"name\":\"Comment\",\"target\":[\"https:\/\/www.africa-press.net\/cotedivoire\/politique\/13-dossiers-de-candidatures-retenus-pour-les-elections-partielles-des-senateurs-en-cote-divoire#respond\"]}]},{\"@type\":\"WebPage\",\"@id\":\"https:\/\/www.africa-press.net\/cotedivoire\/politique\/13-dossiers-de-candidatures-retenus-pour-les-elections-partielles-des-senateurs-en-cote-divoire\",\"url\":\"https:\/\/www.africa-press.net\/cotedivoire\/politique\/13-dossiers-de-candidatures-retenus-pour-les-elections-partielles-des-senateurs-en-cote-divoire\",\"name\":\"13 dossiers de candidatures retenus pour les \u00e9lections partielles des s\u00e9nateurs en C\u00f4te-d\u2019Ivoire - C\u00f4te d&#039;Ivoire\",\"isPartOf\":{\"@id\":\"https:\/\/www.africa-press.net\/cotedivoire\/#website\"},\"primaryImageOfPage\":{\"@id\":\"https:\/\/www.africa-press.net\/cotedivoire\/politique\/13-dossiers-de-candidatures-retenus-pour-les-elections-partielles-des-senateurs-en-cote-divoire#primaryimage\"},\"image\":{\"@id\":\"https:\/\/www.africa-press.net\/cotedivoire\/politique\/13-dossiers-de-candidatures-retenus-pour-les-elections-partielles-des-senateurs-en-cote-divoire#primaryimage\"},\"thumbnailUrl\":\"https:\/\/static.africa-press.net\/cote\/sites\/43\/2021\/06\/img-60d1c28433731.jpg\",\"datePublished\":\"2021-06-22T11:18:28+00:00\",\"dateModified\":\"2021-06-22T19:30:12+00:00\",\"author\":{\"@id\":\"https:\/\/www.africa-press.net\/cotedivoire\/#\/schema\/person\/2b1cf3cd81a31e3cd26889ca66d677f1\"},\"description\":\"Jocelyne LIADE En C\u00f4te d\u2019Ivoire, ce sont au total 13 dossiers de candidatures qui ont \u00e9t\u00e9 retenus sur les 13 re\u00e7us pour ...\",\"breadcrumb\":{\"@id\":\"https:\/\/www.africa-press.net\/cotedivoire\/politique\/13-dossiers-de-candidatures-retenus-pour-les-elections-partielles-des-senateurs-en-cote-divoire#breadcrumb\"},\"inLanguage\":\"fr-FR\",\"potentialAction\":[{\"@type\":\"ReadAction\",\"target\":[\"https:\/\/www.africa-press.net\/cotedivoire\/politique\/13-dossiers-de-candidatures-retenus-pour-les-elections-partielles-des-senateurs-en-cote-divoire\"]}]},{\"@type\":\"ImageObject\",\"inLanguage\":\"fr-FR\",\"@id\":\"https:\/\/www.africa-press.net\/cotedivoire\/politique\/13-dossiers-de-candidatures-retenus-pour-les-elections-partielles-des-senateurs-en-cote-divoire#primaryimage\",\"url\":\"https:\/\/static.africa-press.net\/cote\/sites\/43\/2021\/06\/img-60d1c28433731.jpg\",\"contentUrl\":\"https:\/\/static.africa-press.net\/cote\/sites\/43\/2021\/06\/img-60d1c28433731.jpg\",\"width\":720,\"height\":360,\"caption\":\"13 dossiers de candidatures retenus pour les \u00e9lections partielles des s\u00e9nateurs en C\u00f4te-d\u2019Ivoire\"},{\"@type\":\"BreadcrumbList\",\"@id\":\"https:\/\/www.africa-press.net\/cotedivoire\/politique\/13-dossiers-de-candidatures-retenus-pour-les-elections-partielles-des-senateurs-en-cote-divoire#breadcrumb\",\"itemListElement\":[{\"@type\":\"ListItem\",\"position\":1,\"name\":\"Accueil\",\"item\":\"https:\/\/www.africa-press.net\/cotedivoire\/\"},{\"@type\":\"ListItem\",\"position\":2,\"name\":\"13 dossiers de candidatures retenus pour les \u00e9lections partielles des s\u00e9nateurs en C\u00f4te-d\u2019Ivoire\"}]},{\"@type\":\"WebSite\",\"@id\":\"https:\/\/www.africa-press.net\/cotedivoire\/#website\",\"url\":\"https:\/\/www.africa-press.net\/cotedivoire\/\",\"name\":\"C\u00f4te d&#039;Ivoire\",\"description\":\"Just another Africa News Agency Sites site\",\"potentialAction\":[{\"@type\":\"SearchAction\",\"target\":{\"@type\":\"EntryPoint\",\"urlTemplate\":\"https:\/\/www.africa-press.net\/cotedivoire\/?s={search_term_string}\"},\"query-input\":{\"@type\":\"PropertyValueSpecification\",\"valueRequired\":true,\"valueName\":\"search_term_string\"}}],\"inLanguage\":\"fr-FR\"},{\"@type\":\"Person\",\"@id\":\"https:\/\/www.africa-press.net\/cotedivoire\/#\/schema\/person\/2b1cf3cd81a31e3cd26889ca66d677f1\",\"name\":\"cfeditorfr\"}]}<\/script>\n<!-- \/ Yoast SEO Premium plugin. -->","yoast_head_json":{"title":"13 dossiers de candidatures retenus pour les \u00e9lections partielles des s\u00e9nateurs en C\u00f4te-d\u2019Ivoire - C\u00f4te d&#039;Ivoire","description":"Jocelyne LIADE En C\u00f4te d\u2019Ivoire, ce sont au total 13 dossiers de candidatures qui ont \u00e9t\u00e9 retenus sur les 13 re\u00e7us pour ...","robots":{"index":"index","follow":"follow","max-snippet":"max-snippet:-1","max-image-preview":"max-image-preview:large","max-video-preview":"max-video-preview:-1"},"canonical":"https:\/\/www.africa-press.net\/cotedivoire\/politique\/13-dossiers-de-candidatures-retenus-pour-les-elections-partielles-des-senateurs-en-cote-divoire","og_locale":"fr_FR","og_type":"article","og_title":"13 dossiers de candidatures retenus pour les \u00e9lections partielles des s\u00e9nateurs en C\u00f4te-d\u2019Ivoire","og_description":"Jocelyne LIADE En C\u00f4te d\u2019Ivoire, ce sont au total 13 dossiers de candidatures qui ont \u00e9t\u00e9 retenus sur les 13 re\u00e7us pour ...","og_url":"https:\/\/www.africa-press.net\/cotedivoire\/politique\/13-dossiers-de-candidatures-retenus-pour-les-elections-partielles-des-senateurs-en-cote-divoire","og_site_name":"C\u00f4te d&#039;Ivoire","article_published_time":"2021-06-22T11:18:28+00:00","article_modified_time":"2021-06-22T19:30:12+00:00","og_image":[{"width":720,"height":360,"url":"https:\/\/static.africa-press.net\/cote\/sites\/43\/2021\/06\/img-60d1c28433731.jpg","type":"image\/jpeg"}],"author":"cfeditorfr","twitter_card":"summary_large_image","twitter_misc":{"\u00c9crit par":"cfeditorfr","Dur\u00e9e de lecture estim\u00e9e":"1 minute"},"schema":{"@context":"https:\/\/schema.org","@graph":[{"@type":"Article","@id":"https:\/\/www.africa-press.net\/cotedivoire\/politique\/13-dossiers-de-candidatures-retenus-pour-les-elections-partielles-des-senateurs-en-cote-divoire#article","isPartOf":{"@id":"https:\/\/www.africa-press.net\/cotedivoire\/politique\/13-dossiers-de-candidatures-retenus-pour-les-elections-partielles-des-senateurs-en-cote-divoire"},"author":{"name":"cfeditorfr","@id":"https:\/\/www.africa-press.net\/cotedivoire\/#\/schema\/person\/2b1cf3cd81a31e3cd26889ca66d677f1"},"headline":"13 dossiers de candidatures retenus pour les \u00e9lections partielles des s\u00e9nateurs en C\u00f4te-d\u2019Ivoire","datePublished":"2021-06-22T11:18:28+00:00","dateModified":"2021-06-22T19:30:12+00:00","mainEntityOfPage":{"@id":"https:\/\/www.africa-press.net\/cotedivoire\/politique\/13-dossiers-de-candidatures-retenus-pour-les-elections-partielles-des-senateurs-en-cote-divoire"},"wordCount":172,"commentCount":0,"image":{"@id":"https:\/\/www.africa-press.net\/cotedivoire\/politique\/13-dossiers-de-candidatures-retenus-pour-les-elections-partielles-des-senateurs-en-cote-divoire#primaryimage"},"thumbnailUrl":"https:\/\/static.africa-press.net\/cote\/sites\/43\/2021\/06\/img-60d1c28433731.jpg","keywords":["Africa Press","Africa Press-C\u00f4te d'Ivoire","C\u00d4TE D'IVOIRE"],"articleSection":["homepage-french","Politique","Toutes les actualit\u00e9s"],"inLanguage":"fr-FR","potentialAction":[{"@type":"CommentAction","name":"Comment","target":["https:\/\/www.africa-press.net\/cotedivoire\/politique\/13-dossiers-de-candidatures-retenus-pour-les-elections-partielles-des-senateurs-en-cote-divoire#respond"]}]},{"@type":"WebPage","@id":"https:\/\/www.africa-press.net\/cotedivoire\/politique\/13-dossiers-de-candidatures-retenus-pour-les-elections-partielles-des-senateurs-en-cote-divoire","url":"https:\/\/www.africa-press.net\/cotedivoire\/politique\/13-dossiers-de-candidatures-retenus-pour-les-elections-partielles-des-senateurs-en-cote-divoire","name":"13 dossiers de candidatures retenus pour les \u00e9lections partielles des s\u00e9nateurs en C\u00f4te-d\u2019Ivoire - C\u00f4te d&#039;Ivoire","isPartOf":{"@id":"https:\/\/www.africa-press.net\/cotedivoire\/#website"},"primaryImageOfPage":{"@id":"https:\/\/www.africa-press.net\/cotedivoire\/politique\/13-dossiers-de-candidatures-retenus-pour-les-elections-partielles-des-senateurs-en-cote-divoire#primaryimage"},"image":{"@id":"https:\/\/www.africa-press.net\/cotedivoire\/politique\/13-dossiers-de-candidatures-retenus-pour-les-elections-partielles-des-senateurs-en-cote-divoire#primaryimage"},"thumbnailUrl":"https:\/\/static.africa-press.net\/cote\/sites\/43\/2021\/06\/img-60d1c28433731.jpg","datePublished":"2021-06-22T11:18:28+00:00","dateModified":"2021-06-22T19:30:12+00:00","author":{"@id":"https:\/\/www.africa-press.net\/cotedivoire\/#\/schema\/person\/2b1cf3cd81a31e3cd26889ca66d677f1"},"description":"Jocelyne LIADE En C\u00f4te d\u2019Ivoire, ce sont au total 13 dossiers de candidatures qui ont \u00e9t\u00e9 retenus sur les 13 re\u00e7us pour ...","breadcrumb":{"@id":"https:\/\/www.africa-press.net\/cotedivoire\/politique\/13-dossiers-de-candidatures-retenus-pour-les-elections-partielles-des-senateurs-en-cote-divoire#breadcrumb"},"inLanguage":"fr-FR","potentialAction":[{"@type":"ReadAction","target":["https:\/\/www.africa-press.net\/cotedivoire\/politique\/13-dossiers-de-candidatures-retenus-pour-les-elections-partielles-des-senateurs-en-cote-divoire"]}]},{"@type":"ImageObject","inLanguage":"fr-FR","@id":"https:\/\/www.africa-press.net\/cotedivoire\/politique\/13-dossiers-de-candidatures-retenus-pour-les-elections-partielles-des-senateurs-en-cote-divoire#primaryimage","url":"https:\/\/static.africa-press.net\/cote\/sites\/43\/2021\/06\/img-60d1c28433731.jpg","contentUrl":"https:\/\/static.africa-press.net\/cote\/sites\/43\/2021\/06\/img-60d1c28433731.jpg","width":720,"height":360,"caption":"13 dossiers de candidatures retenus pour les \u00e9lections partielles des s\u00e9nateurs en C\u00f4te-d\u2019Ivoire"},{"@type":"BreadcrumbList","@id":"https:\/\/www.africa-press.net\/cotedivoire\/politique\/13-dossiers-de-candidatures-retenus-pour-les-elections-partielles-des-senateurs-en-cote-divoire#breadcrumb","itemListElement":[{"@type":"ListItem","position":1,"name":"Accueil","item":"https:\/\/www.africa-press.net\/cotedivoire\/"},{"@type":"ListItem","position":2,"name":"13 dossiers de candidatures retenus pour les \u00e9lections partielles des s\u00e9nateurs en C\u00f4te-d\u2019Ivoire"}]},{"@type":"WebSite","@id":"https:\/\/www.africa-press.net\/cotedivoire\/#website","url":"https:\/\/www.africa-press.net\/cotedivoire\/","name":"C\u00f4te d&#039;Ivoire","description":"Just another Africa News Agency Sites site","potentialAction":[{"@type":"SearchAction","target":{"@type":"EntryPoint","urlTemplate":"https:\/\/www.africa-press.net\/cotedivoire\/?s={search_term_string}"},"query-input":{"@type":"PropertyValueSpecification","valueRequired":true,"valueName":"search_term_string"}}],"inLanguage":"fr-FR"},{"@type":"Person","@id":"https:\/\/www.africa-press.net\/cotedivoire\/#\/schema\/person\/2b1cf3cd81a31e3cd26889ca66d677f1","name":"cfeditorfr"}]}},"_links":{"self":[{"href":"https:\/\/www.africa-press.net\/cotedivoire\/wp-json\/wp\/v2\/posts\/9289","targetHints":{"allow":["GET"]}}],"collection":[{"href":"https:\/\/www.africa-press.net\/cotedivoire\/wp-json\/wp\/v2\/posts"}],"about":[{"href":"https:\/\/www.africa-press.net\/cotedivoire\/wp-json\/wp\/v2\/types\/post"}],"author":[{"embeddable":true,"href":"https:\/\/www.africa-press.net\/cotedivoire\/wp-json\/wp\/v2\/users\/82"}],"replies":[{"embeddable":true,"href":"https:\/\/www.africa-press.net\/cotedivoire\/wp-json\/wp\/v2\/comments?post=9289"}],"version-history":[{"count":0,"href":"https:\/\/www.africa-press.net\/cotedivoire\/wp-json\/wp\/v2\/posts\/9289\/revisions"}],"wp:featuredmedia":[{"embeddable":true,"href":"https:\/\/www.africa-press.net\/cotedivoire\/wp-json\/wp\/v2\/media\/9288"}],"wp:attachment":[{"href":"https:\/\/www.africa-press.net\/cotedivoire\/wp-json\/wp\/v2\/media?parent=9289"}],"wp:term":[{"taxonomy":"category","embeddable":true,"href":"https:\/\/www.africa-press.net\/cotedivoire\/wp-json\/wp\/v2\/categories?post=9289"},{"taxonomy":"post_tag","embeddable":true,"href":"https:\/\/www.africa-press.net\/cotedivoire\/wp-json\/wp\/v2\/tags?post=9289"}],"curies":[{"name":"wp","href":"https:\/\/api.w.org\/{rel}","templated":true}]}}