{"id":9292,"date":"2021-06-22T11:24:06","date_gmt":"2021-06-22T11:24:06","guid":{"rendered":"https:\/\/www.africa-press.net\/cotedivoire\/?p=9292"},"modified":"2021-06-22T19:30:22","modified_gmt":"2021-06-22T19:30:22","slug":"cedeao-une-hausse-du-pib-de-35-projetee-en-2021","status":"publish","type":"post","link":"https:\/\/www.africa-press.net\/cotedivoire\/economie\/cedeao-une-hausse-du-pib-de-35-projetee-en-2021","title":{"rendered":"Cedeao: Une hausse du PIB de 3,5% projet\u00e9e en 2021"},"content":{"rendered":"<p><span style=\"color: #ff6600\"><strong><a href=\"https:\/\/www.africa-press.net\/\">Africa-Press<\/a> &#8211; <a href=\"https:\/\/www.africa-press.net\/cotedivoire\">C\u00f4te d&rsquo;Ivoire<\/a>. <\/strong><\/span>\u00c9changes entre le pr\u00e9sident ghan\u00e9en Nana Akufo-Addo et ses homologues Muhamadu Buhari du Nigeria et Alassane Ouattara de C\u00f4te d\u2019Ivoire, le 19 juin 2021 \u00e0 Accra. Leurs trois pays sont les premi\u00e8res \u00e9conomies de la r\u00e9gion.<\/p>\n<p>La CEDEAO, communaut\u00e9 de 15 Etats ouest-africains dont le Nigeria, la C\u00f4te d\u2019Ivoire et le Ghana, projette une reprise \u00e9conomique en 2021 avec une hausse du PIB projet\u00e9e 3,5%. Annonce faite ce week-end par les chefs d\u2019Etats de la r\u00e9gion qui s\u2019\u00e9taient r\u00e9unis \u00e0 Accra (Ghana).<\/p>\n<p>\u00ab Apr\u00e8s une croissance n\u00e9gative de 0,8% en 2020 li\u00e9e aux effets n\u00e9gatifs de la Covid-19, la Conf\u00e9rence des chefs d\u2019Etat se f\u00e9licite de la reprise annonc\u00e9e en 2021 avec une hausse du PIB projet\u00e9e 3,5% en 2021. Elle exhorte les Etats membres \u00e0 acc\u00e9l\u00e9rer la mise en \u0153uvre des programmes et projets de relance \u00e9conomiques pour soutenir la reprise en cours \u00bb, indique le communiqu\u00e9 final de la rencontre.<\/p>\n<p>\u00ab La Conf\u00e9rence note la n\u00e9cessit\u00e9 de mettre en \u0153uvre un plan de financement important pour les \u00e9conomies de la R\u00e9gion afin de soutenir la relance. Dans ce sens, elle se f\u00e9licite des diff\u00e9rentes initiatives en cours, notamment le Sommet de Paris pour le financement des \u00e9conomies africaines, ainsi que les initiatives du G20 relatives \u00e0 la restructuration des dettes des pays en d\u00e9veloppement \u00bb, poursuit le document.<\/p>\n<p>En 2019, la croissance \u00e9conomique dans la r\u00e9gion a atteint 3,3% avant l\u2019av\u00e8nement de la pand\u00e9mie.<\/p>\n<p>&nbsp;<\/p>\n","protected":false},"excerpt":{"rendered":"<p>Africa-Press &#8211; C\u00f4te d&rsquo;Ivoire. \u00c9changes entre le pr\u00e9sident ghan\u00e9en Nana Akufo-Addo et ses homologues Muhamadu Buhari du Nigeria et Alassane Ouattara de C\u00f4te d\u2019Ivoire, le 19 juin 2021 \u00e0 Accra. Leurs trois pays sont les premi\u00e8res \u00e9conomies de la r\u00e9gion. La CEDEAO, communaut\u00e9 de 15 Etats ouest-africains dont le Nigeria, la C\u00f4te d\u2019Ivoire et le [&hellip;]<\/p>\n","protected":false},"author":82,"featured_media":9291,"comment_status":"open","ping_status":"closed","sticky":false,"template":"","format":"standard","meta":{"footnotes":""},"categories":[3,11,10],"tags":[56,63,29],"class_list":["post-9292","post","type-post","status-publish","format-standard","has-post-thumbnail","hentry","category-economie","category-homepage-french","category-toutes-les-actualites","tag-africa-press","tag-africa-press-cote-divoire","tag-cote-divoire"],"yoast_head":"<!-- This site is optimized with the Yoast SEO Premium plugin v26.1 (Yoast SEO v27.0) - https:\/\/yoast.com\/product\/yoast-seo-premium-wordpress\/ -->\n<title>Cedeao: Une hausse du PIB de 3,5% projet\u00e9e en 2021 - C\u00f4te d&#039;Ivoire<\/title>\n<meta name=\"description\" content=\"\u00c9changes entre le pr\u00e9sident ghan\u00e9en Nana Akufo-Addo et ses homologues Muhamadu Buhari du Nigeria et Alassane Ouattara de ...\" \/>\n<meta name=\"robots\" content=\"index, follow, max-snippet:-1, max-image-preview:large, max-video-preview:-1\" \/>\n<link rel=\"canonical\" href=\"https:\/\/www.africa-press.net\/cotedivoire\/economie\/cedeao-une-hausse-du-pib-de-35-projetee-en-2021\" \/>\n<meta property=\"og:locale\" content=\"fr_FR\" \/>\n<meta property=\"og:type\" content=\"article\" \/>\n<meta property=\"og:title\" content=\"Cedeao: Une hausse du PIB de 3,5% projet\u00e9e en 2021\" \/>\n<meta property=\"og:description\" content=\"\u00c9changes entre le pr\u00e9sident ghan\u00e9en Nana Akufo-Addo et ses homologues Muhamadu Buhari du Nigeria et Alassane Ouattara de ...\" \/>\n<meta property=\"og:url\" content=\"https:\/\/www.africa-press.net\/cotedivoire\/economie\/cedeao-une-hausse-du-pib-de-35-projetee-en-2021\" \/>\n<meta property=\"og:site_name\" content=\"C\u00f4te d&#039;Ivoire\" \/>\n<meta property=\"article:published_time\" content=\"2021-06-22T11:24:06+00:00\" \/>\n<meta property=\"article:modified_time\" content=\"2021-06-22T19:30:22+00:00\" \/>\n<meta property=\"og:image\" content=\"https:\/\/static.africa-press.net\/cote\/sites\/43\/2021\/06\/img-60d1c2a8c653c.jpg\" \/>\n\t<meta property=\"og:image:width\" content=\"1280\" \/>\n\t<meta property=\"og:image:height\" content=\"827\" \/>\n\t<meta property=\"og:image:type\" content=\"image\/jpeg\" \/>\n<meta name=\"author\" content=\"cfeditorfr\" \/>\n<meta name=\"twitter:card\" content=\"summary_large_image\" \/>\n<meta name=\"twitter:label1\" content=\"\u00c9crit par\" \/>\n\t<meta name=\"twitter:data1\" content=\"cfeditorfr\" \/>\n\t<meta name=\"twitter:label2\" content=\"Dur\u00e9e de lecture estim\u00e9e\" \/>\n\t<meta name=\"twitter:data2\" content=\"2 minutes\" \/>\n<script type=\"application\/ld+json\" class=\"yoast-schema-graph\">{\"@context\":\"https:\/\/schema.org\",\"@graph\":[{\"@type\":\"Article\",\"@id\":\"https:\/\/www.africa-press.net\/cotedivoire\/economie\/cedeao-une-hausse-du-pib-de-35-projetee-en-2021#article\",\"isPartOf\":{\"@id\":\"https:\/\/www.africa-press.net\/cotedivoire\/economie\/cedeao-une-hausse-du-pib-de-35-projetee-en-2021\"},\"author\":{\"name\":\"cfeditorfr\",\"@id\":\"https:\/\/www.africa-press.net\/cotedivoire\/#\/schema\/person\/2b1cf3cd81a31e3cd26889ca66d677f1\"},\"headline\":\"Cedeao: Une hausse du PIB de 3,5% projet\u00e9e en 2021\",\"datePublished\":\"2021-06-22T11:24:06+00:00\",\"dateModified\":\"2021-06-22T19:30:22+00:00\",\"mainEntityOfPage\":{\"@id\":\"https:\/\/www.africa-press.net\/cotedivoire\/economie\/cedeao-une-hausse-du-pib-de-35-projetee-en-2021\"},\"wordCount\":266,\"commentCount\":0,\"image\":{\"@id\":\"https:\/\/www.africa-press.net\/cotedivoire\/economie\/cedeao-une-hausse-du-pib-de-35-projetee-en-2021#primaryimage\"},\"thumbnailUrl\":\"https:\/\/static.africa-press.net\/cote\/sites\/43\/2021\/06\/img-60d1c2a8c653c.jpg\",\"keywords\":[\"Africa Press\",\"Africa Press-C\u00f4te d'Ivoire\",\"C\u00d4TE D'IVOIRE\"],\"articleSection\":[\"\u00c9conomie\",\"homepage-french\",\"Toutes les actualit\u00e9s\"],\"inLanguage\":\"fr-FR\",\"potentialAction\":[{\"@type\":\"CommentAction\",\"name\":\"Comment\",\"target\":[\"https:\/\/www.africa-press.net\/cotedivoire\/economie\/cedeao-une-hausse-du-pib-de-35-projetee-en-2021#respond\"]}]},{\"@type\":\"WebPage\",\"@id\":\"https:\/\/www.africa-press.net\/cotedivoire\/economie\/cedeao-une-hausse-du-pib-de-35-projetee-en-2021\",\"url\":\"https:\/\/www.africa-press.net\/cotedivoire\/economie\/cedeao-une-hausse-du-pib-de-35-projetee-en-2021\",\"name\":\"Cedeao: Une hausse du PIB de 3,5% projet\u00e9e en 2021 - C\u00f4te d&#039;Ivoire\",\"isPartOf\":{\"@id\":\"https:\/\/www.africa-press.net\/cotedivoire\/#website\"},\"primaryImageOfPage\":{\"@id\":\"https:\/\/www.africa-press.net\/cotedivoire\/economie\/cedeao-une-hausse-du-pib-de-35-projetee-en-2021#primaryimage\"},\"image\":{\"@id\":\"https:\/\/www.africa-press.net\/cotedivoire\/economie\/cedeao-une-hausse-du-pib-de-35-projetee-en-2021#primaryimage\"},\"thumbnailUrl\":\"https:\/\/static.africa-press.net\/cote\/sites\/43\/2021\/06\/img-60d1c2a8c653c.jpg\",\"datePublished\":\"2021-06-22T11:24:06+00:00\",\"dateModified\":\"2021-06-22T19:30:22+00:00\",\"author\":{\"@id\":\"https:\/\/www.africa-press.net\/cotedivoire\/#\/schema\/person\/2b1cf3cd81a31e3cd26889ca66d677f1\"},\"description\":\"\u00c9changes entre le pr\u00e9sident ghan\u00e9en Nana Akufo-Addo et ses homologues Muhamadu Buhari du Nigeria et Alassane Ouattara de ...\",\"breadcrumb\":{\"@id\":\"https:\/\/www.africa-press.net\/cotedivoire\/economie\/cedeao-une-hausse-du-pib-de-35-projetee-en-2021#breadcrumb\"},\"inLanguage\":\"fr-FR\",\"potentialAction\":[{\"@type\":\"ReadAction\",\"target\":[\"https:\/\/www.africa-press.net\/cotedivoire\/economie\/cedeao-une-hausse-du-pib-de-35-projetee-en-2021\"]}]},{\"@type\":\"ImageObject\",\"inLanguage\":\"fr-FR\",\"@id\":\"https:\/\/www.africa-press.net\/cotedivoire\/economie\/cedeao-une-hausse-du-pib-de-35-projetee-en-2021#primaryimage\",\"url\":\"https:\/\/static.africa-press.net\/cote\/sites\/43\/2021\/06\/img-60d1c2a8c653c.jpg\",\"contentUrl\":\"https:\/\/static.africa-press.net\/cote\/sites\/43\/2021\/06\/img-60d1c2a8c653c.jpg\",\"width\":1280,\"height\":827,\"caption\":\"Cedeao: Une hausse du PIB de 3,5% projet\u00e9e en 2021\"},{\"@type\":\"BreadcrumbList\",\"@id\":\"https:\/\/www.africa-press.net\/cotedivoire\/economie\/cedeao-une-hausse-du-pib-de-35-projetee-en-2021#breadcrumb\",\"itemListElement\":[{\"@type\":\"ListItem\",\"position\":1,\"name\":\"Accueil\",\"item\":\"https:\/\/www.africa-press.net\/cotedivoire\/\"},{\"@type\":\"ListItem\",\"position\":2,\"name\":\"Cedeao: Une hausse du PIB de 3,5% projet\u00e9e en 2021\"}]},{\"@type\":\"WebSite\",\"@id\":\"https:\/\/www.africa-press.net\/cotedivoire\/#website\",\"url\":\"https:\/\/www.africa-press.net\/cotedivoire\/\",\"name\":\"C\u00f4te d&#039;Ivoire\",\"description\":\"Just another Africa News Agency Sites site\",\"potentialAction\":[{\"@type\":\"SearchAction\",\"target\":{\"@type\":\"EntryPoint\",\"urlTemplate\":\"https:\/\/www.africa-press.net\/cotedivoire\/?s={search_term_string}\"},\"query-input\":{\"@type\":\"PropertyValueSpecification\",\"valueRequired\":true,\"valueName\":\"search_term_string\"}}],\"inLanguage\":\"fr-FR\"},{\"@type\":\"Person\",\"@id\":\"https:\/\/www.africa-press.net\/cotedivoire\/#\/schema\/person\/2b1cf3cd81a31e3cd26889ca66d677f1\",\"name\":\"cfeditorfr\"}]}<\/script>\n<!-- \/ Yoast SEO Premium plugin. -->","yoast_head_json":{"title":"Cedeao: Une hausse du PIB de 3,5% projet\u00e9e en 2021 - C\u00f4te d&#039;Ivoire","description":"\u00c9changes entre le pr\u00e9sident ghan\u00e9en Nana Akufo-Addo et ses homologues Muhamadu Buhari du Nigeria et Alassane Ouattara de ...","robots":{"index":"index","follow":"follow","max-snippet":"max-snippet:-1","max-image-preview":"max-image-preview:large","max-video-preview":"max-video-preview:-1"},"canonical":"https:\/\/www.africa-press.net\/cotedivoire\/economie\/cedeao-une-hausse-du-pib-de-35-projetee-en-2021","og_locale":"fr_FR","og_type":"article","og_title":"Cedeao: Une hausse du PIB de 3,5% projet\u00e9e en 2021","og_description":"\u00c9changes entre le pr\u00e9sident ghan\u00e9en Nana Akufo-Addo et ses homologues Muhamadu Buhari du Nigeria et Alassane Ouattara de ...","og_url":"https:\/\/www.africa-press.net\/cotedivoire\/economie\/cedeao-une-hausse-du-pib-de-35-projetee-en-2021","og_site_name":"C\u00f4te d&#039;Ivoire","article_published_time":"2021-06-22T11:24:06+00:00","article_modified_time":"2021-06-22T19:30:22+00:00","og_image":[{"width":1280,"height":827,"url":"https:\/\/static.africa-press.net\/cote\/sites\/43\/2021\/06\/img-60d1c2a8c653c.jpg","type":"image\/jpeg"}],"author":"cfeditorfr","twitter_card":"summary_large_image","twitter_misc":{"\u00c9crit par":"cfeditorfr","Dur\u00e9e de lecture estim\u00e9e":"2 minutes"},"schema":{"@context":"https:\/\/schema.org","@graph":[{"@type":"Article","@id":"https:\/\/www.africa-press.net\/cotedivoire\/economie\/cedeao-une-hausse-du-pib-de-35-projetee-en-2021#article","isPartOf":{"@id":"https:\/\/www.africa-press.net\/cotedivoire\/economie\/cedeao-une-hausse-du-pib-de-35-projetee-en-2021"},"author":{"name":"cfeditorfr","@id":"https:\/\/www.africa-press.net\/cotedivoire\/#\/schema\/person\/2b1cf3cd81a31e3cd26889ca66d677f1"},"headline":"Cedeao: Une hausse du PIB de 3,5% projet\u00e9e en 2021","datePublished":"2021-06-22T11:24:06+00:00","dateModified":"2021-06-22T19:30:22+00:00","mainEntityOfPage":{"@id":"https:\/\/www.africa-press.net\/cotedivoire\/economie\/cedeao-une-hausse-du-pib-de-35-projetee-en-2021"},"wordCount":266,"commentCount":0,"image":{"@id":"https:\/\/www.africa-press.net\/cotedivoire\/economie\/cedeao-une-hausse-du-pib-de-35-projetee-en-2021#primaryimage"},"thumbnailUrl":"https:\/\/static.africa-press.net\/cote\/sites\/43\/2021\/06\/img-60d1c2a8c653c.jpg","keywords":["Africa Press","Africa Press-C\u00f4te d'Ivoire","C\u00d4TE D'IVOIRE"],"articleSection":["\u00c9conomie","homepage-french","Toutes les actualit\u00e9s"],"inLanguage":"fr-FR","potentialAction":[{"@type":"CommentAction","name":"Comment","target":["https:\/\/www.africa-press.net\/cotedivoire\/economie\/cedeao-une-hausse-du-pib-de-35-projetee-en-2021#respond"]}]},{"@type":"WebPage","@id":"https:\/\/www.africa-press.net\/cotedivoire\/economie\/cedeao-une-hausse-du-pib-de-35-projetee-en-2021","url":"https:\/\/www.africa-press.net\/cotedivoire\/economie\/cedeao-une-hausse-du-pib-de-35-projetee-en-2021","name":"Cedeao: Une hausse du PIB de 3,5% projet\u00e9e en 2021 - C\u00f4te d&#039;Ivoire","isPartOf":{"@id":"https:\/\/www.africa-press.net\/cotedivoire\/#website"},"primaryImageOfPage":{"@id":"https:\/\/www.africa-press.net\/cotedivoire\/economie\/cedeao-une-hausse-du-pib-de-35-projetee-en-2021#primaryimage"},"image":{"@id":"https:\/\/www.africa-press.net\/cotedivoire\/economie\/cedeao-une-hausse-du-pib-de-35-projetee-en-2021#primaryimage"},"thumbnailUrl":"https:\/\/static.africa-press.net\/cote\/sites\/43\/2021\/06\/img-60d1c2a8c653c.jpg","datePublished":"2021-06-22T11:24:06+00:00","dateModified":"2021-06-22T19:30:22+00:00","author":{"@id":"https:\/\/www.africa-press.net\/cotedivoire\/#\/schema\/person\/2b1cf3cd81a31e3cd26889ca66d677f1"},"description":"\u00c9changes entre le pr\u00e9sident ghan\u00e9en Nana Akufo-Addo et ses homologues Muhamadu Buhari du Nigeria et Alassane Ouattara de ...","breadcrumb":{"@id":"https:\/\/www.africa-press.net\/cotedivoire\/economie\/cedeao-une-hausse-du-pib-de-35-projetee-en-2021#breadcrumb"},"inLanguage":"fr-FR","potentialAction":[{"@type":"ReadAction","target":["https:\/\/www.africa-press.net\/cotedivoire\/economie\/cedeao-une-hausse-du-pib-de-35-projetee-en-2021"]}]},{"@type":"ImageObject","inLanguage":"fr-FR","@id":"https:\/\/www.africa-press.net\/cotedivoire\/economie\/cedeao-une-hausse-du-pib-de-35-projetee-en-2021#primaryimage","url":"https:\/\/static.africa-press.net\/cote\/sites\/43\/2021\/06\/img-60d1c2a8c653c.jpg","contentUrl":"https:\/\/static.africa-press.net\/cote\/sites\/43\/2021\/06\/img-60d1c2a8c653c.jpg","width":1280,"height":827,"caption":"Cedeao: Une hausse du PIB de 3,5% projet\u00e9e en 2021"},{"@type":"BreadcrumbList","@id":"https:\/\/www.africa-press.net\/cotedivoire\/economie\/cedeao-une-hausse-du-pib-de-35-projetee-en-2021#breadcrumb","itemListElement":[{"@type":"ListItem","position":1,"name":"Accueil","item":"https:\/\/www.africa-press.net\/cotedivoire\/"},{"@type":"ListItem","position":2,"name":"Cedeao: Une hausse du PIB de 3,5% projet\u00e9e en 2021"}]},{"@type":"WebSite","@id":"https:\/\/www.africa-press.net\/cotedivoire\/#website","url":"https:\/\/www.africa-press.net\/cotedivoire\/","name":"C\u00f4te d&#039;Ivoire","description":"Just another Africa News Agency Sites site","potentialAction":[{"@type":"SearchAction","target":{"@type":"EntryPoint","urlTemplate":"https:\/\/www.africa-press.net\/cotedivoire\/?s={search_term_string}"},"query-input":{"@type":"PropertyValueSpecification","valueRequired":true,"valueName":"search_term_string"}}],"inLanguage":"fr-FR"},{"@type":"Person","@id":"https:\/\/www.africa-press.net\/cotedivoire\/#\/schema\/person\/2b1cf3cd81a31e3cd26889ca66d677f1","name":"cfeditorfr"}]}},"_links":{"self":[{"href":"https:\/\/www.africa-press.net\/cotedivoire\/wp-json\/wp\/v2\/posts\/9292","targetHints":{"allow":["GET"]}}],"collection":[{"href":"https:\/\/www.africa-press.net\/cotedivoire\/wp-json\/wp\/v2\/posts"}],"about":[{"href":"https:\/\/www.africa-press.net\/cotedivoire\/wp-json\/wp\/v2\/types\/post"}],"author":[{"embeddable":true,"href":"https:\/\/www.africa-press.net\/cotedivoire\/wp-json\/wp\/v2\/users\/82"}],"replies":[{"embeddable":true,"href":"https:\/\/www.africa-press.net\/cotedivoire\/wp-json\/wp\/v2\/comments?post=9292"}],"version-history":[{"count":0,"href":"https:\/\/www.africa-press.net\/cotedivoire\/wp-json\/wp\/v2\/posts\/9292\/revisions"}],"wp:featuredmedia":[{"embeddable":true,"href":"https:\/\/www.africa-press.net\/cotedivoire\/wp-json\/wp\/v2\/media\/9291"}],"wp:attachment":[{"href":"https:\/\/www.africa-press.net\/cotedivoire\/wp-json\/wp\/v2\/media?parent=9292"}],"wp:term":[{"taxonomy":"category","embeddable":true,"href":"https:\/\/www.africa-press.net\/cotedivoire\/wp-json\/wp\/v2\/categories?post=9292"},{"taxonomy":"post_tag","embeddable":true,"href":"https:\/\/www.africa-press.net\/cotedivoire\/wp-json\/wp\/v2\/tags?post=9292"}],"curies":[{"name":"wp","href":"https:\/\/api.w.org\/{rel}","templated":true}]}}