{"id":9295,"date":"2021-06-22T11:32:41","date_gmt":"2021-06-22T11:32:41","guid":{"rendered":"https:\/\/www.africa-press.net\/cotedivoire\/?p=9295"},"modified":"2021-06-22T19:30:32","modified_gmt":"2021-06-22T19:30:32","slug":"gbagbo-en-cote-divoire-le-drole-de-retour-au-pays-natalles-signaux-problematiques","status":"publish","type":"post","link":"https:\/\/www.africa-press.net\/cotedivoire\/politique\/gbagbo-en-cote-divoire-le-drole-de-retour-au-pays-natalles-signaux-problematiques","title":{"rendered":"Gbagbo en C\u00f4te-d\u2019Ivoire: Le dr\u00f4le de retour au pays natal\u2026les signaux probl\u00e9matiques"},"content":{"rendered":"<p><span style=\"color: #ff6600\"><strong><a href=\"https:\/\/www.africa-press.net\/\">Africa-Press<\/a> &#8211; <a href=\"https:\/\/www.africa-press.net\/cotedivoire\">C\u00f4te d&rsquo;Ivoire<\/a>. <\/strong><\/span>Jeudi prochain, cela fera une semaine que l\u2019ancien pr\u00e9sident ivoirien aura foul\u00e9 le sol de son pays pour la premi\u00e8re fois apr\u00e8s dix ann\u00e9es terribles : la prison, la r\u00e9probation internationale puis l\u2019exil.<\/p>\n<p>Th\u00e9ophile Kouamouo<\/p>\n<p>Le dr\u00f4le de retour au pays natal \u2013 Les signaux probl\u00e9matiques de l\u2019ancien num\u00e9ro un ivoirien<\/p>\n<p>Que peut-on, avec un peu \u2013 mais tr\u00e8s peu \u2013 de recul, tirer comme le\u00e7ons de ce retour au pays natal ? Premi\u00e8rement, que la ferveur populaire visible \u00e0 Abidjan traduit une r\u00e9alit\u00e9 : l\u2019\u00e9chec de la strat\u00e9gie de la \u00ab page tourn\u00e9e \u00bb et de la construction d\u2019un nouvel ordre politique purg\u00e9 du \u00ab gbagbo-isme \u00bb et de tout ce qui y ressemble. La \u00ab d\u00e9mocratie des bombes \u00bb n\u2019a pas triomph\u00e9 de la conscience historique de nombre d\u2019Ivoiriens et d\u2019Africains qui, dans le chaos de l\u2019actualit\u00e9, savent reconna\u00eetre la trame d\u2019une revendication t\u00eatue : celle de l\u2019affranchissement d\u2019un ordre imp\u00e9rial qui n\u2019en finit pas de se renouveler.<\/p>\n<p>Double discours<\/p>\n<p>Gbagbo est rentr\u00e9. Il a \u00e9t\u00e9 acclam\u00e9. Mais la sc\u00e9nographie du pouvoir d\u2019Abidjan a t\u00e9moign\u00e9 d\u2019un double discours qui n\u2019est franchement pas de bon augure.<\/p>\n<p>D\u2019un c\u00f4t\u00e9, Alassane Ouattara dit que Gbagbo est naturellement bienvenu chez lui \u2013 ne faisant en r\u00e9alit\u00e9 que se conformer \u00e0 la Constitution qui stipule qu\u2019aucun Ivoirien ne peut \u00eatre contraint \u00e0 l\u2019exil. De l\u2019autre, non seulement il n\u2019efface pas une condamnation fantaisiste \u00e0 20 ans de prison pour le pr\u00e9tendu \u00ab casse \u00bb de la BCEAO, mais en plus il fait tra\u00eener le processus jusqu\u2019\u00e0 ce que son rival annonce unilat\u00e9ralement la date du 17 juin.<\/p>\n<p>D\u2019un c\u00f4t\u00e9, il affirme les droits de son pr\u00e9d\u00e9cesseur \u00e0 une confortable rente viag\u00e8re. De l\u2019autre, il ne d\u00e9bloque pas son unique compte en banque.<\/p>\n<p>D\u2019un c\u00f4t\u00e9, le gouvernement \u00ab prend acte \u00bb du retour de \u00ab l\u2019enfant du pays \u00bb et de la mani\u00e8re dont il sera organis\u00e9. De l\u2019autre, la police brutalise, arrose de gaz lacrymog\u00e8ne, bastonne, blesse et arr\u00eate ses partisans afin de briser l\u2019ampleur \u2013 et l\u2019effet m\u00e9diatique \u2013 de leur liesse.<\/p>\n<p>Gbagbo et Ouattara sont sur le m\u00eame \u00ab terrain \u00bb. Et aucun signe ne montre que Ouattara s\u2019en accommodera, en laissant Gbagbo se d\u00e9placer accompagn\u00e9 de foules en d\u00e9lire, faire des meetings, peser dans le rapport de forces politique.<\/p>\n<p>\u201cExtimit\u00e9\u201d affich\u00e9e<\/p>\n<p>Mais Laurent Gbagbo est-il vraiment revenu au pays pour faire de la politique, c\u2019est-\u00e0-dire r\u00e9unifier son parti dans la perspective des n\u00e9cessaires batailles pour la d\u00e9mocratisation du pays ? Rien n\u2019est moins s\u00fbr. Les signaux qu\u2019il a choisi d\u2019envoyer \u00e0 l\u2019opinion publique sont en effet terriblement ambigus. L\u2019ancien num\u00e9ro un ivoirien n\u2019en finit pas d\u2019afficher son \u201cextimit\u00e9\u201d de mani\u00e8re franchement probl\u00e9matique. D\u00e8s le 16 juin, se met en place un feuilleton tournant autour de la \u201cnon-d\u00e9sirabilit\u00e9\u201d \u00e0 l\u2019a\u00e9roport F\u00e9lix Houphou\u00ebt-Boigny de Simone Ehivet Gbagbo \u2013 son \u00e9pouse et dans les faits la premi\u00e8re vice-pr\u00e9sidente de son parti.<\/p>\n<p>Puis, le 17 juin, ceux qui attendaient des images fortes et un message politique puissant ont eu droit \u00e0 un gigantesque chaos dont le seul message audible \u00e9tait la \u201ctitularisation\u201d officielle de celle qui \u00e9tait depuis plus d\u2019une d\u00e9cennie \u201cla femme cach\u00e9e\u201d.<\/p>\n<p>Le 20 juin, Laurent Gbagbo et le cardinal Jean-Pierre Kutwa mettent en sc\u00e8ne \u2013 apr\u00e8s avoir pris le soin d\u2019inviter la presse, nationale et internationale \u2013 le retour du premier cit\u00e9 \u00e0 l\u2019\u00e9glise catholique et son d\u00e9saveu des \u00e9glises \u00e9vang\u00e9liques avec lesquelles il avait longtemps chemin\u00e9 aux c\u00f4t\u00e9s de\u2026 Simone Ehivet Gbagbo.<\/p>\n<p>Et le 21 juin, Claude Mentenon, l\u2019avocat de Laurent Gbagbo, annonce dans un communiqu\u00e9 massivement diffus\u00e9 avoir saisi la justice ivoirienne en vue d\u2019un divorce suite au \u201crefus r\u00e9it\u00e9r\u00e9 depuis des ann\u00e9es de Simone Ehivet de consentir \u00e0 une s\u00e9paration amiable\u201d. Dr\u00f4le de sens de priorit\u00e9s, alors m\u00eame que des dizaines de jeunes venus participer \u00e0 l\u2019accueil historique du 17 juin sont toujours dans les liens de la d\u00e9tention, que les bless\u00e9s sont nombreux \u2013 certains \u00e9tant m\u00eame, selon des sources proches du comit\u00e9 d\u2019organisation, dans le coma.<\/p>\n<p>Humiliations<\/p>\n<p>Encore plus sp\u00e9cieux : si l\u2019on met bout \u00e0 bout les signaux envoy\u00e9s par l\u2019ancien num\u00e9ro un ivoirien, on en finit par en conclure qu\u2019il fait sien le narratif franco-ouattariste de 2010-2011, selon lequel s\u2019il s\u2019est \u201cent\u00eat\u00e9\u201d \u00e0 faire front jusqu\u2019au 11 avril de sinistre m\u00e9moire, c\u2019est parce qu\u2019il a \u00e9t\u00e9 induit en erreur par \u201cSimone et ses \u00e9vang\u00e9liques\u201d. L\u2019humiliation dont l\u2019ancienne pr\u00e9sidente du groupe parlementaire du Front populaire ivoirien a \u00e9t\u00e9 victime apr\u00e8s avoir \u00e9t\u00e9 livr\u00e9e aux hordes rebelles il y a dix ans et l\u2019humiliation actuelle semblent curieusement converger. Et c\u2019est cet empilement de symboles explicites qui rend grotesque la d\u00e9fense des \u201cinconditionnels\u201d \u2013 lesquels en appellent au respect d\u2019une \u201cvie priv\u00e9e\u201d pourtant expos\u00e9e de mani\u00e8re fort peu \u00e9l\u00e9gante par Laurent Gbagbo himself.<\/p>\n<p>Bilan de ces premiers \u201cjours d\u2019apr\u00e8s\u201d : l\u00e0 o\u00f9 ils attendaient des actes forts ouvrant la voie \u00e0 la r\u00e9unification des diff\u00e9rentes tendances du Front populaire ivoirien, les observateurs en sont \u00e0 s\u2019interroger sur l\u2019\u00e9ventualit\u00e9 d\u2019un troisi\u00e8me schisme, apr\u00e8s ceux de Mamadou Koulibaly et de Pascal Affi N\u2019Guessan.<\/p>\n<p>&nbsp;<\/p>\n","protected":false},"excerpt":{"rendered":"<p>Africa-Press &#8211; C\u00f4te d&rsquo;Ivoire. Jeudi prochain, cela fera une semaine que l\u2019ancien pr\u00e9sident ivoirien aura foul\u00e9 le sol de son pays pour la premi\u00e8re fois apr\u00e8s dix ann\u00e9es terribles : la prison, la r\u00e9probation internationale puis l\u2019exil. Th\u00e9ophile Kouamouo Le dr\u00f4le de retour au pays natal \u2013 Les signaux probl\u00e9matiques de l\u2019ancien num\u00e9ro un ivoirien [&hellip;]<\/p>\n","protected":false},"author":82,"featured_media":9294,"comment_status":"open","ping_status":"closed","sticky":false,"template":"","format":"standard","meta":{"footnotes":""},"categories":[11,2,10],"tags":[56,63,29],"class_list":["post-9295","post","type-post","status-publish","format-standard","has-post-thumbnail","hentry","category-homepage-french","category-politique","category-toutes-les-actualites","tag-africa-press","tag-africa-press-cote-divoire","tag-cote-divoire"],"yoast_head":"<!-- This site is optimized with the Yoast SEO Premium plugin v26.1 (Yoast SEO v27.0) - https:\/\/yoast.com\/product\/yoast-seo-premium-wordpress\/ -->\n<title>Gbagbo en C\u00f4te-d\u2019Ivoire: Le dr\u00f4le de retour au pays natal\u2026les signaux probl\u00e9matiques - C\u00f4te d&#039;Ivoire<\/title>\n<meta name=\"description\" content=\"Jeudi prochain, cela fera une semaine que l\u2019ancien pr\u00e9sident ivoirien aura foul\u00e9 le sol de son pays pour la premi\u00e8re foi ...\" \/>\n<meta name=\"robots\" content=\"index, follow, max-snippet:-1, max-image-preview:large, max-video-preview:-1\" \/>\n<link rel=\"canonical\" href=\"https:\/\/www.africa-press.net\/cotedivoire\/politique\/gbagbo-en-cote-divoire-le-drole-de-retour-au-pays-natalles-signaux-problematiques\" \/>\n<meta property=\"og:locale\" content=\"fr_FR\" \/>\n<meta property=\"og:type\" content=\"article\" \/>\n<meta property=\"og:title\" content=\"Gbagbo en C\u00f4te-d\u2019Ivoire: Le dr\u00f4le de retour au pays natal\u2026les signaux probl\u00e9matiques\" \/>\n<meta property=\"og:description\" content=\"Jeudi prochain, cela fera une semaine que l\u2019ancien pr\u00e9sident ivoirien aura foul\u00e9 le sol de son pays pour la premi\u00e8re foi ...\" \/>\n<meta property=\"og:url\" content=\"https:\/\/www.africa-press.net\/cotedivoire\/politique\/gbagbo-en-cote-divoire-le-drole-de-retour-au-pays-natalles-signaux-problematiques\" \/>\n<meta property=\"og:site_name\" content=\"C\u00f4te d&#039;Ivoire\" \/>\n<meta property=\"article:published_time\" content=\"2021-06-22T11:32:41+00:00\" \/>\n<meta property=\"article:modified_time\" content=\"2021-06-22T19:30:32+00:00\" \/>\n<meta property=\"og:image\" content=\"https:\/\/static.africa-press.net\/cote\/sites\/43\/2021\/06\/img-60d1c2cccee28.jpg\" \/>\n\t<meta property=\"og:image:width\" content=\"720\" \/>\n\t<meta property=\"og:image:height\" content=\"402\" \/>\n\t<meta property=\"og:image:type\" content=\"image\/jpeg\" \/>\n<meta name=\"author\" content=\"cfeditorfr\" \/>\n<meta name=\"twitter:card\" content=\"summary_large_image\" \/>\n<meta name=\"twitter:label1\" content=\"\u00c9crit par\" \/>\n\t<meta name=\"twitter:data1\" content=\"cfeditorfr\" \/>\n\t<meta name=\"twitter:label2\" content=\"Dur\u00e9e de lecture estim\u00e9e\" \/>\n\t<meta name=\"twitter:data2\" content=\"5 minutes\" \/>\n<script type=\"application\/ld+json\" class=\"yoast-schema-graph\">{\"@context\":\"https:\/\/schema.org\",\"@graph\":[{\"@type\":\"Article\",\"@id\":\"https:\/\/www.africa-press.net\/cotedivoire\/politique\/gbagbo-en-cote-divoire-le-drole-de-retour-au-pays-natalles-signaux-problematiques#article\",\"isPartOf\":{\"@id\":\"https:\/\/www.africa-press.net\/cotedivoire\/politique\/gbagbo-en-cote-divoire-le-drole-de-retour-au-pays-natalles-signaux-problematiques\"},\"author\":{\"name\":\"cfeditorfr\",\"@id\":\"https:\/\/www.africa-press.net\/cotedivoire\/#\/schema\/person\/2b1cf3cd81a31e3cd26889ca66d677f1\"},\"headline\":\"Gbagbo en C\u00f4te-d\u2019Ivoire: Le dr\u00f4le de retour au pays natal\u2026les signaux probl\u00e9matiques\",\"datePublished\":\"2021-06-22T11:32:41+00:00\",\"dateModified\":\"2021-06-22T19:30:32+00:00\",\"mainEntityOfPage\":{\"@id\":\"https:\/\/www.africa-press.net\/cotedivoire\/politique\/gbagbo-en-cote-divoire-le-drole-de-retour-au-pays-natalles-signaux-problematiques\"},\"wordCount\":958,\"commentCount\":0,\"image\":{\"@id\":\"https:\/\/www.africa-press.net\/cotedivoire\/politique\/gbagbo-en-cote-divoire-le-drole-de-retour-au-pays-natalles-signaux-problematiques#primaryimage\"},\"thumbnailUrl\":\"https:\/\/static.africa-press.net\/cote\/sites\/43\/2021\/06\/img-60d1c2cccee28.jpg\",\"keywords\":[\"Africa Press\",\"Africa Press-C\u00f4te d'Ivoire\",\"C\u00d4TE D'IVOIRE\"],\"articleSection\":[\"homepage-french\",\"Politique\",\"Toutes les actualit\u00e9s\"],\"inLanguage\":\"fr-FR\",\"potentialAction\":[{\"@type\":\"CommentAction\",\"name\":\"Comment\",\"target\":[\"https:\/\/www.africa-press.net\/cotedivoire\/politique\/gbagbo-en-cote-divoire-le-drole-de-retour-au-pays-natalles-signaux-problematiques#respond\"]}]},{\"@type\":\"WebPage\",\"@id\":\"https:\/\/www.africa-press.net\/cotedivoire\/politique\/gbagbo-en-cote-divoire-le-drole-de-retour-au-pays-natalles-signaux-problematiques\",\"url\":\"https:\/\/www.africa-press.net\/cotedivoire\/politique\/gbagbo-en-cote-divoire-le-drole-de-retour-au-pays-natalles-signaux-problematiques\",\"name\":\"Gbagbo en C\u00f4te-d\u2019Ivoire: Le dr\u00f4le de retour au pays natal\u2026les signaux probl\u00e9matiques - C\u00f4te d&#039;Ivoire\",\"isPartOf\":{\"@id\":\"https:\/\/www.africa-press.net\/cotedivoire\/#website\"},\"primaryImageOfPage\":{\"@id\":\"https:\/\/www.africa-press.net\/cotedivoire\/politique\/gbagbo-en-cote-divoire-le-drole-de-retour-au-pays-natalles-signaux-problematiques#primaryimage\"},\"image\":{\"@id\":\"https:\/\/www.africa-press.net\/cotedivoire\/politique\/gbagbo-en-cote-divoire-le-drole-de-retour-au-pays-natalles-signaux-problematiques#primaryimage\"},\"thumbnailUrl\":\"https:\/\/static.africa-press.net\/cote\/sites\/43\/2021\/06\/img-60d1c2cccee28.jpg\",\"datePublished\":\"2021-06-22T11:32:41+00:00\",\"dateModified\":\"2021-06-22T19:30:32+00:00\",\"author\":{\"@id\":\"https:\/\/www.africa-press.net\/cotedivoire\/#\/schema\/person\/2b1cf3cd81a31e3cd26889ca66d677f1\"},\"description\":\"Jeudi prochain, cela fera une semaine que l\u2019ancien pr\u00e9sident ivoirien aura foul\u00e9 le sol de son pays pour la premi\u00e8re foi ...\",\"breadcrumb\":{\"@id\":\"https:\/\/www.africa-press.net\/cotedivoire\/politique\/gbagbo-en-cote-divoire-le-drole-de-retour-au-pays-natalles-signaux-problematiques#breadcrumb\"},\"inLanguage\":\"fr-FR\",\"potentialAction\":[{\"@type\":\"ReadAction\",\"target\":[\"https:\/\/www.africa-press.net\/cotedivoire\/politique\/gbagbo-en-cote-divoire-le-drole-de-retour-au-pays-natalles-signaux-problematiques\"]}]},{\"@type\":\"ImageObject\",\"inLanguage\":\"fr-FR\",\"@id\":\"https:\/\/www.africa-press.net\/cotedivoire\/politique\/gbagbo-en-cote-divoire-le-drole-de-retour-au-pays-natalles-signaux-problematiques#primaryimage\",\"url\":\"https:\/\/static.africa-press.net\/cote\/sites\/43\/2021\/06\/img-60d1c2cccee28.jpg\",\"contentUrl\":\"https:\/\/static.africa-press.net\/cote\/sites\/43\/2021\/06\/img-60d1c2cccee28.jpg\",\"width\":720,\"height\":402,\"caption\":\"Gbagbo en C\u00f4te-d\u2019Ivoire: Le dr\u00f4le de retour au pays natal\u2026les signaux probl\u00e9matiques\"},{\"@type\":\"BreadcrumbList\",\"@id\":\"https:\/\/www.africa-press.net\/cotedivoire\/politique\/gbagbo-en-cote-divoire-le-drole-de-retour-au-pays-natalles-signaux-problematiques#breadcrumb\",\"itemListElement\":[{\"@type\":\"ListItem\",\"position\":1,\"name\":\"Accueil\",\"item\":\"https:\/\/www.africa-press.net\/cotedivoire\/\"},{\"@type\":\"ListItem\",\"position\":2,\"name\":\"Gbagbo en C\u00f4te-d\u2019Ivoire: Le dr\u00f4le de retour au pays natal\u2026les signaux probl\u00e9matiques\"}]},{\"@type\":\"WebSite\",\"@id\":\"https:\/\/www.africa-press.net\/cotedivoire\/#website\",\"url\":\"https:\/\/www.africa-press.net\/cotedivoire\/\",\"name\":\"C\u00f4te d&#039;Ivoire\",\"description\":\"Just another Africa News Agency Sites site\",\"potentialAction\":[{\"@type\":\"SearchAction\",\"target\":{\"@type\":\"EntryPoint\",\"urlTemplate\":\"https:\/\/www.africa-press.net\/cotedivoire\/?s={search_term_string}\"},\"query-input\":{\"@type\":\"PropertyValueSpecification\",\"valueRequired\":true,\"valueName\":\"search_term_string\"}}],\"inLanguage\":\"fr-FR\"},{\"@type\":\"Person\",\"@id\":\"https:\/\/www.africa-press.net\/cotedivoire\/#\/schema\/person\/2b1cf3cd81a31e3cd26889ca66d677f1\",\"name\":\"cfeditorfr\"}]}<\/script>\n<!-- \/ Yoast SEO Premium plugin. -->","yoast_head_json":{"title":"Gbagbo en C\u00f4te-d\u2019Ivoire: Le dr\u00f4le de retour au pays natal\u2026les signaux probl\u00e9matiques - C\u00f4te d&#039;Ivoire","description":"Jeudi prochain, cela fera une semaine que l\u2019ancien pr\u00e9sident ivoirien aura foul\u00e9 le sol de son pays pour la premi\u00e8re foi ...","robots":{"index":"index","follow":"follow","max-snippet":"max-snippet:-1","max-image-preview":"max-image-preview:large","max-video-preview":"max-video-preview:-1"},"canonical":"https:\/\/www.africa-press.net\/cotedivoire\/politique\/gbagbo-en-cote-divoire-le-drole-de-retour-au-pays-natalles-signaux-problematiques","og_locale":"fr_FR","og_type":"article","og_title":"Gbagbo en C\u00f4te-d\u2019Ivoire: Le dr\u00f4le de retour au pays natal\u2026les signaux probl\u00e9matiques","og_description":"Jeudi prochain, cela fera une semaine que l\u2019ancien pr\u00e9sident ivoirien aura foul\u00e9 le sol de son pays pour la premi\u00e8re foi ...","og_url":"https:\/\/www.africa-press.net\/cotedivoire\/politique\/gbagbo-en-cote-divoire-le-drole-de-retour-au-pays-natalles-signaux-problematiques","og_site_name":"C\u00f4te d&#039;Ivoire","article_published_time":"2021-06-22T11:32:41+00:00","article_modified_time":"2021-06-22T19:30:32+00:00","og_image":[{"width":720,"height":402,"url":"https:\/\/static.africa-press.net\/cote\/sites\/43\/2021\/06\/img-60d1c2cccee28.jpg","type":"image\/jpeg"}],"author":"cfeditorfr","twitter_card":"summary_large_image","twitter_misc":{"\u00c9crit par":"cfeditorfr","Dur\u00e9e de lecture estim\u00e9e":"5 minutes"},"schema":{"@context":"https:\/\/schema.org","@graph":[{"@type":"Article","@id":"https:\/\/www.africa-press.net\/cotedivoire\/politique\/gbagbo-en-cote-divoire-le-drole-de-retour-au-pays-natalles-signaux-problematiques#article","isPartOf":{"@id":"https:\/\/www.africa-press.net\/cotedivoire\/politique\/gbagbo-en-cote-divoire-le-drole-de-retour-au-pays-natalles-signaux-problematiques"},"author":{"name":"cfeditorfr","@id":"https:\/\/www.africa-press.net\/cotedivoire\/#\/schema\/person\/2b1cf3cd81a31e3cd26889ca66d677f1"},"headline":"Gbagbo en C\u00f4te-d\u2019Ivoire: Le dr\u00f4le de retour au pays natal\u2026les signaux probl\u00e9matiques","datePublished":"2021-06-22T11:32:41+00:00","dateModified":"2021-06-22T19:30:32+00:00","mainEntityOfPage":{"@id":"https:\/\/www.africa-press.net\/cotedivoire\/politique\/gbagbo-en-cote-divoire-le-drole-de-retour-au-pays-natalles-signaux-problematiques"},"wordCount":958,"commentCount":0,"image":{"@id":"https:\/\/www.africa-press.net\/cotedivoire\/politique\/gbagbo-en-cote-divoire-le-drole-de-retour-au-pays-natalles-signaux-problematiques#primaryimage"},"thumbnailUrl":"https:\/\/static.africa-press.net\/cote\/sites\/43\/2021\/06\/img-60d1c2cccee28.jpg","keywords":["Africa Press","Africa Press-C\u00f4te d'Ivoire","C\u00d4TE D'IVOIRE"],"articleSection":["homepage-french","Politique","Toutes les actualit\u00e9s"],"inLanguage":"fr-FR","potentialAction":[{"@type":"CommentAction","name":"Comment","target":["https:\/\/www.africa-press.net\/cotedivoire\/politique\/gbagbo-en-cote-divoire-le-drole-de-retour-au-pays-natalles-signaux-problematiques#respond"]}]},{"@type":"WebPage","@id":"https:\/\/www.africa-press.net\/cotedivoire\/politique\/gbagbo-en-cote-divoire-le-drole-de-retour-au-pays-natalles-signaux-problematiques","url":"https:\/\/www.africa-press.net\/cotedivoire\/politique\/gbagbo-en-cote-divoire-le-drole-de-retour-au-pays-natalles-signaux-problematiques","name":"Gbagbo en C\u00f4te-d\u2019Ivoire: Le dr\u00f4le de retour au pays natal\u2026les signaux probl\u00e9matiques - C\u00f4te d&#039;Ivoire","isPartOf":{"@id":"https:\/\/www.africa-press.net\/cotedivoire\/#website"},"primaryImageOfPage":{"@id":"https:\/\/www.africa-press.net\/cotedivoire\/politique\/gbagbo-en-cote-divoire-le-drole-de-retour-au-pays-natalles-signaux-problematiques#primaryimage"},"image":{"@id":"https:\/\/www.africa-press.net\/cotedivoire\/politique\/gbagbo-en-cote-divoire-le-drole-de-retour-au-pays-natalles-signaux-problematiques#primaryimage"},"thumbnailUrl":"https:\/\/static.africa-press.net\/cote\/sites\/43\/2021\/06\/img-60d1c2cccee28.jpg","datePublished":"2021-06-22T11:32:41+00:00","dateModified":"2021-06-22T19:30:32+00:00","author":{"@id":"https:\/\/www.africa-press.net\/cotedivoire\/#\/schema\/person\/2b1cf3cd81a31e3cd26889ca66d677f1"},"description":"Jeudi prochain, cela fera une semaine que l\u2019ancien pr\u00e9sident ivoirien aura foul\u00e9 le sol de son pays pour la premi\u00e8re foi ...","breadcrumb":{"@id":"https:\/\/www.africa-press.net\/cotedivoire\/politique\/gbagbo-en-cote-divoire-le-drole-de-retour-au-pays-natalles-signaux-problematiques#breadcrumb"},"inLanguage":"fr-FR","potentialAction":[{"@type":"ReadAction","target":["https:\/\/www.africa-press.net\/cotedivoire\/politique\/gbagbo-en-cote-divoire-le-drole-de-retour-au-pays-natalles-signaux-problematiques"]}]},{"@type":"ImageObject","inLanguage":"fr-FR","@id":"https:\/\/www.africa-press.net\/cotedivoire\/politique\/gbagbo-en-cote-divoire-le-drole-de-retour-au-pays-natalles-signaux-problematiques#primaryimage","url":"https:\/\/static.africa-press.net\/cote\/sites\/43\/2021\/06\/img-60d1c2cccee28.jpg","contentUrl":"https:\/\/static.africa-press.net\/cote\/sites\/43\/2021\/06\/img-60d1c2cccee28.jpg","width":720,"height":402,"caption":"Gbagbo en C\u00f4te-d\u2019Ivoire: Le dr\u00f4le de retour au pays natal\u2026les signaux probl\u00e9matiques"},{"@type":"BreadcrumbList","@id":"https:\/\/www.africa-press.net\/cotedivoire\/politique\/gbagbo-en-cote-divoire-le-drole-de-retour-au-pays-natalles-signaux-problematiques#breadcrumb","itemListElement":[{"@type":"ListItem","position":1,"name":"Accueil","item":"https:\/\/www.africa-press.net\/cotedivoire\/"},{"@type":"ListItem","position":2,"name":"Gbagbo en C\u00f4te-d\u2019Ivoire: Le dr\u00f4le de retour au pays natal\u2026les signaux probl\u00e9matiques"}]},{"@type":"WebSite","@id":"https:\/\/www.africa-press.net\/cotedivoire\/#website","url":"https:\/\/www.africa-press.net\/cotedivoire\/","name":"C\u00f4te d&#039;Ivoire","description":"Just another Africa News Agency Sites site","potentialAction":[{"@type":"SearchAction","target":{"@type":"EntryPoint","urlTemplate":"https:\/\/www.africa-press.net\/cotedivoire\/?s={search_term_string}"},"query-input":{"@type":"PropertyValueSpecification","valueRequired":true,"valueName":"search_term_string"}}],"inLanguage":"fr-FR"},{"@type":"Person","@id":"https:\/\/www.africa-press.net\/cotedivoire\/#\/schema\/person\/2b1cf3cd81a31e3cd26889ca66d677f1","name":"cfeditorfr"}]}},"_links":{"self":[{"href":"https:\/\/www.africa-press.net\/cotedivoire\/wp-json\/wp\/v2\/posts\/9295","targetHints":{"allow":["GET"]}}],"collection":[{"href":"https:\/\/www.africa-press.net\/cotedivoire\/wp-json\/wp\/v2\/posts"}],"about":[{"href":"https:\/\/www.africa-press.net\/cotedivoire\/wp-json\/wp\/v2\/types\/post"}],"author":[{"embeddable":true,"href":"https:\/\/www.africa-press.net\/cotedivoire\/wp-json\/wp\/v2\/users\/82"}],"replies":[{"embeddable":true,"href":"https:\/\/www.africa-press.net\/cotedivoire\/wp-json\/wp\/v2\/comments?post=9295"}],"version-history":[{"count":0,"href":"https:\/\/www.africa-press.net\/cotedivoire\/wp-json\/wp\/v2\/posts\/9295\/revisions"}],"wp:featuredmedia":[{"embeddable":true,"href":"https:\/\/www.africa-press.net\/cotedivoire\/wp-json\/wp\/v2\/media\/9294"}],"wp:attachment":[{"href":"https:\/\/www.africa-press.net\/cotedivoire\/wp-json\/wp\/v2\/media?parent=9295"}],"wp:term":[{"taxonomy":"category","embeddable":true,"href":"https:\/\/www.africa-press.net\/cotedivoire\/wp-json\/wp\/v2\/categories?post=9295"},{"taxonomy":"post_tag","embeddable":true,"href":"https:\/\/www.africa-press.net\/cotedivoire\/wp-json\/wp\/v2\/tags?post=9295"}],"curies":[{"name":"wp","href":"https:\/\/api.w.org\/{rel}","templated":true}]}}