{"id":92969,"date":"2024-12-26T16:23:30","date_gmt":"2024-12-26T16:23:30","guid":{"rendered":"https:\/\/www.africa-press.net\/cotedivoire\/politique\/gala-kolebi-cyberactiviste-et-membre-du-ppa-ci-defere-a-la-prison-dabidjan-pour-atteinte-a-lautorite-de-letat"},"modified":"2024-12-26T16:50:57","modified_gmt":"2024-12-26T16:50:57","slug":"gala-kolebi-cyberactiviste-et-membre-du-ppa-ci-defere-a-la-prison-dabidjan-pour-atteinte-a-lautorite-de-letat","status":"publish","type":"post","link":"https:\/\/www.africa-press.net\/cotedivoire\/politique\/gala-kolebi-cyberactiviste-et-membre-du-ppa-ci-defere-a-la-prison-dabidjan-pour-atteinte-a-lautorite-de-letat","title":{"rendered":"Gala Kol\u00e9bi, cyberactiviste et membre du PPA-CI, d\u00e9f\u00e9r\u00e9 \u00e0 la prison d&rsquo;Abidjan pour atteinte \u00e0 l&rsquo;autorit\u00e9 de l&rsquo;\u00c9tat"},"content":{"rendered":"<p><span style=\"color: #ff6600\"><strong>Africa-Press &#8211; C\u00f4te d&rsquo;Ivoire. <\/strong><\/span>Gala Kole\u0301bi, cyberactiviste connu pour sa proximite\u0301 avec l&rsquo;ancien pre\u0301sident Laurent Gbagbo, a e\u0301te\u0301 place\u0301 sous mandat de de\u0301po\u0302t et incarce\u0301re\u0301 au Po\u0302le pe\u0301nitentiaire d\u2019Abidjan (PPA), ex-MACA lundi 23 de\u0301cembre 2024.<\/p>\n<p>Cette de\u0301cision fait suite a\u0300 une proce\u0301dure judiciaire enclenche\u0301e quelques jours plus to\u0302t.<\/p>\n<p>Arre\u0302te\u0301 le jeudi 19 de\u0301cembre 2024, Gala Kole\u0301bi figure active dans la communication nume\u0301rique du Parti des peuples africains-Co\u0302te d\u2019Ivoire (PPA-CI). Il est reproche\u0301 au militant plusieurs chefs d\u2019accusation graves, dont complot contre l\u2019autorite\u0301 de l\u2019E\u0301tat, propagation de fausses informations, et atteinte a\u0300 l\u2019autorite\u0301 de l\u2019E\u0301tat.<\/p>\n<p>Son audition devant le juge d\u2019instruction du 8e cabinet a conduit a\u0300 l\u2019e\u0301mission d\u2019un mandat de de\u0301po\u0302t, marquant une nouvelle e\u0301tape dans cette affaire. Selon des sources proches du dossier, les charges retenues contre lui pourraient le maintenir en de\u0301tention pendant une pe\u0301riode prolonge\u0301e, notamment pendant les fe\u0302tes de fin d\u2019anne\u0301e.<\/p>\n<p>Cette arrestation a suscite\u0301 des re\u0301actions varie\u0301es dans le paysage politique ivoirien. Si certains y voient une de\u0301marche le\u0301gitime pour pre\u0301server l\u2019ordre public, d\u2019autres estiment que cette de\u0301cision pourrait raviver les tensions dans un contexte politique de\u0301ja\u0300 fragile.<\/p>\n<p>La situation de Gala Kole\u0301bi demeure au c\u0153ur de l\u2019actualite\u0301, et son e\u0301volution sera scrute\u0301e de pre\u0300s, tant par ses soutiens que par les observateurs de la sce\u0300ne politique nationale.<\/p>\n<p><strong>Pour plus d&rsquo;informations et d&rsquo;analyses sur la <span style=\"color: #ff6600\">C\u00f4te d&rsquo;Ivoire<\/span>, suivez <span style=\"color: #ff6600\">Africa-Press<\/span><\/strong><\/p>\n","protected":false},"excerpt":{"rendered":"<p>Africa-Press &#8211; C\u00f4te d&rsquo;Ivoire. Gala Kole\u0301bi, cyberactiviste connu pour sa proximite\u0301 avec l&rsquo;ancien pre\u0301sident Laurent Gbagbo, a e\u0301te\u0301 place\u0301 sous mandat de de\u0301po\u0302t et incarce\u0301re\u0301 au Po\u0302le pe\u0301nitentiaire d\u2019Abidjan (PPA), ex-MACA lundi 23 de\u0301cembre 2024. Cette de\u0301cision fait suite a\u0300 une proce\u0301dure judiciaire enclenche\u0301e quelques jours plus to\u0302t. Arre\u0302te\u0301 le jeudi 19 de\u0301cembre 2024, Gala [&hellip;]<\/p>\n","protected":false},"author":82,"featured_media":92968,"comment_status":"open","ping_status":"closed","sticky":false,"template":"","format":"standard","meta":{"footnotes":""},"categories":[2,10],"tags":[2103,29,16140,320,1900],"class_list":["post-92969","post","type-post","status-publish","format-standard","has-post-thumbnail","hentry","category-politique","category-toutes-les-actualites","tag-arrestation","tag-cote-divoire","tag-gala-kolebi","tag-gbagbo","tag-ppa"],"yoast_head":"<!-- This site is optimized with the Yoast SEO Premium plugin v26.1 (Yoast SEO v27.0) - https:\/\/yoast.com\/product\/yoast-seo-premium-wordpress\/ -->\n<title>Gala Kol\u00e9bi, cyberactiviste et membre du PPA-CI, d\u00e9f\u00e9r\u00e9 \u00e0 la prison d&#039;Abidjan pour atteinte \u00e0 l&#039;autorit\u00e9 de l&#039;\u00c9tat - C\u00f4te d&#039;Ivoire<\/title>\n<meta name=\"description\" content=\"Gala Kole\u0301bi, cyberactiviste connu pour sa proximite\u0301 avec l&#039;ancien pre\u0301sident Laurent Gbagbo, a e\u0301te\u0301 place\u0301 sous manda ...\" \/>\n<meta name=\"robots\" content=\"index, follow, max-snippet:-1, max-image-preview:large, max-video-preview:-1\" \/>\n<link rel=\"canonical\" href=\"https:\/\/www.africa-press.net\/cotedivoire\/politique\/gala-kolebi-cyberactiviste-et-membre-du-ppa-ci-defere-a-la-prison-dabidjan-pour-atteinte-a-lautorite-de-letat\" \/>\n<meta property=\"og:locale\" content=\"fr_FR\" \/>\n<meta property=\"og:type\" content=\"article\" \/>\n<meta property=\"og:title\" content=\"Gala Kol\u00e9bi, cyberactiviste et membre du PPA-CI, d\u00e9f\u00e9r\u00e9 \u00e0 la prison d&#039;Abidjan pour atteinte \u00e0 l&#039;autorit\u00e9 de l&#039;\u00c9tat\" \/>\n<meta property=\"og:description\" content=\"Gala Kole\u0301bi, cyberactiviste connu pour sa proximite\u0301 avec l&#039;ancien pre\u0301sident Laurent Gbagbo, a e\u0301te\u0301 place\u0301 sous manda ...\" \/>\n<meta property=\"og:url\" content=\"https:\/\/www.africa-press.net\/cotedivoire\/politique\/gala-kolebi-cyberactiviste-et-membre-du-ppa-ci-defere-a-la-prison-dabidjan-pour-atteinte-a-lautorite-de-letat\" \/>\n<meta property=\"og:site_name\" content=\"C\u00f4te d&#039;Ivoire\" \/>\n<meta property=\"article:published_time\" content=\"2024-12-26T16:23:30+00:00\" \/>\n<meta property=\"article:modified_time\" content=\"2024-12-26T16:50:57+00:00\" \/>\n<meta property=\"og:image\" content=\"https:\/\/static.africa-press.net\/cote\/sites\/43\/2024\/12\/sm_1735219195.2102.jpg\" \/>\n\t<meta property=\"og:image:width\" content=\"1280\" \/>\n\t<meta property=\"og:image:height\" content=\"720\" \/>\n\t<meta property=\"og:image:type\" content=\"image\/jpeg\" \/>\n<meta name=\"author\" content=\"cfeditorfr\" \/>\n<meta name=\"twitter:card\" content=\"summary_large_image\" \/>\n<meta name=\"twitter:label1\" content=\"\u00c9crit par\" \/>\n\t<meta name=\"twitter:data1\" content=\"cfeditorfr\" \/>\n\t<meta name=\"twitter:label2\" content=\"Dur\u00e9e de lecture estim\u00e9e\" \/>\n\t<meta name=\"twitter:data2\" content=\"1 minute\" \/>\n<script type=\"application\/ld+json\" class=\"yoast-schema-graph\">{\"@context\":\"https:\/\/schema.org\",\"@graph\":[{\"@type\":\"Article\",\"@id\":\"https:\/\/www.africa-press.net\/cotedivoire\/politique\/gala-kolebi-cyberactiviste-et-membre-du-ppa-ci-defere-a-la-prison-dabidjan-pour-atteinte-a-lautorite-de-letat#article\",\"isPartOf\":{\"@id\":\"https:\/\/www.africa-press.net\/cotedivoire\/politique\/gala-kolebi-cyberactiviste-et-membre-du-ppa-ci-defere-a-la-prison-dabidjan-pour-atteinte-a-lautorite-de-letat\"},\"author\":{\"name\":\"cfeditorfr\",\"@id\":\"https:\/\/www.africa-press.net\/cotedivoire\/#\/schema\/person\/2b1cf3cd81a31e3cd26889ca66d677f1\"},\"headline\":\"Gala Kol\u00e9bi, cyberactiviste et membre du PPA-CI, d\u00e9f\u00e9r\u00e9 \u00e0 la prison d&rsquo;Abidjan pour atteinte \u00e0 l&rsquo;autorit\u00e9 de l&rsquo;\u00c9tat\",\"datePublished\":\"2024-12-26T16:23:30+00:00\",\"dateModified\":\"2024-12-26T16:50:57+00:00\",\"mainEntityOfPage\":{\"@id\":\"https:\/\/www.africa-press.net\/cotedivoire\/politique\/gala-kolebi-cyberactiviste-et-membre-du-ppa-ci-defere-a-la-prison-dabidjan-pour-atteinte-a-lautorite-de-letat\"},\"wordCount\":305,\"commentCount\":0,\"image\":{\"@id\":\"https:\/\/www.africa-press.net\/cotedivoire\/politique\/gala-kolebi-cyberactiviste-et-membre-du-ppa-ci-defere-a-la-prison-dabidjan-pour-atteinte-a-lautorite-de-letat#primaryimage\"},\"thumbnailUrl\":\"https:\/\/static.africa-press.net\/cote\/sites\/43\/2024\/12\/sm_1735219195.2102.jpg\",\"keywords\":[\"arrestation\",\"C\u00d4TE D'IVOIRE\",\"Gala Kolebi\",\"Gbagbo\",\"PPA\"],\"articleSection\":[\"Politique\",\"Toutes les actualit\u00e9s\"],\"inLanguage\":\"fr-FR\",\"potentialAction\":[{\"@type\":\"CommentAction\",\"name\":\"Comment\",\"target\":[\"https:\/\/www.africa-press.net\/cotedivoire\/politique\/gala-kolebi-cyberactiviste-et-membre-du-ppa-ci-defere-a-la-prison-dabidjan-pour-atteinte-a-lautorite-de-letat#respond\"]}]},{\"@type\":\"WebPage\",\"@id\":\"https:\/\/www.africa-press.net\/cotedivoire\/politique\/gala-kolebi-cyberactiviste-et-membre-du-ppa-ci-defere-a-la-prison-dabidjan-pour-atteinte-a-lautorite-de-letat\",\"url\":\"https:\/\/www.africa-press.net\/cotedivoire\/politique\/gala-kolebi-cyberactiviste-et-membre-du-ppa-ci-defere-a-la-prison-dabidjan-pour-atteinte-a-lautorite-de-letat\",\"name\":\"Gala Kol\u00e9bi, cyberactiviste et membre du PPA-CI, d\u00e9f\u00e9r\u00e9 \u00e0 la prison d'Abidjan pour atteinte \u00e0 l'autorit\u00e9 de l'\u00c9tat - C\u00f4te d&#039;Ivoire\",\"isPartOf\":{\"@id\":\"https:\/\/www.africa-press.net\/cotedivoire\/#website\"},\"primaryImageOfPage\":{\"@id\":\"https:\/\/www.africa-press.net\/cotedivoire\/politique\/gala-kolebi-cyberactiviste-et-membre-du-ppa-ci-defere-a-la-prison-dabidjan-pour-atteinte-a-lautorite-de-letat#primaryimage\"},\"image\":{\"@id\":\"https:\/\/www.africa-press.net\/cotedivoire\/politique\/gala-kolebi-cyberactiviste-et-membre-du-ppa-ci-defere-a-la-prison-dabidjan-pour-atteinte-a-lautorite-de-letat#primaryimage\"},\"thumbnailUrl\":\"https:\/\/static.africa-press.net\/cote\/sites\/43\/2024\/12\/sm_1735219195.2102.jpg\",\"datePublished\":\"2024-12-26T16:23:30+00:00\",\"dateModified\":\"2024-12-26T16:50:57+00:00\",\"author\":{\"@id\":\"https:\/\/www.africa-press.net\/cotedivoire\/#\/schema\/person\/2b1cf3cd81a31e3cd26889ca66d677f1\"},\"description\":\"Gala Kole\u0301bi, cyberactiviste connu pour sa proximite\u0301 avec l'ancien pre\u0301sident Laurent Gbagbo, a e\u0301te\u0301 place\u0301 sous manda ...\",\"breadcrumb\":{\"@id\":\"https:\/\/www.africa-press.net\/cotedivoire\/politique\/gala-kolebi-cyberactiviste-et-membre-du-ppa-ci-defere-a-la-prison-dabidjan-pour-atteinte-a-lautorite-de-letat#breadcrumb\"},\"inLanguage\":\"fr-FR\",\"potentialAction\":[{\"@type\":\"ReadAction\",\"target\":[\"https:\/\/www.africa-press.net\/cotedivoire\/politique\/gala-kolebi-cyberactiviste-et-membre-du-ppa-ci-defere-a-la-prison-dabidjan-pour-atteinte-a-lautorite-de-letat\"]}]},{\"@type\":\"ImageObject\",\"inLanguage\":\"fr-FR\",\"@id\":\"https:\/\/www.africa-press.net\/cotedivoire\/politique\/gala-kolebi-cyberactiviste-et-membre-du-ppa-ci-defere-a-la-prison-dabidjan-pour-atteinte-a-lautorite-de-letat#primaryimage\",\"url\":\"https:\/\/static.africa-press.net\/cote\/sites\/43\/2024\/12\/sm_1735219195.2102.jpg\",\"contentUrl\":\"https:\/\/static.africa-press.net\/cote\/sites\/43\/2024\/12\/sm_1735219195.2102.jpg\",\"width\":1280,\"height\":720,\"caption\":\"Gala Kol\u00e9bi, cyberactiviste et membre du PPA-CI, d\u00e9f\u00e9r\u00e9 \u00e0 la prison d'Abidjan pour atteinte \u00e0 l'autorit\u00e9 de l'\u00c9tat\"},{\"@type\":\"BreadcrumbList\",\"@id\":\"https:\/\/www.africa-press.net\/cotedivoire\/politique\/gala-kolebi-cyberactiviste-et-membre-du-ppa-ci-defere-a-la-prison-dabidjan-pour-atteinte-a-lautorite-de-letat#breadcrumb\",\"itemListElement\":[{\"@type\":\"ListItem\",\"position\":1,\"name\":\"Accueil\",\"item\":\"https:\/\/www.africa-press.net\/cotedivoire\/\"},{\"@type\":\"ListItem\",\"position\":2,\"name\":\"Gala Kol\u00e9bi, cyberactiviste et membre du PPA-CI, d\u00e9f\u00e9r\u00e9 \u00e0 la prison d&#8217;Abidjan pour atteinte \u00e0 l&#8217;autorit\u00e9 de l&#8217;\u00c9tat\"}]},{\"@type\":\"WebSite\",\"@id\":\"https:\/\/www.africa-press.net\/cotedivoire\/#website\",\"url\":\"https:\/\/www.africa-press.net\/cotedivoire\/\",\"name\":\"C\u00f4te d&#039;Ivoire\",\"description\":\"Just another Africa News Agency Sites site\",\"potentialAction\":[{\"@type\":\"SearchAction\",\"target\":{\"@type\":\"EntryPoint\",\"urlTemplate\":\"https:\/\/www.africa-press.net\/cotedivoire\/?s={search_term_string}\"},\"query-input\":{\"@type\":\"PropertyValueSpecification\",\"valueRequired\":true,\"valueName\":\"search_term_string\"}}],\"inLanguage\":\"fr-FR\"},{\"@type\":\"Person\",\"@id\":\"https:\/\/www.africa-press.net\/cotedivoire\/#\/schema\/person\/2b1cf3cd81a31e3cd26889ca66d677f1\",\"name\":\"cfeditorfr\"}]}<\/script>\n<!-- \/ Yoast SEO Premium plugin. -->","yoast_head_json":{"title":"Gala Kol\u00e9bi, cyberactiviste et membre du PPA-CI, d\u00e9f\u00e9r\u00e9 \u00e0 la prison d'Abidjan pour atteinte \u00e0 l'autorit\u00e9 de l'\u00c9tat - C\u00f4te d&#039;Ivoire","description":"Gala Kole\u0301bi, cyberactiviste connu pour sa proximite\u0301 avec l'ancien pre\u0301sident Laurent Gbagbo, a e\u0301te\u0301 place\u0301 sous manda ...","robots":{"index":"index","follow":"follow","max-snippet":"max-snippet:-1","max-image-preview":"max-image-preview:large","max-video-preview":"max-video-preview:-1"},"canonical":"https:\/\/www.africa-press.net\/cotedivoire\/politique\/gala-kolebi-cyberactiviste-et-membre-du-ppa-ci-defere-a-la-prison-dabidjan-pour-atteinte-a-lautorite-de-letat","og_locale":"fr_FR","og_type":"article","og_title":"Gala Kol\u00e9bi, cyberactiviste et membre du PPA-CI, d\u00e9f\u00e9r\u00e9 \u00e0 la prison d'Abidjan pour atteinte \u00e0 l'autorit\u00e9 de l'\u00c9tat","og_description":"Gala Kole\u0301bi, cyberactiviste connu pour sa proximite\u0301 avec l'ancien pre\u0301sident Laurent Gbagbo, a e\u0301te\u0301 place\u0301 sous manda ...","og_url":"https:\/\/www.africa-press.net\/cotedivoire\/politique\/gala-kolebi-cyberactiviste-et-membre-du-ppa-ci-defere-a-la-prison-dabidjan-pour-atteinte-a-lautorite-de-letat","og_site_name":"C\u00f4te d&#039;Ivoire","article_published_time":"2024-12-26T16:23:30+00:00","article_modified_time":"2024-12-26T16:50:57+00:00","og_image":[{"width":1280,"height":720,"url":"https:\/\/static.africa-press.net\/cote\/sites\/43\/2024\/12\/sm_1735219195.2102.jpg","type":"image\/jpeg"}],"author":"cfeditorfr","twitter_card":"summary_large_image","twitter_misc":{"\u00c9crit par":"cfeditorfr","Dur\u00e9e de lecture estim\u00e9e":"1 minute"},"schema":{"@context":"https:\/\/schema.org","@graph":[{"@type":"Article","@id":"https:\/\/www.africa-press.net\/cotedivoire\/politique\/gala-kolebi-cyberactiviste-et-membre-du-ppa-ci-defere-a-la-prison-dabidjan-pour-atteinte-a-lautorite-de-letat#article","isPartOf":{"@id":"https:\/\/www.africa-press.net\/cotedivoire\/politique\/gala-kolebi-cyberactiviste-et-membre-du-ppa-ci-defere-a-la-prison-dabidjan-pour-atteinte-a-lautorite-de-letat"},"author":{"name":"cfeditorfr","@id":"https:\/\/www.africa-press.net\/cotedivoire\/#\/schema\/person\/2b1cf3cd81a31e3cd26889ca66d677f1"},"headline":"Gala Kol\u00e9bi, cyberactiviste et membre du PPA-CI, d\u00e9f\u00e9r\u00e9 \u00e0 la prison d&rsquo;Abidjan pour atteinte \u00e0 l&rsquo;autorit\u00e9 de l&rsquo;\u00c9tat","datePublished":"2024-12-26T16:23:30+00:00","dateModified":"2024-12-26T16:50:57+00:00","mainEntityOfPage":{"@id":"https:\/\/www.africa-press.net\/cotedivoire\/politique\/gala-kolebi-cyberactiviste-et-membre-du-ppa-ci-defere-a-la-prison-dabidjan-pour-atteinte-a-lautorite-de-letat"},"wordCount":305,"commentCount":0,"image":{"@id":"https:\/\/www.africa-press.net\/cotedivoire\/politique\/gala-kolebi-cyberactiviste-et-membre-du-ppa-ci-defere-a-la-prison-dabidjan-pour-atteinte-a-lautorite-de-letat#primaryimage"},"thumbnailUrl":"https:\/\/static.africa-press.net\/cote\/sites\/43\/2024\/12\/sm_1735219195.2102.jpg","keywords":["arrestation","C\u00d4TE D'IVOIRE","Gala Kolebi","Gbagbo","PPA"],"articleSection":["Politique","Toutes les actualit\u00e9s"],"inLanguage":"fr-FR","potentialAction":[{"@type":"CommentAction","name":"Comment","target":["https:\/\/www.africa-press.net\/cotedivoire\/politique\/gala-kolebi-cyberactiviste-et-membre-du-ppa-ci-defere-a-la-prison-dabidjan-pour-atteinte-a-lautorite-de-letat#respond"]}]},{"@type":"WebPage","@id":"https:\/\/www.africa-press.net\/cotedivoire\/politique\/gala-kolebi-cyberactiviste-et-membre-du-ppa-ci-defere-a-la-prison-dabidjan-pour-atteinte-a-lautorite-de-letat","url":"https:\/\/www.africa-press.net\/cotedivoire\/politique\/gala-kolebi-cyberactiviste-et-membre-du-ppa-ci-defere-a-la-prison-dabidjan-pour-atteinte-a-lautorite-de-letat","name":"Gala Kol\u00e9bi, cyberactiviste et membre du PPA-CI, d\u00e9f\u00e9r\u00e9 \u00e0 la prison d'Abidjan pour atteinte \u00e0 l'autorit\u00e9 de l'\u00c9tat - C\u00f4te d&#039;Ivoire","isPartOf":{"@id":"https:\/\/www.africa-press.net\/cotedivoire\/#website"},"primaryImageOfPage":{"@id":"https:\/\/www.africa-press.net\/cotedivoire\/politique\/gala-kolebi-cyberactiviste-et-membre-du-ppa-ci-defere-a-la-prison-dabidjan-pour-atteinte-a-lautorite-de-letat#primaryimage"},"image":{"@id":"https:\/\/www.africa-press.net\/cotedivoire\/politique\/gala-kolebi-cyberactiviste-et-membre-du-ppa-ci-defere-a-la-prison-dabidjan-pour-atteinte-a-lautorite-de-letat#primaryimage"},"thumbnailUrl":"https:\/\/static.africa-press.net\/cote\/sites\/43\/2024\/12\/sm_1735219195.2102.jpg","datePublished":"2024-12-26T16:23:30+00:00","dateModified":"2024-12-26T16:50:57+00:00","author":{"@id":"https:\/\/www.africa-press.net\/cotedivoire\/#\/schema\/person\/2b1cf3cd81a31e3cd26889ca66d677f1"},"description":"Gala Kole\u0301bi, cyberactiviste connu pour sa proximite\u0301 avec l'ancien pre\u0301sident Laurent Gbagbo, a e\u0301te\u0301 place\u0301 sous manda ...","breadcrumb":{"@id":"https:\/\/www.africa-press.net\/cotedivoire\/politique\/gala-kolebi-cyberactiviste-et-membre-du-ppa-ci-defere-a-la-prison-dabidjan-pour-atteinte-a-lautorite-de-letat#breadcrumb"},"inLanguage":"fr-FR","potentialAction":[{"@type":"ReadAction","target":["https:\/\/www.africa-press.net\/cotedivoire\/politique\/gala-kolebi-cyberactiviste-et-membre-du-ppa-ci-defere-a-la-prison-dabidjan-pour-atteinte-a-lautorite-de-letat"]}]},{"@type":"ImageObject","inLanguage":"fr-FR","@id":"https:\/\/www.africa-press.net\/cotedivoire\/politique\/gala-kolebi-cyberactiviste-et-membre-du-ppa-ci-defere-a-la-prison-dabidjan-pour-atteinte-a-lautorite-de-letat#primaryimage","url":"https:\/\/static.africa-press.net\/cote\/sites\/43\/2024\/12\/sm_1735219195.2102.jpg","contentUrl":"https:\/\/static.africa-press.net\/cote\/sites\/43\/2024\/12\/sm_1735219195.2102.jpg","width":1280,"height":720,"caption":"Gala Kol\u00e9bi, cyberactiviste et membre du PPA-CI, d\u00e9f\u00e9r\u00e9 \u00e0 la prison d'Abidjan pour atteinte \u00e0 l'autorit\u00e9 de l'\u00c9tat"},{"@type":"BreadcrumbList","@id":"https:\/\/www.africa-press.net\/cotedivoire\/politique\/gala-kolebi-cyberactiviste-et-membre-du-ppa-ci-defere-a-la-prison-dabidjan-pour-atteinte-a-lautorite-de-letat#breadcrumb","itemListElement":[{"@type":"ListItem","position":1,"name":"Accueil","item":"https:\/\/www.africa-press.net\/cotedivoire\/"},{"@type":"ListItem","position":2,"name":"Gala Kol\u00e9bi, cyberactiviste et membre du PPA-CI, d\u00e9f\u00e9r\u00e9 \u00e0 la prison d&#8217;Abidjan pour atteinte \u00e0 l&#8217;autorit\u00e9 de l&#8217;\u00c9tat"}]},{"@type":"WebSite","@id":"https:\/\/www.africa-press.net\/cotedivoire\/#website","url":"https:\/\/www.africa-press.net\/cotedivoire\/","name":"C\u00f4te d&#039;Ivoire","description":"Just another Africa News Agency Sites site","potentialAction":[{"@type":"SearchAction","target":{"@type":"EntryPoint","urlTemplate":"https:\/\/www.africa-press.net\/cotedivoire\/?s={search_term_string}"},"query-input":{"@type":"PropertyValueSpecification","valueRequired":true,"valueName":"search_term_string"}}],"inLanguage":"fr-FR"},{"@type":"Person","@id":"https:\/\/www.africa-press.net\/cotedivoire\/#\/schema\/person\/2b1cf3cd81a31e3cd26889ca66d677f1","name":"cfeditorfr"}]}},"_links":{"self":[{"href":"https:\/\/www.africa-press.net\/cotedivoire\/wp-json\/wp\/v2\/posts\/92969","targetHints":{"allow":["GET"]}}],"collection":[{"href":"https:\/\/www.africa-press.net\/cotedivoire\/wp-json\/wp\/v2\/posts"}],"about":[{"href":"https:\/\/www.africa-press.net\/cotedivoire\/wp-json\/wp\/v2\/types\/post"}],"author":[{"embeddable":true,"href":"https:\/\/www.africa-press.net\/cotedivoire\/wp-json\/wp\/v2\/users\/82"}],"replies":[{"embeddable":true,"href":"https:\/\/www.africa-press.net\/cotedivoire\/wp-json\/wp\/v2\/comments?post=92969"}],"version-history":[{"count":0,"href":"https:\/\/www.africa-press.net\/cotedivoire\/wp-json\/wp\/v2\/posts\/92969\/revisions"}],"wp:featuredmedia":[{"embeddable":true,"href":"https:\/\/www.africa-press.net\/cotedivoire\/wp-json\/wp\/v2\/media\/92968"}],"wp:attachment":[{"href":"https:\/\/www.africa-press.net\/cotedivoire\/wp-json\/wp\/v2\/media?parent=92969"}],"wp:term":[{"taxonomy":"category","embeddable":true,"href":"https:\/\/www.africa-press.net\/cotedivoire\/wp-json\/wp\/v2\/categories?post=92969"},{"taxonomy":"post_tag","embeddable":true,"href":"https:\/\/www.africa-press.net\/cotedivoire\/wp-json\/wp\/v2\/tags?post=92969"}],"curies":[{"name":"wp","href":"https:\/\/api.w.org\/{rel}","templated":true}]}}